{"id":11684,"date":"2023-10-18T15:11:50","date_gmt":"2023-10-18T13:11:50","guid":{"rendered":"https:\/\/www.diocesitn.it\/area-cultura\/?p=11684"},"modified":"2023-11-28T13:44:12","modified_gmt":"2023-11-28T12:44:12","slug":"cineforum-davvento-2","status":"publish","type":"post","link":"https:\/\/www.diocesitn.it\/area-cultura\/2023\/10\/18\/cineforum-davvento-2\/","title":{"rendered":"Cineforum d\u2019Avvento"},"content":{"rendered":"<p><span style=\"color: #000000\">Torna anche quest\u2019anno la rassegna di cineforum organizzata dalla Biblioteca Diocesana Vigilianum, per stimolare la riflessione in preparazione al Natale.<\/span><\/p>\n<p><span style=\"color: #000000\"><span style=\"color: #993366\"><strong>Il buco nel cielo<\/strong><\/span> \u00e8 il titolo della rassegna, pensata per questo tempo che non \u00e8 pi\u00f9 chiamato all\u2019attesa ma al cambiamento.<\/span><\/p>\n<p><span style=\"font-size: inherit;color: #000000\">Un invito a trovare nel vuoto che ci accomuna la spinta e la scintilla necessarie.<\/span><\/p>\n<p><span style=\"color: #000000\">Tre i film proposti:<\/span><\/p>\n<ul style=\"list-style-type: disc\">\n<li><span style=\"color: #000000\"><strong>Gioved\u00ec 9 novembre<\/strong>, ore 20.30<\/span>\u00a0<span style=\"color: #800080\"><strong>Nezouh\u00a0<\/strong> <\/span><span style=\"color: #000000\">(2022) di Soudade Kaadan<\/span><\/li>\n<\/ul>\n<ul style=\"list-style-type: disc\">\n<li><span style=\"color: #000000\"><strong>Gioved\u00ec 16 novembre<\/strong>, ore 20.30<\/span> <span style=\"color: #800080\"><strong>Orlando<\/strong> <\/span><span style=\"color: #000000\">(2022) di Daniele Vicari<\/span><\/li>\n<\/ul>\n<ul style=\"list-style-type: disc\">\n<li><span style=\"color: #000000\"><strong>Gioved\u00ec 23 novembre<\/strong>, ore 20.30<\/span> <span style=\"color: #800080\"><strong>Soul<\/strong> <\/span><span style=\"color: #000000\">(2020) di Pete Docter, Kemp Powers<\/span><\/li>\n<\/ul>\n<p>&nbsp;<\/p>\n<p><span style=\"color: #000000\">Ingresso gratuito fino ad esaurimento posti.<\/span><\/p>\n<p>&nbsp;<\/p>\n<p><span style=\"color: #000000\"><strong>Dove\u00a0<\/strong><\/span><\/p>\n<p><span style=\"color: #000000\">Aula Magna Vigilianum, Via Monsignor Endrici, 14 , Trento<\/span><\/p>\n<p>&nbsp;<\/p>\n<p><span style=\"color: #000000\"><strong>Informazioni<\/strong><\/span><\/p>\n<p><span style=\"color: #000000\">Biblioteca Diocesana Vigilianum<\/span><\/p>\n<p><span style=\"color: #000000\">Tel. 0461 360 224<\/span><\/p>\n<p><span style=\"color: #000000\">Mail: biblioteca.cultura@diocesitn.it<\/span><\/p>\n<p>&nbsp;<\/p>\n<p>Clicca <a href=\"https:\/\/www.diocesitn.it\/area-cultura\/wp-content\/uploads\/sites\/38\/2023\/10\/locandina-Cineforum-nov.-2023.jpg\">QUI<\/a> <span style=\"color: #000000\">per ingrandire la <span style=\"color: #993366\">Locandina del Cineforum\u00a0<\/span><\/span><\/p>\n<p>&nbsp;<\/p>\n<p><img loading=\"lazy\" decoding=\"async\" class=\"alignnone size-medium wp-image-11711\" src=\"https:\/\/www.diocesitn.it\/area-cultura\/wp-content\/uploads\/sites\/38\/2023\/10\/locandina-Cineforum-nov.-2023-212x300.jpg\" alt=\"\" width=\"212\" height=\"300\" srcset=\"https:\/\/www.diocesitn.it\/area-cultura\/wp-content\/uploads\/sites\/38\/2023\/10\/locandina-Cineforum-nov.-2023-212x300.jpg 212w, https:\/\/www.diocesitn.it\/area-cultura\/wp-content\/uploads\/sites\/38\/2023\/10\/locandina-Cineforum-nov.-2023-724x1024.jpg 724w, https:\/\/www.diocesitn.it\/area-cultura\/wp-content\/uploads\/sites\/38\/2023\/10\/locandina-Cineforum-nov.-2023-768x1086.jpg 768w, https:\/\/www.diocesitn.it\/area-cultura\/wp-content\/uploads\/sites\/38\/2023\/10\/locandina-Cineforum-nov.-2023-198x280.jpg 198w, https:\/\/www.diocesitn.it\/area-cultura\/wp-content\/uploads\/sites\/38\/2023\/10\/locandina-Cineforum-nov.-2023-543x768.jpg 543w, https:\/\/www.diocesitn.it\/area-cultura\/wp-content\/uploads\/sites\/38\/2023\/10\/locandina-Cineforum-nov.-2023-1086x1536.jpg 1086w, https:\/\/www.diocesitn.it\/area-cultura\/wp-content\/uploads\/sites\/38\/2023\/10\/locandina-Cineforum-nov.-2023-800x1132.jpg 800w, https:\/\/www.diocesitn.it\/area-cultura\/wp-content\/uploads\/sites\/38\/2023\/10\/locandina-Cineforum-nov.-2023-1200x1697.jpg 1200w, https:\/\/www.diocesitn.it\/area-cultura\/wp-content\/uploads\/sites\/38\/2023\/10\/locandina-Cineforum-nov.-2023-1320x1867.jpg 1320w, https:\/\/www.diocesitn.it\/area-cultura\/wp-content\/uploads\/sites\/38\/2023\/10\/locandina-Cineforum-nov.-2023.jpg 1414w\" sizes=\"auto, (max-width: 212px) 100vw, 212px\" \/><\/p>\n","protected":false},"excerpt":{"rendered":"<p>Torna anche quest\u2019anno la rassegna di cineforum organizzata dalla Biblioteca Diocesana Vigilianum, per stimolare la riflessione in preparazione al Natale. Il buco nel cielo \u00e8 il titolo della rassegna, pensata per questo tempo che non<\/p>\n","protected":false},"author":165,"featured_media":11690,"comment_status":"closed","ping_status":"closed","sticky":false,"template":"","format":"standard","meta":{"footnotes":""},"categories":[331,329],"tags":[417,422],"class_list":["post-11684","post","type-post","status-publish","format-standard","has-post-thumbnail","hentry","category-servizio-biblioteca","category-notizie","tag-biblioteca-vigilianum","tag-cineforum"],"acf":{"seed-localization-paese-cod":"IT","seed-localization-address":"","seed-localization-citta":"Trento","seed-localization-regione-cod-istat":"04","seed-localization-citta-cod-istat":"022205","seed-localization-localita":"","seed-localization-cap":"","seed-localization-marker-visibility":false,"seed-localization-children-visibility":false,"seed-localization-kml":"","seed-localization-custom-marker":""},"yoast_head":"<!-- This site is optimized with the Yoast SEO Premium plugin v20.2.1 (Yoast SEO v22.2) - https:\/\/yoast.com\/wordpress\/plugins\/seo\/ -->\n<title>Cineforum d\u2019Avvento - Cultura<\/title>\n<meta name=\"robots\" content=\"index, follow, max-snippet:-1, max-image-preview:large, max-video-preview:-1\" \/>\n<link rel=\"canonical\" href=\"https:\/\/www.diocesitn.it\/area-cultura\/2023\/10\/18\/cineforum-davvento-2\/\" \/>\n<meta property=\"og:locale\" content=\"it_IT\" \/>\n<meta property=\"og:type\" content=\"article\" \/>\n<meta property=\"og:title\" content=\"Cineforum d\u2019Avvento\" \/>\n<meta property=\"og:description\" content=\"Torna anche quest\u2019anno la rassegna di cineforum organizzata dalla Biblioteca Diocesana Vigilianum, per stimolare la riflessione in preparazione al Natale. Il buco nel cielo \u00e8 il titolo della rassegna, pensata per questo tempo che non\" \/>\n<meta property=\"og:url\" content=\"https:\/\/www.diocesitn.it\/area-cultura\/2023\/10\/18\/cineforum-davvento-2\/\" \/>\n<meta property=\"og:site_name\" content=\"Cultura\" \/>\n<meta property=\"article:published_time\" content=\"2023-10-18T13:11:50+00:00\" \/>\n<meta property=\"article:modified_time\" content=\"2023-11-28T12:44:12+00:00\" \/>\n<meta property=\"og:image\" content=\"https:\/\/www.diocesitn.it\/area-cultura\/wp-content\/uploads\/sites\/38\/2021\/09\/og-logo-cultura.jpg\" \/>\n\t<meta property=\"og:image:width\" content=\"1200\" \/>\n\t<meta property=\"og:image:height\" content=\"630\" \/>\n\t<meta property=\"og:image:type\" content=\"image\/jpeg\" \/>\n<meta name=\"author\" content=\"ledine\" \/>\n<meta name=\"twitter:card\" content=\"summary_large_image\" \/>\n<meta name=\"twitter:label1\" content=\"Scritto da\" \/>\n\t<meta name=\"twitter:data1\" content=\"ledine\" \/>\n\t<meta name=\"twitter:label2\" content=\"Tempo di lettura stimato\" \/>\n\t<meta name=\"twitter:data2\" content=\"1 minuto\" \/>\n<script type=\"application\/ld+json\" class=\"yoast-schema-graph\">{\"@context\":\"https:\/\/schema.org\",\"@graph\":[{\"@type\":\"Article\",\"@id\":\"https:\/\/www.diocesitn.it\/area-cultura\/2023\/10\/18\/cineforum-davvento-2\/#article\",\"isPartOf\":{\"@id\":\"https:\/\/www.diocesitn.it\/area-cultura\/2023\/10\/18\/cineforum-davvento-2\/\"},\"author\":{\"name\":\"ledine\",\"@id\":\"https:\/\/www.diocesitn.it\/area-cultura\/#\/schema\/person\/93b7401db62b6f32d20347e997095e6c\"},\"headline\":\"Cineforum d\u2019Avvento\",\"datePublished\":\"2023-10-18T13:11:50+00:00\",\"dateModified\":\"2023-11-28T12:44:12+00:00\",\"mainEntityOfPage\":{\"@id\":\"https:\/\/www.diocesitn.it\/area-cultura\/2023\/10\/18\/cineforum-davvento-2\/\"},\"wordCount\":124,\"publisher\":{\"@id\":\"https:\/\/www.diocesitn.it\/area-cultura\/#organization\"},\"image\":{\"@id\":\"https:\/\/www.diocesitn.it\/area-cultura\/2023\/10\/18\/cineforum-davvento-2\/#primaryimage\"},\"thumbnailUrl\":\"https:\/\/www.diocesitn.it\/area-cultura\/wp-content\/uploads\/sites\/38\/2023\/10\/banner-4-pdf.jpg\",\"keywords\":[\"biblioteca Vigilianum\",\"cineforum\"],\"articleSection\":[\"Biblioteca diocesana Vigilianum\",\"Notizie\"],\"inLanguage\":\"it-IT\",\"copyrightYear\":\"2023\",\"copyrightHolder\":{\"@id\":\"https:\/\/www.diocesitn.it\/#organization\"}},{\"@type\":\"WebPage\",\"@id\":\"https:\/\/www.diocesitn.it\/area-cultura\/2023\/10\/18\/cineforum-davvento-2\/\",\"url\":\"https:\/\/www.diocesitn.it\/area-cultura\/2023\/10\/18\/cineforum-davvento-2\/\",\"name\":\"Cineforum d\u2019Avvento - Cultura\",\"isPartOf\":{\"@id\":\"https:\/\/www.diocesitn.it\/area-cultura\/#website\"},\"primaryImageOfPage\":{\"@id\":\"https:\/\/www.diocesitn.it\/area-cultura\/2023\/10\/18\/cineforum-davvento-2\/#primaryimage\"},\"image\":{\"@id\":\"https:\/\/www.diocesitn.it\/area-cultura\/2023\/10\/18\/cineforum-davvento-2\/#primaryimage\"},\"thumbnailUrl\":\"https:\/\/www.diocesitn.it\/area-cultura\/wp-content\/uploads\/sites\/38\/2023\/10\/banner-4-pdf.jpg\",\"datePublished\":\"2023-10-18T13:11:50+00:00\",\"dateModified\":\"2023-11-28T12:44:12+00:00\",\"breadcrumb\":{\"@id\":\"https:\/\/www.diocesitn.it\/area-cultura\/2023\/10\/18\/cineforum-davvento-2\/#breadcrumb\"},\"inLanguage\":\"it-IT\",\"potentialAction\":[{\"@type\":\"ReadAction\",\"target\":[\"https:\/\/www.diocesitn.it\/area-cultura\/2023\/10\/18\/cineforum-davvento-2\/\"]}]},{\"@type\":\"ImageObject\",\"inLanguage\":\"it-IT\",\"@id\":\"https:\/\/www.diocesitn.it\/area-cultura\/2023\/10\/18\/cineforum-davvento-2\/#primaryimage\",\"url\":\"https:\/\/www.diocesitn.it\/area-cultura\/wp-content\/uploads\/sites\/38\/2023\/10\/banner-4-pdf.jpg\",\"contentUrl\":\"https:\/\/www.diocesitn.it\/area-cultura\/wp-content\/uploads\/sites\/38\/2023\/10\/banner-4-pdf.jpg\"},{\"@type\":\"BreadcrumbList\",\"@id\":\"https:\/\/www.diocesitn.it\/area-cultura\/2023\/10\/18\/cineforum-davvento-2\/#breadcrumb\",\"itemListElement\":[{\"@type\":\"ListItem\",\"position\":1,\"name\":\"Home\",\"item\":\"https:\/\/www.diocesitn.it\/area-cultura\/\"},{\"@type\":\"ListItem\",\"position\":2,\"name\":\"Cineforum d\u2019Avvento\"}]},{\"@type\":\"WebSite\",\"@id\":\"https:\/\/www.diocesitn.it\/area-cultura\/#website\",\"url\":\"https:\/\/www.diocesitn.it\/area-cultura\/\",\"name\":\"Cultura\",\"description\":\"Chiesa di Trento\",\"publisher\":{\"@id\":\"https:\/\/www.diocesitn.it\/area-cultura\/#organization\"},\"potentialAction\":[{\"@type\":\"SearchAction\",\"target\":{\"@type\":\"EntryPoint\",\"urlTemplate\":\"https:\/\/www.diocesitn.it\/area-cultura\/?s={search_term_string}\"},\"query-input\":\"required name=search_term_string\"}],\"inLanguage\":\"it-IT\"},{\"@type\":[\"Organization\",\"Place\"],\"@id\":\"https:\/\/www.diocesitn.it\/area-cultura\/#organization\",\"name\":\"Area Cultura - Chiesa di Trento\",\"url\":\"https:\/\/www.diocesitn.it\/area-cultura\/\",\"logo\":{\"@id\":\"https:\/\/www.diocesitn.it\/area-cultura\/2023\/10\/18\/cineforum-davvento-2\/#local-main-organization-logo\"},\"image\":{\"@id\":\"https:\/\/www.diocesitn.it\/area-cultura\/2023\/10\/18\/cineforum-davvento-2\/#local-main-organization-logo\"},\"sameAs\":[\"https:\/\/www.youtube.com\/channel\/UCfWD2n-N6WTCg2P_UA72H6Q\"],\"openingHoursSpecification\":[{\"@type\":\"OpeningHoursSpecification\",\"dayOfWeek\":[\"Monday\",\"Tuesday\",\"Wednesday\",\"Thursday\",\"Friday\",\"Saturday\",\"Sunday\"],\"opens\":\"09:00\",\"closes\":\"17:00\"}]},{\"@type\":\"ImageObject\",\"inLanguage\":\"it-IT\",\"@id\":\"https:\/\/www.diocesitn.it\/area-cultura\/2023\/10\/18\/cineforum-davvento-2\/#local-main-organization-logo\",\"url\":\"https:\/\/www.diocesitn.it\/area-cultura\/wp-content\/uploads\/sites\/38\/2021\/09\/og-logo-cultura.jpg\",\"contentUrl\":\"https:\/\/www.diocesitn.it\/area-cultura\/wp-content\/uploads\/sites\/38\/2021\/09\/og-logo-cultura.jpg\",\"width\":1200,\"height\":630,\"caption\":\"Area Cultura - Chiesa di Trento\"}]}<\/script>\n<!-- \/ Yoast SEO Premium plugin. -->","yoast_head_json":{"title":"Cineforum d\u2019Avvento - Cultura","robots":{"index":"index","follow":"follow","max-snippet":"max-snippet:-1","max-image-preview":"max-image-preview:large","max-video-preview":"max-video-preview:-1"},"canonical":"https:\/\/www.diocesitn.it\/area-cultura\/2023\/10\/18\/cineforum-davvento-2\/","og_locale":"it_IT","og_type":"article","og_title":"Cineforum d\u2019Avvento","og_description":"Torna anche quest\u2019anno la rassegna di cineforum organizzata dalla Biblioteca Diocesana Vigilianum, per stimolare la riflessione in preparazione al Natale. Il buco nel cielo \u00e8 il titolo della rassegna, pensata per questo tempo che non","og_url":"https:\/\/www.diocesitn.it\/area-cultura\/2023\/10\/18\/cineforum-davvento-2\/","og_site_name":"Cultura","article_published_time":"2023-10-18T13:11:50+00:00","article_modified_time":"2023-11-28T12:44:12+00:00","og_image":[{"width":1200,"height":630,"url":"https:\/\/www.diocesitn.it\/area-cultura\/wp-content\/uploads\/sites\/38\/2021\/09\/og-logo-cultura.jpg","type":"image\/jpeg"}],"author":"ledine","twitter_card":"summary_large_image","twitter_misc":{"Scritto da":"ledine","Tempo di lettura stimato":"1 minuto"},"schema":{"@context":"https:\/\/schema.org","@graph":[{"@type":"Article","@id":"https:\/\/www.diocesitn.it\/area-cultura\/2023\/10\/18\/cineforum-davvento-2\/#article","isPartOf":{"@id":"https:\/\/www.diocesitn.it\/area-cultura\/2023\/10\/18\/cineforum-davvento-2\/"},"author":{"name":"ledine","@id":"https:\/\/www.diocesitn.it\/area-cultura\/#\/schema\/person\/93b7401db62b6f32d20347e997095e6c"},"headline":"Cineforum d\u2019Avvento","datePublished":"2023-10-18T13:11:50+00:00","dateModified":"2023-11-28T12:44:12+00:00","mainEntityOfPage":{"@id":"https:\/\/www.diocesitn.it\/area-cultura\/2023\/10\/18\/cineforum-davvento-2\/"},"wordCount":124,"publisher":{"@id":"https:\/\/www.diocesitn.it\/area-cultura\/#organization"},"image":{"@id":"https:\/\/www.diocesitn.it\/area-cultura\/2023\/10\/18\/cineforum-davvento-2\/#primaryimage"},"thumbnailUrl":"https:\/\/www.diocesitn.it\/area-cultura\/wp-content\/uploads\/sites\/38\/2023\/10\/banner-4-pdf.jpg","keywords":["biblioteca Vigilianum","cineforum"],"articleSection":["Biblioteca diocesana Vigilianum","Notizie"],"inLanguage":"it-IT","copyrightYear":"2023","copyrightHolder":{"@id":"https:\/\/www.diocesitn.it\/#organization"}},{"@type":"WebPage","@id":"https:\/\/www.diocesitn.it\/area-cultura\/2023\/10\/18\/cineforum-davvento-2\/","url":"https:\/\/www.diocesitn.it\/area-cultura\/2023\/10\/18\/cineforum-davvento-2\/","name":"Cineforum d\u2019Avvento - Cultura","isPartOf":{"@id":"https:\/\/www.diocesitn.it\/area-cultura\/#website"},"primaryImageOfPage":{"@id":"https:\/\/www.diocesitn.it\/area-cultura\/2023\/10\/18\/cineforum-davvento-2\/#primaryimage"},"image":{"@id":"https:\/\/www.diocesitn.it\/area-cultura\/2023\/10\/18\/cineforum-davvento-2\/#primaryimage"},"thumbnailUrl":"https:\/\/www.diocesitn.it\/area-cultura\/wp-content\/uploads\/sites\/38\/2023\/10\/banner-4-pdf.jpg","datePublished":"2023-10-18T13:11:50+00:00","dateModified":"2023-11-28T12:44:12+00:00","breadcrumb":{"@id":"https:\/\/www.diocesitn.it\/area-cultura\/2023\/10\/18\/cineforum-davvento-2\/#breadcrumb"},"inLanguage":"it-IT","potentialAction":[{"@type":"ReadAction","target":["https:\/\/www.diocesitn.it\/area-cultura\/2023\/10\/18\/cineforum-davvento-2\/"]}]},{"@type":"ImageObject","inLanguage":"it-IT","@id":"https:\/\/www.diocesitn.it\/area-cultura\/2023\/10\/18\/cineforum-davvento-2\/#primaryimage","url":"https:\/\/www.diocesitn.it\/area-cultura\/wp-content\/uploads\/sites\/38\/2023\/10\/banner-4-pdf.jpg","contentUrl":"https:\/\/www.diocesitn.it\/area-cultura\/wp-content\/uploads\/sites\/38\/2023\/10\/banner-4-pdf.jpg"},{"@type":"BreadcrumbList","@id":"https:\/\/www.diocesitn.it\/area-cultura\/2023\/10\/18\/cineforum-davvento-2\/#breadcrumb","itemListElement":[{"@type":"ListItem","position":1,"name":"Home","item":"https:\/\/www.diocesitn.it\/area-cultura\/"},{"@type":"ListItem","position":2,"name":"Cineforum d\u2019Avvento"}]},{"@type":"WebSite","@id":"https:\/\/www.diocesitn.it\/area-cultura\/#website","url":"https:\/\/www.diocesitn.it\/area-cultura\/","name":"Cultura","description":"Chiesa di Trento","publisher":{"@id":"https:\/\/www.diocesitn.it\/area-cultura\/#organization"},"potentialAction":[{"@type":"SearchAction","target":{"@type":"EntryPoint","urlTemplate":"https:\/\/www.diocesitn.it\/area-cultura\/?s={search_term_string}"},"query-input":"required name=search_term_string"}],"inLanguage":"it-IT"},{"@type":["Organization","Place"],"@id":"https:\/\/www.diocesitn.it\/area-cultura\/#organization","name":"Area Cultura - Chiesa di Trento","url":"https:\/\/www.diocesitn.it\/area-cultura\/","logo":{"@id":"https:\/\/www.diocesitn.it\/area-cultura\/2023\/10\/18\/cineforum-davvento-2\/#local-main-organization-logo"},"image":{"@id":"https:\/\/www.diocesitn.it\/area-cultura\/2023\/10\/18\/cineforum-davvento-2\/#local-main-organization-logo"},"sameAs":["https:\/\/www.youtube.com\/channel\/UCfWD2n-N6WTCg2P_UA72H6Q"],"openingHoursSpecification":[{"@type":"OpeningHoursSpecification","dayOfWeek":["Monday","Tuesday","Wednesday","Thursday","Friday","Saturday","Sunday"],"opens":"09:00","closes":"17:00"}]},{"@type":"ImageObject","inLanguage":"it-IT","@id":"https:\/\/www.diocesitn.it\/area-cultura\/2023\/10\/18\/cineforum-davvento-2\/#local-main-organization-logo","url":"https:\/\/www.diocesitn.it\/area-cultura\/wp-content\/uploads\/sites\/38\/2021\/09\/og-logo-cultura.jpg","contentUrl":"https:\/\/www.diocesitn.it\/area-cultura\/wp-content\/uploads\/sites\/38\/2021\/09\/og-logo-cultura.jpg","width":1200,"height":630,"caption":"Area Cultura - Chiesa di Trento"}]}},"_links":{"self":[{"href":"https:\/\/www.diocesitn.it\/area-cultura\/wp-json\/wp\/v2\/posts\/11684","targetHints":{"allow":["GET"]}}],"collection":[{"href":"https:\/\/www.diocesitn.it\/area-cultura\/wp-json\/wp\/v2\/posts"}],"about":[{"href":"https:\/\/www.diocesitn.it\/area-cultura\/wp-json\/wp\/v2\/types\/post"}],"author":[{"embeddable":true,"href":"https:\/\/www.diocesitn.it\/area-cultura\/wp-json\/wp\/v2\/users\/165"}],"replies":[{"embeddable":true,"href":"https:\/\/www.diocesitn.it\/area-cultura\/wp-json\/wp\/v2\/comments?post=11684"}],"version-history":[{"count":3,"href":"https:\/\/www.diocesitn.it\/area-cultura\/wp-json\/wp\/v2\/posts\/11684\/revisions"}],"predecessor-version":[{"id":11713,"href":"https:\/\/www.diocesitn.it\/area-cultura\/wp-json\/wp\/v2\/posts\/11684\/revisions\/11713"}],"wp:featuredmedia":[{"embeddable":true,"href":"https:\/\/www.diocesitn.it\/area-cultura\/wp-json\/wp\/v2\/media\/11690"}],"wp:attachment":[{"href":"https:\/\/www.diocesitn.it\/area-cultura\/wp-json\/wp\/v2\/media?parent=11684"}],"wp:term":[{"taxonomy":"category","embeddable":true,"href":"https:\/\/www.diocesitn.it\/area-cultura\/wp-json\/wp\/v2\/categories?post=11684"},{"taxonomy":"post_tag","embeddable":true,"href":"https:\/\/www.diocesitn.it\/area-cultura\/wp-json\/wp\/v2\/tags?post=11684"}],"curies":[{"name":"wp","href":"https:\/\/api.w.org\/{rel}","templated":true}]}}