{"id":10361,"date":"2023-02-15T16:33:25","date_gmt":"2023-02-15T15:33:25","guid":{"rendered":"https:\/\/www.diocesitn.it\/area-cultura\/2023\/02\/15\/a-trento-il-grido-di-andrea-riccardi-contro-la-guerra-dobbiamo-essere-artigiani-di-una-pace-che-si-alimenta-di-conoscenza-preghiera-per-la-pace-decisiva\/"},"modified":"2023-02-15T16:33:25","modified_gmt":"2023-02-15T15:33:25","slug":"a-trento-il-grido-di-andrea-riccardi-contro-la-guerra-dobbiamo-essere-artigiani-di-una-pace-che-si-alimenta-di-conoscenza-preghiera-per-la-pace-decisiva","status":"publish","type":"post","link":"https:\/\/www.diocesitn.it\/area-cultura\/2023\/02\/15\/a-trento-il-grido-di-andrea-riccardi-contro-la-guerra-dobbiamo-essere-artigiani-di-una-pace-che-si-alimenta-di-conoscenza-preghiera-per-la-pace-decisiva\/","title":{"rendered":"A Trento il &#8220;grido&#8221; di Andrea Riccardi contro la guerra: &#8220;Dobbiamo essere artigiani di una pace che si alimenta di conoscenza. Preghiera per la pace decisiva&#8221;"},"content":{"rendered":"<p>&#8220;L&#8217;<strong>orologio dell&#8217;Apocalisse<\/strong>, che avvisa del rischio della <strong>catastrofe nucleare<\/strong>, ha spostato in avanti le lancette a <strong>90 secondi dall&#8217;ora tragica della mezzanotte<\/strong>. Il grido di dolore della guerra ci tocca da vicino&#8221;. L&#8217;immagine biblica evocata dal professor <strong>Andrea Riccardi<\/strong> nel pomeriggio di luned\u00ec 13 febbraio si imprime nella mente degli oltre duecento presenti al Collegio Arcivescovile di Trento (e i molti collegati via streaming) durante la prolusione dell&#8217;anno accademico degli istituti teologici diocesani, tenuta dal fondatore di Sant&#8217;Egidio sul tema &#8220;<strong>Il grido della pace<\/strong>&#8220;. Sullo sfondo il fronte ucraino, con tutto il carico di dolore e morte portato dalle &#8220;forze del male&#8221; scatenate da ogni guerra: prima che toccasse il cuore dell&#8217;Europa, il conflitto drammatico in Siria, nel disinteresse dell&#8217;Occidente, perch\u00e9 &#8220;non ci riguardava&#8221;, denuncia lo storico. Ma anche l&#8217;illusione della globalizzazione dopo l&#8217;89, la falsa democratizzazione dei mercati.<\/p>\n<h5><strong>&#8220;La Chiesa conosce l&#8217;orrore della guerra&#8221;\u00a0<\/strong><\/h5>\n<p>Se oggi registriamo\u00a0 una generale dimenticanza della storia e una preoccupante &#8220;riabilitazione culturale e politica della guerra, come strumento di difesa dei propri interessi&#8221; \u00e8 pur vero che c&#8217;\u00e8 &#8220;l&#8217;eccezione della Chiesa che &#8220;sa cos&#8217;\u00e8 la guerra&#8221;. &#8220;Possiamo dire ogni cosa della Chiesa, ma non che non abbia un&#8217;acuta coscienza dell&#8217;orrore della guerra nel Novecento&#8221;, attesta Riccardi che individua nell&#8217;egocentrismo imperante una delle principali cause del degrado sociale e politico: &#8220;nella sopravvalutazione e nella chiusura dell&#8217;ego, nascono i conflitti sociali, ma anche nazionali&#8221;.<\/p>\n<h5><strong>&#8220;La pace si alimenta di conoscenza&#8221;\u00a0<\/strong><\/h5>\n<p>&#8220;C&#8217;\u00e8 bisogno di creare una cultura di pace e un movimento che metta la pace nel cuore della politica e della gente&#8221;, auspica Riccardi che nota come &#8220;l&#8217;ignoranza favorisce la guerra e l&#8217;autoritarismo&#8221;, mentre &#8220;leggere sviluppa un atteggiamento attento alla complessit\u00e0&#8221; e una &#8220;cultura di pace si nutre del gusto della conoscenza dei popoli&#8221;.\u00a0 &#8220;Possiamo essere artigiani di pace &#8211; \u00e8 certo Riccardi &#8211; nella partecipazione ai problemi lontani. Sapere, informarsi, seguire gli eventi \u00e8 non voltare le spalle&#8221;.<\/p>\n<h5><strong>&#8220;Preghiera per la pace decisiva: una Via Crucis dei paesi in guerra&#8221;\u00a0<\/strong><\/h5>\n<p>&#8220;La preghiera per la pace \u00e8 decisiva&#8221;, ammonisce Riccardi ammettendo di &#8220;soffrire quando nelle messe domenicali non sento pregare per la pace&#8221;. Per questo il fondatore di Sant&#8217;Egidio e gi\u00e0 mediatore in guerre ataviche come in Mozambico invita ad attuare nelle chiese una &#8221; Via Crucis dei paesi in guerra, i cui nomi dovrebbero scorrere tra le mani come i grani del rosario&#8221;.<\/p>\n<p>L&#8217;appello finale del &#8220;grido di pace&#8221; di Riccardi \u00e8 di adoperarsi per costruire una &#8220;pace dei forti&#8221;, con un'&#8221;opera coraggiosa, cercando ci\u00f2 che unisce e mettendo da parte ci\u00f2 che divide&#8221; perch\u00e9, richiamando papa Francesco e don Sturzo, &#8220;\u00e8 l&#8217;ora di abolire la guerra, di cancellarla dalla storia dell&#8217;umanit\u00e0 prima che sia la guerra a cancellare l&#8217;umanit\u00e0&#8221;.<\/p>\n<h5><strong>Gli altri interventi\u00a0<\/strong><\/h5>\n<p>La prolusione di Riccardi \u00e8 stata preceduta dai saluti iniziali del preside della Facolt\u00e0 Teologica del Triveneto don Andrea Toniolo, di don Andrea Decarli, delegato dell\u2019Area cultura della Diocesi di Trento, e del vescovo mons. Lauro Tisi, moderatore degli Istituti teologici che ha rimarcato la duplice dimensione che alimenta l&#8217;attivit\u00e0 di Sant&#8217;Egidio fatta di &#8220;sogno e aderenza alla realt\u00e0&#8221;, da tradurre &#8211; \u00e8 l&#8217;auspicio di don Lauro &#8211; anche &#8220;nell&#8217;elaborazione teologica&#8221;. Ha moderato l&#8217;incontro &#8211; concluso con la consegna dei diplomi agli studenti che hanno terminato il loro percorso di studi &#8211; don Stefano Zeni, direttore dell\u2019Issr Guardini.<\/p>\n<p>Un ampio resoconto dell&#8217;intervento di Riccardi (fatta salva la possibilit\u00e0 di rivederlo integralmente sul <a href=\"https:\/\/www.youtube.com\/live\/caoScwYIwh0?feature=share\">canale YouTube<\/a> dell\u2019Arcidiocesi di Trento) sar\u00e0 pubblicato sul prossimo numero di Vita Trentina.<\/p>\n<p><img loading=\"lazy\" decoding=\"async\" class=\"alignnone wp-image-10362\" src=\"https:\/\/www.diocesitn.it\/wp-content\/uploads\/sites\/38\/2023\/02\/riccardi_trento_web-300x206.jpg\" alt=\"\" width=\"360\" height=\"247\" srcset=\"https:\/\/www.diocesitn.it\/area-cultura\/wp-content\/uploads\/sites\/38\/2023\/02\/riccardi_trento_web-300x206.jpg 300w, https:\/\/www.diocesitn.it\/area-cultura\/wp-content\/uploads\/sites\/38\/2023\/02\/riccardi_trento_web-768x528.jpg 768w, https:\/\/www.diocesitn.it\/area-cultura\/wp-content\/uploads\/sites\/38\/2023\/02\/riccardi_trento_web-360x248.jpg 360w, https:\/\/www.diocesitn.it\/area-cultura\/wp-content\/uploads\/sites\/38\/2023\/02\/riccardi_trento_web.jpg 800w\" sizes=\"auto, (max-width: 360px) 100vw, 360px\" \/><\/p>\n<p>FOTO ZOTTA<\/p>\n<p>&nbsp;<\/p>\n","protected":false},"excerpt":{"rendered":"<p>&#8220;L&#8217;orologio dell&#8217;Apocalisse, che avvisa del rischio della catastrofe nucleare, ha spostato in avanti le lancette a 90 secondi dall&#8217;ora tragica della mezzanotte. Il grido di dolore della guerra ci tocca da vicino&#8221;. L&#8217;immagine biblica evocata<\/p>\n","protected":false},"author":3,"featured_media":0,"comment_status":"closed","ping_status":"closed","sticky":false,"template":"","format":"standard","meta":{"footnotes":""},"categories":[1],"tags":[],"class_list":["post-10361","post","type-post","status-publish","format-standard","hentry","category-senza-categoria"],"acf":{"seed-localization-paese-cod":"IT","seed-localization-address":"","seed-localization-citta":"","seed-localization-regione-cod-istat":"04","seed-localization-citta-cod-istat":"022205","seed-localization-localita":"","seed-localization-cap":"","seed-localization-marker-visibility":false,"seed-localization-children-visibility":false,"seed-localization-kml":"","seed-localization-custom-marker":""},"yoast_head":"<!-- This site is optimized with the Yoast SEO Premium plugin v20.2.1 (Yoast SEO v22.2) - https:\/\/yoast.com\/wordpress\/plugins\/seo\/ -->\n<title>A Trento il &quot;grido&quot; di Andrea Riccardi contro la guerra: &quot;Dobbiamo essere artigiani di una pace che si alimenta di conoscenza. Preghiera per la pace decisiva&quot; - Cultura<\/title>\n<meta name=\"robots\" content=\"index, follow, max-snippet:-1, max-image-preview:large, max-video-preview:-1\" \/>\n<link rel=\"canonical\" href=\"https:\/\/www.diocesitn.it\/area-cultura\/2023\/02\/15\/a-trento-il-grido-di-andrea-riccardi-contro-la-guerra-dobbiamo-essere-artigiani-di-una-pace-che-si-alimenta-di-conoscenza-preghiera-per-la-pace-decisiva\/\" \/>\n<meta property=\"og:locale\" content=\"it_IT\" \/>\n<meta property=\"og:type\" content=\"article\" \/>\n<meta property=\"og:title\" content=\"A Trento il &quot;grido&quot; di Andrea Riccardi contro la guerra: &quot;Dobbiamo essere artigiani di una pace che si alimenta di conoscenza. Preghiera per la pace decisiva&quot;\" \/>\n<meta property=\"og:description\" content=\"&#8220;L&#8217;orologio dell&#8217;Apocalisse, che avvisa del rischio della catastrofe nucleare, ha spostato in avanti le lancette a 90 secondi dall&#8217;ora tragica della mezzanotte. Il grido di dolore della guerra ci tocca da vicino&#8221;. L&#8217;immagine biblica evocata\" \/>\n<meta property=\"og:url\" content=\"https:\/\/www.diocesitn.it\/area-cultura\/2023\/02\/15\/a-trento-il-grido-di-andrea-riccardi-contro-la-guerra-dobbiamo-essere-artigiani-di-una-pace-che-si-alimenta-di-conoscenza-preghiera-per-la-pace-decisiva\/\" \/>\n<meta property=\"og:site_name\" content=\"Cultura\" \/>\n<meta property=\"article:published_time\" content=\"2023-02-15T15:33:25+00:00\" \/>\n<meta property=\"og:image\" content=\"https:\/\/www.diocesitn.it\/wp-content\/uploads\/sites\/38\/2023\/02\/riccardi_trento_web-300x206.jpg\" \/>\n<meta name=\"author\" content=\"Piergiorgio Franceschini\" \/>\n<meta name=\"twitter:card\" content=\"summary_large_image\" \/>\n<meta name=\"twitter:label1\" content=\"Scritto da\" \/>\n\t<meta name=\"twitter:data1\" content=\"Piergiorgio Franceschini\" \/>\n\t<meta name=\"twitter:label2\" content=\"Tempo di lettura stimato\" \/>\n\t<meta name=\"twitter:data2\" content=\"3 minuti\" \/>\n<script type=\"application\/ld+json\" class=\"yoast-schema-graph\">{\"@context\":\"https:\/\/schema.org\",\"@graph\":[{\"@type\":\"Article\",\"@id\":\"https:\/\/www.diocesitn.it\/area-cultura\/2023\/02\/15\/a-trento-il-grido-di-andrea-riccardi-contro-la-guerra-dobbiamo-essere-artigiani-di-una-pace-che-si-alimenta-di-conoscenza-preghiera-per-la-pace-decisiva\/#article\",\"isPartOf\":{\"@id\":\"https:\/\/www.diocesitn.it\/area-cultura\/2023\/02\/15\/a-trento-il-grido-di-andrea-riccardi-contro-la-guerra-dobbiamo-essere-artigiani-di-una-pace-che-si-alimenta-di-conoscenza-preghiera-per-la-pace-decisiva\/\"},\"author\":{\"name\":\"Piergiorgio Franceschini\",\"@id\":\"https:\/\/www.diocesitn.it\/area-cultura\/#\/schema\/person\/99590c84577873a025247b6aeb16ad2e\"},\"headline\":\"A Trento il &#8220;grido&#8221; di Andrea Riccardi contro la guerra: &#8220;Dobbiamo essere artigiani di una pace che si alimenta di conoscenza. Preghiera per la pace decisiva&#8221;\",\"datePublished\":\"2023-02-15T15:33:25+00:00\",\"dateModified\":\"2023-02-15T15:33:25+00:00\",\"mainEntityOfPage\":{\"@id\":\"https:\/\/www.diocesitn.it\/area-cultura\/2023\/02\/15\/a-trento-il-grido-di-andrea-riccardi-contro-la-guerra-dobbiamo-essere-artigiani-di-una-pace-che-si-alimenta-di-conoscenza-preghiera-per-la-pace-decisiva\/\"},\"wordCount\":595,\"publisher\":{\"@id\":\"https:\/\/www.diocesitn.it\/area-cultura\/#organization\"},\"image\":{\"@id\":\"https:\/\/www.diocesitn.it\/area-cultura\/2023\/02\/15\/a-trento-il-grido-di-andrea-riccardi-contro-la-guerra-dobbiamo-essere-artigiani-di-una-pace-che-si-alimenta-di-conoscenza-preghiera-per-la-pace-decisiva\/#primaryimage\"},\"thumbnailUrl\":\"https:\/\/www.diocesitn.it\/wp-content\/uploads\/sites\/38\/2023\/02\/riccardi_trento_web-300x206.jpg\",\"inLanguage\":\"it-IT\",\"copyrightYear\":\"2023\",\"copyrightHolder\":{\"@id\":\"https:\/\/www.diocesitn.it\/#organization\"}},{\"@type\":\"WebPage\",\"@id\":\"https:\/\/www.diocesitn.it\/area-cultura\/2023\/02\/15\/a-trento-il-grido-di-andrea-riccardi-contro-la-guerra-dobbiamo-essere-artigiani-di-una-pace-che-si-alimenta-di-conoscenza-preghiera-per-la-pace-decisiva\/\",\"url\":\"https:\/\/www.diocesitn.it\/area-cultura\/2023\/02\/15\/a-trento-il-grido-di-andrea-riccardi-contro-la-guerra-dobbiamo-essere-artigiani-di-una-pace-che-si-alimenta-di-conoscenza-preghiera-per-la-pace-decisiva\/\",\"name\":\"A Trento il \\\"grido\\\" di Andrea Riccardi contro la guerra: \\\"Dobbiamo essere artigiani di una pace che si alimenta di conoscenza. Preghiera per la pace decisiva\\\" - Cultura\",\"isPartOf\":{\"@id\":\"https:\/\/www.diocesitn.it\/area-cultura\/#website\"},\"primaryImageOfPage\":{\"@id\":\"https:\/\/www.diocesitn.it\/area-cultura\/2023\/02\/15\/a-trento-il-grido-di-andrea-riccardi-contro-la-guerra-dobbiamo-essere-artigiani-di-una-pace-che-si-alimenta-di-conoscenza-preghiera-per-la-pace-decisiva\/#primaryimage\"},\"image\":{\"@id\":\"https:\/\/www.diocesitn.it\/area-cultura\/2023\/02\/15\/a-trento-il-grido-di-andrea-riccardi-contro-la-guerra-dobbiamo-essere-artigiani-di-una-pace-che-si-alimenta-di-conoscenza-preghiera-per-la-pace-decisiva\/#primaryimage\"},\"thumbnailUrl\":\"https:\/\/www.diocesitn.it\/wp-content\/uploads\/sites\/38\/2023\/02\/riccardi_trento_web-300x206.jpg\",\"datePublished\":\"2023-02-15T15:33:25+00:00\",\"dateModified\":\"2023-02-15T15:33:25+00:00\",\"breadcrumb\":{\"@id\":\"https:\/\/www.diocesitn.it\/area-cultura\/2023\/02\/15\/a-trento-il-grido-di-andrea-riccardi-contro-la-guerra-dobbiamo-essere-artigiani-di-una-pace-che-si-alimenta-di-conoscenza-preghiera-per-la-pace-decisiva\/#breadcrumb\"},\"inLanguage\":\"it-IT\",\"potentialAction\":[{\"@type\":\"ReadAction\",\"target\":[\"https:\/\/www.diocesitn.it\/area-cultura\/2023\/02\/15\/a-trento-il-grido-di-andrea-riccardi-contro-la-guerra-dobbiamo-essere-artigiani-di-una-pace-che-si-alimenta-di-conoscenza-preghiera-per-la-pace-decisiva\/\"]}]},{\"@type\":\"ImageObject\",\"inLanguage\":\"it-IT\",\"@id\":\"https:\/\/www.diocesitn.it\/area-cultura\/2023\/02\/15\/a-trento-il-grido-di-andrea-riccardi-contro-la-guerra-dobbiamo-essere-artigiani-di-una-pace-che-si-alimenta-di-conoscenza-preghiera-per-la-pace-decisiva\/#primaryimage\",\"url\":\"https:\/\/www.diocesitn.it\/wp-content\/uploads\/sites\/38\/2023\/02\/riccardi_trento_web-300x206.jpg\",\"contentUrl\":\"https:\/\/www.diocesitn.it\/wp-content\/uploads\/sites\/38\/2023\/02\/riccardi_trento_web-300x206.jpg\"},{\"@type\":\"BreadcrumbList\",\"@id\":\"https:\/\/www.diocesitn.it\/area-cultura\/2023\/02\/15\/a-trento-il-grido-di-andrea-riccardi-contro-la-guerra-dobbiamo-essere-artigiani-di-una-pace-che-si-alimenta-di-conoscenza-preghiera-per-la-pace-decisiva\/#breadcrumb\",\"itemListElement\":[{\"@type\":\"ListItem\",\"position\":1,\"name\":\"Home\",\"item\":\"https:\/\/www.diocesitn.it\/area-cultura\/\"},{\"@type\":\"ListItem\",\"position\":2,\"name\":\"A Trento il &#8220;grido&#8221; di Andrea Riccardi contro la guerra: &#8220;Dobbiamo essere artigiani di una pace che si alimenta di conoscenza. Preghiera per la pace decisiva&#8221;\"}]},{\"@type\":\"WebSite\",\"@id\":\"https:\/\/www.diocesitn.it\/area-cultura\/#website\",\"url\":\"https:\/\/www.diocesitn.it\/area-cultura\/\",\"name\":\"Cultura\",\"description\":\"Chiesa di Trento\",\"publisher\":{\"@id\":\"https:\/\/www.diocesitn.it\/area-cultura\/#organization\"},\"potentialAction\":[{\"@type\":\"SearchAction\",\"target\":{\"@type\":\"EntryPoint\",\"urlTemplate\":\"https:\/\/www.diocesitn.it\/area-cultura\/?s={search_term_string}\"},\"query-input\":\"required name=search_term_string\"}],\"inLanguage\":\"it-IT\"},{\"@type\":[\"Organization\",\"Place\"],\"@id\":\"https:\/\/www.diocesitn.it\/area-cultura\/#organization\",\"name\":\"Area Cultura - Chiesa di Trento\",\"url\":\"https:\/\/www.diocesitn.it\/area-cultura\/\",\"logo\":{\"@id\":\"https:\/\/www.diocesitn.it\/area-cultura\/2023\/02\/15\/a-trento-il-grido-di-andrea-riccardi-contro-la-guerra-dobbiamo-essere-artigiani-di-una-pace-che-si-alimenta-di-conoscenza-preghiera-per-la-pace-decisiva\/#local-main-organization-logo\"},\"image\":{\"@id\":\"https:\/\/www.diocesitn.it\/area-cultura\/2023\/02\/15\/a-trento-il-grido-di-andrea-riccardi-contro-la-guerra-dobbiamo-essere-artigiani-di-una-pace-che-si-alimenta-di-conoscenza-preghiera-per-la-pace-decisiva\/#local-main-organization-logo\"},\"sameAs\":[\"https:\/\/www.youtube.com\/channel\/UCfWD2n-N6WTCg2P_UA72H6Q\"],\"openingHoursSpecification\":[{\"@type\":\"OpeningHoursSpecification\",\"dayOfWeek\":[\"Monday\",\"Tuesday\",\"Wednesday\",\"Thursday\",\"Friday\",\"Saturday\",\"Sunday\"],\"opens\":\"09:00\",\"closes\":\"17:00\"}]},{\"@type\":\"ImageObject\",\"inLanguage\":\"it-IT\",\"@id\":\"https:\/\/www.diocesitn.it\/area-cultura\/2023\/02\/15\/a-trento-il-grido-di-andrea-riccardi-contro-la-guerra-dobbiamo-essere-artigiani-di-una-pace-che-si-alimenta-di-conoscenza-preghiera-per-la-pace-decisiva\/#local-main-organization-logo\",\"url\":\"https:\/\/www.diocesitn.it\/area-cultura\/wp-content\/uploads\/sites\/38\/2021\/09\/og-logo-cultura.jpg\",\"contentUrl\":\"https:\/\/www.diocesitn.it\/area-cultura\/wp-content\/uploads\/sites\/38\/2021\/09\/og-logo-cultura.jpg\",\"width\":1200,\"height\":630,\"caption\":\"Area Cultura - Chiesa di Trento\"}]}<\/script>\n<!-- \/ Yoast SEO Premium plugin. -->","yoast_head_json":{"title":"A Trento il \"grido\" di Andrea Riccardi contro la guerra: \"Dobbiamo essere artigiani di una pace che si alimenta di conoscenza. Preghiera per la pace decisiva\" - Cultura","robots":{"index":"index","follow":"follow","max-snippet":"max-snippet:-1","max-image-preview":"max-image-preview:large","max-video-preview":"max-video-preview:-1"},"canonical":"https:\/\/www.diocesitn.it\/area-cultura\/2023\/02\/15\/a-trento-il-grido-di-andrea-riccardi-contro-la-guerra-dobbiamo-essere-artigiani-di-una-pace-che-si-alimenta-di-conoscenza-preghiera-per-la-pace-decisiva\/","og_locale":"it_IT","og_type":"article","og_title":"A Trento il \"grido\" di Andrea Riccardi contro la guerra: \"Dobbiamo essere artigiani di una pace che si alimenta di conoscenza. Preghiera per la pace decisiva\"","og_description":"&#8220;L&#8217;orologio dell&#8217;Apocalisse, che avvisa del rischio della catastrofe nucleare, ha spostato in avanti le lancette a 90 secondi dall&#8217;ora tragica della mezzanotte. Il grido di dolore della guerra ci tocca da vicino&#8221;. L&#8217;immagine biblica evocata","og_url":"https:\/\/www.diocesitn.it\/area-cultura\/2023\/02\/15\/a-trento-il-grido-di-andrea-riccardi-contro-la-guerra-dobbiamo-essere-artigiani-di-una-pace-che-si-alimenta-di-conoscenza-preghiera-per-la-pace-decisiva\/","og_site_name":"Cultura","article_published_time":"2023-02-15T15:33:25+00:00","og_image":[{"url":"https:\/\/www.diocesitn.it\/wp-content\/uploads\/sites\/38\/2023\/02\/riccardi_trento_web-300x206.jpg"}],"author":"Piergiorgio Franceschini","twitter_card":"summary_large_image","twitter_misc":{"Scritto da":"Piergiorgio Franceschini","Tempo di lettura stimato":"3 minuti"},"schema":{"@context":"https:\/\/schema.org","@graph":[{"@type":"Article","@id":"https:\/\/www.diocesitn.it\/area-cultura\/2023\/02\/15\/a-trento-il-grido-di-andrea-riccardi-contro-la-guerra-dobbiamo-essere-artigiani-di-una-pace-che-si-alimenta-di-conoscenza-preghiera-per-la-pace-decisiva\/#article","isPartOf":{"@id":"https:\/\/www.diocesitn.it\/area-cultura\/2023\/02\/15\/a-trento-il-grido-di-andrea-riccardi-contro-la-guerra-dobbiamo-essere-artigiani-di-una-pace-che-si-alimenta-di-conoscenza-preghiera-per-la-pace-decisiva\/"},"author":{"name":"Piergiorgio Franceschini","@id":"https:\/\/www.diocesitn.it\/area-cultura\/#\/schema\/person\/99590c84577873a025247b6aeb16ad2e"},"headline":"A Trento il &#8220;grido&#8221; di Andrea Riccardi contro la guerra: &#8220;Dobbiamo essere artigiani di una pace che si alimenta di conoscenza. Preghiera per la pace decisiva&#8221;","datePublished":"2023-02-15T15:33:25+00:00","dateModified":"2023-02-15T15:33:25+00:00","mainEntityOfPage":{"@id":"https:\/\/www.diocesitn.it\/area-cultura\/2023\/02\/15\/a-trento-il-grido-di-andrea-riccardi-contro-la-guerra-dobbiamo-essere-artigiani-di-una-pace-che-si-alimenta-di-conoscenza-preghiera-per-la-pace-decisiva\/"},"wordCount":595,"publisher":{"@id":"https:\/\/www.diocesitn.it\/area-cultura\/#organization"},"image":{"@id":"https:\/\/www.diocesitn.it\/area-cultura\/2023\/02\/15\/a-trento-il-grido-di-andrea-riccardi-contro-la-guerra-dobbiamo-essere-artigiani-di-una-pace-che-si-alimenta-di-conoscenza-preghiera-per-la-pace-decisiva\/#primaryimage"},"thumbnailUrl":"https:\/\/www.diocesitn.it\/wp-content\/uploads\/sites\/38\/2023\/02\/riccardi_trento_web-300x206.jpg","inLanguage":"it-IT","copyrightYear":"2023","copyrightHolder":{"@id":"https:\/\/www.diocesitn.it\/#organization"}},{"@type":"WebPage","@id":"https:\/\/www.diocesitn.it\/area-cultura\/2023\/02\/15\/a-trento-il-grido-di-andrea-riccardi-contro-la-guerra-dobbiamo-essere-artigiani-di-una-pace-che-si-alimenta-di-conoscenza-preghiera-per-la-pace-decisiva\/","url":"https:\/\/www.diocesitn.it\/area-cultura\/2023\/02\/15\/a-trento-il-grido-di-andrea-riccardi-contro-la-guerra-dobbiamo-essere-artigiani-di-una-pace-che-si-alimenta-di-conoscenza-preghiera-per-la-pace-decisiva\/","name":"A Trento il \"grido\" di Andrea Riccardi contro la guerra: \"Dobbiamo essere artigiani di una pace che si alimenta di conoscenza. Preghiera per la pace decisiva\" - Cultura","isPartOf":{"@id":"https:\/\/www.diocesitn.it\/area-cultura\/#website"},"primaryImageOfPage":{"@id":"https:\/\/www.diocesitn.it\/area-cultura\/2023\/02\/15\/a-trento-il-grido-di-andrea-riccardi-contro-la-guerra-dobbiamo-essere-artigiani-di-una-pace-che-si-alimenta-di-conoscenza-preghiera-per-la-pace-decisiva\/#primaryimage"},"image":{"@id":"https:\/\/www.diocesitn.it\/area-cultura\/2023\/02\/15\/a-trento-il-grido-di-andrea-riccardi-contro-la-guerra-dobbiamo-essere-artigiani-di-una-pace-che-si-alimenta-di-conoscenza-preghiera-per-la-pace-decisiva\/#primaryimage"},"thumbnailUrl":"https:\/\/www.diocesitn.it\/wp-content\/uploads\/sites\/38\/2023\/02\/riccardi_trento_web-300x206.jpg","datePublished":"2023-02-15T15:33:25+00:00","dateModified":"2023-02-15T15:33:25+00:00","breadcrumb":{"@id":"https:\/\/www.diocesitn.it\/area-cultura\/2023\/02\/15\/a-trento-il-grido-di-andrea-riccardi-contro-la-guerra-dobbiamo-essere-artigiani-di-una-pace-che-si-alimenta-di-conoscenza-preghiera-per-la-pace-decisiva\/#breadcrumb"},"inLanguage":"it-IT","potentialAction":[{"@type":"ReadAction","target":["https:\/\/www.diocesitn.it\/area-cultura\/2023\/02\/15\/a-trento-il-grido-di-andrea-riccardi-contro-la-guerra-dobbiamo-essere-artigiani-di-una-pace-che-si-alimenta-di-conoscenza-preghiera-per-la-pace-decisiva\/"]}]},{"@type":"ImageObject","inLanguage":"it-IT","@id":"https:\/\/www.diocesitn.it\/area-cultura\/2023\/02\/15\/a-trento-il-grido-di-andrea-riccardi-contro-la-guerra-dobbiamo-essere-artigiani-di-una-pace-che-si-alimenta-di-conoscenza-preghiera-per-la-pace-decisiva\/#primaryimage","url":"https:\/\/www.diocesitn.it\/wp-content\/uploads\/sites\/38\/2023\/02\/riccardi_trento_web-300x206.jpg","contentUrl":"https:\/\/www.diocesitn.it\/wp-content\/uploads\/sites\/38\/2023\/02\/riccardi_trento_web-300x206.jpg"},{"@type":"BreadcrumbList","@id":"https:\/\/www.diocesitn.it\/area-cultura\/2023\/02\/15\/a-trento-il-grido-di-andrea-riccardi-contro-la-guerra-dobbiamo-essere-artigiani-di-una-pace-che-si-alimenta-di-conoscenza-preghiera-per-la-pace-decisiva\/#breadcrumb","itemListElement":[{"@type":"ListItem","position":1,"name":"Home","item":"https:\/\/www.diocesitn.it\/area-cultura\/"},{"@type":"ListItem","position":2,"name":"A Trento il &#8220;grido&#8221; di Andrea Riccardi contro la guerra: &#8220;Dobbiamo essere artigiani di una pace che si alimenta di conoscenza. Preghiera per la pace decisiva&#8221;"}]},{"@type":"WebSite","@id":"https:\/\/www.diocesitn.it\/area-cultura\/#website","url":"https:\/\/www.diocesitn.it\/area-cultura\/","name":"Cultura","description":"Chiesa di Trento","publisher":{"@id":"https:\/\/www.diocesitn.it\/area-cultura\/#organization"},"potentialAction":[{"@type":"SearchAction","target":{"@type":"EntryPoint","urlTemplate":"https:\/\/www.diocesitn.it\/area-cultura\/?s={search_term_string}"},"query-input":"required name=search_term_string"}],"inLanguage":"it-IT"},{"@type":["Organization","Place"],"@id":"https:\/\/www.diocesitn.it\/area-cultura\/#organization","name":"Area Cultura - Chiesa di Trento","url":"https:\/\/www.diocesitn.it\/area-cultura\/","logo":{"@id":"https:\/\/www.diocesitn.it\/area-cultura\/2023\/02\/15\/a-trento-il-grido-di-andrea-riccardi-contro-la-guerra-dobbiamo-essere-artigiani-di-una-pace-che-si-alimenta-di-conoscenza-preghiera-per-la-pace-decisiva\/#local-main-organization-logo"},"image":{"@id":"https:\/\/www.diocesitn.it\/area-cultura\/2023\/02\/15\/a-trento-il-grido-di-andrea-riccardi-contro-la-guerra-dobbiamo-essere-artigiani-di-una-pace-che-si-alimenta-di-conoscenza-preghiera-per-la-pace-decisiva\/#local-main-organization-logo"},"sameAs":["https:\/\/www.youtube.com\/channel\/UCfWD2n-N6WTCg2P_UA72H6Q"],"openingHoursSpecification":[{"@type":"OpeningHoursSpecification","dayOfWeek":["Monday","Tuesday","Wednesday","Thursday","Friday","Saturday","Sunday"],"opens":"09:00","closes":"17:00"}]},{"@type":"ImageObject","inLanguage":"it-IT","@id":"https:\/\/www.diocesitn.it\/area-cultura\/2023\/02\/15\/a-trento-il-grido-di-andrea-riccardi-contro-la-guerra-dobbiamo-essere-artigiani-di-una-pace-che-si-alimenta-di-conoscenza-preghiera-per-la-pace-decisiva\/#local-main-organization-logo","url":"https:\/\/www.diocesitn.it\/area-cultura\/wp-content\/uploads\/sites\/38\/2021\/09\/og-logo-cultura.jpg","contentUrl":"https:\/\/www.diocesitn.it\/area-cultura\/wp-content\/uploads\/sites\/38\/2021\/09\/og-logo-cultura.jpg","width":1200,"height":630,"caption":"Area Cultura - Chiesa di Trento"}]}},"_links":{"self":[{"href":"https:\/\/www.diocesitn.it\/area-cultura\/wp-json\/wp\/v2\/posts\/10361","targetHints":{"allow":["GET"]}}],"collection":[{"href":"https:\/\/www.diocesitn.it\/area-cultura\/wp-json\/wp\/v2\/posts"}],"about":[{"href":"https:\/\/www.diocesitn.it\/area-cultura\/wp-json\/wp\/v2\/types\/post"}],"author":[{"embeddable":true,"href":"https:\/\/www.diocesitn.it\/area-cultura\/wp-json\/wp\/v2\/users\/3"}],"replies":[{"embeddable":true,"href":"https:\/\/www.diocesitn.it\/area-cultura\/wp-json\/wp\/v2\/comments?post=10361"}],"version-history":[{"count":1,"href":"https:\/\/www.diocesitn.it\/area-cultura\/wp-json\/wp\/v2\/posts\/10361\/revisions"}],"predecessor-version":[{"id":10364,"href":"https:\/\/www.diocesitn.it\/area-cultura\/wp-json\/wp\/v2\/posts\/10361\/revisions\/10364"}],"wp:attachment":[{"href":"https:\/\/www.diocesitn.it\/area-cultura\/wp-json\/wp\/v2\/media?parent=10361"}],"wp:term":[{"taxonomy":"category","embeddable":true,"href":"https:\/\/www.diocesitn.it\/area-cultura\/wp-json\/wp\/v2\/categories?post=10361"},{"taxonomy":"post_tag","embeddable":true,"href":"https:\/\/www.diocesitn.it\/area-cultura\/wp-json\/wp\/v2\/tags?post=10361"}],"curies":[{"name":"wp","href":"https:\/\/api.w.org\/{rel}","templated":true}]}}