{"id":27500,"date":"2026-03-16T12:23:41","date_gmt":"2026-03-16T11:23:41","guid":{"rendered":"https:\/\/www.diocesitn.it\/area-annuncio\/?p=27500"},"modified":"2026-04-16T09:54:16","modified_gmt":"2026-04-16T07:54:16","slug":"da-grande-faro-lanimatore-2026","status":"publish","type":"post","link":"https:\/\/www.diocesitn.it\/area-annuncio\/2026\/03\/16\/da-grande-faro-lanimatore-2026\/","title":{"rendered":"Da grande far\u00f2 l\u2019animatore, per tutti i ragazzi e ragazze di 3\u00b0 media, sabato 9 maggio all\u2019oratorio di Gardolo. Iscrizioni aperte fino al 4 maggio"},"content":{"rendered":"<p data-start=\"82\" data-end=\"415\">Sabato 9 maggio all\u2019oratorio di Gardolo si terr\u00e0 un incontro per riflettere su un tema che, per molti ragazzi e ragazze della terza media, rappresenta un sogno: fare l\u2019animatore. Ma cosa significa davvero diventare animatore? \u00c8 solo un modo per divertirsi, fare giochi e vivere momenti spensierati con i pi\u00f9 piccoli, o c\u2019\u00e8 qualcosa di pi\u00f9 profondo in questo ruolo? Durante il pomeriggio si cercher\u00e0 di rispondere a queste domande.<\/p>\n<p data-start=\"4493\" data-end=\"4849\" data-is-last-node=\"\"><strong>PROGRAMMA:<\/strong><\/p>\n<p data-start=\"4493\" data-end=\"4849\" data-is-last-node=\"\">ore 15 accoglienza all&#8217;<a href=\"https:\/\/www.gardolo.eu\/oratorio\/\" target=\"_blank\" rel=\"noopener\">oratorio di Gardolo, <\/a>in Via Aeroporto 3<\/p>\n<p data-start=\"4493\" data-end=\"4849\" data-is-last-node=\"\">dalle 15.30 alle 16.15 attivit\u00e0 \u201cIdentikit dell\u2019animatore\u201d<\/p>\n<p data-start=\"4493\" data-end=\"4849\" data-is-last-node=\"\">16.30 merenda<\/p>\n<p data-start=\"4493\" data-end=\"4849\" data-is-last-node=\"\">dalle 17 alle 18 due laboratori a scelta tra 4 categorie per <strong>ragazzi e ragazze di 3\u00b0 media<\/strong><\/p>\n<ol>\n<li data-start=\"4493\" data-end=\"4849\">\u00a0&#8220;Canta che ti passa&#8221;:\u00a0 canto<\/li>\n<li data-start=\"4493\" data-end=\"4849\">\u00a0&#8220;Con il pennello in mano&#8221;:\u00a0 cartelloni e scenografia<\/li>\n<li data-start=\"4493\" data-end=\"4849\">\u00a0&#8220;Giocando s&#8217;impara&#8221;: giochi<\/li>\n<li data-start=\"4493\" data-end=\"4849\">\u00a0&#8220;Let&#8217;s dance&#8221;: balli di gruppo e bans<\/li>\n<li data-start=\"4493\" data-end=\"4849\">\u00a0&#8220;Darse le man da torno&#8221;: logistica<\/li>\n<\/ol>\n<p data-start=\"4493\" data-end=\"4849\" data-is-last-node=\"\">dalle ore 18 alle 19 gioco<\/p>\n<p data-start=\"4493\" data-end=\"4849\" data-is-last-node=\"\">ore 19.15 cena al sacco<\/p>\n<p data-start=\"4493\" data-end=\"4849\" data-is-last-node=\"\">alle 20 S. Messa<\/p>\n<p data-start=\"4493\" data-end=\"4849\" data-is-last-node=\"\">dalle ore 21 alle 21.15 conclusione e saluti<\/p>\n<p data-start=\"4493\" data-end=\"4849\" data-is-last-node=\"\">Iscrizioni entro luned\u00ec 4 maggio. Le iscrizioni apriranno nei giorni dopo Pasqua.<\/p>\n<p data-start=\"4493\" data-end=\"4849\" data-is-last-node=\"\"><strong>Contributo 5 euro a partecipante<\/strong><\/p>\n<p><strong>IBAN:\u00a0<\/strong>IT60N0306901856100000000667 \u2013 ARCIDIOCESI DI TRENTO<\/p>\n<p><strong>Causale Singolo<\/strong>: Da grande animatore \u2013 Cognome e Nome \u2013 Parrocchia\/gruppo di provenienza<\/p>\n<p><strong>Causale Gruppo:\u00a0<\/strong>Da grande animatore \u2013 N. partecipanti- Parrocchia\/gruppo di provenienza<\/p>\n<p data-start=\"4493\" data-end=\"4849\" data-is-last-node=\"\">Note:<\/p>\n<p data-start=\"4493\" data-end=\"4849\" data-is-last-node=\"\">La formazione \u00e8 dedicata ai ragazzi e ragazze di terza media. Viene richiesto l\u2019accompagnamento dei ragazzi da parte di figure adulte e responsabili, consigliato il rapporto 1 a 10. Gli accompagnatori sono gratuiti.<\/p>\n<p data-start=\"4493\" data-end=\"4849\" data-is-last-node=\"\"><button class=\"large button\"><a href=\"https:\/\/www.noitrento.it\/iscrizionionline\/3%20media%202026\" target=\"_blank\" rel=\"noopener\"><span style=\"color: #ffffff\">ISCRIZIONE RAGAZZI\/E 3\u00b0MEDIA<\/span><\/a><\/button><\/p>\n<p data-start=\"4493\" data-end=\"4849\" data-is-last-node=\"\"><button class=\"large button\"><a href=\"https:\/\/www.noitrento.it\/iscrizionionline\/3Media%202026_accompagnatore\" target=\"_blank\" rel=\"noopener\"><span style=\"color: #ffffff\">ISCRIZIONE ACCOMPAGNATORI<\/span><\/a><\/button><\/p>\n<p data-start=\"4493\" data-end=\"4849\" data-is-last-node=\"\"><a href=\"https:\/\/www.diocesitn.it\/area-annuncio\/wp-content\/uploads\/sites\/39\/2026\/03\/2026.png\" target=\"_blank\" rel=\"noopener\"><img loading=\"lazy\" decoding=\"async\" class=\"alignnone wp-image-27547 size-medium\" src=\"https:\/\/www.diocesitn.it\/area-annuncio\/wp-content\/uploads\/sites\/39\/2026\/03\/2026-212x300.png\" alt=\"\" width=\"212\" height=\"300\" srcset=\"https:\/\/www.diocesitn.it\/area-annuncio\/wp-content\/uploads\/sites\/39\/2026\/03\/2026-212x300.png 212w, https:\/\/www.diocesitn.it\/area-annuncio\/wp-content\/uploads\/sites\/39\/2026\/03\/2026-724x1024.png 724w, https:\/\/www.diocesitn.it\/area-annuncio\/wp-content\/uploads\/sites\/39\/2026\/03\/2026-768x1086.png 768w, https:\/\/www.diocesitn.it\/area-annuncio\/wp-content\/uploads\/sites\/39\/2026\/03\/2026-198x280.png 198w, https:\/\/www.diocesitn.it\/area-annuncio\/wp-content\/uploads\/sites\/39\/2026\/03\/2026-543x768.png 543w, https:\/\/www.diocesitn.it\/area-annuncio\/wp-content\/uploads\/sites\/39\/2026\/03\/2026-1086x1536.png 1086w, https:\/\/www.diocesitn.it\/area-annuncio\/wp-content\/uploads\/sites\/39\/2026\/03\/2026-800x1132.png 800w, https:\/\/www.diocesitn.it\/area-annuncio\/wp-content\/uploads\/sites\/39\/2026\/03\/2026-1200x1697.png 1200w, https:\/\/www.diocesitn.it\/area-annuncio\/wp-content\/uploads\/sites\/39\/2026\/03\/2026-1320x1867.png 1320w, https:\/\/www.diocesitn.it\/area-annuncio\/wp-content\/uploads\/sites\/39\/2026\/03\/2026.png 1414w\" sizes=\"auto, (max-width: 212px) 100vw, 212px\" \/><\/a><\/p>\n","protected":false},"excerpt":{"rendered":"<p>Sabato 9 maggio all\u2019oratorio di Gardolo si terr\u00e0 un incontro per riflettere su un tema che, per molti ragazzi e ragazze della terza media, rappresenta un sogno: fare l\u2019animatore. Ma cosa significa davvero diventare animatore?<\/p>\n","protected":false},"author":179,"featured_media":27502,"comment_status":"closed","ping_status":"closed","sticky":true,"template":"","format":"standard","meta":{"footnotes":""},"categories":[618,608,1],"tags":[],"class_list":["post-27500","post","type-post","status-publish","format-standard","has-post-thumbnail","hentry","category-servizio-catechistico-giovani-pastorale-giovanile","category-notizie","category-senza-categoria"],"acf":{"seed-localization-paese-cod":"IT","seed-localization-address":"","seed-localization-citta":"Trento","seed-localization-regione-cod-istat":"04","seed-localization-citta-cod-istat":"022205","seed-localization-localita":"","seed-localization-cap":"","seed-localization-marker-visibility":false,"seed-localization-children-visibility":false,"seed-localization-kml":"","seed-localization-custom-marker":""},"yoast_head":"<!-- This site is optimized with the Yoast SEO Premium plugin v20.2.1 (Yoast SEO v22.2) - https:\/\/yoast.com\/wordpress\/plugins\/seo\/ -->\n<title>da grande far\u00f2 l&#039;animatore<\/title>\n<meta name=\"description\" content=\"Sabato 9 maggio all\u2019oratorio di Gardolo si terr\u00e0 un incontro per riflettere su un tema che, per molti ragazzi e ragazze della terza media, rappresenta un sogno: fare l\u2019animatore.\" \/>\n<meta name=\"robots\" content=\"index, follow, max-snippet:-1, max-image-preview:large, max-video-preview:-1\" \/>\n<link rel=\"canonical\" href=\"https:\/\/www.diocesitn.it\/area-annuncio\/2026\/03\/16\/da-grande-faro-lanimatore-2026\/\" \/>\n<meta property=\"og:locale\" content=\"it_IT\" \/>\n<meta property=\"og:type\" content=\"article\" \/>\n<meta property=\"og:title\" content=\"Da grande far\u00f2 l\u2019animatore, per tutti i ragazzi e ragazze di 3\u00b0 media, sabato 9 maggio all\u2019oratorio di Gardolo. Iscrizioni aperte fino al 4 maggio\" \/>\n<meta property=\"og:description\" content=\"Sabato 9 maggio all\u2019oratorio di Gardolo si terr\u00e0 un incontro per riflettere su un tema che, per molti ragazzi e ragazze della terza media, rappresenta un sogno: fare l\u2019animatore.\" \/>\n<meta property=\"og:url\" content=\"https:\/\/www.diocesitn.it\/area-annuncio\/2026\/03\/16\/da-grande-faro-lanimatore-2026\/\" \/>\n<meta property=\"og:site_name\" content=\"Annuncio e Sacramenti\" \/>\n<meta property=\"article:publisher\" content=\"https:\/\/www.facebook.com\/pastoralegiovanile.trento\/\" \/>\n<meta property=\"article:published_time\" content=\"2026-03-16T11:23:41+00:00\" \/>\n<meta property=\"article:modified_time\" content=\"2026-04-16T07:54:16+00:00\" \/>\n<meta property=\"og:image\" content=\"https:\/\/www.diocesitn.it\/area-annuncio\/wp-content\/uploads\/sites\/39\/2026\/03\/da-grande-faro-lanimatore-e1773055062919.jpg\" \/>\n\t<meta property=\"og:image:width\" content=\"1080\" \/>\n\t<meta property=\"og:image:height\" content=\"610\" \/>\n\t<meta property=\"og:image:type\" content=\"image\/jpeg\" \/>\n<meta name=\"author\" content=\"lsegnana\" \/>\n<meta name=\"twitter:card\" content=\"summary_large_image\" \/>\n<meta name=\"twitter:label1\" content=\"Scritto da\" \/>\n\t<meta name=\"twitter:data1\" content=\"lsegnana\" \/>\n\t<meta name=\"twitter:label2\" content=\"Tempo di lettura stimato\" \/>\n\t<meta name=\"twitter:data2\" content=\"1 minuto\" \/>\n<script type=\"application\/ld+json\" class=\"yoast-schema-graph\">{\"@context\":\"https:\/\/schema.org\",\"@graph\":[{\"@type\":\"Article\",\"@id\":\"https:\/\/www.diocesitn.it\/area-annuncio\/2026\/03\/16\/da-grande-faro-lanimatore-2026\/#article\",\"isPartOf\":{\"@id\":\"https:\/\/www.diocesitn.it\/area-annuncio\/2026\/03\/16\/da-grande-faro-lanimatore-2026\/\"},\"author\":{\"name\":\"lsegnana\",\"@id\":\"https:\/\/www.diocesitn.it\/area-annuncio\/#\/schema\/person\/47b3e5ac123af8c05031d0a2fae5dcde\"},\"headline\":\"Da grande far\u00f2 l\u2019animatore, per tutti i ragazzi e ragazze di 3\u00b0 media, sabato 9 maggio all\u2019oratorio di Gardolo. Iscrizioni aperte fino al 4 maggio\",\"datePublished\":\"2026-03-16T11:23:41+00:00\",\"dateModified\":\"2026-04-16T07:54:16+00:00\",\"mainEntityOfPage\":{\"@id\":\"https:\/\/www.diocesitn.it\/area-annuncio\/2026\/03\/16\/da-grande-faro-lanimatore-2026\/\"},\"wordCount\":264,\"publisher\":{\"@id\":\"https:\/\/www.diocesitn.it\/area-annuncio\/#organization\"},\"image\":{\"@id\":\"https:\/\/www.diocesitn.it\/area-annuncio\/2026\/03\/16\/da-grande-faro-lanimatore-2026\/#primaryimage\"},\"thumbnailUrl\":\"https:\/\/www.diocesitn.it\/area-annuncio\/wp-content\/uploads\/sites\/39\/2026\/03\/da-grande-faro-lanimatore-e1773055062919.jpg\",\"articleSection\":[\"Giovani\",\"Notizie\"],\"inLanguage\":\"it-IT\",\"copyrightYear\":\"2026\",\"copyrightHolder\":{\"@id\":\"https:\/\/www.diocesitn.it\/#organization\"}},{\"@type\":\"WebPage\",\"@id\":\"https:\/\/www.diocesitn.it\/area-annuncio\/2026\/03\/16\/da-grande-faro-lanimatore-2026\/\",\"url\":\"https:\/\/www.diocesitn.it\/area-annuncio\/2026\/03\/16\/da-grande-faro-lanimatore-2026\/\",\"name\":\"da grande far\u00f2 l'animatore\",\"isPartOf\":{\"@id\":\"https:\/\/www.diocesitn.it\/area-annuncio\/#website\"},\"primaryImageOfPage\":{\"@id\":\"https:\/\/www.diocesitn.it\/area-annuncio\/2026\/03\/16\/da-grande-faro-lanimatore-2026\/#primaryimage\"},\"image\":{\"@id\":\"https:\/\/www.diocesitn.it\/area-annuncio\/2026\/03\/16\/da-grande-faro-lanimatore-2026\/#primaryimage\"},\"thumbnailUrl\":\"https:\/\/www.diocesitn.it\/area-annuncio\/wp-content\/uploads\/sites\/39\/2026\/03\/da-grande-faro-lanimatore-e1773055062919.jpg\",\"datePublished\":\"2026-03-16T11:23:41+00:00\",\"dateModified\":\"2026-04-16T07:54:16+00:00\",\"description\":\"Sabato 9 maggio all\u2019oratorio di Gardolo si terr\u00e0 un incontro per riflettere su un tema che, per molti ragazzi e ragazze della terza media, rappresenta un sogno: fare l\u2019animatore.\",\"breadcrumb\":{\"@id\":\"https:\/\/www.diocesitn.it\/area-annuncio\/2026\/03\/16\/da-grande-faro-lanimatore-2026\/#breadcrumb\"},\"inLanguage\":\"it-IT\",\"potentialAction\":[{\"@type\":\"ReadAction\",\"target\":[\"https:\/\/www.diocesitn.it\/area-annuncio\/2026\/03\/16\/da-grande-faro-lanimatore-2026\/\"]}]},{\"@type\":\"ImageObject\",\"inLanguage\":\"it-IT\",\"@id\":\"https:\/\/www.diocesitn.it\/area-annuncio\/2026\/03\/16\/da-grande-faro-lanimatore-2026\/#primaryimage\",\"url\":\"https:\/\/www.diocesitn.it\/area-annuncio\/wp-content\/uploads\/sites\/39\/2026\/03\/da-grande-faro-lanimatore-e1773055062919.jpg\",\"contentUrl\":\"https:\/\/www.diocesitn.it\/area-annuncio\/wp-content\/uploads\/sites\/39\/2026\/03\/da-grande-faro-lanimatore-e1773055062919.jpg\",\"width\":1080,\"height\":610,\"caption\":\"terza media\"},{\"@type\":\"BreadcrumbList\",\"@id\":\"https:\/\/www.diocesitn.it\/area-annuncio\/2026\/03\/16\/da-grande-faro-lanimatore-2026\/#breadcrumb\",\"itemListElement\":[{\"@type\":\"ListItem\",\"position\":1,\"name\":\"Home\",\"item\":\"https:\/\/www.diocesitn.it\/area-annuncio\/\"},{\"@type\":\"ListItem\",\"position\":2,\"name\":\"Da grande far\u00f2 l\u2019animatore, per tutti i ragazzi e ragazze di 3\u00b0 media, sabato 9 maggio all\u2019oratorio di Gardolo. Iscrizioni aperte fino al 4 maggio\"}]},{\"@type\":\"WebSite\",\"@id\":\"https:\/\/www.diocesitn.it\/area-annuncio\/#website\",\"url\":\"https:\/\/www.diocesitn.it\/area-annuncio\/\",\"name\":\"Annuncio e Sacramenti\",\"description\":\"Chiesa di Trento\",\"publisher\":{\"@id\":\"https:\/\/www.diocesitn.it\/area-annuncio\/#organization\"},\"potentialAction\":[{\"@type\":\"SearchAction\",\"target\":{\"@type\":\"EntryPoint\",\"urlTemplate\":\"https:\/\/www.diocesitn.it\/area-annuncio\/?s={search_term_string}\"},\"query-input\":\"required name=search_term_string\"}],\"inLanguage\":\"it-IT\"},{\"@type\":[\"Organization\",\"Place\"],\"@id\":\"https:\/\/www.diocesitn.it\/area-annuncio\/#organization\",\"name\":\"Area Annuncio e Sacramenti - Chiesa di Trento\",\"url\":\"https:\/\/www.diocesitn.it\/area-annuncio\/\",\"logo\":{\"@id\":\"https:\/\/www.diocesitn.it\/area-annuncio\/2026\/03\/16\/da-grande-faro-lanimatore-2026\/#local-main-organization-logo\"},\"image\":{\"@id\":\"https:\/\/www.diocesitn.it\/area-annuncio\/2026\/03\/16\/da-grande-faro-lanimatore-2026\/#local-main-organization-logo\"},\"sameAs\":[\"https:\/\/www.facebook.com\/pastoralegiovanile.trento\/\",\"https:\/\/www.instagram.com\/pastoralegiovaniletrento\/\",\"https:\/\/www.youtube.com\/channel\/UCGt7hyJaIQIkrQPos4K6L6w\"],\"openingHoursSpecification\":[{\"@type\":\"OpeningHoursSpecification\",\"dayOfWeek\":[\"Monday\",\"Tuesday\",\"Wednesday\",\"Thursday\",\"Friday\",\"Saturday\",\"Sunday\"],\"opens\":\"09:00\",\"closes\":\"17:00\"}]},{\"@type\":\"ImageObject\",\"inLanguage\":\"it-IT\",\"@id\":\"https:\/\/www.diocesitn.it\/area-annuncio\/2026\/03\/16\/da-grande-faro-lanimatore-2026\/#local-main-organization-logo\",\"url\":\"https:\/\/www.diocesitn.it\/area-annuncio\/wp-content\/uploads\/sites\/39\/2021\/09\/og-logo-annuncio-e-sacramenti.jpg\",\"contentUrl\":\"https:\/\/www.diocesitn.it\/area-annuncio\/wp-content\/uploads\/sites\/39\/2021\/09\/og-logo-annuncio-e-sacramenti.jpg\",\"width\":1200,\"height\":630,\"caption\":\"Area Annuncio e Sacramenti - Chiesa di Trento\"}]}<\/script>\n<!-- \/ Yoast SEO Premium plugin. -->","yoast_head_json":{"title":"da grande far\u00f2 l'animatore","description":"Sabato 9 maggio all\u2019oratorio di Gardolo si terr\u00e0 un incontro per riflettere su un tema che, per molti ragazzi e ragazze della terza media, rappresenta un sogno: fare l\u2019animatore.","robots":{"index":"index","follow":"follow","max-snippet":"max-snippet:-1","max-image-preview":"max-image-preview:large","max-video-preview":"max-video-preview:-1"},"canonical":"https:\/\/www.diocesitn.it\/area-annuncio\/2026\/03\/16\/da-grande-faro-lanimatore-2026\/","og_locale":"it_IT","og_type":"article","og_title":"Da grande far\u00f2 l\u2019animatore, per tutti i ragazzi e ragazze di 3\u00b0 media, sabato 9 maggio all\u2019oratorio di Gardolo. Iscrizioni aperte fino al 4 maggio","og_description":"Sabato 9 maggio all\u2019oratorio di Gardolo si terr\u00e0 un incontro per riflettere su un tema che, per molti ragazzi e ragazze della terza media, rappresenta un sogno: fare l\u2019animatore.","og_url":"https:\/\/www.diocesitn.it\/area-annuncio\/2026\/03\/16\/da-grande-faro-lanimatore-2026\/","og_site_name":"Annuncio e Sacramenti","article_publisher":"https:\/\/www.facebook.com\/pastoralegiovanile.trento\/","article_published_time":"2026-03-16T11:23:41+00:00","article_modified_time":"2026-04-16T07:54:16+00:00","og_image":[{"width":1080,"height":610,"url":"https:\/\/www.diocesitn.it\/area-annuncio\/wp-content\/uploads\/sites\/39\/2026\/03\/da-grande-faro-lanimatore-e1773055062919.jpg","type":"image\/jpeg"}],"author":"lsegnana","twitter_card":"summary_large_image","twitter_misc":{"Scritto da":"lsegnana","Tempo di lettura stimato":"1 minuto"},"schema":{"@context":"https:\/\/schema.org","@graph":[{"@type":"Article","@id":"https:\/\/www.diocesitn.it\/area-annuncio\/2026\/03\/16\/da-grande-faro-lanimatore-2026\/#article","isPartOf":{"@id":"https:\/\/www.diocesitn.it\/area-annuncio\/2026\/03\/16\/da-grande-faro-lanimatore-2026\/"},"author":{"name":"lsegnana","@id":"https:\/\/www.diocesitn.it\/area-annuncio\/#\/schema\/person\/47b3e5ac123af8c05031d0a2fae5dcde"},"headline":"Da grande far\u00f2 l\u2019animatore, per tutti i ragazzi e ragazze di 3\u00b0 media, sabato 9 maggio all\u2019oratorio di Gardolo. Iscrizioni aperte fino al 4 maggio","datePublished":"2026-03-16T11:23:41+00:00","dateModified":"2026-04-16T07:54:16+00:00","mainEntityOfPage":{"@id":"https:\/\/www.diocesitn.it\/area-annuncio\/2026\/03\/16\/da-grande-faro-lanimatore-2026\/"},"wordCount":264,"publisher":{"@id":"https:\/\/www.diocesitn.it\/area-annuncio\/#organization"},"image":{"@id":"https:\/\/www.diocesitn.it\/area-annuncio\/2026\/03\/16\/da-grande-faro-lanimatore-2026\/#primaryimage"},"thumbnailUrl":"https:\/\/www.diocesitn.it\/area-annuncio\/wp-content\/uploads\/sites\/39\/2026\/03\/da-grande-faro-lanimatore-e1773055062919.jpg","articleSection":["Giovani","Notizie"],"inLanguage":"it-IT","copyrightYear":"2026","copyrightHolder":{"@id":"https:\/\/www.diocesitn.it\/#organization"}},{"@type":"WebPage","@id":"https:\/\/www.diocesitn.it\/area-annuncio\/2026\/03\/16\/da-grande-faro-lanimatore-2026\/","url":"https:\/\/www.diocesitn.it\/area-annuncio\/2026\/03\/16\/da-grande-faro-lanimatore-2026\/","name":"da grande far\u00f2 l'animatore","isPartOf":{"@id":"https:\/\/www.diocesitn.it\/area-annuncio\/#website"},"primaryImageOfPage":{"@id":"https:\/\/www.diocesitn.it\/area-annuncio\/2026\/03\/16\/da-grande-faro-lanimatore-2026\/#primaryimage"},"image":{"@id":"https:\/\/www.diocesitn.it\/area-annuncio\/2026\/03\/16\/da-grande-faro-lanimatore-2026\/#primaryimage"},"thumbnailUrl":"https:\/\/www.diocesitn.it\/area-annuncio\/wp-content\/uploads\/sites\/39\/2026\/03\/da-grande-faro-lanimatore-e1773055062919.jpg","datePublished":"2026-03-16T11:23:41+00:00","dateModified":"2026-04-16T07:54:16+00:00","description":"Sabato 9 maggio all\u2019oratorio di Gardolo si terr\u00e0 un incontro per riflettere su un tema che, per molti ragazzi e ragazze della terza media, rappresenta un sogno: fare l\u2019animatore.","breadcrumb":{"@id":"https:\/\/www.diocesitn.it\/area-annuncio\/2026\/03\/16\/da-grande-faro-lanimatore-2026\/#breadcrumb"},"inLanguage":"it-IT","potentialAction":[{"@type":"ReadAction","target":["https:\/\/www.diocesitn.it\/area-annuncio\/2026\/03\/16\/da-grande-faro-lanimatore-2026\/"]}]},{"@type":"ImageObject","inLanguage":"it-IT","@id":"https:\/\/www.diocesitn.it\/area-annuncio\/2026\/03\/16\/da-grande-faro-lanimatore-2026\/#primaryimage","url":"https:\/\/www.diocesitn.it\/area-annuncio\/wp-content\/uploads\/sites\/39\/2026\/03\/da-grande-faro-lanimatore-e1773055062919.jpg","contentUrl":"https:\/\/www.diocesitn.it\/area-annuncio\/wp-content\/uploads\/sites\/39\/2026\/03\/da-grande-faro-lanimatore-e1773055062919.jpg","width":1080,"height":610,"caption":"terza media"},{"@type":"BreadcrumbList","@id":"https:\/\/www.diocesitn.it\/area-annuncio\/2026\/03\/16\/da-grande-faro-lanimatore-2026\/#breadcrumb","itemListElement":[{"@type":"ListItem","position":1,"name":"Home","item":"https:\/\/www.diocesitn.it\/area-annuncio\/"},{"@type":"ListItem","position":2,"name":"Da grande far\u00f2 l\u2019animatore, per tutti i ragazzi e ragazze di 3\u00b0 media, sabato 9 maggio all\u2019oratorio di Gardolo. Iscrizioni aperte fino al 4 maggio"}]},{"@type":"WebSite","@id":"https:\/\/www.diocesitn.it\/area-annuncio\/#website","url":"https:\/\/www.diocesitn.it\/area-annuncio\/","name":"Annuncio e Sacramenti","description":"Chiesa di Trento","publisher":{"@id":"https:\/\/www.diocesitn.it\/area-annuncio\/#organization"},"potentialAction":[{"@type":"SearchAction","target":{"@type":"EntryPoint","urlTemplate":"https:\/\/www.diocesitn.it\/area-annuncio\/?s={search_term_string}"},"query-input":"required name=search_term_string"}],"inLanguage":"it-IT"},{"@type":["Organization","Place"],"@id":"https:\/\/www.diocesitn.it\/area-annuncio\/#organization","name":"Area Annuncio e Sacramenti - Chiesa di Trento","url":"https:\/\/www.diocesitn.it\/area-annuncio\/","logo":{"@id":"https:\/\/www.diocesitn.it\/area-annuncio\/2026\/03\/16\/da-grande-faro-lanimatore-2026\/#local-main-organization-logo"},"image":{"@id":"https:\/\/www.diocesitn.it\/area-annuncio\/2026\/03\/16\/da-grande-faro-lanimatore-2026\/#local-main-organization-logo"},"sameAs":["https:\/\/www.facebook.com\/pastoralegiovanile.trento\/","https:\/\/www.instagram.com\/pastoralegiovaniletrento\/","https:\/\/www.youtube.com\/channel\/UCGt7hyJaIQIkrQPos4K6L6w"],"openingHoursSpecification":[{"@type":"OpeningHoursSpecification","dayOfWeek":["Monday","Tuesday","Wednesday","Thursday","Friday","Saturday","Sunday"],"opens":"09:00","closes":"17:00"}]},{"@type":"ImageObject","inLanguage":"it-IT","@id":"https:\/\/www.diocesitn.it\/area-annuncio\/2026\/03\/16\/da-grande-faro-lanimatore-2026\/#local-main-organization-logo","url":"https:\/\/www.diocesitn.it\/area-annuncio\/wp-content\/uploads\/sites\/39\/2021\/09\/og-logo-annuncio-e-sacramenti.jpg","contentUrl":"https:\/\/www.diocesitn.it\/area-annuncio\/wp-content\/uploads\/sites\/39\/2021\/09\/og-logo-annuncio-e-sacramenti.jpg","width":1200,"height":630,"caption":"Area Annuncio e Sacramenti - Chiesa di Trento"}]}},"_links":{"self":[{"href":"https:\/\/www.diocesitn.it\/area-annuncio\/wp-json\/wp\/v2\/posts\/27500","targetHints":{"allow":["GET"]}}],"collection":[{"href":"https:\/\/www.diocesitn.it\/area-annuncio\/wp-json\/wp\/v2\/posts"}],"about":[{"href":"https:\/\/www.diocesitn.it\/area-annuncio\/wp-json\/wp\/v2\/types\/post"}],"author":[{"embeddable":true,"href":"https:\/\/www.diocesitn.it\/area-annuncio\/wp-json\/wp\/v2\/users\/179"}],"replies":[{"embeddable":true,"href":"https:\/\/www.diocesitn.it\/area-annuncio\/wp-json\/wp\/v2\/comments?post=27500"}],"version-history":[{"count":3,"href":"https:\/\/www.diocesitn.it\/area-annuncio\/wp-json\/wp\/v2\/posts\/27500\/revisions"}],"predecessor-version":[{"id":27899,"href":"https:\/\/www.diocesitn.it\/area-annuncio\/wp-json\/wp\/v2\/posts\/27500\/revisions\/27899"}],"wp:featuredmedia":[{"embeddable":true,"href":"https:\/\/www.diocesitn.it\/area-annuncio\/wp-json\/wp\/v2\/media\/27502"}],"wp:attachment":[{"href":"https:\/\/www.diocesitn.it\/area-annuncio\/wp-json\/wp\/v2\/media?parent=27500"}],"wp:term":[{"taxonomy":"category","embeddable":true,"href":"https:\/\/www.diocesitn.it\/area-annuncio\/wp-json\/wp\/v2\/categories?post=27500"},{"taxonomy":"post_tag","embeddable":true,"href":"https:\/\/www.diocesitn.it\/area-annuncio\/wp-json\/wp\/v2\/tags?post=27500"}],"curies":[{"name":"wp","href":"https:\/\/api.w.org\/{rel}","templated":true}]}}