{"id":27147,"date":"2026-01-29T11:34:59","date_gmt":"2026-01-29T10:34:59","guid":{"rendered":"https:\/\/www.diocesitn.it\/area-annuncio\/?p=27147"},"modified":"2026-03-06T08:19:56","modified_gmt":"2026-03-06T07:19:56","slug":"esercizi-spirituali-per-famiglie-marzo-2026-a-coredo","status":"publish","type":"post","link":"https:\/\/www.diocesitn.it\/area-annuncio\/2026\/01\/29\/esercizi-spirituali-per-famiglie-marzo-2026-a-coredo\/","title":{"rendered":"Esercizi spirituali per famiglie 6 &#8211; 7 &#8211; 8 marzo 2026 a Coredo"},"content":{"rendered":"<p><a href=\"https:\/\/www.diocesitn.it\/area-annuncio\/wp-content\/uploads\/sites\/39\/2026\/01\/1-1-2.png\" target=\"_blank\" rel=\"noopener\"><img loading=\"lazy\" decoding=\"async\" class=\"alignleft wp-image-27167 size-medium\" src=\"https:\/\/www.diocesitn.it\/area-annuncio\/wp-content\/uploads\/sites\/39\/2026\/01\/1-1-2-212x300.png\" alt=\"\" width=\"212\" height=\"300\" srcset=\"https:\/\/www.diocesitn.it\/area-annuncio\/wp-content\/uploads\/sites\/39\/2026\/01\/1-1-2-212x300.png 212w, https:\/\/www.diocesitn.it\/area-annuncio\/wp-content\/uploads\/sites\/39\/2026\/01\/1-1-2-724x1024.png 724w, https:\/\/www.diocesitn.it\/area-annuncio\/wp-content\/uploads\/sites\/39\/2026\/01\/1-1-2-768x1086.png 768w, https:\/\/www.diocesitn.it\/area-annuncio\/wp-content\/uploads\/sites\/39\/2026\/01\/1-1-2-198x280.png 198w, https:\/\/www.diocesitn.it\/area-annuncio\/wp-content\/uploads\/sites\/39\/2026\/01\/1-1-2-543x768.png 543w, https:\/\/www.diocesitn.it\/area-annuncio\/wp-content\/uploads\/sites\/39\/2026\/01\/1-1-2-1086x1536.png 1086w, https:\/\/www.diocesitn.it\/area-annuncio\/wp-content\/uploads\/sites\/39\/2026\/01\/1-1-2-1448x2048.png 1448w, https:\/\/www.diocesitn.it\/area-annuncio\/wp-content\/uploads\/sites\/39\/2026\/01\/1-1-2-800x1132.png 800w, https:\/\/www.diocesitn.it\/area-annuncio\/wp-content\/uploads\/sites\/39\/2026\/01\/1-1-2-1200x1698.png 1200w, https:\/\/www.diocesitn.it\/area-annuncio\/wp-content\/uploads\/sites\/39\/2026\/01\/1-1-2-1320x1867.png 1320w, https:\/\/www.diocesitn.it\/area-annuncio\/wp-content\/uploads\/sites\/39\/2026\/01\/1-1-2.png 1587w\" sizes=\"auto, (max-width: 212px) 100vw, 212px\" \/><\/a><span style=\"font-size: inherit\">Il Servizio Famiglia propone un fine settimana di esercizi spirituali per famiglie guidati da <\/span><strong style=\"font-size: inherit\">un sacerdote e una coppia di sposi<\/strong><span style=\"font-size: inherit\">\u00a0dalla <\/span><strong style=\"font-size: inherit\">sera di venerd\u00ec 6 al pomeriggio di domenica 8 marzo 2026 <\/strong><span style=\"font-size: inherit\">presso &#8220;Casa Betania&#8221; di Coredo.<\/span><\/p>\n<p>Il tema che guider\u00e0 il week end \u00e8:<\/p>\n<p><strong>Beati voi! Lo sai?<\/strong><br \/>\n<strong>C&#8217;\u00e8 una proposta anche per te&#8230;<\/strong><\/p>\n<p>La struttura che ci ospiter\u00e0 non fa trattamento alberghiero ma il Servizio Famiglie garantisce il servizio pasti e pulizia. Per il pernottamento \u00e8 necessario portare lenzuola o sacco a pelo (pi\u00f9 coprimaterasso e federa) e asciugamani.<\/p>\n<p>Il costo del soggiorno \u00e8 di \u20ac 270,00 a famiglia.<\/p>\n<p>Vogliamo che l&#8217;aspetto economico non sia un impedimento, se necessario contattare il Servizio Famiglia 342-862.78.42 mail: <a href=\"mailto:famiglia@diocesitn.it\" target=\"_blank\" rel=\"noopener\">famiglia@diocesitn.it<\/a><\/p>\n<p>Sar\u00e0\u00a0 garantita l&#8217;animazione dei figli; al momento dell&#8217;iscrizione dovr\u00e0 essere indicata la loro et\u00e0.<\/p>\n<p>I posti a disposizione sono limitati. Qui il <a href=\"https:\/\/www.diocesitn.it\/area-annuncio\/wp-content\/uploads\/sites\/39\/2026\/01\/2-1.png\">volantino<\/a> per l&#8217;eventuale stampa!<\/p>\n<p>&nbsp;<\/p>\n<p>&nbsp;<\/p>\n<p>Qui il form per effettuare l&#8217;iscrizione: <noscript class=\"ninja-forms-noscript-message\">\n\tAvviso: JavaScript \u00e8 obbligatorio per questo contenuto.<\/noscript>\n<div id=\"nf-form-108-cont\" class=\"nf-form-cont\" aria-live=\"polite\" aria-labelledby=\"nf-form-title-108\" aria-describedby=\"nf-form-errors-108\" role=\"form\">\n\n    <div class=\"nf-loading-spinner\"><\/div>\n\n<\/div>\n        <!-- That data is being printed as a workaround to page builders reordering the order of the scripts loaded-->\n        <script>var formDisplay=1;var nfForms=nfForms||[];var form=[];form.id='108';form.settings={\"objectType\":\"Form Setting\",\"editActive\":true,\"title\":\"Esercizi spirituali per famiglie 2026 Coredo iscrizioni\",\"created_at\":\"2025-01-13 12:20:48\",\"default_label_pos\":\"above\",\"show_title\":\"1\",\"clear_complete\":\"1\",\"hide_complete\":\"1\",\"logged_in\":\"\",\"wrapper_class\":\"\",\"element_class\":\"\",\"key\":\"\",\"add_submit\":\"1\",\"currency\":\"\",\"repeatable_fieldsets\":\"\",\"unique_field_error\":\"A form with this value has already been submitted.\",\"not_logged_in_msg\":\"\",\"sub_limit_msg\":\"The form has reached its submission limit.\",\"calculations\":[],\"formContentData\":[\"cognome_e_nome_di_lui_1633945172537\",\"cognome_e_nome_di_lei_1633945196039\",\"phone_1633945208523\",\"email_1633945212569\",\"citta_paese_1634195816543\",\"nome_e_data_di_nascita_primo_figlio_solo_se_presente_all_incontro_1671441767417\",\"nome_e_data_di_nascita_secondo_figlio_solo_se_presente_all_incontro_1671441781842\",\"nome_e_data_di_nascita_terzo_figlio_solo_se_presente_all_incontro_1671441795797\",\"nome_e_data_di_nascita_quarto_figlio_solo_se_presente_all_incontro_1671441817541\",\"nome_e_data_di_nascita_quinto_figlio_solo_se_presente_all_incontro_1671441823566\",\"nome_e_data_di_nascita_sesto_figlio_solo_se_presente_all_incontro_1671441830208\",\"intolleranze_allergie_alimentari_1634195648856\",\"richieste_particolari_1634195667844\",\"hr_1633947941874\",\"html_1633945892810\",\"checkbox_1633948192311\",\"submit_1633945917826\"],\"sub_limit_number\":\"13\",\"drawerDisabled\":false,\"changeEmailErrorMsg\":\"Immetti un indirizzo email valido.\",\"changeDateErrorMsg\":\"Please enter a valid date!\",\"confirmFieldErrorMsg\":\"Questi campi devono corrispondere.\",\"fieldNumberNumMinError\":\"Errore numero min\",\"fieldNumberNumMaxError\":\"Errore numero max\",\"fieldNumberIncrementBy\":\"Incrementa di \",\"formErrorsCorrectErrors\":\"Correggi gli errori prima di inviare il form.\",\"validateRequiredField\":\"Campo obbligatorio.\",\"honeypotHoneypotError\":\"Errore Honeypot\",\"fieldsMarkedRequired\":\"I campi contrassegnati con <span class=\\\"ninja-forms-req-symbol\\\">*<\\\/span> sono obbligatori.\",\"form_title_heading_level\":\"3\",\"allow_public_link\":0,\"embed_form\":\"\",\"objectDomain\":\"display\",\"ninjaForms\":\"Ninja Forms\",\"fieldTextareaRTEInsertLink\":\"Inserisci link\",\"fieldTextareaRTEInsertMedia\":\"Inserisci media\",\"fieldTextareaRTESelectAFile\":\"Seleziona un file\",\"formHoneypot\":\"Se sei un essere umano e vedi questo campo, lascialo vuoto.\",\"fileUploadOldCodeFileUploadInProgress\":\"Caricamento file in corso.\",\"fileUploadOldCodeFileUpload\":\"CARICAMENTO FILE\",\"currencySymbol\":\"&euro;\",\"thousands_sep\":\".\",\"decimal_point\":\",\",\"siteLocale\":\"it_IT\",\"dateFormat\":\"d\\\/m\\\/Y\",\"startOfWeek\":\"1\",\"of\":\"di\",\"previousMonth\":\"Previous Month\",\"nextMonth\":\"Next Month\",\"months\":[\"January\",\"February\",\"March\",\"April\",\"May\",\"June\",\"July\",\"August\",\"September\",\"October\",\"November\",\"December\"],\"monthsShort\":[\"Jan\",\"Feb\",\"Mar\",\"Apr\",\"May\",\"Jun\",\"Jul\",\"Aug\",\"Sep\",\"Oct\",\"Nov\",\"Dec\"],\"weekdays\":[\"Sunday\",\"Monday\",\"Tuesday\",\"Wednesday\",\"Thursday\",\"Friday\",\"Saturday\"],\"weekdaysShort\":[\"Sun\",\"Mon\",\"Tue\",\"Wed\",\"Thu\",\"Fri\",\"Sat\"],\"weekdaysMin\":[\"Su\",\"Mo\",\"Tu\",\"We\",\"Th\",\"Fr\",\"Sa\"],\"recaptchaConsentMissing\":\"reCaptcha validation couldn&#039;t load.\",\"recaptchaMissingCookie\":\"reCaptcha v3 validation couldn&#039;t load the cookie needed to submit the form.\",\"recaptchaConsentEvent\":\"Accept reCaptcha cookies before sending the form.\",\"currency_symbol\":\"\",\"beforeForm\":\"\",\"beforeFields\":\"\",\"afterFields\":\"\",\"afterForm\":\"\"};form.fields=[{\"objectType\":\"Field\",\"objectDomain\":\"fields\",\"editActive\":false,\"order\":1,\"idAttribute\":\"id\",\"label\":\"Cognome e nome di lui\",\"type\":\"firstname\",\"key\":\"cognome_e_nome_di_lui_1633945172537\",\"label_pos\":\"above\",\"required\":0,\"default\":\"\",\"placeholder\":\"\",\"container_class\":\"\",\"element_class\":\"\",\"admin_label\":\"\",\"help_text\":\"\",\"custom_name_attribute\":\"fname\",\"personally_identifiable\":1,\"value\":\"\",\"drawerDisabled\":false,\"field_label\":\"Cognome e nome di lui\",\"field_key\":\"cognome_e_nome_di_lui_1633945172537\",\"id\":1635,\"beforeField\":\"\",\"afterField\":\"\",\"parentType\":\"firstname\",\"element_templates\":[\"firstname\",\"input\"],\"old_classname\":\"\",\"wrap_template\":\"wrap\"},{\"objectType\":\"Field\",\"objectDomain\":\"fields\",\"editActive\":false,\"order\":2,\"idAttribute\":\"id\",\"label\":\"Cognome e nome di lei\",\"type\":\"lastname\",\"key\":\"cognome_e_nome_di_lei_1633945196039\",\"label_pos\":\"above\",\"required\":\"\",\"default\":\"\",\"placeholder\":\"\",\"container_class\":\"\",\"element_class\":\"\",\"admin_label\":\"\",\"help_text\":\"\",\"custom_name_attribute\":\"lname\",\"personally_identifiable\":1,\"value\":\"\",\"drawerDisabled\":\"\",\"field_label\":\"Cognome e nome di lei\",\"field_key\":\"cognome_e_nome_di_lei_1633945196039\",\"id\":1636,\"beforeField\":\"\",\"afterField\":\"\",\"parentType\":\"lastname\",\"element_templates\":[\"lastname\",\"input\"],\"old_classname\":\"\",\"wrap_template\":\"wrap\"},{\"objectType\":\"Field\",\"objectDomain\":\"fields\",\"editActive\":false,\"order\":3,\"idAttribute\":\"id\",\"label\":\"Telefono\",\"type\":\"phone\",\"key\":\"phone_1633945208523\",\"label_pos\":\"above\",\"required\":1,\"default\":\"\",\"placeholder\":\"\",\"container_class\":\"\",\"element_class\":\"\",\"input_limit\":\"\",\"input_limit_type\":\"characters\",\"input_limit_msg\":\"Caratteri rimasti\",\"manual_key\":\"\",\"admin_label\":\"\",\"help_text\":\"\",\"mask\":\"\",\"custom_mask\":\"\",\"custom_name_attribute\":\"phone\",\"personally_identifiable\":1,\"value\":\"\",\"field_label\":\"Telefono\",\"field_key\":\"phone_1633945208523\",\"id\":1637,\"beforeField\":\"\",\"afterField\":\"\",\"parentType\":\"textbox\",\"element_templates\":[\"tel\",\"textbox\",\"input\"],\"old_classname\":\"\",\"wrap_template\":\"wrap\"},{\"objectType\":\"Field\",\"objectDomain\":\"fields\",\"editActive\":false,\"order\":4,\"idAttribute\":\"id\",\"label\":\"Email\",\"type\":\"email\",\"key\":\"email_1633945212569\",\"label_pos\":\"above\",\"required\":1,\"default\":\"\",\"placeholder\":\"\",\"container_class\":\"\",\"element_class\":\"\",\"admin_label\":\"\",\"help_text\":\"\",\"custom_name_attribute\":\"email\",\"personally_identifiable\":1,\"value\":\"\",\"drawerDisabled\":\"\",\"field_label\":\"Email\",\"field_key\":\"email_1633945212569\",\"id\":1638,\"beforeField\":\"\",\"afterField\":\"\",\"parentType\":\"email\",\"element_templates\":[\"email\",\"input\"],\"old_classname\":\"\",\"wrap_template\":\"wrap\"},{\"objectType\":\"Field\",\"objectDomain\":\"fields\",\"editActive\":false,\"order\":6,\"idAttribute\":\"id\",\"label\":\"Citt\\u00e0\\\/Paese\",\"type\":\"city\",\"key\":\"citta_paese_1634195816543\",\"label_pos\":\"above\",\"required\":1,\"default\":\"\",\"placeholder\":\"\",\"container_class\":\"\",\"element_class\":\"\",\"input_limit\":\"\",\"input_limit_type\":\"characters\",\"input_limit_msg\":\"Caratteri rimasti\",\"manual_key\":\"\",\"admin_label\":\"\",\"help_text\":\"\",\"mask\":\"\",\"custom_mask\":\"\",\"custom_name_attribute\":\"city\",\"personally_identifiable\":\"\",\"value\":\"\",\"drawerDisabled\":\"\",\"field_label\":\"Citt\\u00e0\\\/Paese\",\"field_key\":\"citta_paese_1634195816543\",\"id\":1649,\"beforeField\":\"\",\"afterField\":\"\",\"parentType\":\"city\",\"element_templates\":[\"city\",\"textbox\",\"input\"],\"old_classname\":\"\",\"wrap_template\":\"wrap\"},{\"objectType\":\"Field\",\"objectDomain\":\"fields\",\"editActive\":false,\"order\":7,\"idAttribute\":\"id\",\"label\":\"Nome e data di nascita PRIMO figlio solo se presente all'incontro\",\"type\":\"textbox\",\"key\":\"nome_e_data_di_nascita_primo_figlio_solo_se_presente_all_incontro_1671441767417\",\"label_pos\":\"above\",\"required\":\"\",\"default\":\"\",\"placeholder\":\"\",\"container_class\":\"\",\"element_class\":\"\",\"input_limit\":\"\",\"input_limit_type\":\"characters\",\"input_limit_msg\":\"Caratteri rimasti\",\"manual_key\":\"\",\"admin_label\":\"\",\"help_text\":\"\",\"mask\":\"\",\"custom_mask\":\"\",\"custom_name_attribute\":\"\",\"personally_identifiable\":\"\",\"value\":\"\",\"drawerDisabled\":\"\",\"field_label\":\"Nome e data di nascita PRIMO figlio solo se presente all'incontro\",\"field_key\":\"nome_e_data_di_nascita_primo_figlio_solo_se_presente_all_incontro_1671441767417\",\"id\":1641,\"beforeField\":\"\",\"afterField\":\"\",\"parentType\":\"textbox\",\"element_templates\":[\"textbox\",\"input\"],\"old_classname\":\"\",\"wrap_template\":\"wrap\"},{\"objectType\":\"Field\",\"objectDomain\":\"fields\",\"editActive\":false,\"order\":8,\"idAttribute\":\"id\",\"label\":\"Nome e data di nascita SECONDO figlio solo se presente all'incontro\",\"type\":\"textbox\",\"key\":\"nome_e_data_di_nascita_secondo_figlio_solo_se_presente_all_incontro_1671441781842\",\"label_pos\":\"above\",\"required\":\"\",\"default\":\"\",\"placeholder\":\"\",\"container_class\":\"\",\"element_class\":\"\",\"input_limit\":\"\",\"input_limit_type\":\"characters\",\"input_limit_msg\":\"Caratteri rimasti\",\"manual_key\":\"\",\"admin_label\":\"\",\"help_text\":\"\",\"mask\":\"\",\"custom_mask\":\"\",\"custom_name_attribute\":\"\",\"personally_identifiable\":\"\",\"value\":\"\",\"drawerDisabled\":\"\",\"field_label\":\"Nome e data di nascita SECONDO figlio solo se presente all'incontro\",\"field_key\":\"nome_e_data_di_nascita_secondo_figlio_solo_se_presente_all_incontro_1671441781842\",\"id\":1642,\"beforeField\":\"\",\"afterField\":\"\",\"parentType\":\"textbox\",\"element_templates\":[\"textbox\",\"input\"],\"old_classname\":\"\",\"wrap_template\":\"wrap\"},{\"objectType\":\"Field\",\"objectDomain\":\"fields\",\"editActive\":false,\"order\":9,\"idAttribute\":\"id\",\"label\":\"Nome e data di nascita TERZO figlio solo se presente all'incontro\",\"type\":\"textbox\",\"key\":\"nome_e_data_di_nascita_terzo_figlio_solo_se_presente_all_incontro_1671441795797\",\"label_pos\":\"above\",\"required\":\"\",\"default\":\"\",\"placeholder\":\"\",\"container_class\":\"\",\"element_class\":\"\",\"input_limit\":\"\",\"input_limit_type\":\"characters\",\"input_limit_msg\":\"Caratteri rimasti\",\"manual_key\":\"\",\"admin_label\":\"\",\"help_text\":\"\",\"mask\":\"\",\"custom_mask\":\"\",\"custom_name_attribute\":\"\",\"personally_identifiable\":\"\",\"value\":\"\",\"drawerDisabled\":\"\",\"field_label\":\"Nome e data di nascita TERZO figlio solo se presente all'incontro\",\"field_key\":\"nome_e_data_di_nascita_terzo_figlio_solo_se_presente_all_incontro_1671441795797\",\"id\":1643,\"beforeField\":\"\",\"afterField\":\"\",\"parentType\":\"textbox\",\"element_templates\":[\"textbox\",\"input\"],\"old_classname\":\"\",\"wrap_template\":\"wrap\"},{\"objectType\":\"Field\",\"objectDomain\":\"fields\",\"editActive\":false,\"order\":10,\"idAttribute\":\"id\",\"label\":\"Nome e data di nascita QUARTO figlio solo se presente all'incontro\",\"type\":\"textbox\",\"key\":\"nome_e_data_di_nascita_quarto_figlio_solo_se_presente_all_incontro_1671441817541\",\"label_pos\":\"above\",\"required\":\"\",\"default\":\"\",\"placeholder\":\"\",\"container_class\":\"\",\"element_class\":\"\",\"input_limit\":\"\",\"input_limit_type\":\"characters\",\"input_limit_msg\":\"Caratteri rimasti\",\"manual_key\":\"\",\"admin_label\":\"\",\"help_text\":\"\",\"mask\":\"\",\"custom_mask\":\"\",\"custom_name_attribute\":\"\",\"personally_identifiable\":\"\",\"value\":\"\",\"drawerDisabled\":\"\",\"field_label\":\"Nome e data di nascita QUARTO figlio solo se presente all'incontro\",\"field_key\":\"nome_e_data_di_nascita_quarto_figlio_solo_se_presente_all_incontro_1671441817541\",\"id\":1644,\"beforeField\":\"\",\"afterField\":\"\",\"parentType\":\"textbox\",\"element_templates\":[\"textbox\",\"input\"],\"old_classname\":\"\",\"wrap_template\":\"wrap\"},{\"objectType\":\"Field\",\"objectDomain\":\"fields\",\"editActive\":false,\"order\":11,\"idAttribute\":\"id\",\"label\":\"Nome e data di nascita QUINTO figlio solo se presente all'incontro\",\"type\":\"textbox\",\"key\":\"nome_e_data_di_nascita_quinto_figlio_solo_se_presente_all_incontro_1671441823566\",\"label_pos\":\"above\",\"required\":\"\",\"default\":\"\",\"placeholder\":\"\",\"container_class\":\"\",\"element_class\":\"\",\"input_limit\":\"\",\"input_limit_type\":\"characters\",\"input_limit_msg\":\"Caratteri rimasti\",\"manual_key\":\"\",\"admin_label\":\"\",\"help_text\":\"\",\"mask\":\"\",\"custom_mask\":\"\",\"custom_name_attribute\":\"\",\"personally_identifiable\":\"\",\"value\":\"\",\"drawerDisabled\":\"\",\"field_label\":\"Nome e data di nascita QUINTO figlio solo se presente all'incontro\",\"field_key\":\"nome_e_data_di_nascita_quinto_figlio_solo_se_presente_all_incontro_1671441823566\",\"id\":1645,\"beforeField\":\"\",\"afterField\":\"\",\"parentType\":\"textbox\",\"element_templates\":[\"textbox\",\"input\"],\"old_classname\":\"\",\"wrap_template\":\"wrap\"},{\"objectType\":\"Field\",\"objectDomain\":\"fields\",\"editActive\":false,\"order\":12,\"idAttribute\":\"id\",\"label\":\"Nome e data di nascita SESTO figlio solo se presente all'incontro\",\"type\":\"textbox\",\"key\":\"nome_e_data_di_nascita_sesto_figlio_solo_se_presente_all_incontro_1671441830208\",\"label_pos\":\"above\",\"required\":\"\",\"default\":\"\",\"placeholder\":\"\",\"container_class\":\"\",\"element_class\":\"\",\"input_limit\":\"\",\"input_limit_type\":\"characters\",\"input_limit_msg\":\"Caratteri rimasti\",\"manual_key\":\"\",\"admin_label\":\"\",\"help_text\":\"\",\"mask\":\"\",\"custom_mask\":\"\",\"custom_name_attribute\":\"\",\"personally_identifiable\":\"\",\"value\":\"\",\"drawerDisabled\":\"\",\"field_label\":\"Nome e data di nascita SESTO figlio solo se presente all'incontro\",\"field_key\":\"nome_e_data_di_nascita_sesto_figlio_solo_se_presente_all_incontro_1671441830208\",\"id\":1646,\"beforeField\":\"\",\"afterField\":\"\",\"parentType\":\"textbox\",\"element_templates\":[\"textbox\",\"input\"],\"old_classname\":\"\",\"wrap_template\":\"wrap\"},{\"objectType\":\"Field\",\"objectDomain\":\"fields\",\"editActive\":false,\"order\":13,\"idAttribute\":\"id\",\"label\":\"Intolleranze\\\/allergie alimentari\",\"type\":\"textarea\",\"key\":\"intolleranze_allergie_alimentari_1634195648856\",\"label_pos\":\"above\",\"required\":\"\",\"default\":\"\",\"placeholder\":\"\",\"container_class\":\"\",\"element_class\":\"\",\"input_limit\":\"\",\"input_limit_type\":\"characters\",\"input_limit_msg\":\"Caratteri rimasti\",\"manual_key\":\"\",\"admin_label\":\"\",\"help_text\":\"\",\"textarea_rte\":\"\",\"disable_rte_mobile\":\"\",\"textarea_media\":\"\",\"value\":\"\",\"drawerDisabled\":\"\",\"field_label\":\"Intolleranze\\\/allergie alimentari\",\"field_key\":\"intolleranze_allergie_alimentari_1634195648856\",\"id\":1650,\"beforeField\":\"\",\"afterField\":\"\",\"parentType\":\"textarea\",\"element_templates\":[\"textarea\",\"input\"],\"old_classname\":\"\",\"wrap_template\":\"wrap\"},{\"objectType\":\"Field\",\"objectDomain\":\"fields\",\"editActive\":false,\"order\":14,\"idAttribute\":\"id\",\"label\":\"Richieste particolari\",\"type\":\"textarea\",\"key\":\"richieste_particolari_1634195667844\",\"label_pos\":\"above\",\"required\":\"\",\"default\":\"\",\"placeholder\":\"\",\"container_class\":\"\",\"element_class\":\"\",\"input_limit\":\"\",\"input_limit_type\":\"characters\",\"input_limit_msg\":\"Caratteri rimasti\",\"manual_key\":\"\",\"admin_label\":\"\",\"help_text\":\"\",\"textarea_rte\":\"\",\"disable_rte_mobile\":\"\",\"textarea_media\":\"\",\"value\":\"\",\"drawerDisabled\":\"\",\"field_label\":\"Richieste particolari\",\"field_key\":\"richieste_particolari_1634195667844\",\"id\":1651,\"beforeField\":\"\",\"afterField\":\"\",\"parentType\":\"textarea\",\"element_templates\":[\"textarea\",\"input\"],\"old_classname\":\"\",\"wrap_template\":\"wrap\"},{\"objectType\":\"Field\",\"objectDomain\":\"fields\",\"editActive\":false,\"order\":15,\"idAttribute\":\"id\",\"label\":\"Divisore\",\"type\":\"hr\",\"container_class\":\"\",\"element_class\":\"\",\"key\":\"hr_1633947941874\",\"field_label\":\"Divisore\",\"field_key\":\"hr_1633947941874\",\"admin_label\":\"\",\"id\":1647,\"beforeField\":\"\",\"afterField\":\"\",\"value\":\"\",\"label_pos\":\"above\",\"parentType\":\"hr\",\"element_templates\":[\"hr\",\"input\"],\"old_classname\":\"\",\"wrap_template\":\"wrap\"},{\"objectType\":\"Field\",\"objectDomain\":\"fields\",\"editActive\":false,\"order\":16,\"idAttribute\":\"id\",\"label\":\"Informativa privacy, testo\",\"type\":\"html\",\"default\":\"Leggi l'informativa sulla privacy\",\"container_class\":\"\",\"element_class\":\"\",\"drawerDisabled\":\"\",\"field_label\":\"Informativa privacy, testo\",\"field_key\":\"html_1633945892810\",\"saved\":\"\",\"nicename\":\"Informativa privacy, testo\",\"key\":\"html_1633945892810\",\"admin_label\":\"\",\"id\":1639,\"beforeField\":\"\",\"afterField\":\"\",\"value\":\"Leggi l'informativa sulla privacy\",\"label_pos\":\"above\",\"parentType\":\"html\",\"element_templates\":[\"html\",\"input\"],\"old_classname\":\"\",\"wrap_template\":\"wrap\"},{\"objectType\":\"Field\",\"objectDomain\":\"fields\",\"editActive\":false,\"order\":17,\"idAttribute\":\"id\",\"label\":\"Autorizzo il trattamento dei miei dati personali nel rispetto della normativa sulla privacy\",\"type\":\"checkbox\",\"key\":\"checkbox_1633948192311\",\"label_pos\":\"right\",\"required\":1,\"container_class\":\"\",\"element_class\":\"\",\"manual_key\":1,\"admin_label\":\"\",\"help_text\":\"\",\"default_value\":\"unchecked\",\"checked_value\":\"Selezionato\",\"unchecked_value\":\"Deselezionato\",\"checked_calc_value\":\"\",\"unchecked_calc_value\":\"\",\"drawerDisabled\":\"\",\"field_label\":\"Autorizzo il trattamento dei miei dati personali nel rispetto della normativa sulla privacy\",\"field_key\":\"checkbox_1633948192311\",\"saved\":\"\",\"nicename\":\"Autorizzo il trattamento dei miei dati personali nel rispetto della normativa sulla privacy\",\"id\":1648,\"beforeField\":\"\",\"afterField\":\"\",\"value\":\"\",\"parentType\":\"checkbox\",\"element_templates\":[\"checkbox\",\"input\"],\"old_classname\":\"\",\"wrap_template\":\"wrap\"},{\"objectType\":\"Field\",\"objectDomain\":\"fields\",\"editActive\":false,\"order\":18,\"idAttribute\":\"id\",\"label\":\"Invia\",\"type\":\"submit\",\"processing_label\":\"Trattamento\",\"container_class\":\"\",\"element_class\":\"\",\"key\":\"submit_1633945917826\",\"field_label\":\"Invia\",\"field_key\":\"submit_1633945917826\",\"admin_label\":\"\",\"id\":1640,\"beforeField\":\"\",\"afterField\":\"\",\"value\":\"\",\"label_pos\":\"above\",\"parentType\":\"textbox\",\"element_templates\":[\"submit\",\"button\",\"input\"],\"old_classname\":\"\",\"wrap_template\":\"wrap-no-label\"}];nfForms.push(form);<\/script>\n        <\/p>\n<p>&nbsp;<\/p>\n<p>&nbsp;<\/p>\n","protected":false},"excerpt":{"rendered":"<p>Il Servizio Famiglia propone un fine settimana di esercizi spirituali per famiglie guidati da un sacerdote e una coppia di sposi\u00a0dalla sera di venerd\u00ec 6 al pomeriggio di domenica 8 marzo 2026 presso &#8220;Casa Betania&#8221;<\/p>\n","protected":false},"author":175,"featured_media":27165,"comment_status":"closed","ping_status":"closed","sticky":false,"template":"","format":"standard","meta":{"footnotes":""},"categories":[642,608],"tags":[],"class_list":["post-27147","post","type-post","status-publish","format-standard","has-post-thumbnail","hentry","category-servizio-famiglia","category-notizie"],"acf":{"seed-localization-paese-cod":"IT","seed-localization-address":"","seed-localization-citta":"Trento","seed-localization-regione-cod-istat":"04","seed-localization-citta-cod-istat":"022205","seed-localization-localita":"","seed-localization-cap":"","seed-localization-marker-visibility":false,"seed-localization-children-visibility":false,"seed-localization-kml":"","seed-localization-custom-marker":""},"yoast_head":"<!-- This site is optimized with the Yoast SEO Premium plugin v20.2.1 (Yoast SEO v22.2) - https:\/\/yoast.com\/wordpress\/plugins\/seo\/ -->\n<title>Esercizi spirituali per famiglie<\/title>\n<meta name=\"description\" content=\"Fine settimana di esercizi spirituali per famiglie guidati da un sacerdote e una coppia di sposi\u00a0dalla sera di venerd\u00ec 6 al pomeriggio di domenica 8 marzo 2026 presso &quot;Casa Betania&quot; di Coredo\" \/>\n<meta name=\"robots\" content=\"index, follow, max-snippet:-1, max-image-preview:large, max-video-preview:-1\" \/>\n<link rel=\"canonical\" href=\"https:\/\/www.diocesitn.it\/area-annuncio\/2026\/01\/29\/esercizi-spirituali-per-famiglie-marzo-2026-a-coredo\/\" \/>\n<meta property=\"og:locale\" content=\"it_IT\" \/>\n<meta property=\"og:type\" content=\"article\" \/>\n<meta property=\"og:title\" content=\"Esercizi spirituali per famiglie 6 - 7 - 8 marzo 2026 a Coredo\" \/>\n<meta property=\"og:description\" content=\"Fine settimana di esercizi spirituali per famiglie guidati da un sacerdote e una coppia di sposi\u00a0dalla sera di venerd\u00ec 6 al pomeriggio di domenica 8 marzo 2026 presso &quot;Casa Betania&quot; di Coredo\" \/>\n<meta property=\"og:url\" content=\"https:\/\/www.diocesitn.it\/area-annuncio\/2026\/01\/29\/esercizi-spirituali-per-famiglie-marzo-2026-a-coredo\/\" \/>\n<meta property=\"og:site_name\" content=\"Annuncio e Sacramenti\" \/>\n<meta property=\"article:publisher\" content=\"https:\/\/www.facebook.com\/pastoralegiovanile.trento\/\" \/>\n<meta property=\"article:published_time\" content=\"2026-01-29T10:34:59+00:00\" \/>\n<meta property=\"article:modified_time\" content=\"2026-03-06T07:19:56+00:00\" \/>\n<meta property=\"og:image\" content=\"https:\/\/www.diocesitn.it\/area-annuncio\/wp-content\/uploads\/sites\/39\/2026\/01\/1-1-e1769682476556.png\" \/>\n\t<meta property=\"og:image:width\" content=\"1586\" \/>\n\t<meta property=\"og:image:height\" content=\"917\" \/>\n\t<meta property=\"og:image:type\" content=\"image\/png\" \/>\n<meta name=\"author\" content=\"drizzi\" \/>\n<meta name=\"twitter:card\" content=\"summary_large_image\" \/>\n<meta name=\"twitter:label1\" content=\"Scritto da\" \/>\n\t<meta name=\"twitter:data1\" content=\"drizzi\" \/>\n\t<meta name=\"twitter:label2\" content=\"Tempo di lettura stimato\" \/>\n\t<meta name=\"twitter:data2\" content=\"1 minuto\" \/>\n<script type=\"application\/ld+json\" class=\"yoast-schema-graph\">{\"@context\":\"https:\/\/schema.org\",\"@graph\":[{\"@type\":\"Article\",\"@id\":\"https:\/\/www.diocesitn.it\/area-annuncio\/2026\/01\/29\/esercizi-spirituali-per-famiglie-marzo-2026-a-coredo\/#article\",\"isPartOf\":{\"@id\":\"https:\/\/www.diocesitn.it\/area-annuncio\/2026\/01\/29\/esercizi-spirituali-per-famiglie-marzo-2026-a-coredo\/\"},\"author\":{\"name\":\"drizzi\",\"@id\":\"https:\/\/www.diocesitn.it\/area-annuncio\/#\/schema\/person\/a3d472d87f182e1bc1efdf9079591d41\"},\"headline\":\"Esercizi spirituali per famiglie 6 &#8211; 7 &#8211; 8 marzo 2026 a Coredo\",\"datePublished\":\"2026-01-29T10:34:59+00:00\",\"dateModified\":\"2026-03-06T07:19:56+00:00\",\"mainEntityOfPage\":{\"@id\":\"https:\/\/www.diocesitn.it\/area-annuncio\/2026\/01\/29\/esercizi-spirituali-per-famiglie-marzo-2026-a-coredo\/\"},\"wordCount\":161,\"publisher\":{\"@id\":\"https:\/\/www.diocesitn.it\/area-annuncio\/#organization\"},\"image\":{\"@id\":\"https:\/\/www.diocesitn.it\/area-annuncio\/2026\/01\/29\/esercizi-spirituali-per-famiglie-marzo-2026-a-coredo\/#primaryimage\"},\"thumbnailUrl\":\"https:\/\/www.diocesitn.it\/area-annuncio\/wp-content\/uploads\/sites\/39\/2026\/01\/1-1-e1769682476556.png\",\"articleSection\":[\"Famiglia\",\"Notizie\"],\"inLanguage\":\"it-IT\",\"copyrightYear\":\"2026\",\"copyrightHolder\":{\"@id\":\"https:\/\/www.diocesitn.it\/#organization\"}},{\"@type\":\"WebPage\",\"@id\":\"https:\/\/www.diocesitn.it\/area-annuncio\/2026\/01\/29\/esercizi-spirituali-per-famiglie-marzo-2026-a-coredo\/\",\"url\":\"https:\/\/www.diocesitn.it\/area-annuncio\/2026\/01\/29\/esercizi-spirituali-per-famiglie-marzo-2026-a-coredo\/\",\"name\":\"Esercizi spirituali per famiglie\",\"isPartOf\":{\"@id\":\"https:\/\/www.diocesitn.it\/area-annuncio\/#website\"},\"primaryImageOfPage\":{\"@id\":\"https:\/\/www.diocesitn.it\/area-annuncio\/2026\/01\/29\/esercizi-spirituali-per-famiglie-marzo-2026-a-coredo\/#primaryimage\"},\"image\":{\"@id\":\"https:\/\/www.diocesitn.it\/area-annuncio\/2026\/01\/29\/esercizi-spirituali-per-famiglie-marzo-2026-a-coredo\/#primaryimage\"},\"thumbnailUrl\":\"https:\/\/www.diocesitn.it\/area-annuncio\/wp-content\/uploads\/sites\/39\/2026\/01\/1-1-e1769682476556.png\",\"datePublished\":\"2026-01-29T10:34:59+00:00\",\"dateModified\":\"2026-03-06T07:19:56+00:00\",\"description\":\"Fine settimana di esercizi spirituali per famiglie guidati da un sacerdote e una coppia di sposi\u00a0dalla sera di venerd\u00ec 6 al pomeriggio di domenica 8 marzo 2026 presso \\\"Casa Betania\\\" di Coredo\",\"breadcrumb\":{\"@id\":\"https:\/\/www.diocesitn.it\/area-annuncio\/2026\/01\/29\/esercizi-spirituali-per-famiglie-marzo-2026-a-coredo\/#breadcrumb\"},\"inLanguage\":\"it-IT\",\"potentialAction\":[{\"@type\":\"ReadAction\",\"target\":[\"https:\/\/www.diocesitn.it\/area-annuncio\/2026\/01\/29\/esercizi-spirituali-per-famiglie-marzo-2026-a-coredo\/\"]}]},{\"@type\":\"ImageObject\",\"inLanguage\":\"it-IT\",\"@id\":\"https:\/\/www.diocesitn.it\/area-annuncio\/2026\/01\/29\/esercizi-spirituali-per-famiglie-marzo-2026-a-coredo\/#primaryimage\",\"url\":\"https:\/\/www.diocesitn.it\/area-annuncio\/wp-content\/uploads\/sites\/39\/2026\/01\/1-1-e1769682476556.png\",\"contentUrl\":\"https:\/\/www.diocesitn.it\/area-annuncio\/wp-content\/uploads\/sites\/39\/2026\/01\/1-1-e1769682476556.png\",\"width\":1586,\"height\":917},{\"@type\":\"BreadcrumbList\",\"@id\":\"https:\/\/www.diocesitn.it\/area-annuncio\/2026\/01\/29\/esercizi-spirituali-per-famiglie-marzo-2026-a-coredo\/#breadcrumb\",\"itemListElement\":[{\"@type\":\"ListItem\",\"position\":1,\"name\":\"Home\",\"item\":\"https:\/\/www.diocesitn.it\/area-annuncio\/\"},{\"@type\":\"ListItem\",\"position\":2,\"name\":\"Esercizi spirituali per famiglie 6 &#8211; 7 &#8211; 8 marzo 2026 a Coredo\"}]},{\"@type\":\"WebSite\",\"@id\":\"https:\/\/www.diocesitn.it\/area-annuncio\/#website\",\"url\":\"https:\/\/www.diocesitn.it\/area-annuncio\/\",\"name\":\"Annuncio e Sacramenti\",\"description\":\"Chiesa di Trento\",\"publisher\":{\"@id\":\"https:\/\/www.diocesitn.it\/area-annuncio\/#organization\"},\"potentialAction\":[{\"@type\":\"SearchAction\",\"target\":{\"@type\":\"EntryPoint\",\"urlTemplate\":\"https:\/\/www.diocesitn.it\/area-annuncio\/?s={search_term_string}\"},\"query-input\":\"required name=search_term_string\"}],\"inLanguage\":\"it-IT\"},{\"@type\":[\"Organization\",\"Place\"],\"@id\":\"https:\/\/www.diocesitn.it\/area-annuncio\/#organization\",\"name\":\"Area Annuncio e Sacramenti - Chiesa di Trento\",\"url\":\"https:\/\/www.diocesitn.it\/area-annuncio\/\",\"logo\":{\"@id\":\"https:\/\/www.diocesitn.it\/area-annuncio\/2026\/01\/29\/esercizi-spirituali-per-famiglie-marzo-2026-a-coredo\/#local-main-organization-logo\"},\"image\":{\"@id\":\"https:\/\/www.diocesitn.it\/area-annuncio\/2026\/01\/29\/esercizi-spirituali-per-famiglie-marzo-2026-a-coredo\/#local-main-organization-logo\"},\"sameAs\":[\"https:\/\/www.facebook.com\/pastoralegiovanile.trento\/\",\"https:\/\/www.instagram.com\/pastoralegiovaniletrento\/\",\"https:\/\/www.youtube.com\/channel\/UCGt7hyJaIQIkrQPos4K6L6w\"],\"openingHoursSpecification\":[{\"@type\":\"OpeningHoursSpecification\",\"dayOfWeek\":[\"Monday\",\"Tuesday\",\"Wednesday\",\"Thursday\",\"Friday\",\"Saturday\",\"Sunday\"],\"opens\":\"09:00\",\"closes\":\"17:00\"}]},{\"@type\":\"ImageObject\",\"inLanguage\":\"it-IT\",\"@id\":\"https:\/\/www.diocesitn.it\/area-annuncio\/2026\/01\/29\/esercizi-spirituali-per-famiglie-marzo-2026-a-coredo\/#local-main-organization-logo\",\"url\":\"https:\/\/www.diocesitn.it\/area-annuncio\/wp-content\/uploads\/sites\/39\/2021\/09\/og-logo-annuncio-e-sacramenti.jpg\",\"contentUrl\":\"https:\/\/www.diocesitn.it\/area-annuncio\/wp-content\/uploads\/sites\/39\/2021\/09\/og-logo-annuncio-e-sacramenti.jpg\",\"width\":1200,\"height\":630,\"caption\":\"Area Annuncio e Sacramenti - Chiesa di Trento\"}]}<\/script>\n<!-- \/ Yoast SEO Premium plugin. -->","yoast_head_json":{"title":"Esercizi spirituali per famiglie","description":"Fine settimana di esercizi spirituali per famiglie guidati da un sacerdote e una coppia di sposi\u00a0dalla sera di venerd\u00ec 6 al pomeriggio di domenica 8 marzo 2026 presso \"Casa Betania\" di Coredo","robots":{"index":"index","follow":"follow","max-snippet":"max-snippet:-1","max-image-preview":"max-image-preview:large","max-video-preview":"max-video-preview:-1"},"canonical":"https:\/\/www.diocesitn.it\/area-annuncio\/2026\/01\/29\/esercizi-spirituali-per-famiglie-marzo-2026-a-coredo\/","og_locale":"it_IT","og_type":"article","og_title":"Esercizi spirituali per famiglie 6 - 7 - 8 marzo 2026 a Coredo","og_description":"Fine settimana di esercizi spirituali per famiglie guidati da un sacerdote e una coppia di sposi\u00a0dalla sera di venerd\u00ec 6 al pomeriggio di domenica 8 marzo 2026 presso \"Casa Betania\" di Coredo","og_url":"https:\/\/www.diocesitn.it\/area-annuncio\/2026\/01\/29\/esercizi-spirituali-per-famiglie-marzo-2026-a-coredo\/","og_site_name":"Annuncio e Sacramenti","article_publisher":"https:\/\/www.facebook.com\/pastoralegiovanile.trento\/","article_published_time":"2026-01-29T10:34:59+00:00","article_modified_time":"2026-03-06T07:19:56+00:00","og_image":[{"width":1586,"height":917,"url":"https:\/\/www.diocesitn.it\/area-annuncio\/wp-content\/uploads\/sites\/39\/2026\/01\/1-1-e1769682476556.png","type":"image\/png"}],"author":"drizzi","twitter_card":"summary_large_image","twitter_misc":{"Scritto da":"drizzi","Tempo di lettura stimato":"1 minuto"},"schema":{"@context":"https:\/\/schema.org","@graph":[{"@type":"Article","@id":"https:\/\/www.diocesitn.it\/area-annuncio\/2026\/01\/29\/esercizi-spirituali-per-famiglie-marzo-2026-a-coredo\/#article","isPartOf":{"@id":"https:\/\/www.diocesitn.it\/area-annuncio\/2026\/01\/29\/esercizi-spirituali-per-famiglie-marzo-2026-a-coredo\/"},"author":{"name":"drizzi","@id":"https:\/\/www.diocesitn.it\/area-annuncio\/#\/schema\/person\/a3d472d87f182e1bc1efdf9079591d41"},"headline":"Esercizi spirituali per famiglie 6 &#8211; 7 &#8211; 8 marzo 2026 a Coredo","datePublished":"2026-01-29T10:34:59+00:00","dateModified":"2026-03-06T07:19:56+00:00","mainEntityOfPage":{"@id":"https:\/\/www.diocesitn.it\/area-annuncio\/2026\/01\/29\/esercizi-spirituali-per-famiglie-marzo-2026-a-coredo\/"},"wordCount":161,"publisher":{"@id":"https:\/\/www.diocesitn.it\/area-annuncio\/#organization"},"image":{"@id":"https:\/\/www.diocesitn.it\/area-annuncio\/2026\/01\/29\/esercizi-spirituali-per-famiglie-marzo-2026-a-coredo\/#primaryimage"},"thumbnailUrl":"https:\/\/www.diocesitn.it\/area-annuncio\/wp-content\/uploads\/sites\/39\/2026\/01\/1-1-e1769682476556.png","articleSection":["Famiglia","Notizie"],"inLanguage":"it-IT","copyrightYear":"2026","copyrightHolder":{"@id":"https:\/\/www.diocesitn.it\/#organization"}},{"@type":"WebPage","@id":"https:\/\/www.diocesitn.it\/area-annuncio\/2026\/01\/29\/esercizi-spirituali-per-famiglie-marzo-2026-a-coredo\/","url":"https:\/\/www.diocesitn.it\/area-annuncio\/2026\/01\/29\/esercizi-spirituali-per-famiglie-marzo-2026-a-coredo\/","name":"Esercizi spirituali per famiglie","isPartOf":{"@id":"https:\/\/www.diocesitn.it\/area-annuncio\/#website"},"primaryImageOfPage":{"@id":"https:\/\/www.diocesitn.it\/area-annuncio\/2026\/01\/29\/esercizi-spirituali-per-famiglie-marzo-2026-a-coredo\/#primaryimage"},"image":{"@id":"https:\/\/www.diocesitn.it\/area-annuncio\/2026\/01\/29\/esercizi-spirituali-per-famiglie-marzo-2026-a-coredo\/#primaryimage"},"thumbnailUrl":"https:\/\/www.diocesitn.it\/area-annuncio\/wp-content\/uploads\/sites\/39\/2026\/01\/1-1-e1769682476556.png","datePublished":"2026-01-29T10:34:59+00:00","dateModified":"2026-03-06T07:19:56+00:00","description":"Fine settimana di esercizi spirituali per famiglie guidati da un sacerdote e una coppia di sposi\u00a0dalla sera di venerd\u00ec 6 al pomeriggio di domenica 8 marzo 2026 presso \"Casa Betania\" di Coredo","breadcrumb":{"@id":"https:\/\/www.diocesitn.it\/area-annuncio\/2026\/01\/29\/esercizi-spirituali-per-famiglie-marzo-2026-a-coredo\/#breadcrumb"},"inLanguage":"it-IT","potentialAction":[{"@type":"ReadAction","target":["https:\/\/www.diocesitn.it\/area-annuncio\/2026\/01\/29\/esercizi-spirituali-per-famiglie-marzo-2026-a-coredo\/"]}]},{"@type":"ImageObject","inLanguage":"it-IT","@id":"https:\/\/www.diocesitn.it\/area-annuncio\/2026\/01\/29\/esercizi-spirituali-per-famiglie-marzo-2026-a-coredo\/#primaryimage","url":"https:\/\/www.diocesitn.it\/area-annuncio\/wp-content\/uploads\/sites\/39\/2026\/01\/1-1-e1769682476556.png","contentUrl":"https:\/\/www.diocesitn.it\/area-annuncio\/wp-content\/uploads\/sites\/39\/2026\/01\/1-1-e1769682476556.png","width":1586,"height":917},{"@type":"BreadcrumbList","@id":"https:\/\/www.diocesitn.it\/area-annuncio\/2026\/01\/29\/esercizi-spirituali-per-famiglie-marzo-2026-a-coredo\/#breadcrumb","itemListElement":[{"@type":"ListItem","position":1,"name":"Home","item":"https:\/\/www.diocesitn.it\/area-annuncio\/"},{"@type":"ListItem","position":2,"name":"Esercizi spirituali per famiglie 6 &#8211; 7 &#8211; 8 marzo 2026 a Coredo"}]},{"@type":"WebSite","@id":"https:\/\/www.diocesitn.it\/area-annuncio\/#website","url":"https:\/\/www.diocesitn.it\/area-annuncio\/","name":"Annuncio e Sacramenti","description":"Chiesa di Trento","publisher":{"@id":"https:\/\/www.diocesitn.it\/area-annuncio\/#organization"},"potentialAction":[{"@type":"SearchAction","target":{"@type":"EntryPoint","urlTemplate":"https:\/\/www.diocesitn.it\/area-annuncio\/?s={search_term_string}"},"query-input":"required name=search_term_string"}],"inLanguage":"it-IT"},{"@type":["Organization","Place"],"@id":"https:\/\/www.diocesitn.it\/area-annuncio\/#organization","name":"Area Annuncio e Sacramenti - Chiesa di Trento","url":"https:\/\/www.diocesitn.it\/area-annuncio\/","logo":{"@id":"https:\/\/www.diocesitn.it\/area-annuncio\/2026\/01\/29\/esercizi-spirituali-per-famiglie-marzo-2026-a-coredo\/#local-main-organization-logo"},"image":{"@id":"https:\/\/www.diocesitn.it\/area-annuncio\/2026\/01\/29\/esercizi-spirituali-per-famiglie-marzo-2026-a-coredo\/#local-main-organization-logo"},"sameAs":["https:\/\/www.facebook.com\/pastoralegiovanile.trento\/","https:\/\/www.instagram.com\/pastoralegiovaniletrento\/","https:\/\/www.youtube.com\/channel\/UCGt7hyJaIQIkrQPos4K6L6w"],"openingHoursSpecification":[{"@type":"OpeningHoursSpecification","dayOfWeek":["Monday","Tuesday","Wednesday","Thursday","Friday","Saturday","Sunday"],"opens":"09:00","closes":"17:00"}]},{"@type":"ImageObject","inLanguage":"it-IT","@id":"https:\/\/www.diocesitn.it\/area-annuncio\/2026\/01\/29\/esercizi-spirituali-per-famiglie-marzo-2026-a-coredo\/#local-main-organization-logo","url":"https:\/\/www.diocesitn.it\/area-annuncio\/wp-content\/uploads\/sites\/39\/2021\/09\/og-logo-annuncio-e-sacramenti.jpg","contentUrl":"https:\/\/www.diocesitn.it\/area-annuncio\/wp-content\/uploads\/sites\/39\/2021\/09\/og-logo-annuncio-e-sacramenti.jpg","width":1200,"height":630,"caption":"Area Annuncio e Sacramenti - Chiesa di Trento"}]}},"_links":{"self":[{"href":"https:\/\/www.diocesitn.it\/area-annuncio\/wp-json\/wp\/v2\/posts\/27147","targetHints":{"allow":["GET"]}}],"collection":[{"href":"https:\/\/www.diocesitn.it\/area-annuncio\/wp-json\/wp\/v2\/posts"}],"about":[{"href":"https:\/\/www.diocesitn.it\/area-annuncio\/wp-json\/wp\/v2\/types\/post"}],"author":[{"embeddable":true,"href":"https:\/\/www.diocesitn.it\/area-annuncio\/wp-json\/wp\/v2\/users\/175"}],"replies":[{"embeddable":true,"href":"https:\/\/www.diocesitn.it\/area-annuncio\/wp-json\/wp\/v2\/comments?post=27147"}],"version-history":[{"count":3,"href":"https:\/\/www.diocesitn.it\/area-annuncio\/wp-json\/wp\/v2\/posts\/27147\/revisions"}],"predecessor-version":[{"id":27233,"href":"https:\/\/www.diocesitn.it\/area-annuncio\/wp-json\/wp\/v2\/posts\/27147\/revisions\/27233"}],"wp:featuredmedia":[{"embeddable":true,"href":"https:\/\/www.diocesitn.it\/area-annuncio\/wp-json\/wp\/v2\/media\/27165"}],"wp:attachment":[{"href":"https:\/\/www.diocesitn.it\/area-annuncio\/wp-json\/wp\/v2\/media?parent=27147"}],"wp:term":[{"taxonomy":"category","embeddable":true,"href":"https:\/\/www.diocesitn.it\/area-annuncio\/wp-json\/wp\/v2\/categories?post=27147"},{"taxonomy":"post_tag","embeddable":true,"href":"https:\/\/www.diocesitn.it\/area-annuncio\/wp-json\/wp\/v2\/tags?post=27147"}],"curies":[{"name":"wp","href":"https:\/\/api.w.org\/{rel}","templated":true}]}}