{"id":27087,"date":"2026-01-19T12:34:46","date_gmt":"2026-01-19T11:34:46","guid":{"rendered":"https:\/\/www.diocesitn.it\/area-annuncio\/?p=27087"},"modified":"2026-02-06T09:41:57","modified_gmt":"2026-02-06T08:41:57","slug":"voci-del-verbo-scegliere-2026","status":"publish","type":"post","link":"https:\/\/www.diocesitn.it\/area-annuncio\/2026\/01\/19\/voci-del-verbo-scegliere-2026\/","title":{"rendered":"Voci del verbo scegliere, l&#8217;evento per i maturandi delle scuole di Trento, venerd\u00ec 6 febbraio 2026\u00a0presso la scuola superiore &#8220;Sophie Scholl&#8221;"},"content":{"rendered":"<p class=\"zfr3Q CDt4Ke \" dir=\"ltr\"><span class=\"C9DxTc \">Voci del verbo scegliere<\/span><span class=\"C9DxTc \">, l&#8217;evento per i maturandi delle scuole di Trento, con al centro la domanda: \u00abCome si fa a scegliere?\u00bb, si terr\u00e0\u00a0venerd\u00ec 6 febbraio 2026\u00a0presso la scuola superiore &#8220;Sophie Scholl&#8221; a Trento.<\/span><\/p>\n<p class=\"zfr3Q CDt4Ke \" dir=\"ltr\"><span class=\"C9DxTc \">L\u2019evento ha lo scopo di offrire ai maturandi (e non solo) un momento e uno spazio di incontro e di dialogo con persone della societ\u00e0 civile, del mondo della cultura e del lavoro che hanno gi\u00e0 vissuto scelte importanti e possono essere testimoni significativi di successi e insuccessi, di fatiche, difficolt\u00e0 e soddisfazioni, cos\u00ec da aiutare i giovani a riconoscere alcuni criteri utili per scegliere con maggiore consapevolezza e libert\u00e0.<\/span><\/p>\n<p class=\"zfr3Q CDt4Ke \" dir=\"ltr\"><span class=\"C9DxTc \">La domanda che ci pu\u00f2 orientare non \u00e8: \u201cCosa posso scegliere?\u201d, ma:\u00a0<\/span><span class=\"C9DxTc \">\u201cCome si fa a scegliere?\u201d<\/span><span class=\"C9DxTc \">.<\/span><\/p>\n<p class=\"zfr3Q CDt4Ke \" dir=\"ltr\"><span class=\"C9DxTc \">Il titolo rimanda proprio all\u2019incontro e all\u2019ascolto di voci, e quindi di storie e di persone, che hanno declinato in vari ambiti di vita una scelta significativa. L&#8217;evento \u00e8 aperto a studenti e studentesse delle classi quinte<\/span><\/p>\n<p>I destinatari sono studenti e studentesse delle classi quinte del Liceo Linguistico Sophie Scholl, del Collegio Arcivescovile e dell&#8217;Istituto Sacro Cuore.<\/p>\n<p>Tutte le info<a href=\"https:\/\/www.instagram.com\/vocidelverboscegliere\/\" target=\"_blank\" rel=\"noopener\"> su istagram<\/a><\/p>\n<p dir=\"ltr\"><a href=\"https:\/\/www.diocesitn.it\/area-annuncio\/wp-content\/uploads\/sites\/39\/2026\/01\/Levento-che-ti-insegna-a-scegliere.png\" target=\"_blank\" rel=\"noopener\"><img loading=\"lazy\" decoding=\"async\" class=\"alignnone wp-image-27088 size-medium\" src=\"https:\/\/www.diocesitn.it\/area-annuncio\/wp-content\/uploads\/sites\/39\/2026\/01\/Levento-che-ti-insegna-a-scegliere-240x300.png\" alt=\"\" width=\"240\" height=\"300\" srcset=\"https:\/\/www.diocesitn.it\/area-annuncio\/wp-content\/uploads\/sites\/39\/2026\/01\/Levento-che-ti-insegna-a-scegliere-240x300.png 240w, https:\/\/www.diocesitn.it\/area-annuncio\/wp-content\/uploads\/sites\/39\/2026\/01\/Levento-che-ti-insegna-a-scegliere-819x1024.png 819w, https:\/\/www.diocesitn.it\/area-annuncio\/wp-content\/uploads\/sites\/39\/2026\/01\/Levento-che-ti-insegna-a-scegliere-768x960.png 768w, https:\/\/www.diocesitn.it\/area-annuncio\/wp-content\/uploads\/sites\/39\/2026\/01\/Levento-che-ti-insegna-a-scegliere-224x280.png 224w, https:\/\/www.diocesitn.it\/area-annuncio\/wp-content\/uploads\/sites\/39\/2026\/01\/Levento-che-ti-insegna-a-scegliere-614x768.png 614w, https:\/\/www.diocesitn.it\/area-annuncio\/wp-content\/uploads\/sites\/39\/2026\/01\/Levento-che-ti-insegna-a-scegliere-800x1000.png 800w, https:\/\/www.diocesitn.it\/area-annuncio\/wp-content\/uploads\/sites\/39\/2026\/01\/Levento-che-ti-insegna-a-scegliere.png 1080w\" sizes=\"auto, (max-width: 240px) 100vw, 240px\" \/><\/a><\/p>\n<p class=\"zfr3Q CDt4Ke \" dir=\"ltr\">\n","protected":false},"excerpt":{"rendered":"<p>Voci del verbo scegliere, l&#8217;evento per i maturandi delle scuole di Trento, con al centro la domanda: \u00abCome si fa a scegliere?\u00bb, si terr\u00e0\u00a0venerd\u00ec 6 febbraio 2026\u00a0presso la scuola superiore &#8220;Sophie Scholl&#8221; a Trento. L\u2019evento<\/p>\n","protected":false},"author":179,"featured_media":27089,"comment_status":"closed","ping_status":"closed","sticky":false,"template":"","format":"standard","meta":{"footnotes":""},"categories":[618,702,608],"tags":[],"class_list":["post-27087","post","type-post","status-publish","format-standard","has-post-thumbnail","hentry","category-servizio-catechistico-giovani-pastorale-giovanile","category-servizio-scuola","category-notizie"],"acf":{"seed-localization-paese-cod":"IT","seed-localization-address":"","seed-localization-citta":"Trento","seed-localization-regione-cod-istat":"04","seed-localization-citta-cod-istat":"022205","seed-localization-localita":"","seed-localization-cap":"","seed-localization-marker-visibility":false,"seed-localization-children-visibility":false,"seed-localization-kml":"","seed-localization-custom-marker":""},"yoast_head":"<!-- This site is optimized with the Yoast SEO Premium plugin v20.2.1 (Yoast SEO v22.2) - https:\/\/yoast.com\/wordpress\/plugins\/seo\/ -->\n<title>Voci del verbo scegliere<\/title>\n<meta name=\"description\" content=\"Voci del verbo scegliere, l&#039;evento per i maturandi delle scuole di Trento, si terr\u00e0\u00a0venerd\u00ec 6 febbraio 2026\u00a0presso la scuola superiore &quot;Sophie Scholl&quot; a Trento.\" \/>\n<meta name=\"robots\" content=\"index, follow, max-snippet:-1, max-image-preview:large, max-video-preview:-1\" \/>\n<link rel=\"canonical\" href=\"https:\/\/www.diocesitn.it\/area-annuncio\/2026\/01\/19\/voci-del-verbo-scegliere-2026\/\" \/>\n<meta property=\"og:locale\" content=\"it_IT\" \/>\n<meta property=\"og:type\" content=\"article\" \/>\n<meta property=\"og:title\" content=\"Voci del verbo scegliere, l&#039;evento per i maturandi delle scuole di Trento, venerd\u00ec 6 febbraio 2026\u00a0presso la scuola superiore &quot;Sophie Scholl&quot;\" \/>\n<meta property=\"og:description\" content=\"Voci del verbo scegliere, l&#039;evento per i maturandi delle scuole di Trento, si terr\u00e0\u00a0venerd\u00ec 6 febbraio 2026\u00a0presso la scuola superiore &quot;Sophie Scholl&quot; a Trento.\" \/>\n<meta property=\"og:url\" content=\"https:\/\/www.diocesitn.it\/area-annuncio\/2026\/01\/19\/voci-del-verbo-scegliere-2026\/\" \/>\n<meta property=\"og:site_name\" content=\"Annuncio e Sacramenti\" \/>\n<meta property=\"article:publisher\" content=\"https:\/\/www.facebook.com\/pastoralegiovanile.trento\/\" \/>\n<meta property=\"article:published_time\" content=\"2026-01-19T11:34:46+00:00\" \/>\n<meta property=\"article:modified_time\" content=\"2026-02-06T08:41:57+00:00\" \/>\n<meta property=\"og:image\" content=\"https:\/\/www.diocesitn.it\/area-annuncio\/wp-content\/uploads\/sites\/39\/2026\/01\/voci-del-verbo-scegliere-e1768822137684.jpg\" \/>\n\t<meta property=\"og:image:width\" content=\"846\" \/>\n\t<meta property=\"og:image:height\" content=\"567\" \/>\n\t<meta property=\"og:image:type\" content=\"image\/jpeg\" \/>\n<meta name=\"author\" content=\"lsegnana\" \/>\n<meta name=\"twitter:card\" content=\"summary_large_image\" \/>\n<meta name=\"twitter:label1\" content=\"Scritto da\" \/>\n\t<meta name=\"twitter:data1\" content=\"lsegnana\" \/>\n\t<meta name=\"twitter:label2\" content=\"Tempo di lettura stimato\" \/>\n\t<meta name=\"twitter:data2\" content=\"1 minuto\" \/>\n<script type=\"application\/ld+json\" class=\"yoast-schema-graph\">{\"@context\":\"https:\/\/schema.org\",\"@graph\":[{\"@type\":\"Article\",\"@id\":\"https:\/\/www.diocesitn.it\/area-annuncio\/2026\/01\/19\/voci-del-verbo-scegliere-2026\/#article\",\"isPartOf\":{\"@id\":\"https:\/\/www.diocesitn.it\/area-annuncio\/2026\/01\/19\/voci-del-verbo-scegliere-2026\/\"},\"author\":{\"name\":\"lsegnana\",\"@id\":\"https:\/\/www.diocesitn.it\/area-annuncio\/#\/schema\/person\/47b3e5ac123af8c05031d0a2fae5dcde\"},\"headline\":\"Voci del verbo scegliere, l&#8217;evento per i maturandi delle scuole di Trento, venerd\u00ec 6 febbraio 2026\u00a0presso la scuola superiore &#8220;Sophie Scholl&#8221;\",\"datePublished\":\"2026-01-19T11:34:46+00:00\",\"dateModified\":\"2026-02-06T08:41:57+00:00\",\"mainEntityOfPage\":{\"@id\":\"https:\/\/www.diocesitn.it\/area-annuncio\/2026\/01\/19\/voci-del-verbo-scegliere-2026\/\"},\"wordCount\":205,\"publisher\":{\"@id\":\"https:\/\/www.diocesitn.it\/area-annuncio\/#organization\"},\"image\":{\"@id\":\"https:\/\/www.diocesitn.it\/area-annuncio\/2026\/01\/19\/voci-del-verbo-scegliere-2026\/#primaryimage\"},\"thumbnailUrl\":\"https:\/\/www.diocesitn.it\/area-annuncio\/wp-content\/uploads\/sites\/39\/2026\/01\/voci-del-verbo-scegliere-e1768822137684.jpg\",\"articleSection\":[\"Giovani\",\"IRC\",\"Notizie\"],\"inLanguage\":\"it-IT\",\"copyrightYear\":\"2026\",\"copyrightHolder\":{\"@id\":\"https:\/\/www.diocesitn.it\/#organization\"}},{\"@type\":\"WebPage\",\"@id\":\"https:\/\/www.diocesitn.it\/area-annuncio\/2026\/01\/19\/voci-del-verbo-scegliere-2026\/\",\"url\":\"https:\/\/www.diocesitn.it\/area-annuncio\/2026\/01\/19\/voci-del-verbo-scegliere-2026\/\",\"name\":\"Voci del verbo scegliere\",\"isPartOf\":{\"@id\":\"https:\/\/www.diocesitn.it\/area-annuncio\/#website\"},\"primaryImageOfPage\":{\"@id\":\"https:\/\/www.diocesitn.it\/area-annuncio\/2026\/01\/19\/voci-del-verbo-scegliere-2026\/#primaryimage\"},\"image\":{\"@id\":\"https:\/\/www.diocesitn.it\/area-annuncio\/2026\/01\/19\/voci-del-verbo-scegliere-2026\/#primaryimage\"},\"thumbnailUrl\":\"https:\/\/www.diocesitn.it\/area-annuncio\/wp-content\/uploads\/sites\/39\/2026\/01\/voci-del-verbo-scegliere-e1768822137684.jpg\",\"datePublished\":\"2026-01-19T11:34:46+00:00\",\"dateModified\":\"2026-02-06T08:41:57+00:00\",\"description\":\"Voci del verbo scegliere, l'evento per i maturandi delle scuole di Trento, si terr\u00e0\u00a0venerd\u00ec 6 febbraio 2026\u00a0presso la scuola superiore \\\"Sophie Scholl\\\" a Trento.\",\"breadcrumb\":{\"@id\":\"https:\/\/www.diocesitn.it\/area-annuncio\/2026\/01\/19\/voci-del-verbo-scegliere-2026\/#breadcrumb\"},\"inLanguage\":\"it-IT\",\"potentialAction\":[{\"@type\":\"ReadAction\",\"target\":[\"https:\/\/www.diocesitn.it\/area-annuncio\/2026\/01\/19\/voci-del-verbo-scegliere-2026\/\"]}]},{\"@type\":\"ImageObject\",\"inLanguage\":\"it-IT\",\"@id\":\"https:\/\/www.diocesitn.it\/area-annuncio\/2026\/01\/19\/voci-del-verbo-scegliere-2026\/#primaryimage\",\"url\":\"https:\/\/www.diocesitn.it\/area-annuncio\/wp-content\/uploads\/sites\/39\/2026\/01\/voci-del-verbo-scegliere-e1768822137684.jpg\",\"contentUrl\":\"https:\/\/www.diocesitn.it\/area-annuncio\/wp-content\/uploads\/sites\/39\/2026\/01\/voci-del-verbo-scegliere-e1768822137684.jpg\",\"width\":846,\"height\":567},{\"@type\":\"BreadcrumbList\",\"@id\":\"https:\/\/www.diocesitn.it\/area-annuncio\/2026\/01\/19\/voci-del-verbo-scegliere-2026\/#breadcrumb\",\"itemListElement\":[{\"@type\":\"ListItem\",\"position\":1,\"name\":\"Home\",\"item\":\"https:\/\/www.diocesitn.it\/area-annuncio\/\"},{\"@type\":\"ListItem\",\"position\":2,\"name\":\"Voci del verbo scegliere, l&#8217;evento per i maturandi delle scuole di Trento, venerd\u00ec 6 febbraio 2026\u00a0presso la scuola superiore &#8220;Sophie Scholl&#8221;\"}]},{\"@type\":\"WebSite\",\"@id\":\"https:\/\/www.diocesitn.it\/area-annuncio\/#website\",\"url\":\"https:\/\/www.diocesitn.it\/area-annuncio\/\",\"name\":\"Annuncio e Sacramenti\",\"description\":\"Chiesa di Trento\",\"publisher\":{\"@id\":\"https:\/\/www.diocesitn.it\/area-annuncio\/#organization\"},\"potentialAction\":[{\"@type\":\"SearchAction\",\"target\":{\"@type\":\"EntryPoint\",\"urlTemplate\":\"https:\/\/www.diocesitn.it\/area-annuncio\/?s={search_term_string}\"},\"query-input\":\"required name=search_term_string\"}],\"inLanguage\":\"it-IT\"},{\"@type\":[\"Organization\",\"Place\"],\"@id\":\"https:\/\/www.diocesitn.it\/area-annuncio\/#organization\",\"name\":\"Area Annuncio e Sacramenti - Chiesa di Trento\",\"url\":\"https:\/\/www.diocesitn.it\/area-annuncio\/\",\"logo\":{\"@id\":\"https:\/\/www.diocesitn.it\/area-annuncio\/2026\/01\/19\/voci-del-verbo-scegliere-2026\/#local-main-organization-logo\"},\"image\":{\"@id\":\"https:\/\/www.diocesitn.it\/area-annuncio\/2026\/01\/19\/voci-del-verbo-scegliere-2026\/#local-main-organization-logo\"},\"sameAs\":[\"https:\/\/www.facebook.com\/pastoralegiovanile.trento\/\",\"https:\/\/www.instagram.com\/pastoralegiovaniletrento\/\",\"https:\/\/www.youtube.com\/channel\/UCGt7hyJaIQIkrQPos4K6L6w\"],\"openingHoursSpecification\":[{\"@type\":\"OpeningHoursSpecification\",\"dayOfWeek\":[\"Monday\",\"Tuesday\",\"Wednesday\",\"Thursday\",\"Friday\",\"Saturday\",\"Sunday\"],\"opens\":\"09:00\",\"closes\":\"17:00\"}]},{\"@type\":\"ImageObject\",\"inLanguage\":\"it-IT\",\"@id\":\"https:\/\/www.diocesitn.it\/area-annuncio\/2026\/01\/19\/voci-del-verbo-scegliere-2026\/#local-main-organization-logo\",\"url\":\"https:\/\/www.diocesitn.it\/area-annuncio\/wp-content\/uploads\/sites\/39\/2021\/09\/og-logo-annuncio-e-sacramenti.jpg\",\"contentUrl\":\"https:\/\/www.diocesitn.it\/area-annuncio\/wp-content\/uploads\/sites\/39\/2021\/09\/og-logo-annuncio-e-sacramenti.jpg\",\"width\":1200,\"height\":630,\"caption\":\"Area Annuncio e Sacramenti - Chiesa di Trento\"}]}<\/script>\n<!-- \/ Yoast SEO Premium plugin. -->","yoast_head_json":{"title":"Voci del verbo scegliere","description":"Voci del verbo scegliere, l'evento per i maturandi delle scuole di Trento, si terr\u00e0\u00a0venerd\u00ec 6 febbraio 2026\u00a0presso la scuola superiore \"Sophie Scholl\" a Trento.","robots":{"index":"index","follow":"follow","max-snippet":"max-snippet:-1","max-image-preview":"max-image-preview:large","max-video-preview":"max-video-preview:-1"},"canonical":"https:\/\/www.diocesitn.it\/area-annuncio\/2026\/01\/19\/voci-del-verbo-scegliere-2026\/","og_locale":"it_IT","og_type":"article","og_title":"Voci del verbo scegliere, l'evento per i maturandi delle scuole di Trento, venerd\u00ec 6 febbraio 2026\u00a0presso la scuola superiore \"Sophie Scholl\"","og_description":"Voci del verbo scegliere, l'evento per i maturandi delle scuole di Trento, si terr\u00e0\u00a0venerd\u00ec 6 febbraio 2026\u00a0presso la scuola superiore \"Sophie Scholl\" a Trento.","og_url":"https:\/\/www.diocesitn.it\/area-annuncio\/2026\/01\/19\/voci-del-verbo-scegliere-2026\/","og_site_name":"Annuncio e Sacramenti","article_publisher":"https:\/\/www.facebook.com\/pastoralegiovanile.trento\/","article_published_time":"2026-01-19T11:34:46+00:00","article_modified_time":"2026-02-06T08:41:57+00:00","og_image":[{"width":846,"height":567,"url":"https:\/\/www.diocesitn.it\/area-annuncio\/wp-content\/uploads\/sites\/39\/2026\/01\/voci-del-verbo-scegliere-e1768822137684.jpg","type":"image\/jpeg"}],"author":"lsegnana","twitter_card":"summary_large_image","twitter_misc":{"Scritto da":"lsegnana","Tempo di lettura stimato":"1 minuto"},"schema":{"@context":"https:\/\/schema.org","@graph":[{"@type":"Article","@id":"https:\/\/www.diocesitn.it\/area-annuncio\/2026\/01\/19\/voci-del-verbo-scegliere-2026\/#article","isPartOf":{"@id":"https:\/\/www.diocesitn.it\/area-annuncio\/2026\/01\/19\/voci-del-verbo-scegliere-2026\/"},"author":{"name":"lsegnana","@id":"https:\/\/www.diocesitn.it\/area-annuncio\/#\/schema\/person\/47b3e5ac123af8c05031d0a2fae5dcde"},"headline":"Voci del verbo scegliere, l&#8217;evento per i maturandi delle scuole di Trento, venerd\u00ec 6 febbraio 2026\u00a0presso la scuola superiore &#8220;Sophie Scholl&#8221;","datePublished":"2026-01-19T11:34:46+00:00","dateModified":"2026-02-06T08:41:57+00:00","mainEntityOfPage":{"@id":"https:\/\/www.diocesitn.it\/area-annuncio\/2026\/01\/19\/voci-del-verbo-scegliere-2026\/"},"wordCount":205,"publisher":{"@id":"https:\/\/www.diocesitn.it\/area-annuncio\/#organization"},"image":{"@id":"https:\/\/www.diocesitn.it\/area-annuncio\/2026\/01\/19\/voci-del-verbo-scegliere-2026\/#primaryimage"},"thumbnailUrl":"https:\/\/www.diocesitn.it\/area-annuncio\/wp-content\/uploads\/sites\/39\/2026\/01\/voci-del-verbo-scegliere-e1768822137684.jpg","articleSection":["Giovani","IRC","Notizie"],"inLanguage":"it-IT","copyrightYear":"2026","copyrightHolder":{"@id":"https:\/\/www.diocesitn.it\/#organization"}},{"@type":"WebPage","@id":"https:\/\/www.diocesitn.it\/area-annuncio\/2026\/01\/19\/voci-del-verbo-scegliere-2026\/","url":"https:\/\/www.diocesitn.it\/area-annuncio\/2026\/01\/19\/voci-del-verbo-scegliere-2026\/","name":"Voci del verbo scegliere","isPartOf":{"@id":"https:\/\/www.diocesitn.it\/area-annuncio\/#website"},"primaryImageOfPage":{"@id":"https:\/\/www.diocesitn.it\/area-annuncio\/2026\/01\/19\/voci-del-verbo-scegliere-2026\/#primaryimage"},"image":{"@id":"https:\/\/www.diocesitn.it\/area-annuncio\/2026\/01\/19\/voci-del-verbo-scegliere-2026\/#primaryimage"},"thumbnailUrl":"https:\/\/www.diocesitn.it\/area-annuncio\/wp-content\/uploads\/sites\/39\/2026\/01\/voci-del-verbo-scegliere-e1768822137684.jpg","datePublished":"2026-01-19T11:34:46+00:00","dateModified":"2026-02-06T08:41:57+00:00","description":"Voci del verbo scegliere, l'evento per i maturandi delle scuole di Trento, si terr\u00e0\u00a0venerd\u00ec 6 febbraio 2026\u00a0presso la scuola superiore \"Sophie Scholl\" a Trento.","breadcrumb":{"@id":"https:\/\/www.diocesitn.it\/area-annuncio\/2026\/01\/19\/voci-del-verbo-scegliere-2026\/#breadcrumb"},"inLanguage":"it-IT","potentialAction":[{"@type":"ReadAction","target":["https:\/\/www.diocesitn.it\/area-annuncio\/2026\/01\/19\/voci-del-verbo-scegliere-2026\/"]}]},{"@type":"ImageObject","inLanguage":"it-IT","@id":"https:\/\/www.diocesitn.it\/area-annuncio\/2026\/01\/19\/voci-del-verbo-scegliere-2026\/#primaryimage","url":"https:\/\/www.diocesitn.it\/area-annuncio\/wp-content\/uploads\/sites\/39\/2026\/01\/voci-del-verbo-scegliere-e1768822137684.jpg","contentUrl":"https:\/\/www.diocesitn.it\/area-annuncio\/wp-content\/uploads\/sites\/39\/2026\/01\/voci-del-verbo-scegliere-e1768822137684.jpg","width":846,"height":567},{"@type":"BreadcrumbList","@id":"https:\/\/www.diocesitn.it\/area-annuncio\/2026\/01\/19\/voci-del-verbo-scegliere-2026\/#breadcrumb","itemListElement":[{"@type":"ListItem","position":1,"name":"Home","item":"https:\/\/www.diocesitn.it\/area-annuncio\/"},{"@type":"ListItem","position":2,"name":"Voci del verbo scegliere, l&#8217;evento per i maturandi delle scuole di Trento, venerd\u00ec 6 febbraio 2026\u00a0presso la scuola superiore &#8220;Sophie Scholl&#8221;"}]},{"@type":"WebSite","@id":"https:\/\/www.diocesitn.it\/area-annuncio\/#website","url":"https:\/\/www.diocesitn.it\/area-annuncio\/","name":"Annuncio e Sacramenti","description":"Chiesa di Trento","publisher":{"@id":"https:\/\/www.diocesitn.it\/area-annuncio\/#organization"},"potentialAction":[{"@type":"SearchAction","target":{"@type":"EntryPoint","urlTemplate":"https:\/\/www.diocesitn.it\/area-annuncio\/?s={search_term_string}"},"query-input":"required name=search_term_string"}],"inLanguage":"it-IT"},{"@type":["Organization","Place"],"@id":"https:\/\/www.diocesitn.it\/area-annuncio\/#organization","name":"Area Annuncio e Sacramenti - Chiesa di Trento","url":"https:\/\/www.diocesitn.it\/area-annuncio\/","logo":{"@id":"https:\/\/www.diocesitn.it\/area-annuncio\/2026\/01\/19\/voci-del-verbo-scegliere-2026\/#local-main-organization-logo"},"image":{"@id":"https:\/\/www.diocesitn.it\/area-annuncio\/2026\/01\/19\/voci-del-verbo-scegliere-2026\/#local-main-organization-logo"},"sameAs":["https:\/\/www.facebook.com\/pastoralegiovanile.trento\/","https:\/\/www.instagram.com\/pastoralegiovaniletrento\/","https:\/\/www.youtube.com\/channel\/UCGt7hyJaIQIkrQPos4K6L6w"],"openingHoursSpecification":[{"@type":"OpeningHoursSpecification","dayOfWeek":["Monday","Tuesday","Wednesday","Thursday","Friday","Saturday","Sunday"],"opens":"09:00","closes":"17:00"}]},{"@type":"ImageObject","inLanguage":"it-IT","@id":"https:\/\/www.diocesitn.it\/area-annuncio\/2026\/01\/19\/voci-del-verbo-scegliere-2026\/#local-main-organization-logo","url":"https:\/\/www.diocesitn.it\/area-annuncio\/wp-content\/uploads\/sites\/39\/2021\/09\/og-logo-annuncio-e-sacramenti.jpg","contentUrl":"https:\/\/www.diocesitn.it\/area-annuncio\/wp-content\/uploads\/sites\/39\/2021\/09\/og-logo-annuncio-e-sacramenti.jpg","width":1200,"height":630,"caption":"Area Annuncio e Sacramenti - Chiesa di Trento"}]}},"_links":{"self":[{"href":"https:\/\/www.diocesitn.it\/area-annuncio\/wp-json\/wp\/v2\/posts\/27087","targetHints":{"allow":["GET"]}}],"collection":[{"href":"https:\/\/www.diocesitn.it\/area-annuncio\/wp-json\/wp\/v2\/posts"}],"about":[{"href":"https:\/\/www.diocesitn.it\/area-annuncio\/wp-json\/wp\/v2\/types\/post"}],"author":[{"embeddable":true,"href":"https:\/\/www.diocesitn.it\/area-annuncio\/wp-json\/wp\/v2\/users\/179"}],"replies":[{"embeddable":true,"href":"https:\/\/www.diocesitn.it\/area-annuncio\/wp-json\/wp\/v2\/comments?post=27087"}],"version-history":[{"count":1,"href":"https:\/\/www.diocesitn.it\/area-annuncio\/wp-json\/wp\/v2\/posts\/27087\/revisions"}],"predecessor-version":[{"id":27090,"href":"https:\/\/www.diocesitn.it\/area-annuncio\/wp-json\/wp\/v2\/posts\/27087\/revisions\/27090"}],"wp:featuredmedia":[{"embeddable":true,"href":"https:\/\/www.diocesitn.it\/area-annuncio\/wp-json\/wp\/v2\/media\/27089"}],"wp:attachment":[{"href":"https:\/\/www.diocesitn.it\/area-annuncio\/wp-json\/wp\/v2\/media?parent=27087"}],"wp:term":[{"taxonomy":"category","embeddable":true,"href":"https:\/\/www.diocesitn.it\/area-annuncio\/wp-json\/wp\/v2\/categories?post=27087"},{"taxonomy":"post_tag","embeddable":true,"href":"https:\/\/www.diocesitn.it\/area-annuncio\/wp-json\/wp\/v2\/tags?post=27087"}],"curies":[{"name":"wp","href":"https:\/\/api.w.org\/{rel}","templated":true}]}}