{"id":27065,"date":"2026-01-19T12:35:13","date_gmt":"2026-01-19T11:35:13","guid":{"rendered":"https:\/\/www.diocesitn.it\/area-annuncio\/?p=27065"},"modified":"2026-01-26T09:16:09","modified_gmt":"2026-01-26T08:16:09","slug":"domenica-25-gennaio-terza-domenica-del-tempo-ordinario-si-celebra-la-settima-domenica-della-parola-istituita-da-papa-francesco-nel-2019-con-la-lettera-apostolica-in-forma-di-motu-proprio-a","status":"publish","type":"post","link":"https:\/\/www.diocesitn.it\/area-annuncio\/2026\/01\/19\/domenica-25-gennaio-terza-domenica-del-tempo-ordinario-si-celebra-la-settima-domenica-della-parola-istituita-da-papa-francesco-nel-2019-con-la-lettera-apostolica-in-forma-di-motu-proprio-a\/","title":{"rendered":"25 gennaio: Domenica della Parola 2026. Sussidi per l&#8217;animazione liturgica."},"content":{"rendered":"<p>Domenica 25 Gennaio, terza domenica del Tempo Ordinario, si celebra la settima Domenica della Parola, istituita da papa Francesco nel 2019 con la Lettera apostolica in forma di Motu proprio \u201cAperuit illis\u201d.<\/p>\n<p>\u00abIl cuore nella Bibbia \u2013 scrive nella Presentazione Mons. Baturi, Segretario generale della CEI \u2013 \u00e8 il luogo dell\u2019incontro, a volte persino drammatico, con il Dio di Ges\u00f9 Cristo. \u00c8 il luogo del discernimento, come \u00e8 avvenuto per Maria, a cui non \u00e8 stata risparmiata la fatica di capire, di custodire nel suo cuore il mistero del Figlio di Dio. \u00c8 il luogo della gioia della relazione con il Risorto, come \u00e8 stato per i discepoli di Emmaus\u00bb.<\/p>\n<p>Forniamo qui alcuni spunti e alcuni sussidi per la valorizzazione della Parola di Dio nella celebrazione della santa Messa.<\/p>\n<p>Qui il link al <strong><a href=\"https:\/\/www.diocesitn.it\/area-annuncio\/wp-content\/uploads\/sites\/39\/2026\/01\/DOMENICA-DELLA-PAROLA-26.pdf\" target=\"_blank\" rel=\"noopener\">sussidio diocesano.<\/a><\/strong><\/p>\n<p>Qui il link per il formulario della <a href=\"https:\/\/www.diocesitn.it\/area-annuncio\/sussidi\/#PreghieraFedeli\" target=\"_blank\" rel=\"noopener\"><strong>Preghiera dei fedeli<\/strong><\/a><\/p>\n<p>Qui il link al <a href=\"https:\/\/catechistico.chiesacattolica.it\/sussidio-per-la-celebrazionedella-domenica-della-paroladomenica-25-gennaio-2026\/\" target=\"_blank\" rel=\"noopener\"><strong>sussidio della CEI <\/strong><\/a>per l&#8217;animazione liturgica, una selezione di testi biblici, documenti magisteriali, testi per la meditazione e opere d&#8217;arte.<\/p>\n<p>Qui il link al <a href=\"https:\/\/www.evangelizatio.va\/content\/pcpne\/it\/attivita\/parola\/2026.html\" target=\"_blank\" rel=\"noopener\"><strong>sussidio del<\/strong> <strong>Dicastero per l&#8217;evangelizzazione.<\/strong><\/a><\/p>\n<p>&nbsp;<\/p>\n","protected":false},"excerpt":{"rendered":"<p>Domenica 25 Gennaio, terza domenica del Tempo Ordinario, si celebra la settima Domenica della Parola, istituita da papa Francesco nel 2019 con la Lettera apostolica in forma di Motu proprio \u201cAperuit illis\u201d. \u00abIl cuore nella<\/p>\n","protected":false},"author":166,"featured_media":27074,"comment_status":"closed","ping_status":"closed","sticky":false,"template":"","format":"standard","meta":{"footnotes":""},"categories":[623,693,608],"tags":[877,1038],"class_list":["post-27065","post","type-post","status-publish","format-standard","has-post-thumbnail","hentry","category-servizio-catechistico-giovani-ufficio-catechistico","category-servizio-liturgico","category-notizie","tag-bibbia","tag-domenica-della-parola"],"acf":{"seed-localization-paese-cod":"IT","seed-localization-address":"","seed-localization-citta":"Trento","seed-localization-regione-cod-istat":"04","seed-localization-citta-cod-istat":"022205","seed-localization-localita":"","seed-localization-cap":"","seed-localization-marker-visibility":false,"seed-localization-children-visibility":false,"seed-localization-kml":"","seed-localization-custom-marker":""},"yoast_head":"<!-- This site is optimized with the Yoast SEO Premium plugin v20.2.1 (Yoast SEO v22.2) - https:\/\/yoast.com\/wordpress\/plugins\/seo\/ -->\n<title>25 gennaio: Domenica della Parola 2026. Sussidi per l&#039;animazione liturgica. - Annuncio e Sacramenti - Chiesa di Trento<\/title>\n<meta name=\"description\" content=\"Domenica 25 gennaio si celebra la Domenica della ParolaDomenica 25 Gennaio, terza domenica del Tempo Ordinario, si celebra la settima Domenica della Parola, istituita da papa Francesco nel 2019 con la Lettera apostolica in forma di Motu proprio \u201cAperuit illis\u201d.\" \/>\n<meta name=\"robots\" content=\"index, follow, max-snippet:-1, max-image-preview:large, max-video-preview:-1\" \/>\n<link rel=\"canonical\" href=\"https:\/\/www.diocesitn.it\/area-annuncio\/2026\/01\/19\/domenica-25-gennaio-terza-domenica-del-tempo-ordinario-si-celebra-la-settima-domenica-della-parola-istituita-da-papa-francesco-nel-2019-con-la-lettera-apostolica-in-forma-di-motu-proprio-a\/\" \/>\n<meta property=\"og:locale\" content=\"it_IT\" \/>\n<meta property=\"og:type\" content=\"article\" \/>\n<meta property=\"og:title\" content=\"25 gennaio: Domenica della Parola 2026. Sussidi per l&#039;animazione liturgica.\" \/>\n<meta property=\"og:description\" content=\"Domenica 25 gennaio si celebra la Domenica della ParolaDomenica 25 Gennaio, terza domenica del Tempo Ordinario, si celebra la settima Domenica della Parola, istituita da papa Francesco nel 2019 con la Lettera apostolica in forma di Motu proprio \u201cAperuit illis\u201d.\" \/>\n<meta property=\"og:url\" content=\"https:\/\/www.diocesitn.it\/area-annuncio\/2026\/01\/19\/domenica-25-gennaio-terza-domenica-del-tempo-ordinario-si-celebra-la-settima-domenica-della-parola-istituita-da-papa-francesco-nel-2019-con-la-lettera-apostolica-in-forma-di-motu-proprio-a\/\" \/>\n<meta property=\"og:site_name\" content=\"Annuncio e Sacramenti\" \/>\n<meta property=\"article:publisher\" content=\"https:\/\/www.facebook.com\/pastoralegiovanile.trento\/\" \/>\n<meta property=\"article:published_time\" content=\"2026-01-19T11:35:13+00:00\" \/>\n<meta property=\"article:modified_time\" content=\"2026-01-26T08:16:09+00:00\" \/>\n<meta property=\"og:image\" content=\"https:\/\/www.diocesitn.it\/area-annuncio\/wp-content\/uploads\/sites\/39\/2026\/01\/immadine.jpg\" \/>\n\t<meta property=\"og:image:width\" content=\"1280\" \/>\n\t<meta property=\"og:image:height\" content=\"850\" \/>\n\t<meta property=\"og:image:type\" content=\"image\/jpeg\" \/>\n<meta name=\"author\" content=\"bjob\" \/>\n<meta name=\"twitter:card\" content=\"summary_large_image\" \/>\n<meta name=\"twitter:label1\" content=\"Scritto da\" \/>\n\t<meta name=\"twitter:data1\" content=\"bjob\" \/>\n\t<meta name=\"twitter:label2\" content=\"Tempo di lettura stimato\" \/>\n\t<meta name=\"twitter:data2\" content=\"1 minuto\" \/>\n<script type=\"application\/ld+json\" class=\"yoast-schema-graph\">{\"@context\":\"https:\/\/schema.org\",\"@graph\":[{\"@type\":\"Article\",\"@id\":\"https:\/\/www.diocesitn.it\/area-annuncio\/2026\/01\/19\/domenica-25-gennaio-terza-domenica-del-tempo-ordinario-si-celebra-la-settima-domenica-della-parola-istituita-da-papa-francesco-nel-2019-con-la-lettera-apostolica-in-forma-di-motu-proprio-a\/#article\",\"isPartOf\":{\"@id\":\"https:\/\/www.diocesitn.it\/area-annuncio\/2026\/01\/19\/domenica-25-gennaio-terza-domenica-del-tempo-ordinario-si-celebra-la-settima-domenica-della-parola-istituita-da-papa-francesco-nel-2019-con-la-lettera-apostolica-in-forma-di-motu-proprio-a\/\"},\"author\":{\"name\":\"bjob\",\"@id\":\"https:\/\/www.diocesitn.it\/area-annuncio\/#\/schema\/person\/d7f9cdfa494cf7272dca74ad974f399c\"},\"headline\":\"25 gennaio: Domenica della Parola 2026. Sussidi per l&#8217;animazione liturgica.\",\"datePublished\":\"2026-01-19T11:35:13+00:00\",\"dateModified\":\"2026-01-26T08:16:09+00:00\",\"mainEntityOfPage\":{\"@id\":\"https:\/\/www.diocesitn.it\/area-annuncio\/2026\/01\/19\/domenica-25-gennaio-terza-domenica-del-tempo-ordinario-si-celebra-la-settima-domenica-della-parola-istituita-da-papa-francesco-nel-2019-con-la-lettera-apostolica-in-forma-di-motu-proprio-a\/\"},\"wordCount\":178,\"publisher\":{\"@id\":\"https:\/\/www.diocesitn.it\/area-annuncio\/#organization\"},\"image\":{\"@id\":\"https:\/\/www.diocesitn.it\/area-annuncio\/2026\/01\/19\/domenica-25-gennaio-terza-domenica-del-tempo-ordinario-si-celebra-la-settima-domenica-della-parola-istituita-da-papa-francesco-nel-2019-con-la-lettera-apostolica-in-forma-di-motu-proprio-a\/#primaryimage\"},\"thumbnailUrl\":\"https:\/\/www.diocesitn.it\/area-annuncio\/wp-content\/uploads\/sites\/39\/2026\/01\/immadine.jpg\",\"keywords\":[\"bibbia\",\"Domenica della Parola\"],\"articleSection\":[\"Catechesi\",\"Liturgia\",\"Notizie\"],\"inLanguage\":\"it-IT\",\"copyrightYear\":\"2026\",\"copyrightHolder\":{\"@id\":\"https:\/\/www.diocesitn.it\/#organization\"}},{\"@type\":\"WebPage\",\"@id\":\"https:\/\/www.diocesitn.it\/area-annuncio\/2026\/01\/19\/domenica-25-gennaio-terza-domenica-del-tempo-ordinario-si-celebra-la-settima-domenica-della-parola-istituita-da-papa-francesco-nel-2019-con-la-lettera-apostolica-in-forma-di-motu-proprio-a\/\",\"url\":\"https:\/\/www.diocesitn.it\/area-annuncio\/2026\/01\/19\/domenica-25-gennaio-terza-domenica-del-tempo-ordinario-si-celebra-la-settima-domenica-della-parola-istituita-da-papa-francesco-nel-2019-con-la-lettera-apostolica-in-forma-di-motu-proprio-a\/\",\"name\":\"25 gennaio: Domenica della Parola 2026. Sussidi per l'animazione liturgica. - Annuncio e Sacramenti - Chiesa di Trento\",\"isPartOf\":{\"@id\":\"https:\/\/www.diocesitn.it\/area-annuncio\/#website\"},\"primaryImageOfPage\":{\"@id\":\"https:\/\/www.diocesitn.it\/area-annuncio\/2026\/01\/19\/domenica-25-gennaio-terza-domenica-del-tempo-ordinario-si-celebra-la-settima-domenica-della-parola-istituita-da-papa-francesco-nel-2019-con-la-lettera-apostolica-in-forma-di-motu-proprio-a\/#primaryimage\"},\"image\":{\"@id\":\"https:\/\/www.diocesitn.it\/area-annuncio\/2026\/01\/19\/domenica-25-gennaio-terza-domenica-del-tempo-ordinario-si-celebra-la-settima-domenica-della-parola-istituita-da-papa-francesco-nel-2019-con-la-lettera-apostolica-in-forma-di-motu-proprio-a\/#primaryimage\"},\"thumbnailUrl\":\"https:\/\/www.diocesitn.it\/area-annuncio\/wp-content\/uploads\/sites\/39\/2026\/01\/immadine.jpg\",\"datePublished\":\"2026-01-19T11:35:13+00:00\",\"dateModified\":\"2026-01-26T08:16:09+00:00\",\"description\":\"Domenica 25 gennaio si celebra la Domenica della ParolaDomenica 25 Gennaio, terza domenica del Tempo Ordinario, si celebra la settima Domenica della Parola, istituita da papa Francesco nel 2019 con la Lettera apostolica in forma di Motu proprio \u201cAperuit illis\u201d.\",\"breadcrumb\":{\"@id\":\"https:\/\/www.diocesitn.it\/area-annuncio\/2026\/01\/19\/domenica-25-gennaio-terza-domenica-del-tempo-ordinario-si-celebra-la-settima-domenica-della-parola-istituita-da-papa-francesco-nel-2019-con-la-lettera-apostolica-in-forma-di-motu-proprio-a\/#breadcrumb\"},\"inLanguage\":\"it-IT\",\"potentialAction\":[{\"@type\":\"ReadAction\",\"target\":[\"https:\/\/www.diocesitn.it\/area-annuncio\/2026\/01\/19\/domenica-25-gennaio-terza-domenica-del-tempo-ordinario-si-celebra-la-settima-domenica-della-parola-istituita-da-papa-francesco-nel-2019-con-la-lettera-apostolica-in-forma-di-motu-proprio-a\/\"]}]},{\"@type\":\"ImageObject\",\"inLanguage\":\"it-IT\",\"@id\":\"https:\/\/www.diocesitn.it\/area-annuncio\/2026\/01\/19\/domenica-25-gennaio-terza-domenica-del-tempo-ordinario-si-celebra-la-settima-domenica-della-parola-istituita-da-papa-francesco-nel-2019-con-la-lettera-apostolica-in-forma-di-motu-proprio-a\/#primaryimage\",\"url\":\"https:\/\/www.diocesitn.it\/area-annuncio\/wp-content\/uploads\/sites\/39\/2026\/01\/immadine.jpg\",\"contentUrl\":\"https:\/\/www.diocesitn.it\/area-annuncio\/wp-content\/uploads\/sites\/39\/2026\/01\/immadine.jpg\",\"width\":1280,\"height\":850},{\"@type\":\"BreadcrumbList\",\"@id\":\"https:\/\/www.diocesitn.it\/area-annuncio\/2026\/01\/19\/domenica-25-gennaio-terza-domenica-del-tempo-ordinario-si-celebra-la-settima-domenica-della-parola-istituita-da-papa-francesco-nel-2019-con-la-lettera-apostolica-in-forma-di-motu-proprio-a\/#breadcrumb\",\"itemListElement\":[{\"@type\":\"ListItem\",\"position\":1,\"name\":\"Home\",\"item\":\"https:\/\/www.diocesitn.it\/area-annuncio\/\"},{\"@type\":\"ListItem\",\"position\":2,\"name\":\"25 gennaio: Domenica della Parola 2026. Sussidi per l&#8217;animazione liturgica.\"}]},{\"@type\":\"WebSite\",\"@id\":\"https:\/\/www.diocesitn.it\/area-annuncio\/#website\",\"url\":\"https:\/\/www.diocesitn.it\/area-annuncio\/\",\"name\":\"Annuncio e Sacramenti\",\"description\":\"Chiesa di Trento\",\"publisher\":{\"@id\":\"https:\/\/www.diocesitn.it\/area-annuncio\/#organization\"},\"potentialAction\":[{\"@type\":\"SearchAction\",\"target\":{\"@type\":\"EntryPoint\",\"urlTemplate\":\"https:\/\/www.diocesitn.it\/area-annuncio\/?s={search_term_string}\"},\"query-input\":\"required name=search_term_string\"}],\"inLanguage\":\"it-IT\"},{\"@type\":[\"Organization\",\"Place\"],\"@id\":\"https:\/\/www.diocesitn.it\/area-annuncio\/#organization\",\"name\":\"Area Annuncio e Sacramenti - Chiesa di Trento\",\"url\":\"https:\/\/www.diocesitn.it\/area-annuncio\/\",\"logo\":{\"@id\":\"https:\/\/www.diocesitn.it\/area-annuncio\/2026\/01\/19\/domenica-25-gennaio-terza-domenica-del-tempo-ordinario-si-celebra-la-settima-domenica-della-parola-istituita-da-papa-francesco-nel-2019-con-la-lettera-apostolica-in-forma-di-motu-proprio-a\/#local-main-organization-logo\"},\"image\":{\"@id\":\"https:\/\/www.diocesitn.it\/area-annuncio\/2026\/01\/19\/domenica-25-gennaio-terza-domenica-del-tempo-ordinario-si-celebra-la-settima-domenica-della-parola-istituita-da-papa-francesco-nel-2019-con-la-lettera-apostolica-in-forma-di-motu-proprio-a\/#local-main-organization-logo\"},\"sameAs\":[\"https:\/\/www.facebook.com\/pastoralegiovanile.trento\/\",\"https:\/\/www.instagram.com\/pastoralegiovaniletrento\/\",\"https:\/\/www.youtube.com\/channel\/UCGt7hyJaIQIkrQPos4K6L6w\"],\"openingHoursSpecification\":[{\"@type\":\"OpeningHoursSpecification\",\"dayOfWeek\":[\"Monday\",\"Tuesday\",\"Wednesday\",\"Thursday\",\"Friday\",\"Saturday\",\"Sunday\"],\"opens\":\"09:00\",\"closes\":\"17:00\"}]},{\"@type\":\"ImageObject\",\"inLanguage\":\"it-IT\",\"@id\":\"https:\/\/www.diocesitn.it\/area-annuncio\/2026\/01\/19\/domenica-25-gennaio-terza-domenica-del-tempo-ordinario-si-celebra-la-settima-domenica-della-parola-istituita-da-papa-francesco-nel-2019-con-la-lettera-apostolica-in-forma-di-motu-proprio-a\/#local-main-organization-logo\",\"url\":\"https:\/\/www.diocesitn.it\/area-annuncio\/wp-content\/uploads\/sites\/39\/2021\/09\/og-logo-annuncio-e-sacramenti.jpg\",\"contentUrl\":\"https:\/\/www.diocesitn.it\/area-annuncio\/wp-content\/uploads\/sites\/39\/2021\/09\/og-logo-annuncio-e-sacramenti.jpg\",\"width\":1200,\"height\":630,\"caption\":\"Area Annuncio e Sacramenti - Chiesa di Trento\"}]}<\/script>\n<!-- \/ Yoast SEO Premium plugin. -->","yoast_head_json":{"title":"25 gennaio: Domenica della Parola 2026. Sussidi per l'animazione liturgica. - Annuncio e Sacramenti - Chiesa di Trento","description":"Domenica 25 gennaio si celebra la Domenica della ParolaDomenica 25 Gennaio, terza domenica del Tempo Ordinario, si celebra la settima Domenica della Parola, istituita da papa Francesco nel 2019 con la Lettera apostolica in forma di Motu proprio \u201cAperuit illis\u201d.","robots":{"index":"index","follow":"follow","max-snippet":"max-snippet:-1","max-image-preview":"max-image-preview:large","max-video-preview":"max-video-preview:-1"},"canonical":"https:\/\/www.diocesitn.it\/area-annuncio\/2026\/01\/19\/domenica-25-gennaio-terza-domenica-del-tempo-ordinario-si-celebra-la-settima-domenica-della-parola-istituita-da-papa-francesco-nel-2019-con-la-lettera-apostolica-in-forma-di-motu-proprio-a\/","og_locale":"it_IT","og_type":"article","og_title":"25 gennaio: Domenica della Parola 2026. Sussidi per l'animazione liturgica.","og_description":"Domenica 25 gennaio si celebra la Domenica della ParolaDomenica 25 Gennaio, terza domenica del Tempo Ordinario, si celebra la settima Domenica della Parola, istituita da papa Francesco nel 2019 con la Lettera apostolica in forma di Motu proprio \u201cAperuit illis\u201d.","og_url":"https:\/\/www.diocesitn.it\/area-annuncio\/2026\/01\/19\/domenica-25-gennaio-terza-domenica-del-tempo-ordinario-si-celebra-la-settima-domenica-della-parola-istituita-da-papa-francesco-nel-2019-con-la-lettera-apostolica-in-forma-di-motu-proprio-a\/","og_site_name":"Annuncio e Sacramenti","article_publisher":"https:\/\/www.facebook.com\/pastoralegiovanile.trento\/","article_published_time":"2026-01-19T11:35:13+00:00","article_modified_time":"2026-01-26T08:16:09+00:00","og_image":[{"width":1280,"height":850,"url":"https:\/\/www.diocesitn.it\/area-annuncio\/wp-content\/uploads\/sites\/39\/2026\/01\/immadine.jpg","type":"image\/jpeg"}],"author":"bjob","twitter_card":"summary_large_image","twitter_misc":{"Scritto da":"bjob","Tempo di lettura stimato":"1 minuto"},"schema":{"@context":"https:\/\/schema.org","@graph":[{"@type":"Article","@id":"https:\/\/www.diocesitn.it\/area-annuncio\/2026\/01\/19\/domenica-25-gennaio-terza-domenica-del-tempo-ordinario-si-celebra-la-settima-domenica-della-parola-istituita-da-papa-francesco-nel-2019-con-la-lettera-apostolica-in-forma-di-motu-proprio-a\/#article","isPartOf":{"@id":"https:\/\/www.diocesitn.it\/area-annuncio\/2026\/01\/19\/domenica-25-gennaio-terza-domenica-del-tempo-ordinario-si-celebra-la-settima-domenica-della-parola-istituita-da-papa-francesco-nel-2019-con-la-lettera-apostolica-in-forma-di-motu-proprio-a\/"},"author":{"name":"bjob","@id":"https:\/\/www.diocesitn.it\/area-annuncio\/#\/schema\/person\/d7f9cdfa494cf7272dca74ad974f399c"},"headline":"25 gennaio: Domenica della Parola 2026. Sussidi per l&#8217;animazione liturgica.","datePublished":"2026-01-19T11:35:13+00:00","dateModified":"2026-01-26T08:16:09+00:00","mainEntityOfPage":{"@id":"https:\/\/www.diocesitn.it\/area-annuncio\/2026\/01\/19\/domenica-25-gennaio-terza-domenica-del-tempo-ordinario-si-celebra-la-settima-domenica-della-parola-istituita-da-papa-francesco-nel-2019-con-la-lettera-apostolica-in-forma-di-motu-proprio-a\/"},"wordCount":178,"publisher":{"@id":"https:\/\/www.diocesitn.it\/area-annuncio\/#organization"},"image":{"@id":"https:\/\/www.diocesitn.it\/area-annuncio\/2026\/01\/19\/domenica-25-gennaio-terza-domenica-del-tempo-ordinario-si-celebra-la-settima-domenica-della-parola-istituita-da-papa-francesco-nel-2019-con-la-lettera-apostolica-in-forma-di-motu-proprio-a\/#primaryimage"},"thumbnailUrl":"https:\/\/www.diocesitn.it\/area-annuncio\/wp-content\/uploads\/sites\/39\/2026\/01\/immadine.jpg","keywords":["bibbia","Domenica della Parola"],"articleSection":["Catechesi","Liturgia","Notizie"],"inLanguage":"it-IT","copyrightYear":"2026","copyrightHolder":{"@id":"https:\/\/www.diocesitn.it\/#organization"}},{"@type":"WebPage","@id":"https:\/\/www.diocesitn.it\/area-annuncio\/2026\/01\/19\/domenica-25-gennaio-terza-domenica-del-tempo-ordinario-si-celebra-la-settima-domenica-della-parola-istituita-da-papa-francesco-nel-2019-con-la-lettera-apostolica-in-forma-di-motu-proprio-a\/","url":"https:\/\/www.diocesitn.it\/area-annuncio\/2026\/01\/19\/domenica-25-gennaio-terza-domenica-del-tempo-ordinario-si-celebra-la-settima-domenica-della-parola-istituita-da-papa-francesco-nel-2019-con-la-lettera-apostolica-in-forma-di-motu-proprio-a\/","name":"25 gennaio: Domenica della Parola 2026. Sussidi per l'animazione liturgica. - Annuncio e Sacramenti - Chiesa di Trento","isPartOf":{"@id":"https:\/\/www.diocesitn.it\/area-annuncio\/#website"},"primaryImageOfPage":{"@id":"https:\/\/www.diocesitn.it\/area-annuncio\/2026\/01\/19\/domenica-25-gennaio-terza-domenica-del-tempo-ordinario-si-celebra-la-settima-domenica-della-parola-istituita-da-papa-francesco-nel-2019-con-la-lettera-apostolica-in-forma-di-motu-proprio-a\/#primaryimage"},"image":{"@id":"https:\/\/www.diocesitn.it\/area-annuncio\/2026\/01\/19\/domenica-25-gennaio-terza-domenica-del-tempo-ordinario-si-celebra-la-settima-domenica-della-parola-istituita-da-papa-francesco-nel-2019-con-la-lettera-apostolica-in-forma-di-motu-proprio-a\/#primaryimage"},"thumbnailUrl":"https:\/\/www.diocesitn.it\/area-annuncio\/wp-content\/uploads\/sites\/39\/2026\/01\/immadine.jpg","datePublished":"2026-01-19T11:35:13+00:00","dateModified":"2026-01-26T08:16:09+00:00","description":"Domenica 25 gennaio si celebra la Domenica della ParolaDomenica 25 Gennaio, terza domenica del Tempo Ordinario, si celebra la settima Domenica della Parola, istituita da papa Francesco nel 2019 con la Lettera apostolica in forma di Motu proprio \u201cAperuit illis\u201d.","breadcrumb":{"@id":"https:\/\/www.diocesitn.it\/area-annuncio\/2026\/01\/19\/domenica-25-gennaio-terza-domenica-del-tempo-ordinario-si-celebra-la-settima-domenica-della-parola-istituita-da-papa-francesco-nel-2019-con-la-lettera-apostolica-in-forma-di-motu-proprio-a\/#breadcrumb"},"inLanguage":"it-IT","potentialAction":[{"@type":"ReadAction","target":["https:\/\/www.diocesitn.it\/area-annuncio\/2026\/01\/19\/domenica-25-gennaio-terza-domenica-del-tempo-ordinario-si-celebra-la-settima-domenica-della-parola-istituita-da-papa-francesco-nel-2019-con-la-lettera-apostolica-in-forma-di-motu-proprio-a\/"]}]},{"@type":"ImageObject","inLanguage":"it-IT","@id":"https:\/\/www.diocesitn.it\/area-annuncio\/2026\/01\/19\/domenica-25-gennaio-terza-domenica-del-tempo-ordinario-si-celebra-la-settima-domenica-della-parola-istituita-da-papa-francesco-nel-2019-con-la-lettera-apostolica-in-forma-di-motu-proprio-a\/#primaryimage","url":"https:\/\/www.diocesitn.it\/area-annuncio\/wp-content\/uploads\/sites\/39\/2026\/01\/immadine.jpg","contentUrl":"https:\/\/www.diocesitn.it\/area-annuncio\/wp-content\/uploads\/sites\/39\/2026\/01\/immadine.jpg","width":1280,"height":850},{"@type":"BreadcrumbList","@id":"https:\/\/www.diocesitn.it\/area-annuncio\/2026\/01\/19\/domenica-25-gennaio-terza-domenica-del-tempo-ordinario-si-celebra-la-settima-domenica-della-parola-istituita-da-papa-francesco-nel-2019-con-la-lettera-apostolica-in-forma-di-motu-proprio-a\/#breadcrumb","itemListElement":[{"@type":"ListItem","position":1,"name":"Home","item":"https:\/\/www.diocesitn.it\/area-annuncio\/"},{"@type":"ListItem","position":2,"name":"25 gennaio: Domenica della Parola 2026. Sussidi per l&#8217;animazione liturgica."}]},{"@type":"WebSite","@id":"https:\/\/www.diocesitn.it\/area-annuncio\/#website","url":"https:\/\/www.diocesitn.it\/area-annuncio\/","name":"Annuncio e Sacramenti","description":"Chiesa di Trento","publisher":{"@id":"https:\/\/www.diocesitn.it\/area-annuncio\/#organization"},"potentialAction":[{"@type":"SearchAction","target":{"@type":"EntryPoint","urlTemplate":"https:\/\/www.diocesitn.it\/area-annuncio\/?s={search_term_string}"},"query-input":"required name=search_term_string"}],"inLanguage":"it-IT"},{"@type":["Organization","Place"],"@id":"https:\/\/www.diocesitn.it\/area-annuncio\/#organization","name":"Area Annuncio e Sacramenti - Chiesa di Trento","url":"https:\/\/www.diocesitn.it\/area-annuncio\/","logo":{"@id":"https:\/\/www.diocesitn.it\/area-annuncio\/2026\/01\/19\/domenica-25-gennaio-terza-domenica-del-tempo-ordinario-si-celebra-la-settima-domenica-della-parola-istituita-da-papa-francesco-nel-2019-con-la-lettera-apostolica-in-forma-di-motu-proprio-a\/#local-main-organization-logo"},"image":{"@id":"https:\/\/www.diocesitn.it\/area-annuncio\/2026\/01\/19\/domenica-25-gennaio-terza-domenica-del-tempo-ordinario-si-celebra-la-settima-domenica-della-parola-istituita-da-papa-francesco-nel-2019-con-la-lettera-apostolica-in-forma-di-motu-proprio-a\/#local-main-organization-logo"},"sameAs":["https:\/\/www.facebook.com\/pastoralegiovanile.trento\/","https:\/\/www.instagram.com\/pastoralegiovaniletrento\/","https:\/\/www.youtube.com\/channel\/UCGt7hyJaIQIkrQPos4K6L6w"],"openingHoursSpecification":[{"@type":"OpeningHoursSpecification","dayOfWeek":["Monday","Tuesday","Wednesday","Thursday","Friday","Saturday","Sunday"],"opens":"09:00","closes":"17:00"}]},{"@type":"ImageObject","inLanguage":"it-IT","@id":"https:\/\/www.diocesitn.it\/area-annuncio\/2026\/01\/19\/domenica-25-gennaio-terza-domenica-del-tempo-ordinario-si-celebra-la-settima-domenica-della-parola-istituita-da-papa-francesco-nel-2019-con-la-lettera-apostolica-in-forma-di-motu-proprio-a\/#local-main-organization-logo","url":"https:\/\/www.diocesitn.it\/area-annuncio\/wp-content\/uploads\/sites\/39\/2021\/09\/og-logo-annuncio-e-sacramenti.jpg","contentUrl":"https:\/\/www.diocesitn.it\/area-annuncio\/wp-content\/uploads\/sites\/39\/2021\/09\/og-logo-annuncio-e-sacramenti.jpg","width":1200,"height":630,"caption":"Area Annuncio e Sacramenti - Chiesa di Trento"}]}},"_links":{"self":[{"href":"https:\/\/www.diocesitn.it\/area-annuncio\/wp-json\/wp\/v2\/posts\/27065","targetHints":{"allow":["GET"]}}],"collection":[{"href":"https:\/\/www.diocesitn.it\/area-annuncio\/wp-json\/wp\/v2\/posts"}],"about":[{"href":"https:\/\/www.diocesitn.it\/area-annuncio\/wp-json\/wp\/v2\/types\/post"}],"author":[{"embeddable":true,"href":"https:\/\/www.diocesitn.it\/area-annuncio\/wp-json\/wp\/v2\/users\/166"}],"replies":[{"embeddable":true,"href":"https:\/\/www.diocesitn.it\/area-annuncio\/wp-json\/wp\/v2\/comments?post=27065"}],"version-history":[{"count":3,"href":"https:\/\/www.diocesitn.it\/area-annuncio\/wp-json\/wp\/v2\/posts\/27065\/revisions"}],"predecessor-version":[{"id":27092,"href":"https:\/\/www.diocesitn.it\/area-annuncio\/wp-json\/wp\/v2\/posts\/27065\/revisions\/27092"}],"wp:featuredmedia":[{"embeddable":true,"href":"https:\/\/www.diocesitn.it\/area-annuncio\/wp-json\/wp\/v2\/media\/27074"}],"wp:attachment":[{"href":"https:\/\/www.diocesitn.it\/area-annuncio\/wp-json\/wp\/v2\/media?parent=27065"}],"wp:term":[{"taxonomy":"category","embeddable":true,"href":"https:\/\/www.diocesitn.it\/area-annuncio\/wp-json\/wp\/v2\/categories?post=27065"},{"taxonomy":"post_tag","embeddable":true,"href":"https:\/\/www.diocesitn.it\/area-annuncio\/wp-json\/wp\/v2\/tags?post=27065"}],"curies":[{"name":"wp","href":"https:\/\/api.w.org\/{rel}","templated":true}]}}