{"id":26657,"date":"2025-12-02T12:10:05","date_gmt":"2025-12-02T11:10:05","guid":{"rendered":"https:\/\/www.diocesitn.it\/area-annuncio\/?p=26657"},"modified":"2025-12-15T11:30:29","modified_gmt":"2025-12-15T10:30:29","slug":"beatificazione-alfredo-dalloglio-13-dicembre","status":"publish","type":"post","link":"https:\/\/www.diocesitn.it\/area-annuncio\/2025\/12\/02\/beatificazione-alfredo-dalloglio-13-dicembre\/","title":{"rendered":"La Diocesi di Trento verso la beatificazione di Alfredo Dall&#8217;Oglio il prossimo 13 dicembre a Parigi &#8211; Sussidi per le comunit\u00e0"},"content":{"rendered":"<p>La Chiesa di Trento si appresta a vivere con particolare intensit\u00e0 la prossima <strong>beatificazione di Alfredo Dall&#8217;Oglio<\/strong>, nativo di Borgo Valsugana, emigrato con la famiglia a Parigi all&#8217;et\u00e0 di tre anni nel 1924, attivo nella <strong>JOC<\/strong> (Giovent\u00f9 Operaia Cattolica) e martire per la fede nel 1944, nel campo forzato di Wuhlheide (Berlino).<\/p>\n<p>Alfredo sar\u00e0 proclamato <strong>beato<\/strong> a Parigi <strong>sabato 13 dicembre 2025<\/strong> nella cattedrale di Notre-Dame insieme ad altri 49 francesi, morti durante la Seconda Guerra Mondiale e tutti riconosciuti martiri in odio alla fede.<\/p>\n<h4>Come celebrare il futuro beato (sussidi)<\/h4>\n<p class=\"xmsonormal\" style=\"text-align: justify\"><span style=\"font-size: 12.0pt;font-family: 'Arial',sans-serif\">La <strong>prossima beatificazione<\/strong> del conterraneo Alfredo Dall\u2019Oglio non sar\u00e0 solo un <strong>evento straordinario per l\u2019intera Diocesi di Trento<\/strong>, ma un\u2019opportunit\u00e0 provvidenziale da cogliere per due buoni motivi.<br \/>\n<\/span><\/p>\n<p class=\"xmsonormal\" style=\"text-align: justify\"><span style=\"font-size: 12.0pt;font-family: 'Arial',sans-serif\">\u00c8 anzitutto <\/span><strong>occasione per un annuncio evangelico<\/strong> proposto con il linguaggio della <strong>testimonianza<\/strong>, e perci\u00f2 stesso efficace, se \u00e8 vero che \u201cl\u2019uomo d\u2019oggi presta pi\u00f9 attenzione ai testimoni che ai maestri\u201d (Paolo VI) . La <strong>beatificazione di Alfredo<\/strong> offre uno <strong>stile<\/strong> di <strong>coerenza cristiana<\/strong>, mite e audace allo stesso tempo, che pu\u00f2 parlare non solo ai giovani ma alle persone di qualsiasi et\u00e0.<br \/>\nInoltre, dato il <strong>contesto culturale<\/strong> (e politico) che caratterizza il nostro tempo, nel quale sembrano \u201criemergere <strong>antichi fantasmi di un nefasto passato<\/strong>\u201d, questo evento \u00e8 a suo modo un allarme che la <strong>Chiesa<\/strong> \u2013 per il compito di <strong>sentinella<\/strong> che le spetta \u2013 deve giustamente lanciare, e lo pu\u00f2 fare con l\u2019unico linguaggio di sua competenza: non quello della politica, bens\u00ec della <strong>testimonianza<\/strong>.<\/p>\n<p>Alla Diocesi sono offerti <strong>alcuni sussidi<\/strong> predisposti da <strong>don Piero Rattin<\/strong> e in particolare:<\/p>\n<p>&#8211; una <strong><span style=\"text-decoration: underline\">veglia di preghiera<\/span><\/strong> con guida di un <a href=\"https:\/\/www.diocesitn.it\/area-annuncio\/wp-content\/uploads\/sites\/39\/2025\/12\/Fascicolo-Preghiera-Guida-Sac.-o-Diac.pdf\" target=\"_blank\" rel=\"noopener\"><strong>ministro ordinato<\/strong><\/a> o di un <a href=\"https:\/\/www.diocesitn.it\/area-annuncio\/wp-content\/uploads\/sites\/39\/2025\/12\/Fascicolo-Preghiera-ad-Animazione-Laicale.pdf\" target=\"_blank\" rel=\"noopener\"><strong>laico<\/strong><\/a>;<\/p>\n<p>&#8211; alcune proposte per <a href=\"https:\/\/www.diocesitn.it\/area-annuncio\/wp-content\/uploads\/sites\/39\/2025\/12\/Menzioni-alle-MESSE-di-DOMENICA-14-DICEMBRE.doc\" target=\"_blank\" rel=\"noopener\"><strong>l&#8217;animazione della S. Messa<\/strong><\/a> della III domenica di Avvento;<\/p>\n<p>&#8211; <a href=\"https:\/\/www.diocesitn.it\/area-annuncio\/wp-content\/uploads\/sites\/39\/2025\/12\/2025-11-18_Locandina-BEATO-Alfredo-DallOglio-Esposizione-Chiesa.pdf\" target=\"_blank\" rel=\"noopener\"><strong>l&#8217;immagine di Alfredo Dall&#8217;Oglio<\/strong><\/a> da esporre all&#8217;ingresso delle chiese e che sar\u00e0<strong> in distribuzione al ritiro dei preti gioved\u00ec 11 dicembre p.v.<\/strong> all&#8217;Oratorio del Duomo <strong>oppure al Vigilianum a partire da Mercoled\u00ec 10 dicembre p.v.<\/strong><\/p>\n<h4>Un recital per Alfredo<\/h4>\n<p><a href=\"https:\/\/www.diocesitn.it\/area-annuncio\/wp-content\/uploads\/sites\/39\/2025\/12\/Locandina-Storia-Alfredo-DallOglio-09-dicembre-2025.pdf\" rel=\"attachment wp-att-26680\"><img loading=\"lazy\" decoding=\"async\" class=\"alignleft wp-image-26680 size-medium\" src=\"https:\/\/www.diocesitn.it\/area-annuncio\/wp-content\/uploads\/sites\/39\/2025\/12\/Locandina-Storia-Alfredo-DallOglio-09-dicembre-2025-211x300.jpg\" alt=\"\" width=\"211\" height=\"300\" \/><\/a>Approda\u00a0<strong>marted\u00ec 9 dicembre <\/strong>a <strong>Trento<\/strong>, nella chiesa di <strong>San Francesco Saverio<\/strong> alle\u00a0<strong>ore 20.30<\/strong>\u00a0il\u00a0<strong>recital\u00a0<\/strong>dedicato alla riscoperta del futuro beato trentino<strong>\u00a0Alfredo Dall\u2019Oglio<\/strong>, nato a Borgo Valsugana, emigrato a tre anni con la famiglia a Parigi, e morto nel 1944 a soli 23 anni nel lager di Wuhlheide, vicino a Berlino, vittima dell\u2019odio alla fede.<\/p>\n<p>La serata, dedicata alla figura del giovane martire trentino, inizier\u00e0 alle\u00a0<strong>ore 20.30 con ingresso libero<\/strong>, offrendo al pubblico l\u2019occasione di conoscere da vicino la sua storia.<\/p>\n<p>Il recital (gi\u00e0 andato in scena a Borgo lo scorso anno, nel capoluogo a maggio e di recente Rovereto) \u00e8 ideato e narrato da <strong>don Piero Rattin<\/strong>, autore del testo; l\u2019interpretazione di Alfredo \u2013 attraverso alcune sue lettere \u2013 \u00e8 affidata a\u00a0<strong>Giacomo Anderle<\/strong>, affiancato da\u00a0<strong>Camilla Da Vico<\/strong>, mentre la parte musicale sar\u00e0 curata da\u00a0<strong>Alessandro Martinelli<\/strong>.<\/p>\n<h4><\/h4>\n<h4><\/h4>\n<hr \/>\n<h4>Biografia di Alfredo<\/h4>\n<p><a href=\"https:\/\/www.diocesitn.it\/area-annuncio\/?attachment_id=26675\" rel=\"attachment wp-att-26675\"><img loading=\"lazy\" decoding=\"async\" class=\"size-medium wp-image-26675 alignright\" src=\"https:\/\/www.diocesitn.it\/area-annuncio\/wp-content\/uploads\/sites\/39\/2025\/12\/B6.-Fredo-219x300.jpg\" alt=\"\" width=\"219\" height=\"300\" srcset=\"https:\/\/www.diocesitn.it\/area-annuncio\/wp-content\/uploads\/sites\/39\/2025\/12\/B6.-Fredo-219x300.jpg 219w, https:\/\/www.diocesitn.it\/area-annuncio\/wp-content\/uploads\/sites\/39\/2025\/12\/B6.-Fredo-204x280.jpg 204w, https:\/\/www.diocesitn.it\/area-annuncio\/wp-content\/uploads\/sites\/39\/2025\/12\/B6.-Fredo.jpg 452w\" sizes=\"auto, (max-width: 219px) 100vw, 219px\" \/><\/a>Alfredo nacque a <strong>Borgo Valsugana il 6 luglio 1921<\/strong>. La sua famiglia, molto povera ma profondamente cristiana, come molte altre intraprese la dura strada dell\u2019emigrazione, dirigendosi verso la Francia. Si stabil\u00ec in una cittadina alla periferia Est di Parigi. Alfredo frequent\u00f2 le scuole primarie, poi inizi\u00f2 le commerciali, che tuttavia interruppe ben presto a causa delle difficili condizioni economiche. Frequentava abitualmente l\u2019Oratorio e la Parrocchia, dove ricevette i sacramenti dell\u2019iniziazione cristiana.<br \/>\nAncora <strong>adolescente entr\u00f2 nel mondo del lavoro<\/strong>: fu assunto in qualit\u00e0 di assistente-preparatore in una farmacia delle vicinanze, dove ebbe modo di entrare in contatto con un medico ebreo fuggito dalla Germania nazista. Grazie a questa conoscenza inizi\u00f2 a comprendere come fosse pericolosa l\u2019ideologia nazista e quanto fossero nefasti i suoi orrori.<\/p>\n<h4>La JOC<\/h4>\n<p>Entr\u00f2 a far parte della <strong>Giovent\u00f9 Operaia Cattolica<\/strong>, associazione presente in molti ambienti di lavoro francesi. Grazie alla sua capacit\u00e0 di riflessione, al suo spirito d\u2019iniziativa e all\u2019ascendente che aveva sui suoi compagni lavoratori, dopo qualche anno Alfredo divenne dirigente federale di quest\u2019associazione cristiana per tutta la zona Est di Parigi.<br \/>\nDurante la Seconda Guerra Mondiale molti <strong>operai tedeschi dovettero lasciare il lavoro per andare a combattere al fronte<\/strong>; il regime nazista allora <strong>obblig\u00f2 un gran numero di lavoratori stranieri<\/strong> a prendere il loro posto nelle fabbriche della Germania. Il 3 marzo 1943 anche Alfredo dovette partire; venne impiegato come operaio in una fabbrica di colori e vernici nei pressi di Berlino.<\/p>\n<h4>L&#8217;apostolato in Germania<\/h4>\n<p>Dopo il suo arrivo, partecip\u00f2 attivamente all\u2019avvio e all\u2019animazione dell\u2019<strong>Azione Cattolica clandestina<\/strong>, presente tra gli operai francesi. Fu presto <strong>responsabile<\/strong> dell\u2019Associazione di tutto il territorio Nord-Est di Berlino. Il suo impegno si concretizz\u00f2 anche nella nascita della \u201c<strong>Giovent\u00f9 che reagisce<\/strong>\u201d: un gruppo di resistenza, che trovava la propria forza nella fede e nella preghiera. Collaborava con i preti operai clandestini, organizzava incontri di spiritualit\u00e0 e di svago, celebrazioni di sante Messe in luoghi nascosti e appartati, si prendeva cura dei compagni ammalati o feriti nei bombardamenti. Il regime nazista tuttavia non tollerava quest\u2019attivit\u00e0, poich\u00e9 era in totale contraddizione con la sua ideologia. Il 12 marzo 1943 eman\u00f2 un decreto con il quale dichiarava fuori legge l\u2019Azione Cattolica dei lavoratori francesi in Germania.<\/p>\n<h4>L&#8217;arresto, le sevizie, la morte<\/h4>\n<p>Il <strong>6 giugno 1944<\/strong> Alfredo fu <strong>arrestato<\/strong> dalla Polizia Nazista con altri 15 capi cattolici di Berlino: fu sottoposto a <strong>lunghi interrogatori accompagnati da brutalit\u00e0 e sevizie d\u2019ogni specie<\/strong>. Dopo alcuni mesi di carcere, fu trasferito nel lager di rieducazione di <strong>Wuhlheide<\/strong>, creato appositamente per dissuadere gli operai dal continuare qualsiasi forma di resistenza. In quel lager Alfredo sub\u00ec interrogatori, torture, fu pi\u00f9 volte pestato di botte, tanto da averne \u2013 lui, allegro per natura &#8211; il morale totalmente fiaccato. In questo naufragio di forze umane, restava aggrappato a Dio con un\u2019incessante preghiera silenziosa. Dopo un\u2019ultima notte di delirio, ricevuta l\u2019assoluzione dal prete operaio suo compagno di prigionia, <strong>Alfredo mor\u00ec il 31 ottobre 1944<\/strong>.<br \/>\n<strong>Papa Leone XIV ha riconosciuto il suo \u201cmartirio in odio alla fede\u201d &#8211; e con lui di altri 49 suoi compagni &#8211; aprendo cos\u00ec la strada alla loro beatificazione.<\/strong><\/p>\n<h4><\/h4>\n","protected":false},"excerpt":{"rendered":"<p>La Chiesa di Trento si appresta a vivere con particolare intensit\u00e0 la prossima beatificazione di Alfredo Dall&#8217;Oglio, nativo di Borgo Valsugana, emigrato con la famiglia a Parigi all&#8217;et\u00e0 di tre anni nel 1924, attivo nella<\/p>\n","protected":false},"author":31,"featured_media":26676,"comment_status":"closed","ping_status":"closed","sticky":false,"template":"","format":"standard","meta":{"footnotes":""},"categories":[763,608],"tags":[],"class_list":["post-26657","post","type-post","status-publish","format-standard","has-post-thumbnail","hentry","category-annuncio-e-sacramenti","category-notizie"],"acf":{"seed-localization-paese-cod":"IT","seed-localization-address":"","seed-localization-citta":"Trento","seed-localization-regione-cod-istat":"04","seed-localization-citta-cod-istat":"022205","seed-localization-localita":"","seed-localization-cap":"","seed-localization-marker-visibility":false,"seed-localization-children-visibility":false,"seed-localization-kml":"","seed-localization-custom-marker":""},"yoast_head":"<!-- This site is optimized with the Yoast SEO Premium plugin v20.2.1 (Yoast SEO v22.2) - https:\/\/yoast.com\/wordpress\/plugins\/seo\/ -->\n<title>Beatificazione di Alfredo Dall&#039;Oglio 13 dicembre<\/title>\n<meta name=\"description\" content=\"La prossima beatificazione del nostro conterraneo Alfredo Dall\u2019Oglio \u00e8 non solo un evento straordinario per l\u2019intera Diocesi, ma un\u2019opportunit\u00e0 provvidenziale da cogliere per due buoni motivi:- \u00e8 occasione per un annuncio evangelico proposto con il linguaggio della testimonianza, e perci\u00f2 stesso efficace, se \u00e8 vero che \u201cl\u2019uomo d\u2019oggi presta pi\u00f9 attenzione ai testimoni che ai maestri\u201d (Paolo VI) . La Beatificazione di Alfredo offre uno stile di coerenza cristiana, mite e audace allo stesso tempo, che pu\u00f2 parlare non solo ai giovani ma alle persone di qualsiasi et\u00e0.- Inoltre, dato il contesto culturale (e politico) che caratterizza il nostro tempo, nel quale sembrano \u201criemergere antichi fantasmi di un nefasto passato\u201d,\u00a0 questo evento \u00e8 a suo modo un allarme che la Chiesa \u2013 per il compito di sentinella che le spetta \u2013 deve giustamente lanciare, e lo pu\u00f2 fare con l\u2019unico linguaggio di sua competenza: non quello della politica, bens\u00ec della testimonianza.\" \/>\n<meta name=\"robots\" content=\"index, follow, max-snippet:-1, max-image-preview:large, max-video-preview:-1\" \/>\n<link rel=\"canonical\" href=\"https:\/\/www.diocesitn.it\/area-annuncio\/2025\/12\/02\/beatificazione-alfredo-dalloglio-13-dicembre\/\" \/>\n<meta property=\"og:locale\" content=\"it_IT\" \/>\n<meta property=\"og:type\" content=\"article\" \/>\n<meta property=\"og:title\" content=\"La Diocesi di Trento verso la beatificazione di Alfredo Dall&#039;Oglio il prossimo 13 dicembre a Parigi - Sussidi per le comunit\u00e0\" \/>\n<meta property=\"og:description\" content=\"La prossima beatificazione del nostro conterraneo Alfredo Dall\u2019Oglio \u00e8 non solo un evento straordinario per l\u2019intera Diocesi, ma un\u2019opportunit\u00e0 provvidenziale da cogliere per due buoni motivi:- \u00e8 occasione per un annuncio evangelico proposto con il linguaggio della testimonianza, e perci\u00f2 stesso efficace, se \u00e8 vero che \u201cl\u2019uomo d\u2019oggi presta pi\u00f9 attenzione ai testimoni che ai maestri\u201d (Paolo VI) . La Beatificazione di Alfredo offre uno stile di coerenza cristiana, mite e audace allo stesso tempo, che pu\u00f2 parlare non solo ai giovani ma alle persone di qualsiasi et\u00e0.- Inoltre, dato il contesto culturale (e politico) che caratterizza il nostro tempo, nel quale sembrano \u201criemergere antichi fantasmi di un nefasto passato\u201d,\u00a0 questo evento \u00e8 a suo modo un allarme che la Chiesa \u2013 per il compito di sentinella che le spetta \u2013 deve giustamente lanciare, e lo pu\u00f2 fare con l\u2019unico linguaggio di sua competenza: non quello della politica, bens\u00ec della testimonianza.\" \/>\n<meta property=\"og:url\" content=\"https:\/\/www.diocesitn.it\/area-annuncio\/2025\/12\/02\/beatificazione-alfredo-dalloglio-13-dicembre\/\" \/>\n<meta property=\"og:site_name\" content=\"Annuncio e Sacramenti\" \/>\n<meta property=\"article:publisher\" content=\"https:\/\/www.facebook.com\/pastoralegiovanile.trento\/\" \/>\n<meta property=\"article:published_time\" content=\"2025-12-02T11:10:05+00:00\" \/>\n<meta property=\"article:modified_time\" content=\"2025-12-15T10:30:29+00:00\" \/>\n<meta property=\"og:image\" content=\"https:\/\/www.diocesitn.it\/area-annuncio\/wp-content\/uploads\/sites\/39\/2025\/12\/DallOglio-Ritratto-Magnini-.jpg\" \/>\n\t<meta property=\"og:image:width\" content=\"1500\" \/>\n\t<meta property=\"og:image:height\" content=\"1301\" \/>\n\t<meta property=\"og:image:type\" content=\"image\/jpeg\" \/>\n<meta name=\"author\" content=\"pdelama\" \/>\n<meta name=\"twitter:card\" content=\"summary_large_image\" \/>\n<meta name=\"twitter:label1\" content=\"Scritto da\" \/>\n\t<meta name=\"twitter:data1\" content=\"pdelama\" \/>\n\t<meta name=\"twitter:label2\" content=\"Tempo di lettura stimato\" \/>\n\t<meta name=\"twitter:data2\" content=\"5 minuti\" \/>\n<script type=\"application\/ld+json\" class=\"yoast-schema-graph\">{\"@context\":\"https:\/\/schema.org\",\"@graph\":[{\"@type\":\"Article\",\"@id\":\"https:\/\/www.diocesitn.it\/area-annuncio\/2025\/12\/02\/beatificazione-alfredo-dalloglio-13-dicembre\/#article\",\"isPartOf\":{\"@id\":\"https:\/\/www.diocesitn.it\/area-annuncio\/2025\/12\/02\/beatificazione-alfredo-dalloglio-13-dicembre\/\"},\"author\":{\"name\":\"pdelama\",\"@id\":\"https:\/\/www.diocesitn.it\/area-annuncio\/#\/schema\/person\/65154cb45813d674873791b3accc006b\"},\"headline\":\"La Diocesi di Trento verso la beatificazione di Alfredo Dall&#8217;Oglio il prossimo 13 dicembre a Parigi &#8211; Sussidi per le comunit\u00e0\",\"datePublished\":\"2025-12-02T11:10:05+00:00\",\"dateModified\":\"2025-12-15T10:30:29+00:00\",\"mainEntityOfPage\":{\"@id\":\"https:\/\/www.diocesitn.it\/area-annuncio\/2025\/12\/02\/beatificazione-alfredo-dalloglio-13-dicembre\/\"},\"wordCount\":996,\"publisher\":{\"@id\":\"https:\/\/www.diocesitn.it\/area-annuncio\/#organization\"},\"image\":{\"@id\":\"https:\/\/www.diocesitn.it\/area-annuncio\/2025\/12\/02\/beatificazione-alfredo-dalloglio-13-dicembre\/#primaryimage\"},\"thumbnailUrl\":\"https:\/\/www.diocesitn.it\/area-annuncio\/wp-content\/uploads\/sites\/39\/2025\/12\/DallOglio-Ritratto-Magnini-.jpg\",\"articleSection\":[\"Annuncio e Sacramenti\",\"Notizie\"],\"inLanguage\":\"it-IT\",\"copyrightYear\":\"2025\",\"copyrightHolder\":{\"@id\":\"https:\/\/www.diocesitn.it\/#organization\"}},{\"@type\":\"WebPage\",\"@id\":\"https:\/\/www.diocesitn.it\/area-annuncio\/2025\/12\/02\/beatificazione-alfredo-dalloglio-13-dicembre\/\",\"url\":\"https:\/\/www.diocesitn.it\/area-annuncio\/2025\/12\/02\/beatificazione-alfredo-dalloglio-13-dicembre\/\",\"name\":\"Beatificazione di Alfredo Dall'Oglio 13 dicembre\",\"isPartOf\":{\"@id\":\"https:\/\/www.diocesitn.it\/area-annuncio\/#website\"},\"primaryImageOfPage\":{\"@id\":\"https:\/\/www.diocesitn.it\/area-annuncio\/2025\/12\/02\/beatificazione-alfredo-dalloglio-13-dicembre\/#primaryimage\"},\"image\":{\"@id\":\"https:\/\/www.diocesitn.it\/area-annuncio\/2025\/12\/02\/beatificazione-alfredo-dalloglio-13-dicembre\/#primaryimage\"},\"thumbnailUrl\":\"https:\/\/www.diocesitn.it\/area-annuncio\/wp-content\/uploads\/sites\/39\/2025\/12\/DallOglio-Ritratto-Magnini-.jpg\",\"datePublished\":\"2025-12-02T11:10:05+00:00\",\"dateModified\":\"2025-12-15T10:30:29+00:00\",\"description\":\"La prossima beatificazione del nostro conterraneo Alfredo Dall\u2019Oglio \u00e8 non solo un evento straordinario per l\u2019intera Diocesi, ma un\u2019opportunit\u00e0 provvidenziale da cogliere per due buoni motivi:- \u00e8 occasione per un annuncio evangelico proposto con il linguaggio della testimonianza, e perci\u00f2 stesso efficace, se \u00e8 vero che \u201cl\u2019uomo d\u2019oggi presta pi\u00f9 attenzione ai testimoni che ai maestri\u201d (Paolo VI) . La Beatificazione di Alfredo offre uno stile di coerenza cristiana, mite e audace allo stesso tempo, che pu\u00f2 parlare non solo ai giovani ma alle persone di qualsiasi et\u00e0.- Inoltre, dato il contesto culturale (e politico) che caratterizza il nostro tempo, nel quale sembrano \u201criemergere antichi fantasmi di un nefasto passato\u201d,\u00a0 questo evento \u00e8 a suo modo un allarme che la Chiesa \u2013 per il compito di sentinella che le spetta \u2013 deve giustamente lanciare, e lo pu\u00f2 fare con l\u2019unico linguaggio di sua competenza: non quello della politica, bens\u00ec della testimonianza.\",\"breadcrumb\":{\"@id\":\"https:\/\/www.diocesitn.it\/area-annuncio\/2025\/12\/02\/beatificazione-alfredo-dalloglio-13-dicembre\/#breadcrumb\"},\"inLanguage\":\"it-IT\",\"potentialAction\":[{\"@type\":\"ReadAction\",\"target\":[\"https:\/\/www.diocesitn.it\/area-annuncio\/2025\/12\/02\/beatificazione-alfredo-dalloglio-13-dicembre\/\"]}]},{\"@type\":\"ImageObject\",\"inLanguage\":\"it-IT\",\"@id\":\"https:\/\/www.diocesitn.it\/area-annuncio\/2025\/12\/02\/beatificazione-alfredo-dalloglio-13-dicembre\/#primaryimage\",\"url\":\"https:\/\/www.diocesitn.it\/area-annuncio\/wp-content\/uploads\/sites\/39\/2025\/12\/DallOglio-Ritratto-Magnini-.jpg\",\"contentUrl\":\"https:\/\/www.diocesitn.it\/area-annuncio\/wp-content\/uploads\/sites\/39\/2025\/12\/DallOglio-Ritratto-Magnini-.jpg\",\"width\":1500,\"height\":1301},{\"@type\":\"BreadcrumbList\",\"@id\":\"https:\/\/www.diocesitn.it\/area-annuncio\/2025\/12\/02\/beatificazione-alfredo-dalloglio-13-dicembre\/#breadcrumb\",\"itemListElement\":[{\"@type\":\"ListItem\",\"position\":1,\"name\":\"Home\",\"item\":\"https:\/\/www.diocesitn.it\/area-annuncio\/\"},{\"@type\":\"ListItem\",\"position\":2,\"name\":\"La Diocesi di Trento verso la beatificazione di Alfredo Dall&#8217;Oglio il prossimo 13 dicembre a Parigi &#8211; Sussidi per le comunit\u00e0\"}]},{\"@type\":\"WebSite\",\"@id\":\"https:\/\/www.diocesitn.it\/area-annuncio\/#website\",\"url\":\"https:\/\/www.diocesitn.it\/area-annuncio\/\",\"name\":\"Annuncio e Sacramenti\",\"description\":\"Chiesa di Trento\",\"publisher\":{\"@id\":\"https:\/\/www.diocesitn.it\/area-annuncio\/#organization\"},\"potentialAction\":[{\"@type\":\"SearchAction\",\"target\":{\"@type\":\"EntryPoint\",\"urlTemplate\":\"https:\/\/www.diocesitn.it\/area-annuncio\/?s={search_term_string}\"},\"query-input\":\"required name=search_term_string\"}],\"inLanguage\":\"it-IT\"},{\"@type\":[\"Organization\",\"Place\"],\"@id\":\"https:\/\/www.diocesitn.it\/area-annuncio\/#organization\",\"name\":\"Area Annuncio e Sacramenti - Chiesa di Trento\",\"url\":\"https:\/\/www.diocesitn.it\/area-annuncio\/\",\"logo\":{\"@id\":\"https:\/\/www.diocesitn.it\/area-annuncio\/2025\/12\/02\/beatificazione-alfredo-dalloglio-13-dicembre\/#local-main-organization-logo\"},\"image\":{\"@id\":\"https:\/\/www.diocesitn.it\/area-annuncio\/2025\/12\/02\/beatificazione-alfredo-dalloglio-13-dicembre\/#local-main-organization-logo\"},\"sameAs\":[\"https:\/\/www.facebook.com\/pastoralegiovanile.trento\/\",\"https:\/\/www.instagram.com\/pastoralegiovaniletrento\/\",\"https:\/\/www.youtube.com\/channel\/UCGt7hyJaIQIkrQPos4K6L6w\"],\"openingHoursSpecification\":[{\"@type\":\"OpeningHoursSpecification\",\"dayOfWeek\":[\"Monday\",\"Tuesday\",\"Wednesday\",\"Thursday\",\"Friday\",\"Saturday\",\"Sunday\"],\"opens\":\"09:00\",\"closes\":\"17:00\"}]},{\"@type\":\"ImageObject\",\"inLanguage\":\"it-IT\",\"@id\":\"https:\/\/www.diocesitn.it\/area-annuncio\/2025\/12\/02\/beatificazione-alfredo-dalloglio-13-dicembre\/#local-main-organization-logo\",\"url\":\"https:\/\/www.diocesitn.it\/area-annuncio\/wp-content\/uploads\/sites\/39\/2021\/09\/og-logo-annuncio-e-sacramenti.jpg\",\"contentUrl\":\"https:\/\/www.diocesitn.it\/area-annuncio\/wp-content\/uploads\/sites\/39\/2021\/09\/og-logo-annuncio-e-sacramenti.jpg\",\"width\":1200,\"height\":630,\"caption\":\"Area Annuncio e Sacramenti - Chiesa di Trento\"}]}<\/script>\n<!-- \/ Yoast SEO Premium plugin. -->","yoast_head_json":{"title":"Beatificazione di Alfredo Dall'Oglio 13 dicembre","description":"La prossima beatificazione del nostro conterraneo Alfredo Dall\u2019Oglio \u00e8 non solo un evento straordinario per l\u2019intera Diocesi, ma un\u2019opportunit\u00e0 provvidenziale da cogliere per due buoni motivi:- \u00e8 occasione per un annuncio evangelico proposto con il linguaggio della testimonianza, e perci\u00f2 stesso efficace, se \u00e8 vero che \u201cl\u2019uomo d\u2019oggi presta pi\u00f9 attenzione ai testimoni che ai maestri\u201d (Paolo VI) . La Beatificazione di Alfredo offre uno stile di coerenza cristiana, mite e audace allo stesso tempo, che pu\u00f2 parlare non solo ai giovani ma alle persone di qualsiasi et\u00e0.- Inoltre, dato il contesto culturale (e politico) che caratterizza il nostro tempo, nel quale sembrano \u201criemergere antichi fantasmi di un nefasto passato\u201d,\u00a0 questo evento \u00e8 a suo modo un allarme che la Chiesa \u2013 per il compito di sentinella che le spetta \u2013 deve giustamente lanciare, e lo pu\u00f2 fare con l\u2019unico linguaggio di sua competenza: non quello della politica, bens\u00ec della testimonianza.","robots":{"index":"index","follow":"follow","max-snippet":"max-snippet:-1","max-image-preview":"max-image-preview:large","max-video-preview":"max-video-preview:-1"},"canonical":"https:\/\/www.diocesitn.it\/area-annuncio\/2025\/12\/02\/beatificazione-alfredo-dalloglio-13-dicembre\/","og_locale":"it_IT","og_type":"article","og_title":"La Diocesi di Trento verso la beatificazione di Alfredo Dall'Oglio il prossimo 13 dicembre a Parigi - Sussidi per le comunit\u00e0","og_description":"La prossima beatificazione del nostro conterraneo Alfredo Dall\u2019Oglio \u00e8 non solo un evento straordinario per l\u2019intera Diocesi, ma un\u2019opportunit\u00e0 provvidenziale da cogliere per due buoni motivi:- \u00e8 occasione per un annuncio evangelico proposto con il linguaggio della testimonianza, e perci\u00f2 stesso efficace, se \u00e8 vero che \u201cl\u2019uomo d\u2019oggi presta pi\u00f9 attenzione ai testimoni che ai maestri\u201d (Paolo VI) . La Beatificazione di Alfredo offre uno stile di coerenza cristiana, mite e audace allo stesso tempo, che pu\u00f2 parlare non solo ai giovani ma alle persone di qualsiasi et\u00e0.- Inoltre, dato il contesto culturale (e politico) che caratterizza il nostro tempo, nel quale sembrano \u201criemergere antichi fantasmi di un nefasto passato\u201d,\u00a0 questo evento \u00e8 a suo modo un allarme che la Chiesa \u2013 per il compito di sentinella che le spetta \u2013 deve giustamente lanciare, e lo pu\u00f2 fare con l\u2019unico linguaggio di sua competenza: non quello della politica, bens\u00ec della testimonianza.","og_url":"https:\/\/www.diocesitn.it\/area-annuncio\/2025\/12\/02\/beatificazione-alfredo-dalloglio-13-dicembre\/","og_site_name":"Annuncio e Sacramenti","article_publisher":"https:\/\/www.facebook.com\/pastoralegiovanile.trento\/","article_published_time":"2025-12-02T11:10:05+00:00","article_modified_time":"2025-12-15T10:30:29+00:00","og_image":[{"width":1500,"height":1301,"url":"https:\/\/www.diocesitn.it\/area-annuncio\/wp-content\/uploads\/sites\/39\/2025\/12\/DallOglio-Ritratto-Magnini-.jpg","type":"image\/jpeg"}],"author":"pdelama","twitter_card":"summary_large_image","twitter_misc":{"Scritto da":"pdelama","Tempo di lettura stimato":"5 minuti"},"schema":{"@context":"https:\/\/schema.org","@graph":[{"@type":"Article","@id":"https:\/\/www.diocesitn.it\/area-annuncio\/2025\/12\/02\/beatificazione-alfredo-dalloglio-13-dicembre\/#article","isPartOf":{"@id":"https:\/\/www.diocesitn.it\/area-annuncio\/2025\/12\/02\/beatificazione-alfredo-dalloglio-13-dicembre\/"},"author":{"name":"pdelama","@id":"https:\/\/www.diocesitn.it\/area-annuncio\/#\/schema\/person\/65154cb45813d674873791b3accc006b"},"headline":"La Diocesi di Trento verso la beatificazione di Alfredo Dall&#8217;Oglio il prossimo 13 dicembre a Parigi &#8211; Sussidi per le comunit\u00e0","datePublished":"2025-12-02T11:10:05+00:00","dateModified":"2025-12-15T10:30:29+00:00","mainEntityOfPage":{"@id":"https:\/\/www.diocesitn.it\/area-annuncio\/2025\/12\/02\/beatificazione-alfredo-dalloglio-13-dicembre\/"},"wordCount":996,"publisher":{"@id":"https:\/\/www.diocesitn.it\/area-annuncio\/#organization"},"image":{"@id":"https:\/\/www.diocesitn.it\/area-annuncio\/2025\/12\/02\/beatificazione-alfredo-dalloglio-13-dicembre\/#primaryimage"},"thumbnailUrl":"https:\/\/www.diocesitn.it\/area-annuncio\/wp-content\/uploads\/sites\/39\/2025\/12\/DallOglio-Ritratto-Magnini-.jpg","articleSection":["Annuncio e Sacramenti","Notizie"],"inLanguage":"it-IT","copyrightYear":"2025","copyrightHolder":{"@id":"https:\/\/www.diocesitn.it\/#organization"}},{"@type":"WebPage","@id":"https:\/\/www.diocesitn.it\/area-annuncio\/2025\/12\/02\/beatificazione-alfredo-dalloglio-13-dicembre\/","url":"https:\/\/www.diocesitn.it\/area-annuncio\/2025\/12\/02\/beatificazione-alfredo-dalloglio-13-dicembre\/","name":"Beatificazione di Alfredo Dall'Oglio 13 dicembre","isPartOf":{"@id":"https:\/\/www.diocesitn.it\/area-annuncio\/#website"},"primaryImageOfPage":{"@id":"https:\/\/www.diocesitn.it\/area-annuncio\/2025\/12\/02\/beatificazione-alfredo-dalloglio-13-dicembre\/#primaryimage"},"image":{"@id":"https:\/\/www.diocesitn.it\/area-annuncio\/2025\/12\/02\/beatificazione-alfredo-dalloglio-13-dicembre\/#primaryimage"},"thumbnailUrl":"https:\/\/www.diocesitn.it\/area-annuncio\/wp-content\/uploads\/sites\/39\/2025\/12\/DallOglio-Ritratto-Magnini-.jpg","datePublished":"2025-12-02T11:10:05+00:00","dateModified":"2025-12-15T10:30:29+00:00","description":"La prossima beatificazione del nostro conterraneo Alfredo Dall\u2019Oglio \u00e8 non solo un evento straordinario per l\u2019intera Diocesi, ma un\u2019opportunit\u00e0 provvidenziale da cogliere per due buoni motivi:- \u00e8 occasione per un annuncio evangelico proposto con il linguaggio della testimonianza, e perci\u00f2 stesso efficace, se \u00e8 vero che \u201cl\u2019uomo d\u2019oggi presta pi\u00f9 attenzione ai testimoni che ai maestri\u201d (Paolo VI) . La Beatificazione di Alfredo offre uno stile di coerenza cristiana, mite e audace allo stesso tempo, che pu\u00f2 parlare non solo ai giovani ma alle persone di qualsiasi et\u00e0.- Inoltre, dato il contesto culturale (e politico) che caratterizza il nostro tempo, nel quale sembrano \u201criemergere antichi fantasmi di un nefasto passato\u201d,\u00a0 questo evento \u00e8 a suo modo un allarme che la Chiesa \u2013 per il compito di sentinella che le spetta \u2013 deve giustamente lanciare, e lo pu\u00f2 fare con l\u2019unico linguaggio di sua competenza: non quello della politica, bens\u00ec della testimonianza.","breadcrumb":{"@id":"https:\/\/www.diocesitn.it\/area-annuncio\/2025\/12\/02\/beatificazione-alfredo-dalloglio-13-dicembre\/#breadcrumb"},"inLanguage":"it-IT","potentialAction":[{"@type":"ReadAction","target":["https:\/\/www.diocesitn.it\/area-annuncio\/2025\/12\/02\/beatificazione-alfredo-dalloglio-13-dicembre\/"]}]},{"@type":"ImageObject","inLanguage":"it-IT","@id":"https:\/\/www.diocesitn.it\/area-annuncio\/2025\/12\/02\/beatificazione-alfredo-dalloglio-13-dicembre\/#primaryimage","url":"https:\/\/www.diocesitn.it\/area-annuncio\/wp-content\/uploads\/sites\/39\/2025\/12\/DallOglio-Ritratto-Magnini-.jpg","contentUrl":"https:\/\/www.diocesitn.it\/area-annuncio\/wp-content\/uploads\/sites\/39\/2025\/12\/DallOglio-Ritratto-Magnini-.jpg","width":1500,"height":1301},{"@type":"BreadcrumbList","@id":"https:\/\/www.diocesitn.it\/area-annuncio\/2025\/12\/02\/beatificazione-alfredo-dalloglio-13-dicembre\/#breadcrumb","itemListElement":[{"@type":"ListItem","position":1,"name":"Home","item":"https:\/\/www.diocesitn.it\/area-annuncio\/"},{"@type":"ListItem","position":2,"name":"La Diocesi di Trento verso la beatificazione di Alfredo Dall&#8217;Oglio il prossimo 13 dicembre a Parigi &#8211; Sussidi per le comunit\u00e0"}]},{"@type":"WebSite","@id":"https:\/\/www.diocesitn.it\/area-annuncio\/#website","url":"https:\/\/www.diocesitn.it\/area-annuncio\/","name":"Annuncio e Sacramenti","description":"Chiesa di Trento","publisher":{"@id":"https:\/\/www.diocesitn.it\/area-annuncio\/#organization"},"potentialAction":[{"@type":"SearchAction","target":{"@type":"EntryPoint","urlTemplate":"https:\/\/www.diocesitn.it\/area-annuncio\/?s={search_term_string}"},"query-input":"required name=search_term_string"}],"inLanguage":"it-IT"},{"@type":["Organization","Place"],"@id":"https:\/\/www.diocesitn.it\/area-annuncio\/#organization","name":"Area Annuncio e Sacramenti - Chiesa di Trento","url":"https:\/\/www.diocesitn.it\/area-annuncio\/","logo":{"@id":"https:\/\/www.diocesitn.it\/area-annuncio\/2025\/12\/02\/beatificazione-alfredo-dalloglio-13-dicembre\/#local-main-organization-logo"},"image":{"@id":"https:\/\/www.diocesitn.it\/area-annuncio\/2025\/12\/02\/beatificazione-alfredo-dalloglio-13-dicembre\/#local-main-organization-logo"},"sameAs":["https:\/\/www.facebook.com\/pastoralegiovanile.trento\/","https:\/\/www.instagram.com\/pastoralegiovaniletrento\/","https:\/\/www.youtube.com\/channel\/UCGt7hyJaIQIkrQPos4K6L6w"],"openingHoursSpecification":[{"@type":"OpeningHoursSpecification","dayOfWeek":["Monday","Tuesday","Wednesday","Thursday","Friday","Saturday","Sunday"],"opens":"09:00","closes":"17:00"}]},{"@type":"ImageObject","inLanguage":"it-IT","@id":"https:\/\/www.diocesitn.it\/area-annuncio\/2025\/12\/02\/beatificazione-alfredo-dalloglio-13-dicembre\/#local-main-organization-logo","url":"https:\/\/www.diocesitn.it\/area-annuncio\/wp-content\/uploads\/sites\/39\/2021\/09\/og-logo-annuncio-e-sacramenti.jpg","contentUrl":"https:\/\/www.diocesitn.it\/area-annuncio\/wp-content\/uploads\/sites\/39\/2021\/09\/og-logo-annuncio-e-sacramenti.jpg","width":1200,"height":630,"caption":"Area Annuncio e Sacramenti - Chiesa di Trento"}]}},"_links":{"self":[{"href":"https:\/\/www.diocesitn.it\/area-annuncio\/wp-json\/wp\/v2\/posts\/26657","targetHints":{"allow":["GET"]}}],"collection":[{"href":"https:\/\/www.diocesitn.it\/area-annuncio\/wp-json\/wp\/v2\/posts"}],"about":[{"href":"https:\/\/www.diocesitn.it\/area-annuncio\/wp-json\/wp\/v2\/types\/post"}],"author":[{"embeddable":true,"href":"https:\/\/www.diocesitn.it\/area-annuncio\/wp-json\/wp\/v2\/users\/31"}],"replies":[{"embeddable":true,"href":"https:\/\/www.diocesitn.it\/area-annuncio\/wp-json\/wp\/v2\/comments?post=26657"}],"version-history":[{"count":4,"href":"https:\/\/www.diocesitn.it\/area-annuncio\/wp-json\/wp\/v2\/posts\/26657\/revisions"}],"predecessor-version":[{"id":26700,"href":"https:\/\/www.diocesitn.it\/area-annuncio\/wp-json\/wp\/v2\/posts\/26657\/revisions\/26700"}],"wp:featuredmedia":[{"embeddable":true,"href":"https:\/\/www.diocesitn.it\/area-annuncio\/wp-json\/wp\/v2\/media\/26676"}],"wp:attachment":[{"href":"https:\/\/www.diocesitn.it\/area-annuncio\/wp-json\/wp\/v2\/media?parent=26657"}],"wp:term":[{"taxonomy":"category","embeddable":true,"href":"https:\/\/www.diocesitn.it\/area-annuncio\/wp-json\/wp\/v2\/categories?post=26657"},{"taxonomy":"post_tag","embeddable":true,"href":"https:\/\/www.diocesitn.it\/area-annuncio\/wp-json\/wp\/v2\/tags?post=26657"}],"curies":[{"name":"wp","href":"https:\/\/api.w.org\/{rel}","templated":true}]}}