{"id":26627,"date":"2025-11-28T11:00:36","date_gmt":"2025-11-28T10:00:36","guid":{"rendered":"https:\/\/www.diocesitn.it\/area-annuncio\/?p=26627"},"modified":"2025-12-19T15:26:58","modified_gmt":"2025-12-19T14:26:58","slug":"capodanno-capovolto-per-giovani-18-35-anni-2","status":"publish","type":"post","link":"https:\/\/www.diocesitn.it\/area-annuncio\/2025\/11\/28\/capodanno-capovolto-per-giovani-18-35-anni-2\/","title":{"rendered":"Capodanno Capovolto per giovani 18-35 anni"},"content":{"rendered":"<p>Capodanno Capovolto \u00e8 la possibilit\u00e0 di condividere alcune ore con altri giovani e con persone che vivono situazioni di fragilit\u00e0 in alcune strutture della Caritas a Trento e a Rovereto, oltre che in altre realt\u00e0 del Terzo settore. Un\u2019occasione per mettersi in gioco, conoscere e festeggiare insieme l\u2019inizio del nuovo anno.<\/p>\n<p>Ci si pu\u00f2 iscrivere a partire dal 5 ed entro il 18 dicembre compilando il form sotto riportato; i posti sono limitati.<strong><br \/>\nNB. Dal 19 dicembre in poi, se interessati, potete contattare il Servizio Pastorale Giovanile telefonando al 345 7060488 o scrivendo a giovani@diocesitn.it: potrebbe esserci la disponibilit\u00e0 di qualche posto.\u00a0<\/strong><\/p>\n<p><strong>PROGRAMMA 31 dicembre<\/strong>:<\/p>\n<ul>\n<li>14:30\u00ad Accoglienza e presentazione (Trento, Seminario maggiore, corso 3 novembre 46,possibilit\u00e0 di parcheggio)<\/li>\n<li>15.00 Tavoli esperienze: momento di incontro e confronto con realt\u00e0 e testimoni<\/li>\n<li>Condivisione in piccoli gruppi<\/li>\n<li>Preghiera e affidamento<\/li>\n<li><span class=\"TextRun SCXW101832948 BCX9\" lang=\"IT-IT\" xml:lang=\"IT-IT\" data-contrast=\"auto\"><span class=\"NormalTextRun SCXW101832948 BCX9\">Merenda<\/span><\/span><\/li>\n<li>17:30: partenza e attivit\u00e0 nelle diverse realt\u00e0<\/li>\n<li>Orario di conclusione differente a seconda della struttura<\/li>\n<\/ul>\n<p>Nella settimana precedente, fra il 27 e il 30 dicembre, ci sar\u00e0 un incontro online fra i partecipanti dell\u2019iniziativa e i responsabili della struttura dove si prester\u00e0 servizio.<\/p>\n<p>Per informazioni chiama il 345 7060488\u00a0o contatta il servizio di Pastorale Giovanile:\u00a0giovani@diocesitn.it<\/p>\n<p><a href=\"https:\/\/www.diocesitn.it\/area-annuncio\/wp-content\/uploads\/sites\/39\/2025\/12\/2025-Capodanno-Capovolto.png\" target=\"_blank\" rel=\"noopener\">Locandina<\/a><\/p>\n<p>Per iscriversi compilare il form entro il 18 dicembre: <a href=\"https:\/\/forms.office.com\/e\/uk5i1Hgt9p?origin=lprLink\" target=\"_blank\" rel=\"noopener\">LINK ISCRIZIONI<\/a><\/p>\n","protected":false},"excerpt":{"rendered":"<p>Capodanno Capovolto \u00e8 la possibilit\u00e0 di condividere alcune ore con altri giovani e con persone che vivono situazioni di fragilit\u00e0 in alcune strutture della Caritas a Trento e a Rovereto, oltre che in altre realt\u00e0<\/p>\n","protected":false},"author":167,"featured_media":26707,"comment_status":"closed","ping_status":"closed","sticky":false,"template":"","format":"standard","meta":{"footnotes":""},"categories":[618,608],"tags":[],"class_list":["post-26627","post","type-post","status-publish","format-standard","has-post-thumbnail","hentry","category-servizio-catechistico-giovani-pastorale-giovanile","category-notizie"],"acf":{"seed-localization-paese-cod":"IT","seed-localization-address":"","seed-localization-citta":"Trento","seed-localization-regione-cod-istat":"04","seed-localization-citta-cod-istat":"022205","seed-localization-localita":"","seed-localization-cap":"","seed-localization-marker-visibility":false,"seed-localization-children-visibility":false,"seed-localization-kml":"","seed-localization-custom-marker":""},"yoast_head":"<!-- This site is optimized with the Yoast SEO Premium plugin v20.2.1 (Yoast SEO v22.2) - https:\/\/yoast.com\/wordpress\/plugins\/seo\/ -->\n<title>Capodanno Capovolto per giovani 18-35 anni - Annuncio e Sacramenti - Chiesa di Trento<\/title>\n<meta name=\"robots\" content=\"index, follow, max-snippet:-1, max-image-preview:large, max-video-preview:-1\" \/>\n<link rel=\"canonical\" href=\"https:\/\/www.diocesitn.it\/area-annuncio\/2025\/11\/28\/capodanno-capovolto-per-giovani-18-35-anni-2\/\" \/>\n<meta property=\"og:locale\" content=\"it_IT\" \/>\n<meta property=\"og:type\" content=\"article\" \/>\n<meta property=\"og:title\" content=\"Capodanno Capovolto per giovani 18-35 anni\" \/>\n<meta property=\"og:description\" content=\"Capodanno Capovolto \u00e8 la possibilit\u00e0 di condividere alcune ore con altri giovani e con persone che vivono situazioni di fragilit\u00e0 in alcune strutture della Caritas a Trento e a Rovereto, oltre che in altre realt\u00e0\" \/>\n<meta property=\"og:url\" content=\"https:\/\/www.diocesitn.it\/area-annuncio\/2025\/11\/28\/capodanno-capovolto-per-giovani-18-35-anni-2\/\" \/>\n<meta property=\"og:site_name\" content=\"Annuncio e Sacramenti\" \/>\n<meta property=\"article:publisher\" content=\"https:\/\/www.facebook.com\/pastoralegiovanile.trento\/\" \/>\n<meta property=\"article:published_time\" content=\"2025-11-28T10:00:36+00:00\" \/>\n<meta property=\"article:modified_time\" content=\"2025-12-19T14:26:58+00:00\" \/>\n<meta property=\"og:image\" content=\"https:\/\/www.diocesitn.it\/area-annuncio\/wp-content\/uploads\/sites\/39\/2025\/12\/2025-Capodanno-Capovolto-2.png\" \/>\n\t<meta property=\"og:image:width\" content=\"1583\" \/>\n\t<meta property=\"og:image:height\" content=\"827\" \/>\n\t<meta property=\"og:image:type\" content=\"image\/png\" \/>\n<meta name=\"author\" content=\"ccremonesi\" \/>\n<meta name=\"twitter:card\" content=\"summary_large_image\" \/>\n<meta name=\"twitter:label1\" content=\"Scritto da\" \/>\n\t<meta name=\"twitter:data1\" content=\"ccremonesi\" \/>\n\t<meta name=\"twitter:label2\" content=\"Tempo di lettura stimato\" \/>\n\t<meta name=\"twitter:data2\" content=\"1 minuto\" \/>\n<script type=\"application\/ld+json\" class=\"yoast-schema-graph\">{\"@context\":\"https:\/\/schema.org\",\"@graph\":[{\"@type\":\"Article\",\"@id\":\"https:\/\/www.diocesitn.it\/area-annuncio\/2025\/11\/28\/capodanno-capovolto-per-giovani-18-35-anni-2\/#article\",\"isPartOf\":{\"@id\":\"https:\/\/www.diocesitn.it\/area-annuncio\/2025\/11\/28\/capodanno-capovolto-per-giovani-18-35-anni-2\/\"},\"author\":{\"name\":\"ccremonesi\",\"@id\":\"https:\/\/www.diocesitn.it\/area-annuncio\/#\/schema\/person\/8963f67519fa0dce29c5ba33955dd0f0\"},\"headline\":\"Capodanno Capovolto per giovani 18-35 anni\",\"datePublished\":\"2025-11-28T10:00:36+00:00\",\"dateModified\":\"2025-12-19T14:26:58+00:00\",\"mainEntityOfPage\":{\"@id\":\"https:\/\/www.diocesitn.it\/area-annuncio\/2025\/11\/28\/capodanno-capovolto-per-giovani-18-35-anni-2\/\"},\"wordCount\":204,\"publisher\":{\"@id\":\"https:\/\/www.diocesitn.it\/area-annuncio\/#organization\"},\"image\":{\"@id\":\"https:\/\/www.diocesitn.it\/area-annuncio\/2025\/11\/28\/capodanno-capovolto-per-giovani-18-35-anni-2\/#primaryimage\"},\"thumbnailUrl\":\"https:\/\/www.diocesitn.it\/area-annuncio\/wp-content\/uploads\/sites\/39\/2025\/12\/2025-Capodanno-Capovolto-2.png\",\"articleSection\":[\"Giovani\",\"Notizie\"],\"inLanguage\":\"it-IT\",\"copyrightYear\":\"2025\",\"copyrightHolder\":{\"@id\":\"https:\/\/www.diocesitn.it\/#organization\"}},{\"@type\":\"WebPage\",\"@id\":\"https:\/\/www.diocesitn.it\/area-annuncio\/2025\/11\/28\/capodanno-capovolto-per-giovani-18-35-anni-2\/\",\"url\":\"https:\/\/www.diocesitn.it\/area-annuncio\/2025\/11\/28\/capodanno-capovolto-per-giovani-18-35-anni-2\/\",\"name\":\"Capodanno Capovolto per giovani 18-35 anni - Annuncio e Sacramenti - Chiesa di Trento\",\"isPartOf\":{\"@id\":\"https:\/\/www.diocesitn.it\/area-annuncio\/#website\"},\"primaryImageOfPage\":{\"@id\":\"https:\/\/www.diocesitn.it\/area-annuncio\/2025\/11\/28\/capodanno-capovolto-per-giovani-18-35-anni-2\/#primaryimage\"},\"image\":{\"@id\":\"https:\/\/www.diocesitn.it\/area-annuncio\/2025\/11\/28\/capodanno-capovolto-per-giovani-18-35-anni-2\/#primaryimage\"},\"thumbnailUrl\":\"https:\/\/www.diocesitn.it\/area-annuncio\/wp-content\/uploads\/sites\/39\/2025\/12\/2025-Capodanno-Capovolto-2.png\",\"datePublished\":\"2025-11-28T10:00:36+00:00\",\"dateModified\":\"2025-12-19T14:26:58+00:00\",\"breadcrumb\":{\"@id\":\"https:\/\/www.diocesitn.it\/area-annuncio\/2025\/11\/28\/capodanno-capovolto-per-giovani-18-35-anni-2\/#breadcrumb\"},\"inLanguage\":\"it-IT\",\"potentialAction\":[{\"@type\":\"ReadAction\",\"target\":[\"https:\/\/www.diocesitn.it\/area-annuncio\/2025\/11\/28\/capodanno-capovolto-per-giovani-18-35-anni-2\/\"]}]},{\"@type\":\"ImageObject\",\"inLanguage\":\"it-IT\",\"@id\":\"https:\/\/www.diocesitn.it\/area-annuncio\/2025\/11\/28\/capodanno-capovolto-per-giovani-18-35-anni-2\/#primaryimage\",\"url\":\"https:\/\/www.diocesitn.it\/area-annuncio\/wp-content\/uploads\/sites\/39\/2025\/12\/2025-Capodanno-Capovolto-2.png\",\"contentUrl\":\"https:\/\/www.diocesitn.it\/area-annuncio\/wp-content\/uploads\/sites\/39\/2025\/12\/2025-Capodanno-Capovolto-2.png\",\"width\":1583,\"height\":827},{\"@type\":\"BreadcrumbList\",\"@id\":\"https:\/\/www.diocesitn.it\/area-annuncio\/2025\/11\/28\/capodanno-capovolto-per-giovani-18-35-anni-2\/#breadcrumb\",\"itemListElement\":[{\"@type\":\"ListItem\",\"position\":1,\"name\":\"Home\",\"item\":\"https:\/\/www.diocesitn.it\/area-annuncio\/\"},{\"@type\":\"ListItem\",\"position\":2,\"name\":\"Capodanno Capovolto per giovani 18-35 anni\"}]},{\"@type\":\"WebSite\",\"@id\":\"https:\/\/www.diocesitn.it\/area-annuncio\/#website\",\"url\":\"https:\/\/www.diocesitn.it\/area-annuncio\/\",\"name\":\"Annuncio e Sacramenti\",\"description\":\"Chiesa di Trento\",\"publisher\":{\"@id\":\"https:\/\/www.diocesitn.it\/area-annuncio\/#organization\"},\"potentialAction\":[{\"@type\":\"SearchAction\",\"target\":{\"@type\":\"EntryPoint\",\"urlTemplate\":\"https:\/\/www.diocesitn.it\/area-annuncio\/?s={search_term_string}\"},\"query-input\":\"required name=search_term_string\"}],\"inLanguage\":\"it-IT\"},{\"@type\":[\"Organization\",\"Place\"],\"@id\":\"https:\/\/www.diocesitn.it\/area-annuncio\/#organization\",\"name\":\"Area Annuncio e Sacramenti - Chiesa di Trento\",\"url\":\"https:\/\/www.diocesitn.it\/area-annuncio\/\",\"logo\":{\"@id\":\"https:\/\/www.diocesitn.it\/area-annuncio\/2025\/11\/28\/capodanno-capovolto-per-giovani-18-35-anni-2\/#local-main-organization-logo\"},\"image\":{\"@id\":\"https:\/\/www.diocesitn.it\/area-annuncio\/2025\/11\/28\/capodanno-capovolto-per-giovani-18-35-anni-2\/#local-main-organization-logo\"},\"sameAs\":[\"https:\/\/www.facebook.com\/pastoralegiovanile.trento\/\",\"https:\/\/www.instagram.com\/pastoralegiovaniletrento\/\",\"https:\/\/www.youtube.com\/channel\/UCGt7hyJaIQIkrQPos4K6L6w\"],\"openingHoursSpecification\":[{\"@type\":\"OpeningHoursSpecification\",\"dayOfWeek\":[\"Monday\",\"Tuesday\",\"Wednesday\",\"Thursday\",\"Friday\",\"Saturday\",\"Sunday\"],\"opens\":\"09:00\",\"closes\":\"17:00\"}]},{\"@type\":\"ImageObject\",\"inLanguage\":\"it-IT\",\"@id\":\"https:\/\/www.diocesitn.it\/area-annuncio\/2025\/11\/28\/capodanno-capovolto-per-giovani-18-35-anni-2\/#local-main-organization-logo\",\"url\":\"https:\/\/www.diocesitn.it\/area-annuncio\/wp-content\/uploads\/sites\/39\/2021\/09\/og-logo-annuncio-e-sacramenti.jpg\",\"contentUrl\":\"https:\/\/www.diocesitn.it\/area-annuncio\/wp-content\/uploads\/sites\/39\/2021\/09\/og-logo-annuncio-e-sacramenti.jpg\",\"width\":1200,\"height\":630,\"caption\":\"Area Annuncio e Sacramenti - Chiesa di Trento\"}]}<\/script>\n<!-- \/ Yoast SEO Premium plugin. -->","yoast_head_json":{"title":"Capodanno Capovolto per giovani 18-35 anni - Annuncio e Sacramenti - Chiesa di Trento","robots":{"index":"index","follow":"follow","max-snippet":"max-snippet:-1","max-image-preview":"max-image-preview:large","max-video-preview":"max-video-preview:-1"},"canonical":"https:\/\/www.diocesitn.it\/area-annuncio\/2025\/11\/28\/capodanno-capovolto-per-giovani-18-35-anni-2\/","og_locale":"it_IT","og_type":"article","og_title":"Capodanno Capovolto per giovani 18-35 anni","og_description":"Capodanno Capovolto \u00e8 la possibilit\u00e0 di condividere alcune ore con altri giovani e con persone che vivono situazioni di fragilit\u00e0 in alcune strutture della Caritas a Trento e a Rovereto, oltre che in altre realt\u00e0","og_url":"https:\/\/www.diocesitn.it\/area-annuncio\/2025\/11\/28\/capodanno-capovolto-per-giovani-18-35-anni-2\/","og_site_name":"Annuncio e Sacramenti","article_publisher":"https:\/\/www.facebook.com\/pastoralegiovanile.trento\/","article_published_time":"2025-11-28T10:00:36+00:00","article_modified_time":"2025-12-19T14:26:58+00:00","og_image":[{"width":1583,"height":827,"url":"https:\/\/www.diocesitn.it\/area-annuncio\/wp-content\/uploads\/sites\/39\/2025\/12\/2025-Capodanno-Capovolto-2.png","type":"image\/png"}],"author":"ccremonesi","twitter_card":"summary_large_image","twitter_misc":{"Scritto da":"ccremonesi","Tempo di lettura stimato":"1 minuto"},"schema":{"@context":"https:\/\/schema.org","@graph":[{"@type":"Article","@id":"https:\/\/www.diocesitn.it\/area-annuncio\/2025\/11\/28\/capodanno-capovolto-per-giovani-18-35-anni-2\/#article","isPartOf":{"@id":"https:\/\/www.diocesitn.it\/area-annuncio\/2025\/11\/28\/capodanno-capovolto-per-giovani-18-35-anni-2\/"},"author":{"name":"ccremonesi","@id":"https:\/\/www.diocesitn.it\/area-annuncio\/#\/schema\/person\/8963f67519fa0dce29c5ba33955dd0f0"},"headline":"Capodanno Capovolto per giovani 18-35 anni","datePublished":"2025-11-28T10:00:36+00:00","dateModified":"2025-12-19T14:26:58+00:00","mainEntityOfPage":{"@id":"https:\/\/www.diocesitn.it\/area-annuncio\/2025\/11\/28\/capodanno-capovolto-per-giovani-18-35-anni-2\/"},"wordCount":204,"publisher":{"@id":"https:\/\/www.diocesitn.it\/area-annuncio\/#organization"},"image":{"@id":"https:\/\/www.diocesitn.it\/area-annuncio\/2025\/11\/28\/capodanno-capovolto-per-giovani-18-35-anni-2\/#primaryimage"},"thumbnailUrl":"https:\/\/www.diocesitn.it\/area-annuncio\/wp-content\/uploads\/sites\/39\/2025\/12\/2025-Capodanno-Capovolto-2.png","articleSection":["Giovani","Notizie"],"inLanguage":"it-IT","copyrightYear":"2025","copyrightHolder":{"@id":"https:\/\/www.diocesitn.it\/#organization"}},{"@type":"WebPage","@id":"https:\/\/www.diocesitn.it\/area-annuncio\/2025\/11\/28\/capodanno-capovolto-per-giovani-18-35-anni-2\/","url":"https:\/\/www.diocesitn.it\/area-annuncio\/2025\/11\/28\/capodanno-capovolto-per-giovani-18-35-anni-2\/","name":"Capodanno Capovolto per giovani 18-35 anni - Annuncio e Sacramenti - Chiesa di Trento","isPartOf":{"@id":"https:\/\/www.diocesitn.it\/area-annuncio\/#website"},"primaryImageOfPage":{"@id":"https:\/\/www.diocesitn.it\/area-annuncio\/2025\/11\/28\/capodanno-capovolto-per-giovani-18-35-anni-2\/#primaryimage"},"image":{"@id":"https:\/\/www.diocesitn.it\/area-annuncio\/2025\/11\/28\/capodanno-capovolto-per-giovani-18-35-anni-2\/#primaryimage"},"thumbnailUrl":"https:\/\/www.diocesitn.it\/area-annuncio\/wp-content\/uploads\/sites\/39\/2025\/12\/2025-Capodanno-Capovolto-2.png","datePublished":"2025-11-28T10:00:36+00:00","dateModified":"2025-12-19T14:26:58+00:00","breadcrumb":{"@id":"https:\/\/www.diocesitn.it\/area-annuncio\/2025\/11\/28\/capodanno-capovolto-per-giovani-18-35-anni-2\/#breadcrumb"},"inLanguage":"it-IT","potentialAction":[{"@type":"ReadAction","target":["https:\/\/www.diocesitn.it\/area-annuncio\/2025\/11\/28\/capodanno-capovolto-per-giovani-18-35-anni-2\/"]}]},{"@type":"ImageObject","inLanguage":"it-IT","@id":"https:\/\/www.diocesitn.it\/area-annuncio\/2025\/11\/28\/capodanno-capovolto-per-giovani-18-35-anni-2\/#primaryimage","url":"https:\/\/www.diocesitn.it\/area-annuncio\/wp-content\/uploads\/sites\/39\/2025\/12\/2025-Capodanno-Capovolto-2.png","contentUrl":"https:\/\/www.diocesitn.it\/area-annuncio\/wp-content\/uploads\/sites\/39\/2025\/12\/2025-Capodanno-Capovolto-2.png","width":1583,"height":827},{"@type":"BreadcrumbList","@id":"https:\/\/www.diocesitn.it\/area-annuncio\/2025\/11\/28\/capodanno-capovolto-per-giovani-18-35-anni-2\/#breadcrumb","itemListElement":[{"@type":"ListItem","position":1,"name":"Home","item":"https:\/\/www.diocesitn.it\/area-annuncio\/"},{"@type":"ListItem","position":2,"name":"Capodanno Capovolto per giovani 18-35 anni"}]},{"@type":"WebSite","@id":"https:\/\/www.diocesitn.it\/area-annuncio\/#website","url":"https:\/\/www.diocesitn.it\/area-annuncio\/","name":"Annuncio e Sacramenti","description":"Chiesa di Trento","publisher":{"@id":"https:\/\/www.diocesitn.it\/area-annuncio\/#organization"},"potentialAction":[{"@type":"SearchAction","target":{"@type":"EntryPoint","urlTemplate":"https:\/\/www.diocesitn.it\/area-annuncio\/?s={search_term_string}"},"query-input":"required name=search_term_string"}],"inLanguage":"it-IT"},{"@type":["Organization","Place"],"@id":"https:\/\/www.diocesitn.it\/area-annuncio\/#organization","name":"Area Annuncio e Sacramenti - Chiesa di Trento","url":"https:\/\/www.diocesitn.it\/area-annuncio\/","logo":{"@id":"https:\/\/www.diocesitn.it\/area-annuncio\/2025\/11\/28\/capodanno-capovolto-per-giovani-18-35-anni-2\/#local-main-organization-logo"},"image":{"@id":"https:\/\/www.diocesitn.it\/area-annuncio\/2025\/11\/28\/capodanno-capovolto-per-giovani-18-35-anni-2\/#local-main-organization-logo"},"sameAs":["https:\/\/www.facebook.com\/pastoralegiovanile.trento\/","https:\/\/www.instagram.com\/pastoralegiovaniletrento\/","https:\/\/www.youtube.com\/channel\/UCGt7hyJaIQIkrQPos4K6L6w"],"openingHoursSpecification":[{"@type":"OpeningHoursSpecification","dayOfWeek":["Monday","Tuesday","Wednesday","Thursday","Friday","Saturday","Sunday"],"opens":"09:00","closes":"17:00"}]},{"@type":"ImageObject","inLanguage":"it-IT","@id":"https:\/\/www.diocesitn.it\/area-annuncio\/2025\/11\/28\/capodanno-capovolto-per-giovani-18-35-anni-2\/#local-main-organization-logo","url":"https:\/\/www.diocesitn.it\/area-annuncio\/wp-content\/uploads\/sites\/39\/2021\/09\/og-logo-annuncio-e-sacramenti.jpg","contentUrl":"https:\/\/www.diocesitn.it\/area-annuncio\/wp-content\/uploads\/sites\/39\/2021\/09\/og-logo-annuncio-e-sacramenti.jpg","width":1200,"height":630,"caption":"Area Annuncio e Sacramenti - Chiesa di Trento"}]}},"_links":{"self":[{"href":"https:\/\/www.diocesitn.it\/area-annuncio\/wp-json\/wp\/v2\/posts\/26627","targetHints":{"allow":["GET"]}}],"collection":[{"href":"https:\/\/www.diocesitn.it\/area-annuncio\/wp-json\/wp\/v2\/posts"}],"about":[{"href":"https:\/\/www.diocesitn.it\/area-annuncio\/wp-json\/wp\/v2\/types\/post"}],"author":[{"embeddable":true,"href":"https:\/\/www.diocesitn.it\/area-annuncio\/wp-json\/wp\/v2\/users\/167"}],"replies":[{"embeddable":true,"href":"https:\/\/www.diocesitn.it\/area-annuncio\/wp-json\/wp\/v2\/comments?post=26627"}],"version-history":[{"count":3,"href":"https:\/\/www.diocesitn.it\/area-annuncio\/wp-json\/wp\/v2\/posts\/26627\/revisions"}],"predecessor-version":[{"id":26984,"href":"https:\/\/www.diocesitn.it\/area-annuncio\/wp-json\/wp\/v2\/posts\/26627\/revisions\/26984"}],"wp:featuredmedia":[{"embeddable":true,"href":"https:\/\/www.diocesitn.it\/area-annuncio\/wp-json\/wp\/v2\/media\/26707"}],"wp:attachment":[{"href":"https:\/\/www.diocesitn.it\/area-annuncio\/wp-json\/wp\/v2\/media?parent=26627"}],"wp:term":[{"taxonomy":"category","embeddable":true,"href":"https:\/\/www.diocesitn.it\/area-annuncio\/wp-json\/wp\/v2\/categories?post=26627"},{"taxonomy":"post_tag","embeddable":true,"href":"https:\/\/www.diocesitn.it\/area-annuncio\/wp-json\/wp\/v2\/tags?post=26627"}],"curies":[{"name":"wp","href":"https:\/\/api.w.org\/{rel}","templated":true}]}}