{"id":26206,"date":"2025-10-10T11:16:43","date_gmt":"2025-10-10T09:16:43","guid":{"rendered":"https:\/\/www.diocesitn.it\/area-annuncio\/?p=26206"},"modified":"2025-10-10T11:17:34","modified_gmt":"2025-10-10T09:17:34","slug":"avocado-percorso-vocazionale-per-adolescenti-2025-26","status":"publish","type":"post","link":"https:\/\/www.diocesitn.it\/area-annuncio\/2025\/10\/10\/avocado-percorso-vocazionale-per-adolescenti-2025-26\/","title":{"rendered":"aVocAdo, percorso vocazionale per adolescenti"},"content":{"rendered":"<p>Parte anche quest&#8217;anno aVocAdo, il gruppo per gli adolescenti in cerca di qualcosa di pi\u00f9!<\/p>\n<p>aVocAdo \u00e8 un cammino vocazionale per gli adolescenti che desiderano conoscere meglio se stessi e Ges\u00f9, confrontandosi con i loro coetanei, grazie all&#8217;incontro con testimoni e alla condivisione di attivit\u00e0 nei quali riconoscere insieme la presenza di Ges\u00f9 e di chi gli \u00e8 amico.<\/p>\n<p>In compagnia di un sacerdote ed alcuni giovani animatori, si vivranno tante esperienze in un clima di amicizia, di accoglienza e di spiritualit\u00e0. Si cercher\u00e0 di orientarsi nelle varie scelte di vita, coltivando quel dono prezioso che sono i sogni, per capire come vivere il proprio desiderio di amore (nella famiglia, nel sacerdozio, nella vita consacrata, nel servizio agli altri, nei rapporti con i coetanei\u2026).<\/p>\n<p><strong>Info<\/strong><\/p>\n<ul>\n<li>Per chi? Ragazzi e ragazze dalla 1\u00b0 alla 5\u00b0 superiore (14-18 anni)<\/li>\n<li>Quando? Domenica pomeriggio, dalle 14.30 alle 18.30<\/li>\n<li>Quali domeniche? 26 ottobre, 7 dicembre, 11 gennaio, 8 febbraio, 15 marzo, 19 aprile.<\/li>\n<li>Dove? Casa del possibile, viale Verona 143 \u2013 Trento<\/li>\n<li>Info: Servizio Pastorale giovanile, 340 7060488,\u00a0 <a style=\"font-size: inherit;background-color: #ffffff\" href=\"mailto:giovani@diocesitn.it\">giovani@diocesitn.it<\/a><span style=\"font-size: inherit\">; Casa delle Vocazioni, 340 9286139, <\/span><a style=\"font-size: inherit;background-color: #ffffff\" href=\"mailto:casavocazionale@diocesitn.it\">casavocazionale@diocesitn.it<\/a><\/li>\n<li>Appuntamenti speciali: 27 e 28 dicembre: Chiusura dell\u2019anno giubilare a Trento; 1 marzo: Giornata oratori a Rovereto<\/li>\n<\/ul>\n<p><a href=\"https:\/\/www.diocesitn.it\/area-annuncio\/wp-content\/uploads\/sites\/39\/2025\/10\/aVocAdo-2025_26.png\" target=\"_blank\" rel=\"noopener\"><img loading=\"lazy\" decoding=\"async\" class=\"alignnone wp-image-26281 size-medium\" src=\"https:\/\/www.diocesitn.it\/area-annuncio\/wp-content\/uploads\/sites\/39\/2025\/10\/aVocAdo-2025_26-212x300.png\" alt=\"\" width=\"212\" height=\"300\" srcset=\"https:\/\/www.diocesitn.it\/area-annuncio\/wp-content\/uploads\/sites\/39\/2025\/10\/aVocAdo-2025_26-212x300.png 212w, https:\/\/www.diocesitn.it\/area-annuncio\/wp-content\/uploads\/sites\/39\/2025\/10\/aVocAdo-2025_26-724x1024.png 724w, https:\/\/www.diocesitn.it\/area-annuncio\/wp-content\/uploads\/sites\/39\/2025\/10\/aVocAdo-2025_26-768x1086.png 768w, https:\/\/www.diocesitn.it\/area-annuncio\/wp-content\/uploads\/sites\/39\/2025\/10\/aVocAdo-2025_26-198x280.png 198w, https:\/\/www.diocesitn.it\/area-annuncio\/wp-content\/uploads\/sites\/39\/2025\/10\/aVocAdo-2025_26-543x768.png 543w, https:\/\/www.diocesitn.it\/area-annuncio\/wp-content\/uploads\/sites\/39\/2025\/10\/aVocAdo-2025_26-1086x1536.png 1086w, https:\/\/www.diocesitn.it\/area-annuncio\/wp-content\/uploads\/sites\/39\/2025\/10\/aVocAdo-2025_26-1448x2048.png 1448w, https:\/\/www.diocesitn.it\/area-annuncio\/wp-content\/uploads\/sites\/39\/2025\/10\/aVocAdo-2025_26-800x1132.png 800w, https:\/\/www.diocesitn.it\/area-annuncio\/wp-content\/uploads\/sites\/39\/2025\/10\/aVocAdo-2025_26-1200x1698.png 1200w, https:\/\/www.diocesitn.it\/area-annuncio\/wp-content\/uploads\/sites\/39\/2025\/10\/aVocAdo-2025_26-1320x1867.png 1320w, https:\/\/www.diocesitn.it\/area-annuncio\/wp-content\/uploads\/sites\/39\/2025\/10\/aVocAdo-2025_26.png 1587w\" sizes=\"auto, (max-width: 212px) 100vw, 212px\" \/><\/a><\/p>\n<p>&nbsp;<\/p>\n","protected":false},"excerpt":{"rendered":"<p>Parte anche quest&#8217;anno aVocAdo, il gruppo per gli adolescenti in cerca di qualcosa di pi\u00f9! aVocAdo \u00e8 un cammino vocazionale per gli adolescenti che desiderano conoscere meglio se stessi e Ges\u00f9, confrontandosi con i loro<\/p>\n","protected":false},"author":179,"featured_media":22057,"comment_status":"closed","ping_status":"closed","sticky":false,"template":"","format":"standard","meta":{"footnotes":""},"categories":[618,608],"tags":[],"class_list":["post-26206","post","type-post","status-publish","format-standard","has-post-thumbnail","hentry","category-servizio-catechistico-giovani-pastorale-giovanile","category-notizie"],"acf":{"seed-localization-paese-cod":"IT","seed-localization-address":"","seed-localization-citta":"Trento","seed-localization-regione-cod-istat":"04","seed-localization-citta-cod-istat":"022205","seed-localization-localita":"","seed-localization-cap":"","seed-localization-marker-visibility":false,"seed-localization-children-visibility":false,"seed-localization-kml":"","seed-localization-custom-marker":""},"yoast_head":"<!-- This site is optimized with the Yoast SEO Premium plugin v20.2.1 (Yoast SEO v22.2) - https:\/\/yoast.com\/wordpress\/plugins\/seo\/ -->\n<title>aVocAdo, percorso vocazionale per adolescenti<\/title>\n<meta name=\"description\" content=\"aVocAdo \u00e8 un cammino vocazionale per gli adolescenti che desiderano conoscere meglio se stessi e Ges\u00f9, confrontandosi con i loro coetanei.\" \/>\n<meta name=\"robots\" content=\"index, follow, max-snippet:-1, max-image-preview:large, max-video-preview:-1\" \/>\n<link rel=\"canonical\" href=\"https:\/\/www.diocesitn.it\/area-annuncio\/2025\/10\/10\/avocado-percorso-vocazionale-per-adolescenti-2025-26\/\" \/>\n<meta property=\"og:locale\" content=\"it_IT\" \/>\n<meta property=\"og:type\" content=\"article\" \/>\n<meta property=\"og:title\" content=\"aVocAdo, percorso vocazionale per adolescenti\" \/>\n<meta property=\"og:description\" content=\"aVocAdo \u00e8 un cammino vocazionale per gli adolescenti che desiderano conoscere meglio se stessi e Ges\u00f9, confrontandosi con i loro coetanei.\" \/>\n<meta property=\"og:url\" content=\"https:\/\/www.diocesitn.it\/area-annuncio\/2025\/10\/10\/avocado-percorso-vocazionale-per-adolescenti-2025-26\/\" \/>\n<meta property=\"og:site_name\" content=\"Annuncio e Sacramenti\" \/>\n<meta property=\"article:publisher\" content=\"https:\/\/www.facebook.com\/pastoralegiovanile.trento\/\" \/>\n<meta property=\"article:published_time\" content=\"2025-10-10T09:16:43+00:00\" \/>\n<meta property=\"article:modified_time\" content=\"2025-10-10T09:17:34+00:00\" \/>\n<meta property=\"og:image\" content=\"https:\/\/www.diocesitn.it\/area-annuncio\/wp-content\/uploads\/sites\/39\/2024\/10\/aVocAdo-2024_25-sito.png\" \/>\n\t<meta property=\"og:image:width\" content=\"1920\" \/>\n\t<meta property=\"og:image:height\" content=\"1080\" \/>\n\t<meta property=\"og:image:type\" content=\"image\/png\" \/>\n<meta name=\"author\" content=\"lsegnana\" \/>\n<meta name=\"twitter:card\" content=\"summary_large_image\" \/>\n<meta name=\"twitter:label1\" content=\"Scritto da\" \/>\n\t<meta name=\"twitter:data1\" content=\"lsegnana\" \/>\n\t<meta name=\"twitter:label2\" content=\"Tempo di lettura stimato\" \/>\n\t<meta name=\"twitter:data2\" content=\"1 minuto\" \/>\n<script type=\"application\/ld+json\" class=\"yoast-schema-graph\">{\"@context\":\"https:\/\/schema.org\",\"@graph\":[{\"@type\":\"Article\",\"@id\":\"https:\/\/www.diocesitn.it\/area-annuncio\/2025\/10\/10\/avocado-percorso-vocazionale-per-adolescenti-2025-26\/#article\",\"isPartOf\":{\"@id\":\"https:\/\/www.diocesitn.it\/area-annuncio\/2025\/10\/10\/avocado-percorso-vocazionale-per-adolescenti-2025-26\/\"},\"author\":{\"name\":\"lsegnana\",\"@id\":\"https:\/\/www.diocesitn.it\/area-annuncio\/#\/schema\/person\/47b3e5ac123af8c05031d0a2fae5dcde\"},\"headline\":\"aVocAdo, percorso vocazionale per adolescenti\",\"datePublished\":\"2025-10-10T09:16:43+00:00\",\"dateModified\":\"2025-10-10T09:17:34+00:00\",\"mainEntityOfPage\":{\"@id\":\"https:\/\/www.diocesitn.it\/area-annuncio\/2025\/10\/10\/avocado-percorso-vocazionale-per-adolescenti-2025-26\/\"},\"wordCount\":187,\"publisher\":{\"@id\":\"https:\/\/www.diocesitn.it\/area-annuncio\/#organization\"},\"image\":{\"@id\":\"https:\/\/www.diocesitn.it\/area-annuncio\/2025\/10\/10\/avocado-percorso-vocazionale-per-adolescenti-2025-26\/#primaryimage\"},\"thumbnailUrl\":\"https:\/\/www.diocesitn.it\/area-annuncio\/wp-content\/uploads\/sites\/39\/2024\/10\/aVocAdo-2024_25-sito.png\",\"articleSection\":[\"Giovani\",\"Notizie\"],\"inLanguage\":\"it-IT\",\"copyrightYear\":\"2025\",\"copyrightHolder\":{\"@id\":\"https:\/\/www.diocesitn.it\/#organization\"}},{\"@type\":\"WebPage\",\"@id\":\"https:\/\/www.diocesitn.it\/area-annuncio\/2025\/10\/10\/avocado-percorso-vocazionale-per-adolescenti-2025-26\/\",\"url\":\"https:\/\/www.diocesitn.it\/area-annuncio\/2025\/10\/10\/avocado-percorso-vocazionale-per-adolescenti-2025-26\/\",\"name\":\"aVocAdo, percorso vocazionale per adolescenti\",\"isPartOf\":{\"@id\":\"https:\/\/www.diocesitn.it\/area-annuncio\/#website\"},\"primaryImageOfPage\":{\"@id\":\"https:\/\/www.diocesitn.it\/area-annuncio\/2025\/10\/10\/avocado-percorso-vocazionale-per-adolescenti-2025-26\/#primaryimage\"},\"image\":{\"@id\":\"https:\/\/www.diocesitn.it\/area-annuncio\/2025\/10\/10\/avocado-percorso-vocazionale-per-adolescenti-2025-26\/#primaryimage\"},\"thumbnailUrl\":\"https:\/\/www.diocesitn.it\/area-annuncio\/wp-content\/uploads\/sites\/39\/2024\/10\/aVocAdo-2024_25-sito.png\",\"datePublished\":\"2025-10-10T09:16:43+00:00\",\"dateModified\":\"2025-10-10T09:17:34+00:00\",\"description\":\"aVocAdo \u00e8 un cammino vocazionale per gli adolescenti che desiderano conoscere meglio se stessi e Ges\u00f9, confrontandosi con i loro coetanei.\",\"breadcrumb\":{\"@id\":\"https:\/\/www.diocesitn.it\/area-annuncio\/2025\/10\/10\/avocado-percorso-vocazionale-per-adolescenti-2025-26\/#breadcrumb\"},\"inLanguage\":\"it-IT\",\"potentialAction\":[{\"@type\":\"ReadAction\",\"target\":[\"https:\/\/www.diocesitn.it\/area-annuncio\/2025\/10\/10\/avocado-percorso-vocazionale-per-adolescenti-2025-26\/\"]}]},{\"@type\":\"ImageObject\",\"inLanguage\":\"it-IT\",\"@id\":\"https:\/\/www.diocesitn.it\/area-annuncio\/2025\/10\/10\/avocado-percorso-vocazionale-per-adolescenti-2025-26\/#primaryimage\",\"url\":\"https:\/\/www.diocesitn.it\/area-annuncio\/wp-content\/uploads\/sites\/39\/2024\/10\/aVocAdo-2024_25-sito.png\",\"contentUrl\":\"https:\/\/www.diocesitn.it\/area-annuncio\/wp-content\/uploads\/sites\/39\/2024\/10\/aVocAdo-2024_25-sito.png\",\"width\":1920,\"height\":1080},{\"@type\":\"BreadcrumbList\",\"@id\":\"https:\/\/www.diocesitn.it\/area-annuncio\/2025\/10\/10\/avocado-percorso-vocazionale-per-adolescenti-2025-26\/#breadcrumb\",\"itemListElement\":[{\"@type\":\"ListItem\",\"position\":1,\"name\":\"Home\",\"item\":\"https:\/\/www.diocesitn.it\/area-annuncio\/\"},{\"@type\":\"ListItem\",\"position\":2,\"name\":\"aVocAdo, percorso vocazionale per adolescenti\"}]},{\"@type\":\"WebSite\",\"@id\":\"https:\/\/www.diocesitn.it\/area-annuncio\/#website\",\"url\":\"https:\/\/www.diocesitn.it\/area-annuncio\/\",\"name\":\"Annuncio e Sacramenti\",\"description\":\"Chiesa di Trento\",\"publisher\":{\"@id\":\"https:\/\/www.diocesitn.it\/area-annuncio\/#organization\"},\"potentialAction\":[{\"@type\":\"SearchAction\",\"target\":{\"@type\":\"EntryPoint\",\"urlTemplate\":\"https:\/\/www.diocesitn.it\/area-annuncio\/?s={search_term_string}\"},\"query-input\":\"required name=search_term_string\"}],\"inLanguage\":\"it-IT\"},{\"@type\":[\"Organization\",\"Place\"],\"@id\":\"https:\/\/www.diocesitn.it\/area-annuncio\/#organization\",\"name\":\"Area Annuncio e Sacramenti - Chiesa di Trento\",\"url\":\"https:\/\/www.diocesitn.it\/area-annuncio\/\",\"logo\":{\"@id\":\"https:\/\/www.diocesitn.it\/area-annuncio\/2025\/10\/10\/avocado-percorso-vocazionale-per-adolescenti-2025-26\/#local-main-organization-logo\"},\"image\":{\"@id\":\"https:\/\/www.diocesitn.it\/area-annuncio\/2025\/10\/10\/avocado-percorso-vocazionale-per-adolescenti-2025-26\/#local-main-organization-logo\"},\"sameAs\":[\"https:\/\/www.facebook.com\/pastoralegiovanile.trento\/\",\"https:\/\/www.instagram.com\/pastoralegiovaniletrento\/\",\"https:\/\/www.youtube.com\/channel\/UCGt7hyJaIQIkrQPos4K6L6w\"],\"openingHoursSpecification\":[{\"@type\":\"OpeningHoursSpecification\",\"dayOfWeek\":[\"Monday\",\"Tuesday\",\"Wednesday\",\"Thursday\",\"Friday\",\"Saturday\",\"Sunday\"],\"opens\":\"09:00\",\"closes\":\"17:00\"}]},{\"@type\":\"ImageObject\",\"inLanguage\":\"it-IT\",\"@id\":\"https:\/\/www.diocesitn.it\/area-annuncio\/2025\/10\/10\/avocado-percorso-vocazionale-per-adolescenti-2025-26\/#local-main-organization-logo\",\"url\":\"https:\/\/www.diocesitn.it\/area-annuncio\/wp-content\/uploads\/sites\/39\/2021\/09\/og-logo-annuncio-e-sacramenti.jpg\",\"contentUrl\":\"https:\/\/www.diocesitn.it\/area-annuncio\/wp-content\/uploads\/sites\/39\/2021\/09\/og-logo-annuncio-e-sacramenti.jpg\",\"width\":1200,\"height\":630,\"caption\":\"Area Annuncio e Sacramenti - Chiesa di Trento\"}]}<\/script>\n<!-- \/ Yoast SEO Premium plugin. -->","yoast_head_json":{"title":"aVocAdo, percorso vocazionale per adolescenti","description":"aVocAdo \u00e8 un cammino vocazionale per gli adolescenti che desiderano conoscere meglio se stessi e Ges\u00f9, confrontandosi con i loro coetanei.","robots":{"index":"index","follow":"follow","max-snippet":"max-snippet:-1","max-image-preview":"max-image-preview:large","max-video-preview":"max-video-preview:-1"},"canonical":"https:\/\/www.diocesitn.it\/area-annuncio\/2025\/10\/10\/avocado-percorso-vocazionale-per-adolescenti-2025-26\/","og_locale":"it_IT","og_type":"article","og_title":"aVocAdo, percorso vocazionale per adolescenti","og_description":"aVocAdo \u00e8 un cammino vocazionale per gli adolescenti che desiderano conoscere meglio se stessi e Ges\u00f9, confrontandosi con i loro coetanei.","og_url":"https:\/\/www.diocesitn.it\/area-annuncio\/2025\/10\/10\/avocado-percorso-vocazionale-per-adolescenti-2025-26\/","og_site_name":"Annuncio e Sacramenti","article_publisher":"https:\/\/www.facebook.com\/pastoralegiovanile.trento\/","article_published_time":"2025-10-10T09:16:43+00:00","article_modified_time":"2025-10-10T09:17:34+00:00","og_image":[{"width":1920,"height":1080,"url":"https:\/\/www.diocesitn.it\/area-annuncio\/wp-content\/uploads\/sites\/39\/2024\/10\/aVocAdo-2024_25-sito.png","type":"image\/png"}],"author":"lsegnana","twitter_card":"summary_large_image","twitter_misc":{"Scritto da":"lsegnana","Tempo di lettura stimato":"1 minuto"},"schema":{"@context":"https:\/\/schema.org","@graph":[{"@type":"Article","@id":"https:\/\/www.diocesitn.it\/area-annuncio\/2025\/10\/10\/avocado-percorso-vocazionale-per-adolescenti-2025-26\/#article","isPartOf":{"@id":"https:\/\/www.diocesitn.it\/area-annuncio\/2025\/10\/10\/avocado-percorso-vocazionale-per-adolescenti-2025-26\/"},"author":{"name":"lsegnana","@id":"https:\/\/www.diocesitn.it\/area-annuncio\/#\/schema\/person\/47b3e5ac123af8c05031d0a2fae5dcde"},"headline":"aVocAdo, percorso vocazionale per adolescenti","datePublished":"2025-10-10T09:16:43+00:00","dateModified":"2025-10-10T09:17:34+00:00","mainEntityOfPage":{"@id":"https:\/\/www.diocesitn.it\/area-annuncio\/2025\/10\/10\/avocado-percorso-vocazionale-per-adolescenti-2025-26\/"},"wordCount":187,"publisher":{"@id":"https:\/\/www.diocesitn.it\/area-annuncio\/#organization"},"image":{"@id":"https:\/\/www.diocesitn.it\/area-annuncio\/2025\/10\/10\/avocado-percorso-vocazionale-per-adolescenti-2025-26\/#primaryimage"},"thumbnailUrl":"https:\/\/www.diocesitn.it\/area-annuncio\/wp-content\/uploads\/sites\/39\/2024\/10\/aVocAdo-2024_25-sito.png","articleSection":["Giovani","Notizie"],"inLanguage":"it-IT","copyrightYear":"2025","copyrightHolder":{"@id":"https:\/\/www.diocesitn.it\/#organization"}},{"@type":"WebPage","@id":"https:\/\/www.diocesitn.it\/area-annuncio\/2025\/10\/10\/avocado-percorso-vocazionale-per-adolescenti-2025-26\/","url":"https:\/\/www.diocesitn.it\/area-annuncio\/2025\/10\/10\/avocado-percorso-vocazionale-per-adolescenti-2025-26\/","name":"aVocAdo, percorso vocazionale per adolescenti","isPartOf":{"@id":"https:\/\/www.diocesitn.it\/area-annuncio\/#website"},"primaryImageOfPage":{"@id":"https:\/\/www.diocesitn.it\/area-annuncio\/2025\/10\/10\/avocado-percorso-vocazionale-per-adolescenti-2025-26\/#primaryimage"},"image":{"@id":"https:\/\/www.diocesitn.it\/area-annuncio\/2025\/10\/10\/avocado-percorso-vocazionale-per-adolescenti-2025-26\/#primaryimage"},"thumbnailUrl":"https:\/\/www.diocesitn.it\/area-annuncio\/wp-content\/uploads\/sites\/39\/2024\/10\/aVocAdo-2024_25-sito.png","datePublished":"2025-10-10T09:16:43+00:00","dateModified":"2025-10-10T09:17:34+00:00","description":"aVocAdo \u00e8 un cammino vocazionale per gli adolescenti che desiderano conoscere meglio se stessi e Ges\u00f9, confrontandosi con i loro coetanei.","breadcrumb":{"@id":"https:\/\/www.diocesitn.it\/area-annuncio\/2025\/10\/10\/avocado-percorso-vocazionale-per-adolescenti-2025-26\/#breadcrumb"},"inLanguage":"it-IT","potentialAction":[{"@type":"ReadAction","target":["https:\/\/www.diocesitn.it\/area-annuncio\/2025\/10\/10\/avocado-percorso-vocazionale-per-adolescenti-2025-26\/"]}]},{"@type":"ImageObject","inLanguage":"it-IT","@id":"https:\/\/www.diocesitn.it\/area-annuncio\/2025\/10\/10\/avocado-percorso-vocazionale-per-adolescenti-2025-26\/#primaryimage","url":"https:\/\/www.diocesitn.it\/area-annuncio\/wp-content\/uploads\/sites\/39\/2024\/10\/aVocAdo-2024_25-sito.png","contentUrl":"https:\/\/www.diocesitn.it\/area-annuncio\/wp-content\/uploads\/sites\/39\/2024\/10\/aVocAdo-2024_25-sito.png","width":1920,"height":1080},{"@type":"BreadcrumbList","@id":"https:\/\/www.diocesitn.it\/area-annuncio\/2025\/10\/10\/avocado-percorso-vocazionale-per-adolescenti-2025-26\/#breadcrumb","itemListElement":[{"@type":"ListItem","position":1,"name":"Home","item":"https:\/\/www.diocesitn.it\/area-annuncio\/"},{"@type":"ListItem","position":2,"name":"aVocAdo, percorso vocazionale per adolescenti"}]},{"@type":"WebSite","@id":"https:\/\/www.diocesitn.it\/area-annuncio\/#website","url":"https:\/\/www.diocesitn.it\/area-annuncio\/","name":"Annuncio e Sacramenti","description":"Chiesa di Trento","publisher":{"@id":"https:\/\/www.diocesitn.it\/area-annuncio\/#organization"},"potentialAction":[{"@type":"SearchAction","target":{"@type":"EntryPoint","urlTemplate":"https:\/\/www.diocesitn.it\/area-annuncio\/?s={search_term_string}"},"query-input":"required name=search_term_string"}],"inLanguage":"it-IT"},{"@type":["Organization","Place"],"@id":"https:\/\/www.diocesitn.it\/area-annuncio\/#organization","name":"Area Annuncio e Sacramenti - Chiesa di Trento","url":"https:\/\/www.diocesitn.it\/area-annuncio\/","logo":{"@id":"https:\/\/www.diocesitn.it\/area-annuncio\/2025\/10\/10\/avocado-percorso-vocazionale-per-adolescenti-2025-26\/#local-main-organization-logo"},"image":{"@id":"https:\/\/www.diocesitn.it\/area-annuncio\/2025\/10\/10\/avocado-percorso-vocazionale-per-adolescenti-2025-26\/#local-main-organization-logo"},"sameAs":["https:\/\/www.facebook.com\/pastoralegiovanile.trento\/","https:\/\/www.instagram.com\/pastoralegiovaniletrento\/","https:\/\/www.youtube.com\/channel\/UCGt7hyJaIQIkrQPos4K6L6w"],"openingHoursSpecification":[{"@type":"OpeningHoursSpecification","dayOfWeek":["Monday","Tuesday","Wednesday","Thursday","Friday","Saturday","Sunday"],"opens":"09:00","closes":"17:00"}]},{"@type":"ImageObject","inLanguage":"it-IT","@id":"https:\/\/www.diocesitn.it\/area-annuncio\/2025\/10\/10\/avocado-percorso-vocazionale-per-adolescenti-2025-26\/#local-main-organization-logo","url":"https:\/\/www.diocesitn.it\/area-annuncio\/wp-content\/uploads\/sites\/39\/2021\/09\/og-logo-annuncio-e-sacramenti.jpg","contentUrl":"https:\/\/www.diocesitn.it\/area-annuncio\/wp-content\/uploads\/sites\/39\/2021\/09\/og-logo-annuncio-e-sacramenti.jpg","width":1200,"height":630,"caption":"Area Annuncio e Sacramenti - Chiesa di Trento"}]}},"_links":{"self":[{"href":"https:\/\/www.diocesitn.it\/area-annuncio\/wp-json\/wp\/v2\/posts\/26206","targetHints":{"allow":["GET"]}}],"collection":[{"href":"https:\/\/www.diocesitn.it\/area-annuncio\/wp-json\/wp\/v2\/posts"}],"about":[{"href":"https:\/\/www.diocesitn.it\/area-annuncio\/wp-json\/wp\/v2\/types\/post"}],"author":[{"embeddable":true,"href":"https:\/\/www.diocesitn.it\/area-annuncio\/wp-json\/wp\/v2\/users\/179"}],"replies":[{"embeddable":true,"href":"https:\/\/www.diocesitn.it\/area-annuncio\/wp-json\/wp\/v2\/comments?post=26206"}],"version-history":[{"count":3,"href":"https:\/\/www.diocesitn.it\/area-annuncio\/wp-json\/wp\/v2\/posts\/26206\/revisions"}],"predecessor-version":[{"id":26282,"href":"https:\/\/www.diocesitn.it\/area-annuncio\/wp-json\/wp\/v2\/posts\/26206\/revisions\/26282"}],"wp:featuredmedia":[{"embeddable":true,"href":"https:\/\/www.diocesitn.it\/area-annuncio\/wp-json\/wp\/v2\/media\/22057"}],"wp:attachment":[{"href":"https:\/\/www.diocesitn.it\/area-annuncio\/wp-json\/wp\/v2\/media?parent=26206"}],"wp:term":[{"taxonomy":"category","embeddable":true,"href":"https:\/\/www.diocesitn.it\/area-annuncio\/wp-json\/wp\/v2\/categories?post=26206"},{"taxonomy":"post_tag","embeddable":true,"href":"https:\/\/www.diocesitn.it\/area-annuncio\/wp-json\/wp\/v2\/tags?post=26206"}],"curies":[{"name":"wp","href":"https:\/\/api.w.org\/{rel}","templated":true}]}}