{"id":25775,"date":"2025-06-17T11:42:00","date_gmt":"2025-06-17T09:42:00","guid":{"rendered":"https:\/\/www.diocesitn.it\/area-annuncio\/?p=25775"},"modified":"2025-08-25T11:08:33","modified_gmt":"2025-08-25T09:08:33","slug":"auguri-buona-estate","status":"publish","type":"post","link":"https:\/\/www.diocesitn.it\/area-annuncio\/2025\/06\/17\/auguri-buona-estate\/","title":{"rendered":"Grazie e auguri di buona estate"},"content":{"rendered":"<h6><span data-teams=\"true\">\u201c<em>Ogni buona attivit\u00e0 umana, infatti, porta in s\u00e9 un riflesso della bellezza di Dio. Del resto, Dio non \u00e8 statico, non \u00e8 chiuso in s\u00e9. [\u2026]<\/em><br \/>\n<em>Pensiamo a un\u2019espressione che, nella lingua italiana, si usa comunemente per incitare gli atleti durante le gare: gli spettatori gridano: \u00abDai!\u00bb. Forse non ci facciamo caso, ma \u00e8 un imperativo bellissimo: \u00e8 l\u2019imperativo del verbo \u201cdare\u201d. E questo pu\u00f2 farci riflettere: non si tratta solo di dare una prestazione fisica, magari straordinaria, ma di dare s\u00e9 stessi, di \u201cgiocarsi<\/em>\u201d.\u201d (Papa Leone XIV, omelia Giubileo degli sportivi).<\/span><\/h6>\n<p>Carissimi,<br \/>\nCon le parole di Papa Leone vogliamo guardare ai mesi passati e dire grazie a tutti coloro che sono \u201cdati\u201d per le nostre comunit\u00e0 con generosit\u00e0 e dedizione. Allo stesso tempo guardiamo ai mesi estivi carichi di attivit\u00e0 e incontro soprattutto per i pi\u00f9 piccoli e i giovani, siano tutte occasioni dove esprimere il \u201criflesso di Dio\u201d.<br \/>\n<b>Grazie di cuore a voi, catechisti e catechiste<\/b>, che avete accompagnato bambini, ragazzi e adulti nel loro percorso di fede, con pazienza e creativit\u00e0, anche nei momenti pi\u00f9 impegnativi.<br \/>\nUn sentito <b>grazie anche a tutti gli operatori e le operatrici pastorali<\/b>, che in vario modo hanno sostenuto la vita delle comunit\u00e0: dalla liturgia alla formazione, ai cori, ai gruppi famiglie, ai percorsi in preparazione al matrimonio, ai momenti di incontro e scambio a partire dalla Parola. Tutto ha permesso di diffondere il buon profumo del Vangelo.<br \/>\nGrazie a tutti gli <b>insegnanti di religione <\/b>che con passione e dedizione hanno sostenuto il cammino di crescita dei nostri ragazzi, nelle gioie e nelle fatiche, nelle sfide e nelle delusioni che la vita presenta.<br \/>\n<b>Un augurio speciale va agli animatori e alle animatrici<\/b> che, anche durante l\u2019estate, continueranno a donare il loro tempo e il loro entusiasmo nei Grest e nei campi estivi. Siate testimoni gioiosi del Vangelo, capaci di accogliere e accompagnare con cuore aperto ogni ragazzo e ragazza che incontrerete.<br \/>\nChe sia un\u2019estate ricca, capace di ricaricare mente e cuore, in cui \u201cgiocarsi\u201d per e con Dio, per e con gli altri cos\u00ec da tornare a camminare insieme con un nuovo entusiasmo certi che \u201cla speranza non delude\u201d (Rm 5,5).<\/p>\n<p><b>Buona estate a tutti!<\/b><\/p>\n<p>&nbsp;<\/p>\n<h6><em>Area Annuncio e Sacramenti<\/em><\/h6>\n<h6><em>don Mattia, Beatrice, Cecilia, Chiara, don Daniel, Davide, Donatella e Carlo Alberto, don Duccio, Elisa, Lorenzo, Lucia, Paolo.<\/em><\/h6>\n<hr \/>\n<h6>Gli uffici della Curia arcivescovile di Trento saranno chiusi per la consueta\u00a0pausa estiva\u00a0<strong>da\u00a0luned\u00ec\u00a04\u00a0agosto fino a venerd\u00ec 15 agosto<\/strong>. L\u2019attivit\u00e0 riprender\u00e0\u00a0luned\u00ec 18 agosto.<\/h6>\n<h6>Durante l&#8217;estate gli uffici dei diversi servizi di area hanno aperture diversificate. Si consiglia di chiamare e fissare un appuntamento.<\/h6>\n","protected":false},"excerpt":{"rendered":"<p>\u201cOgni buona attivit\u00e0 umana, infatti, porta in s\u00e9 un riflesso della bellezza di Dio. Del resto, Dio non \u00e8 statico, non \u00e8 chiuso in s\u00e9. [\u2026] Pensiamo a un\u2019espressione che, nella lingua italiana, si usa<\/p>\n","protected":false},"author":179,"featured_media":25776,"comment_status":"closed","ping_status":"closed","sticky":false,"template":"","format":"standard","meta":{"footnotes":""},"categories":[763,646,608],"tags":[],"class_list":["post-25775","post","type-post","status-publish","format-standard","has-post-thumbnail","hentry","category-annuncio-e-sacramenti","category-servizio-famiglia-auguri","category-notizie"],"acf":{"seed-localization-paese-cod":"IT","seed-localization-address":"","seed-localization-citta":"Trento","seed-localization-regione-cod-istat":"04","seed-localization-citta-cod-istat":"022205","seed-localization-localita":"","seed-localization-cap":"","seed-localization-marker-visibility":false,"seed-localization-children-visibility":false,"seed-localization-kml":"","seed-localization-custom-marker":""},"yoast_head":"<!-- This site is optimized with the Yoast SEO Premium plugin v20.2.1 (Yoast SEO v22.2) - https:\/\/yoast.com\/wordpress\/plugins\/seo\/ -->\n<title>Auguri di buona estate<\/title>\n<meta name=\"description\" content=\"Vogliamo guardare ai mesi passati e dire grazie a tutti coloro che sono \u201cdati\u201d per le nostre comunit\u00e0 con generosit\u00e0 e dedizione e farvi gli auguri di una buona estate.\" \/>\n<meta name=\"robots\" content=\"index, follow, max-snippet:-1, max-image-preview:large, max-video-preview:-1\" \/>\n<link rel=\"canonical\" href=\"https:\/\/www.diocesitn.it\/area-annuncio\/2025\/06\/17\/auguri-buona-estate\/\" \/>\n<meta property=\"og:locale\" content=\"it_IT\" \/>\n<meta property=\"og:type\" content=\"article\" \/>\n<meta property=\"og:title\" content=\"Grazie e auguri di buona estate\" \/>\n<meta property=\"og:description\" content=\"Vogliamo guardare ai mesi passati e dire grazie a tutti coloro che sono \u201cdati\u201d per le nostre comunit\u00e0 con generosit\u00e0 e dedizione e farvi gli auguri di una buona estate.\" \/>\n<meta property=\"og:url\" content=\"https:\/\/www.diocesitn.it\/area-annuncio\/2025\/06\/17\/auguri-buona-estate\/\" \/>\n<meta property=\"og:site_name\" content=\"Annuncio e Sacramenti\" \/>\n<meta property=\"article:publisher\" content=\"https:\/\/www.facebook.com\/pastoralegiovanile.trento\/\" \/>\n<meta property=\"article:published_time\" content=\"2025-06-17T09:42:00+00:00\" \/>\n<meta property=\"article:modified_time\" content=\"2025-08-25T09:08:33+00:00\" \/>\n<meta property=\"og:image\" content=\"https:\/\/www.diocesitn.it\/area-annuncio\/wp-content\/uploads\/sites\/39\/2025\/06\/WhatsApp-Image-2025-06-17-at-11.20.43-e1750152766826.jpeg\" \/>\n\t<meta property=\"og:image:width\" content=\"1600\" \/>\n\t<meta property=\"og:image:height\" content=\"900\" \/>\n\t<meta property=\"og:image:type\" content=\"image\/jpeg\" \/>\n<meta name=\"author\" content=\"lsegnana\" \/>\n<meta name=\"twitter:card\" content=\"summary_large_image\" \/>\n<meta name=\"twitter:label1\" content=\"Scritto da\" \/>\n\t<meta name=\"twitter:data1\" content=\"lsegnana\" \/>\n\t<meta name=\"twitter:label2\" content=\"Tempo di lettura stimato\" \/>\n\t<meta name=\"twitter:data2\" content=\"2 minuti\" \/>\n<script type=\"application\/ld+json\" class=\"yoast-schema-graph\">{\"@context\":\"https:\/\/schema.org\",\"@graph\":[{\"@type\":\"Article\",\"@id\":\"https:\/\/www.diocesitn.it\/area-annuncio\/2025\/06\/17\/auguri-buona-estate\/#article\",\"isPartOf\":{\"@id\":\"https:\/\/www.diocesitn.it\/area-annuncio\/2025\/06\/17\/auguri-buona-estate\/\"},\"author\":{\"name\":\"lsegnana\",\"@id\":\"https:\/\/www.diocesitn.it\/area-annuncio\/#\/schema\/person\/47b3e5ac123af8c05031d0a2fae5dcde\"},\"headline\":\"Grazie e auguri di buona estate\",\"datePublished\":\"2025-06-17T09:42:00+00:00\",\"dateModified\":\"2025-08-25T09:08:33+00:00\",\"mainEntityOfPage\":{\"@id\":\"https:\/\/www.diocesitn.it\/area-annuncio\/2025\/06\/17\/auguri-buona-estate\/\"},\"wordCount\":436,\"publisher\":{\"@id\":\"https:\/\/www.diocesitn.it\/area-annuncio\/#organization\"},\"image\":{\"@id\":\"https:\/\/www.diocesitn.it\/area-annuncio\/2025\/06\/17\/auguri-buona-estate\/#primaryimage\"},\"thumbnailUrl\":\"https:\/\/www.diocesitn.it\/area-annuncio\/wp-content\/uploads\/sites\/39\/2025\/06\/WhatsApp-Image-2025-06-17-at-11.20.43-e1750152766826.jpeg\",\"articleSection\":[\"Annuncio e Sacramenti\",\"Auguri\",\"Notizie\"],\"inLanguage\":\"it-IT\",\"copyrightYear\":\"2025\",\"copyrightHolder\":{\"@id\":\"https:\/\/www.diocesitn.it\/#organization\"}},{\"@type\":\"WebPage\",\"@id\":\"https:\/\/www.diocesitn.it\/area-annuncio\/2025\/06\/17\/auguri-buona-estate\/\",\"url\":\"https:\/\/www.diocesitn.it\/area-annuncio\/2025\/06\/17\/auguri-buona-estate\/\",\"name\":\"Auguri di buona estate\",\"isPartOf\":{\"@id\":\"https:\/\/www.diocesitn.it\/area-annuncio\/#website\"},\"primaryImageOfPage\":{\"@id\":\"https:\/\/www.diocesitn.it\/area-annuncio\/2025\/06\/17\/auguri-buona-estate\/#primaryimage\"},\"image\":{\"@id\":\"https:\/\/www.diocesitn.it\/area-annuncio\/2025\/06\/17\/auguri-buona-estate\/#primaryimage\"},\"thumbnailUrl\":\"https:\/\/www.diocesitn.it\/area-annuncio\/wp-content\/uploads\/sites\/39\/2025\/06\/WhatsApp-Image-2025-06-17-at-11.20.43-e1750152766826.jpeg\",\"datePublished\":\"2025-06-17T09:42:00+00:00\",\"dateModified\":\"2025-08-25T09:08:33+00:00\",\"description\":\"Vogliamo guardare ai mesi passati e dire grazie a tutti coloro che sono \u201cdati\u201d per le nostre comunit\u00e0 con generosit\u00e0 e dedizione e farvi gli auguri di una buona estate.\",\"breadcrumb\":{\"@id\":\"https:\/\/www.diocesitn.it\/area-annuncio\/2025\/06\/17\/auguri-buona-estate\/#breadcrumb\"},\"inLanguage\":\"it-IT\",\"potentialAction\":[{\"@type\":\"ReadAction\",\"target\":[\"https:\/\/www.diocesitn.it\/area-annuncio\/2025\/06\/17\/auguri-buona-estate\/\"]}]},{\"@type\":\"ImageObject\",\"inLanguage\":\"it-IT\",\"@id\":\"https:\/\/www.diocesitn.it\/area-annuncio\/2025\/06\/17\/auguri-buona-estate\/#primaryimage\",\"url\":\"https:\/\/www.diocesitn.it\/area-annuncio\/wp-content\/uploads\/sites\/39\/2025\/06\/WhatsApp-Image-2025-06-17-at-11.20.43-e1750152766826.jpeg\",\"contentUrl\":\"https:\/\/www.diocesitn.it\/area-annuncio\/wp-content\/uploads\/sites\/39\/2025\/06\/WhatsApp-Image-2025-06-17-at-11.20.43-e1750152766826.jpeg\",\"width\":1600,\"height\":900,\"caption\":\"buona estate\"},{\"@type\":\"BreadcrumbList\",\"@id\":\"https:\/\/www.diocesitn.it\/area-annuncio\/2025\/06\/17\/auguri-buona-estate\/#breadcrumb\",\"itemListElement\":[{\"@type\":\"ListItem\",\"position\":1,\"name\":\"Home\",\"item\":\"https:\/\/www.diocesitn.it\/area-annuncio\/\"},{\"@type\":\"ListItem\",\"position\":2,\"name\":\"Grazie e auguri di buona estate\"}]},{\"@type\":\"WebSite\",\"@id\":\"https:\/\/www.diocesitn.it\/area-annuncio\/#website\",\"url\":\"https:\/\/www.diocesitn.it\/area-annuncio\/\",\"name\":\"Annuncio e Sacramenti\",\"description\":\"Chiesa di Trento\",\"publisher\":{\"@id\":\"https:\/\/www.diocesitn.it\/area-annuncio\/#organization\"},\"potentialAction\":[{\"@type\":\"SearchAction\",\"target\":{\"@type\":\"EntryPoint\",\"urlTemplate\":\"https:\/\/www.diocesitn.it\/area-annuncio\/?s={search_term_string}\"},\"query-input\":\"required name=search_term_string\"}],\"inLanguage\":\"it-IT\"},{\"@type\":[\"Organization\",\"Place\"],\"@id\":\"https:\/\/www.diocesitn.it\/area-annuncio\/#organization\",\"name\":\"Area Annuncio e Sacramenti - Chiesa di Trento\",\"url\":\"https:\/\/www.diocesitn.it\/area-annuncio\/\",\"logo\":{\"@id\":\"https:\/\/www.diocesitn.it\/area-annuncio\/2025\/06\/17\/auguri-buona-estate\/#local-main-organization-logo\"},\"image\":{\"@id\":\"https:\/\/www.diocesitn.it\/area-annuncio\/2025\/06\/17\/auguri-buona-estate\/#local-main-organization-logo\"},\"sameAs\":[\"https:\/\/www.facebook.com\/pastoralegiovanile.trento\/\",\"https:\/\/www.instagram.com\/pastoralegiovaniletrento\/\",\"https:\/\/www.youtube.com\/channel\/UCGt7hyJaIQIkrQPos4K6L6w\"],\"openingHoursSpecification\":[{\"@type\":\"OpeningHoursSpecification\",\"dayOfWeek\":[\"Monday\",\"Tuesday\",\"Wednesday\",\"Thursday\",\"Friday\",\"Saturday\",\"Sunday\"],\"opens\":\"09:00\",\"closes\":\"17:00\"}]},{\"@type\":\"ImageObject\",\"inLanguage\":\"it-IT\",\"@id\":\"https:\/\/www.diocesitn.it\/area-annuncio\/2025\/06\/17\/auguri-buona-estate\/#local-main-organization-logo\",\"url\":\"https:\/\/www.diocesitn.it\/area-annuncio\/wp-content\/uploads\/sites\/39\/2021\/09\/og-logo-annuncio-e-sacramenti.jpg\",\"contentUrl\":\"https:\/\/www.diocesitn.it\/area-annuncio\/wp-content\/uploads\/sites\/39\/2021\/09\/og-logo-annuncio-e-sacramenti.jpg\",\"width\":1200,\"height\":630,\"caption\":\"Area Annuncio e Sacramenti - Chiesa di Trento\"}]}<\/script>\n<!-- \/ Yoast SEO Premium plugin. -->","yoast_head_json":{"title":"Auguri di buona estate","description":"Vogliamo guardare ai mesi passati e dire grazie a tutti coloro che sono \u201cdati\u201d per le nostre comunit\u00e0 con generosit\u00e0 e dedizione e farvi gli auguri di una buona estate.","robots":{"index":"index","follow":"follow","max-snippet":"max-snippet:-1","max-image-preview":"max-image-preview:large","max-video-preview":"max-video-preview:-1"},"canonical":"https:\/\/www.diocesitn.it\/area-annuncio\/2025\/06\/17\/auguri-buona-estate\/","og_locale":"it_IT","og_type":"article","og_title":"Grazie e auguri di buona estate","og_description":"Vogliamo guardare ai mesi passati e dire grazie a tutti coloro che sono \u201cdati\u201d per le nostre comunit\u00e0 con generosit\u00e0 e dedizione e farvi gli auguri di una buona estate.","og_url":"https:\/\/www.diocesitn.it\/area-annuncio\/2025\/06\/17\/auguri-buona-estate\/","og_site_name":"Annuncio e Sacramenti","article_publisher":"https:\/\/www.facebook.com\/pastoralegiovanile.trento\/","article_published_time":"2025-06-17T09:42:00+00:00","article_modified_time":"2025-08-25T09:08:33+00:00","og_image":[{"width":1600,"height":900,"url":"https:\/\/www.diocesitn.it\/area-annuncio\/wp-content\/uploads\/sites\/39\/2025\/06\/WhatsApp-Image-2025-06-17-at-11.20.43-e1750152766826.jpeg","type":"image\/jpeg"}],"author":"lsegnana","twitter_card":"summary_large_image","twitter_misc":{"Scritto da":"lsegnana","Tempo di lettura stimato":"2 minuti"},"schema":{"@context":"https:\/\/schema.org","@graph":[{"@type":"Article","@id":"https:\/\/www.diocesitn.it\/area-annuncio\/2025\/06\/17\/auguri-buona-estate\/#article","isPartOf":{"@id":"https:\/\/www.diocesitn.it\/area-annuncio\/2025\/06\/17\/auguri-buona-estate\/"},"author":{"name":"lsegnana","@id":"https:\/\/www.diocesitn.it\/area-annuncio\/#\/schema\/person\/47b3e5ac123af8c05031d0a2fae5dcde"},"headline":"Grazie e auguri di buona estate","datePublished":"2025-06-17T09:42:00+00:00","dateModified":"2025-08-25T09:08:33+00:00","mainEntityOfPage":{"@id":"https:\/\/www.diocesitn.it\/area-annuncio\/2025\/06\/17\/auguri-buona-estate\/"},"wordCount":436,"publisher":{"@id":"https:\/\/www.diocesitn.it\/area-annuncio\/#organization"},"image":{"@id":"https:\/\/www.diocesitn.it\/area-annuncio\/2025\/06\/17\/auguri-buona-estate\/#primaryimage"},"thumbnailUrl":"https:\/\/www.diocesitn.it\/area-annuncio\/wp-content\/uploads\/sites\/39\/2025\/06\/WhatsApp-Image-2025-06-17-at-11.20.43-e1750152766826.jpeg","articleSection":["Annuncio e Sacramenti","Auguri","Notizie"],"inLanguage":"it-IT","copyrightYear":"2025","copyrightHolder":{"@id":"https:\/\/www.diocesitn.it\/#organization"}},{"@type":"WebPage","@id":"https:\/\/www.diocesitn.it\/area-annuncio\/2025\/06\/17\/auguri-buona-estate\/","url":"https:\/\/www.diocesitn.it\/area-annuncio\/2025\/06\/17\/auguri-buona-estate\/","name":"Auguri di buona estate","isPartOf":{"@id":"https:\/\/www.diocesitn.it\/area-annuncio\/#website"},"primaryImageOfPage":{"@id":"https:\/\/www.diocesitn.it\/area-annuncio\/2025\/06\/17\/auguri-buona-estate\/#primaryimage"},"image":{"@id":"https:\/\/www.diocesitn.it\/area-annuncio\/2025\/06\/17\/auguri-buona-estate\/#primaryimage"},"thumbnailUrl":"https:\/\/www.diocesitn.it\/area-annuncio\/wp-content\/uploads\/sites\/39\/2025\/06\/WhatsApp-Image-2025-06-17-at-11.20.43-e1750152766826.jpeg","datePublished":"2025-06-17T09:42:00+00:00","dateModified":"2025-08-25T09:08:33+00:00","description":"Vogliamo guardare ai mesi passati e dire grazie a tutti coloro che sono \u201cdati\u201d per le nostre comunit\u00e0 con generosit\u00e0 e dedizione e farvi gli auguri di una buona estate.","breadcrumb":{"@id":"https:\/\/www.diocesitn.it\/area-annuncio\/2025\/06\/17\/auguri-buona-estate\/#breadcrumb"},"inLanguage":"it-IT","potentialAction":[{"@type":"ReadAction","target":["https:\/\/www.diocesitn.it\/area-annuncio\/2025\/06\/17\/auguri-buona-estate\/"]}]},{"@type":"ImageObject","inLanguage":"it-IT","@id":"https:\/\/www.diocesitn.it\/area-annuncio\/2025\/06\/17\/auguri-buona-estate\/#primaryimage","url":"https:\/\/www.diocesitn.it\/area-annuncio\/wp-content\/uploads\/sites\/39\/2025\/06\/WhatsApp-Image-2025-06-17-at-11.20.43-e1750152766826.jpeg","contentUrl":"https:\/\/www.diocesitn.it\/area-annuncio\/wp-content\/uploads\/sites\/39\/2025\/06\/WhatsApp-Image-2025-06-17-at-11.20.43-e1750152766826.jpeg","width":1600,"height":900,"caption":"buona estate"},{"@type":"BreadcrumbList","@id":"https:\/\/www.diocesitn.it\/area-annuncio\/2025\/06\/17\/auguri-buona-estate\/#breadcrumb","itemListElement":[{"@type":"ListItem","position":1,"name":"Home","item":"https:\/\/www.diocesitn.it\/area-annuncio\/"},{"@type":"ListItem","position":2,"name":"Grazie e auguri di buona estate"}]},{"@type":"WebSite","@id":"https:\/\/www.diocesitn.it\/area-annuncio\/#website","url":"https:\/\/www.diocesitn.it\/area-annuncio\/","name":"Annuncio e Sacramenti","description":"Chiesa di Trento","publisher":{"@id":"https:\/\/www.diocesitn.it\/area-annuncio\/#organization"},"potentialAction":[{"@type":"SearchAction","target":{"@type":"EntryPoint","urlTemplate":"https:\/\/www.diocesitn.it\/area-annuncio\/?s={search_term_string}"},"query-input":"required name=search_term_string"}],"inLanguage":"it-IT"},{"@type":["Organization","Place"],"@id":"https:\/\/www.diocesitn.it\/area-annuncio\/#organization","name":"Area Annuncio e Sacramenti - Chiesa di Trento","url":"https:\/\/www.diocesitn.it\/area-annuncio\/","logo":{"@id":"https:\/\/www.diocesitn.it\/area-annuncio\/2025\/06\/17\/auguri-buona-estate\/#local-main-organization-logo"},"image":{"@id":"https:\/\/www.diocesitn.it\/area-annuncio\/2025\/06\/17\/auguri-buona-estate\/#local-main-organization-logo"},"sameAs":["https:\/\/www.facebook.com\/pastoralegiovanile.trento\/","https:\/\/www.instagram.com\/pastoralegiovaniletrento\/","https:\/\/www.youtube.com\/channel\/UCGt7hyJaIQIkrQPos4K6L6w"],"openingHoursSpecification":[{"@type":"OpeningHoursSpecification","dayOfWeek":["Monday","Tuesday","Wednesday","Thursday","Friday","Saturday","Sunday"],"opens":"09:00","closes":"17:00"}]},{"@type":"ImageObject","inLanguage":"it-IT","@id":"https:\/\/www.diocesitn.it\/area-annuncio\/2025\/06\/17\/auguri-buona-estate\/#local-main-organization-logo","url":"https:\/\/www.diocesitn.it\/area-annuncio\/wp-content\/uploads\/sites\/39\/2021\/09\/og-logo-annuncio-e-sacramenti.jpg","contentUrl":"https:\/\/www.diocesitn.it\/area-annuncio\/wp-content\/uploads\/sites\/39\/2021\/09\/og-logo-annuncio-e-sacramenti.jpg","width":1200,"height":630,"caption":"Area Annuncio e Sacramenti - Chiesa di Trento"}]}},"_links":{"self":[{"href":"https:\/\/www.diocesitn.it\/area-annuncio\/wp-json\/wp\/v2\/posts\/25775","targetHints":{"allow":["GET"]}}],"collection":[{"href":"https:\/\/www.diocesitn.it\/area-annuncio\/wp-json\/wp\/v2\/posts"}],"about":[{"href":"https:\/\/www.diocesitn.it\/area-annuncio\/wp-json\/wp\/v2\/types\/post"}],"author":[{"embeddable":true,"href":"https:\/\/www.diocesitn.it\/area-annuncio\/wp-json\/wp\/v2\/users\/179"}],"replies":[{"embeddable":true,"href":"https:\/\/www.diocesitn.it\/area-annuncio\/wp-json\/wp\/v2\/comments?post=25775"}],"version-history":[{"count":3,"href":"https:\/\/www.diocesitn.it\/area-annuncio\/wp-json\/wp\/v2\/posts\/25775\/revisions"}],"predecessor-version":[{"id":25881,"href":"https:\/\/www.diocesitn.it\/area-annuncio\/wp-json\/wp\/v2\/posts\/25775\/revisions\/25881"}],"wp:featuredmedia":[{"embeddable":true,"href":"https:\/\/www.diocesitn.it\/area-annuncio\/wp-json\/wp\/v2\/media\/25776"}],"wp:attachment":[{"href":"https:\/\/www.diocesitn.it\/area-annuncio\/wp-json\/wp\/v2\/media?parent=25775"}],"wp:term":[{"taxonomy":"category","embeddable":true,"href":"https:\/\/www.diocesitn.it\/area-annuncio\/wp-json\/wp\/v2\/categories?post=25775"},{"taxonomy":"post_tag","embeddable":true,"href":"https:\/\/www.diocesitn.it\/area-annuncio\/wp-json\/wp\/v2\/tags?post=25775"}],"curies":[{"name":"wp","href":"https:\/\/api.w.org\/{rel}","templated":true}]}}