{"id":25441,"date":"2025-05-06T12:21:51","date_gmt":"2025-05-06T10:21:51","guid":{"rendered":"https:\/\/www.diocesitn.it\/area-annuncio\/?p=25441"},"modified":"2025-06-05T11:46:53","modified_gmt":"2025-06-05T09:46:53","slug":"giubileo-degli-insegnanti-dal-4-al-6-luglio","status":"publish","type":"post","link":"https:\/\/www.diocesitn.it\/area-annuncio\/2025\/05\/06\/giubileo-degli-insegnanti-dal-4-al-6-luglio\/","title":{"rendered":"Giubileo degli Insegnanti dal 4 al 6 luglio a Roma"},"content":{"rendered":"<p><strong>Giubileo degli insegnanti<\/strong>\u00a0a Roma <strong>da venerd\u00ec 4 <\/strong>a<strong> domenica 6 luglio 2025.<\/strong><\/p>\n<p><strong>PROGRAMMA<\/strong><\/p>\n<p><strong>Venerd\u00ec 4 luglio<\/strong>: Partenza per Roma. Sosta lungo il percorso per pranzo libero. Arrivo a Roma e visita dell&#8217;Abbazia delle Tre Fontane e successivamente della Basilica di S. Paolo Fuori le Mura. Passaggio della Porta Santa. Al termine trasferimento in istituto per la cena e il pernottamento.<\/p>\n<p><strong>Sabato 5 luglio<\/strong>:\u00a0 Al mattino visita della Necropoli. Al termine pranzo libero e nel pomeriggio visita a Trastevere. Incontro sulla testimonianza e la trasmissione e della fede. Al termine della visita rientro in istituto per la cena e il pernottamento.<\/p>\n<p><strong>Domenica 6 luglio<\/strong>: \u00a0Ingresso alle ore 10.00 alle Catacombe di S. Marcellino e Pietro- visita con guida. Al termine della visita, alle ore 12.30, celebrazione della S. Messa presso la parrocchia dei SS. Marcellino e Pietro. Al termine pranzo in ristorante. Nel pomeriggio rientro, arrivo a Trento in serata.<\/p>\n<p><strong>INFORMAZIONI:<\/strong><\/p>\n<p>Partenza venerd\u00ec 4 luglio alle <span style=\"font-size: inherit\">ore 6.00 da Trento (Area Zuffo) e verso le <\/span><span style=\"font-size: inherit\">6.25 a Rovereto sud (casello autostradale)<\/span><\/p>\n<p><strong>Quota individuale<\/strong> di partecipazione: <strong>\u20ac 450,00 <\/strong>in camera doppia o tripla.<\/p>\n<p><strong style=\"font-size: inherit\">Supplemento <\/strong>camera singola:<strong style=\"font-size: inherit\"><strong>\u20ac 60,00<\/strong><\/strong><\/p>\n<p>Bonifico sul Conto Corrente Bancario: <strong>IBAN IT60 N030 6901 8561 0000 0000 667<\/strong> intestato a Arcidiocesi di Trento indicando nella causale \u201c<strong>Giubileo Insegnanti &#8211; Nome e Cognome<\/strong>\u201d<\/p>\n<p><strong> Acconto di \u20ac200 da versare in fase di iscrizione entro il 30 maggio<\/strong>. Saldo da versare entro il 4 giugno.<\/p>\n<p>In caso di ritiro non si avr\u00e0 diritto a nessun rimborso, salvo sottoscrizione della polizza annullamento su richiesta nel modulo di iscrizione (pari al 4,5% della quota individuale di partecipazione)<\/p>\n<p>\u00c8 necessaria la carta d&#8217;identit\u00e0 in corso di validit\u00e0.<\/p>\n<p><strong>Per informazioni<\/strong>: <a href=\"mailto:scuola@diocesitn.it\">scuola@diocesitn.it<\/a><\/p>\n<p><a href=\"https:\/\/www.diocesitn.it\/area-annuncio\/wp-content\/uploads\/sites\/39\/2025\/05\/WhatsApp-Image-2025-05-13-at-11.00.53-1.jpeg\" target=\"_blank\" rel=\"noopener\"><img loading=\"lazy\" decoding=\"async\" class=\"alignnone wp-image-25531 size-medium\" src=\"https:\/\/www.diocesitn.it\/area-annuncio\/wp-content\/uploads\/sites\/39\/2025\/05\/WhatsApp-Image-2025-05-13-at-11.00.53-1-212x300.jpeg\" alt=\"Giubileo insegnanti\" width=\"212\" height=\"300\" srcset=\"https:\/\/www.diocesitn.it\/area-annuncio\/wp-content\/uploads\/sites\/39\/2025\/05\/WhatsApp-Image-2025-05-13-at-11.00.53-1-212x300.jpeg 212w, https:\/\/www.diocesitn.it\/area-annuncio\/wp-content\/uploads\/sites\/39\/2025\/05\/WhatsApp-Image-2025-05-13-at-11.00.53-1-724x1024.jpeg 724w, https:\/\/www.diocesitn.it\/area-annuncio\/wp-content\/uploads\/sites\/39\/2025\/05\/WhatsApp-Image-2025-05-13-at-11.00.53-1-768x1086.jpeg 768w, https:\/\/www.diocesitn.it\/area-annuncio\/wp-content\/uploads\/sites\/39\/2025\/05\/WhatsApp-Image-2025-05-13-at-11.00.53-1-198x280.jpeg 198w, https:\/\/www.diocesitn.it\/area-annuncio\/wp-content\/uploads\/sites\/39\/2025\/05\/WhatsApp-Image-2025-05-13-at-11.00.53-1-543x768.jpeg 543w, https:\/\/www.diocesitn.it\/area-annuncio\/wp-content\/uploads\/sites\/39\/2025\/05\/WhatsApp-Image-2025-05-13-at-11.00.53-1-1086x1536.jpeg 1086w, https:\/\/www.diocesitn.it\/area-annuncio\/wp-content\/uploads\/sites\/39\/2025\/05\/WhatsApp-Image-2025-05-13-at-11.00.53-1-800x1132.jpeg 800w, https:\/\/www.diocesitn.it\/area-annuncio\/wp-content\/uploads\/sites\/39\/2025\/05\/WhatsApp-Image-2025-05-13-at-11.00.53-1.jpeg 1131w\" sizes=\"auto, (max-width: 212px) 100vw, 212px\" \/><\/a><\/p>\n<p><a href=\"https:\/\/www.diocesitn.it\/area-annuncio\/wp-content\/uploads\/sites\/39\/2025\/05\/WhatsApp-Image-2025-05-13-at-11.00.53.jpeg\" target=\"_blank\" rel=\"noopener\">Scarica la locandina dettagliata<\/a><\/p>\n<hr \/>\n<p>Le iscrizioni sono chiuse, ma \u00e8 possibile iscriversi ed <strong>essere inseriti in lista di attesa<\/strong>\u00a0compilando il modulo sottostante.<\/p>\n<noscript class=\"ninja-forms-noscript-message\">\n\tAvviso: JavaScript \u00e8 obbligatorio per questo contenuto.<\/noscript>\n<div id=\"nf-form-122-cont\" class=\"nf-form-cont\" aria-live=\"polite\" aria-labelledby=\"nf-form-title-122\" aria-describedby=\"nf-form-errors-122\" role=\"form\">\n\n    <div class=\"nf-loading-spinner\"><\/div>\n\n<\/div>\n        <!-- That data is being printed as a workaround to page builders reordering the order of the scripts loaded-->\n        <script>var formDisplay=1;var nfForms=nfForms||[];var form=[];form.id='122';form.settings={\"objectType\":\"Form Setting\",\"editActive\":true,\"title\":\"Iscrizione Giubileo Insegnanti\",\"created_at\":\"2025-05-12 10:48:32\",\"default_label_pos\":\"above\",\"show_title\":\"1\",\"clear_complete\":\"1\",\"hide_complete\":\"1\",\"logged_in\":\"\",\"wrapper_class\":\"\",\"element_class\":\"\",\"key\":\"\",\"add_submit\":\"1\",\"currency\":\"\",\"repeatable_fieldsets\":\"\",\"unique_field_error\":\"A form with this value has already been submitted.\",\"not_logged_in_msg\":\"\",\"sub_limit_msg\":\"Massimo iscritti raggiunti, ci dispiace.\",\"calculations\":[],\"formContentData\":[\"cognome_1744789759359\",\"nome_1744789781615\",\"istituto_1747039768579\",\"telefono_cellulare_1744790406739\",\"email_1744790414812\",\"nato_a_1744789904440\",\"il_1744790093539\",\"provincia_1744790111266\",\"carta_d_identita_numero_1744790147258\",\"rilasciata_da_1744790158281\",\"emessa_il_1744796816999\",\"scadenza_1744790190265\",\"residente_in_via-piazza_1744790210312\",\"numero_civico_1744790218528\",\"citta_paese_1634195816543\",\"provincia_1744790354605\",\"codice_di_avviamento_postale_1744790382033\",\"nome_dell_eventuale_accompagnatore_che_deve_comunque_compilare_l_iscrizione_1747039835267\",\"eventuali_problemi_di_salute_e_o_esigenze_alimentari_1744790497430\",\"camera_1747039795163\",\"eventuale_nominativo_del_la_compagno_a_con_cui_condividere_la_camera_1747041824677\",\"richiesta_polizza_annullamento_pari_al_4_5_della_quota_1744875306071\",\"allegare_carta_d_identita_fronte_e_retro_1744796882042\",\"allegare_copia_del_bonifico_1744794000875\",\"informativa_trattamento_privacy_1744801281414\",\"checkbox_1633948192311\",\"submit_1633945917826\"],\"sub_limit_number\":\"100\",\"drawerDisabled\":false,\"changeEmailErrorMsg\":\"Immetti un indirizzo email valido.\",\"changeDateErrorMsg\":\"Please enter a valid date!\",\"confirmFieldErrorMsg\":\"Questi campi devono corrispondere.\",\"fieldNumberNumMinError\":\"Errore numero min\",\"fieldNumberNumMaxError\":\"Errore numero max\",\"fieldNumberIncrementBy\":\"Incrementa di \",\"formErrorsCorrectErrors\":\"Correggi gli errori prima di inviare il form.\",\"validateRequiredField\":\"Campo obbligatorio.\",\"honeypotHoneypotError\":\"Errore Honeypot\",\"fieldsMarkedRequired\":\"I campi contrassegnati con <span class=\\\"ninja-forms-req-symbol\\\">*<\\\/span> sono obbligatori.\",\"form_title_heading_level\":\"3\",\"allow_public_link\":0,\"public_link\":\"https:\\\/\\\/www.diocesitn.it\\\/area-annuncio\\\/ninja-forms\\\/1228ekc\",\"embed_form\":\"\",\"public_link_key\":\"1228ekc\",\"ninjaForms\":\"Ninja Forms\",\"fieldTextareaRTEInsertLink\":\"Inserisci link\",\"fieldTextareaRTEInsertMedia\":\"Inserisci media\",\"fieldTextareaRTESelectAFile\":\"Seleziona un file\",\"formHoneypot\":\"Se sei un essere umano e vedi questo campo, lascialo vuoto.\",\"fileUploadOldCodeFileUploadInProgress\":\"Caricamento file in corso.\",\"fileUploadOldCodeFileUpload\":\"CARICAMENTO FILE\",\"currencySymbol\":\"&euro;\",\"thousands_sep\":\".\",\"decimal_point\":\",\",\"siteLocale\":\"it_IT\",\"dateFormat\":\"d\\\/m\\\/Y\",\"startOfWeek\":\"1\",\"of\":\"di\",\"previousMonth\":\"Previous Month\",\"nextMonth\":\"Next Month\",\"months\":[\"January\",\"February\",\"March\",\"April\",\"May\",\"June\",\"July\",\"August\",\"September\",\"October\",\"November\",\"December\"],\"monthsShort\":[\"Jan\",\"Feb\",\"Mar\",\"Apr\",\"May\",\"Jun\",\"Jul\",\"Aug\",\"Sep\",\"Oct\",\"Nov\",\"Dec\"],\"weekdays\":[\"Sunday\",\"Monday\",\"Tuesday\",\"Wednesday\",\"Thursday\",\"Friday\",\"Saturday\"],\"weekdaysShort\":[\"Sun\",\"Mon\",\"Tue\",\"Wed\",\"Thu\",\"Fri\",\"Sat\"],\"weekdaysMin\":[\"Su\",\"Mo\",\"Tu\",\"We\",\"Th\",\"Fr\",\"Sa\"],\"recaptchaConsentMissing\":\"reCaptcha validation couldn&#039;t load.\",\"recaptchaMissingCookie\":\"reCaptcha v3 validation couldn&#039;t load the cookie needed to submit the form.\",\"recaptchaConsentEvent\":\"Accept reCaptcha cookies before sending the form.\",\"currency_symbol\":\"\",\"beforeForm\":\"\",\"beforeFields\":\"\",\"afterFields\":\"\",\"afterForm\":\"\"};form.fields=[{\"objectType\":\"Field\",\"objectDomain\":\"fields\",\"editActive\":false,\"order\":1,\"idAttribute\":\"id\",\"label\":\"Cognome\",\"type\":\"firstname\",\"key\":\"cognome_1744789759359\",\"label_pos\":\"above\",\"required\":1,\"default\":\"\",\"placeholder\":\"\",\"container_class\":\"\",\"element_class\":\"\",\"admin_label\":\"\",\"help_text\":\"\",\"custom_name_attribute\":\"fname\",\"personally_identifiable\":1,\"value\":\"\",\"drawerDisabled\":\"\",\"field_label\":\"Cognome\",\"field_key\":\"cognome_1744789759359\",\"id\":1816,\"beforeField\":\"\",\"afterField\":\"\",\"parentType\":\"firstname\",\"element_templates\":[\"firstname\",\"input\"],\"old_classname\":\"\",\"wrap_template\":\"wrap\"},{\"objectType\":\"Field\",\"objectDomain\":\"fields\",\"editActive\":false,\"order\":2,\"idAttribute\":\"id\",\"label\":\"Nome\",\"type\":\"lastname\",\"key\":\"nome_1744789781615\",\"label_pos\":\"above\",\"required\":1,\"default\":\"\",\"placeholder\":\"\",\"container_class\":\"\",\"element_class\":\"\",\"admin_label\":\"\",\"help_text\":\"\",\"custom_name_attribute\":\"lname\",\"personally_identifiable\":1,\"value\":\"\",\"drawerDisabled\":\"\",\"field_label\":\"Nome\",\"field_key\":\"nome_1744789781615\",\"id\":1817,\"beforeField\":\"\",\"afterField\":\"\",\"parentType\":\"lastname\",\"element_templates\":[\"lastname\",\"input\"],\"old_classname\":\"\",\"wrap_template\":\"wrap\"},{\"objectType\":\"Field\",\"objectDomain\":\"fields\",\"editActive\":false,\"order\":3,\"idAttribute\":\"id\",\"label\":\"Istituto\",\"type\":\"textbox\",\"key\":\"istituto_1747039768579\",\"label_pos\":\"above\",\"required\":0,\"default\":\"\",\"placeholder\":\"\",\"container_class\":\"\",\"element_class\":\"\",\"input_limit\":\"\",\"input_limit_type\":\"characters\",\"input_limit_msg\":\"Caratteri rimasti\",\"manual_key\":false,\"admin_label\":\"\",\"help_text\":\"\",\"mask\":\"\",\"custom_mask\":\"\",\"custom_name_attribute\":\"\",\"personally_identifiable\":\"\",\"value\":\"\",\"drawerDisabled\":false,\"id\":1843,\"beforeField\":\"\",\"afterField\":\"\",\"parentType\":\"textbox\",\"element_templates\":[\"textbox\",\"input\"],\"old_classname\":\"\",\"wrap_template\":\"wrap\"},{\"objectType\":\"Field\",\"objectDomain\":\"fields\",\"editActive\":false,\"order\":4,\"idAttribute\":\"id\",\"label\":\"Telefono cellulare\",\"type\":\"phone\",\"key\":\"telefono_cellulare_1744790406739\",\"label_pos\":\"above\",\"required\":1,\"default\":\"\",\"placeholder\":\"\",\"container_class\":\"\",\"element_class\":\"\",\"input_limit\":\"\",\"input_limit_type\":\"characters\",\"input_limit_msg\":\"Caratteri rimasti\",\"manual_key\":\"\",\"admin_label\":\"\",\"help_text\":\"\",\"mask\":\"\",\"custom_mask\":\"\",\"custom_name_attribute\":\"phone\",\"personally_identifiable\":1,\"value\":\"\",\"field_label\":\"Telefono cellulare\",\"field_key\":\"telefono_cellulare_1744790406739\",\"drawerDisabled\":\"\",\"id\":1818,\"beforeField\":\"\",\"afterField\":\"\",\"parentType\":\"textbox\",\"element_templates\":[\"tel\",\"textbox\",\"input\"],\"old_classname\":\"\",\"wrap_template\":\"wrap\"},{\"objectType\":\"Field\",\"objectDomain\":\"fields\",\"editActive\":false,\"order\":5,\"idAttribute\":\"id\",\"label\":\"Email\",\"type\":\"email\",\"key\":\"email_1744790414812\",\"label_pos\":\"above\",\"required\":1,\"default\":\"\",\"placeholder\":\"\",\"container_class\":\"\",\"element_class\":\"\",\"admin_label\":\"\",\"help_text\":\"\",\"custom_name_attribute\":\"email\",\"personally_identifiable\":1,\"value\":\"\",\"drawerDisabled\":\"\",\"field_label\":\"Email\",\"field_key\":\"email_1744790414812\",\"id\":1819,\"beforeField\":\"\",\"afterField\":\"\",\"parentType\":\"email\",\"element_templates\":[\"email\",\"input\"],\"old_classname\":\"\",\"wrap_template\":\"wrap\"},{\"objectType\":\"Field\",\"objectDomain\":\"fields\",\"editActive\":false,\"order\":6,\"idAttribute\":\"id\",\"label\":\"Nato a\",\"type\":\"textbox\",\"key\":\"nato_a_1744789904440\",\"label_pos\":\"above\",\"required\":1,\"default\":\"\",\"placeholder\":\"\",\"container_class\":\"\",\"element_class\":\"\",\"input_limit\":\"\",\"input_limit_type\":\"characters\",\"input_limit_msg\":\"Caratteri rimasti\",\"manual_key\":\"\",\"admin_label\":\"\",\"help_text\":\"\",\"mask\":\"\",\"custom_mask\":\"\",\"custom_name_attribute\":\"\",\"personally_identifiable\":\"\",\"value\":\"\",\"drawerDisabled\":\"\",\"field_label\":\"Nato a\",\"field_key\":\"nato_a_1744789904440\",\"id\":1821,\"beforeField\":\"\",\"afterField\":\"\",\"parentType\":\"textbox\",\"element_templates\":[\"textbox\",\"input\"],\"old_classname\":\"\",\"wrap_template\":\"wrap\"},{\"objectType\":\"Field\",\"objectDomain\":\"fields\",\"editActive\":false,\"order\":7,\"idAttribute\":\"id\",\"label\":\"Il\",\"type\":\"textbox\",\"key\":\"il_1744790093539\",\"label_pos\":\"above\",\"required\":1,\"default\":\"\",\"placeholder\":\"\",\"container_class\":\"\",\"element_class\":\"\",\"input_limit\":\"\",\"input_limit_type\":\"characters\",\"input_limit_msg\":\"Caratteri rimasti\",\"manual_key\":\"\",\"admin_label\":\"\",\"help_text\":\"\",\"mask\":\"\",\"custom_mask\":\"\",\"custom_name_attribute\":\"\",\"personally_identifiable\":\"\",\"value\":\"\",\"drawerDisabled\":\"\",\"field_label\":\"Il\",\"field_key\":\"il_1744790093539\",\"id\":1822,\"beforeField\":\"\",\"afterField\":\"\",\"parentType\":\"textbox\",\"element_templates\":[\"textbox\",\"input\"],\"old_classname\":\"\",\"wrap_template\":\"wrap\"},{\"objectType\":\"Field\",\"objectDomain\":\"fields\",\"editActive\":false,\"order\":8,\"idAttribute\":\"id\",\"label\":\"Provincia\",\"type\":\"textbox\",\"key\":\"provincia_1744790111266\",\"label_pos\":\"above\",\"required\":1,\"default\":\"\",\"placeholder\":\"\",\"container_class\":\"\",\"element_class\":\"\",\"input_limit\":\"\",\"input_limit_type\":\"characters\",\"input_limit_msg\":\"Caratteri rimasti\",\"manual_key\":\"\",\"admin_label\":\"\",\"help_text\":\"\",\"mask\":\"\",\"custom_mask\":\"\",\"custom_name_attribute\":\"\",\"personally_identifiable\":\"\",\"value\":\"\",\"drawerDisabled\":\"\",\"field_label\":\"Provincia\",\"field_key\":\"provincia_1744790111266\",\"id\":1823,\"beforeField\":\"\",\"afterField\":\"\",\"parentType\":\"textbox\",\"element_templates\":[\"textbox\",\"input\"],\"old_classname\":\"\",\"wrap_template\":\"wrap\"},{\"objectType\":\"Field\",\"objectDomain\":\"fields\",\"editActive\":false,\"order\":9,\"idAttribute\":\"id\",\"label\":\"Carta d'Identit\\u00e0 numero\",\"type\":\"textbox\",\"key\":\"carta_d_identita_numero_1744790147258\",\"label_pos\":\"above\",\"required\":1,\"default\":\"\",\"placeholder\":\"\",\"container_class\":\"\",\"element_class\":\"\",\"input_limit\":\"\",\"input_limit_type\":\"characters\",\"input_limit_msg\":\"Caratteri rimasti\",\"manual_key\":\"\",\"admin_label\":\"\",\"help_text\":\"\",\"mask\":\"\",\"custom_mask\":\"\",\"custom_name_attribute\":\"\",\"personally_identifiable\":\"\",\"value\":\"\",\"drawerDisabled\":\"\",\"field_label\":\"Carta d'Identit\\u00e0 numero\",\"field_key\":\"carta_d_identita_numero_1744790147258\",\"id\":1824,\"beforeField\":\"\",\"afterField\":\"\",\"parentType\":\"textbox\",\"element_templates\":[\"textbox\",\"input\"],\"old_classname\":\"\",\"wrap_template\":\"wrap\"},{\"objectType\":\"Field\",\"objectDomain\":\"fields\",\"editActive\":false,\"order\":10,\"idAttribute\":\"id\",\"label\":\"Rilasciata da\",\"type\":\"textbox\",\"key\":\"rilasciata_da_1744790158281\",\"label_pos\":\"above\",\"required\":1,\"default\":\"\",\"placeholder\":\"\",\"container_class\":\"\",\"element_class\":\"\",\"input_limit\":\"\",\"input_limit_type\":\"characters\",\"input_limit_msg\":\"Caratteri rimasti\",\"manual_key\":\"\",\"admin_label\":\"\",\"help_text\":\"\",\"mask\":\"\",\"custom_mask\":\"\",\"custom_name_attribute\":\"\",\"personally_identifiable\":\"\",\"value\":\"\",\"drawerDisabled\":\"\",\"field_label\":\"Rilasciata da\",\"field_key\":\"rilasciata_da_1744790158281\",\"id\":1825,\"beforeField\":\"\",\"afterField\":\"\",\"parentType\":\"textbox\",\"element_templates\":[\"textbox\",\"input\"],\"old_classname\":\"\",\"wrap_template\":\"wrap\"},{\"objectType\":\"Field\",\"objectDomain\":\"fields\",\"editActive\":false,\"order\":11,\"idAttribute\":\"id\",\"label\":\"Emessa il\",\"type\":\"textbox\",\"key\":\"emessa_il_1744796816999\",\"label_pos\":\"above\",\"required\":1,\"default\":\"\",\"placeholder\":\"\",\"container_class\":\"\",\"element_class\":\"\",\"input_limit\":\"\",\"input_limit_type\":\"characters\",\"input_limit_msg\":\"Caratteri rimasti\",\"manual_key\":\"\",\"admin_label\":\"\",\"help_text\":\"\",\"mask\":\"\",\"custom_mask\":\"\",\"custom_name_attribute\":\"\",\"personally_identifiable\":\"\",\"value\":\"\",\"drawerDisabled\":\"\",\"field_label\":\"Emessa il\",\"field_key\":\"emessa_il_1744796816999\",\"id\":1826,\"beforeField\":\"\",\"afterField\":\"\",\"parentType\":\"textbox\",\"element_templates\":[\"textbox\",\"input\"],\"old_classname\":\"\",\"wrap_template\":\"wrap\"},{\"objectType\":\"Field\",\"objectDomain\":\"fields\",\"editActive\":false,\"order\":12,\"idAttribute\":\"id\",\"label\":\"Scadenza\",\"type\":\"textbox\",\"key\":\"scadenza_1744790190265\",\"label_pos\":\"above\",\"required\":1,\"default\":\"\",\"placeholder\":\"\",\"container_class\":\"\",\"element_class\":\"\",\"input_limit\":\"\",\"input_limit_type\":\"characters\",\"input_limit_msg\":\"Caratteri rimasti\",\"manual_key\":\"\",\"admin_label\":\"\",\"help_text\":\"\",\"mask\":\"\",\"custom_mask\":\"\",\"custom_name_attribute\":\"\",\"personally_identifiable\":\"\",\"value\":\"\",\"drawerDisabled\":\"\",\"field_label\":\"Scadenza\",\"field_key\":\"scadenza_1744790190265\",\"id\":1831,\"beforeField\":\"\",\"afterField\":\"\",\"parentType\":\"textbox\",\"element_templates\":[\"textbox\",\"input\"],\"old_classname\":\"\",\"wrap_template\":\"wrap\"},{\"objectType\":\"Field\",\"objectDomain\":\"fields\",\"editActive\":false,\"order\":13,\"idAttribute\":\"id\",\"label\":\"Residente in Via-Piazza\",\"type\":\"textbox\",\"key\":\"residente_in_via-piazza_1744790210312\",\"label_pos\":\"above\",\"required\":1,\"default\":\"\",\"placeholder\":\"\",\"container_class\":\"\",\"element_class\":\"\",\"input_limit\":\"\",\"input_limit_type\":\"characters\",\"input_limit_msg\":\"Caratteri rimasti\",\"manual_key\":\"\",\"admin_label\":\"\",\"help_text\":\"\",\"mask\":\"\",\"custom_mask\":\"\",\"custom_name_attribute\":\"\",\"personally_identifiable\":\"\",\"value\":\"\",\"drawerDisabled\":\"\",\"field_label\":\"Residente in Via-Piazza\",\"field_key\":\"residente_in_via-piazza_1744790210312\",\"id\":1832,\"beforeField\":\"\",\"afterField\":\"\",\"parentType\":\"textbox\",\"element_templates\":[\"textbox\",\"input\"],\"old_classname\":\"\",\"wrap_template\":\"wrap\"},{\"objectType\":\"Field\",\"objectDomain\":\"fields\",\"editActive\":false,\"order\":14,\"idAttribute\":\"id\",\"label\":\"Numero civico\",\"type\":\"textbox\",\"key\":\"numero_civico_1744790218528\",\"label_pos\":\"above\",\"required\":1,\"default\":\"\",\"placeholder\":\"\",\"container_class\":\"\",\"element_class\":\"\",\"input_limit\":\"\",\"input_limit_type\":\"characters\",\"input_limit_msg\":\"Caratteri rimasti\",\"manual_key\":\"\",\"admin_label\":\"\",\"help_text\":\"\",\"mask\":\"\",\"custom_mask\":\"\",\"custom_name_attribute\":\"\",\"personally_identifiable\":\"\",\"value\":\"\",\"drawerDisabled\":\"\",\"field_label\":\"Numero civico\",\"field_key\":\"numero_civico_1744790218528\",\"id\":1833,\"beforeField\":\"\",\"afterField\":\"\",\"parentType\":\"textbox\",\"element_templates\":[\"textbox\",\"input\"],\"old_classname\":\"\",\"wrap_template\":\"wrap\"},{\"objectType\":\"Field\",\"objectDomain\":\"fields\",\"editActive\":false,\"order\":15,\"idAttribute\":\"id\",\"label\":\"Citt\\u00e0\\\/Paese\",\"type\":\"city\",\"key\":\"citta_paese_1634195816543\",\"label_pos\":\"above\",\"required\":1,\"default\":\"\",\"placeholder\":\"\",\"container_class\":\"\",\"element_class\":\"\",\"input_limit\":\"\",\"input_limit_type\":\"characters\",\"input_limit_msg\":\"Caratteri rimasti\",\"manual_key\":\"\",\"admin_label\":\"\",\"help_text\":\"\",\"mask\":\"\",\"custom_mask\":\"\",\"custom_name_attribute\":\"city\",\"personally_identifiable\":\"\",\"value\":\"\",\"drawerDisabled\":\"\",\"field_label\":\"Citt\\u00e0\\\/Paese\",\"field_key\":\"citta_paese_1634195816543\",\"id\":1828,\"beforeField\":\"\",\"afterField\":\"\",\"parentType\":\"city\",\"element_templates\":[\"city\",\"textbox\",\"input\"],\"old_classname\":\"\",\"wrap_template\":\"wrap\"},{\"objectType\":\"Field\",\"objectDomain\":\"fields\",\"editActive\":false,\"order\":16,\"idAttribute\":\"id\",\"label\":\"Provincia\",\"type\":\"textbox\",\"key\":\"provincia_1744790354605\",\"label_pos\":\"above\",\"required\":1,\"default\":\"\",\"placeholder\":\"\",\"container_class\":\"\",\"element_class\":\"\",\"input_limit\":\"\",\"input_limit_type\":\"characters\",\"input_limit_msg\":\"Caratteri rimasti\",\"manual_key\":\"\",\"admin_label\":\"\",\"help_text\":\"\",\"mask\":\"\",\"custom_mask\":\"\",\"custom_name_attribute\":\"\",\"personally_identifiable\":\"\",\"value\":\"\",\"drawerDisabled\":\"\",\"field_label\":\"Provincia\",\"field_key\":\"provincia_1744790354605\",\"id\":1835,\"beforeField\":\"\",\"afterField\":\"\",\"parentType\":\"textbox\",\"element_templates\":[\"textbox\",\"input\"],\"old_classname\":\"\",\"wrap_template\":\"wrap\"},{\"objectType\":\"Field\",\"objectDomain\":\"fields\",\"editActive\":false,\"order\":17,\"idAttribute\":\"id\",\"label\":\"Codice di avviamento Postale\",\"type\":\"textbox\",\"key\":\"codice_di_avviamento_postale_1744790382033\",\"label_pos\":\"above\",\"required\":1,\"default\":\"\",\"placeholder\":\"\",\"container_class\":\"\",\"element_class\":\"\",\"input_limit\":\"\",\"input_limit_type\":\"characters\",\"input_limit_msg\":\"Caratteri rimasti\",\"manual_key\":\"\",\"admin_label\":\"\",\"help_text\":\"\",\"mask\":\"\",\"custom_mask\":\"\",\"custom_name_attribute\":\"\",\"personally_identifiable\":\"\",\"value\":\"\",\"drawerDisabled\":\"\",\"field_label\":\"Codice di avviamento Postale\",\"field_key\":\"codice_di_avviamento_postale_1744790382033\",\"id\":1836,\"beforeField\":\"\",\"afterField\":\"\",\"parentType\":\"textbox\",\"element_templates\":[\"textbox\",\"input\"],\"old_classname\":\"\",\"wrap_template\":\"wrap\"},{\"objectType\":\"Field\",\"objectDomain\":\"fields\",\"editActive\":false,\"order\":18,\"idAttribute\":\"id\",\"label\":\"Nome dell'eventuale accompagnatore (che deve comunque compilare l'iscrizione)\",\"type\":\"textbox\",\"key\":\"nome_dell_eventuale_accompagnatore_che_deve_comunque_compilare_l_iscrizione_1747039835267\",\"label_pos\":\"above\",\"required\":false,\"default\":\"\",\"placeholder\":\"\",\"container_class\":\"\",\"element_class\":\"\",\"input_limit\":\"\",\"input_limit_type\":\"characters\",\"input_limit_msg\":\"Caratteri rimasti\",\"manual_key\":false,\"admin_label\":\"\",\"help_text\":\"\",\"mask\":\"\",\"custom_mask\":\"\",\"custom_name_attribute\":\"\",\"personally_identifiable\":\"\",\"value\":\"\",\"drawerDisabled\":false,\"id\":1844,\"beforeField\":\"\",\"afterField\":\"\",\"parentType\":\"textbox\",\"element_templates\":[\"textbox\",\"input\"],\"old_classname\":\"\",\"wrap_template\":\"wrap\"},{\"objectType\":\"Field\",\"objectDomain\":\"fields\",\"editActive\":false,\"order\":19,\"idAttribute\":\"id\",\"label\":\"Eventuali problemi di salute e\\\/o esigenze alimentari\",\"type\":\"textarea\",\"key\":\"eventuali_problemi_di_salute_e_o_esigenze_alimentari_1744790497430\",\"label_pos\":\"above\",\"required\":\"\",\"default\":\"\",\"placeholder\":\"\",\"container_class\":\"\",\"element_class\":\"\",\"input_limit\":\"\",\"input_limit_type\":\"characters\",\"input_limit_msg\":\"Caratteri rimasti\",\"manual_key\":\"\",\"admin_label\":\"\",\"help_text\":\"\",\"textarea_rte\":\"\",\"disable_rte_mobile\":\"\",\"textarea_media\":\"\",\"value\":\"\",\"drawerDisabled\":\"\",\"field_label\":\"Eventuali problemi di salute e\\\/o esigenze alimentari\",\"field_key\":\"eventuali_problemi_di_salute_e_o_esigenze_alimentari_1744790497430\",\"id\":1829,\"beforeField\":\"\",\"afterField\":\"\",\"parentType\":\"textarea\",\"element_templates\":[\"textarea\",\"input\"],\"old_classname\":\"\",\"wrap_template\":\"wrap\"},{\"objectType\":\"Field\",\"objectDomain\":\"fields\",\"editActive\":false,\"order\":20,\"idAttribute\":\"id\",\"label\":\"Camera\",\"type\":\"listradio\",\"key\":\"camera_1747039795163\",\"label_pos\":\"above\",\"required\":1,\"container_class\":\"\",\"element_class\":\"\",\"admin_label\":\"\",\"help_text\":\"\",\"drawerDisabled\":false,\"options\":[{\"errors\":[],\"max_options\":0,\"label\":\"camera singola (disponibili solo poche)\",\"value\":\"camera_singola\",\"calc\":\"\",\"selected\":0,\"order\":0,\"settingModel\":{\"settings\":false,\"hide_merge_tags\":false,\"error\":false,\"name\":\"options\",\"type\":\"option-repeater\",\"label\":\"Options <a href=\\\"#\\\" class=\\\"nf-add-new\\\">Aggiungi nuovo<\\\/a> <a href=\\\"#\\\" class=\\\"extra nf-open-import-tooltip\\\"><i class=\\\"fa fa-sign-in\\\" aria-hidden=\\\"true\\\"><\\\/i> Importa<\\\/a>\",\"width\":\"full\",\"group\":\"\",\"value\":[{\"label\":\"Uno\",\"value\":\"uno\",\"calc\":\"\",\"selected\":0,\"order\":0},{\"label\":\"Due\",\"value\":\"due\",\"calc\":\"\",\"selected\":0,\"order\":1},{\"label\":\"Tre\",\"value\":\"tre\",\"calc\":\"\",\"selected\":0,\"order\":2}],\"columns\":{\"label\":{\"header\":\"Etichetta\",\"default\":\"\"},\"value\":{\"header\":\"Valore\",\"default\":\"\"},\"calc\":{\"header\":\"Calcolo\",\"default\":\"\"},\"selected\":{\"header\":\"<span class=\\\"dashicons dashicons-yes\\\"><\\\/span>\",\"default\":0}}},\"manual_value\":true},{\"errors\":[],\"max_options\":0,\"order\":2,\"new\":false,\"options\":[],\"label\":\"camera doppia\",\"value\":\"camera_doppia\",\"calc\":\"\",\"selected\":0,\"settingModel\":{\"settings\":false,\"hide_merge_tags\":false,\"error\":false,\"name\":\"options\",\"type\":\"option-repeater\",\"label\":\"Options <a href=\\\"#\\\" class=\\\"nf-add-new\\\">Aggiungi nuovo<\\\/a> <a href=\\\"#\\\" class=\\\"extra nf-open-import-tooltip\\\"><i class=\\\"fa fa-sign-in\\\" aria-hidden=\\\"true\\\"><\\\/i> Importa<\\\/a>\",\"width\":\"full\",\"group\":\"\",\"value\":[{\"label\":\"Uno\",\"value\":\"uno\",\"calc\":\"\",\"selected\":0,\"order\":0},{\"label\":\"Due\",\"value\":\"due\",\"calc\":\"\",\"selected\":0,\"order\":1},{\"label\":\"Tre\",\"value\":\"tre\",\"calc\":\"\",\"selected\":0,\"order\":2}],\"columns\":{\"label\":{\"header\":\"Etichetta\",\"default\":\"\"},\"value\":{\"header\":\"Valore\",\"default\":\"\"},\"calc\":{\"header\":\"Calcolo\",\"default\":\"\"},\"selected\":{\"header\":\"<span class=\\\"dashicons dashicons-yes\\\"><\\\/span>\",\"default\":0}}},\"manual_value\":true},{\"errors\":[],\"max_options\":0,\"order\":2,\"new\":false,\"options\":[],\"label\":\"camera tripla\",\"value\":\"camera_tripla\",\"calc\":\"\",\"selected\":0,\"settingModel\":{\"settings\":false,\"hide_merge_tags\":false,\"error\":false,\"name\":\"options\",\"type\":\"option-repeater\",\"label\":\"Options <a href=\\\"#\\\" class=\\\"nf-add-new\\\">Aggiungi nuovo<\\\/a> <a href=\\\"#\\\" class=\\\"extra nf-open-import-tooltip\\\"><i class=\\\"fa fa-sign-in\\\" aria-hidden=\\\"true\\\"><\\\/i> Importa<\\\/a>\",\"width\":\"full\",\"group\":\"\",\"value\":[{\"label\":\"Uno\",\"value\":\"uno\",\"calc\":\"\",\"selected\":0,\"order\":0},{\"label\":\"Due\",\"value\":\"due\",\"calc\":\"\",\"selected\":0,\"order\":1},{\"label\":\"Tre\",\"value\":\"tre\",\"calc\":\"\",\"selected\":0,\"order\":2}],\"columns\":{\"label\":{\"header\":\"Etichetta\",\"default\":\"\"},\"value\":{\"header\":\"Valore\",\"default\":\"\"},\"calc\":{\"header\":\"Calcolo\",\"default\":\"\"},\"selected\":{\"header\":\"<span class=\\\"dashicons dashicons-yes\\\"><\\\/span>\",\"default\":0}}},\"manual_value\":true}],\"field_label\":\"Camera (non \\u00e8 garantita l'accoglienza della scelta)\",\"field_key\":\"camera_non_e_garantita_l_accoglienza_della_scelta_1744809252092\",\"id\":1842,\"beforeField\":\"\",\"afterField\":\"\",\"value\":\"\",\"parentType\":\"list\",\"element_templates\":[\"listradio\",\"input\"],\"old_classname\":\"list-radio\",\"wrap_template\":\"wrap\"},{\"objectType\":\"Field\",\"objectDomain\":\"fields\",\"editActive\":false,\"order\":21,\"idAttribute\":\"id\",\"label\":\"Eventuale nominativo del\\\/la compagno\\\/a con cui condividere la camera\",\"type\":\"textbox\",\"key\":\"eventuale_nominativo_del_la_compagno_a_con_cui_condividere_la_camera_1747041824677\",\"label_pos\":\"above\",\"required\":\"\",\"default\":\"\",\"placeholder\":\"\",\"container_class\":\"\",\"element_class\":\"\",\"input_limit\":\"\",\"input_limit_type\":\"characters\",\"input_limit_msg\":\"Caratteri rimasti\",\"manual_key\":\"\",\"admin_label\":\"\",\"help_text\":\"\",\"mask\":\"\",\"custom_mask\":\"\",\"custom_name_attribute\":\"\",\"personally_identifiable\":\"\",\"value\":\"\",\"drawerDisabled\":false,\"field_label\":\"Eventuale nominativo del\\\/dei compagno\\\/i con cui condividere la camera\",\"field_key\":\"eventuale_nominativo_del_dei_compagno_i_con_cui_condividere_la_camera_1744801511958\",\"id\":1837,\"beforeField\":\"\",\"afterField\":\"\",\"parentType\":\"textbox\",\"element_templates\":[\"textbox\",\"input\"],\"old_classname\":\"\",\"wrap_template\":\"wrap\"},{\"objectType\":\"Field\",\"objectDomain\":\"fields\",\"editActive\":false,\"order\":22,\"idAttribute\":\"id\",\"label\":\"Richiesta polizza annullamento pari al 4,5% della quota\",\"type\":\"listradio\",\"key\":\"richiesta_polizza_annullamento_pari_al_4_5_della_quota_1744875306071\",\"label_pos\":\"above\",\"required\":1,\"options\":[{\"errors\":[],\"max_options\":0,\"label\":\"Si\",\"value\":\"si\",\"calc\":\"\",\"selected\":0,\"order\":0,\"settingModel\":{\"settings\":false,\"hide_merge_tags\":false,\"error\":false,\"name\":\"options\",\"type\":\"option-repeater\",\"label\":\"Options <a href=\\\"#\\\" class=\\\"nf-add-new\\\">Aggiungi nuovo<\\\/a> <a href=\\\"#\\\" class=\\\"extra nf-open-import-tooltip\\\"><i class=\\\"fa fa-sign-in\\\" aria-hidden=\\\"true\\\"><\\\/i> Importa<\\\/a>\",\"width\":\"full\",\"group\":\"\",\"value\":[{\"label\":\"Uno\",\"value\":\"uno\",\"calc\":\"\",\"selected\":0,\"order\":0},{\"label\":\"Due\",\"value\":\"due\",\"calc\":\"\",\"selected\":0,\"order\":1},{\"label\":\"Tre\",\"value\":\"tre\",\"calc\":\"\",\"selected\":0,\"order\":2}],\"columns\":{\"label\":{\"header\":\"Etichetta\",\"default\":\"\"},\"value\":{\"header\":\"Valore\",\"default\":\"\"},\"calc\":{\"header\":\"Calcolo\",\"default\":\"\"},\"selected\":{\"header\":\"<span class=\\\"dashicons dashicons-yes\\\"><\\\/span>\",\"default\":0}}},\"manual_value\":true},{\"errors\":[],\"max_options\":0,\"label\":\"No\",\"value\":\"no\",\"calc\":\"\",\"selected\":0,\"order\":1,\"settingModel\":{\"settings\":false,\"hide_merge_tags\":false,\"error\":false,\"name\":\"options\",\"type\":\"option-repeater\",\"label\":\"Options <a href=\\\"#\\\" class=\\\"nf-add-new\\\">Aggiungi nuovo<\\\/a> <a href=\\\"#\\\" class=\\\"extra nf-open-import-tooltip\\\"><i class=\\\"fa fa-sign-in\\\" aria-hidden=\\\"true\\\"><\\\/i> Importa<\\\/a>\",\"width\":\"full\",\"group\":\"\",\"value\":[{\"label\":\"Uno\",\"value\":\"uno\",\"calc\":\"\",\"selected\":0,\"order\":0},{\"label\":\"Due\",\"value\":\"due\",\"calc\":\"\",\"selected\":0,\"order\":1},{\"label\":\"Tre\",\"value\":\"tre\",\"calc\":\"\",\"selected\":0,\"order\":2}],\"columns\":{\"label\":{\"header\":\"Etichetta\",\"default\":\"\"},\"value\":{\"header\":\"Valore\",\"default\":\"\"},\"calc\":{\"header\":\"Calcolo\",\"default\":\"\"},\"selected\":{\"header\":\"<span class=\\\"dashicons dashicons-yes\\\"><\\\/span>\",\"default\":0}}},\"manual_value\":true}],\"container_class\":\"\",\"element_class\":\"\",\"admin_label\":\"\",\"help_text\":\"\",\"drawerDisabled\":\"\",\"field_label\":\"Richiesta polizza annullamento pari al 4,5% della quota\",\"field_key\":\"richiesta_polizza_annullamento_pari_al_4_5_della_quota_1744875306071\",\"id\":1838,\"beforeField\":\"\",\"afterField\":\"\",\"value\":\"\",\"parentType\":\"list\",\"element_templates\":[\"listradio\",\"input\"],\"old_classname\":\"list-radio\",\"wrap_template\":\"wrap\"},{\"objectType\":\"Field\",\"objectDomain\":\"fields\",\"editActive\":false,\"order\":23,\"idAttribute\":\"id\",\"label\":\"Allegare Carta d'identit\\u00e0 (fronte e retro)\",\"type\":\"file_upload\",\"key\":\"allegare_carta_d_identita_fronte_e_retro_1744796882042\",\"label_pos\":\"above\",\"required\":1,\"container_class\":\"\",\"element_class\":\"\",\"manual_key\":\"\",\"help_text\":\"\",\"save_to_server\":0,\"upload_rename\":\"GiubileoIRC\\\/Cartaidentit\\u00e0-{field:cognome_1744789759359}-{field:nome_1744789781615}\",\"media_library\":\"false\",\"upload_multi_count\":2,\"upload_types\":\"\",\"max_file_size\":52428800,\"min_file_size\":0,\"select_files_text\":\"SCEGLI IL FILE\",\"cancel_upload_text\":\"Cancel\",\"drawerDisabled\":false,\"field_label\":\"Allegare Carta d'identit\\u00e0 (fronte e retro)\",\"field_key\":\"allegare_carta_d_identita_fronte_e_retro_1744796882042\",\"id\":1839,\"beforeField\":\"\",\"afterField\":\"\",\"value\":\"\",\"parentType\":\"textbox\",\"element_templates\":[\"file_upload\",\"input\"],\"old_classname\":\"\",\"wrap_template\":\"wrap\",\"max_chunk_size\":30198989,\"max_file_size_mb\":\"50\",\"min_file_size_mb\":0,\"uploadNonce\":\"2745907173\",\"uploadNonceExpiry\":1777846464},{\"objectType\":\"Field\",\"objectDomain\":\"fields\",\"editActive\":false,\"order\":24,\"idAttribute\":\"id\",\"label\":\"Allegare copia del Bonifico\",\"type\":\"file_upload\",\"key\":\"allegare_copia_del_bonifico_1744794000875\",\"label_pos\":\"above\",\"required\":1,\"container_class\":\"\",\"element_class\":\"\",\"manual_key\":\"\",\"help_text\":\"\",\"save_to_server\":0,\"upload_rename\":\"GiubileoIRC\\\/bonifico-{field:cognome_1744789759359}-{field:nome_1744789781615}\",\"media_library\":\"false\",\"upload_multi_count\":2,\"upload_types\":\"\",\"max_file_size\":52428800,\"min_file_size\":0,\"select_files_text\":\"SCEGLI IL FILE\",\"cancel_upload_text\":\"Cancel\",\"drawerDisabled\":false,\"field_label\":\"Allegare copia del Bonifico\",\"field_key\":\"allegare_copia_del_bonifico_1744794000875\",\"id\":1840,\"beforeField\":\"\",\"afterField\":\"\",\"value\":\"\",\"parentType\":\"textbox\",\"element_templates\":[\"file_upload\",\"input\"],\"old_classname\":\"\",\"wrap_template\":\"wrap\",\"max_chunk_size\":30198989,\"max_file_size_mb\":\"50\",\"min_file_size_mb\":0,\"uploadNonce\":\"a4adf4b8b8\",\"uploadNonceExpiry\":1777846464},{\"objectType\":\"Field\",\"objectDomain\":\"fields\",\"editActive\":false,\"order\":25,\"idAttribute\":\"id\",\"label\":\"Informativa trattamento privacy\",\"type\":\"html\",\"default\":\"<p><a href=\\\"https:\\\/\\\/www.diocesitn.it\\\/wp-content\\\/uploads\\\/2024\\\/10\\\/Scheda-iscrizione-002.pdf\\\">Informativa trattamento privacy<\\\/a><\\\/p>\",\"container_class\":\"\",\"element_class\":\"\",\"key\":\"informativa_trattamento_privacy_1744801281414\",\"drawerDisabled\":\"\",\"field_label\":\"Informativa trattamento privacy\",\"field_key\":\"informativa_trattamento_privacy_1744801281414\",\"id\":1841,\"beforeField\":\"\",\"afterField\":\"\",\"value\":\"<p><a href=\\\"https:\\\/\\\/www.diocesitn.it\\\/wp-content\\\/uploads\\\/2024\\\/10\\\/Scheda-iscrizione-002.pdf\\\">Informativa trattamento privacy<\\\/a><\\\/p>\",\"label_pos\":\"above\",\"parentType\":\"html\",\"element_templates\":[\"html\",\"input\"],\"old_classname\":\"\",\"wrap_template\":\"wrap\"},{\"objectType\":\"Field\",\"objectDomain\":\"fields\",\"editActive\":false,\"order\":26,\"idAttribute\":\"id\",\"label\":\"Dichiaro di aver preso visione dell'informativa del trattamento dei miei dati personali\",\"type\":\"checkbox\",\"key\":\"checkbox_1633948192311\",\"label_pos\":\"right\",\"required\":1,\"container_class\":\"\",\"element_class\":\"\",\"manual_key\":1,\"admin_label\":\"\",\"help_text\":\"\",\"default_value\":\"unchecked\",\"checked_value\":\"Selezionato\",\"unchecked_value\":\"Deselezionato\",\"checked_calc_value\":\"\",\"unchecked_calc_value\":\"\",\"drawerDisabled\":\"\",\"field_label\":\"Dichiaro di aver preso visione dell'informativa del trattamento dei miei dati personali\",\"field_key\":\"checkbox_1633948192311\",\"saved\":\"\",\"nicename\":\"Autorizzo il trattamento dei miei dati personali nel rispetto della normativa sulla privacy\",\"id\":1827,\"beforeField\":\"\",\"afterField\":\"\",\"value\":\"\",\"parentType\":\"checkbox\",\"element_templates\":[\"checkbox\",\"input\"],\"old_classname\":\"\",\"wrap_template\":\"wrap\"},{\"objectType\":\"Field\",\"objectDomain\":\"fields\",\"editActive\":false,\"order\":27,\"idAttribute\":\"id\",\"label\":\"Invia\",\"type\":\"submit\",\"processing_label\":\"Trattamento\",\"container_class\":\"\",\"element_class\":\"\",\"key\":\"submit_1633945917826\",\"field_label\":\"Invia\",\"field_key\":\"submit_1633945917826\",\"id\":1820,\"beforeField\":\"\",\"afterField\":\"\",\"value\":\"\",\"label_pos\":\"above\",\"parentType\":\"textbox\",\"element_templates\":[\"submit\",\"button\",\"input\"],\"old_classname\":\"\",\"wrap_template\":\"wrap-no-label\"}];nfForms.push(form);<\/script>\n        \n<p>&nbsp;<\/p>\n","protected":false},"excerpt":{"rendered":"<p>Giubileo degli insegnanti\u00a0a Roma da venerd\u00ec 4 a domenica 6 luglio 2025. PROGRAMMA Venerd\u00ec 4 luglio: Partenza per Roma. Sosta lungo il percorso per pranzo libero. Arrivo a Roma e visita dell&#8217;Abbazia delle Tre Fontane<\/p>\n","protected":false},"author":179,"featured_media":25442,"comment_status":"closed","ping_status":"closed","sticky":false,"template":"","format":"standard","meta":{"footnotes":""},"categories":[702,608],"tags":[],"class_list":["post-25441","post","type-post","status-publish","format-standard","has-post-thumbnail","hentry","category-servizio-scuola","category-notizie"],"acf":{"seed-localization-paese-cod":"IT","seed-localization-address":"","seed-localization-citta":"Trento","seed-localization-regione-cod-istat":"04","seed-localization-citta-cod-istat":"022205","seed-localization-localita":"","seed-localization-cap":"","seed-localization-marker-visibility":false,"seed-localization-children-visibility":false,"seed-localization-kml":"","seed-localization-custom-marker":""},"yoast_head":"<!-- This site is optimized with the Yoast SEO Premium plugin v20.2.1 (Yoast SEO v22.2) - https:\/\/yoast.com\/wordpress\/plugins\/seo\/ -->\n<title>Giubileo degli Insegnanti dal 4 al 6 luglio<\/title>\n<meta name=\"description\" content=\"Giubileo degli insegnanti\u00a0a Roma da venerd\u00ec 4 a domenica 6 luglio 2025. Iscrizioni e programma dettagliato nell&#039;articolo.\" \/>\n<meta name=\"robots\" content=\"index, follow, max-snippet:-1, max-image-preview:large, max-video-preview:-1\" \/>\n<link rel=\"canonical\" href=\"https:\/\/www.diocesitn.it\/area-annuncio\/2025\/05\/06\/giubileo-degli-insegnanti-dal-4-al-6-luglio\/\" \/>\n<meta property=\"og:locale\" content=\"it_IT\" \/>\n<meta property=\"og:type\" content=\"article\" \/>\n<meta property=\"og:title\" content=\"Giubileo degli Insegnanti dal 4 al 6 luglio a Roma\" \/>\n<meta property=\"og:description\" content=\"Giubileo degli insegnanti\u00a0a Roma da venerd\u00ec 4 a domenica 6 luglio 2025. Iscrizioni e programma dettagliato nell&#039;articolo.\" \/>\n<meta property=\"og:url\" content=\"https:\/\/www.diocesitn.it\/area-annuncio\/2025\/05\/06\/giubileo-degli-insegnanti-dal-4-al-6-luglio\/\" \/>\n<meta property=\"og:site_name\" content=\"Annuncio e Sacramenti\" \/>\n<meta property=\"article:publisher\" content=\"https:\/\/www.facebook.com\/pastoralegiovanile.trento\/\" \/>\n<meta property=\"article:published_time\" content=\"2025-05-06T10:21:51+00:00\" \/>\n<meta property=\"article:modified_time\" content=\"2025-06-05T09:46:53+00:00\" \/>\n<meta property=\"og:image\" content=\"https:\/\/www.diocesitn.it\/area-annuncio\/wp-content\/uploads\/sites\/39\/2025\/05\/WhatsApp-Image-2025-05-06-at-11.50.08.jpeg\" \/>\n\t<meta property=\"og:image:width\" content=\"1600\" \/>\n\t<meta property=\"og:image:height\" content=\"900\" \/>\n\t<meta property=\"og:image:type\" content=\"image\/jpeg\" \/>\n<meta name=\"author\" content=\"lsegnana\" \/>\n<meta name=\"twitter:card\" content=\"summary_large_image\" \/>\n<meta name=\"twitter:label1\" content=\"Scritto da\" \/>\n\t<meta name=\"twitter:data1\" content=\"lsegnana\" \/>\n\t<meta name=\"twitter:label2\" content=\"Tempo di lettura stimato\" \/>\n\t<meta name=\"twitter:data2\" content=\"1 minuto\" \/>\n<script type=\"application\/ld+json\" class=\"yoast-schema-graph\">{\"@context\":\"https:\/\/schema.org\",\"@graph\":[{\"@type\":\"Article\",\"@id\":\"https:\/\/www.diocesitn.it\/area-annuncio\/2025\/05\/06\/giubileo-degli-insegnanti-dal-4-al-6-luglio\/#article\",\"isPartOf\":{\"@id\":\"https:\/\/www.diocesitn.it\/area-annuncio\/2025\/05\/06\/giubileo-degli-insegnanti-dal-4-al-6-luglio\/\"},\"author\":{\"name\":\"lsegnana\",\"@id\":\"https:\/\/www.diocesitn.it\/area-annuncio\/#\/schema\/person\/47b3e5ac123af8c05031d0a2fae5dcde\"},\"headline\":\"Giubileo degli Insegnanti dal 4 al 6 luglio a Roma\",\"datePublished\":\"2025-05-06T10:21:51+00:00\",\"dateModified\":\"2025-06-05T09:46:53+00:00\",\"mainEntityOfPage\":{\"@id\":\"https:\/\/www.diocesitn.it\/area-annuncio\/2025\/05\/06\/giubileo-degli-insegnanti-dal-4-al-6-luglio\/\"},\"wordCount\":287,\"publisher\":{\"@id\":\"https:\/\/www.diocesitn.it\/area-annuncio\/#organization\"},\"image\":{\"@id\":\"https:\/\/www.diocesitn.it\/area-annuncio\/2025\/05\/06\/giubileo-degli-insegnanti-dal-4-al-6-luglio\/#primaryimage\"},\"thumbnailUrl\":\"https:\/\/www.diocesitn.it\/area-annuncio\/wp-content\/uploads\/sites\/39\/2025\/05\/WhatsApp-Image-2025-05-06-at-11.50.08.jpeg\",\"articleSection\":[\"IRC\",\"Notizie\"],\"inLanguage\":\"it-IT\",\"copyrightYear\":\"2025\",\"copyrightHolder\":{\"@id\":\"https:\/\/www.diocesitn.it\/#organization\"}},{\"@type\":\"WebPage\",\"@id\":\"https:\/\/www.diocesitn.it\/area-annuncio\/2025\/05\/06\/giubileo-degli-insegnanti-dal-4-al-6-luglio\/\",\"url\":\"https:\/\/www.diocesitn.it\/area-annuncio\/2025\/05\/06\/giubileo-degli-insegnanti-dal-4-al-6-luglio\/\",\"name\":\"Giubileo degli Insegnanti dal 4 al 6 luglio\",\"isPartOf\":{\"@id\":\"https:\/\/www.diocesitn.it\/area-annuncio\/#website\"},\"primaryImageOfPage\":{\"@id\":\"https:\/\/www.diocesitn.it\/area-annuncio\/2025\/05\/06\/giubileo-degli-insegnanti-dal-4-al-6-luglio\/#primaryimage\"},\"image\":{\"@id\":\"https:\/\/www.diocesitn.it\/area-annuncio\/2025\/05\/06\/giubileo-degli-insegnanti-dal-4-al-6-luglio\/#primaryimage\"},\"thumbnailUrl\":\"https:\/\/www.diocesitn.it\/area-annuncio\/wp-content\/uploads\/sites\/39\/2025\/05\/WhatsApp-Image-2025-05-06-at-11.50.08.jpeg\",\"datePublished\":\"2025-05-06T10:21:51+00:00\",\"dateModified\":\"2025-06-05T09:46:53+00:00\",\"description\":\"Giubileo degli insegnanti\u00a0a Roma da venerd\u00ec 4 a domenica 6 luglio 2025. Iscrizioni e programma dettagliato nell'articolo.\",\"breadcrumb\":{\"@id\":\"https:\/\/www.diocesitn.it\/area-annuncio\/2025\/05\/06\/giubileo-degli-insegnanti-dal-4-al-6-luglio\/#breadcrumb\"},\"inLanguage\":\"it-IT\",\"potentialAction\":[{\"@type\":\"ReadAction\",\"target\":[\"https:\/\/www.diocesitn.it\/area-annuncio\/2025\/05\/06\/giubileo-degli-insegnanti-dal-4-al-6-luglio\/\"]}]},{\"@type\":\"ImageObject\",\"inLanguage\":\"it-IT\",\"@id\":\"https:\/\/www.diocesitn.it\/area-annuncio\/2025\/05\/06\/giubileo-degli-insegnanti-dal-4-al-6-luglio\/#primaryimage\",\"url\":\"https:\/\/www.diocesitn.it\/area-annuncio\/wp-content\/uploads\/sites\/39\/2025\/05\/WhatsApp-Image-2025-05-06-at-11.50.08.jpeg\",\"contentUrl\":\"https:\/\/www.diocesitn.it\/area-annuncio\/wp-content\/uploads\/sites\/39\/2025\/05\/WhatsApp-Image-2025-05-06-at-11.50.08.jpeg\",\"width\":1600,\"height\":900,\"caption\":\"giubileo insegnanti\"},{\"@type\":\"BreadcrumbList\",\"@id\":\"https:\/\/www.diocesitn.it\/area-annuncio\/2025\/05\/06\/giubileo-degli-insegnanti-dal-4-al-6-luglio\/#breadcrumb\",\"itemListElement\":[{\"@type\":\"ListItem\",\"position\":1,\"name\":\"Home\",\"item\":\"https:\/\/www.diocesitn.it\/area-annuncio\/\"},{\"@type\":\"ListItem\",\"position\":2,\"name\":\"Giubileo degli Insegnanti dal 4 al 6 luglio a Roma\"}]},{\"@type\":\"WebSite\",\"@id\":\"https:\/\/www.diocesitn.it\/area-annuncio\/#website\",\"url\":\"https:\/\/www.diocesitn.it\/area-annuncio\/\",\"name\":\"Annuncio e Sacramenti\",\"description\":\"Chiesa di Trento\",\"publisher\":{\"@id\":\"https:\/\/www.diocesitn.it\/area-annuncio\/#organization\"},\"potentialAction\":[{\"@type\":\"SearchAction\",\"target\":{\"@type\":\"EntryPoint\",\"urlTemplate\":\"https:\/\/www.diocesitn.it\/area-annuncio\/?s={search_term_string}\"},\"query-input\":\"required name=search_term_string\"}],\"inLanguage\":\"it-IT\"},{\"@type\":[\"Organization\",\"Place\"],\"@id\":\"https:\/\/www.diocesitn.it\/area-annuncio\/#organization\",\"name\":\"Area Annuncio e Sacramenti - Chiesa di Trento\",\"url\":\"https:\/\/www.diocesitn.it\/area-annuncio\/\",\"logo\":{\"@id\":\"https:\/\/www.diocesitn.it\/area-annuncio\/2025\/05\/06\/giubileo-degli-insegnanti-dal-4-al-6-luglio\/#local-main-organization-logo\"},\"image\":{\"@id\":\"https:\/\/www.diocesitn.it\/area-annuncio\/2025\/05\/06\/giubileo-degli-insegnanti-dal-4-al-6-luglio\/#local-main-organization-logo\"},\"sameAs\":[\"https:\/\/www.facebook.com\/pastoralegiovanile.trento\/\",\"https:\/\/www.instagram.com\/pastoralegiovaniletrento\/\",\"https:\/\/www.youtube.com\/channel\/UCGt7hyJaIQIkrQPos4K6L6w\"],\"openingHoursSpecification\":[{\"@type\":\"OpeningHoursSpecification\",\"dayOfWeek\":[\"Monday\",\"Tuesday\",\"Wednesday\",\"Thursday\",\"Friday\",\"Saturday\",\"Sunday\"],\"opens\":\"09:00\",\"closes\":\"17:00\"}]},{\"@type\":\"ImageObject\",\"inLanguage\":\"it-IT\",\"@id\":\"https:\/\/www.diocesitn.it\/area-annuncio\/2025\/05\/06\/giubileo-degli-insegnanti-dal-4-al-6-luglio\/#local-main-organization-logo\",\"url\":\"https:\/\/www.diocesitn.it\/area-annuncio\/wp-content\/uploads\/sites\/39\/2021\/09\/og-logo-annuncio-e-sacramenti.jpg\",\"contentUrl\":\"https:\/\/www.diocesitn.it\/area-annuncio\/wp-content\/uploads\/sites\/39\/2021\/09\/og-logo-annuncio-e-sacramenti.jpg\",\"width\":1200,\"height\":630,\"caption\":\"Area Annuncio e Sacramenti - Chiesa di Trento\"}]}<\/script>\n<!-- \/ Yoast SEO Premium plugin. -->","yoast_head_json":{"title":"Giubileo degli Insegnanti dal 4 al 6 luglio","description":"Giubileo degli insegnanti\u00a0a Roma da venerd\u00ec 4 a domenica 6 luglio 2025. Iscrizioni e programma dettagliato nell'articolo.","robots":{"index":"index","follow":"follow","max-snippet":"max-snippet:-1","max-image-preview":"max-image-preview:large","max-video-preview":"max-video-preview:-1"},"canonical":"https:\/\/www.diocesitn.it\/area-annuncio\/2025\/05\/06\/giubileo-degli-insegnanti-dal-4-al-6-luglio\/","og_locale":"it_IT","og_type":"article","og_title":"Giubileo degli Insegnanti dal 4 al 6 luglio a Roma","og_description":"Giubileo degli insegnanti\u00a0a Roma da venerd\u00ec 4 a domenica 6 luglio 2025. Iscrizioni e programma dettagliato nell'articolo.","og_url":"https:\/\/www.diocesitn.it\/area-annuncio\/2025\/05\/06\/giubileo-degli-insegnanti-dal-4-al-6-luglio\/","og_site_name":"Annuncio e Sacramenti","article_publisher":"https:\/\/www.facebook.com\/pastoralegiovanile.trento\/","article_published_time":"2025-05-06T10:21:51+00:00","article_modified_time":"2025-06-05T09:46:53+00:00","og_image":[{"width":1600,"height":900,"url":"https:\/\/www.diocesitn.it\/area-annuncio\/wp-content\/uploads\/sites\/39\/2025\/05\/WhatsApp-Image-2025-05-06-at-11.50.08.jpeg","type":"image\/jpeg"}],"author":"lsegnana","twitter_card":"summary_large_image","twitter_misc":{"Scritto da":"lsegnana","Tempo di lettura stimato":"1 minuto"},"schema":{"@context":"https:\/\/schema.org","@graph":[{"@type":"Article","@id":"https:\/\/www.diocesitn.it\/area-annuncio\/2025\/05\/06\/giubileo-degli-insegnanti-dal-4-al-6-luglio\/#article","isPartOf":{"@id":"https:\/\/www.diocesitn.it\/area-annuncio\/2025\/05\/06\/giubileo-degli-insegnanti-dal-4-al-6-luglio\/"},"author":{"name":"lsegnana","@id":"https:\/\/www.diocesitn.it\/area-annuncio\/#\/schema\/person\/47b3e5ac123af8c05031d0a2fae5dcde"},"headline":"Giubileo degli Insegnanti dal 4 al 6 luglio a Roma","datePublished":"2025-05-06T10:21:51+00:00","dateModified":"2025-06-05T09:46:53+00:00","mainEntityOfPage":{"@id":"https:\/\/www.diocesitn.it\/area-annuncio\/2025\/05\/06\/giubileo-degli-insegnanti-dal-4-al-6-luglio\/"},"wordCount":287,"publisher":{"@id":"https:\/\/www.diocesitn.it\/area-annuncio\/#organization"},"image":{"@id":"https:\/\/www.diocesitn.it\/area-annuncio\/2025\/05\/06\/giubileo-degli-insegnanti-dal-4-al-6-luglio\/#primaryimage"},"thumbnailUrl":"https:\/\/www.diocesitn.it\/area-annuncio\/wp-content\/uploads\/sites\/39\/2025\/05\/WhatsApp-Image-2025-05-06-at-11.50.08.jpeg","articleSection":["IRC","Notizie"],"inLanguage":"it-IT","copyrightYear":"2025","copyrightHolder":{"@id":"https:\/\/www.diocesitn.it\/#organization"}},{"@type":"WebPage","@id":"https:\/\/www.diocesitn.it\/area-annuncio\/2025\/05\/06\/giubileo-degli-insegnanti-dal-4-al-6-luglio\/","url":"https:\/\/www.diocesitn.it\/area-annuncio\/2025\/05\/06\/giubileo-degli-insegnanti-dal-4-al-6-luglio\/","name":"Giubileo degli Insegnanti dal 4 al 6 luglio","isPartOf":{"@id":"https:\/\/www.diocesitn.it\/area-annuncio\/#website"},"primaryImageOfPage":{"@id":"https:\/\/www.diocesitn.it\/area-annuncio\/2025\/05\/06\/giubileo-degli-insegnanti-dal-4-al-6-luglio\/#primaryimage"},"image":{"@id":"https:\/\/www.diocesitn.it\/area-annuncio\/2025\/05\/06\/giubileo-degli-insegnanti-dal-4-al-6-luglio\/#primaryimage"},"thumbnailUrl":"https:\/\/www.diocesitn.it\/area-annuncio\/wp-content\/uploads\/sites\/39\/2025\/05\/WhatsApp-Image-2025-05-06-at-11.50.08.jpeg","datePublished":"2025-05-06T10:21:51+00:00","dateModified":"2025-06-05T09:46:53+00:00","description":"Giubileo degli insegnanti\u00a0a Roma da venerd\u00ec 4 a domenica 6 luglio 2025. Iscrizioni e programma dettagliato nell'articolo.","breadcrumb":{"@id":"https:\/\/www.diocesitn.it\/area-annuncio\/2025\/05\/06\/giubileo-degli-insegnanti-dal-4-al-6-luglio\/#breadcrumb"},"inLanguage":"it-IT","potentialAction":[{"@type":"ReadAction","target":["https:\/\/www.diocesitn.it\/area-annuncio\/2025\/05\/06\/giubileo-degli-insegnanti-dal-4-al-6-luglio\/"]}]},{"@type":"ImageObject","inLanguage":"it-IT","@id":"https:\/\/www.diocesitn.it\/area-annuncio\/2025\/05\/06\/giubileo-degli-insegnanti-dal-4-al-6-luglio\/#primaryimage","url":"https:\/\/www.diocesitn.it\/area-annuncio\/wp-content\/uploads\/sites\/39\/2025\/05\/WhatsApp-Image-2025-05-06-at-11.50.08.jpeg","contentUrl":"https:\/\/www.diocesitn.it\/area-annuncio\/wp-content\/uploads\/sites\/39\/2025\/05\/WhatsApp-Image-2025-05-06-at-11.50.08.jpeg","width":1600,"height":900,"caption":"giubileo insegnanti"},{"@type":"BreadcrumbList","@id":"https:\/\/www.diocesitn.it\/area-annuncio\/2025\/05\/06\/giubileo-degli-insegnanti-dal-4-al-6-luglio\/#breadcrumb","itemListElement":[{"@type":"ListItem","position":1,"name":"Home","item":"https:\/\/www.diocesitn.it\/area-annuncio\/"},{"@type":"ListItem","position":2,"name":"Giubileo degli Insegnanti dal 4 al 6 luglio a Roma"}]},{"@type":"WebSite","@id":"https:\/\/www.diocesitn.it\/area-annuncio\/#website","url":"https:\/\/www.diocesitn.it\/area-annuncio\/","name":"Annuncio e Sacramenti","description":"Chiesa di Trento","publisher":{"@id":"https:\/\/www.diocesitn.it\/area-annuncio\/#organization"},"potentialAction":[{"@type":"SearchAction","target":{"@type":"EntryPoint","urlTemplate":"https:\/\/www.diocesitn.it\/area-annuncio\/?s={search_term_string}"},"query-input":"required name=search_term_string"}],"inLanguage":"it-IT"},{"@type":["Organization","Place"],"@id":"https:\/\/www.diocesitn.it\/area-annuncio\/#organization","name":"Area Annuncio e Sacramenti - Chiesa di Trento","url":"https:\/\/www.diocesitn.it\/area-annuncio\/","logo":{"@id":"https:\/\/www.diocesitn.it\/area-annuncio\/2025\/05\/06\/giubileo-degli-insegnanti-dal-4-al-6-luglio\/#local-main-organization-logo"},"image":{"@id":"https:\/\/www.diocesitn.it\/area-annuncio\/2025\/05\/06\/giubileo-degli-insegnanti-dal-4-al-6-luglio\/#local-main-organization-logo"},"sameAs":["https:\/\/www.facebook.com\/pastoralegiovanile.trento\/","https:\/\/www.instagram.com\/pastoralegiovaniletrento\/","https:\/\/www.youtube.com\/channel\/UCGt7hyJaIQIkrQPos4K6L6w"],"openingHoursSpecification":[{"@type":"OpeningHoursSpecification","dayOfWeek":["Monday","Tuesday","Wednesday","Thursday","Friday","Saturday","Sunday"],"opens":"09:00","closes":"17:00"}]},{"@type":"ImageObject","inLanguage":"it-IT","@id":"https:\/\/www.diocesitn.it\/area-annuncio\/2025\/05\/06\/giubileo-degli-insegnanti-dal-4-al-6-luglio\/#local-main-organization-logo","url":"https:\/\/www.diocesitn.it\/area-annuncio\/wp-content\/uploads\/sites\/39\/2021\/09\/og-logo-annuncio-e-sacramenti.jpg","contentUrl":"https:\/\/www.diocesitn.it\/area-annuncio\/wp-content\/uploads\/sites\/39\/2021\/09\/og-logo-annuncio-e-sacramenti.jpg","width":1200,"height":630,"caption":"Area Annuncio e Sacramenti - Chiesa di Trento"}]}},"_links":{"self":[{"href":"https:\/\/www.diocesitn.it\/area-annuncio\/wp-json\/wp\/v2\/posts\/25441","targetHints":{"allow":["GET"]}}],"collection":[{"href":"https:\/\/www.diocesitn.it\/area-annuncio\/wp-json\/wp\/v2\/posts"}],"about":[{"href":"https:\/\/www.diocesitn.it\/area-annuncio\/wp-json\/wp\/v2\/types\/post"}],"author":[{"embeddable":true,"href":"https:\/\/www.diocesitn.it\/area-annuncio\/wp-json\/wp\/v2\/users\/179"}],"replies":[{"embeddable":true,"href":"https:\/\/www.diocesitn.it\/area-annuncio\/wp-json\/wp\/v2\/comments?post=25441"}],"version-history":[{"count":5,"href":"https:\/\/www.diocesitn.it\/area-annuncio\/wp-json\/wp\/v2\/posts\/25441\/revisions"}],"predecessor-version":[{"id":25716,"href":"https:\/\/www.diocesitn.it\/area-annuncio\/wp-json\/wp\/v2\/posts\/25441\/revisions\/25716"}],"wp:featuredmedia":[{"embeddable":true,"href":"https:\/\/www.diocesitn.it\/area-annuncio\/wp-json\/wp\/v2\/media\/25442"}],"wp:attachment":[{"href":"https:\/\/www.diocesitn.it\/area-annuncio\/wp-json\/wp\/v2\/media?parent=25441"}],"wp:term":[{"taxonomy":"category","embeddable":true,"href":"https:\/\/www.diocesitn.it\/area-annuncio\/wp-json\/wp\/v2\/categories?post=25441"},{"taxonomy":"post_tag","embeddable":true,"href":"https:\/\/www.diocesitn.it\/area-annuncio\/wp-json\/wp\/v2\/tags?post=25441"}],"curies":[{"name":"wp","href":"https:\/\/api.w.org\/{rel}","templated":true}]}}