{"id":24681,"date":"2025-02-05T11:17:28","date_gmt":"2025-02-05T10:17:28","guid":{"rendered":"https:\/\/www.diocesitn.it\/area-annuncio\/?p=24681"},"modified":"2025-02-25T12:32:06","modified_gmt":"2025-02-25T11:32:06","slug":"miserere-di-comunita-una-traccia-per-la-preghiera-comunitaria","status":"publish","type":"post","link":"https:\/\/www.diocesitn.it\/area-annuncio\/2025\/02\/05\/miserere-di-comunita-una-traccia-per-la-preghiera-comunitaria\/","title":{"rendered":"Miserere di comunit\u00e0: una traccia per la preghiera comunitaria"},"content":{"rendered":"<p>Alla comunit\u00e0 cristiana viene proposto un momento celebrativo portando la propria bellezza e la propria fragilit\u00e0 come un segno di speranza da vivere davanti al Crocifisso.<\/p>\n<p>Viene offerto <a href=\"https:\/\/www.diocesitn.it\/wp-content\/uploads\/2025\/02\/Miserere-di-comunita-Giubileo-2025.pdf\" target=\"_blank\" rel=\"noopener\"><strong>a questo link un sussidio per la preghiera comunitaria del \u201cMiserere<\/strong>\u201d<\/a>: si tratta di un\u2019occasione, in coincidenza con l\u2019iniziativa \u201c24 ore per il Signore\u201d il prossimo 28 marzo, per invitare ad una convocazione liturgica tutta incentrata sul tema giubilare della speranza, per riconoscerne i segni e darne concretezza. La proposta \u00e8 quella di vivere il gesto della riconciliazione confessando come comunit\u00e0 le mancanze e lodando per il bene come segno sincero e concreto della speranza.<\/p>\n<p>L\u2019articolazione nei tre momenti <strong>Confessio Laudis<\/strong> (ricordare gli elementi di lode), la <strong>Confessio Vitae<\/strong> (quali motivi di chiedere perdono) e la <strong>Confessio Fidei<\/strong> (rinnovare la fiducia in Dio), marcano la preghiera comunitaria per uno sguardo ampio sulla vita e sul rapporto della comunit\u00e0 con Dio e con i fratelli a partire dai focus individuati dall\u2019\u00e9quipe sinodale \u201cLo Spirito che \u00e8 in tutti\u201d, disponibile sul sito a questo <a href=\"https:\/\/www.diocesitn.it\/wp-content\/uploads\/2024\/10\/13_Miserere-di-comunita-Segni-dei-tempi-segni-di-speranza.pdf\" target=\"_blank\" rel=\"noopener\"><strong>link<\/strong><\/a>.<\/p>\n<p><strong>\u00a0<\/strong><\/p>\n<p>&nbsp;<\/p>\n","protected":false},"excerpt":{"rendered":"<p>Alla comunit\u00e0 cristiana viene proposto un momento celebrativo portando la propria bellezza e la propria fragilit\u00e0 come un segno di speranza da vivere davanti al Crocifisso. Viene offerto a questo link un sussidio per la<\/p>\n","protected":false},"author":31,"featured_media":15326,"comment_status":"closed","ping_status":"closed","sticky":false,"template":"","format":"standard","meta":{"footnotes":""},"categories":[763,608],"tags":[],"class_list":["post-24681","post","type-post","status-publish","format-standard","has-post-thumbnail","hentry","category-annuncio-e-sacramenti","category-notizie"],"acf":{"seed-localization-paese-cod":"IT","seed-localization-address":"","seed-localization-citta":"Trento","seed-localization-regione-cod-istat":"04","seed-localization-citta-cod-istat":"022205","seed-localization-localita":"","seed-localization-cap":"","seed-localization-marker-visibility":false,"seed-localization-children-visibility":false,"seed-localization-kml":"","seed-localization-custom-marker":""},"yoast_head":"<!-- This site is optimized with the Yoast SEO Premium plugin v20.2.1 (Yoast SEO v22.2) - https:\/\/yoast.com\/wordpress\/plugins\/seo\/ -->\n<title>Miserere di comunit\u00e0: una traccia per la preghiera comunitaria - Annuncio e Sacramenti - Chiesa di Trento<\/title>\n<meta name=\"robots\" content=\"index, follow, max-snippet:-1, max-image-preview:large, max-video-preview:-1\" \/>\n<link rel=\"canonical\" href=\"https:\/\/www.diocesitn.it\/area-annuncio\/2025\/02\/05\/miserere-di-comunita-una-traccia-per-la-preghiera-comunitaria\/\" \/>\n<meta property=\"og:locale\" content=\"it_IT\" \/>\n<meta property=\"og:type\" content=\"article\" \/>\n<meta property=\"og:title\" content=\"Miserere di comunit\u00e0: una traccia per la preghiera comunitaria\" \/>\n<meta property=\"og:description\" content=\"Alla comunit\u00e0 cristiana viene proposto un momento celebrativo portando la propria bellezza e la propria fragilit\u00e0 come un segno di speranza da vivere davanti al Crocifisso. Viene offerto a questo link un sussidio per la\" \/>\n<meta property=\"og:url\" content=\"https:\/\/www.diocesitn.it\/area-annuncio\/2025\/02\/05\/miserere-di-comunita-una-traccia-per-la-preghiera-comunitaria\/\" \/>\n<meta property=\"og:site_name\" content=\"Annuncio e Sacramenti\" \/>\n<meta property=\"article:publisher\" content=\"https:\/\/www.facebook.com\/pastoralegiovanile.trento\/\" \/>\n<meta property=\"article:published_time\" content=\"2025-02-05T10:17:28+00:00\" \/>\n<meta property=\"article:modified_time\" content=\"2025-02-25T11:32:06+00:00\" \/>\n<meta property=\"og:image\" content=\"https:\/\/www.diocesitn.it\/area-annuncio\/wp-content\/uploads\/sites\/39\/2022\/03\/croce-2-scaled.jpg\" \/>\n\t<meta property=\"og:image:width\" content=\"2560\" \/>\n\t<meta property=\"og:image:height\" content=\"1707\" \/>\n\t<meta property=\"og:image:type\" content=\"image\/jpeg\" \/>\n<meta name=\"author\" content=\"pdelama\" \/>\n<meta name=\"twitter:card\" content=\"summary_large_image\" \/>\n<meta name=\"twitter:label1\" content=\"Scritto da\" \/>\n\t<meta name=\"twitter:data1\" content=\"pdelama\" \/>\n\t<meta name=\"twitter:label2\" content=\"Tempo di lettura stimato\" \/>\n\t<meta name=\"twitter:data2\" content=\"1 minuto\" \/>\n<script type=\"application\/ld+json\" class=\"yoast-schema-graph\">{\"@context\":\"https:\/\/schema.org\",\"@graph\":[{\"@type\":\"Article\",\"@id\":\"https:\/\/www.diocesitn.it\/area-annuncio\/2025\/02\/05\/miserere-di-comunita-una-traccia-per-la-preghiera-comunitaria\/#article\",\"isPartOf\":{\"@id\":\"https:\/\/www.diocesitn.it\/area-annuncio\/2025\/02\/05\/miserere-di-comunita-una-traccia-per-la-preghiera-comunitaria\/\"},\"author\":{\"name\":\"pdelama\",\"@id\":\"https:\/\/www.diocesitn.it\/area-annuncio\/#\/schema\/person\/65154cb45813d674873791b3accc006b\"},\"headline\":\"Miserere di comunit\u00e0: una traccia per la preghiera comunitaria\",\"datePublished\":\"2025-02-05T10:17:28+00:00\",\"dateModified\":\"2025-02-25T11:32:06+00:00\",\"mainEntityOfPage\":{\"@id\":\"https:\/\/www.diocesitn.it\/area-annuncio\/2025\/02\/05\/miserere-di-comunita-una-traccia-per-la-preghiera-comunitaria\/\"},\"wordCount\":181,\"publisher\":{\"@id\":\"https:\/\/www.diocesitn.it\/area-annuncio\/#organization\"},\"image\":{\"@id\":\"https:\/\/www.diocesitn.it\/area-annuncio\/2025\/02\/05\/miserere-di-comunita-una-traccia-per-la-preghiera-comunitaria\/#primaryimage\"},\"thumbnailUrl\":\"https:\/\/www.diocesitn.it\/area-annuncio\/wp-content\/uploads\/sites\/39\/2022\/03\/croce-2-scaled.jpg\",\"articleSection\":[\"Annuncio e Sacramenti\",\"Notizie\"],\"inLanguage\":\"it-IT\",\"copyrightYear\":\"2025\",\"copyrightHolder\":{\"@id\":\"https:\/\/www.diocesitn.it\/#organization\"}},{\"@type\":\"WebPage\",\"@id\":\"https:\/\/www.diocesitn.it\/area-annuncio\/2025\/02\/05\/miserere-di-comunita-una-traccia-per-la-preghiera-comunitaria\/\",\"url\":\"https:\/\/www.diocesitn.it\/area-annuncio\/2025\/02\/05\/miserere-di-comunita-una-traccia-per-la-preghiera-comunitaria\/\",\"name\":\"Miserere di comunit\u00e0: una traccia per la preghiera comunitaria - Annuncio e Sacramenti - Chiesa di Trento\",\"isPartOf\":{\"@id\":\"https:\/\/www.diocesitn.it\/area-annuncio\/#website\"},\"primaryImageOfPage\":{\"@id\":\"https:\/\/www.diocesitn.it\/area-annuncio\/2025\/02\/05\/miserere-di-comunita-una-traccia-per-la-preghiera-comunitaria\/#primaryimage\"},\"image\":{\"@id\":\"https:\/\/www.diocesitn.it\/area-annuncio\/2025\/02\/05\/miserere-di-comunita-una-traccia-per-la-preghiera-comunitaria\/#primaryimage\"},\"thumbnailUrl\":\"https:\/\/www.diocesitn.it\/area-annuncio\/wp-content\/uploads\/sites\/39\/2022\/03\/croce-2-scaled.jpg\",\"datePublished\":\"2025-02-05T10:17:28+00:00\",\"dateModified\":\"2025-02-25T11:32:06+00:00\",\"breadcrumb\":{\"@id\":\"https:\/\/www.diocesitn.it\/area-annuncio\/2025\/02\/05\/miserere-di-comunita-una-traccia-per-la-preghiera-comunitaria\/#breadcrumb\"},\"inLanguage\":\"it-IT\",\"potentialAction\":[{\"@type\":\"ReadAction\",\"target\":[\"https:\/\/www.diocesitn.it\/area-annuncio\/2025\/02\/05\/miserere-di-comunita-una-traccia-per-la-preghiera-comunitaria\/\"]}]},{\"@type\":\"ImageObject\",\"inLanguage\":\"it-IT\",\"@id\":\"https:\/\/www.diocesitn.it\/area-annuncio\/2025\/02\/05\/miserere-di-comunita-una-traccia-per-la-preghiera-comunitaria\/#primaryimage\",\"url\":\"https:\/\/www.diocesitn.it\/area-annuncio\/wp-content\/uploads\/sites\/39\/2022\/03\/croce-2-scaled.jpg\",\"contentUrl\":\"https:\/\/www.diocesitn.it\/area-annuncio\/wp-content\/uploads\/sites\/39\/2022\/03\/croce-2-scaled.jpg\",\"width\":2560,\"height\":1707},{\"@type\":\"BreadcrumbList\",\"@id\":\"https:\/\/www.diocesitn.it\/area-annuncio\/2025\/02\/05\/miserere-di-comunita-una-traccia-per-la-preghiera-comunitaria\/#breadcrumb\",\"itemListElement\":[{\"@type\":\"ListItem\",\"position\":1,\"name\":\"Home\",\"item\":\"https:\/\/www.diocesitn.it\/area-annuncio\/\"},{\"@type\":\"ListItem\",\"position\":2,\"name\":\"Miserere di comunit\u00e0: una traccia per la preghiera comunitaria\"}]},{\"@type\":\"WebSite\",\"@id\":\"https:\/\/www.diocesitn.it\/area-annuncio\/#website\",\"url\":\"https:\/\/www.diocesitn.it\/area-annuncio\/\",\"name\":\"Annuncio e Sacramenti\",\"description\":\"Chiesa di Trento\",\"publisher\":{\"@id\":\"https:\/\/www.diocesitn.it\/area-annuncio\/#organization\"},\"potentialAction\":[{\"@type\":\"SearchAction\",\"target\":{\"@type\":\"EntryPoint\",\"urlTemplate\":\"https:\/\/www.diocesitn.it\/area-annuncio\/?s={search_term_string}\"},\"query-input\":\"required name=search_term_string\"}],\"inLanguage\":\"it-IT\"},{\"@type\":[\"Organization\",\"Place\"],\"@id\":\"https:\/\/www.diocesitn.it\/area-annuncio\/#organization\",\"name\":\"Area Annuncio e Sacramenti - Chiesa di Trento\",\"url\":\"https:\/\/www.diocesitn.it\/area-annuncio\/\",\"logo\":{\"@id\":\"https:\/\/www.diocesitn.it\/area-annuncio\/2025\/02\/05\/miserere-di-comunita-una-traccia-per-la-preghiera-comunitaria\/#local-main-organization-logo\"},\"image\":{\"@id\":\"https:\/\/www.diocesitn.it\/area-annuncio\/2025\/02\/05\/miserere-di-comunita-una-traccia-per-la-preghiera-comunitaria\/#local-main-organization-logo\"},\"sameAs\":[\"https:\/\/www.facebook.com\/pastoralegiovanile.trento\/\",\"https:\/\/www.instagram.com\/pastoralegiovaniletrento\/\",\"https:\/\/www.youtube.com\/channel\/UCGt7hyJaIQIkrQPos4K6L6w\"],\"openingHoursSpecification\":[{\"@type\":\"OpeningHoursSpecification\",\"dayOfWeek\":[\"Monday\",\"Tuesday\",\"Wednesday\",\"Thursday\",\"Friday\",\"Saturday\",\"Sunday\"],\"opens\":\"09:00\",\"closes\":\"17:00\"}]},{\"@type\":\"ImageObject\",\"inLanguage\":\"it-IT\",\"@id\":\"https:\/\/www.diocesitn.it\/area-annuncio\/2025\/02\/05\/miserere-di-comunita-una-traccia-per-la-preghiera-comunitaria\/#local-main-organization-logo\",\"url\":\"https:\/\/www.diocesitn.it\/area-annuncio\/wp-content\/uploads\/sites\/39\/2021\/09\/og-logo-annuncio-e-sacramenti.jpg\",\"contentUrl\":\"https:\/\/www.diocesitn.it\/area-annuncio\/wp-content\/uploads\/sites\/39\/2021\/09\/og-logo-annuncio-e-sacramenti.jpg\",\"width\":1200,\"height\":630,\"caption\":\"Area Annuncio e Sacramenti - Chiesa di Trento\"}]}<\/script>\n<!-- \/ Yoast SEO Premium plugin. -->","yoast_head_json":{"title":"Miserere di comunit\u00e0: una traccia per la preghiera comunitaria - Annuncio e Sacramenti - Chiesa di Trento","robots":{"index":"index","follow":"follow","max-snippet":"max-snippet:-1","max-image-preview":"max-image-preview:large","max-video-preview":"max-video-preview:-1"},"canonical":"https:\/\/www.diocesitn.it\/area-annuncio\/2025\/02\/05\/miserere-di-comunita-una-traccia-per-la-preghiera-comunitaria\/","og_locale":"it_IT","og_type":"article","og_title":"Miserere di comunit\u00e0: una traccia per la preghiera comunitaria","og_description":"Alla comunit\u00e0 cristiana viene proposto un momento celebrativo portando la propria bellezza e la propria fragilit\u00e0 come un segno di speranza da vivere davanti al Crocifisso. Viene offerto a questo link un sussidio per la","og_url":"https:\/\/www.diocesitn.it\/area-annuncio\/2025\/02\/05\/miserere-di-comunita-una-traccia-per-la-preghiera-comunitaria\/","og_site_name":"Annuncio e Sacramenti","article_publisher":"https:\/\/www.facebook.com\/pastoralegiovanile.trento\/","article_published_time":"2025-02-05T10:17:28+00:00","article_modified_time":"2025-02-25T11:32:06+00:00","og_image":[{"width":2560,"height":1707,"url":"https:\/\/www.diocesitn.it\/area-annuncio\/wp-content\/uploads\/sites\/39\/2022\/03\/croce-2-scaled.jpg","type":"image\/jpeg"}],"author":"pdelama","twitter_card":"summary_large_image","twitter_misc":{"Scritto da":"pdelama","Tempo di lettura stimato":"1 minuto"},"schema":{"@context":"https:\/\/schema.org","@graph":[{"@type":"Article","@id":"https:\/\/www.diocesitn.it\/area-annuncio\/2025\/02\/05\/miserere-di-comunita-una-traccia-per-la-preghiera-comunitaria\/#article","isPartOf":{"@id":"https:\/\/www.diocesitn.it\/area-annuncio\/2025\/02\/05\/miserere-di-comunita-una-traccia-per-la-preghiera-comunitaria\/"},"author":{"name":"pdelama","@id":"https:\/\/www.diocesitn.it\/area-annuncio\/#\/schema\/person\/65154cb45813d674873791b3accc006b"},"headline":"Miserere di comunit\u00e0: una traccia per la preghiera comunitaria","datePublished":"2025-02-05T10:17:28+00:00","dateModified":"2025-02-25T11:32:06+00:00","mainEntityOfPage":{"@id":"https:\/\/www.diocesitn.it\/area-annuncio\/2025\/02\/05\/miserere-di-comunita-una-traccia-per-la-preghiera-comunitaria\/"},"wordCount":181,"publisher":{"@id":"https:\/\/www.diocesitn.it\/area-annuncio\/#organization"},"image":{"@id":"https:\/\/www.diocesitn.it\/area-annuncio\/2025\/02\/05\/miserere-di-comunita-una-traccia-per-la-preghiera-comunitaria\/#primaryimage"},"thumbnailUrl":"https:\/\/www.diocesitn.it\/area-annuncio\/wp-content\/uploads\/sites\/39\/2022\/03\/croce-2-scaled.jpg","articleSection":["Annuncio e Sacramenti","Notizie"],"inLanguage":"it-IT","copyrightYear":"2025","copyrightHolder":{"@id":"https:\/\/www.diocesitn.it\/#organization"}},{"@type":"WebPage","@id":"https:\/\/www.diocesitn.it\/area-annuncio\/2025\/02\/05\/miserere-di-comunita-una-traccia-per-la-preghiera-comunitaria\/","url":"https:\/\/www.diocesitn.it\/area-annuncio\/2025\/02\/05\/miserere-di-comunita-una-traccia-per-la-preghiera-comunitaria\/","name":"Miserere di comunit\u00e0: una traccia per la preghiera comunitaria - Annuncio e Sacramenti - Chiesa di Trento","isPartOf":{"@id":"https:\/\/www.diocesitn.it\/area-annuncio\/#website"},"primaryImageOfPage":{"@id":"https:\/\/www.diocesitn.it\/area-annuncio\/2025\/02\/05\/miserere-di-comunita-una-traccia-per-la-preghiera-comunitaria\/#primaryimage"},"image":{"@id":"https:\/\/www.diocesitn.it\/area-annuncio\/2025\/02\/05\/miserere-di-comunita-una-traccia-per-la-preghiera-comunitaria\/#primaryimage"},"thumbnailUrl":"https:\/\/www.diocesitn.it\/area-annuncio\/wp-content\/uploads\/sites\/39\/2022\/03\/croce-2-scaled.jpg","datePublished":"2025-02-05T10:17:28+00:00","dateModified":"2025-02-25T11:32:06+00:00","breadcrumb":{"@id":"https:\/\/www.diocesitn.it\/area-annuncio\/2025\/02\/05\/miserere-di-comunita-una-traccia-per-la-preghiera-comunitaria\/#breadcrumb"},"inLanguage":"it-IT","potentialAction":[{"@type":"ReadAction","target":["https:\/\/www.diocesitn.it\/area-annuncio\/2025\/02\/05\/miserere-di-comunita-una-traccia-per-la-preghiera-comunitaria\/"]}]},{"@type":"ImageObject","inLanguage":"it-IT","@id":"https:\/\/www.diocesitn.it\/area-annuncio\/2025\/02\/05\/miserere-di-comunita-una-traccia-per-la-preghiera-comunitaria\/#primaryimage","url":"https:\/\/www.diocesitn.it\/area-annuncio\/wp-content\/uploads\/sites\/39\/2022\/03\/croce-2-scaled.jpg","contentUrl":"https:\/\/www.diocesitn.it\/area-annuncio\/wp-content\/uploads\/sites\/39\/2022\/03\/croce-2-scaled.jpg","width":2560,"height":1707},{"@type":"BreadcrumbList","@id":"https:\/\/www.diocesitn.it\/area-annuncio\/2025\/02\/05\/miserere-di-comunita-una-traccia-per-la-preghiera-comunitaria\/#breadcrumb","itemListElement":[{"@type":"ListItem","position":1,"name":"Home","item":"https:\/\/www.diocesitn.it\/area-annuncio\/"},{"@type":"ListItem","position":2,"name":"Miserere di comunit\u00e0: una traccia per la preghiera comunitaria"}]},{"@type":"WebSite","@id":"https:\/\/www.diocesitn.it\/area-annuncio\/#website","url":"https:\/\/www.diocesitn.it\/area-annuncio\/","name":"Annuncio e Sacramenti","description":"Chiesa di Trento","publisher":{"@id":"https:\/\/www.diocesitn.it\/area-annuncio\/#organization"},"potentialAction":[{"@type":"SearchAction","target":{"@type":"EntryPoint","urlTemplate":"https:\/\/www.diocesitn.it\/area-annuncio\/?s={search_term_string}"},"query-input":"required name=search_term_string"}],"inLanguage":"it-IT"},{"@type":["Organization","Place"],"@id":"https:\/\/www.diocesitn.it\/area-annuncio\/#organization","name":"Area Annuncio e Sacramenti - Chiesa di Trento","url":"https:\/\/www.diocesitn.it\/area-annuncio\/","logo":{"@id":"https:\/\/www.diocesitn.it\/area-annuncio\/2025\/02\/05\/miserere-di-comunita-una-traccia-per-la-preghiera-comunitaria\/#local-main-organization-logo"},"image":{"@id":"https:\/\/www.diocesitn.it\/area-annuncio\/2025\/02\/05\/miserere-di-comunita-una-traccia-per-la-preghiera-comunitaria\/#local-main-organization-logo"},"sameAs":["https:\/\/www.facebook.com\/pastoralegiovanile.trento\/","https:\/\/www.instagram.com\/pastoralegiovaniletrento\/","https:\/\/www.youtube.com\/channel\/UCGt7hyJaIQIkrQPos4K6L6w"],"openingHoursSpecification":[{"@type":"OpeningHoursSpecification","dayOfWeek":["Monday","Tuesday","Wednesday","Thursday","Friday","Saturday","Sunday"],"opens":"09:00","closes":"17:00"}]},{"@type":"ImageObject","inLanguage":"it-IT","@id":"https:\/\/www.diocesitn.it\/area-annuncio\/2025\/02\/05\/miserere-di-comunita-una-traccia-per-la-preghiera-comunitaria\/#local-main-organization-logo","url":"https:\/\/www.diocesitn.it\/area-annuncio\/wp-content\/uploads\/sites\/39\/2021\/09\/og-logo-annuncio-e-sacramenti.jpg","contentUrl":"https:\/\/www.diocesitn.it\/area-annuncio\/wp-content\/uploads\/sites\/39\/2021\/09\/og-logo-annuncio-e-sacramenti.jpg","width":1200,"height":630,"caption":"Area Annuncio e Sacramenti - Chiesa di Trento"}]}},"_links":{"self":[{"href":"https:\/\/www.diocesitn.it\/area-annuncio\/wp-json\/wp\/v2\/posts\/24681","targetHints":{"allow":["GET"]}}],"collection":[{"href":"https:\/\/www.diocesitn.it\/area-annuncio\/wp-json\/wp\/v2\/posts"}],"about":[{"href":"https:\/\/www.diocesitn.it\/area-annuncio\/wp-json\/wp\/v2\/types\/post"}],"author":[{"embeddable":true,"href":"https:\/\/www.diocesitn.it\/area-annuncio\/wp-json\/wp\/v2\/users\/31"}],"replies":[{"embeddable":true,"href":"https:\/\/www.diocesitn.it\/area-annuncio\/wp-json\/wp\/v2\/comments?post=24681"}],"version-history":[{"count":3,"href":"https:\/\/www.diocesitn.it\/area-annuncio\/wp-json\/wp\/v2\/posts\/24681\/revisions"}],"predecessor-version":[{"id":24686,"href":"https:\/\/www.diocesitn.it\/area-annuncio\/wp-json\/wp\/v2\/posts\/24681\/revisions\/24686"}],"wp:featuredmedia":[{"embeddable":true,"href":"https:\/\/www.diocesitn.it\/area-annuncio\/wp-json\/wp\/v2\/media\/15326"}],"wp:attachment":[{"href":"https:\/\/www.diocesitn.it\/area-annuncio\/wp-json\/wp\/v2\/media?parent=24681"}],"wp:term":[{"taxonomy":"category","embeddable":true,"href":"https:\/\/www.diocesitn.it\/area-annuncio\/wp-json\/wp\/v2\/categories?post=24681"},{"taxonomy":"post_tag","embeddable":true,"href":"https:\/\/www.diocesitn.it\/area-annuncio\/wp-json\/wp\/v2\/tags?post=24681"}],"curies":[{"name":"wp","href":"https:\/\/api.w.org\/{rel}","templated":true}]}}