{"id":24332,"date":"2025-01-16T13:04:47","date_gmt":"2025-01-16T12:04:47","guid":{"rendered":"https:\/\/www.diocesitn.it\/area-annuncio\/?p=24332"},"modified":"2025-02-26T08:13:36","modified_gmt":"2025-02-26T07:13:36","slug":"passi-di-vangelo-con-il-vescovo-lauro-13-febbraio-2025-ore-20-30-in-seminario-a-trento","status":"publish","type":"post","link":"https:\/\/www.diocesitn.it\/area-annuncio\/2025\/01\/16\/passi-di-vangelo-con-il-vescovo-lauro-13-febbraio-2025-ore-20-30-in-seminario-a-trento\/","title":{"rendered":"Passi di Vangelo con il vescovo Lauro, 13 febbraio 2025 ore 20.30 in seminario a Trento"},"content":{"rendered":"<p>&#8220;Vuoi guarire?&#8221;, chiede Ges\u00f9 ad un uomo malato da quasi quarant&#8217;anni, che staziona ai bordi della piscina di Betzat\u00e0 nella speranza che qualcuno lo aiuti ad entrare in acque che si credevano miracolose. Si pu\u00f2 immaginare la fatica dell&#8217;attesa, la delusione per ogni sguardo che passa oltre, la speranza che si accende quando Ges\u00f9 gli pone la domanda.<\/p>\n<p>Il brano al centro dei Passi di Vangelo di gioved\u00ec 13 febbraio (Gv 5,1-18) \u00e8 la storia di un uomo che ricomincia a camminare sulle proprie gambe: una ripartenza che non cancella le ferite ma le reinterpreta alla luce della speranza e delle nuove possibilit\u00e0 che si aprono all&#8217;orizzonte.<\/p>\n<p>Puoi leggere <a href=\"https:\/\/www.diocesitn.it\/site\/amore-e-amicizia-non-possono-essere-distrutti-nemmeno-dalla-morte-a-passi-di-vangelo-le-parole-perla-di-sara-piffer-dono-dei-fratelli\/\" target=\"_blank\" rel=\"noopener\">qui l&#8217;omelia del Vescovo<\/a><\/p>\n<p><span style=\"font-size: inherit\">L\u2019incontro inizia alle ore 20.30; dalle ore 20 accoglienza con un trancio di pizza e la possibilit\u00e0 di incontrarsi e conoscersi.\u00a0<\/span><\/p>\n<p>Note<\/p>\n<ul>\n<li>Per giovani 18-35 anni<\/li>\n<li>Presso la chiesa del Seminario Diocesano di Trento in corso 3 Novembre, 46 (possibilit\u00e0 di parcheggio all\u2019interno)<\/li>\n<li>Diretta streaming su www.diocesitn.it<\/li>\n<li>Per info: giovani@diocesitn.it\u00a0 \u2013\u00a0 345-7060488<\/li>\n<\/ul>\n","protected":false},"excerpt":{"rendered":"<p>&#8220;Vuoi guarire?&#8221;, chiede Ges\u00f9 ad un uomo malato da quasi quarant&#8217;anni, che staziona ai bordi della piscina di Betzat\u00e0 nella speranza che qualcuno lo aiuti ad entrare in acque che si credevano miracolose. Si pu\u00f2<\/p>\n","protected":false},"author":167,"featured_media":24404,"comment_status":"closed","ping_status":"closed","sticky":false,"template":"","format":"standard","meta":{"footnotes":""},"categories":[618,608,1023],"tags":[],"class_list":["post-24332","post","type-post","status-publish","format-standard","has-post-thumbnail","hentry","category-servizio-catechistico-giovani-pastorale-giovanile","category-notizie","category-pastorale-giovanile"],"acf":{"seed-localization-paese-cod":"IT","seed-localization-address":"","seed-localization-citta":"Trento","seed-localization-regione-cod-istat":"04","seed-localization-citta-cod-istat":"022205","seed-localization-localita":"","seed-localization-cap":"","seed-localization-marker-visibility":false,"seed-localization-children-visibility":false,"seed-localization-kml":"","seed-localization-custom-marker":""},"yoast_head":"<!-- This site is optimized with the Yoast SEO Premium plugin v20.2.1 (Yoast SEO v22.2) - https:\/\/yoast.com\/wordpress\/plugins\/seo\/ -->\n<title>Passi di Vangelo con il vescovo Lauro, 13 febbraio 2025 ore 20.30 in seminario a Trento - Annuncio e Sacramenti - Chiesa di Trento<\/title>\n<meta name=\"robots\" content=\"index, follow, max-snippet:-1, max-image-preview:large, max-video-preview:-1\" \/>\n<link rel=\"canonical\" href=\"https:\/\/www.diocesitn.it\/area-annuncio\/2025\/01\/16\/passi-di-vangelo-con-il-vescovo-lauro-13-febbraio-2025-ore-20-30-in-seminario-a-trento\/\" \/>\n<meta property=\"og:locale\" content=\"it_IT\" \/>\n<meta property=\"og:type\" content=\"article\" \/>\n<meta property=\"og:title\" content=\"Passi di Vangelo con il vescovo Lauro, 13 febbraio 2025 ore 20.30 in seminario a Trento\" \/>\n<meta property=\"og:description\" content=\"&#8220;Vuoi guarire?&#8221;, chiede Ges\u00f9 ad un uomo malato da quasi quarant&#8217;anni, che staziona ai bordi della piscina di Betzat\u00e0 nella speranza che qualcuno lo aiuti ad entrare in acque che si credevano miracolose. Si pu\u00f2\" \/>\n<meta property=\"og:url\" content=\"https:\/\/www.diocesitn.it\/area-annuncio\/2025\/01\/16\/passi-di-vangelo-con-il-vescovo-lauro-13-febbraio-2025-ore-20-30-in-seminario-a-trento\/\" \/>\n<meta property=\"og:site_name\" content=\"Annuncio e Sacramenti\" \/>\n<meta property=\"article:publisher\" content=\"https:\/\/www.facebook.com\/pastoralegiovanile.trento\/\" \/>\n<meta property=\"article:published_time\" content=\"2025-01-16T12:04:47+00:00\" \/>\n<meta property=\"article:modified_time\" content=\"2025-02-26T07:13:36+00:00\" \/>\n<meta property=\"og:image\" content=\"https:\/\/www.diocesitn.it\/area-annuncio\/wp-content\/uploads\/sites\/39\/2025\/01\/immagine-PdV-13-feb-B.jpeg\" \/>\n\t<meta property=\"og:image:width\" content=\"1080\" \/>\n\t<meta property=\"og:image:height\" content=\"709\" \/>\n\t<meta property=\"og:image:type\" content=\"image\/jpeg\" \/>\n<meta name=\"author\" content=\"ccremonesi\" \/>\n<meta name=\"twitter:card\" content=\"summary_large_image\" \/>\n<meta name=\"twitter:label1\" content=\"Scritto da\" \/>\n\t<meta name=\"twitter:data1\" content=\"ccremonesi\" \/>\n\t<meta name=\"twitter:label2\" content=\"Tempo di lettura stimato\" \/>\n\t<meta name=\"twitter:data2\" content=\"1 minuto\" \/>\n<script type=\"application\/ld+json\" class=\"yoast-schema-graph\">{\"@context\":\"https:\/\/schema.org\",\"@graph\":[{\"@type\":\"Article\",\"@id\":\"https:\/\/www.diocesitn.it\/area-annuncio\/2025\/01\/16\/passi-di-vangelo-con-il-vescovo-lauro-13-febbraio-2025-ore-20-30-in-seminario-a-trento\/#article\",\"isPartOf\":{\"@id\":\"https:\/\/www.diocesitn.it\/area-annuncio\/2025\/01\/16\/passi-di-vangelo-con-il-vescovo-lauro-13-febbraio-2025-ore-20-30-in-seminario-a-trento\/\"},\"author\":{\"name\":\"ccremonesi\",\"@id\":\"https:\/\/www.diocesitn.it\/area-annuncio\/#\/schema\/person\/8963f67519fa0dce29c5ba33955dd0f0\"},\"headline\":\"Passi di Vangelo con il vescovo Lauro, 13 febbraio 2025 ore 20.30 in seminario a Trento\",\"datePublished\":\"2025-01-16T12:04:47+00:00\",\"dateModified\":\"2025-02-26T07:13:36+00:00\",\"mainEntityOfPage\":{\"@id\":\"https:\/\/www.diocesitn.it\/area-annuncio\/2025\/01\/16\/passi-di-vangelo-con-il-vescovo-lauro-13-febbraio-2025-ore-20-30-in-seminario-a-trento\/\"},\"wordCount\":177,\"publisher\":{\"@id\":\"https:\/\/www.diocesitn.it\/area-annuncio\/#organization\"},\"image\":{\"@id\":\"https:\/\/www.diocesitn.it\/area-annuncio\/2025\/01\/16\/passi-di-vangelo-con-il-vescovo-lauro-13-febbraio-2025-ore-20-30-in-seminario-a-trento\/#primaryimage\"},\"thumbnailUrl\":\"https:\/\/www.diocesitn.it\/area-annuncio\/wp-content\/uploads\/sites\/39\/2025\/01\/immagine-PdV-13-feb-B.jpeg\",\"articleSection\":[\"Giovani\",\"Notizie\",\"Pastorale giovanile\"],\"inLanguage\":\"it-IT\",\"copyrightYear\":\"2025\",\"copyrightHolder\":{\"@id\":\"https:\/\/www.diocesitn.it\/#organization\"}},{\"@type\":\"WebPage\",\"@id\":\"https:\/\/www.diocesitn.it\/area-annuncio\/2025\/01\/16\/passi-di-vangelo-con-il-vescovo-lauro-13-febbraio-2025-ore-20-30-in-seminario-a-trento\/\",\"url\":\"https:\/\/www.diocesitn.it\/area-annuncio\/2025\/01\/16\/passi-di-vangelo-con-il-vescovo-lauro-13-febbraio-2025-ore-20-30-in-seminario-a-trento\/\",\"name\":\"Passi di Vangelo con il vescovo Lauro, 13 febbraio 2025 ore 20.30 in seminario a Trento - Annuncio e Sacramenti - Chiesa di Trento\",\"isPartOf\":{\"@id\":\"https:\/\/www.diocesitn.it\/area-annuncio\/#website\"},\"primaryImageOfPage\":{\"@id\":\"https:\/\/www.diocesitn.it\/area-annuncio\/2025\/01\/16\/passi-di-vangelo-con-il-vescovo-lauro-13-febbraio-2025-ore-20-30-in-seminario-a-trento\/#primaryimage\"},\"image\":{\"@id\":\"https:\/\/www.diocesitn.it\/area-annuncio\/2025\/01\/16\/passi-di-vangelo-con-il-vescovo-lauro-13-febbraio-2025-ore-20-30-in-seminario-a-trento\/#primaryimage\"},\"thumbnailUrl\":\"https:\/\/www.diocesitn.it\/area-annuncio\/wp-content\/uploads\/sites\/39\/2025\/01\/immagine-PdV-13-feb-B.jpeg\",\"datePublished\":\"2025-01-16T12:04:47+00:00\",\"dateModified\":\"2025-02-26T07:13:36+00:00\",\"breadcrumb\":{\"@id\":\"https:\/\/www.diocesitn.it\/area-annuncio\/2025\/01\/16\/passi-di-vangelo-con-il-vescovo-lauro-13-febbraio-2025-ore-20-30-in-seminario-a-trento\/#breadcrumb\"},\"inLanguage\":\"it-IT\",\"potentialAction\":[{\"@type\":\"ReadAction\",\"target\":[\"https:\/\/www.diocesitn.it\/area-annuncio\/2025\/01\/16\/passi-di-vangelo-con-il-vescovo-lauro-13-febbraio-2025-ore-20-30-in-seminario-a-trento\/\"]}]},{\"@type\":\"ImageObject\",\"inLanguage\":\"it-IT\",\"@id\":\"https:\/\/www.diocesitn.it\/area-annuncio\/2025\/01\/16\/passi-di-vangelo-con-il-vescovo-lauro-13-febbraio-2025-ore-20-30-in-seminario-a-trento\/#primaryimage\",\"url\":\"https:\/\/www.diocesitn.it\/area-annuncio\/wp-content\/uploads\/sites\/39\/2025\/01\/immagine-PdV-13-feb-B.jpeg\",\"contentUrl\":\"https:\/\/www.diocesitn.it\/area-annuncio\/wp-content\/uploads\/sites\/39\/2025\/01\/immagine-PdV-13-feb-B.jpeg\",\"width\":1080,\"height\":709},{\"@type\":\"BreadcrumbList\",\"@id\":\"https:\/\/www.diocesitn.it\/area-annuncio\/2025\/01\/16\/passi-di-vangelo-con-il-vescovo-lauro-13-febbraio-2025-ore-20-30-in-seminario-a-trento\/#breadcrumb\",\"itemListElement\":[{\"@type\":\"ListItem\",\"position\":1,\"name\":\"Home\",\"item\":\"https:\/\/www.diocesitn.it\/area-annuncio\/\"},{\"@type\":\"ListItem\",\"position\":2,\"name\":\"Passi di Vangelo con il vescovo Lauro, 13 febbraio 2025 ore 20.30 in seminario a Trento\"}]},{\"@type\":\"WebSite\",\"@id\":\"https:\/\/www.diocesitn.it\/area-annuncio\/#website\",\"url\":\"https:\/\/www.diocesitn.it\/area-annuncio\/\",\"name\":\"Annuncio e Sacramenti\",\"description\":\"Chiesa di Trento\",\"publisher\":{\"@id\":\"https:\/\/www.diocesitn.it\/area-annuncio\/#organization\"},\"potentialAction\":[{\"@type\":\"SearchAction\",\"target\":{\"@type\":\"EntryPoint\",\"urlTemplate\":\"https:\/\/www.diocesitn.it\/area-annuncio\/?s={search_term_string}\"},\"query-input\":\"required name=search_term_string\"}],\"inLanguage\":\"it-IT\"},{\"@type\":[\"Organization\",\"Place\"],\"@id\":\"https:\/\/www.diocesitn.it\/area-annuncio\/#organization\",\"name\":\"Area Annuncio e Sacramenti - Chiesa di Trento\",\"url\":\"https:\/\/www.diocesitn.it\/area-annuncio\/\",\"logo\":{\"@id\":\"https:\/\/www.diocesitn.it\/area-annuncio\/2025\/01\/16\/passi-di-vangelo-con-il-vescovo-lauro-13-febbraio-2025-ore-20-30-in-seminario-a-trento\/#local-main-organization-logo\"},\"image\":{\"@id\":\"https:\/\/www.diocesitn.it\/area-annuncio\/2025\/01\/16\/passi-di-vangelo-con-il-vescovo-lauro-13-febbraio-2025-ore-20-30-in-seminario-a-trento\/#local-main-organization-logo\"},\"sameAs\":[\"https:\/\/www.facebook.com\/pastoralegiovanile.trento\/\",\"https:\/\/www.instagram.com\/pastoralegiovaniletrento\/\",\"https:\/\/www.youtube.com\/channel\/UCGt7hyJaIQIkrQPos4K6L6w\"],\"openingHoursSpecification\":[{\"@type\":\"OpeningHoursSpecification\",\"dayOfWeek\":[\"Monday\",\"Tuesday\",\"Wednesday\",\"Thursday\",\"Friday\",\"Saturday\",\"Sunday\"],\"opens\":\"09:00\",\"closes\":\"17:00\"}]},{\"@type\":\"ImageObject\",\"inLanguage\":\"it-IT\",\"@id\":\"https:\/\/www.diocesitn.it\/area-annuncio\/2025\/01\/16\/passi-di-vangelo-con-il-vescovo-lauro-13-febbraio-2025-ore-20-30-in-seminario-a-trento\/#local-main-organization-logo\",\"url\":\"https:\/\/www.diocesitn.it\/area-annuncio\/wp-content\/uploads\/sites\/39\/2021\/09\/og-logo-annuncio-e-sacramenti.jpg\",\"contentUrl\":\"https:\/\/www.diocesitn.it\/area-annuncio\/wp-content\/uploads\/sites\/39\/2021\/09\/og-logo-annuncio-e-sacramenti.jpg\",\"width\":1200,\"height\":630,\"caption\":\"Area Annuncio e Sacramenti - Chiesa di Trento\"}]}<\/script>\n<!-- \/ Yoast SEO Premium plugin. -->","yoast_head_json":{"title":"Passi di Vangelo con il vescovo Lauro, 13 febbraio 2025 ore 20.30 in seminario a Trento - Annuncio e Sacramenti - Chiesa di Trento","robots":{"index":"index","follow":"follow","max-snippet":"max-snippet:-1","max-image-preview":"max-image-preview:large","max-video-preview":"max-video-preview:-1"},"canonical":"https:\/\/www.diocesitn.it\/area-annuncio\/2025\/01\/16\/passi-di-vangelo-con-il-vescovo-lauro-13-febbraio-2025-ore-20-30-in-seminario-a-trento\/","og_locale":"it_IT","og_type":"article","og_title":"Passi di Vangelo con il vescovo Lauro, 13 febbraio 2025 ore 20.30 in seminario a Trento","og_description":"&#8220;Vuoi guarire?&#8221;, chiede Ges\u00f9 ad un uomo malato da quasi quarant&#8217;anni, che staziona ai bordi della piscina di Betzat\u00e0 nella speranza che qualcuno lo aiuti ad entrare in acque che si credevano miracolose. Si pu\u00f2","og_url":"https:\/\/www.diocesitn.it\/area-annuncio\/2025\/01\/16\/passi-di-vangelo-con-il-vescovo-lauro-13-febbraio-2025-ore-20-30-in-seminario-a-trento\/","og_site_name":"Annuncio e Sacramenti","article_publisher":"https:\/\/www.facebook.com\/pastoralegiovanile.trento\/","article_published_time":"2025-01-16T12:04:47+00:00","article_modified_time":"2025-02-26T07:13:36+00:00","og_image":[{"width":1080,"height":709,"url":"https:\/\/www.diocesitn.it\/area-annuncio\/wp-content\/uploads\/sites\/39\/2025\/01\/immagine-PdV-13-feb-B.jpeg","type":"image\/jpeg"}],"author":"ccremonesi","twitter_card":"summary_large_image","twitter_misc":{"Scritto da":"ccremonesi","Tempo di lettura stimato":"1 minuto"},"schema":{"@context":"https:\/\/schema.org","@graph":[{"@type":"Article","@id":"https:\/\/www.diocesitn.it\/area-annuncio\/2025\/01\/16\/passi-di-vangelo-con-il-vescovo-lauro-13-febbraio-2025-ore-20-30-in-seminario-a-trento\/#article","isPartOf":{"@id":"https:\/\/www.diocesitn.it\/area-annuncio\/2025\/01\/16\/passi-di-vangelo-con-il-vescovo-lauro-13-febbraio-2025-ore-20-30-in-seminario-a-trento\/"},"author":{"name":"ccremonesi","@id":"https:\/\/www.diocesitn.it\/area-annuncio\/#\/schema\/person\/8963f67519fa0dce29c5ba33955dd0f0"},"headline":"Passi di Vangelo con il vescovo Lauro, 13 febbraio 2025 ore 20.30 in seminario a Trento","datePublished":"2025-01-16T12:04:47+00:00","dateModified":"2025-02-26T07:13:36+00:00","mainEntityOfPage":{"@id":"https:\/\/www.diocesitn.it\/area-annuncio\/2025\/01\/16\/passi-di-vangelo-con-il-vescovo-lauro-13-febbraio-2025-ore-20-30-in-seminario-a-trento\/"},"wordCount":177,"publisher":{"@id":"https:\/\/www.diocesitn.it\/area-annuncio\/#organization"},"image":{"@id":"https:\/\/www.diocesitn.it\/area-annuncio\/2025\/01\/16\/passi-di-vangelo-con-il-vescovo-lauro-13-febbraio-2025-ore-20-30-in-seminario-a-trento\/#primaryimage"},"thumbnailUrl":"https:\/\/www.diocesitn.it\/area-annuncio\/wp-content\/uploads\/sites\/39\/2025\/01\/immagine-PdV-13-feb-B.jpeg","articleSection":["Giovani","Notizie","Pastorale giovanile"],"inLanguage":"it-IT","copyrightYear":"2025","copyrightHolder":{"@id":"https:\/\/www.diocesitn.it\/#organization"}},{"@type":"WebPage","@id":"https:\/\/www.diocesitn.it\/area-annuncio\/2025\/01\/16\/passi-di-vangelo-con-il-vescovo-lauro-13-febbraio-2025-ore-20-30-in-seminario-a-trento\/","url":"https:\/\/www.diocesitn.it\/area-annuncio\/2025\/01\/16\/passi-di-vangelo-con-il-vescovo-lauro-13-febbraio-2025-ore-20-30-in-seminario-a-trento\/","name":"Passi di Vangelo con il vescovo Lauro, 13 febbraio 2025 ore 20.30 in seminario a Trento - Annuncio e Sacramenti - Chiesa di Trento","isPartOf":{"@id":"https:\/\/www.diocesitn.it\/area-annuncio\/#website"},"primaryImageOfPage":{"@id":"https:\/\/www.diocesitn.it\/area-annuncio\/2025\/01\/16\/passi-di-vangelo-con-il-vescovo-lauro-13-febbraio-2025-ore-20-30-in-seminario-a-trento\/#primaryimage"},"image":{"@id":"https:\/\/www.diocesitn.it\/area-annuncio\/2025\/01\/16\/passi-di-vangelo-con-il-vescovo-lauro-13-febbraio-2025-ore-20-30-in-seminario-a-trento\/#primaryimage"},"thumbnailUrl":"https:\/\/www.diocesitn.it\/area-annuncio\/wp-content\/uploads\/sites\/39\/2025\/01\/immagine-PdV-13-feb-B.jpeg","datePublished":"2025-01-16T12:04:47+00:00","dateModified":"2025-02-26T07:13:36+00:00","breadcrumb":{"@id":"https:\/\/www.diocesitn.it\/area-annuncio\/2025\/01\/16\/passi-di-vangelo-con-il-vescovo-lauro-13-febbraio-2025-ore-20-30-in-seminario-a-trento\/#breadcrumb"},"inLanguage":"it-IT","potentialAction":[{"@type":"ReadAction","target":["https:\/\/www.diocesitn.it\/area-annuncio\/2025\/01\/16\/passi-di-vangelo-con-il-vescovo-lauro-13-febbraio-2025-ore-20-30-in-seminario-a-trento\/"]}]},{"@type":"ImageObject","inLanguage":"it-IT","@id":"https:\/\/www.diocesitn.it\/area-annuncio\/2025\/01\/16\/passi-di-vangelo-con-il-vescovo-lauro-13-febbraio-2025-ore-20-30-in-seminario-a-trento\/#primaryimage","url":"https:\/\/www.diocesitn.it\/area-annuncio\/wp-content\/uploads\/sites\/39\/2025\/01\/immagine-PdV-13-feb-B.jpeg","contentUrl":"https:\/\/www.diocesitn.it\/area-annuncio\/wp-content\/uploads\/sites\/39\/2025\/01\/immagine-PdV-13-feb-B.jpeg","width":1080,"height":709},{"@type":"BreadcrumbList","@id":"https:\/\/www.diocesitn.it\/area-annuncio\/2025\/01\/16\/passi-di-vangelo-con-il-vescovo-lauro-13-febbraio-2025-ore-20-30-in-seminario-a-trento\/#breadcrumb","itemListElement":[{"@type":"ListItem","position":1,"name":"Home","item":"https:\/\/www.diocesitn.it\/area-annuncio\/"},{"@type":"ListItem","position":2,"name":"Passi di Vangelo con il vescovo Lauro, 13 febbraio 2025 ore 20.30 in seminario a Trento"}]},{"@type":"WebSite","@id":"https:\/\/www.diocesitn.it\/area-annuncio\/#website","url":"https:\/\/www.diocesitn.it\/area-annuncio\/","name":"Annuncio e Sacramenti","description":"Chiesa di Trento","publisher":{"@id":"https:\/\/www.diocesitn.it\/area-annuncio\/#organization"},"potentialAction":[{"@type":"SearchAction","target":{"@type":"EntryPoint","urlTemplate":"https:\/\/www.diocesitn.it\/area-annuncio\/?s={search_term_string}"},"query-input":"required name=search_term_string"}],"inLanguage":"it-IT"},{"@type":["Organization","Place"],"@id":"https:\/\/www.diocesitn.it\/area-annuncio\/#organization","name":"Area Annuncio e Sacramenti - Chiesa di Trento","url":"https:\/\/www.diocesitn.it\/area-annuncio\/","logo":{"@id":"https:\/\/www.diocesitn.it\/area-annuncio\/2025\/01\/16\/passi-di-vangelo-con-il-vescovo-lauro-13-febbraio-2025-ore-20-30-in-seminario-a-trento\/#local-main-organization-logo"},"image":{"@id":"https:\/\/www.diocesitn.it\/area-annuncio\/2025\/01\/16\/passi-di-vangelo-con-il-vescovo-lauro-13-febbraio-2025-ore-20-30-in-seminario-a-trento\/#local-main-organization-logo"},"sameAs":["https:\/\/www.facebook.com\/pastoralegiovanile.trento\/","https:\/\/www.instagram.com\/pastoralegiovaniletrento\/","https:\/\/www.youtube.com\/channel\/UCGt7hyJaIQIkrQPos4K6L6w"],"openingHoursSpecification":[{"@type":"OpeningHoursSpecification","dayOfWeek":["Monday","Tuesday","Wednesday","Thursday","Friday","Saturday","Sunday"],"opens":"09:00","closes":"17:00"}]},{"@type":"ImageObject","inLanguage":"it-IT","@id":"https:\/\/www.diocesitn.it\/area-annuncio\/2025\/01\/16\/passi-di-vangelo-con-il-vescovo-lauro-13-febbraio-2025-ore-20-30-in-seminario-a-trento\/#local-main-organization-logo","url":"https:\/\/www.diocesitn.it\/area-annuncio\/wp-content\/uploads\/sites\/39\/2021\/09\/og-logo-annuncio-e-sacramenti.jpg","contentUrl":"https:\/\/www.diocesitn.it\/area-annuncio\/wp-content\/uploads\/sites\/39\/2021\/09\/og-logo-annuncio-e-sacramenti.jpg","width":1200,"height":630,"caption":"Area Annuncio e Sacramenti - Chiesa di Trento"}]}},"_links":{"self":[{"href":"https:\/\/www.diocesitn.it\/area-annuncio\/wp-json\/wp\/v2\/posts\/24332","targetHints":{"allow":["GET"]}}],"collection":[{"href":"https:\/\/www.diocesitn.it\/area-annuncio\/wp-json\/wp\/v2\/posts"}],"about":[{"href":"https:\/\/www.diocesitn.it\/area-annuncio\/wp-json\/wp\/v2\/types\/post"}],"author":[{"embeddable":true,"href":"https:\/\/www.diocesitn.it\/area-annuncio\/wp-json\/wp\/v2\/users\/167"}],"replies":[{"embeddable":true,"href":"https:\/\/www.diocesitn.it\/area-annuncio\/wp-json\/wp\/v2\/comments?post=24332"}],"version-history":[{"count":3,"href":"https:\/\/www.diocesitn.it\/area-annuncio\/wp-json\/wp\/v2\/posts\/24332\/revisions"}],"predecessor-version":[{"id":24865,"href":"https:\/\/www.diocesitn.it\/area-annuncio\/wp-json\/wp\/v2\/posts\/24332\/revisions\/24865"}],"wp:featuredmedia":[{"embeddable":true,"href":"https:\/\/www.diocesitn.it\/area-annuncio\/wp-json\/wp\/v2\/media\/24404"}],"wp:attachment":[{"href":"https:\/\/www.diocesitn.it\/area-annuncio\/wp-json\/wp\/v2\/media?parent=24332"}],"wp:term":[{"taxonomy":"category","embeddable":true,"href":"https:\/\/www.diocesitn.it\/area-annuncio\/wp-json\/wp\/v2\/categories?post=24332"},{"taxonomy":"post_tag","embeddable":true,"href":"https:\/\/www.diocesitn.it\/area-annuncio\/wp-json\/wp\/v2\/tags?post=24332"}],"curies":[{"name":"wp","href":"https:\/\/api.w.org\/{rel}","templated":true}]}}