{"id":22321,"date":"2024-10-24T11:29:44","date_gmt":"2024-10-24T09:29:44","guid":{"rendered":"https:\/\/www.diocesitn.it\/area-annuncio\/?p=22321"},"modified":"2025-01-29T12:56:44","modified_gmt":"2025-01-29T11:56:44","slug":"materiale-giubileo-ado-giovani","status":"publish","type":"post","link":"https:\/\/www.diocesitn.it\/area-annuncio\/2024\/10\/24\/materiale-giubileo-ado-giovani\/","title":{"rendered":"Materiale per il Giubileo per gruppi adolescenti e giovani"},"content":{"rendered":"<div>Il Giubileo del 2025 &#8220;Pellegrini di Speranza&#8221; costituisce una preziosa occasione per approfondire la fede e riscoprire la speranza cristiana.<\/div>\n<div>E&#8217; importante tenere conto che la partecipazione<i> al Giubileo a Roma \u00e8 una parte del cammino<\/i>. L\u2019esperienza giubilare, infatti, inizia con il<i>\u00a0coinvolgimento, l\u2019approfondimento, la preghiera\u00a0<\/i>prima della partenza a livello parrocchiale e Diocesano. Continua poi, una volta tornati a casa, con un <i>momento di verifica<\/i>\u00a0e\u00a0<i>festa<\/i>\u00a0e con il<i>\u00a0racconto<\/i> di ciascuno nel quotidiano. Questi tre momenti vanno tenuti insieme perch\u00e9 gli adolescenti e i giovani possano sentirsi accompagnati in questa esperienza ma anche nel quotidiano!<\/div>\n<div><\/div>\n<div>Trovate qui alcuni materiali per educatori, animatori, e per quanti semplicemente desiderano approfondire il tema e lasciarsi provocare da esso:<\/div>\n<div><\/div>\n<ul>\n<li><strong>Sussidio a cura del servizio nazionale per la Pastorale Giovanile<\/strong><\/li>\n<\/ul>\n<p><a href=\"https:\/\/giovani.chiesacattolica.it\/sussidio-pellegrini-di-speranza\/\"><img loading=\"lazy\" decoding=\"async\" class=\"alignleft wp-image-22323\" src=\"https:\/\/www.diocesitn.it\/area-annuncio\/wp-content\/uploads\/sites\/39\/2024\/10\/copertina-sussidio-giubileo-300x226.png\" alt=\"\" width=\"124\" height=\"93\" srcset=\"https:\/\/www.diocesitn.it\/area-annuncio\/wp-content\/uploads\/sites\/39\/2024\/10\/copertina-sussidio-giubileo-300x226.png 300w, https:\/\/www.diocesitn.it\/area-annuncio\/wp-content\/uploads\/sites\/39\/2024\/10\/copertina-sussidio-giubileo-360x271.png 360w, https:\/\/www.diocesitn.it\/area-annuncio\/wp-content\/uploads\/sites\/39\/2024\/10\/copertina-sussidio-giubileo.png 768w\" sizes=\"auto, (max-width: 124px) 100vw, 124px\" \/><\/a>All\u2019interno si trova un\u2019<strong>introduzione,<\/strong> anche storica, all\u2019evento, una parte dedicata al <strong>pellegrinaggio<\/strong>, una dedicata alla <strong>liturgia<\/strong>; la parte pi\u00f9 corposa approfondisce attraverso <strong>parole chiave<\/strong> i tre momenti fondamentali del Giubileo: pellegrinaggio e professione di fede; passaggio dalla Porta Santa; Riconciliazione<strong>.<\/strong><\/p>\n<p><a href=\"https:\/\/www.diocesitn.it\/area-annuncio\/wp-content\/uploads\/sites\/39\/2024\/10\/Sussidio-Giubileo-Giovani_stampa-leggera.pdf\" target=\"_blank\" rel=\"noopener\">A questo link<\/a> si trova la\u00a0 versione \u2018ridotta\u2019, utile per la stampa; un QRcode rimanda alla versione pi\u00f9 lunga del <a href=\"https:\/\/giovani.chiesacattolica.it\/sussidio-pellegrini-di-speranza\/\" target=\"_blank\" rel=\"noopener\"><strong>sussidio.<\/strong><\/a><\/p>\n<ul>\n<li><strong>Film a cura di ACEC <\/strong><\/li>\n<\/ul>\n<p>Una <strong>guida con consigli e suggestioni di visione<\/strong> curata da Arianna Prevedello, referente nazionale Area cultura e pastorale. La trovi <a href=\"https:\/\/www.saledellacomunita.it\/wp-content\/uploads\/2024\/10\/proposte-filmiche-giubilari-acec.pdf\" target=\"_blank\" rel=\"noopener\">a questo link<\/a>.<\/p>\n<ul>\n<li><strong>Storie e volti di speranza nel cinema<\/strong><\/li>\n<\/ul>\n<p>\u00c8 disponibile il sussidio per il Giubileo 2025. Un viaggio cinematografico che pu\u00f2 accompagnare gli spettatori e gli operatori culturali lungo l\u2019Anno Santo. Come ricordato da Vincenzo Corrado, Direttore Ufficio Nazionale per le comunicazioni sociali e Presidente Commissione Film CEI, \u00a0il sussidio \u00e8: \u201c<em>Frutto di un lavoro sinergico tra Commissione Film CEI, Fondazione Ente dello Spettacolo e Associazione Cattolica Esercenti Cinema \u2013 Sale della Comunit\u00e0, la proposta \u00e8 una sorta di pro-vocazione, nel senso etimologico del termine, ovvero una chiamata a uscire fuori, a mettersi in cammino. Il cinema \u00e8 una molla per la sua forza immersiva e la sua capacit\u00e0 propulsiva. I film segnalati vanno letti proprio in questa chiave. Il testo \u00e8 organizzato in tre sezioni che riprendono altrettante parti della Bolla d\u2019indizione del Giubileo: parole di speranza; cammini di speranza; segni di speranza<\/em>.\u201d<\/p>\n<p>Lo puoi trovare <a href=\"https:\/\/www.saledellacomunita.it\/wp-content\/uploads\/2024\/12\/Sussidio_Giubileo2025.pdf\" target=\"_blank\" rel=\"noopener\">a questo link<\/a><\/p>\n<ul>\n<li><strong>Focus tematici (Diocesi di Trento)<\/strong><\/li>\n<\/ul>\n<p>Si propongono alcuni<a href=\"https:\/\/www.diocesitn.it\/wp-content\/uploads\/2024\/09\/libretto_traccia-tematica.pdf\" target=\"_blank\" rel=\"noopener\"><strong>\u00a0focus tematici<\/strong>,<\/a>\u00a0individuati a partire dalla lettura condivisa della\u00a0<strong>Bolla di indizione del Giubileo<\/strong>\u00a0di Papa Francesco e dall\u2019Enciclica\u00a0<strong>Spe salvi <\/strong>di Papa Benedetto XVI.<\/p>\n<p>Si tratta di\u00a0<strong>sei spunti di riflessione<\/strong>\u00a0che possono essere ripresi\u00a0<strong>per camminare verso il Giubileo<\/strong>\u00a0e riflettere sul\u00a0<strong>tema della speranza<\/strong>. Ogni punto contiene una breve riflessione, la citazione dei documenti di riferimento, una provocazione e\/o una o pi\u00f9 domande. A queste si aggiungono l\u2019indicazione, quando possibile, di un \u2018<strong>luogo di speranza<\/strong>\u2019, a volte concreto e a volte simbolico, e la definizione di eventuali destinatari che potrebbero prendere spunto dalle proposte per il loro cammino.<\/p>\n<ul>\n<li><strong>Tracce per gruppi adolescenti (Diocesi di Padova)<\/strong><\/li>\n<\/ul>\n<p><a href=\"https:\/\/drive.google.com\/drive\/folders\/1BByG8Hq30fg-Ku1_aWUYyFIv69I5jsIi\" target=\"_blank\" rel=\"noopener\">In questa cartella<\/a> troverai del materiale per camminare verso il Giubileo degli adolescenti. L&#8217;incontro zero \u00e8 un\u2019introduzione agli elementi fondamentali del Giubileo; la prima tappa \u00e8 un\u00a0incontro sul tema della Speranza.<\/p>\n<ul>\n<li><strong>Tracce tematiche per i giorni precedenti l&#8217;apertura dell&#8217;anno giubilare per adolescenti e giovani (Diocesi di Trento)<\/strong><\/li>\n<\/ul>\n<p>Si tratta di <a href=\"https:\/\/www.diocesitn.it\/area-annuncio\/wp-content\/uploads\/sites\/39\/2024\/12\/libretto_tracce-tematiche-per-pellegrinaggio.pdf\" target=\"_blank\" rel=\"noopener\">3 <strong>tracce<\/strong> <strong>tematiche<\/strong><\/a> per of<span class=\"NormalTextRun SCXW49744158 BCX8\">frir<\/span><span class=\"NormalTextRun SCXW49744158 BCX8\">anno<\/span><span class=\"NormalTextRun SCXW49744158 BCX8\"> alcuni spunti ai gruppi di adolescenti e giovani in preparazione all&#8217;apertura dell&#8217;anno giubilare.<\/span><\/p>\n<p><span data-contrast=\"none\">Ogni traccia contiene un brano biblico di riferimento, <span style=\"font-size: inherit\" data-ccp-props=\"{&quot;134233117&quot;:false,&quot;134233118&quot;:false,&quot;201341983&quot;:0,&quot;335551550&quot;:6,&quot;335551620&quot;:6,&quot;335559737&quot;:0,&quot;335559738&quot;:0,&quot;335559739&quot;:160,&quot;335559740&quot;:259}\">s<\/span><span style=\"font-size: inherit\" data-contrast=\"none\">punti di riflessione e domande, <\/span>un&#8217;a<\/span><span style=\"font-size: inherit\" data-contrast=\"none\">ttivit\u00e0 per il cammino,<\/span><span style=\"font-size: inherit\" data-ccp-props=\"{&quot;134233117&quot;:false,&quot;134233118&quot;:false,&quot;201341983&quot;:0,&quot;335551550&quot;:6,&quot;335551620&quot;:6,&quot;335559737&quot;:0,&quot;335559738&quot;:0,&quot;335559739&quot;:160,&quot;335559740&quot;:259}\">\u00a0 un&#8217;attivit\u00e0 per quando non si cammina, un segno tangibile, una modalit\u00e0 di preghiera.<\/span><\/p>\n<p>&nbsp;<\/p>\n<p>&nbsp;<\/p>\n","protected":false},"excerpt":{"rendered":"<p>Il Giubileo del 2025 &#8220;Pellegrini di Speranza&#8221; costituisce una preziosa occasione per approfondire la fede e riscoprire la speranza cristiana. E&#8217; importante tenere conto che la partecipazione al Giubileo a Roma \u00e8 una parte del<\/p>\n","protected":false},"author":179,"featured_media":22528,"comment_status":"closed","ping_status":"closed","sticky":false,"template":"","format":"standard","meta":{"footnotes":""},"categories":[618,608],"tags":[],"class_list":["post-22321","post","type-post","status-publish","format-standard","has-post-thumbnail","hentry","category-servizio-catechistico-giovani-pastorale-giovanile","category-notizie"],"acf":{"seed-localization-paese-cod":"IT","seed-localization-address":"","seed-localization-citta":"Trento","seed-localization-regione-cod-istat":"04","seed-localization-citta-cod-istat":"022205","seed-localization-localita":"","seed-localization-cap":"","seed-localization-marker-visibility":false,"seed-localization-children-visibility":false,"seed-localization-kml":"","seed-localization-custom-marker":""},"yoast_head":"<!-- This site is optimized with the Yoast SEO Premium plugin v20.2.1 (Yoast SEO v22.2) - https:\/\/yoast.com\/wordpress\/plugins\/seo\/ -->\n<title>Materiale per il Giubileo per gruppi adolescenti e giovani - Annuncio e Sacramenti - Chiesa di Trento<\/title>\n<meta name=\"robots\" content=\"index, follow, max-snippet:-1, max-image-preview:large, max-video-preview:-1\" \/>\n<link rel=\"canonical\" href=\"https:\/\/www.diocesitn.it\/area-annuncio\/2024\/10\/24\/materiale-giubileo-ado-giovani\/\" \/>\n<meta property=\"og:locale\" content=\"it_IT\" \/>\n<meta property=\"og:type\" content=\"article\" \/>\n<meta property=\"og:title\" content=\"Materiale per il Giubileo per gruppi adolescenti e giovani\" \/>\n<meta property=\"og:description\" content=\"Il Giubileo del 2025 &#8220;Pellegrini di Speranza&#8221; costituisce una preziosa occasione per approfondire la fede e riscoprire la speranza cristiana. E&#8217; importante tenere conto che la partecipazione al Giubileo a Roma \u00e8 una parte del\" \/>\n<meta property=\"og:url\" content=\"https:\/\/www.diocesitn.it\/area-annuncio\/2024\/10\/24\/materiale-giubileo-ado-giovani\/\" \/>\n<meta property=\"og:site_name\" content=\"Annuncio e Sacramenti\" \/>\n<meta property=\"article:publisher\" content=\"https:\/\/www.facebook.com\/pastoralegiovanile.trento\/\" \/>\n<meta property=\"article:published_time\" content=\"2024-10-24T09:29:44+00:00\" \/>\n<meta property=\"article:modified_time\" content=\"2025-01-29T11:56:44+00:00\" \/>\n<meta property=\"og:image\" content=\"https:\/\/www.diocesitn.it\/area-annuncio\/wp-content\/uploads\/sites\/39\/2024\/10\/volantini-giubileo-2025-Presentazione.jpg\" \/>\n\t<meta property=\"og:image:width\" content=\"1920\" \/>\n\t<meta property=\"og:image:height\" content=\"1080\" \/>\n\t<meta property=\"og:image:type\" content=\"image\/jpeg\" \/>\n<meta name=\"author\" content=\"lsegnana\" \/>\n<meta name=\"twitter:card\" content=\"summary_large_image\" \/>\n<meta name=\"twitter:label1\" content=\"Scritto da\" \/>\n\t<meta name=\"twitter:data1\" content=\"lsegnana\" \/>\n\t<meta name=\"twitter:label2\" content=\"Tempo di lettura stimato\" \/>\n\t<meta name=\"twitter:data2\" content=\"3 minuti\" \/>\n<script type=\"application\/ld+json\" class=\"yoast-schema-graph\">{\"@context\":\"https:\/\/schema.org\",\"@graph\":[{\"@type\":\"Article\",\"@id\":\"https:\/\/www.diocesitn.it\/area-annuncio\/2024\/10\/24\/materiale-giubileo-ado-giovani\/#article\",\"isPartOf\":{\"@id\":\"https:\/\/www.diocesitn.it\/area-annuncio\/2024\/10\/24\/materiale-giubileo-ado-giovani\/\"},\"author\":{\"name\":\"lsegnana\",\"@id\":\"https:\/\/www.diocesitn.it\/area-annuncio\/#\/schema\/person\/47b3e5ac123af8c05031d0a2fae5dcde\"},\"headline\":\"Materiale per il Giubileo per gruppi adolescenti e giovani\",\"datePublished\":\"2024-10-24T09:29:44+00:00\",\"dateModified\":\"2025-01-29T11:56:44+00:00\",\"mainEntityOfPage\":{\"@id\":\"https:\/\/www.diocesitn.it\/area-annuncio\/2024\/10\/24\/materiale-giubileo-ado-giovani\/\"},\"wordCount\":594,\"publisher\":{\"@id\":\"https:\/\/www.diocesitn.it\/area-annuncio\/#organization\"},\"image\":{\"@id\":\"https:\/\/www.diocesitn.it\/area-annuncio\/2024\/10\/24\/materiale-giubileo-ado-giovani\/#primaryimage\"},\"thumbnailUrl\":\"https:\/\/www.diocesitn.it\/area-annuncio\/wp-content\/uploads\/sites\/39\/2024\/10\/volantini-giubileo-2025-Presentazione.jpg\",\"articleSection\":[\"Giovani\",\"Notizie\"],\"inLanguage\":\"it-IT\",\"copyrightYear\":\"2024\",\"copyrightHolder\":{\"@id\":\"https:\/\/www.diocesitn.it\/#organization\"}},{\"@type\":\"WebPage\",\"@id\":\"https:\/\/www.diocesitn.it\/area-annuncio\/2024\/10\/24\/materiale-giubileo-ado-giovani\/\",\"url\":\"https:\/\/www.diocesitn.it\/area-annuncio\/2024\/10\/24\/materiale-giubileo-ado-giovani\/\",\"name\":\"Materiale per il Giubileo per gruppi adolescenti e giovani - Annuncio e Sacramenti - Chiesa di Trento\",\"isPartOf\":{\"@id\":\"https:\/\/www.diocesitn.it\/area-annuncio\/#website\"},\"primaryImageOfPage\":{\"@id\":\"https:\/\/www.diocesitn.it\/area-annuncio\/2024\/10\/24\/materiale-giubileo-ado-giovani\/#primaryimage\"},\"image\":{\"@id\":\"https:\/\/www.diocesitn.it\/area-annuncio\/2024\/10\/24\/materiale-giubileo-ado-giovani\/#primaryimage\"},\"thumbnailUrl\":\"https:\/\/www.diocesitn.it\/area-annuncio\/wp-content\/uploads\/sites\/39\/2024\/10\/volantini-giubileo-2025-Presentazione.jpg\",\"datePublished\":\"2024-10-24T09:29:44+00:00\",\"dateModified\":\"2025-01-29T11:56:44+00:00\",\"breadcrumb\":{\"@id\":\"https:\/\/www.diocesitn.it\/area-annuncio\/2024\/10\/24\/materiale-giubileo-ado-giovani\/#breadcrumb\"},\"inLanguage\":\"it-IT\",\"potentialAction\":[{\"@type\":\"ReadAction\",\"target\":[\"https:\/\/www.diocesitn.it\/area-annuncio\/2024\/10\/24\/materiale-giubileo-ado-giovani\/\"]}]},{\"@type\":\"ImageObject\",\"inLanguage\":\"it-IT\",\"@id\":\"https:\/\/www.diocesitn.it\/area-annuncio\/2024\/10\/24\/materiale-giubileo-ado-giovani\/#primaryimage\",\"url\":\"https:\/\/www.diocesitn.it\/area-annuncio\/wp-content\/uploads\/sites\/39\/2024\/10\/volantini-giubileo-2025-Presentazione.jpg\",\"contentUrl\":\"https:\/\/www.diocesitn.it\/area-annuncio\/wp-content\/uploads\/sites\/39\/2024\/10\/volantini-giubileo-2025-Presentazione.jpg\",\"width\":1920,\"height\":1080},{\"@type\":\"BreadcrumbList\",\"@id\":\"https:\/\/www.diocesitn.it\/area-annuncio\/2024\/10\/24\/materiale-giubileo-ado-giovani\/#breadcrumb\",\"itemListElement\":[{\"@type\":\"ListItem\",\"position\":1,\"name\":\"Home\",\"item\":\"https:\/\/www.diocesitn.it\/area-annuncio\/\"},{\"@type\":\"ListItem\",\"position\":2,\"name\":\"Materiale per il Giubileo per gruppi adolescenti e giovani\"}]},{\"@type\":\"WebSite\",\"@id\":\"https:\/\/www.diocesitn.it\/area-annuncio\/#website\",\"url\":\"https:\/\/www.diocesitn.it\/area-annuncio\/\",\"name\":\"Annuncio e Sacramenti\",\"description\":\"Chiesa di Trento\",\"publisher\":{\"@id\":\"https:\/\/www.diocesitn.it\/area-annuncio\/#organization\"},\"potentialAction\":[{\"@type\":\"SearchAction\",\"target\":{\"@type\":\"EntryPoint\",\"urlTemplate\":\"https:\/\/www.diocesitn.it\/area-annuncio\/?s={search_term_string}\"},\"query-input\":\"required name=search_term_string\"}],\"inLanguage\":\"it-IT\"},{\"@type\":[\"Organization\",\"Place\"],\"@id\":\"https:\/\/www.diocesitn.it\/area-annuncio\/#organization\",\"name\":\"Area Annuncio e Sacramenti - Chiesa di Trento\",\"url\":\"https:\/\/www.diocesitn.it\/area-annuncio\/\",\"logo\":{\"@id\":\"https:\/\/www.diocesitn.it\/area-annuncio\/2024\/10\/24\/materiale-giubileo-ado-giovani\/#local-main-organization-logo\"},\"image\":{\"@id\":\"https:\/\/www.diocesitn.it\/area-annuncio\/2024\/10\/24\/materiale-giubileo-ado-giovani\/#local-main-organization-logo\"},\"sameAs\":[\"https:\/\/www.facebook.com\/pastoralegiovanile.trento\/\",\"https:\/\/www.instagram.com\/pastoralegiovaniletrento\/\",\"https:\/\/www.youtube.com\/channel\/UCGt7hyJaIQIkrQPos4K6L6w\"],\"openingHoursSpecification\":[{\"@type\":\"OpeningHoursSpecification\",\"dayOfWeek\":[\"Monday\",\"Tuesday\",\"Wednesday\",\"Thursday\",\"Friday\",\"Saturday\",\"Sunday\"],\"opens\":\"09:00\",\"closes\":\"17:00\"}]},{\"@type\":\"ImageObject\",\"inLanguage\":\"it-IT\",\"@id\":\"https:\/\/www.diocesitn.it\/area-annuncio\/2024\/10\/24\/materiale-giubileo-ado-giovani\/#local-main-organization-logo\",\"url\":\"https:\/\/www.diocesitn.it\/area-annuncio\/wp-content\/uploads\/sites\/39\/2021\/09\/og-logo-annuncio-e-sacramenti.jpg\",\"contentUrl\":\"https:\/\/www.diocesitn.it\/area-annuncio\/wp-content\/uploads\/sites\/39\/2021\/09\/og-logo-annuncio-e-sacramenti.jpg\",\"width\":1200,\"height\":630,\"caption\":\"Area Annuncio e Sacramenti - Chiesa di Trento\"}]}<\/script>\n<!-- \/ Yoast SEO Premium plugin. -->","yoast_head_json":{"title":"Materiale per il Giubileo per gruppi adolescenti e giovani - Annuncio e Sacramenti - Chiesa di Trento","robots":{"index":"index","follow":"follow","max-snippet":"max-snippet:-1","max-image-preview":"max-image-preview:large","max-video-preview":"max-video-preview:-1"},"canonical":"https:\/\/www.diocesitn.it\/area-annuncio\/2024\/10\/24\/materiale-giubileo-ado-giovani\/","og_locale":"it_IT","og_type":"article","og_title":"Materiale per il Giubileo per gruppi adolescenti e giovani","og_description":"Il Giubileo del 2025 &#8220;Pellegrini di Speranza&#8221; costituisce una preziosa occasione per approfondire la fede e riscoprire la speranza cristiana. E&#8217; importante tenere conto che la partecipazione al Giubileo a Roma \u00e8 una parte del","og_url":"https:\/\/www.diocesitn.it\/area-annuncio\/2024\/10\/24\/materiale-giubileo-ado-giovani\/","og_site_name":"Annuncio e Sacramenti","article_publisher":"https:\/\/www.facebook.com\/pastoralegiovanile.trento\/","article_published_time":"2024-10-24T09:29:44+00:00","article_modified_time":"2025-01-29T11:56:44+00:00","og_image":[{"width":1920,"height":1080,"url":"https:\/\/www.diocesitn.it\/area-annuncio\/wp-content\/uploads\/sites\/39\/2024\/10\/volantini-giubileo-2025-Presentazione.jpg","type":"image\/jpeg"}],"author":"lsegnana","twitter_card":"summary_large_image","twitter_misc":{"Scritto da":"lsegnana","Tempo di lettura stimato":"3 minuti"},"schema":{"@context":"https:\/\/schema.org","@graph":[{"@type":"Article","@id":"https:\/\/www.diocesitn.it\/area-annuncio\/2024\/10\/24\/materiale-giubileo-ado-giovani\/#article","isPartOf":{"@id":"https:\/\/www.diocesitn.it\/area-annuncio\/2024\/10\/24\/materiale-giubileo-ado-giovani\/"},"author":{"name":"lsegnana","@id":"https:\/\/www.diocesitn.it\/area-annuncio\/#\/schema\/person\/47b3e5ac123af8c05031d0a2fae5dcde"},"headline":"Materiale per il Giubileo per gruppi adolescenti e giovani","datePublished":"2024-10-24T09:29:44+00:00","dateModified":"2025-01-29T11:56:44+00:00","mainEntityOfPage":{"@id":"https:\/\/www.diocesitn.it\/area-annuncio\/2024\/10\/24\/materiale-giubileo-ado-giovani\/"},"wordCount":594,"publisher":{"@id":"https:\/\/www.diocesitn.it\/area-annuncio\/#organization"},"image":{"@id":"https:\/\/www.diocesitn.it\/area-annuncio\/2024\/10\/24\/materiale-giubileo-ado-giovani\/#primaryimage"},"thumbnailUrl":"https:\/\/www.diocesitn.it\/area-annuncio\/wp-content\/uploads\/sites\/39\/2024\/10\/volantini-giubileo-2025-Presentazione.jpg","articleSection":["Giovani","Notizie"],"inLanguage":"it-IT","copyrightYear":"2024","copyrightHolder":{"@id":"https:\/\/www.diocesitn.it\/#organization"}},{"@type":"WebPage","@id":"https:\/\/www.diocesitn.it\/area-annuncio\/2024\/10\/24\/materiale-giubileo-ado-giovani\/","url":"https:\/\/www.diocesitn.it\/area-annuncio\/2024\/10\/24\/materiale-giubileo-ado-giovani\/","name":"Materiale per il Giubileo per gruppi adolescenti e giovani - Annuncio e Sacramenti - Chiesa di Trento","isPartOf":{"@id":"https:\/\/www.diocesitn.it\/area-annuncio\/#website"},"primaryImageOfPage":{"@id":"https:\/\/www.diocesitn.it\/area-annuncio\/2024\/10\/24\/materiale-giubileo-ado-giovani\/#primaryimage"},"image":{"@id":"https:\/\/www.diocesitn.it\/area-annuncio\/2024\/10\/24\/materiale-giubileo-ado-giovani\/#primaryimage"},"thumbnailUrl":"https:\/\/www.diocesitn.it\/area-annuncio\/wp-content\/uploads\/sites\/39\/2024\/10\/volantini-giubileo-2025-Presentazione.jpg","datePublished":"2024-10-24T09:29:44+00:00","dateModified":"2025-01-29T11:56:44+00:00","breadcrumb":{"@id":"https:\/\/www.diocesitn.it\/area-annuncio\/2024\/10\/24\/materiale-giubileo-ado-giovani\/#breadcrumb"},"inLanguage":"it-IT","potentialAction":[{"@type":"ReadAction","target":["https:\/\/www.diocesitn.it\/area-annuncio\/2024\/10\/24\/materiale-giubileo-ado-giovani\/"]}]},{"@type":"ImageObject","inLanguage":"it-IT","@id":"https:\/\/www.diocesitn.it\/area-annuncio\/2024\/10\/24\/materiale-giubileo-ado-giovani\/#primaryimage","url":"https:\/\/www.diocesitn.it\/area-annuncio\/wp-content\/uploads\/sites\/39\/2024\/10\/volantini-giubileo-2025-Presentazione.jpg","contentUrl":"https:\/\/www.diocesitn.it\/area-annuncio\/wp-content\/uploads\/sites\/39\/2024\/10\/volantini-giubileo-2025-Presentazione.jpg","width":1920,"height":1080},{"@type":"BreadcrumbList","@id":"https:\/\/www.diocesitn.it\/area-annuncio\/2024\/10\/24\/materiale-giubileo-ado-giovani\/#breadcrumb","itemListElement":[{"@type":"ListItem","position":1,"name":"Home","item":"https:\/\/www.diocesitn.it\/area-annuncio\/"},{"@type":"ListItem","position":2,"name":"Materiale per il Giubileo per gruppi adolescenti e giovani"}]},{"@type":"WebSite","@id":"https:\/\/www.diocesitn.it\/area-annuncio\/#website","url":"https:\/\/www.diocesitn.it\/area-annuncio\/","name":"Annuncio e Sacramenti","description":"Chiesa di Trento","publisher":{"@id":"https:\/\/www.diocesitn.it\/area-annuncio\/#organization"},"potentialAction":[{"@type":"SearchAction","target":{"@type":"EntryPoint","urlTemplate":"https:\/\/www.diocesitn.it\/area-annuncio\/?s={search_term_string}"},"query-input":"required name=search_term_string"}],"inLanguage":"it-IT"},{"@type":["Organization","Place"],"@id":"https:\/\/www.diocesitn.it\/area-annuncio\/#organization","name":"Area Annuncio e Sacramenti - Chiesa di Trento","url":"https:\/\/www.diocesitn.it\/area-annuncio\/","logo":{"@id":"https:\/\/www.diocesitn.it\/area-annuncio\/2024\/10\/24\/materiale-giubileo-ado-giovani\/#local-main-organization-logo"},"image":{"@id":"https:\/\/www.diocesitn.it\/area-annuncio\/2024\/10\/24\/materiale-giubileo-ado-giovani\/#local-main-organization-logo"},"sameAs":["https:\/\/www.facebook.com\/pastoralegiovanile.trento\/","https:\/\/www.instagram.com\/pastoralegiovaniletrento\/","https:\/\/www.youtube.com\/channel\/UCGt7hyJaIQIkrQPos4K6L6w"],"openingHoursSpecification":[{"@type":"OpeningHoursSpecification","dayOfWeek":["Monday","Tuesday","Wednesday","Thursday","Friday","Saturday","Sunday"],"opens":"09:00","closes":"17:00"}]},{"@type":"ImageObject","inLanguage":"it-IT","@id":"https:\/\/www.diocesitn.it\/area-annuncio\/2024\/10\/24\/materiale-giubileo-ado-giovani\/#local-main-organization-logo","url":"https:\/\/www.diocesitn.it\/area-annuncio\/wp-content\/uploads\/sites\/39\/2021\/09\/og-logo-annuncio-e-sacramenti.jpg","contentUrl":"https:\/\/www.diocesitn.it\/area-annuncio\/wp-content\/uploads\/sites\/39\/2021\/09\/og-logo-annuncio-e-sacramenti.jpg","width":1200,"height":630,"caption":"Area Annuncio e Sacramenti - Chiesa di Trento"}]}},"_links":{"self":[{"href":"https:\/\/www.diocesitn.it\/area-annuncio\/wp-json\/wp\/v2\/posts\/22321","targetHints":{"allow":["GET"]}}],"collection":[{"href":"https:\/\/www.diocesitn.it\/area-annuncio\/wp-json\/wp\/v2\/posts"}],"about":[{"href":"https:\/\/www.diocesitn.it\/area-annuncio\/wp-json\/wp\/v2\/types\/post"}],"author":[{"embeddable":true,"href":"https:\/\/www.diocesitn.it\/area-annuncio\/wp-json\/wp\/v2\/users\/179"}],"replies":[{"embeddable":true,"href":"https:\/\/www.diocesitn.it\/area-annuncio\/wp-json\/wp\/v2\/comments?post=22321"}],"version-history":[{"count":4,"href":"https:\/\/www.diocesitn.it\/area-annuncio\/wp-json\/wp\/v2\/posts\/22321\/revisions"}],"predecessor-version":[{"id":24558,"href":"https:\/\/www.diocesitn.it\/area-annuncio\/wp-json\/wp\/v2\/posts\/22321\/revisions\/24558"}],"wp:featuredmedia":[{"embeddable":true,"href":"https:\/\/www.diocesitn.it\/area-annuncio\/wp-json\/wp\/v2\/media\/22528"}],"wp:attachment":[{"href":"https:\/\/www.diocesitn.it\/area-annuncio\/wp-json\/wp\/v2\/media?parent=22321"}],"wp:term":[{"taxonomy":"category","embeddable":true,"href":"https:\/\/www.diocesitn.it\/area-annuncio\/wp-json\/wp\/v2\/categories?post=22321"},{"taxonomy":"post_tag","embeddable":true,"href":"https:\/\/www.diocesitn.it\/area-annuncio\/wp-json\/wp\/v2\/tags?post=22321"}],"curies":[{"name":"wp","href":"https:\/\/api.w.org\/{rel}","templated":true}]}}