{"id":22141,"date":"2024-10-09T10:53:29","date_gmt":"2024-10-09T08:53:29","guid":{"rendered":"https:\/\/www.diocesitn.it\/area-annuncio\/?p=22141"},"modified":"2024-10-09T11:30:15","modified_gmt":"2024-10-09T09:30:15","slug":"avocado-percorso-vocazionale-per-adolescenti","status":"publish","type":"post","link":"https:\/\/www.diocesitn.it\/area-annuncio\/2024\/10\/09\/avocado-percorso-vocazionale-per-adolescenti\/","title":{"rendered":"aVocAdo, percorso vocazionale per adolescenti"},"content":{"rendered":"<p>Parte anche quest&#8217;anno aVocAdo, il gruppo per gli adolescenti in cerca di qualcosa di pi\u00f9!<\/p>\n<p>aVocAdo \u00e8 un cammino vocazionale per gli adolescenti che desiderano conoscere meglio se stessi e Ges\u00f9, confrontandosi con i loro coetanei, grazie all&#8217;incontro con testimoni e alla condivisione di attivit\u00e0 nei quali riconoscere insieme la presenza di Ges\u00f9 e di chi gli \u00e8 amico.<\/p>\n<p>In compagnia di un sacerdote ed alcuni giovani animatori, si vivranno tante esperienze in un clima di amicizia, di accoglienza e di spiritualit\u00e0. Si cercher\u00e0 di orientarsi nelle varie scelte di vita, coltivando quel dono prezioso che sono i sogni, per capire come vivere il proprio desiderio di amore (nella famiglia, nel sacerdozio, nella vita consacrata, nel servizio agli altri, nei rapporti con i coetanei\u2026).<\/p>\n<p><a href=\"https:\/\/www.diocesitn.it\/area-annuncio\/wp-content\/uploads\/sites\/39\/2024\/10\/aVocAdo-2024_25_video.mp4\" target=\"_blank\" rel=\"noopener\">Guarda il video di presentazione!<\/a><\/p>\n<p><strong>Info<\/strong><\/p>\n<ul>\n<li>Per chi? Ragazzi e ragazze dalla 1\u00b0 alla 5\u00b0 superiore (14-18 anni)<\/li>\n<li>Quando? Domenica pomeriggio, dalle 15 alle 20<\/li>\n<li>Quali domeniche? 13 ottobre, 10 novembre, 1 dicembre, 12 gennaio, 16 marzo.<\/li>\n<li>Dove? Casa delle Vocazioni, viale Verona 143 \u2013 Trento<\/li>\n<li>Info: Servizio Pastorale giovanile, 3407060488,\u00a0 <a style=\"font-size: inherit;background-color: #ffffff\" href=\"mailto:giovani@diocesitn.it\">giovani@diocesitn.it<\/a><span style=\"font-size: inherit\">; Casa delle Vocazioni, 3409286139, <\/span><a style=\"font-size: inherit;background-color: #ffffff\" href=\"mailto:casavocazionale@diocesitn.it\">casavocazionale@diocesitn.it<\/a><\/li>\n<li>Appuntamenti speciali. 28 e 29 dicembre: Apertura dell\u2019anno giubilare a Trento; 16 febbraio: Giornata oratori a Rovereto<\/li>\n<\/ul>\n<p><a href=\"https:\/\/www.diocesitn.it\/area-annuncio\/wp-content\/uploads\/sites\/39\/2024\/10\/aVocAdo-2024_25.pdf\" target=\"_blank\" rel=\"noopener\"><img loading=\"lazy\" decoding=\"async\" class=\"alignnone wp-image-22143\" src=\"https:\/\/www.diocesitn.it\/area-annuncio\/wp-content\/uploads\/sites\/39\/2024\/10\/aVocAdo-2024_25-212x300.png\" alt=\"\" width=\"148\" height=\"209\" srcset=\"https:\/\/www.diocesitn.it\/area-annuncio\/wp-content\/uploads\/sites\/39\/2024\/10\/aVocAdo-2024_25-212x300.png 212w, https:\/\/www.diocesitn.it\/area-annuncio\/wp-content\/uploads\/sites\/39\/2024\/10\/aVocAdo-2024_25-724x1024.png 724w, https:\/\/www.diocesitn.it\/area-annuncio\/wp-content\/uploads\/sites\/39\/2024\/10\/aVocAdo-2024_25-768x1086.png 768w, https:\/\/www.diocesitn.it\/area-annuncio\/wp-content\/uploads\/sites\/39\/2024\/10\/aVocAdo-2024_25-198x280.png 198w, https:\/\/www.diocesitn.it\/area-annuncio\/wp-content\/uploads\/sites\/39\/2024\/10\/aVocAdo-2024_25-543x768.png 543w, https:\/\/www.diocesitn.it\/area-annuncio\/wp-content\/uploads\/sites\/39\/2024\/10\/aVocAdo-2024_25-1086x1536.png 1086w, https:\/\/www.diocesitn.it\/area-annuncio\/wp-content\/uploads\/sites\/39\/2024\/10\/aVocAdo-2024_25-1448x2048.png 1448w, https:\/\/www.diocesitn.it\/area-annuncio\/wp-content\/uploads\/sites\/39\/2024\/10\/aVocAdo-2024_25-800x1132.png 800w, https:\/\/www.diocesitn.it\/area-annuncio\/wp-content\/uploads\/sites\/39\/2024\/10\/aVocAdo-2024_25-1200x1698.png 1200w, https:\/\/www.diocesitn.it\/area-annuncio\/wp-content\/uploads\/sites\/39\/2024\/10\/aVocAdo-2024_25-1320x1867.png 1320w, https:\/\/www.diocesitn.it\/area-annuncio\/wp-content\/uploads\/sites\/39\/2024\/10\/aVocAdo-2024_25.png 1587w\" sizes=\"auto, (max-width: 148px) 100vw, 148px\" \/><\/a><\/p>\n","protected":false},"excerpt":{"rendered":"<p>Parte anche quest&#8217;anno aVocAdo, il gruppo per gli adolescenti in cerca di qualcosa di pi\u00f9! aVocAdo \u00e8 un cammino vocazionale per gli adolescenti che desiderano conoscere meglio se stessi e Ges\u00f9, confrontandosi con i loro<\/p>\n","protected":false},"author":167,"featured_media":22057,"comment_status":"closed","ping_status":"closed","sticky":false,"template":"","format":"standard","meta":{"footnotes":""},"categories":[618,608],"tags":[],"class_list":["post-22141","post","type-post","status-publish","format-standard","has-post-thumbnail","hentry","category-servizio-catechistico-giovani-pastorale-giovanile","category-notizie"],"acf":{"seed-localization-paese-cod":"IT","seed-localization-address":"","seed-localization-citta":"Trento","seed-localization-regione-cod-istat":"04","seed-localization-citta-cod-istat":"022205","seed-localization-localita":"","seed-localization-cap":"","seed-localization-marker-visibility":false,"seed-localization-children-visibility":false,"seed-localization-kml":"","seed-localization-custom-marker":""},"yoast_head":"<!-- This site is optimized with the Yoast SEO Premium plugin v20.2.1 (Yoast SEO v22.2) - https:\/\/yoast.com\/wordpress\/plugins\/seo\/ -->\n<title>aVocAdo, percorso vocazionale per adolescenti - Annuncio e Sacramenti - Chiesa di Trento<\/title>\n<meta name=\"robots\" content=\"index, follow, max-snippet:-1, max-image-preview:large, max-video-preview:-1\" \/>\n<link rel=\"canonical\" href=\"https:\/\/www.diocesitn.it\/area-annuncio\/2024\/10\/09\/avocado-percorso-vocazionale-per-adolescenti\/\" \/>\n<meta property=\"og:locale\" content=\"it_IT\" \/>\n<meta property=\"og:type\" content=\"article\" \/>\n<meta property=\"og:title\" content=\"aVocAdo, percorso vocazionale per adolescenti\" \/>\n<meta property=\"og:description\" content=\"Parte anche quest&#8217;anno aVocAdo, il gruppo per gli adolescenti in cerca di qualcosa di pi\u00f9! aVocAdo \u00e8 un cammino vocazionale per gli adolescenti che desiderano conoscere meglio se stessi e Ges\u00f9, confrontandosi con i loro\" \/>\n<meta property=\"og:url\" content=\"https:\/\/www.diocesitn.it\/area-annuncio\/2024\/10\/09\/avocado-percorso-vocazionale-per-adolescenti\/\" \/>\n<meta property=\"og:site_name\" content=\"Annuncio e Sacramenti\" \/>\n<meta property=\"article:publisher\" content=\"https:\/\/www.facebook.com\/pastoralegiovanile.trento\/\" \/>\n<meta property=\"article:published_time\" content=\"2024-10-09T08:53:29+00:00\" \/>\n<meta property=\"article:modified_time\" content=\"2024-10-09T09:30:15+00:00\" \/>\n<meta property=\"og:image\" content=\"https:\/\/www.diocesitn.it\/area-annuncio\/wp-content\/uploads\/sites\/39\/2024\/10\/aVocAdo-2024_25-sito.png\" \/>\n\t<meta property=\"og:image:width\" content=\"1920\" \/>\n\t<meta property=\"og:image:height\" content=\"1080\" \/>\n\t<meta property=\"og:image:type\" content=\"image\/png\" \/>\n<meta name=\"author\" content=\"ccremonesi\" \/>\n<meta name=\"twitter:card\" content=\"summary_large_image\" \/>\n<meta name=\"twitter:label1\" content=\"Scritto da\" \/>\n\t<meta name=\"twitter:data1\" content=\"ccremonesi\" \/>\n\t<meta name=\"twitter:label2\" content=\"Tempo di lettura stimato\" \/>\n\t<meta name=\"twitter:data2\" content=\"1 minuto\" \/>\n<script type=\"application\/ld+json\" class=\"yoast-schema-graph\">{\"@context\":\"https:\/\/schema.org\",\"@graph\":[{\"@type\":\"Article\",\"@id\":\"https:\/\/www.diocesitn.it\/area-annuncio\/2024\/10\/09\/avocado-percorso-vocazionale-per-adolescenti\/#article\",\"isPartOf\":{\"@id\":\"https:\/\/www.diocesitn.it\/area-annuncio\/2024\/10\/09\/avocado-percorso-vocazionale-per-adolescenti\/\"},\"author\":{\"name\":\"ccremonesi\",\"@id\":\"https:\/\/www.diocesitn.it\/area-annuncio\/#\/schema\/person\/8963f67519fa0dce29c5ba33955dd0f0\"},\"headline\":\"aVocAdo, percorso vocazionale per adolescenti\",\"datePublished\":\"2024-10-09T08:53:29+00:00\",\"dateModified\":\"2024-10-09T09:30:15+00:00\",\"mainEntityOfPage\":{\"@id\":\"https:\/\/www.diocesitn.it\/area-annuncio\/2024\/10\/09\/avocado-percorso-vocazionale-per-adolescenti\/\"},\"wordCount\":190,\"publisher\":{\"@id\":\"https:\/\/www.diocesitn.it\/area-annuncio\/#organization\"},\"image\":{\"@id\":\"https:\/\/www.diocesitn.it\/area-annuncio\/2024\/10\/09\/avocado-percorso-vocazionale-per-adolescenti\/#primaryimage\"},\"thumbnailUrl\":\"https:\/\/www.diocesitn.it\/area-annuncio\/wp-content\/uploads\/sites\/39\/2024\/10\/aVocAdo-2024_25-sito.png\",\"articleSection\":[\"Giovani\",\"Notizie\"],\"inLanguage\":\"it-IT\",\"copyrightYear\":\"2024\",\"copyrightHolder\":{\"@id\":\"https:\/\/www.diocesitn.it\/#organization\"}},{\"@type\":\"WebPage\",\"@id\":\"https:\/\/www.diocesitn.it\/area-annuncio\/2024\/10\/09\/avocado-percorso-vocazionale-per-adolescenti\/\",\"url\":\"https:\/\/www.diocesitn.it\/area-annuncio\/2024\/10\/09\/avocado-percorso-vocazionale-per-adolescenti\/\",\"name\":\"aVocAdo, percorso vocazionale per adolescenti - Annuncio e Sacramenti - Chiesa di Trento\",\"isPartOf\":{\"@id\":\"https:\/\/www.diocesitn.it\/area-annuncio\/#website\"},\"primaryImageOfPage\":{\"@id\":\"https:\/\/www.diocesitn.it\/area-annuncio\/2024\/10\/09\/avocado-percorso-vocazionale-per-adolescenti\/#primaryimage\"},\"image\":{\"@id\":\"https:\/\/www.diocesitn.it\/area-annuncio\/2024\/10\/09\/avocado-percorso-vocazionale-per-adolescenti\/#primaryimage\"},\"thumbnailUrl\":\"https:\/\/www.diocesitn.it\/area-annuncio\/wp-content\/uploads\/sites\/39\/2024\/10\/aVocAdo-2024_25-sito.png\",\"datePublished\":\"2024-10-09T08:53:29+00:00\",\"dateModified\":\"2024-10-09T09:30:15+00:00\",\"breadcrumb\":{\"@id\":\"https:\/\/www.diocesitn.it\/area-annuncio\/2024\/10\/09\/avocado-percorso-vocazionale-per-adolescenti\/#breadcrumb\"},\"inLanguage\":\"it-IT\",\"potentialAction\":[{\"@type\":\"ReadAction\",\"target\":[\"https:\/\/www.diocesitn.it\/area-annuncio\/2024\/10\/09\/avocado-percorso-vocazionale-per-adolescenti\/\"]}]},{\"@type\":\"ImageObject\",\"inLanguage\":\"it-IT\",\"@id\":\"https:\/\/www.diocesitn.it\/area-annuncio\/2024\/10\/09\/avocado-percorso-vocazionale-per-adolescenti\/#primaryimage\",\"url\":\"https:\/\/www.diocesitn.it\/area-annuncio\/wp-content\/uploads\/sites\/39\/2024\/10\/aVocAdo-2024_25-sito.png\",\"contentUrl\":\"https:\/\/www.diocesitn.it\/area-annuncio\/wp-content\/uploads\/sites\/39\/2024\/10\/aVocAdo-2024_25-sito.png\",\"width\":1920,\"height\":1080},{\"@type\":\"BreadcrumbList\",\"@id\":\"https:\/\/www.diocesitn.it\/area-annuncio\/2024\/10\/09\/avocado-percorso-vocazionale-per-adolescenti\/#breadcrumb\",\"itemListElement\":[{\"@type\":\"ListItem\",\"position\":1,\"name\":\"Home\",\"item\":\"https:\/\/www.diocesitn.it\/area-annuncio\/\"},{\"@type\":\"ListItem\",\"position\":2,\"name\":\"aVocAdo, percorso vocazionale per adolescenti\"}]},{\"@type\":\"WebSite\",\"@id\":\"https:\/\/www.diocesitn.it\/area-annuncio\/#website\",\"url\":\"https:\/\/www.diocesitn.it\/area-annuncio\/\",\"name\":\"Annuncio e Sacramenti\",\"description\":\"Chiesa di Trento\",\"publisher\":{\"@id\":\"https:\/\/www.diocesitn.it\/area-annuncio\/#organization\"},\"potentialAction\":[{\"@type\":\"SearchAction\",\"target\":{\"@type\":\"EntryPoint\",\"urlTemplate\":\"https:\/\/www.diocesitn.it\/area-annuncio\/?s={search_term_string}\"},\"query-input\":\"required name=search_term_string\"}],\"inLanguage\":\"it-IT\"},{\"@type\":[\"Organization\",\"Place\"],\"@id\":\"https:\/\/www.diocesitn.it\/area-annuncio\/#organization\",\"name\":\"Area Annuncio e Sacramenti - Chiesa di Trento\",\"url\":\"https:\/\/www.diocesitn.it\/area-annuncio\/\",\"logo\":{\"@id\":\"https:\/\/www.diocesitn.it\/area-annuncio\/2024\/10\/09\/avocado-percorso-vocazionale-per-adolescenti\/#local-main-organization-logo\"},\"image\":{\"@id\":\"https:\/\/www.diocesitn.it\/area-annuncio\/2024\/10\/09\/avocado-percorso-vocazionale-per-adolescenti\/#local-main-organization-logo\"},\"sameAs\":[\"https:\/\/www.facebook.com\/pastoralegiovanile.trento\/\",\"https:\/\/www.instagram.com\/pastoralegiovaniletrento\/\",\"https:\/\/www.youtube.com\/channel\/UCGt7hyJaIQIkrQPos4K6L6w\"],\"openingHoursSpecification\":[{\"@type\":\"OpeningHoursSpecification\",\"dayOfWeek\":[\"Monday\",\"Tuesday\",\"Wednesday\",\"Thursday\",\"Friday\",\"Saturday\",\"Sunday\"],\"opens\":\"09:00\",\"closes\":\"17:00\"}]},{\"@type\":\"ImageObject\",\"inLanguage\":\"it-IT\",\"@id\":\"https:\/\/www.diocesitn.it\/area-annuncio\/2024\/10\/09\/avocado-percorso-vocazionale-per-adolescenti\/#local-main-organization-logo\",\"url\":\"https:\/\/www.diocesitn.it\/area-annuncio\/wp-content\/uploads\/sites\/39\/2021\/09\/og-logo-annuncio-e-sacramenti.jpg\",\"contentUrl\":\"https:\/\/www.diocesitn.it\/area-annuncio\/wp-content\/uploads\/sites\/39\/2021\/09\/og-logo-annuncio-e-sacramenti.jpg\",\"width\":1200,\"height\":630,\"caption\":\"Area Annuncio e Sacramenti - Chiesa di Trento\"}]}<\/script>\n<!-- \/ Yoast SEO Premium plugin. -->","yoast_head_json":{"title":"aVocAdo, percorso vocazionale per adolescenti - Annuncio e Sacramenti - Chiesa di Trento","robots":{"index":"index","follow":"follow","max-snippet":"max-snippet:-1","max-image-preview":"max-image-preview:large","max-video-preview":"max-video-preview:-1"},"canonical":"https:\/\/www.diocesitn.it\/area-annuncio\/2024\/10\/09\/avocado-percorso-vocazionale-per-adolescenti\/","og_locale":"it_IT","og_type":"article","og_title":"aVocAdo, percorso vocazionale per adolescenti","og_description":"Parte anche quest&#8217;anno aVocAdo, il gruppo per gli adolescenti in cerca di qualcosa di pi\u00f9! aVocAdo \u00e8 un cammino vocazionale per gli adolescenti che desiderano conoscere meglio se stessi e Ges\u00f9, confrontandosi con i loro","og_url":"https:\/\/www.diocesitn.it\/area-annuncio\/2024\/10\/09\/avocado-percorso-vocazionale-per-adolescenti\/","og_site_name":"Annuncio e Sacramenti","article_publisher":"https:\/\/www.facebook.com\/pastoralegiovanile.trento\/","article_published_time":"2024-10-09T08:53:29+00:00","article_modified_time":"2024-10-09T09:30:15+00:00","og_image":[{"width":1920,"height":1080,"url":"https:\/\/www.diocesitn.it\/area-annuncio\/wp-content\/uploads\/sites\/39\/2024\/10\/aVocAdo-2024_25-sito.png","type":"image\/png"}],"author":"ccremonesi","twitter_card":"summary_large_image","twitter_misc":{"Scritto da":"ccremonesi","Tempo di lettura stimato":"1 minuto"},"schema":{"@context":"https:\/\/schema.org","@graph":[{"@type":"Article","@id":"https:\/\/www.diocesitn.it\/area-annuncio\/2024\/10\/09\/avocado-percorso-vocazionale-per-adolescenti\/#article","isPartOf":{"@id":"https:\/\/www.diocesitn.it\/area-annuncio\/2024\/10\/09\/avocado-percorso-vocazionale-per-adolescenti\/"},"author":{"name":"ccremonesi","@id":"https:\/\/www.diocesitn.it\/area-annuncio\/#\/schema\/person\/8963f67519fa0dce29c5ba33955dd0f0"},"headline":"aVocAdo, percorso vocazionale per adolescenti","datePublished":"2024-10-09T08:53:29+00:00","dateModified":"2024-10-09T09:30:15+00:00","mainEntityOfPage":{"@id":"https:\/\/www.diocesitn.it\/area-annuncio\/2024\/10\/09\/avocado-percorso-vocazionale-per-adolescenti\/"},"wordCount":190,"publisher":{"@id":"https:\/\/www.diocesitn.it\/area-annuncio\/#organization"},"image":{"@id":"https:\/\/www.diocesitn.it\/area-annuncio\/2024\/10\/09\/avocado-percorso-vocazionale-per-adolescenti\/#primaryimage"},"thumbnailUrl":"https:\/\/www.diocesitn.it\/area-annuncio\/wp-content\/uploads\/sites\/39\/2024\/10\/aVocAdo-2024_25-sito.png","articleSection":["Giovani","Notizie"],"inLanguage":"it-IT","copyrightYear":"2024","copyrightHolder":{"@id":"https:\/\/www.diocesitn.it\/#organization"}},{"@type":"WebPage","@id":"https:\/\/www.diocesitn.it\/area-annuncio\/2024\/10\/09\/avocado-percorso-vocazionale-per-adolescenti\/","url":"https:\/\/www.diocesitn.it\/area-annuncio\/2024\/10\/09\/avocado-percorso-vocazionale-per-adolescenti\/","name":"aVocAdo, percorso vocazionale per adolescenti - Annuncio e Sacramenti - Chiesa di Trento","isPartOf":{"@id":"https:\/\/www.diocesitn.it\/area-annuncio\/#website"},"primaryImageOfPage":{"@id":"https:\/\/www.diocesitn.it\/area-annuncio\/2024\/10\/09\/avocado-percorso-vocazionale-per-adolescenti\/#primaryimage"},"image":{"@id":"https:\/\/www.diocesitn.it\/area-annuncio\/2024\/10\/09\/avocado-percorso-vocazionale-per-adolescenti\/#primaryimage"},"thumbnailUrl":"https:\/\/www.diocesitn.it\/area-annuncio\/wp-content\/uploads\/sites\/39\/2024\/10\/aVocAdo-2024_25-sito.png","datePublished":"2024-10-09T08:53:29+00:00","dateModified":"2024-10-09T09:30:15+00:00","breadcrumb":{"@id":"https:\/\/www.diocesitn.it\/area-annuncio\/2024\/10\/09\/avocado-percorso-vocazionale-per-adolescenti\/#breadcrumb"},"inLanguage":"it-IT","potentialAction":[{"@type":"ReadAction","target":["https:\/\/www.diocesitn.it\/area-annuncio\/2024\/10\/09\/avocado-percorso-vocazionale-per-adolescenti\/"]}]},{"@type":"ImageObject","inLanguage":"it-IT","@id":"https:\/\/www.diocesitn.it\/area-annuncio\/2024\/10\/09\/avocado-percorso-vocazionale-per-adolescenti\/#primaryimage","url":"https:\/\/www.diocesitn.it\/area-annuncio\/wp-content\/uploads\/sites\/39\/2024\/10\/aVocAdo-2024_25-sito.png","contentUrl":"https:\/\/www.diocesitn.it\/area-annuncio\/wp-content\/uploads\/sites\/39\/2024\/10\/aVocAdo-2024_25-sito.png","width":1920,"height":1080},{"@type":"BreadcrumbList","@id":"https:\/\/www.diocesitn.it\/area-annuncio\/2024\/10\/09\/avocado-percorso-vocazionale-per-adolescenti\/#breadcrumb","itemListElement":[{"@type":"ListItem","position":1,"name":"Home","item":"https:\/\/www.diocesitn.it\/area-annuncio\/"},{"@type":"ListItem","position":2,"name":"aVocAdo, percorso vocazionale per adolescenti"}]},{"@type":"WebSite","@id":"https:\/\/www.diocesitn.it\/area-annuncio\/#website","url":"https:\/\/www.diocesitn.it\/area-annuncio\/","name":"Annuncio e Sacramenti","description":"Chiesa di Trento","publisher":{"@id":"https:\/\/www.diocesitn.it\/area-annuncio\/#organization"},"potentialAction":[{"@type":"SearchAction","target":{"@type":"EntryPoint","urlTemplate":"https:\/\/www.diocesitn.it\/area-annuncio\/?s={search_term_string}"},"query-input":"required name=search_term_string"}],"inLanguage":"it-IT"},{"@type":["Organization","Place"],"@id":"https:\/\/www.diocesitn.it\/area-annuncio\/#organization","name":"Area Annuncio e Sacramenti - Chiesa di Trento","url":"https:\/\/www.diocesitn.it\/area-annuncio\/","logo":{"@id":"https:\/\/www.diocesitn.it\/area-annuncio\/2024\/10\/09\/avocado-percorso-vocazionale-per-adolescenti\/#local-main-organization-logo"},"image":{"@id":"https:\/\/www.diocesitn.it\/area-annuncio\/2024\/10\/09\/avocado-percorso-vocazionale-per-adolescenti\/#local-main-organization-logo"},"sameAs":["https:\/\/www.facebook.com\/pastoralegiovanile.trento\/","https:\/\/www.instagram.com\/pastoralegiovaniletrento\/","https:\/\/www.youtube.com\/channel\/UCGt7hyJaIQIkrQPos4K6L6w"],"openingHoursSpecification":[{"@type":"OpeningHoursSpecification","dayOfWeek":["Monday","Tuesday","Wednesday","Thursday","Friday","Saturday","Sunday"],"opens":"09:00","closes":"17:00"}]},{"@type":"ImageObject","inLanguage":"it-IT","@id":"https:\/\/www.diocesitn.it\/area-annuncio\/2024\/10\/09\/avocado-percorso-vocazionale-per-adolescenti\/#local-main-organization-logo","url":"https:\/\/www.diocesitn.it\/area-annuncio\/wp-content\/uploads\/sites\/39\/2021\/09\/og-logo-annuncio-e-sacramenti.jpg","contentUrl":"https:\/\/www.diocesitn.it\/area-annuncio\/wp-content\/uploads\/sites\/39\/2021\/09\/og-logo-annuncio-e-sacramenti.jpg","width":1200,"height":630,"caption":"Area Annuncio e Sacramenti - Chiesa di Trento"}]}},"_links":{"self":[{"href":"https:\/\/www.diocesitn.it\/area-annuncio\/wp-json\/wp\/v2\/posts\/22141","targetHints":{"allow":["GET"]}}],"collection":[{"href":"https:\/\/www.diocesitn.it\/area-annuncio\/wp-json\/wp\/v2\/posts"}],"about":[{"href":"https:\/\/www.diocesitn.it\/area-annuncio\/wp-json\/wp\/v2\/types\/post"}],"author":[{"embeddable":true,"href":"https:\/\/www.diocesitn.it\/area-annuncio\/wp-json\/wp\/v2\/users\/167"}],"replies":[{"embeddable":true,"href":"https:\/\/www.diocesitn.it\/area-annuncio\/wp-json\/wp\/v2\/comments?post=22141"}],"version-history":[{"count":3,"href":"https:\/\/www.diocesitn.it\/area-annuncio\/wp-json\/wp\/v2\/posts\/22141\/revisions"}],"predecessor-version":[{"id":22150,"href":"https:\/\/www.diocesitn.it\/area-annuncio\/wp-json\/wp\/v2\/posts\/22141\/revisions\/22150"}],"wp:featuredmedia":[{"embeddable":true,"href":"https:\/\/www.diocesitn.it\/area-annuncio\/wp-json\/wp\/v2\/media\/22057"}],"wp:attachment":[{"href":"https:\/\/www.diocesitn.it\/area-annuncio\/wp-json\/wp\/v2\/media?parent=22141"}],"wp:term":[{"taxonomy":"category","embeddable":true,"href":"https:\/\/www.diocesitn.it\/area-annuncio\/wp-json\/wp\/v2\/categories?post=22141"},{"taxonomy":"post_tag","embeddable":true,"href":"https:\/\/www.diocesitn.it\/area-annuncio\/wp-json\/wp\/v2\/tags?post=22141"}],"curies":[{"name":"wp","href":"https:\/\/api.w.org\/{rel}","templated":true}]}}