{"id":21248,"date":"2024-04-23T09:08:15","date_gmt":"2024-04-23T07:08:15","guid":{"rendered":"https:\/\/www.diocesitn.it\/area-annuncio\/?p=21248"},"modified":"2024-04-23T10:25:08","modified_gmt":"2024-04-23T08:25:08","slug":"formazione-triveneto-nebbiu-2024","status":"publish","type":"post","link":"https:\/\/www.diocesitn.it\/area-annuncio\/2024\/04\/23\/formazione-triveneto-nebbiu-2024\/","title":{"rendered":"Formazione Triveneto &#8211; Nebbi\u00f9 2024"},"content":{"rendered":"<p>\u00c8 in programma\u00a0<strong>da gioved\u00ec 27 a domenica 30 giugno<\/strong> a Nebbi\u00f9 (Bl) il percorso di formazione per coordinatori di catechisti.<\/p>\n<p>Sono proposti due percorsi, uno per la formazione base del coordinatore e uno per la formazione permanente, che si svolgeranno contemporaneamente nello stesso luogo, condividendo alcuni momenti.<\/p>\n<p class=\"m_7305331597489007451MsoListParagraph\">Il <strong>corso base<\/strong> \u00e8 rivolto a chi non ha partecipato, in questi ultimi anni, al percorso formativo. Quello di <strong>approfondimento<\/strong> invece \u00e8 per referenti della catechesi che hanno gi\u00e0 partecipato al corso base. All&#8217;interno del <strong>corso di approfondimento<\/strong> di Nebbi\u00f9 si vivr\u00e0 la <strong>terza fase del Convegno Regionale<\/strong> <strong>&#8220;Un annuncio che incontra la vita&#8221;.<\/strong><br \/>\nIn stile sinodale, coordinatori dei catechisti insieme a sacerdoti e delegati delle \u00e9quipe diocesane sono chiamati a far emergere alcune priorit\u00e0 rispetto ad ambiti di loro interesse, a partire dai criteri emersi dalle \u00e9quipe durante la seconda fase.<\/p>\n<p>Per informazioni e iscrizioni rivolgersi al Servizio Catechesi, tel: 0461-891250; cell: 347 0536847<\/p>\n<p><a href=\"https:\/\/www.diocesitn.it\/area-annuncio\/wp-content\/uploads\/sites\/39\/2024\/04\/Nebbiu-BASE-2024.pdf\">Volantino Corso Base<\/a><br \/>\n<a href=\"https:\/\/www.diocesitn.it\/area-annuncio\/wp-content\/uploads\/sites\/39\/2024\/04\/UffCatTriv-Battesimo3-Scegliere-Nebbiu_-giugno-2024-1.pdf\">Volantino Corso Approfondimento<\/a><\/p>\n","protected":false},"excerpt":{"rendered":"<p>\u00c8 in programma\u00a0da gioved\u00ec 27 a domenica 30 giugno a Nebbi\u00f9 (Bl) il percorso di formazione per coordinatori di catechisti. Sono proposti due percorsi, uno per la formazione base del coordinatore e uno per la<\/p>\n","protected":false},"author":166,"featured_media":21262,"comment_status":"closed","ping_status":"closed","sticky":false,"template":"","format":"standard","meta":{"footnotes":""},"categories":[623,608],"tags":[1018,926,760],"class_list":["post-21248","post","type-post","status-publish","format-standard","has-post-thumbnail","hentry","category-servizio-catechistico-giovani-ufficio-catechistico","category-notizie","tag-convegno-regionale","tag-formazione-catechisti","tag-nebbiu"],"acf":{"seed-localization-paese-cod":"IT","seed-localization-address":"","seed-localization-citta":"Trento","seed-localization-regione-cod-istat":"04","seed-localization-citta-cod-istat":"022205","seed-localization-localita":"","seed-localization-cap":"","seed-localization-marker-visibility":false,"seed-localization-children-visibility":false,"seed-localization-kml":"","seed-localization-custom-marker":""},"yoast_head":"<!-- This site is optimized with the Yoast SEO Premium plugin v20.2.1 (Yoast SEO v22.2) - https:\/\/yoast.com\/wordpress\/plugins\/seo\/ -->\n<title>Formazione Triveneto - Nebbi\u00f9 2024 - Annuncio e Sacramenti - Chiesa di Trento<\/title>\n<meta name=\"robots\" content=\"index, follow, max-snippet:-1, max-image-preview:large, max-video-preview:-1\" \/>\n<link rel=\"canonical\" href=\"https:\/\/www.diocesitn.it\/area-annuncio\/2024\/04\/23\/formazione-triveneto-nebbiu-2024\/\" \/>\n<meta property=\"og:locale\" content=\"it_IT\" \/>\n<meta property=\"og:type\" content=\"article\" \/>\n<meta property=\"og:title\" content=\"Formazione Triveneto - Nebbi\u00f9 2024\" \/>\n<meta property=\"og:description\" content=\"\u00c8 in programma\u00a0da gioved\u00ec 27 a domenica 30 giugno a Nebbi\u00f9 (Bl) il percorso di formazione per coordinatori di catechisti. Sono proposti due percorsi, uno per la formazione base del coordinatore e uno per la\" \/>\n<meta property=\"og:url\" content=\"https:\/\/www.diocesitn.it\/area-annuncio\/2024\/04\/23\/formazione-triveneto-nebbiu-2024\/\" \/>\n<meta property=\"og:site_name\" content=\"Annuncio e Sacramenti\" \/>\n<meta property=\"article:publisher\" content=\"https:\/\/www.facebook.com\/pastoralegiovanile.trento\/\" \/>\n<meta property=\"article:published_time\" content=\"2024-04-23T07:08:15+00:00\" \/>\n<meta property=\"article:modified_time\" content=\"2024-04-23T08:25:08+00:00\" \/>\n<meta property=\"og:image\" content=\"https:\/\/www.diocesitn.it\/area-annuncio\/wp-content\/uploads\/sites\/39\/2024\/04\/Immagine3.jpg\" \/>\n\t<meta property=\"og:image:width\" content=\"387\" \/>\n\t<meta property=\"og:image:height\" content=\"285\" \/>\n\t<meta property=\"og:image:type\" content=\"image\/jpeg\" \/>\n<meta name=\"author\" content=\"bjob\" \/>\n<meta name=\"twitter:card\" content=\"summary_large_image\" \/>\n<meta name=\"twitter:label1\" content=\"Scritto da\" \/>\n\t<meta name=\"twitter:data1\" content=\"bjob\" \/>\n\t<meta name=\"twitter:label2\" content=\"Tempo di lettura stimato\" \/>\n\t<meta name=\"twitter:data2\" content=\"1 minuto\" \/>\n<script type=\"application\/ld+json\" class=\"yoast-schema-graph\">{\"@context\":\"https:\/\/schema.org\",\"@graph\":[{\"@type\":\"Article\",\"@id\":\"https:\/\/www.diocesitn.it\/area-annuncio\/2024\/04\/23\/formazione-triveneto-nebbiu-2024\/#article\",\"isPartOf\":{\"@id\":\"https:\/\/www.diocesitn.it\/area-annuncio\/2024\/04\/23\/formazione-triveneto-nebbiu-2024\/\"},\"author\":{\"name\":\"bjob\",\"@id\":\"https:\/\/www.diocesitn.it\/area-annuncio\/#\/schema\/person\/d7f9cdfa494cf7272dca74ad974f399c\"},\"headline\":\"Formazione Triveneto &#8211; Nebbi\u00f9 2024\",\"datePublished\":\"2024-04-23T07:08:15+00:00\",\"dateModified\":\"2024-04-23T08:25:08+00:00\",\"mainEntityOfPage\":{\"@id\":\"https:\/\/www.diocesitn.it\/area-annuncio\/2024\/04\/23\/formazione-triveneto-nebbiu-2024\/\"},\"wordCount\":156,\"publisher\":{\"@id\":\"https:\/\/www.diocesitn.it\/area-annuncio\/#organization\"},\"image\":{\"@id\":\"https:\/\/www.diocesitn.it\/area-annuncio\/2024\/04\/23\/formazione-triveneto-nebbiu-2024\/#primaryimage\"},\"thumbnailUrl\":\"https:\/\/www.diocesitn.it\/area-annuncio\/wp-content\/uploads\/sites\/39\/2024\/04\/Immagine3.jpg\",\"keywords\":[\"Convegno regionale\",\"Formazione catechisti\",\"Nebbi\u00f9\"],\"articleSection\":[\"Catechesi\",\"Notizie\"],\"inLanguage\":\"it-IT\",\"copyrightYear\":\"2024\",\"copyrightHolder\":{\"@id\":\"https:\/\/www.diocesitn.it\/#organization\"}},{\"@type\":\"WebPage\",\"@id\":\"https:\/\/www.diocesitn.it\/area-annuncio\/2024\/04\/23\/formazione-triveneto-nebbiu-2024\/\",\"url\":\"https:\/\/www.diocesitn.it\/area-annuncio\/2024\/04\/23\/formazione-triveneto-nebbiu-2024\/\",\"name\":\"Formazione Triveneto - Nebbi\u00f9 2024 - Annuncio e Sacramenti - Chiesa di Trento\",\"isPartOf\":{\"@id\":\"https:\/\/www.diocesitn.it\/area-annuncio\/#website\"},\"primaryImageOfPage\":{\"@id\":\"https:\/\/www.diocesitn.it\/area-annuncio\/2024\/04\/23\/formazione-triveneto-nebbiu-2024\/#primaryimage\"},\"image\":{\"@id\":\"https:\/\/www.diocesitn.it\/area-annuncio\/2024\/04\/23\/formazione-triveneto-nebbiu-2024\/#primaryimage\"},\"thumbnailUrl\":\"https:\/\/www.diocesitn.it\/area-annuncio\/wp-content\/uploads\/sites\/39\/2024\/04\/Immagine3.jpg\",\"datePublished\":\"2024-04-23T07:08:15+00:00\",\"dateModified\":\"2024-04-23T08:25:08+00:00\",\"breadcrumb\":{\"@id\":\"https:\/\/www.diocesitn.it\/area-annuncio\/2024\/04\/23\/formazione-triveneto-nebbiu-2024\/#breadcrumb\"},\"inLanguage\":\"it-IT\",\"potentialAction\":[{\"@type\":\"ReadAction\",\"target\":[\"https:\/\/www.diocesitn.it\/area-annuncio\/2024\/04\/23\/formazione-triveneto-nebbiu-2024\/\"]}]},{\"@type\":\"ImageObject\",\"inLanguage\":\"it-IT\",\"@id\":\"https:\/\/www.diocesitn.it\/area-annuncio\/2024\/04\/23\/formazione-triveneto-nebbiu-2024\/#primaryimage\",\"url\":\"https:\/\/www.diocesitn.it\/area-annuncio\/wp-content\/uploads\/sites\/39\/2024\/04\/Immagine3.jpg\",\"contentUrl\":\"https:\/\/www.diocesitn.it\/area-annuncio\/wp-content\/uploads\/sites\/39\/2024\/04\/Immagine3.jpg\",\"width\":387,\"height\":285},{\"@type\":\"BreadcrumbList\",\"@id\":\"https:\/\/www.diocesitn.it\/area-annuncio\/2024\/04\/23\/formazione-triveneto-nebbiu-2024\/#breadcrumb\",\"itemListElement\":[{\"@type\":\"ListItem\",\"position\":1,\"name\":\"Home\",\"item\":\"https:\/\/www.diocesitn.it\/area-annuncio\/\"},{\"@type\":\"ListItem\",\"position\":2,\"name\":\"Formazione Triveneto &#8211; Nebbi\u00f9 2024\"}]},{\"@type\":\"WebSite\",\"@id\":\"https:\/\/www.diocesitn.it\/area-annuncio\/#website\",\"url\":\"https:\/\/www.diocesitn.it\/area-annuncio\/\",\"name\":\"Annuncio e Sacramenti\",\"description\":\"Chiesa di Trento\",\"publisher\":{\"@id\":\"https:\/\/www.diocesitn.it\/area-annuncio\/#organization\"},\"potentialAction\":[{\"@type\":\"SearchAction\",\"target\":{\"@type\":\"EntryPoint\",\"urlTemplate\":\"https:\/\/www.diocesitn.it\/area-annuncio\/?s={search_term_string}\"},\"query-input\":\"required name=search_term_string\"}],\"inLanguage\":\"it-IT\"},{\"@type\":[\"Organization\",\"Place\"],\"@id\":\"https:\/\/www.diocesitn.it\/area-annuncio\/#organization\",\"name\":\"Area Annuncio e Sacramenti - Chiesa di Trento\",\"url\":\"https:\/\/www.diocesitn.it\/area-annuncio\/\",\"logo\":{\"@id\":\"https:\/\/www.diocesitn.it\/area-annuncio\/2024\/04\/23\/formazione-triveneto-nebbiu-2024\/#local-main-organization-logo\"},\"image\":{\"@id\":\"https:\/\/www.diocesitn.it\/area-annuncio\/2024\/04\/23\/formazione-triveneto-nebbiu-2024\/#local-main-organization-logo\"},\"sameAs\":[\"https:\/\/www.facebook.com\/pastoralegiovanile.trento\/\",\"https:\/\/www.instagram.com\/pastoralegiovaniletrento\/\",\"https:\/\/www.youtube.com\/channel\/UCGt7hyJaIQIkrQPos4K6L6w\"],\"openingHoursSpecification\":[{\"@type\":\"OpeningHoursSpecification\",\"dayOfWeek\":[\"Monday\",\"Tuesday\",\"Wednesday\",\"Thursday\",\"Friday\",\"Saturday\",\"Sunday\"],\"opens\":\"09:00\",\"closes\":\"17:00\"}]},{\"@type\":\"ImageObject\",\"inLanguage\":\"it-IT\",\"@id\":\"https:\/\/www.diocesitn.it\/area-annuncio\/2024\/04\/23\/formazione-triveneto-nebbiu-2024\/#local-main-organization-logo\",\"url\":\"https:\/\/www.diocesitn.it\/area-annuncio\/wp-content\/uploads\/sites\/39\/2021\/09\/og-logo-annuncio-e-sacramenti.jpg\",\"contentUrl\":\"https:\/\/www.diocesitn.it\/area-annuncio\/wp-content\/uploads\/sites\/39\/2021\/09\/og-logo-annuncio-e-sacramenti.jpg\",\"width\":1200,\"height\":630,\"caption\":\"Area Annuncio e Sacramenti - Chiesa di Trento\"}]}<\/script>\n<!-- \/ Yoast SEO Premium plugin. -->","yoast_head_json":{"title":"Formazione Triveneto - Nebbi\u00f9 2024 - Annuncio e Sacramenti - Chiesa di Trento","robots":{"index":"index","follow":"follow","max-snippet":"max-snippet:-1","max-image-preview":"max-image-preview:large","max-video-preview":"max-video-preview:-1"},"canonical":"https:\/\/www.diocesitn.it\/area-annuncio\/2024\/04\/23\/formazione-triveneto-nebbiu-2024\/","og_locale":"it_IT","og_type":"article","og_title":"Formazione Triveneto - Nebbi\u00f9 2024","og_description":"\u00c8 in programma\u00a0da gioved\u00ec 27 a domenica 30 giugno a Nebbi\u00f9 (Bl) il percorso di formazione per coordinatori di catechisti. Sono proposti due percorsi, uno per la formazione base del coordinatore e uno per la","og_url":"https:\/\/www.diocesitn.it\/area-annuncio\/2024\/04\/23\/formazione-triveneto-nebbiu-2024\/","og_site_name":"Annuncio e Sacramenti","article_publisher":"https:\/\/www.facebook.com\/pastoralegiovanile.trento\/","article_published_time":"2024-04-23T07:08:15+00:00","article_modified_time":"2024-04-23T08:25:08+00:00","og_image":[{"width":387,"height":285,"url":"https:\/\/www.diocesitn.it\/area-annuncio\/wp-content\/uploads\/sites\/39\/2024\/04\/Immagine3.jpg","type":"image\/jpeg"}],"author":"bjob","twitter_card":"summary_large_image","twitter_misc":{"Scritto da":"bjob","Tempo di lettura stimato":"1 minuto"},"schema":{"@context":"https:\/\/schema.org","@graph":[{"@type":"Article","@id":"https:\/\/www.diocesitn.it\/area-annuncio\/2024\/04\/23\/formazione-triveneto-nebbiu-2024\/#article","isPartOf":{"@id":"https:\/\/www.diocesitn.it\/area-annuncio\/2024\/04\/23\/formazione-triveneto-nebbiu-2024\/"},"author":{"name":"bjob","@id":"https:\/\/www.diocesitn.it\/area-annuncio\/#\/schema\/person\/d7f9cdfa494cf7272dca74ad974f399c"},"headline":"Formazione Triveneto &#8211; Nebbi\u00f9 2024","datePublished":"2024-04-23T07:08:15+00:00","dateModified":"2024-04-23T08:25:08+00:00","mainEntityOfPage":{"@id":"https:\/\/www.diocesitn.it\/area-annuncio\/2024\/04\/23\/formazione-triveneto-nebbiu-2024\/"},"wordCount":156,"publisher":{"@id":"https:\/\/www.diocesitn.it\/area-annuncio\/#organization"},"image":{"@id":"https:\/\/www.diocesitn.it\/area-annuncio\/2024\/04\/23\/formazione-triveneto-nebbiu-2024\/#primaryimage"},"thumbnailUrl":"https:\/\/www.diocesitn.it\/area-annuncio\/wp-content\/uploads\/sites\/39\/2024\/04\/Immagine3.jpg","keywords":["Convegno regionale","Formazione catechisti","Nebbi\u00f9"],"articleSection":["Catechesi","Notizie"],"inLanguage":"it-IT","copyrightYear":"2024","copyrightHolder":{"@id":"https:\/\/www.diocesitn.it\/#organization"}},{"@type":"WebPage","@id":"https:\/\/www.diocesitn.it\/area-annuncio\/2024\/04\/23\/formazione-triveneto-nebbiu-2024\/","url":"https:\/\/www.diocesitn.it\/area-annuncio\/2024\/04\/23\/formazione-triveneto-nebbiu-2024\/","name":"Formazione Triveneto - Nebbi\u00f9 2024 - Annuncio e Sacramenti - Chiesa di Trento","isPartOf":{"@id":"https:\/\/www.diocesitn.it\/area-annuncio\/#website"},"primaryImageOfPage":{"@id":"https:\/\/www.diocesitn.it\/area-annuncio\/2024\/04\/23\/formazione-triveneto-nebbiu-2024\/#primaryimage"},"image":{"@id":"https:\/\/www.diocesitn.it\/area-annuncio\/2024\/04\/23\/formazione-triveneto-nebbiu-2024\/#primaryimage"},"thumbnailUrl":"https:\/\/www.diocesitn.it\/area-annuncio\/wp-content\/uploads\/sites\/39\/2024\/04\/Immagine3.jpg","datePublished":"2024-04-23T07:08:15+00:00","dateModified":"2024-04-23T08:25:08+00:00","breadcrumb":{"@id":"https:\/\/www.diocesitn.it\/area-annuncio\/2024\/04\/23\/formazione-triveneto-nebbiu-2024\/#breadcrumb"},"inLanguage":"it-IT","potentialAction":[{"@type":"ReadAction","target":["https:\/\/www.diocesitn.it\/area-annuncio\/2024\/04\/23\/formazione-triveneto-nebbiu-2024\/"]}]},{"@type":"ImageObject","inLanguage":"it-IT","@id":"https:\/\/www.diocesitn.it\/area-annuncio\/2024\/04\/23\/formazione-triveneto-nebbiu-2024\/#primaryimage","url":"https:\/\/www.diocesitn.it\/area-annuncio\/wp-content\/uploads\/sites\/39\/2024\/04\/Immagine3.jpg","contentUrl":"https:\/\/www.diocesitn.it\/area-annuncio\/wp-content\/uploads\/sites\/39\/2024\/04\/Immagine3.jpg","width":387,"height":285},{"@type":"BreadcrumbList","@id":"https:\/\/www.diocesitn.it\/area-annuncio\/2024\/04\/23\/formazione-triveneto-nebbiu-2024\/#breadcrumb","itemListElement":[{"@type":"ListItem","position":1,"name":"Home","item":"https:\/\/www.diocesitn.it\/area-annuncio\/"},{"@type":"ListItem","position":2,"name":"Formazione Triveneto &#8211; Nebbi\u00f9 2024"}]},{"@type":"WebSite","@id":"https:\/\/www.diocesitn.it\/area-annuncio\/#website","url":"https:\/\/www.diocesitn.it\/area-annuncio\/","name":"Annuncio e Sacramenti","description":"Chiesa di Trento","publisher":{"@id":"https:\/\/www.diocesitn.it\/area-annuncio\/#organization"},"potentialAction":[{"@type":"SearchAction","target":{"@type":"EntryPoint","urlTemplate":"https:\/\/www.diocesitn.it\/area-annuncio\/?s={search_term_string}"},"query-input":"required name=search_term_string"}],"inLanguage":"it-IT"},{"@type":["Organization","Place"],"@id":"https:\/\/www.diocesitn.it\/area-annuncio\/#organization","name":"Area Annuncio e Sacramenti - Chiesa di Trento","url":"https:\/\/www.diocesitn.it\/area-annuncio\/","logo":{"@id":"https:\/\/www.diocesitn.it\/area-annuncio\/2024\/04\/23\/formazione-triveneto-nebbiu-2024\/#local-main-organization-logo"},"image":{"@id":"https:\/\/www.diocesitn.it\/area-annuncio\/2024\/04\/23\/formazione-triveneto-nebbiu-2024\/#local-main-organization-logo"},"sameAs":["https:\/\/www.facebook.com\/pastoralegiovanile.trento\/","https:\/\/www.instagram.com\/pastoralegiovaniletrento\/","https:\/\/www.youtube.com\/channel\/UCGt7hyJaIQIkrQPos4K6L6w"],"openingHoursSpecification":[{"@type":"OpeningHoursSpecification","dayOfWeek":["Monday","Tuesday","Wednesday","Thursday","Friday","Saturday","Sunday"],"opens":"09:00","closes":"17:00"}]},{"@type":"ImageObject","inLanguage":"it-IT","@id":"https:\/\/www.diocesitn.it\/area-annuncio\/2024\/04\/23\/formazione-triveneto-nebbiu-2024\/#local-main-organization-logo","url":"https:\/\/www.diocesitn.it\/area-annuncio\/wp-content\/uploads\/sites\/39\/2021\/09\/og-logo-annuncio-e-sacramenti.jpg","contentUrl":"https:\/\/www.diocesitn.it\/area-annuncio\/wp-content\/uploads\/sites\/39\/2021\/09\/og-logo-annuncio-e-sacramenti.jpg","width":1200,"height":630,"caption":"Area Annuncio e Sacramenti - Chiesa di Trento"}]}},"_links":{"self":[{"href":"https:\/\/www.diocesitn.it\/area-annuncio\/wp-json\/wp\/v2\/posts\/21248","targetHints":{"allow":["GET"]}}],"collection":[{"href":"https:\/\/www.diocesitn.it\/area-annuncio\/wp-json\/wp\/v2\/posts"}],"about":[{"href":"https:\/\/www.diocesitn.it\/area-annuncio\/wp-json\/wp\/v2\/types\/post"}],"author":[{"embeddable":true,"href":"https:\/\/www.diocesitn.it\/area-annuncio\/wp-json\/wp\/v2\/users\/166"}],"replies":[{"embeddable":true,"href":"https:\/\/www.diocesitn.it\/area-annuncio\/wp-json\/wp\/v2\/comments?post=21248"}],"version-history":[{"count":3,"href":"https:\/\/www.diocesitn.it\/area-annuncio\/wp-json\/wp\/v2\/posts\/21248\/revisions"}],"predecessor-version":[{"id":21254,"href":"https:\/\/www.diocesitn.it\/area-annuncio\/wp-json\/wp\/v2\/posts\/21248\/revisions\/21254"}],"wp:featuredmedia":[{"embeddable":true,"href":"https:\/\/www.diocesitn.it\/area-annuncio\/wp-json\/wp\/v2\/media\/21262"}],"wp:attachment":[{"href":"https:\/\/www.diocesitn.it\/area-annuncio\/wp-json\/wp\/v2\/media?parent=21248"}],"wp:term":[{"taxonomy":"category","embeddable":true,"href":"https:\/\/www.diocesitn.it\/area-annuncio\/wp-json\/wp\/v2\/categories?post=21248"},{"taxonomy":"post_tag","embeddable":true,"href":"https:\/\/www.diocesitn.it\/area-annuncio\/wp-json\/wp\/v2\/tags?post=21248"}],"curies":[{"name":"wp","href":"https:\/\/api.w.org\/{rel}","templated":true}]}}