{"id":20888,"date":"2024-03-01T10:01:40","date_gmt":"2024-03-01T09:01:40","guid":{"rendered":"https:\/\/www.diocesitn.it\/area-annuncio\/?p=20888"},"modified":"2024-03-21T14:47:54","modified_gmt":"2024-03-21T13:47:54","slug":"passi-di-vangelo-con-il-vescovo-lauro-14-febbraio-ore-20-30-in-seminario-a-trento-ne-vale-la-pena","status":"publish","type":"post","link":"https:\/\/www.diocesitn.it\/area-annuncio\/2024\/03\/01\/passi-di-vangelo-con-il-vescovo-lauro-14-febbraio-ore-20-30-in-seminario-a-trento-ne-vale-la-pena\/","title":{"rendered":"Passi di Vangelo con il vescovo Lauro \u2013 14 marzo ore 20.30 in seminario a Trento &#8220;Ne vale la pena?&#8221;"},"content":{"rendered":"<p>\u201cNe vale la pena? Pietro e la lavanda dei piedi\u201d \u00e8 il titolo scelto per il quarto incontro dei Passi di Vangelo di quest&#8217;anno, in programma per la serata di gioved\u00ec 14 marzo.<\/p>\n<p>Al centro dell&#8217;incontro il brano nel quale l&#8217;evangelista Giovanni narra l&#8217;episodio della lavanda dei piedi (13,1-38). Durante l&#8217;ultima cena, Ges\u00f9 compie il gesto di lavare i piedi a i suoi discepoli, un gesto che li sorprende perch\u00e9 inusuale: in genere erano i servi a compierlo. Pietro prende la parola per protestare: &#8220;Signore, tu lavi i piedi a me?&#8221;. La sua domanda \u00e8 l&#8217;inizio di un botta e risposta tra lui e Ges\u00f9: Pietro non comprende, eppure dichiara a Ges\u00f9 il suo desiderio di seguirlo, di stare con lui. Capir\u00e0 in un secondo momento che, per seguire Ges\u00f9, \u00e8 necessario farsi lavare i piedi da lui; anche se la ragione non comprende, il suo cuore sente che &#8220;ne vale la pena&#8221;.<\/p>\n<p>L\u2019incontro inizia alle ore 20.30; dalle ore 20 accoglienza con un trancio di pizza, tanta voglia di incontrarsi e conoscersi!<\/p>\n<p>Note<\/p>\n<ul>\n<li>Per giovani 18-35 anni<\/li>\n<li>Presso la chiesa del Seminario Diocesano di Trento in corso 3 Novembre, 46 (possibilit\u00e0 di parcheggio all\u2019interno)<\/li>\n<li>Diretta streaming su www.diocesitn.it<\/li>\n<li>Per info: giovani@diocesitn.it\u00a0 \u2013\u00a0 345-7060488<\/li>\n<\/ul>\n","protected":false},"excerpt":{"rendered":"<p>\u201cNe vale la pena? Pietro e la lavanda dei piedi\u201d \u00e8 il titolo scelto per il quarto incontro dei Passi di Vangelo di quest&#8217;anno, in programma per la serata di gioved\u00ec 14 marzo. Al centro<\/p>\n","protected":false},"author":167,"featured_media":20891,"comment_status":"closed","ping_status":"closed","sticky":false,"template":"","format":"standard","meta":{"footnotes":""},"categories":[618,608],"tags":[],"class_list":["post-20888","post","type-post","status-publish","format-standard","has-post-thumbnail","hentry","category-servizio-catechistico-giovani-pastorale-giovanile","category-notizie"],"acf":{"seed-localization-paese-cod":"IT","seed-localization-address":"","seed-localization-citta":"Trento","seed-localization-regione-cod-istat":"04","seed-localization-citta-cod-istat":"022205","seed-localization-localita":"","seed-localization-cap":"","seed-localization-marker-visibility":false,"seed-localization-children-visibility":false,"seed-localization-kml":"","seed-localization-custom-marker":""},"yoast_head":"<!-- This site is optimized with the Yoast SEO Premium plugin v20.2.1 (Yoast SEO v22.2) - https:\/\/yoast.com\/wordpress\/plugins\/seo\/ -->\n<title>Passi di Vangelo con il vescovo Lauro \u2013 14 marzo ore 20.30 in seminario a Trento &quot;Ne vale la pena?&quot; - Annuncio e Sacramenti - Chiesa di Trento<\/title>\n<meta name=\"robots\" content=\"index, follow, max-snippet:-1, max-image-preview:large, max-video-preview:-1\" \/>\n<link rel=\"canonical\" href=\"https:\/\/www.diocesitn.it\/area-annuncio\/2024\/03\/01\/passi-di-vangelo-con-il-vescovo-lauro-14-febbraio-ore-20-30-in-seminario-a-trento-ne-vale-la-pena\/\" \/>\n<meta property=\"og:locale\" content=\"it_IT\" \/>\n<meta property=\"og:type\" content=\"article\" \/>\n<meta property=\"og:title\" content=\"Passi di Vangelo con il vescovo Lauro \u2013 14 marzo ore 20.30 in seminario a Trento &quot;Ne vale la pena?&quot;\" \/>\n<meta property=\"og:description\" content=\"\u201cNe vale la pena? Pietro e la lavanda dei piedi\u201d \u00e8 il titolo scelto per il quarto incontro dei Passi di Vangelo di quest&#8217;anno, in programma per la serata di gioved\u00ec 14 marzo. Al centro\" \/>\n<meta property=\"og:url\" content=\"https:\/\/www.diocesitn.it\/area-annuncio\/2024\/03\/01\/passi-di-vangelo-con-il-vescovo-lauro-14-febbraio-ore-20-30-in-seminario-a-trento-ne-vale-la-pena\/\" \/>\n<meta property=\"og:site_name\" content=\"Annuncio e Sacramenti\" \/>\n<meta property=\"article:publisher\" content=\"https:\/\/www.facebook.com\/pastoralegiovanile.trento\/\" \/>\n<meta property=\"article:published_time\" content=\"2024-03-01T09:01:40+00:00\" \/>\n<meta property=\"article:modified_time\" content=\"2024-03-21T13:47:54+00:00\" \/>\n<meta property=\"og:image\" content=\"https:\/\/www.diocesitn.it\/area-annuncio\/wp-content\/uploads\/sites\/39\/2024\/03\/PdV-14-03-2024.png\" \/>\n\t<meta property=\"og:image:width\" content=\"1080\" \/>\n\t<meta property=\"og:image:height\" content=\"701\" \/>\n\t<meta property=\"og:image:type\" content=\"image\/png\" \/>\n<meta name=\"author\" content=\"ccremonesi\" \/>\n<meta name=\"twitter:card\" content=\"summary_large_image\" \/>\n<meta name=\"twitter:label1\" content=\"Scritto da\" \/>\n\t<meta name=\"twitter:data1\" content=\"ccremonesi\" \/>\n\t<meta name=\"twitter:label2\" content=\"Tempo di lettura stimato\" \/>\n\t<meta name=\"twitter:data2\" content=\"1 minuto\" \/>\n<script type=\"application\/ld+json\" class=\"yoast-schema-graph\">{\"@context\":\"https:\/\/schema.org\",\"@graph\":[{\"@type\":\"Article\",\"@id\":\"https:\/\/www.diocesitn.it\/area-annuncio\/2024\/03\/01\/passi-di-vangelo-con-il-vescovo-lauro-14-febbraio-ore-20-30-in-seminario-a-trento-ne-vale-la-pena\/#article\",\"isPartOf\":{\"@id\":\"https:\/\/www.diocesitn.it\/area-annuncio\/2024\/03\/01\/passi-di-vangelo-con-il-vescovo-lauro-14-febbraio-ore-20-30-in-seminario-a-trento-ne-vale-la-pena\/\"},\"author\":{\"name\":\"ccremonesi\",\"@id\":\"https:\/\/www.diocesitn.it\/area-annuncio\/#\/schema\/person\/8963f67519fa0dce29c5ba33955dd0f0\"},\"headline\":\"Passi di Vangelo con il vescovo Lauro \u2013 14 marzo ore 20.30 in seminario a Trento &#8220;Ne vale la pena?&#8221;\",\"datePublished\":\"2024-03-01T09:01:40+00:00\",\"dateModified\":\"2024-03-21T13:47:54+00:00\",\"mainEntityOfPage\":{\"@id\":\"https:\/\/www.diocesitn.it\/area-annuncio\/2024\/03\/01\/passi-di-vangelo-con-il-vescovo-lauro-14-febbraio-ore-20-30-in-seminario-a-trento-ne-vale-la-pena\/\"},\"wordCount\":218,\"publisher\":{\"@id\":\"https:\/\/www.diocesitn.it\/area-annuncio\/#organization\"},\"image\":{\"@id\":\"https:\/\/www.diocesitn.it\/area-annuncio\/2024\/03\/01\/passi-di-vangelo-con-il-vescovo-lauro-14-febbraio-ore-20-30-in-seminario-a-trento-ne-vale-la-pena\/#primaryimage\"},\"thumbnailUrl\":\"https:\/\/www.diocesitn.it\/area-annuncio\/wp-content\/uploads\/sites\/39\/2024\/03\/PdV-14-03-2024.png\",\"articleSection\":[\"Giovani\",\"Notizie\"],\"inLanguage\":\"it-IT\",\"copyrightYear\":\"2024\",\"copyrightHolder\":{\"@id\":\"https:\/\/www.diocesitn.it\/#organization\"}},{\"@type\":\"WebPage\",\"@id\":\"https:\/\/www.diocesitn.it\/area-annuncio\/2024\/03\/01\/passi-di-vangelo-con-il-vescovo-lauro-14-febbraio-ore-20-30-in-seminario-a-trento-ne-vale-la-pena\/\",\"url\":\"https:\/\/www.diocesitn.it\/area-annuncio\/2024\/03\/01\/passi-di-vangelo-con-il-vescovo-lauro-14-febbraio-ore-20-30-in-seminario-a-trento-ne-vale-la-pena\/\",\"name\":\"Passi di Vangelo con il vescovo Lauro \u2013 14 marzo ore 20.30 in seminario a Trento \\\"Ne vale la pena?\\\" - Annuncio e Sacramenti - Chiesa di Trento\",\"isPartOf\":{\"@id\":\"https:\/\/www.diocesitn.it\/area-annuncio\/#website\"},\"primaryImageOfPage\":{\"@id\":\"https:\/\/www.diocesitn.it\/area-annuncio\/2024\/03\/01\/passi-di-vangelo-con-il-vescovo-lauro-14-febbraio-ore-20-30-in-seminario-a-trento-ne-vale-la-pena\/#primaryimage\"},\"image\":{\"@id\":\"https:\/\/www.diocesitn.it\/area-annuncio\/2024\/03\/01\/passi-di-vangelo-con-il-vescovo-lauro-14-febbraio-ore-20-30-in-seminario-a-trento-ne-vale-la-pena\/#primaryimage\"},\"thumbnailUrl\":\"https:\/\/www.diocesitn.it\/area-annuncio\/wp-content\/uploads\/sites\/39\/2024\/03\/PdV-14-03-2024.png\",\"datePublished\":\"2024-03-01T09:01:40+00:00\",\"dateModified\":\"2024-03-21T13:47:54+00:00\",\"breadcrumb\":{\"@id\":\"https:\/\/www.diocesitn.it\/area-annuncio\/2024\/03\/01\/passi-di-vangelo-con-il-vescovo-lauro-14-febbraio-ore-20-30-in-seminario-a-trento-ne-vale-la-pena\/#breadcrumb\"},\"inLanguage\":\"it-IT\",\"potentialAction\":[{\"@type\":\"ReadAction\",\"target\":[\"https:\/\/www.diocesitn.it\/area-annuncio\/2024\/03\/01\/passi-di-vangelo-con-il-vescovo-lauro-14-febbraio-ore-20-30-in-seminario-a-trento-ne-vale-la-pena\/\"]}]},{\"@type\":\"ImageObject\",\"inLanguage\":\"it-IT\",\"@id\":\"https:\/\/www.diocesitn.it\/area-annuncio\/2024\/03\/01\/passi-di-vangelo-con-il-vescovo-lauro-14-febbraio-ore-20-30-in-seminario-a-trento-ne-vale-la-pena\/#primaryimage\",\"url\":\"https:\/\/www.diocesitn.it\/area-annuncio\/wp-content\/uploads\/sites\/39\/2024\/03\/PdV-14-03-2024.png\",\"contentUrl\":\"https:\/\/www.diocesitn.it\/area-annuncio\/wp-content\/uploads\/sites\/39\/2024\/03\/PdV-14-03-2024.png\",\"width\":1080,\"height\":701},{\"@type\":\"BreadcrumbList\",\"@id\":\"https:\/\/www.diocesitn.it\/area-annuncio\/2024\/03\/01\/passi-di-vangelo-con-il-vescovo-lauro-14-febbraio-ore-20-30-in-seminario-a-trento-ne-vale-la-pena\/#breadcrumb\",\"itemListElement\":[{\"@type\":\"ListItem\",\"position\":1,\"name\":\"Home\",\"item\":\"https:\/\/www.diocesitn.it\/area-annuncio\/\"},{\"@type\":\"ListItem\",\"position\":2,\"name\":\"Passi di Vangelo con il vescovo Lauro \u2013 14 marzo ore 20.30 in seminario a Trento &#8220;Ne vale la pena?&#8221;\"}]},{\"@type\":\"WebSite\",\"@id\":\"https:\/\/www.diocesitn.it\/area-annuncio\/#website\",\"url\":\"https:\/\/www.diocesitn.it\/area-annuncio\/\",\"name\":\"Annuncio e Sacramenti\",\"description\":\"Chiesa di Trento\",\"publisher\":{\"@id\":\"https:\/\/www.diocesitn.it\/area-annuncio\/#organization\"},\"potentialAction\":[{\"@type\":\"SearchAction\",\"target\":{\"@type\":\"EntryPoint\",\"urlTemplate\":\"https:\/\/www.diocesitn.it\/area-annuncio\/?s={search_term_string}\"},\"query-input\":\"required name=search_term_string\"}],\"inLanguage\":\"it-IT\"},{\"@type\":[\"Organization\",\"Place\"],\"@id\":\"https:\/\/www.diocesitn.it\/area-annuncio\/#organization\",\"name\":\"Area Annuncio e Sacramenti - Chiesa di Trento\",\"url\":\"https:\/\/www.diocesitn.it\/area-annuncio\/\",\"logo\":{\"@id\":\"https:\/\/www.diocesitn.it\/area-annuncio\/2024\/03\/01\/passi-di-vangelo-con-il-vescovo-lauro-14-febbraio-ore-20-30-in-seminario-a-trento-ne-vale-la-pena\/#local-main-organization-logo\"},\"image\":{\"@id\":\"https:\/\/www.diocesitn.it\/area-annuncio\/2024\/03\/01\/passi-di-vangelo-con-il-vescovo-lauro-14-febbraio-ore-20-30-in-seminario-a-trento-ne-vale-la-pena\/#local-main-organization-logo\"},\"sameAs\":[\"https:\/\/www.facebook.com\/pastoralegiovanile.trento\/\",\"https:\/\/www.instagram.com\/pastoralegiovaniletrento\/\",\"https:\/\/www.youtube.com\/channel\/UCGt7hyJaIQIkrQPos4K6L6w\"],\"openingHoursSpecification\":[{\"@type\":\"OpeningHoursSpecification\",\"dayOfWeek\":[\"Monday\",\"Tuesday\",\"Wednesday\",\"Thursday\",\"Friday\",\"Saturday\",\"Sunday\"],\"opens\":\"09:00\",\"closes\":\"17:00\"}]},{\"@type\":\"ImageObject\",\"inLanguage\":\"it-IT\",\"@id\":\"https:\/\/www.diocesitn.it\/area-annuncio\/2024\/03\/01\/passi-di-vangelo-con-il-vescovo-lauro-14-febbraio-ore-20-30-in-seminario-a-trento-ne-vale-la-pena\/#local-main-organization-logo\",\"url\":\"https:\/\/www.diocesitn.it\/area-annuncio\/wp-content\/uploads\/sites\/39\/2021\/09\/og-logo-annuncio-e-sacramenti.jpg\",\"contentUrl\":\"https:\/\/www.diocesitn.it\/area-annuncio\/wp-content\/uploads\/sites\/39\/2021\/09\/og-logo-annuncio-e-sacramenti.jpg\",\"width\":1200,\"height\":630,\"caption\":\"Area Annuncio e Sacramenti - Chiesa di Trento\"}]}<\/script>\n<!-- \/ Yoast SEO Premium plugin. -->","yoast_head_json":{"title":"Passi di Vangelo con il vescovo Lauro \u2013 14 marzo ore 20.30 in seminario a Trento \"Ne vale la pena?\" - Annuncio e Sacramenti - Chiesa di Trento","robots":{"index":"index","follow":"follow","max-snippet":"max-snippet:-1","max-image-preview":"max-image-preview:large","max-video-preview":"max-video-preview:-1"},"canonical":"https:\/\/www.diocesitn.it\/area-annuncio\/2024\/03\/01\/passi-di-vangelo-con-il-vescovo-lauro-14-febbraio-ore-20-30-in-seminario-a-trento-ne-vale-la-pena\/","og_locale":"it_IT","og_type":"article","og_title":"Passi di Vangelo con il vescovo Lauro \u2013 14 marzo ore 20.30 in seminario a Trento \"Ne vale la pena?\"","og_description":"\u201cNe vale la pena? Pietro e la lavanda dei piedi\u201d \u00e8 il titolo scelto per il quarto incontro dei Passi di Vangelo di quest&#8217;anno, in programma per la serata di gioved\u00ec 14 marzo. Al centro","og_url":"https:\/\/www.diocesitn.it\/area-annuncio\/2024\/03\/01\/passi-di-vangelo-con-il-vescovo-lauro-14-febbraio-ore-20-30-in-seminario-a-trento-ne-vale-la-pena\/","og_site_name":"Annuncio e Sacramenti","article_publisher":"https:\/\/www.facebook.com\/pastoralegiovanile.trento\/","article_published_time":"2024-03-01T09:01:40+00:00","article_modified_time":"2024-03-21T13:47:54+00:00","og_image":[{"width":1080,"height":701,"url":"https:\/\/www.diocesitn.it\/area-annuncio\/wp-content\/uploads\/sites\/39\/2024\/03\/PdV-14-03-2024.png","type":"image\/png"}],"author":"ccremonesi","twitter_card":"summary_large_image","twitter_misc":{"Scritto da":"ccremonesi","Tempo di lettura stimato":"1 minuto"},"schema":{"@context":"https:\/\/schema.org","@graph":[{"@type":"Article","@id":"https:\/\/www.diocesitn.it\/area-annuncio\/2024\/03\/01\/passi-di-vangelo-con-il-vescovo-lauro-14-febbraio-ore-20-30-in-seminario-a-trento-ne-vale-la-pena\/#article","isPartOf":{"@id":"https:\/\/www.diocesitn.it\/area-annuncio\/2024\/03\/01\/passi-di-vangelo-con-il-vescovo-lauro-14-febbraio-ore-20-30-in-seminario-a-trento-ne-vale-la-pena\/"},"author":{"name":"ccremonesi","@id":"https:\/\/www.diocesitn.it\/area-annuncio\/#\/schema\/person\/8963f67519fa0dce29c5ba33955dd0f0"},"headline":"Passi di Vangelo con il vescovo Lauro \u2013 14 marzo ore 20.30 in seminario a Trento &#8220;Ne vale la pena?&#8221;","datePublished":"2024-03-01T09:01:40+00:00","dateModified":"2024-03-21T13:47:54+00:00","mainEntityOfPage":{"@id":"https:\/\/www.diocesitn.it\/area-annuncio\/2024\/03\/01\/passi-di-vangelo-con-il-vescovo-lauro-14-febbraio-ore-20-30-in-seminario-a-trento-ne-vale-la-pena\/"},"wordCount":218,"publisher":{"@id":"https:\/\/www.diocesitn.it\/area-annuncio\/#organization"},"image":{"@id":"https:\/\/www.diocesitn.it\/area-annuncio\/2024\/03\/01\/passi-di-vangelo-con-il-vescovo-lauro-14-febbraio-ore-20-30-in-seminario-a-trento-ne-vale-la-pena\/#primaryimage"},"thumbnailUrl":"https:\/\/www.diocesitn.it\/area-annuncio\/wp-content\/uploads\/sites\/39\/2024\/03\/PdV-14-03-2024.png","articleSection":["Giovani","Notizie"],"inLanguage":"it-IT","copyrightYear":"2024","copyrightHolder":{"@id":"https:\/\/www.diocesitn.it\/#organization"}},{"@type":"WebPage","@id":"https:\/\/www.diocesitn.it\/area-annuncio\/2024\/03\/01\/passi-di-vangelo-con-il-vescovo-lauro-14-febbraio-ore-20-30-in-seminario-a-trento-ne-vale-la-pena\/","url":"https:\/\/www.diocesitn.it\/area-annuncio\/2024\/03\/01\/passi-di-vangelo-con-il-vescovo-lauro-14-febbraio-ore-20-30-in-seminario-a-trento-ne-vale-la-pena\/","name":"Passi di Vangelo con il vescovo Lauro \u2013 14 marzo ore 20.30 in seminario a Trento \"Ne vale la pena?\" - Annuncio e Sacramenti - Chiesa di Trento","isPartOf":{"@id":"https:\/\/www.diocesitn.it\/area-annuncio\/#website"},"primaryImageOfPage":{"@id":"https:\/\/www.diocesitn.it\/area-annuncio\/2024\/03\/01\/passi-di-vangelo-con-il-vescovo-lauro-14-febbraio-ore-20-30-in-seminario-a-trento-ne-vale-la-pena\/#primaryimage"},"image":{"@id":"https:\/\/www.diocesitn.it\/area-annuncio\/2024\/03\/01\/passi-di-vangelo-con-il-vescovo-lauro-14-febbraio-ore-20-30-in-seminario-a-trento-ne-vale-la-pena\/#primaryimage"},"thumbnailUrl":"https:\/\/www.diocesitn.it\/area-annuncio\/wp-content\/uploads\/sites\/39\/2024\/03\/PdV-14-03-2024.png","datePublished":"2024-03-01T09:01:40+00:00","dateModified":"2024-03-21T13:47:54+00:00","breadcrumb":{"@id":"https:\/\/www.diocesitn.it\/area-annuncio\/2024\/03\/01\/passi-di-vangelo-con-il-vescovo-lauro-14-febbraio-ore-20-30-in-seminario-a-trento-ne-vale-la-pena\/#breadcrumb"},"inLanguage":"it-IT","potentialAction":[{"@type":"ReadAction","target":["https:\/\/www.diocesitn.it\/area-annuncio\/2024\/03\/01\/passi-di-vangelo-con-il-vescovo-lauro-14-febbraio-ore-20-30-in-seminario-a-trento-ne-vale-la-pena\/"]}]},{"@type":"ImageObject","inLanguage":"it-IT","@id":"https:\/\/www.diocesitn.it\/area-annuncio\/2024\/03\/01\/passi-di-vangelo-con-il-vescovo-lauro-14-febbraio-ore-20-30-in-seminario-a-trento-ne-vale-la-pena\/#primaryimage","url":"https:\/\/www.diocesitn.it\/area-annuncio\/wp-content\/uploads\/sites\/39\/2024\/03\/PdV-14-03-2024.png","contentUrl":"https:\/\/www.diocesitn.it\/area-annuncio\/wp-content\/uploads\/sites\/39\/2024\/03\/PdV-14-03-2024.png","width":1080,"height":701},{"@type":"BreadcrumbList","@id":"https:\/\/www.diocesitn.it\/area-annuncio\/2024\/03\/01\/passi-di-vangelo-con-il-vescovo-lauro-14-febbraio-ore-20-30-in-seminario-a-trento-ne-vale-la-pena\/#breadcrumb","itemListElement":[{"@type":"ListItem","position":1,"name":"Home","item":"https:\/\/www.diocesitn.it\/area-annuncio\/"},{"@type":"ListItem","position":2,"name":"Passi di Vangelo con il vescovo Lauro \u2013 14 marzo ore 20.30 in seminario a Trento &#8220;Ne vale la pena?&#8221;"}]},{"@type":"WebSite","@id":"https:\/\/www.diocesitn.it\/area-annuncio\/#website","url":"https:\/\/www.diocesitn.it\/area-annuncio\/","name":"Annuncio e Sacramenti","description":"Chiesa di Trento","publisher":{"@id":"https:\/\/www.diocesitn.it\/area-annuncio\/#organization"},"potentialAction":[{"@type":"SearchAction","target":{"@type":"EntryPoint","urlTemplate":"https:\/\/www.diocesitn.it\/area-annuncio\/?s={search_term_string}"},"query-input":"required name=search_term_string"}],"inLanguage":"it-IT"},{"@type":["Organization","Place"],"@id":"https:\/\/www.diocesitn.it\/area-annuncio\/#organization","name":"Area Annuncio e Sacramenti - Chiesa di Trento","url":"https:\/\/www.diocesitn.it\/area-annuncio\/","logo":{"@id":"https:\/\/www.diocesitn.it\/area-annuncio\/2024\/03\/01\/passi-di-vangelo-con-il-vescovo-lauro-14-febbraio-ore-20-30-in-seminario-a-trento-ne-vale-la-pena\/#local-main-organization-logo"},"image":{"@id":"https:\/\/www.diocesitn.it\/area-annuncio\/2024\/03\/01\/passi-di-vangelo-con-il-vescovo-lauro-14-febbraio-ore-20-30-in-seminario-a-trento-ne-vale-la-pena\/#local-main-organization-logo"},"sameAs":["https:\/\/www.facebook.com\/pastoralegiovanile.trento\/","https:\/\/www.instagram.com\/pastoralegiovaniletrento\/","https:\/\/www.youtube.com\/channel\/UCGt7hyJaIQIkrQPos4K6L6w"],"openingHoursSpecification":[{"@type":"OpeningHoursSpecification","dayOfWeek":["Monday","Tuesday","Wednesday","Thursday","Friday","Saturday","Sunday"],"opens":"09:00","closes":"17:00"}]},{"@type":"ImageObject","inLanguage":"it-IT","@id":"https:\/\/www.diocesitn.it\/area-annuncio\/2024\/03\/01\/passi-di-vangelo-con-il-vescovo-lauro-14-febbraio-ore-20-30-in-seminario-a-trento-ne-vale-la-pena\/#local-main-organization-logo","url":"https:\/\/www.diocesitn.it\/area-annuncio\/wp-content\/uploads\/sites\/39\/2021\/09\/og-logo-annuncio-e-sacramenti.jpg","contentUrl":"https:\/\/www.diocesitn.it\/area-annuncio\/wp-content\/uploads\/sites\/39\/2021\/09\/og-logo-annuncio-e-sacramenti.jpg","width":1200,"height":630,"caption":"Area Annuncio e Sacramenti - Chiesa di Trento"}]}},"_links":{"self":[{"href":"https:\/\/www.diocesitn.it\/area-annuncio\/wp-json\/wp\/v2\/posts\/20888","targetHints":{"allow":["GET"]}}],"collection":[{"href":"https:\/\/www.diocesitn.it\/area-annuncio\/wp-json\/wp\/v2\/posts"}],"about":[{"href":"https:\/\/www.diocesitn.it\/area-annuncio\/wp-json\/wp\/v2\/types\/post"}],"author":[{"embeddable":true,"href":"https:\/\/www.diocesitn.it\/area-annuncio\/wp-json\/wp\/v2\/users\/167"}],"replies":[{"embeddable":true,"href":"https:\/\/www.diocesitn.it\/area-annuncio\/wp-json\/wp\/v2\/comments?post=20888"}],"version-history":[{"count":3,"href":"https:\/\/www.diocesitn.it\/area-annuncio\/wp-json\/wp\/v2\/posts\/20888\/revisions"}],"predecessor-version":[{"id":20894,"href":"https:\/\/www.diocesitn.it\/area-annuncio\/wp-json\/wp\/v2\/posts\/20888\/revisions\/20894"}],"wp:featuredmedia":[{"embeddable":true,"href":"https:\/\/www.diocesitn.it\/area-annuncio\/wp-json\/wp\/v2\/media\/20891"}],"wp:attachment":[{"href":"https:\/\/www.diocesitn.it\/area-annuncio\/wp-json\/wp\/v2\/media?parent=20888"}],"wp:term":[{"taxonomy":"category","embeddable":true,"href":"https:\/\/www.diocesitn.it\/area-annuncio\/wp-json\/wp\/v2\/categories?post=20888"},{"taxonomy":"post_tag","embeddable":true,"href":"https:\/\/www.diocesitn.it\/area-annuncio\/wp-json\/wp\/v2\/tags?post=20888"}],"curies":[{"name":"wp","href":"https:\/\/api.w.org\/{rel}","templated":true}]}}