{"id":20640,"date":"2024-01-23T12:16:27","date_gmt":"2024-01-23T11:16:27","guid":{"rendered":"https:\/\/www.diocesitn.it\/area-annuncio\/?p=20640"},"modified":"2024-04-08T09:01:09","modified_gmt":"2024-04-08T07:01:09","slug":"con-le-mani-in-pasta-incontro-per-i-referenti-dei-gruppi-lunedi-5-febbraio-ore-20-30-online","status":"publish","type":"post","link":"https:\/\/www.diocesitn.it\/area-annuncio\/2024\/01\/23\/con-le-mani-in-pasta-incontro-per-i-referenti-dei-gruppi-lunedi-5-febbraio-ore-20-30-online\/","title":{"rendered":"Con le Mani in Pasta: sabato 6 aprile"},"content":{"rendered":"<p><strong>Sabato 6 aprile torna Con le Mani in pasta<\/strong>, la raccolta di viveri e materiali di prima necessit\u00e0 organizzata dai gruppi adolescenti della Diocesi in collaborazione con Caritas.\u00a0<span id=\"more-20300\"><\/span><\/p>\n<p><span id=\"more-22215\"><\/span>Scopo principale della giornata Con le Mani in pasta \u00e8 quello di raccogliere aiuti per le realt\u00e0 locali al quale si aggiunge uno sguardo attento alla collaborazione con i gruppi, le persone e le associazioni che sono presenti nelle diverse zone. Una giornata all\u2019insegna del servizio, della gioia, dell\u2019ascolto e dell\u2019incontro. Per scoprire che \u00e8 possibile e bello donare qualcosa di s\u00e9 e spendersi per gli altri, perch\u00e9 <em>\u201cse in quel pacco non ci sei anche tu, non serve a nulla\u201d<\/em>.<\/p>\n<hr \/>\n<p><strong>Alcune informazioni necessarie alla realizzazione<\/strong> dell\u2019iniziativa e <strong>alcuni suggerimenti per prepararsi<\/strong> e vivere al meglio questa esperienza di servizio con i ragazzi!<\/p>\n<ul>\n<li><a href=\"https:\/\/www.noitrento.it\/wp-content\/uploads\/2024\/02\/con-le-mani-in-pasta-2024_Cronoprogramma.pdf\" target=\"_blank\" rel=\"noopener\">Cronoprogramma e attenzioni da avere<\/a><\/li>\n<\/ul>\n<p>Il primo contatto con i supermercati viene effettuato dalla Diocesi. Compila il form segnalando in quali supermercati attiverete la raccolta: <a style=\"font-size: inherit;background-color: #ffffff\" href=\"https:\/\/www.noitrento.it\/iscrizionionline\/gestioneMiP\" target=\"_blank\" rel=\"noopener noreferrer\">Segnalazione\u00a0<strong>SUPERMERCATI entro il 10 marzo!<\/strong><\/a><\/p>\n<p>Le magliette sono uguali a quelle dello scorso anno. Se hai bisogno di nuove magliette prenotale qui: <a style=\"font-size: inherit;background-color: #ffffff\" href=\"https:\/\/www.noitrento.it\/iscrizionionline\/magliette-mani-in-pasta\" target=\"_blank\" rel=\"noopener\">Prenotazioni MAGLIETTE entro il 17 marzo!<\/a><\/p>\n<p>Puoi personalizzare la locandina:<\/p>\n<ul>\n<li><a href=\"https:\/\/www.noitrento.it\/wp-content\/uploads\/2024\/01\/con-le-mani-in-pasta-2024-editabile.pdf\" target=\"_blank\" rel=\"noopener\">Scarica la locandina editabile<\/a><\/li>\n<li><a href=\"https:\/\/www.noitrento.it\/wp-content\/uploads\/2024\/02\/con-le-mani-in-pasta-2024_Spunti-per-riflettere.pdf\" target=\"_blank\" rel=\"noopener\">Spunti per riflettere<\/a><\/li>\n<li><a href=\"https:\/\/www.noitrento.it\/wp-content\/uploads\/2024\/02\/il-dono-trasparente.pdf\" target=\"_blank\" rel=\"noopener\">Attivit\u00e0 per i gruppi adolescenti<\/a><\/li>\n<li><a href=\"https:\/\/www.diocesitn.it\/area-annuncio\/wp-content\/uploads\/sites\/39\/2024\/03\/preghiera-Mani-in-pasta-2024.pdf\" target=\"_blank\" rel=\"noopener\">Traccia di preghiera<\/a><\/li>\n<\/ul>\n<p><a href=\"https:\/\/www.noitrento.it\/wp-content\/uploads\/2024\/02\/con-le-mani-in-pasta_Incontro-organizzativo-5_02_2024.pdf\" target=\"_blank\" rel=\"noopener\">Scarica le slide<\/a>\u00a0dell\u2019incontro informativo del 5 febbraio<\/p>\n<p><a href=\"https:\/\/www.noitrento.it\/wp-content\/uploads\/2024\/01\/con-le-mani-in-pasta-2024_poster.png\" target=\"_blank\" rel=\"noopener\">Scarica la locandina<\/a><\/p>\n<p>&nbsp;<\/p>\n<p>&nbsp;<\/p>\n<p>&nbsp;<\/p>\n","protected":false},"excerpt":{"rendered":"<p>Sabato 6 aprile torna Con le Mani in pasta, la raccolta di viveri e materiali di prima necessit\u00e0 organizzata dai gruppi adolescenti della Diocesi in collaborazione con Caritas.\u00a0 Scopo principale della giornata Con le Mani<\/p>\n","protected":false},"author":167,"featured_media":20642,"comment_status":"closed","ping_status":"closed","sticky":false,"template":"","format":"standard","meta":{"footnotes":""},"categories":[618,608],"tags":[],"class_list":["post-20640","post","type-post","status-publish","format-standard","has-post-thumbnail","hentry","category-servizio-catechistico-giovani-pastorale-giovanile","category-notizie"],"acf":{"seed-localization-paese-cod":"IT","seed-localization-address":"","seed-localization-citta":"Trento","seed-localization-regione-cod-istat":"04","seed-localization-citta-cod-istat":"022205","seed-localization-localita":"","seed-localization-cap":"","seed-localization-marker-visibility":false,"seed-localization-children-visibility":false,"seed-localization-kml":"","seed-localization-custom-marker":""},"yoast_head":"<!-- This site is optimized with the Yoast SEO Premium plugin v20.2.1 (Yoast SEO v22.2) - https:\/\/yoast.com\/wordpress\/plugins\/seo\/ -->\n<title>Con le Mani in Pasta: sabato 6 aprile - Annuncio e Sacramenti - Chiesa di Trento<\/title>\n<meta name=\"robots\" content=\"index, follow, max-snippet:-1, max-image-preview:large, max-video-preview:-1\" \/>\n<link rel=\"canonical\" href=\"https:\/\/www.diocesitn.it\/area-annuncio\/2024\/01\/23\/con-le-mani-in-pasta-incontro-per-i-referenti-dei-gruppi-lunedi-5-febbraio-ore-20-30-online\/\" \/>\n<meta property=\"og:locale\" content=\"it_IT\" \/>\n<meta property=\"og:type\" content=\"article\" \/>\n<meta property=\"og:title\" content=\"Con le Mani in Pasta: sabato 6 aprile\" \/>\n<meta property=\"og:description\" content=\"Sabato 6 aprile torna Con le Mani in pasta, la raccolta di viveri e materiali di prima necessit\u00e0 organizzata dai gruppi adolescenti della Diocesi in collaborazione con Caritas.\u00a0 Scopo principale della giornata Con le Mani\" \/>\n<meta property=\"og:url\" content=\"https:\/\/www.diocesitn.it\/area-annuncio\/2024\/01\/23\/con-le-mani-in-pasta-incontro-per-i-referenti-dei-gruppi-lunedi-5-febbraio-ore-20-30-online\/\" \/>\n<meta property=\"og:site_name\" content=\"Annuncio e Sacramenti\" \/>\n<meta property=\"article:publisher\" content=\"https:\/\/www.facebook.com\/pastoralegiovanile.trento\/\" \/>\n<meta property=\"article:published_time\" content=\"2024-01-23T11:16:27+00:00\" \/>\n<meta property=\"article:modified_time\" content=\"2024-04-08T07:01:09+00:00\" \/>\n<meta property=\"og:image\" content=\"https:\/\/www.diocesitn.it\/area-annuncio\/wp-content\/uploads\/sites\/39\/2024\/01\/con-le-mani-in-pasta-2024_post-1024x1024-1-e1706008570228.jpeg\" \/>\n\t<meta property=\"og:image:width\" content=\"1024\" \/>\n\t<meta property=\"og:image:height\" content=\"576\" \/>\n\t<meta property=\"og:image:type\" content=\"image\/jpeg\" \/>\n<meta name=\"author\" content=\"ccremonesi\" \/>\n<meta name=\"twitter:card\" content=\"summary_large_image\" \/>\n<meta name=\"twitter:label1\" content=\"Scritto da\" \/>\n\t<meta name=\"twitter:data1\" content=\"ccremonesi\" \/>\n\t<meta name=\"twitter:label2\" content=\"Tempo di lettura stimato\" \/>\n\t<meta name=\"twitter:data2\" content=\"1 minuto\" \/>\n<script type=\"application\/ld+json\" class=\"yoast-schema-graph\">{\"@context\":\"https:\/\/schema.org\",\"@graph\":[{\"@type\":\"Article\",\"@id\":\"https:\/\/www.diocesitn.it\/area-annuncio\/2024\/01\/23\/con-le-mani-in-pasta-incontro-per-i-referenti-dei-gruppi-lunedi-5-febbraio-ore-20-30-online\/#article\",\"isPartOf\":{\"@id\":\"https:\/\/www.diocesitn.it\/area-annuncio\/2024\/01\/23\/con-le-mani-in-pasta-incontro-per-i-referenti-dei-gruppi-lunedi-5-febbraio-ore-20-30-online\/\"},\"author\":{\"name\":\"ccremonesi\",\"@id\":\"https:\/\/www.diocesitn.it\/area-annuncio\/#\/schema\/person\/8963f67519fa0dce29c5ba33955dd0f0\"},\"headline\":\"Con le Mani in Pasta: sabato 6 aprile\",\"datePublished\":\"2024-01-23T11:16:27+00:00\",\"dateModified\":\"2024-04-08T07:01:09+00:00\",\"mainEntityOfPage\":{\"@id\":\"https:\/\/www.diocesitn.it\/area-annuncio\/2024\/01\/23\/con-le-mani-in-pasta-incontro-per-i-referenti-dei-gruppi-lunedi-5-febbraio-ore-20-30-online\/\"},\"wordCount\":224,\"publisher\":{\"@id\":\"https:\/\/www.diocesitn.it\/area-annuncio\/#organization\"},\"image\":{\"@id\":\"https:\/\/www.diocesitn.it\/area-annuncio\/2024\/01\/23\/con-le-mani-in-pasta-incontro-per-i-referenti-dei-gruppi-lunedi-5-febbraio-ore-20-30-online\/#primaryimage\"},\"thumbnailUrl\":\"https:\/\/www.diocesitn.it\/area-annuncio\/wp-content\/uploads\/sites\/39\/2024\/01\/con-le-mani-in-pasta-2024_post-1024x1024-1-e1706008570228.jpeg\",\"articleSection\":[\"Giovani\",\"Notizie\"],\"inLanguage\":\"it-IT\",\"copyrightYear\":\"2024\",\"copyrightHolder\":{\"@id\":\"https:\/\/www.diocesitn.it\/#organization\"}},{\"@type\":\"WebPage\",\"@id\":\"https:\/\/www.diocesitn.it\/area-annuncio\/2024\/01\/23\/con-le-mani-in-pasta-incontro-per-i-referenti-dei-gruppi-lunedi-5-febbraio-ore-20-30-online\/\",\"url\":\"https:\/\/www.diocesitn.it\/area-annuncio\/2024\/01\/23\/con-le-mani-in-pasta-incontro-per-i-referenti-dei-gruppi-lunedi-5-febbraio-ore-20-30-online\/\",\"name\":\"Con le Mani in Pasta: sabato 6 aprile - Annuncio e Sacramenti - Chiesa di Trento\",\"isPartOf\":{\"@id\":\"https:\/\/www.diocesitn.it\/area-annuncio\/#website\"},\"primaryImageOfPage\":{\"@id\":\"https:\/\/www.diocesitn.it\/area-annuncio\/2024\/01\/23\/con-le-mani-in-pasta-incontro-per-i-referenti-dei-gruppi-lunedi-5-febbraio-ore-20-30-online\/#primaryimage\"},\"image\":{\"@id\":\"https:\/\/www.diocesitn.it\/area-annuncio\/2024\/01\/23\/con-le-mani-in-pasta-incontro-per-i-referenti-dei-gruppi-lunedi-5-febbraio-ore-20-30-online\/#primaryimage\"},\"thumbnailUrl\":\"https:\/\/www.diocesitn.it\/area-annuncio\/wp-content\/uploads\/sites\/39\/2024\/01\/con-le-mani-in-pasta-2024_post-1024x1024-1-e1706008570228.jpeg\",\"datePublished\":\"2024-01-23T11:16:27+00:00\",\"dateModified\":\"2024-04-08T07:01:09+00:00\",\"breadcrumb\":{\"@id\":\"https:\/\/www.diocesitn.it\/area-annuncio\/2024\/01\/23\/con-le-mani-in-pasta-incontro-per-i-referenti-dei-gruppi-lunedi-5-febbraio-ore-20-30-online\/#breadcrumb\"},\"inLanguage\":\"it-IT\",\"potentialAction\":[{\"@type\":\"ReadAction\",\"target\":[\"https:\/\/www.diocesitn.it\/area-annuncio\/2024\/01\/23\/con-le-mani-in-pasta-incontro-per-i-referenti-dei-gruppi-lunedi-5-febbraio-ore-20-30-online\/\"]}]},{\"@type\":\"ImageObject\",\"inLanguage\":\"it-IT\",\"@id\":\"https:\/\/www.diocesitn.it\/area-annuncio\/2024\/01\/23\/con-le-mani-in-pasta-incontro-per-i-referenti-dei-gruppi-lunedi-5-febbraio-ore-20-30-online\/#primaryimage\",\"url\":\"https:\/\/www.diocesitn.it\/area-annuncio\/wp-content\/uploads\/sites\/39\/2024\/01\/con-le-mani-in-pasta-2024_post-1024x1024-1-e1706008570228.jpeg\",\"contentUrl\":\"https:\/\/www.diocesitn.it\/area-annuncio\/wp-content\/uploads\/sites\/39\/2024\/01\/con-le-mani-in-pasta-2024_post-1024x1024-1-e1706008570228.jpeg\",\"width\":1024,\"height\":576},{\"@type\":\"BreadcrumbList\",\"@id\":\"https:\/\/www.diocesitn.it\/area-annuncio\/2024\/01\/23\/con-le-mani-in-pasta-incontro-per-i-referenti-dei-gruppi-lunedi-5-febbraio-ore-20-30-online\/#breadcrumb\",\"itemListElement\":[{\"@type\":\"ListItem\",\"position\":1,\"name\":\"Home\",\"item\":\"https:\/\/www.diocesitn.it\/area-annuncio\/\"},{\"@type\":\"ListItem\",\"position\":2,\"name\":\"Con le Mani in Pasta: sabato 6 aprile\"}]},{\"@type\":\"WebSite\",\"@id\":\"https:\/\/www.diocesitn.it\/area-annuncio\/#website\",\"url\":\"https:\/\/www.diocesitn.it\/area-annuncio\/\",\"name\":\"Annuncio e Sacramenti\",\"description\":\"Chiesa di Trento\",\"publisher\":{\"@id\":\"https:\/\/www.diocesitn.it\/area-annuncio\/#organization\"},\"potentialAction\":[{\"@type\":\"SearchAction\",\"target\":{\"@type\":\"EntryPoint\",\"urlTemplate\":\"https:\/\/www.diocesitn.it\/area-annuncio\/?s={search_term_string}\"},\"query-input\":\"required name=search_term_string\"}],\"inLanguage\":\"it-IT\"},{\"@type\":[\"Organization\",\"Place\"],\"@id\":\"https:\/\/www.diocesitn.it\/area-annuncio\/#organization\",\"name\":\"Area Annuncio e Sacramenti - Chiesa di Trento\",\"url\":\"https:\/\/www.diocesitn.it\/area-annuncio\/\",\"logo\":{\"@id\":\"https:\/\/www.diocesitn.it\/area-annuncio\/2024\/01\/23\/con-le-mani-in-pasta-incontro-per-i-referenti-dei-gruppi-lunedi-5-febbraio-ore-20-30-online\/#local-main-organization-logo\"},\"image\":{\"@id\":\"https:\/\/www.diocesitn.it\/area-annuncio\/2024\/01\/23\/con-le-mani-in-pasta-incontro-per-i-referenti-dei-gruppi-lunedi-5-febbraio-ore-20-30-online\/#local-main-organization-logo\"},\"sameAs\":[\"https:\/\/www.facebook.com\/pastoralegiovanile.trento\/\",\"https:\/\/www.instagram.com\/pastoralegiovaniletrento\/\",\"https:\/\/www.youtube.com\/channel\/UCGt7hyJaIQIkrQPos4K6L6w\"],\"openingHoursSpecification\":[{\"@type\":\"OpeningHoursSpecification\",\"dayOfWeek\":[\"Monday\",\"Tuesday\",\"Wednesday\",\"Thursday\",\"Friday\",\"Saturday\",\"Sunday\"],\"opens\":\"09:00\",\"closes\":\"17:00\"}]},{\"@type\":\"ImageObject\",\"inLanguage\":\"it-IT\",\"@id\":\"https:\/\/www.diocesitn.it\/area-annuncio\/2024\/01\/23\/con-le-mani-in-pasta-incontro-per-i-referenti-dei-gruppi-lunedi-5-febbraio-ore-20-30-online\/#local-main-organization-logo\",\"url\":\"https:\/\/www.diocesitn.it\/area-annuncio\/wp-content\/uploads\/sites\/39\/2021\/09\/og-logo-annuncio-e-sacramenti.jpg\",\"contentUrl\":\"https:\/\/www.diocesitn.it\/area-annuncio\/wp-content\/uploads\/sites\/39\/2021\/09\/og-logo-annuncio-e-sacramenti.jpg\",\"width\":1200,\"height\":630,\"caption\":\"Area Annuncio e Sacramenti - Chiesa di Trento\"}]}<\/script>\n<!-- \/ Yoast SEO Premium plugin. -->","yoast_head_json":{"title":"Con le Mani in Pasta: sabato 6 aprile - Annuncio e Sacramenti - Chiesa di Trento","robots":{"index":"index","follow":"follow","max-snippet":"max-snippet:-1","max-image-preview":"max-image-preview:large","max-video-preview":"max-video-preview:-1"},"canonical":"https:\/\/www.diocesitn.it\/area-annuncio\/2024\/01\/23\/con-le-mani-in-pasta-incontro-per-i-referenti-dei-gruppi-lunedi-5-febbraio-ore-20-30-online\/","og_locale":"it_IT","og_type":"article","og_title":"Con le Mani in Pasta: sabato 6 aprile","og_description":"Sabato 6 aprile torna Con le Mani in pasta, la raccolta di viveri e materiali di prima necessit\u00e0 organizzata dai gruppi adolescenti della Diocesi in collaborazione con Caritas.\u00a0 Scopo principale della giornata Con le Mani","og_url":"https:\/\/www.diocesitn.it\/area-annuncio\/2024\/01\/23\/con-le-mani-in-pasta-incontro-per-i-referenti-dei-gruppi-lunedi-5-febbraio-ore-20-30-online\/","og_site_name":"Annuncio e Sacramenti","article_publisher":"https:\/\/www.facebook.com\/pastoralegiovanile.trento\/","article_published_time":"2024-01-23T11:16:27+00:00","article_modified_time":"2024-04-08T07:01:09+00:00","og_image":[{"width":1024,"height":576,"url":"https:\/\/www.diocesitn.it\/area-annuncio\/wp-content\/uploads\/sites\/39\/2024\/01\/con-le-mani-in-pasta-2024_post-1024x1024-1-e1706008570228.jpeg","type":"image\/jpeg"}],"author":"ccremonesi","twitter_card":"summary_large_image","twitter_misc":{"Scritto da":"ccremonesi","Tempo di lettura stimato":"1 minuto"},"schema":{"@context":"https:\/\/schema.org","@graph":[{"@type":"Article","@id":"https:\/\/www.diocesitn.it\/area-annuncio\/2024\/01\/23\/con-le-mani-in-pasta-incontro-per-i-referenti-dei-gruppi-lunedi-5-febbraio-ore-20-30-online\/#article","isPartOf":{"@id":"https:\/\/www.diocesitn.it\/area-annuncio\/2024\/01\/23\/con-le-mani-in-pasta-incontro-per-i-referenti-dei-gruppi-lunedi-5-febbraio-ore-20-30-online\/"},"author":{"name":"ccremonesi","@id":"https:\/\/www.diocesitn.it\/area-annuncio\/#\/schema\/person\/8963f67519fa0dce29c5ba33955dd0f0"},"headline":"Con le Mani in Pasta: sabato 6 aprile","datePublished":"2024-01-23T11:16:27+00:00","dateModified":"2024-04-08T07:01:09+00:00","mainEntityOfPage":{"@id":"https:\/\/www.diocesitn.it\/area-annuncio\/2024\/01\/23\/con-le-mani-in-pasta-incontro-per-i-referenti-dei-gruppi-lunedi-5-febbraio-ore-20-30-online\/"},"wordCount":224,"publisher":{"@id":"https:\/\/www.diocesitn.it\/area-annuncio\/#organization"},"image":{"@id":"https:\/\/www.diocesitn.it\/area-annuncio\/2024\/01\/23\/con-le-mani-in-pasta-incontro-per-i-referenti-dei-gruppi-lunedi-5-febbraio-ore-20-30-online\/#primaryimage"},"thumbnailUrl":"https:\/\/www.diocesitn.it\/area-annuncio\/wp-content\/uploads\/sites\/39\/2024\/01\/con-le-mani-in-pasta-2024_post-1024x1024-1-e1706008570228.jpeg","articleSection":["Giovani","Notizie"],"inLanguage":"it-IT","copyrightYear":"2024","copyrightHolder":{"@id":"https:\/\/www.diocesitn.it\/#organization"}},{"@type":"WebPage","@id":"https:\/\/www.diocesitn.it\/area-annuncio\/2024\/01\/23\/con-le-mani-in-pasta-incontro-per-i-referenti-dei-gruppi-lunedi-5-febbraio-ore-20-30-online\/","url":"https:\/\/www.diocesitn.it\/area-annuncio\/2024\/01\/23\/con-le-mani-in-pasta-incontro-per-i-referenti-dei-gruppi-lunedi-5-febbraio-ore-20-30-online\/","name":"Con le Mani in Pasta: sabato 6 aprile - Annuncio e Sacramenti - Chiesa di Trento","isPartOf":{"@id":"https:\/\/www.diocesitn.it\/area-annuncio\/#website"},"primaryImageOfPage":{"@id":"https:\/\/www.diocesitn.it\/area-annuncio\/2024\/01\/23\/con-le-mani-in-pasta-incontro-per-i-referenti-dei-gruppi-lunedi-5-febbraio-ore-20-30-online\/#primaryimage"},"image":{"@id":"https:\/\/www.diocesitn.it\/area-annuncio\/2024\/01\/23\/con-le-mani-in-pasta-incontro-per-i-referenti-dei-gruppi-lunedi-5-febbraio-ore-20-30-online\/#primaryimage"},"thumbnailUrl":"https:\/\/www.diocesitn.it\/area-annuncio\/wp-content\/uploads\/sites\/39\/2024\/01\/con-le-mani-in-pasta-2024_post-1024x1024-1-e1706008570228.jpeg","datePublished":"2024-01-23T11:16:27+00:00","dateModified":"2024-04-08T07:01:09+00:00","breadcrumb":{"@id":"https:\/\/www.diocesitn.it\/area-annuncio\/2024\/01\/23\/con-le-mani-in-pasta-incontro-per-i-referenti-dei-gruppi-lunedi-5-febbraio-ore-20-30-online\/#breadcrumb"},"inLanguage":"it-IT","potentialAction":[{"@type":"ReadAction","target":["https:\/\/www.diocesitn.it\/area-annuncio\/2024\/01\/23\/con-le-mani-in-pasta-incontro-per-i-referenti-dei-gruppi-lunedi-5-febbraio-ore-20-30-online\/"]}]},{"@type":"ImageObject","inLanguage":"it-IT","@id":"https:\/\/www.diocesitn.it\/area-annuncio\/2024\/01\/23\/con-le-mani-in-pasta-incontro-per-i-referenti-dei-gruppi-lunedi-5-febbraio-ore-20-30-online\/#primaryimage","url":"https:\/\/www.diocesitn.it\/area-annuncio\/wp-content\/uploads\/sites\/39\/2024\/01\/con-le-mani-in-pasta-2024_post-1024x1024-1-e1706008570228.jpeg","contentUrl":"https:\/\/www.diocesitn.it\/area-annuncio\/wp-content\/uploads\/sites\/39\/2024\/01\/con-le-mani-in-pasta-2024_post-1024x1024-1-e1706008570228.jpeg","width":1024,"height":576},{"@type":"BreadcrumbList","@id":"https:\/\/www.diocesitn.it\/area-annuncio\/2024\/01\/23\/con-le-mani-in-pasta-incontro-per-i-referenti-dei-gruppi-lunedi-5-febbraio-ore-20-30-online\/#breadcrumb","itemListElement":[{"@type":"ListItem","position":1,"name":"Home","item":"https:\/\/www.diocesitn.it\/area-annuncio\/"},{"@type":"ListItem","position":2,"name":"Con le Mani in Pasta: sabato 6 aprile"}]},{"@type":"WebSite","@id":"https:\/\/www.diocesitn.it\/area-annuncio\/#website","url":"https:\/\/www.diocesitn.it\/area-annuncio\/","name":"Annuncio e Sacramenti","description":"Chiesa di Trento","publisher":{"@id":"https:\/\/www.diocesitn.it\/area-annuncio\/#organization"},"potentialAction":[{"@type":"SearchAction","target":{"@type":"EntryPoint","urlTemplate":"https:\/\/www.diocesitn.it\/area-annuncio\/?s={search_term_string}"},"query-input":"required name=search_term_string"}],"inLanguage":"it-IT"},{"@type":["Organization","Place"],"@id":"https:\/\/www.diocesitn.it\/area-annuncio\/#organization","name":"Area Annuncio e Sacramenti - Chiesa di Trento","url":"https:\/\/www.diocesitn.it\/area-annuncio\/","logo":{"@id":"https:\/\/www.diocesitn.it\/area-annuncio\/2024\/01\/23\/con-le-mani-in-pasta-incontro-per-i-referenti-dei-gruppi-lunedi-5-febbraio-ore-20-30-online\/#local-main-organization-logo"},"image":{"@id":"https:\/\/www.diocesitn.it\/area-annuncio\/2024\/01\/23\/con-le-mani-in-pasta-incontro-per-i-referenti-dei-gruppi-lunedi-5-febbraio-ore-20-30-online\/#local-main-organization-logo"},"sameAs":["https:\/\/www.facebook.com\/pastoralegiovanile.trento\/","https:\/\/www.instagram.com\/pastoralegiovaniletrento\/","https:\/\/www.youtube.com\/channel\/UCGt7hyJaIQIkrQPos4K6L6w"],"openingHoursSpecification":[{"@type":"OpeningHoursSpecification","dayOfWeek":["Monday","Tuesday","Wednesday","Thursday","Friday","Saturday","Sunday"],"opens":"09:00","closes":"17:00"}]},{"@type":"ImageObject","inLanguage":"it-IT","@id":"https:\/\/www.diocesitn.it\/area-annuncio\/2024\/01\/23\/con-le-mani-in-pasta-incontro-per-i-referenti-dei-gruppi-lunedi-5-febbraio-ore-20-30-online\/#local-main-organization-logo","url":"https:\/\/www.diocesitn.it\/area-annuncio\/wp-content\/uploads\/sites\/39\/2021\/09\/og-logo-annuncio-e-sacramenti.jpg","contentUrl":"https:\/\/www.diocesitn.it\/area-annuncio\/wp-content\/uploads\/sites\/39\/2021\/09\/og-logo-annuncio-e-sacramenti.jpg","width":1200,"height":630,"caption":"Area Annuncio e Sacramenti - Chiesa di Trento"}]}},"_links":{"self":[{"href":"https:\/\/www.diocesitn.it\/area-annuncio\/wp-json\/wp\/v2\/posts\/20640","targetHints":{"allow":["GET"]}}],"collection":[{"href":"https:\/\/www.diocesitn.it\/area-annuncio\/wp-json\/wp\/v2\/posts"}],"about":[{"href":"https:\/\/www.diocesitn.it\/area-annuncio\/wp-json\/wp\/v2\/types\/post"}],"author":[{"embeddable":true,"href":"https:\/\/www.diocesitn.it\/area-annuncio\/wp-json\/wp\/v2\/users\/167"}],"replies":[{"embeddable":true,"href":"https:\/\/www.diocesitn.it\/area-annuncio\/wp-json\/wp\/v2\/comments?post=20640"}],"version-history":[{"count":4,"href":"https:\/\/www.diocesitn.it\/area-annuncio\/wp-json\/wp\/v2\/posts\/20640\/revisions"}],"predecessor-version":[{"id":21124,"href":"https:\/\/www.diocesitn.it\/area-annuncio\/wp-json\/wp\/v2\/posts\/20640\/revisions\/21124"}],"wp:featuredmedia":[{"embeddable":true,"href":"https:\/\/www.diocesitn.it\/area-annuncio\/wp-json\/wp\/v2\/media\/20642"}],"wp:attachment":[{"href":"https:\/\/www.diocesitn.it\/area-annuncio\/wp-json\/wp\/v2\/media?parent=20640"}],"wp:term":[{"taxonomy":"category","embeddable":true,"href":"https:\/\/www.diocesitn.it\/area-annuncio\/wp-json\/wp\/v2\/categories?post=20640"},{"taxonomy":"post_tag","embeddable":true,"href":"https:\/\/www.diocesitn.it\/area-annuncio\/wp-json\/wp\/v2\/tags?post=20640"}],"curies":[{"name":"wp","href":"https:\/\/api.w.org\/{rel}","templated":true}]}}