{"id":19060,"date":"2023-08-04T08:57:03","date_gmt":"2023-08-04T06:57:03","guid":{"rendered":"https:\/\/www.diocesitn.it\/area-annuncio\/?p=19060"},"modified":"2023-08-23T21:35:51","modified_gmt":"2023-08-23T19:35:51","slug":"pellegrinaggio-in-terra-santa-degli-insegnanti-di-religione-il-racconto-dellesperienza","status":"publish","type":"post","link":"https:\/\/www.diocesitn.it\/area-annuncio\/2023\/08\/04\/pellegrinaggio-in-terra-santa-degli-insegnanti-di-religione-il-racconto-dellesperienza\/","title":{"rendered":"Pellegrinaggio in Terra Santa degli insegnanti di religione. Il racconto dell&#8217;esperienza"},"content":{"rendered":"<p>Nel Salmo 122 (detto del Canto delle salite di Davide) il pellegrino ebreo che giunge a Gerusalemme saluta la citt\u00e0 con parole di pace, e in questo suo arrivare, sgorga in lui una grande gioia elementare, istintiva: il lungo cammino \u00e8 dimenticato, ora \u00e8 il momento della gioia:<\/p>\n<p>Quale gioia, quando mi dissero:<br \/>\n\u00abAndremo alla casa del Signore\u00bb.<br \/>\nE ora i nostri piedi si fermano<br \/>\nalle tue porte, Gerusalemme!<\/p>\n<p>Sicuramente questo \u00e8 stato il sentimento che ha riempito i cuori di tutti noi, una trentina di docenti di religione del Trentino e di alcuni nostri familiari, che abbiamo avuto il dono di partecipare al pellegrinaggio in Terra Santa promosso dal Servizio IRC della Diocesi di Trento dall\u20191 all\u20198 luglio 2023, guidati magistralmente dal professor Giuseppe Casarin, e accompagnati spiritualmente da don Mattia Vanzo.<\/p>\n<p>La Terra Santa, o meglio, la Terra del Santo, \u00e8 diventata per noi l\u2019occasione per fare un percorso speciale: un viaggio fisico su questa terra, ma anche\u00a0un cammino in ascolto di Ges\u00f9, della primitiva Chiesa apostolica, del popolo ebraico e della gente di oggi. Un investimento culturale, che ha aiutato tutti noi ad ampliare le nostre conoscenze bibliche, la storia, l\u2019archeologia, la spiritualit\u00e0, i vari personaggi e volti che popolano l\u2019Antico e il Nuovo Testamento, i testimoni di fede che nei secoli hanno cercato in questa terra ristoro e risposte alla propria sete di sapienza e di verit\u00e0.<\/p>\n<p>Camminare sulla Terra del Santo ha rappresentato inoltre un sostegno alla presenza cristiana nella terra di Palestina. Davvero interessanti e importanti si sono dimostrati gli incontri con alcuni testimoni: con uno dei Piccoli Fratelli di Charles de Foucauld in Nazareth (Charles, colui che aveva vissuto per tre anni proprio qui per condividere materialmente la vita nascosta di Ges\u00f9), e ancora in Nazareth con don Raed, oggi parroco di Reneh e gi\u00e0 direttore della Caritas di Gerusalemme, che attraverso un prezioso lavoro di censimento degli antichi olivi di queste zone, sta recuperando molti nomi di paesi palestinesi con la loro storia, scomparsi dopo l\u2019occupazione israeliana del \u201948. A Betlemme abbiamo incontrato Vincenzo Bellomo, project manager di Pro Terra Santa per Betlemme e la Palestina, fondatore della Casa dei Magi (Dar al- Maius), casa di cultura e di solidariet\u00e0 dalla quale prendono avvio progetti di lavoro per i giovani, perch\u00e9, come tanti cristiani, non decidano di lasciare la loro terra. Un grande esempio di resilienza. Infine in Gerusalemme con padre Francesco Patton, Custode di Terra Santa, nonch\u00e9 trentino, che \u00e8 al servizio della Missione di San Francesco a nome della Chiesa, come gi\u00e0 da otto secoli fanno i suoi fratelli francescani, con lo scopo di operare per la pace, il dialogo ecumenico e interreligioso in questa terra ancora segnata e ferita dalla guerra.<\/p>\n<p>Il nostro pellegrinaggio \u00e8 stato un segno per la pace, perch\u00e9 abbiamo scoperto che questa patria \u00e8 da amare profondamente, nonostante le sue imperfezioni e storture, e che la pace del mondo pu\u00f2 passare solo attraverso la pace in Palestina.<\/p>\n<p>Essere pellegrini della fede \u00e8 stata infine un&#8217;esperienza umana e spirituale forte e profonda: ci ha resi pi\u00f9 fratelli, ci ha permesso di crescere in amicizia, di avvicinare l\u2019ambiente religioso, spirituale, umano e geografico proprio di Ges\u00f9. Paolo VI definiva la Terra Santa come un Quinto Vangelo.<\/p>\n<p>Il deserto del Negev, Ein Avdat, Betlemme, Qumran, Gerico, Nazareth, Cana, il Tabor, il Lago di Tiberiade e le sue citt\u00e0, il Luogo del battesimo, Gerusalemme e il Monte Sion, lo Yad Vashem, ed infine Emmaus, sono state le nostre tappe.<\/p>\n<p>Nel deserto, luogo per eccellenza di desolazione e aridit\u00e0, abbiamo capito con i nostri corpi che si pu\u00f2 nascondere e trovare una sorgente d\u2019acqua pura che ridona vita e rinfresca lo spirito: \u00e8 l\u2019acqua che trasforma la terra arida in giardino, \u00e8 la promessa di Ges\u00f9 di Nazareth. Lui ci precede ancora in Galilea!<\/p>\n<p style=\"text-align: right\"><em>Prof.ssa Cristiana Visintainer<\/em><\/p>\n<p>&nbsp;<\/p>\n<p style=\"text-align: right\"><a href=\"https:\/\/www.diocesitn.it\/area-annuncio\/wp-content\/uploads\/sites\/39\/2023\/08\/Pellegrini-nella-Terra-del-Santo-definitivo.pdf\" target=\"_blank\" rel=\"noopener\">Scarica articolo<\/a><\/p>\n","protected":false},"excerpt":{"rendered":"<p>Nel Salmo 122 (detto del Canto delle salite di Davide) il pellegrino ebreo che giunge a Gerusalemme saluta la citt\u00e0 con parole di pace, e in questo suo arrivare, sgorga in lui una grande gioia<\/p>\n","protected":false},"author":14,"featured_media":19061,"comment_status":"closed","ping_status":"closed","sticky":false,"template":"","format":"standard","meta":{"footnotes":""},"categories":[702,608],"tags":[1010,439,239,1009],"class_list":["post-19060","post","type-post","status-publish","format-standard","has-post-thumbnail","hentry","category-servizio-scuola","category-notizie","tag-esperienza","tag-irc","tag-pellegrinaggio","tag-terra-santa"],"acf":{"seed-localization-paese-cod":"IT","seed-localization-address":"","seed-localization-citta":"Trento","seed-localization-regione-cod-istat":"04","seed-localization-citta-cod-istat":"022205","seed-localization-localita":"","seed-localization-cap":"","seed-localization-marker-visibility":false,"seed-localization-children-visibility":false,"seed-localization-kml":"","seed-localization-custom-marker":""},"yoast_head":"<!-- This site is optimized with the Yoast SEO Premium plugin v20.2.1 (Yoast SEO v22.2) - https:\/\/yoast.com\/wordpress\/plugins\/seo\/ -->\n<title>Pellegrinaggio in Terra Santa degli insegnanti di religione. Il racconto dell&#039;esperienza - Annuncio e Sacramenti - Chiesa di Trento<\/title>\n<meta name=\"robots\" content=\"index, follow, max-snippet:-1, max-image-preview:large, max-video-preview:-1\" \/>\n<link rel=\"canonical\" href=\"https:\/\/www.diocesitn.it\/area-annuncio\/2023\/08\/04\/pellegrinaggio-in-terra-santa-degli-insegnanti-di-religione-il-racconto-dellesperienza\/\" \/>\n<meta property=\"og:locale\" content=\"it_IT\" \/>\n<meta property=\"og:type\" content=\"article\" \/>\n<meta property=\"og:title\" content=\"Pellegrinaggio in Terra Santa degli insegnanti di religione. Il racconto dell&#039;esperienza\" \/>\n<meta property=\"og:description\" content=\"Nel Salmo 122 (detto del Canto delle salite di Davide) il pellegrino ebreo che giunge a Gerusalemme saluta la citt\u00e0 con parole di pace, e in questo suo arrivare, sgorga in lui una grande gioia\" \/>\n<meta property=\"og:url\" content=\"https:\/\/www.diocesitn.it\/area-annuncio\/2023\/08\/04\/pellegrinaggio-in-terra-santa-degli-insegnanti-di-religione-il-racconto-dellesperienza\/\" \/>\n<meta property=\"og:site_name\" content=\"Annuncio e Sacramenti\" \/>\n<meta property=\"article:publisher\" content=\"https:\/\/www.facebook.com\/pastoralegiovanile.trento\/\" \/>\n<meta property=\"article:published_time\" content=\"2023-08-04T06:57:03+00:00\" \/>\n<meta property=\"article:modified_time\" content=\"2023-08-23T19:35:51+00:00\" \/>\n<meta property=\"og:image\" content=\"https:\/\/www.diocesitn.it\/area-annuncio\/wp-content\/uploads\/sites\/39\/2023\/08\/Terra-Santa_IRC.jpeg\" \/>\n\t<meta property=\"og:image:width\" content=\"1616\" \/>\n\t<meta property=\"og:image:height\" content=\"1080\" \/>\n\t<meta property=\"og:image:type\" content=\"image\/jpeg\" \/>\n<meta name=\"author\" content=\"travanelli\" \/>\n<meta name=\"twitter:card\" content=\"summary_large_image\" \/>\n<meta name=\"twitter:label1\" content=\"Scritto da\" \/>\n\t<meta name=\"twitter:data1\" content=\"travanelli\" \/>\n\t<meta name=\"twitter:label2\" content=\"Tempo di lettura stimato\" \/>\n\t<meta name=\"twitter:data2\" content=\"3 minuti\" \/>\n<script type=\"application\/ld+json\" class=\"yoast-schema-graph\">{\"@context\":\"https:\/\/schema.org\",\"@graph\":[{\"@type\":\"Article\",\"@id\":\"https:\/\/www.diocesitn.it\/area-annuncio\/2023\/08\/04\/pellegrinaggio-in-terra-santa-degli-insegnanti-di-religione-il-racconto-dellesperienza\/#article\",\"isPartOf\":{\"@id\":\"https:\/\/www.diocesitn.it\/area-annuncio\/2023\/08\/04\/pellegrinaggio-in-terra-santa-degli-insegnanti-di-religione-il-racconto-dellesperienza\/\"},\"author\":{\"name\":\"travanelli\",\"@id\":\"https:\/\/www.diocesitn.it\/area-annuncio\/#\/schema\/person\/55912816e02fae9c8b1fde79ff8e6be2\"},\"headline\":\"Pellegrinaggio in Terra Santa degli insegnanti di religione. Il racconto dell&#8217;esperienza\",\"datePublished\":\"2023-08-04T06:57:03+00:00\",\"dateModified\":\"2023-08-23T19:35:51+00:00\",\"mainEntityOfPage\":{\"@id\":\"https:\/\/www.diocesitn.it\/area-annuncio\/2023\/08\/04\/pellegrinaggio-in-terra-santa-degli-insegnanti-di-religione-il-racconto-dellesperienza\/\"},\"wordCount\":647,\"publisher\":{\"@id\":\"https:\/\/www.diocesitn.it\/area-annuncio\/#organization\"},\"image\":{\"@id\":\"https:\/\/www.diocesitn.it\/area-annuncio\/2023\/08\/04\/pellegrinaggio-in-terra-santa-degli-insegnanti-di-religione-il-racconto-dellesperienza\/#primaryimage\"},\"thumbnailUrl\":\"https:\/\/www.diocesitn.it\/area-annuncio\/wp-content\/uploads\/sites\/39\/2023\/08\/Terra-Santa_IRC.jpeg\",\"keywords\":[\"esperienza\",\"Irc\",\"pellegrinaggio\",\"Terra Santa\"],\"articleSection\":[\"IRC\",\"Notizie\"],\"inLanguage\":\"it-IT\",\"copyrightYear\":\"2023\",\"copyrightHolder\":{\"@id\":\"https:\/\/www.diocesitn.it\/#organization\"}},{\"@type\":\"WebPage\",\"@id\":\"https:\/\/www.diocesitn.it\/area-annuncio\/2023\/08\/04\/pellegrinaggio-in-terra-santa-degli-insegnanti-di-religione-il-racconto-dellesperienza\/\",\"url\":\"https:\/\/www.diocesitn.it\/area-annuncio\/2023\/08\/04\/pellegrinaggio-in-terra-santa-degli-insegnanti-di-religione-il-racconto-dellesperienza\/\",\"name\":\"Pellegrinaggio in Terra Santa degli insegnanti di religione. Il racconto dell'esperienza - Annuncio e Sacramenti - Chiesa di Trento\",\"isPartOf\":{\"@id\":\"https:\/\/www.diocesitn.it\/area-annuncio\/#website\"},\"primaryImageOfPage\":{\"@id\":\"https:\/\/www.diocesitn.it\/area-annuncio\/2023\/08\/04\/pellegrinaggio-in-terra-santa-degli-insegnanti-di-religione-il-racconto-dellesperienza\/#primaryimage\"},\"image\":{\"@id\":\"https:\/\/www.diocesitn.it\/area-annuncio\/2023\/08\/04\/pellegrinaggio-in-terra-santa-degli-insegnanti-di-religione-il-racconto-dellesperienza\/#primaryimage\"},\"thumbnailUrl\":\"https:\/\/www.diocesitn.it\/area-annuncio\/wp-content\/uploads\/sites\/39\/2023\/08\/Terra-Santa_IRC.jpeg\",\"datePublished\":\"2023-08-04T06:57:03+00:00\",\"dateModified\":\"2023-08-23T19:35:51+00:00\",\"breadcrumb\":{\"@id\":\"https:\/\/www.diocesitn.it\/area-annuncio\/2023\/08\/04\/pellegrinaggio-in-terra-santa-degli-insegnanti-di-religione-il-racconto-dellesperienza\/#breadcrumb\"},\"inLanguage\":\"it-IT\",\"potentialAction\":[{\"@type\":\"ReadAction\",\"target\":[\"https:\/\/www.diocesitn.it\/area-annuncio\/2023\/08\/04\/pellegrinaggio-in-terra-santa-degli-insegnanti-di-religione-il-racconto-dellesperienza\/\"]}]},{\"@type\":\"ImageObject\",\"inLanguage\":\"it-IT\",\"@id\":\"https:\/\/www.diocesitn.it\/area-annuncio\/2023\/08\/04\/pellegrinaggio-in-terra-santa-degli-insegnanti-di-religione-il-racconto-dellesperienza\/#primaryimage\",\"url\":\"https:\/\/www.diocesitn.it\/area-annuncio\/wp-content\/uploads\/sites\/39\/2023\/08\/Terra-Santa_IRC.jpeg\",\"contentUrl\":\"https:\/\/www.diocesitn.it\/area-annuncio\/wp-content\/uploads\/sites\/39\/2023\/08\/Terra-Santa_IRC.jpeg\",\"width\":1616,\"height\":1080},{\"@type\":\"BreadcrumbList\",\"@id\":\"https:\/\/www.diocesitn.it\/area-annuncio\/2023\/08\/04\/pellegrinaggio-in-terra-santa-degli-insegnanti-di-religione-il-racconto-dellesperienza\/#breadcrumb\",\"itemListElement\":[{\"@type\":\"ListItem\",\"position\":1,\"name\":\"Home\",\"item\":\"https:\/\/www.diocesitn.it\/area-annuncio\/\"},{\"@type\":\"ListItem\",\"position\":2,\"name\":\"Pellegrinaggio in Terra Santa degli insegnanti di religione. Il racconto dell&#8217;esperienza\"}]},{\"@type\":\"WebSite\",\"@id\":\"https:\/\/www.diocesitn.it\/area-annuncio\/#website\",\"url\":\"https:\/\/www.diocesitn.it\/area-annuncio\/\",\"name\":\"Annuncio e Sacramenti\",\"description\":\"Chiesa di Trento\",\"publisher\":{\"@id\":\"https:\/\/www.diocesitn.it\/area-annuncio\/#organization\"},\"potentialAction\":[{\"@type\":\"SearchAction\",\"target\":{\"@type\":\"EntryPoint\",\"urlTemplate\":\"https:\/\/www.diocesitn.it\/area-annuncio\/?s={search_term_string}\"},\"query-input\":\"required name=search_term_string\"}],\"inLanguage\":\"it-IT\"},{\"@type\":[\"Organization\",\"Place\"],\"@id\":\"https:\/\/www.diocesitn.it\/area-annuncio\/#organization\",\"name\":\"Area Annuncio e Sacramenti - Chiesa di Trento\",\"url\":\"https:\/\/www.diocesitn.it\/area-annuncio\/\",\"logo\":{\"@id\":\"https:\/\/www.diocesitn.it\/area-annuncio\/2023\/08\/04\/pellegrinaggio-in-terra-santa-degli-insegnanti-di-religione-il-racconto-dellesperienza\/#local-main-organization-logo\"},\"image\":{\"@id\":\"https:\/\/www.diocesitn.it\/area-annuncio\/2023\/08\/04\/pellegrinaggio-in-terra-santa-degli-insegnanti-di-religione-il-racconto-dellesperienza\/#local-main-organization-logo\"},\"sameAs\":[\"https:\/\/www.facebook.com\/pastoralegiovanile.trento\/\",\"https:\/\/www.instagram.com\/pastoralegiovaniletrento\/\",\"https:\/\/www.youtube.com\/channel\/UCGt7hyJaIQIkrQPos4K6L6w\"],\"openingHoursSpecification\":[{\"@type\":\"OpeningHoursSpecification\",\"dayOfWeek\":[\"Monday\",\"Tuesday\",\"Wednesday\",\"Thursday\",\"Friday\",\"Saturday\",\"Sunday\"],\"opens\":\"09:00\",\"closes\":\"17:00\"}]},{\"@type\":\"ImageObject\",\"inLanguage\":\"it-IT\",\"@id\":\"https:\/\/www.diocesitn.it\/area-annuncio\/2023\/08\/04\/pellegrinaggio-in-terra-santa-degli-insegnanti-di-religione-il-racconto-dellesperienza\/#local-main-organization-logo\",\"url\":\"https:\/\/www.diocesitn.it\/area-annuncio\/wp-content\/uploads\/sites\/39\/2021\/09\/og-logo-annuncio-e-sacramenti.jpg\",\"contentUrl\":\"https:\/\/www.diocesitn.it\/area-annuncio\/wp-content\/uploads\/sites\/39\/2021\/09\/og-logo-annuncio-e-sacramenti.jpg\",\"width\":1200,\"height\":630,\"caption\":\"Area Annuncio e Sacramenti - Chiesa di Trento\"}]}<\/script>\n<!-- \/ Yoast SEO Premium plugin. -->","yoast_head_json":{"title":"Pellegrinaggio in Terra Santa degli insegnanti di religione. Il racconto dell'esperienza - Annuncio e Sacramenti - Chiesa di Trento","robots":{"index":"index","follow":"follow","max-snippet":"max-snippet:-1","max-image-preview":"max-image-preview:large","max-video-preview":"max-video-preview:-1"},"canonical":"https:\/\/www.diocesitn.it\/area-annuncio\/2023\/08\/04\/pellegrinaggio-in-terra-santa-degli-insegnanti-di-religione-il-racconto-dellesperienza\/","og_locale":"it_IT","og_type":"article","og_title":"Pellegrinaggio in Terra Santa degli insegnanti di religione. Il racconto dell'esperienza","og_description":"Nel Salmo 122 (detto del Canto delle salite di Davide) il pellegrino ebreo che giunge a Gerusalemme saluta la citt\u00e0 con parole di pace, e in questo suo arrivare, sgorga in lui una grande gioia","og_url":"https:\/\/www.diocesitn.it\/area-annuncio\/2023\/08\/04\/pellegrinaggio-in-terra-santa-degli-insegnanti-di-religione-il-racconto-dellesperienza\/","og_site_name":"Annuncio e Sacramenti","article_publisher":"https:\/\/www.facebook.com\/pastoralegiovanile.trento\/","article_published_time":"2023-08-04T06:57:03+00:00","article_modified_time":"2023-08-23T19:35:51+00:00","og_image":[{"width":1616,"height":1080,"url":"https:\/\/www.diocesitn.it\/area-annuncio\/wp-content\/uploads\/sites\/39\/2023\/08\/Terra-Santa_IRC.jpeg","type":"image\/jpeg"}],"author":"travanelli","twitter_card":"summary_large_image","twitter_misc":{"Scritto da":"travanelli","Tempo di lettura stimato":"3 minuti"},"schema":{"@context":"https:\/\/schema.org","@graph":[{"@type":"Article","@id":"https:\/\/www.diocesitn.it\/area-annuncio\/2023\/08\/04\/pellegrinaggio-in-terra-santa-degli-insegnanti-di-religione-il-racconto-dellesperienza\/#article","isPartOf":{"@id":"https:\/\/www.diocesitn.it\/area-annuncio\/2023\/08\/04\/pellegrinaggio-in-terra-santa-degli-insegnanti-di-religione-il-racconto-dellesperienza\/"},"author":{"name":"travanelli","@id":"https:\/\/www.diocesitn.it\/area-annuncio\/#\/schema\/person\/55912816e02fae9c8b1fde79ff8e6be2"},"headline":"Pellegrinaggio in Terra Santa degli insegnanti di religione. Il racconto dell&#8217;esperienza","datePublished":"2023-08-04T06:57:03+00:00","dateModified":"2023-08-23T19:35:51+00:00","mainEntityOfPage":{"@id":"https:\/\/www.diocesitn.it\/area-annuncio\/2023\/08\/04\/pellegrinaggio-in-terra-santa-degli-insegnanti-di-religione-il-racconto-dellesperienza\/"},"wordCount":647,"publisher":{"@id":"https:\/\/www.diocesitn.it\/area-annuncio\/#organization"},"image":{"@id":"https:\/\/www.diocesitn.it\/area-annuncio\/2023\/08\/04\/pellegrinaggio-in-terra-santa-degli-insegnanti-di-religione-il-racconto-dellesperienza\/#primaryimage"},"thumbnailUrl":"https:\/\/www.diocesitn.it\/area-annuncio\/wp-content\/uploads\/sites\/39\/2023\/08\/Terra-Santa_IRC.jpeg","keywords":["esperienza","Irc","pellegrinaggio","Terra Santa"],"articleSection":["IRC","Notizie"],"inLanguage":"it-IT","copyrightYear":"2023","copyrightHolder":{"@id":"https:\/\/www.diocesitn.it\/#organization"}},{"@type":"WebPage","@id":"https:\/\/www.diocesitn.it\/area-annuncio\/2023\/08\/04\/pellegrinaggio-in-terra-santa-degli-insegnanti-di-religione-il-racconto-dellesperienza\/","url":"https:\/\/www.diocesitn.it\/area-annuncio\/2023\/08\/04\/pellegrinaggio-in-terra-santa-degli-insegnanti-di-religione-il-racconto-dellesperienza\/","name":"Pellegrinaggio in Terra Santa degli insegnanti di religione. Il racconto dell'esperienza - Annuncio e Sacramenti - Chiesa di Trento","isPartOf":{"@id":"https:\/\/www.diocesitn.it\/area-annuncio\/#website"},"primaryImageOfPage":{"@id":"https:\/\/www.diocesitn.it\/area-annuncio\/2023\/08\/04\/pellegrinaggio-in-terra-santa-degli-insegnanti-di-religione-il-racconto-dellesperienza\/#primaryimage"},"image":{"@id":"https:\/\/www.diocesitn.it\/area-annuncio\/2023\/08\/04\/pellegrinaggio-in-terra-santa-degli-insegnanti-di-religione-il-racconto-dellesperienza\/#primaryimage"},"thumbnailUrl":"https:\/\/www.diocesitn.it\/area-annuncio\/wp-content\/uploads\/sites\/39\/2023\/08\/Terra-Santa_IRC.jpeg","datePublished":"2023-08-04T06:57:03+00:00","dateModified":"2023-08-23T19:35:51+00:00","breadcrumb":{"@id":"https:\/\/www.diocesitn.it\/area-annuncio\/2023\/08\/04\/pellegrinaggio-in-terra-santa-degli-insegnanti-di-religione-il-racconto-dellesperienza\/#breadcrumb"},"inLanguage":"it-IT","potentialAction":[{"@type":"ReadAction","target":["https:\/\/www.diocesitn.it\/area-annuncio\/2023\/08\/04\/pellegrinaggio-in-terra-santa-degli-insegnanti-di-religione-il-racconto-dellesperienza\/"]}]},{"@type":"ImageObject","inLanguage":"it-IT","@id":"https:\/\/www.diocesitn.it\/area-annuncio\/2023\/08\/04\/pellegrinaggio-in-terra-santa-degli-insegnanti-di-religione-il-racconto-dellesperienza\/#primaryimage","url":"https:\/\/www.diocesitn.it\/area-annuncio\/wp-content\/uploads\/sites\/39\/2023\/08\/Terra-Santa_IRC.jpeg","contentUrl":"https:\/\/www.diocesitn.it\/area-annuncio\/wp-content\/uploads\/sites\/39\/2023\/08\/Terra-Santa_IRC.jpeg","width":1616,"height":1080},{"@type":"BreadcrumbList","@id":"https:\/\/www.diocesitn.it\/area-annuncio\/2023\/08\/04\/pellegrinaggio-in-terra-santa-degli-insegnanti-di-religione-il-racconto-dellesperienza\/#breadcrumb","itemListElement":[{"@type":"ListItem","position":1,"name":"Home","item":"https:\/\/www.diocesitn.it\/area-annuncio\/"},{"@type":"ListItem","position":2,"name":"Pellegrinaggio in Terra Santa degli insegnanti di religione. Il racconto dell&#8217;esperienza"}]},{"@type":"WebSite","@id":"https:\/\/www.diocesitn.it\/area-annuncio\/#website","url":"https:\/\/www.diocesitn.it\/area-annuncio\/","name":"Annuncio e Sacramenti","description":"Chiesa di Trento","publisher":{"@id":"https:\/\/www.diocesitn.it\/area-annuncio\/#organization"},"potentialAction":[{"@type":"SearchAction","target":{"@type":"EntryPoint","urlTemplate":"https:\/\/www.diocesitn.it\/area-annuncio\/?s={search_term_string}"},"query-input":"required name=search_term_string"}],"inLanguage":"it-IT"},{"@type":["Organization","Place"],"@id":"https:\/\/www.diocesitn.it\/area-annuncio\/#organization","name":"Area Annuncio e Sacramenti - Chiesa di Trento","url":"https:\/\/www.diocesitn.it\/area-annuncio\/","logo":{"@id":"https:\/\/www.diocesitn.it\/area-annuncio\/2023\/08\/04\/pellegrinaggio-in-terra-santa-degli-insegnanti-di-religione-il-racconto-dellesperienza\/#local-main-organization-logo"},"image":{"@id":"https:\/\/www.diocesitn.it\/area-annuncio\/2023\/08\/04\/pellegrinaggio-in-terra-santa-degli-insegnanti-di-religione-il-racconto-dellesperienza\/#local-main-organization-logo"},"sameAs":["https:\/\/www.facebook.com\/pastoralegiovanile.trento\/","https:\/\/www.instagram.com\/pastoralegiovaniletrento\/","https:\/\/www.youtube.com\/channel\/UCGt7hyJaIQIkrQPos4K6L6w"],"openingHoursSpecification":[{"@type":"OpeningHoursSpecification","dayOfWeek":["Monday","Tuesday","Wednesday","Thursday","Friday","Saturday","Sunday"],"opens":"09:00","closes":"17:00"}]},{"@type":"ImageObject","inLanguage":"it-IT","@id":"https:\/\/www.diocesitn.it\/area-annuncio\/2023\/08\/04\/pellegrinaggio-in-terra-santa-degli-insegnanti-di-religione-il-racconto-dellesperienza\/#local-main-organization-logo","url":"https:\/\/www.diocesitn.it\/area-annuncio\/wp-content\/uploads\/sites\/39\/2021\/09\/og-logo-annuncio-e-sacramenti.jpg","contentUrl":"https:\/\/www.diocesitn.it\/area-annuncio\/wp-content\/uploads\/sites\/39\/2021\/09\/og-logo-annuncio-e-sacramenti.jpg","width":1200,"height":630,"caption":"Area Annuncio e Sacramenti - Chiesa di Trento"}]}},"_links":{"self":[{"href":"https:\/\/www.diocesitn.it\/area-annuncio\/wp-json\/wp\/v2\/posts\/19060","targetHints":{"allow":["GET"]}}],"collection":[{"href":"https:\/\/www.diocesitn.it\/area-annuncio\/wp-json\/wp\/v2\/posts"}],"about":[{"href":"https:\/\/www.diocesitn.it\/area-annuncio\/wp-json\/wp\/v2\/types\/post"}],"author":[{"embeddable":true,"href":"https:\/\/www.diocesitn.it\/area-annuncio\/wp-json\/wp\/v2\/users\/14"}],"replies":[{"embeddable":true,"href":"https:\/\/www.diocesitn.it\/area-annuncio\/wp-json\/wp\/v2\/comments?post=19060"}],"version-history":[{"count":1,"href":"https:\/\/www.diocesitn.it\/area-annuncio\/wp-json\/wp\/v2\/posts\/19060\/revisions"}],"predecessor-version":[{"id":19063,"href":"https:\/\/www.diocesitn.it\/area-annuncio\/wp-json\/wp\/v2\/posts\/19060\/revisions\/19063"}],"wp:featuredmedia":[{"embeddable":true,"href":"https:\/\/www.diocesitn.it\/area-annuncio\/wp-json\/wp\/v2\/media\/19061"}],"wp:attachment":[{"href":"https:\/\/www.diocesitn.it\/area-annuncio\/wp-json\/wp\/v2\/media?parent=19060"}],"wp:term":[{"taxonomy":"category","embeddable":true,"href":"https:\/\/www.diocesitn.it\/area-annuncio\/wp-json\/wp\/v2\/categories?post=19060"},{"taxonomy":"post_tag","embeddable":true,"href":"https:\/\/www.diocesitn.it\/area-annuncio\/wp-json\/wp\/v2\/tags?post=19060"}],"curies":[{"name":"wp","href":"https:\/\/api.w.org\/{rel}","templated":true}]}}