{"id":18974,"date":"2023-06-23T14:26:54","date_gmt":"2023-06-23T12:26:54","guid":{"rendered":"https:\/\/www.diocesitn.it\/area-annuncio\/?p=18974"},"modified":"2023-10-09T13:13:57","modified_gmt":"2023-10-09T11:13:57","slug":"a-passo-duomo-festa-famiglie-2023","status":"publish","type":"post","link":"https:\/\/www.diocesitn.it\/area-annuncio\/2023\/06\/23\/a-passo-duomo-festa-famiglie-2023\/","title":{"rendered":"A PASSO D\u2019UOMO Festa per le famiglie. Le meraviglie della Cattedrale di Trento riscoperte con i sensi della fede. Sabato 7 ottobre 2023 dalle 14.30 alle 21.15"},"content":{"rendered":"<p>Il Servizio famiglia della diocesi di Trento \u00e8 lieto di proporre un momento di ritrovo, di festa e di spettacolo per le famiglie di tutta la diocesi per riscoprire la \u201cnostra\u201d Cattedrale con il suo valore artistico, storico e religioso e offrire l\u2019occasione di far incontrare tante famiglie e motivarle ad essere parte viva della comunit\u00e0 cristiana.<\/p>\n<p>Il programma di massima dell\u2019evento sar\u00e0 il seguente:<\/p>\n<table style=\"border-collapse: collapse;width: 100%;height: 386px\">\n<tbody>\n<tr style=\"height: 46px\">\n<td style=\"width: 13.5182%;height: 46px\">14.30<\/td>\n<td style=\"width: 86.4818%;height: 46px\">Ritrovo all\u2019Arcivescovile (entrata da via Giusti)\u00a0 \u00a0 \u00a0 \u00a0<a href=\"https:\/\/www.diocesitn.it\/area-annuncio\/wp-content\/uploads\/sites\/39\/2023\/06\/Cartina.jpg\" target=\"_blank\" rel=\"noopener\">Vedi mappa<\/a><\/td>\n<\/tr>\n<tr style=\"height: 78px\">\n<td style=\"width: 13.5182%;height: 78px\">15.00<\/td>\n<td style=\"width: 86.4818%;height: 78px\"><span style=\"color: #444444;background-color: #ffffff\">\u00a0\u201cgioco di famiglia\u201d che avr\u00e0 come fulcro proprio la cattedrale restaurata: durata 1h circa con partenza a gruppi ogni 10 minuti &#8211; ultima partenza ore 16.00<\/span><\/td>\n<\/tr>\n<tr style=\"height: 46px\">\n<td style=\"width: 13.5182%;height: 46px\">17.00<\/td>\n<td style=\"width: 86.4818%;height: 46px\">santa Messa in Duomo presieduta dall\u2019arcivescovo Lauro<\/td>\n<\/tr>\n<tr style=\"height: 46px\">\n<td style=\"width: 13.5182%;height: 46px\">19.00<\/td>\n<td style=\"width: 86.4818%;height: 46px\">cena al sacco presso l\u2019Arcivescovile<\/td>\n<\/tr>\n<tr style=\"height: 78px\">\n<td style=\"width: 13.5182%;height: 78px\">20.00<\/td>\n<td style=\"width: 86.4818%;height: 78px\">\u00a0Spettacolo teatrale per i bambini dai 3 ai 12 anni presso l\u2019Arcivescovile: i bambini saranno seguiti dai ragazzi dell&#8217;animazione (i bambini da 0 a 3 anni devono essere accuditi da un genitore).<\/td>\n<\/tr>\n<tr style=\"height: 46px\">\n<td style=\"width: 13.5182%;height: 46px\">20.15<\/td>\n<td style=\"width: 86.4818%;height: 46px\">\u201cUna cattedrale da senso. Viaggio d\u2019insieme in cinque tappe.\u201d momento artistico-spirituale per adulti (+13 anni): una riscoperta del Duomo attraverso i 5 sensi. Un piccolo itinerario che, sostando agli angoli della cattedrale, affronter\u00e0 storie e attualit\u00e0, racconti e responsabilit\u00e0: cinque tappe per valorizzare i cinque sensi che da sempre appartengono alle vite di tutti, innestate nella vita della Chiesa. Dai Padri della fede ai testimoni, dai costruttori agli artisti, dagli operai ai lavoratori, un viaggio per recuperare la vocazione a divenire noi stessi \u201cpietre vive\u201d di un Corpo che \u00e8 Cristo.<\/td>\n<\/tr>\n<tr style=\"height: 46px\">\n<td style=\"width: 13.5182%;height: 46px\">21.15<\/td>\n<td style=\"width: 86.4818%;height: 46px\">Conclusione<\/td>\n<\/tr>\n<\/tbody>\n<\/table>\n<p style=\"text-align: right\"><a href=\"https:\/\/www.diocesitn.it\/area-annuncio\/wp-content\/uploads\/sites\/39\/2023\/06\/Locandina_A_Passo_Duomo_DEF.pdf\" target=\"_blank\" rel=\"noopener\">Scarica locandina<\/a><\/p>\n<h5><strong>Le iscrizioni sono chiuse. Chi volesse partecipare pu\u00f2 contattare il numero 342-862.78.42<\/strong><\/h5>\n","protected":false},"excerpt":{"rendered":"<p>Il Servizio famiglia della diocesi di Trento \u00e8 lieto di proporre un momento di ritrovo, di festa e di spettacolo per le famiglie di tutta la diocesi per riscoprire la \u201cnostra\u201d Cattedrale con il suo<\/p>\n","protected":false},"author":14,"featured_media":18980,"comment_status":"closed","ping_status":"closed","sticky":false,"template":"","format":"standard","meta":{"footnotes":""},"categories":[642,608],"tags":[],"class_list":["post-18974","post","type-post","status-publish","format-standard","has-post-thumbnail","hentry","category-servizio-famiglia","category-notizie"],"acf":{"seed-localization-paese-cod":"IT","seed-localization-address":"","seed-localization-citta":"Trento","seed-localization-regione-cod-istat":"04","seed-localization-citta-cod-istat":"022205","seed-localization-localita":"","seed-localization-cap":"","seed-localization-marker-visibility":false,"seed-localization-children-visibility":false,"seed-localization-kml":"","seed-localization-custom-marker":""},"yoast_head":"<!-- This site is optimized with the Yoast SEO Premium plugin v20.2.1 (Yoast SEO v22.2) - https:\/\/yoast.com\/wordpress\/plugins\/seo\/ -->\n<title>A PASSO D\u2019UOMO Festa per le famiglie. Le meraviglie della Cattedrale di Trento riscoperte con i sensi della fede. Sabato 7 ottobre 2023 dalle 14.30 alle 21.15 - Annuncio e Sacramenti - Chiesa di Trento<\/title>\n<meta name=\"robots\" content=\"index, follow, max-snippet:-1, max-image-preview:large, max-video-preview:-1\" \/>\n<link rel=\"canonical\" href=\"https:\/\/www.diocesitn.it\/area-annuncio\/2023\/06\/23\/a-passo-duomo-festa-famiglie-2023\/\" \/>\n<meta property=\"og:locale\" content=\"it_IT\" \/>\n<meta property=\"og:type\" content=\"article\" \/>\n<meta property=\"og:title\" content=\"A PASSO D\u2019UOMO Festa per le famiglie. Le meraviglie della Cattedrale di Trento riscoperte con i sensi della fede. Sabato 7 ottobre 2023 dalle 14.30 alle 21.15\" \/>\n<meta property=\"og:description\" content=\"Il Servizio famiglia della diocesi di Trento \u00e8 lieto di proporre un momento di ritrovo, di festa e di spettacolo per le famiglie di tutta la diocesi per riscoprire la \u201cnostra\u201d Cattedrale con il suo\" \/>\n<meta property=\"og:url\" content=\"https:\/\/www.diocesitn.it\/area-annuncio\/2023\/06\/23\/a-passo-duomo-festa-famiglie-2023\/\" \/>\n<meta property=\"og:site_name\" content=\"Annuncio e Sacramenti\" \/>\n<meta property=\"article:publisher\" content=\"https:\/\/www.facebook.com\/pastoralegiovanile.trento\/\" \/>\n<meta property=\"article:published_time\" content=\"2023-06-23T12:26:54+00:00\" \/>\n<meta property=\"article:modified_time\" content=\"2023-10-09T11:13:57+00:00\" \/>\n<meta property=\"og:image\" content=\"https:\/\/www.diocesitn.it\/area-annuncio\/wp-content\/uploads\/sites\/39\/2023\/06\/Duomo.jpg\" \/>\n\t<meta property=\"og:image:width\" content=\"1024\" \/>\n\t<meta property=\"og:image:height\" content=\"683\" \/>\n\t<meta property=\"og:image:type\" content=\"image\/jpeg\" \/>\n<meta name=\"author\" content=\"travanelli\" \/>\n<meta name=\"twitter:card\" content=\"summary_large_image\" \/>\n<meta name=\"twitter:label1\" content=\"Scritto da\" \/>\n\t<meta name=\"twitter:data1\" content=\"travanelli\" \/>\n\t<meta name=\"twitter:label2\" content=\"Tempo di lettura stimato\" \/>\n\t<meta name=\"twitter:data2\" content=\"1 minuto\" \/>\n<script type=\"application\/ld+json\" class=\"yoast-schema-graph\">{\"@context\":\"https:\/\/schema.org\",\"@graph\":[{\"@type\":\"Article\",\"@id\":\"https:\/\/www.diocesitn.it\/area-annuncio\/2023\/06\/23\/a-passo-duomo-festa-famiglie-2023\/#article\",\"isPartOf\":{\"@id\":\"https:\/\/www.diocesitn.it\/area-annuncio\/2023\/06\/23\/a-passo-duomo-festa-famiglie-2023\/\"},\"author\":{\"name\":\"travanelli\",\"@id\":\"https:\/\/www.diocesitn.it\/area-annuncio\/#\/schema\/person\/55912816e02fae9c8b1fde79ff8e6be2\"},\"headline\":\"A PASSO D\u2019UOMO Festa per le famiglie. Le meraviglie della Cattedrale di Trento riscoperte con i sensi della fede. Sabato 7 ottobre 2023 dalle 14.30 alle 21.15\",\"datePublished\":\"2023-06-23T12:26:54+00:00\",\"dateModified\":\"2023-10-09T11:13:57+00:00\",\"mainEntityOfPage\":{\"@id\":\"https:\/\/www.diocesitn.it\/area-annuncio\/2023\/06\/23\/a-passo-duomo-festa-famiglie-2023\/\"},\"wordCount\":270,\"publisher\":{\"@id\":\"https:\/\/www.diocesitn.it\/area-annuncio\/#organization\"},\"image\":{\"@id\":\"https:\/\/www.diocesitn.it\/area-annuncio\/2023\/06\/23\/a-passo-duomo-festa-famiglie-2023\/#primaryimage\"},\"thumbnailUrl\":\"https:\/\/www.diocesitn.it\/area-annuncio\/wp-content\/uploads\/sites\/39\/2023\/06\/Duomo.jpg\",\"articleSection\":[\"Famiglia\",\"Notizie\"],\"inLanguage\":\"it-IT\",\"copyrightYear\":\"2023\",\"copyrightHolder\":{\"@id\":\"https:\/\/www.diocesitn.it\/#organization\"}},{\"@type\":\"WebPage\",\"@id\":\"https:\/\/www.diocesitn.it\/area-annuncio\/2023\/06\/23\/a-passo-duomo-festa-famiglie-2023\/\",\"url\":\"https:\/\/www.diocesitn.it\/area-annuncio\/2023\/06\/23\/a-passo-duomo-festa-famiglie-2023\/\",\"name\":\"A PASSO D\u2019UOMO Festa per le famiglie. Le meraviglie della Cattedrale di Trento riscoperte con i sensi della fede. Sabato 7 ottobre 2023 dalle 14.30 alle 21.15 - Annuncio e Sacramenti - Chiesa di Trento\",\"isPartOf\":{\"@id\":\"https:\/\/www.diocesitn.it\/area-annuncio\/#website\"},\"primaryImageOfPage\":{\"@id\":\"https:\/\/www.diocesitn.it\/area-annuncio\/2023\/06\/23\/a-passo-duomo-festa-famiglie-2023\/#primaryimage\"},\"image\":{\"@id\":\"https:\/\/www.diocesitn.it\/area-annuncio\/2023\/06\/23\/a-passo-duomo-festa-famiglie-2023\/#primaryimage\"},\"thumbnailUrl\":\"https:\/\/www.diocesitn.it\/area-annuncio\/wp-content\/uploads\/sites\/39\/2023\/06\/Duomo.jpg\",\"datePublished\":\"2023-06-23T12:26:54+00:00\",\"dateModified\":\"2023-10-09T11:13:57+00:00\",\"breadcrumb\":{\"@id\":\"https:\/\/www.diocesitn.it\/area-annuncio\/2023\/06\/23\/a-passo-duomo-festa-famiglie-2023\/#breadcrumb\"},\"inLanguage\":\"it-IT\",\"potentialAction\":[{\"@type\":\"ReadAction\",\"target\":[\"https:\/\/www.diocesitn.it\/area-annuncio\/2023\/06\/23\/a-passo-duomo-festa-famiglie-2023\/\"]}]},{\"@type\":\"ImageObject\",\"inLanguage\":\"it-IT\",\"@id\":\"https:\/\/www.diocesitn.it\/area-annuncio\/2023\/06\/23\/a-passo-duomo-festa-famiglie-2023\/#primaryimage\",\"url\":\"https:\/\/www.diocesitn.it\/area-annuncio\/wp-content\/uploads\/sites\/39\/2023\/06\/Duomo.jpg\",\"contentUrl\":\"https:\/\/www.diocesitn.it\/area-annuncio\/wp-content\/uploads\/sites\/39\/2023\/06\/Duomo.jpg\",\"width\":1024,\"height\":683},{\"@type\":\"BreadcrumbList\",\"@id\":\"https:\/\/www.diocesitn.it\/area-annuncio\/2023\/06\/23\/a-passo-duomo-festa-famiglie-2023\/#breadcrumb\",\"itemListElement\":[{\"@type\":\"ListItem\",\"position\":1,\"name\":\"Home\",\"item\":\"https:\/\/www.diocesitn.it\/area-annuncio\/\"},{\"@type\":\"ListItem\",\"position\":2,\"name\":\"A PASSO D\u2019UOMO Festa per le famiglie. Le meraviglie della Cattedrale di Trento riscoperte con i sensi della fede. Sabato 7 ottobre 2023 dalle 14.30 alle 21.15\"}]},{\"@type\":\"WebSite\",\"@id\":\"https:\/\/www.diocesitn.it\/area-annuncio\/#website\",\"url\":\"https:\/\/www.diocesitn.it\/area-annuncio\/\",\"name\":\"Annuncio e Sacramenti\",\"description\":\"Chiesa di Trento\",\"publisher\":{\"@id\":\"https:\/\/www.diocesitn.it\/area-annuncio\/#organization\"},\"potentialAction\":[{\"@type\":\"SearchAction\",\"target\":{\"@type\":\"EntryPoint\",\"urlTemplate\":\"https:\/\/www.diocesitn.it\/area-annuncio\/?s={search_term_string}\"},\"query-input\":\"required name=search_term_string\"}],\"inLanguage\":\"it-IT\"},{\"@type\":[\"Organization\",\"Place\"],\"@id\":\"https:\/\/www.diocesitn.it\/area-annuncio\/#organization\",\"name\":\"Area Annuncio e Sacramenti - Chiesa di Trento\",\"url\":\"https:\/\/www.diocesitn.it\/area-annuncio\/\",\"logo\":{\"@id\":\"https:\/\/www.diocesitn.it\/area-annuncio\/2023\/06\/23\/a-passo-duomo-festa-famiglie-2023\/#local-main-organization-logo\"},\"image\":{\"@id\":\"https:\/\/www.diocesitn.it\/area-annuncio\/2023\/06\/23\/a-passo-duomo-festa-famiglie-2023\/#local-main-organization-logo\"},\"sameAs\":[\"https:\/\/www.facebook.com\/pastoralegiovanile.trento\/\",\"https:\/\/www.instagram.com\/pastoralegiovaniletrento\/\",\"https:\/\/www.youtube.com\/channel\/UCGt7hyJaIQIkrQPos4K6L6w\"],\"openingHoursSpecification\":[{\"@type\":\"OpeningHoursSpecification\",\"dayOfWeek\":[\"Monday\",\"Tuesday\",\"Wednesday\",\"Thursday\",\"Friday\",\"Saturday\",\"Sunday\"],\"opens\":\"09:00\",\"closes\":\"17:00\"}]},{\"@type\":\"ImageObject\",\"inLanguage\":\"it-IT\",\"@id\":\"https:\/\/www.diocesitn.it\/area-annuncio\/2023\/06\/23\/a-passo-duomo-festa-famiglie-2023\/#local-main-organization-logo\",\"url\":\"https:\/\/www.diocesitn.it\/area-annuncio\/wp-content\/uploads\/sites\/39\/2021\/09\/og-logo-annuncio-e-sacramenti.jpg\",\"contentUrl\":\"https:\/\/www.diocesitn.it\/area-annuncio\/wp-content\/uploads\/sites\/39\/2021\/09\/og-logo-annuncio-e-sacramenti.jpg\",\"width\":1200,\"height\":630,\"caption\":\"Area Annuncio e Sacramenti - Chiesa di Trento\"}]}<\/script>\n<!-- \/ Yoast SEO Premium plugin. -->","yoast_head_json":{"title":"A PASSO D\u2019UOMO Festa per le famiglie. Le meraviglie della Cattedrale di Trento riscoperte con i sensi della fede. Sabato 7 ottobre 2023 dalle 14.30 alle 21.15 - Annuncio e Sacramenti - Chiesa di Trento","robots":{"index":"index","follow":"follow","max-snippet":"max-snippet:-1","max-image-preview":"max-image-preview:large","max-video-preview":"max-video-preview:-1"},"canonical":"https:\/\/www.diocesitn.it\/area-annuncio\/2023\/06\/23\/a-passo-duomo-festa-famiglie-2023\/","og_locale":"it_IT","og_type":"article","og_title":"A PASSO D\u2019UOMO Festa per le famiglie. Le meraviglie della Cattedrale di Trento riscoperte con i sensi della fede. Sabato 7 ottobre 2023 dalle 14.30 alle 21.15","og_description":"Il Servizio famiglia della diocesi di Trento \u00e8 lieto di proporre un momento di ritrovo, di festa e di spettacolo per le famiglie di tutta la diocesi per riscoprire la \u201cnostra\u201d Cattedrale con il suo","og_url":"https:\/\/www.diocesitn.it\/area-annuncio\/2023\/06\/23\/a-passo-duomo-festa-famiglie-2023\/","og_site_name":"Annuncio e Sacramenti","article_publisher":"https:\/\/www.facebook.com\/pastoralegiovanile.trento\/","article_published_time":"2023-06-23T12:26:54+00:00","article_modified_time":"2023-10-09T11:13:57+00:00","og_image":[{"width":1024,"height":683,"url":"https:\/\/www.diocesitn.it\/area-annuncio\/wp-content\/uploads\/sites\/39\/2023\/06\/Duomo.jpg","type":"image\/jpeg"}],"author":"travanelli","twitter_card":"summary_large_image","twitter_misc":{"Scritto da":"travanelli","Tempo di lettura stimato":"1 minuto"},"schema":{"@context":"https:\/\/schema.org","@graph":[{"@type":"Article","@id":"https:\/\/www.diocesitn.it\/area-annuncio\/2023\/06\/23\/a-passo-duomo-festa-famiglie-2023\/#article","isPartOf":{"@id":"https:\/\/www.diocesitn.it\/area-annuncio\/2023\/06\/23\/a-passo-duomo-festa-famiglie-2023\/"},"author":{"name":"travanelli","@id":"https:\/\/www.diocesitn.it\/area-annuncio\/#\/schema\/person\/55912816e02fae9c8b1fde79ff8e6be2"},"headline":"A PASSO D\u2019UOMO Festa per le famiglie. Le meraviglie della Cattedrale di Trento riscoperte con i sensi della fede. Sabato 7 ottobre 2023 dalle 14.30 alle 21.15","datePublished":"2023-06-23T12:26:54+00:00","dateModified":"2023-10-09T11:13:57+00:00","mainEntityOfPage":{"@id":"https:\/\/www.diocesitn.it\/area-annuncio\/2023\/06\/23\/a-passo-duomo-festa-famiglie-2023\/"},"wordCount":270,"publisher":{"@id":"https:\/\/www.diocesitn.it\/area-annuncio\/#organization"},"image":{"@id":"https:\/\/www.diocesitn.it\/area-annuncio\/2023\/06\/23\/a-passo-duomo-festa-famiglie-2023\/#primaryimage"},"thumbnailUrl":"https:\/\/www.diocesitn.it\/area-annuncio\/wp-content\/uploads\/sites\/39\/2023\/06\/Duomo.jpg","articleSection":["Famiglia","Notizie"],"inLanguage":"it-IT","copyrightYear":"2023","copyrightHolder":{"@id":"https:\/\/www.diocesitn.it\/#organization"}},{"@type":"WebPage","@id":"https:\/\/www.diocesitn.it\/area-annuncio\/2023\/06\/23\/a-passo-duomo-festa-famiglie-2023\/","url":"https:\/\/www.diocesitn.it\/area-annuncio\/2023\/06\/23\/a-passo-duomo-festa-famiglie-2023\/","name":"A PASSO D\u2019UOMO Festa per le famiglie. Le meraviglie della Cattedrale di Trento riscoperte con i sensi della fede. Sabato 7 ottobre 2023 dalle 14.30 alle 21.15 - Annuncio e Sacramenti - Chiesa di Trento","isPartOf":{"@id":"https:\/\/www.diocesitn.it\/area-annuncio\/#website"},"primaryImageOfPage":{"@id":"https:\/\/www.diocesitn.it\/area-annuncio\/2023\/06\/23\/a-passo-duomo-festa-famiglie-2023\/#primaryimage"},"image":{"@id":"https:\/\/www.diocesitn.it\/area-annuncio\/2023\/06\/23\/a-passo-duomo-festa-famiglie-2023\/#primaryimage"},"thumbnailUrl":"https:\/\/www.diocesitn.it\/area-annuncio\/wp-content\/uploads\/sites\/39\/2023\/06\/Duomo.jpg","datePublished":"2023-06-23T12:26:54+00:00","dateModified":"2023-10-09T11:13:57+00:00","breadcrumb":{"@id":"https:\/\/www.diocesitn.it\/area-annuncio\/2023\/06\/23\/a-passo-duomo-festa-famiglie-2023\/#breadcrumb"},"inLanguage":"it-IT","potentialAction":[{"@type":"ReadAction","target":["https:\/\/www.diocesitn.it\/area-annuncio\/2023\/06\/23\/a-passo-duomo-festa-famiglie-2023\/"]}]},{"@type":"ImageObject","inLanguage":"it-IT","@id":"https:\/\/www.diocesitn.it\/area-annuncio\/2023\/06\/23\/a-passo-duomo-festa-famiglie-2023\/#primaryimage","url":"https:\/\/www.diocesitn.it\/area-annuncio\/wp-content\/uploads\/sites\/39\/2023\/06\/Duomo.jpg","contentUrl":"https:\/\/www.diocesitn.it\/area-annuncio\/wp-content\/uploads\/sites\/39\/2023\/06\/Duomo.jpg","width":1024,"height":683},{"@type":"BreadcrumbList","@id":"https:\/\/www.diocesitn.it\/area-annuncio\/2023\/06\/23\/a-passo-duomo-festa-famiglie-2023\/#breadcrumb","itemListElement":[{"@type":"ListItem","position":1,"name":"Home","item":"https:\/\/www.diocesitn.it\/area-annuncio\/"},{"@type":"ListItem","position":2,"name":"A PASSO D\u2019UOMO Festa per le famiglie. Le meraviglie della Cattedrale di Trento riscoperte con i sensi della fede. Sabato 7 ottobre 2023 dalle 14.30 alle 21.15"}]},{"@type":"WebSite","@id":"https:\/\/www.diocesitn.it\/area-annuncio\/#website","url":"https:\/\/www.diocesitn.it\/area-annuncio\/","name":"Annuncio e Sacramenti","description":"Chiesa di Trento","publisher":{"@id":"https:\/\/www.diocesitn.it\/area-annuncio\/#organization"},"potentialAction":[{"@type":"SearchAction","target":{"@type":"EntryPoint","urlTemplate":"https:\/\/www.diocesitn.it\/area-annuncio\/?s={search_term_string}"},"query-input":"required name=search_term_string"}],"inLanguage":"it-IT"},{"@type":["Organization","Place"],"@id":"https:\/\/www.diocesitn.it\/area-annuncio\/#organization","name":"Area Annuncio e Sacramenti - Chiesa di Trento","url":"https:\/\/www.diocesitn.it\/area-annuncio\/","logo":{"@id":"https:\/\/www.diocesitn.it\/area-annuncio\/2023\/06\/23\/a-passo-duomo-festa-famiglie-2023\/#local-main-organization-logo"},"image":{"@id":"https:\/\/www.diocesitn.it\/area-annuncio\/2023\/06\/23\/a-passo-duomo-festa-famiglie-2023\/#local-main-organization-logo"},"sameAs":["https:\/\/www.facebook.com\/pastoralegiovanile.trento\/","https:\/\/www.instagram.com\/pastoralegiovaniletrento\/","https:\/\/www.youtube.com\/channel\/UCGt7hyJaIQIkrQPos4K6L6w"],"openingHoursSpecification":[{"@type":"OpeningHoursSpecification","dayOfWeek":["Monday","Tuesday","Wednesday","Thursday","Friday","Saturday","Sunday"],"opens":"09:00","closes":"17:00"}]},{"@type":"ImageObject","inLanguage":"it-IT","@id":"https:\/\/www.diocesitn.it\/area-annuncio\/2023\/06\/23\/a-passo-duomo-festa-famiglie-2023\/#local-main-organization-logo","url":"https:\/\/www.diocesitn.it\/area-annuncio\/wp-content\/uploads\/sites\/39\/2021\/09\/og-logo-annuncio-e-sacramenti.jpg","contentUrl":"https:\/\/www.diocesitn.it\/area-annuncio\/wp-content\/uploads\/sites\/39\/2021\/09\/og-logo-annuncio-e-sacramenti.jpg","width":1200,"height":630,"caption":"Area Annuncio e Sacramenti - Chiesa di Trento"}]}},"_links":{"self":[{"href":"https:\/\/www.diocesitn.it\/area-annuncio\/wp-json\/wp\/v2\/posts\/18974","targetHints":{"allow":["GET"]}}],"collection":[{"href":"https:\/\/www.diocesitn.it\/area-annuncio\/wp-json\/wp\/v2\/posts"}],"about":[{"href":"https:\/\/www.diocesitn.it\/area-annuncio\/wp-json\/wp\/v2\/types\/post"}],"author":[{"embeddable":true,"href":"https:\/\/www.diocesitn.it\/area-annuncio\/wp-json\/wp\/v2\/users\/14"}],"replies":[{"embeddable":true,"href":"https:\/\/www.diocesitn.it\/area-annuncio\/wp-json\/wp\/v2\/comments?post=18974"}],"version-history":[{"count":3,"href":"https:\/\/www.diocesitn.it\/area-annuncio\/wp-json\/wp\/v2\/posts\/18974\/revisions"}],"predecessor-version":[{"id":19474,"href":"https:\/\/www.diocesitn.it\/area-annuncio\/wp-json\/wp\/v2\/posts\/18974\/revisions\/19474"}],"wp:featuredmedia":[{"embeddable":true,"href":"https:\/\/www.diocesitn.it\/area-annuncio\/wp-json\/wp\/v2\/media\/18980"}],"wp:attachment":[{"href":"https:\/\/www.diocesitn.it\/area-annuncio\/wp-json\/wp\/v2\/media?parent=18974"}],"wp:term":[{"taxonomy":"category","embeddable":true,"href":"https:\/\/www.diocesitn.it\/area-annuncio\/wp-json\/wp\/v2\/categories?post=18974"},{"taxonomy":"post_tag","embeddable":true,"href":"https:\/\/www.diocesitn.it\/area-annuncio\/wp-json\/wp\/v2\/tags?post=18974"}],"curies":[{"name":"wp","href":"https:\/\/api.w.org\/{rel}","templated":true}]}}