{"id":18723,"date":"2023-05-09T13:01:31","date_gmt":"2023-05-09T11:01:31","guid":{"rendered":"https:\/\/www.diocesitn.it\/area-annuncio\/?p=18723"},"modified":"2023-08-23T21:39:34","modified_gmt":"2023-08-23T19:39:34","slug":"gmg-2023-incontro-dei-giovani-iscritti-del-triveneto-padova-17-giugno-2023","status":"publish","type":"post","link":"https:\/\/www.diocesitn.it\/area-annuncio\/2023\/05\/09\/gmg-2023-incontro-dei-giovani-iscritti-del-triveneto-padova-17-giugno-2023\/","title":{"rendered":"GMG 2023 &#8211; Incontro dei giovani iscritti del Triveneto &#8211; Padova 17 giugno 2023"},"content":{"rendered":"<div class=\"\" data-block=\"true\" data-editor=\"f1q7q\" data-offset-key=\"f5bbf-0-0\">\n<h5 class=\"_1mf _1mj fusion-responsive-typography-calculated\" data-offset-key=\"f5bbf-0-0\" data-auto-logging-id=\"f20825a1feb12c\" data-fontsize=\"15\" data-lineheight=\"25.05px\">In preparazione alla Giornata Mondiale della Giovent\u00f9 che si terr\u00e0 a Lisbona ad agosto, il coordinamento delle Pastorali giovanili diocesane del Triveneto organizza un momento di incontro riservato a tutti i 4500 giovani delle Diocesi del Triveneto che vivranno l&#8217;esperienza della GMG<span style=\"font-size: inherit\">.\u00a0\u00a0<\/span><\/h5>\n<div data-offset-key=\"f5bbf-0-0\" data-auto-logging-id=\"f20825a1feb12c\">\n<p>L\u2019incontro si terr\u00e0 <strong>sabato 17 giugno a Padova, <\/strong>la citt\u00e0 dove ogni anno migliaia di pellegrini si recano in pellegrinaggio alla Basilica di sant&#8217;Antonio, originario proprio di Lisbona.<\/p>\n<p><strong>Il programma dell\u2019incontro<\/strong><\/p>\n<p><strong>Mattino<\/strong><br \/>\nRitrovo con tutti i partecipanti presso la basilica cattedrale di Santa Maria Assunta di Padova, per un momento di preghiera e condivisione; a seguire, visita alla basilica di sant&#8217;Antonio.<\/p>\n<p><strong>Pomeriggio<\/strong><br \/>\nMomento di formazione riservato ai partecipanti trentini.<\/p>\n<p><strong>Info<\/strong><br \/>\n&#8211; partenza da Trento alle ore 7.30, in pullman (saranno possibili altri punti di partenza, da stabilire sulla base dei partecipanti)<br \/>\n&#8211; pranzo al sacco a cura dei partecipanti<br \/>\n&#8211; rientro previsto per le ore 20<br \/>\n<span style=\"font-size: inherit\">&#8211; sar\u00e0 richiesto un <\/span><span style=\"font-size: inherit\">contributo<\/span><span style=\"font-size: inherit\"> spese per il viaggio<br \/>\n&#8211; iscrizione obbligatoria entro luned\u00ec 15 maggio compilando il modulo sottostante (NB: <strong>dopo il 15 maggio, chi lo desidera pu\u00f2 iscriversi scrivendo una mail a giovani@diocesitn.it; la richiesta verr\u00e0 accolta sulla base della disponibilit\u00e0<\/strong>).<br \/>\n<\/span><span style=\"font-size: inherit\">&#8211; incontro riservato agli iscritti alla GMG<br \/>\n&#8211; info: 345 7060488; giovani@diocesitn.it<\/span><\/p>\n<p>&nbsp;<\/p>\n<p>&nbsp;<\/p>\n<\/div>\n<\/div>\n<div class=\"\" data-block=\"true\" data-editor=\"f1q7q\" data-offset-key=\"crmtr-0-0\">\n<div class=\"_1mf _1mj\" data-offset-key=\"crmtr-0-0\"><span data-offset-key=\"crmtr-0-0\">\u00a0<\/span><\/div>\n<\/div>\n","protected":false},"excerpt":{"rendered":"<p>In preparazione alla Giornata Mondiale della Giovent\u00f9 che si terr\u00e0 a Lisbona ad agosto, il coordinamento delle Pastorali giovanili diocesane del Triveneto organizza un momento di incontro riservato a tutti i 4500 giovani delle Diocesi<\/p>\n","protected":false},"author":167,"featured_media":18740,"comment_status":"closed","ping_status":"closed","sticky":false,"template":"","format":"standard","meta":{"footnotes":""},"categories":[618,608],"tags":[],"class_list":["post-18723","post","type-post","status-publish","format-standard","has-post-thumbnail","hentry","category-servizio-catechistico-giovani-pastorale-giovanile","category-notizie"],"acf":{"seed-localization-paese-cod":"IT","seed-localization-address":"","seed-localization-citta":"Trento","seed-localization-regione-cod-istat":"04","seed-localization-citta-cod-istat":"022205","seed-localization-localita":"","seed-localization-cap":"","seed-localization-marker-visibility":false,"seed-localization-children-visibility":false,"seed-localization-kml":"","seed-localization-custom-marker":""},"yoast_head":"<!-- This site is optimized with the Yoast SEO Premium plugin v20.2.1 (Yoast SEO v22.2) - https:\/\/yoast.com\/wordpress\/plugins\/seo\/ -->\n<title>GMG 2023 - Incontro dei giovani iscritti del Triveneto - Padova 17 giugno 2023 - Annuncio e Sacramenti - Chiesa di Trento<\/title>\n<meta name=\"robots\" content=\"index, follow, max-snippet:-1, max-image-preview:large, max-video-preview:-1\" \/>\n<link rel=\"canonical\" href=\"https:\/\/www.diocesitn.it\/area-annuncio\/2023\/05\/09\/gmg-2023-incontro-dei-giovani-iscritti-del-triveneto-padova-17-giugno-2023\/\" \/>\n<meta property=\"og:locale\" content=\"it_IT\" \/>\n<meta property=\"og:type\" content=\"article\" \/>\n<meta property=\"og:title\" content=\"GMG 2023 - Incontro dei giovani iscritti del Triveneto - Padova 17 giugno 2023\" \/>\n<meta property=\"og:description\" content=\"In preparazione alla Giornata Mondiale della Giovent\u00f9 che si terr\u00e0 a Lisbona ad agosto, il coordinamento delle Pastorali giovanili diocesane del Triveneto organizza un momento di incontro riservato a tutti i 4500 giovani delle Diocesi\" \/>\n<meta property=\"og:url\" content=\"https:\/\/www.diocesitn.it\/area-annuncio\/2023\/05\/09\/gmg-2023-incontro-dei-giovani-iscritti-del-triveneto-padova-17-giugno-2023\/\" \/>\n<meta property=\"og:site_name\" content=\"Annuncio e Sacramenti\" \/>\n<meta property=\"article:publisher\" content=\"https:\/\/www.facebook.com\/pastoralegiovanile.trento\/\" \/>\n<meta property=\"article:published_time\" content=\"2023-05-09T11:01:31+00:00\" \/>\n<meta property=\"article:modified_time\" content=\"2023-08-23T19:39:34+00:00\" \/>\n<meta property=\"og:image\" content=\"https:\/\/www.diocesitn.it\/area-annuncio\/wp-content\/uploads\/sites\/39\/2023\/05\/Locandina-incontro-triveneto-GMG_img-per-sito.jpg\" \/>\n\t<meta property=\"og:image:width\" content=\"1237\" \/>\n\t<meta property=\"og:image:height\" content=\"779\" \/>\n\t<meta property=\"og:image:type\" content=\"image\/jpeg\" \/>\n<meta name=\"author\" content=\"ccremonesi\" \/>\n<meta name=\"twitter:card\" content=\"summary_large_image\" \/>\n<meta name=\"twitter:label1\" content=\"Scritto da\" \/>\n\t<meta name=\"twitter:data1\" content=\"ccremonesi\" \/>\n\t<meta name=\"twitter:label2\" content=\"Tempo di lettura stimato\" \/>\n\t<meta name=\"twitter:data2\" content=\"1 minuto\" \/>\n<script type=\"application\/ld+json\" class=\"yoast-schema-graph\">{\"@context\":\"https:\/\/schema.org\",\"@graph\":[{\"@type\":\"Article\",\"@id\":\"https:\/\/www.diocesitn.it\/area-annuncio\/2023\/05\/09\/gmg-2023-incontro-dei-giovani-iscritti-del-triveneto-padova-17-giugno-2023\/#article\",\"isPartOf\":{\"@id\":\"https:\/\/www.diocesitn.it\/area-annuncio\/2023\/05\/09\/gmg-2023-incontro-dei-giovani-iscritti-del-triveneto-padova-17-giugno-2023\/\"},\"author\":{\"name\":\"ccremonesi\",\"@id\":\"https:\/\/www.diocesitn.it\/area-annuncio\/#\/schema\/person\/8963f67519fa0dce29c5ba33955dd0f0\"},\"headline\":\"GMG 2023 &#8211; Incontro dei giovani iscritti del Triveneto &#8211; Padova 17 giugno 2023\",\"datePublished\":\"2023-05-09T11:01:31+00:00\",\"dateModified\":\"2023-08-23T19:39:34+00:00\",\"mainEntityOfPage\":{\"@id\":\"https:\/\/www.diocesitn.it\/area-annuncio\/2023\/05\/09\/gmg-2023-incontro-dei-giovani-iscritti-del-triveneto-padova-17-giugno-2023\/\"},\"wordCount\":214,\"publisher\":{\"@id\":\"https:\/\/www.diocesitn.it\/area-annuncio\/#organization\"},\"image\":{\"@id\":\"https:\/\/www.diocesitn.it\/area-annuncio\/2023\/05\/09\/gmg-2023-incontro-dei-giovani-iscritti-del-triveneto-padova-17-giugno-2023\/#primaryimage\"},\"thumbnailUrl\":\"https:\/\/www.diocesitn.it\/area-annuncio\/wp-content\/uploads\/sites\/39\/2023\/05\/Locandina-incontro-triveneto-GMG_img-per-sito.jpg\",\"articleSection\":[\"Giovani\",\"Notizie\"],\"inLanguage\":\"it-IT\",\"copyrightYear\":\"2023\",\"copyrightHolder\":{\"@id\":\"https:\/\/www.diocesitn.it\/#organization\"}},{\"@type\":\"WebPage\",\"@id\":\"https:\/\/www.diocesitn.it\/area-annuncio\/2023\/05\/09\/gmg-2023-incontro-dei-giovani-iscritti-del-triveneto-padova-17-giugno-2023\/\",\"url\":\"https:\/\/www.diocesitn.it\/area-annuncio\/2023\/05\/09\/gmg-2023-incontro-dei-giovani-iscritti-del-triveneto-padova-17-giugno-2023\/\",\"name\":\"GMG 2023 - Incontro dei giovani iscritti del Triveneto - Padova 17 giugno 2023 - Annuncio e Sacramenti - Chiesa di Trento\",\"isPartOf\":{\"@id\":\"https:\/\/www.diocesitn.it\/area-annuncio\/#website\"},\"primaryImageOfPage\":{\"@id\":\"https:\/\/www.diocesitn.it\/area-annuncio\/2023\/05\/09\/gmg-2023-incontro-dei-giovani-iscritti-del-triveneto-padova-17-giugno-2023\/#primaryimage\"},\"image\":{\"@id\":\"https:\/\/www.diocesitn.it\/area-annuncio\/2023\/05\/09\/gmg-2023-incontro-dei-giovani-iscritti-del-triveneto-padova-17-giugno-2023\/#primaryimage\"},\"thumbnailUrl\":\"https:\/\/www.diocesitn.it\/area-annuncio\/wp-content\/uploads\/sites\/39\/2023\/05\/Locandina-incontro-triveneto-GMG_img-per-sito.jpg\",\"datePublished\":\"2023-05-09T11:01:31+00:00\",\"dateModified\":\"2023-08-23T19:39:34+00:00\",\"breadcrumb\":{\"@id\":\"https:\/\/www.diocesitn.it\/area-annuncio\/2023\/05\/09\/gmg-2023-incontro-dei-giovani-iscritti-del-triveneto-padova-17-giugno-2023\/#breadcrumb\"},\"inLanguage\":\"it-IT\",\"potentialAction\":[{\"@type\":\"ReadAction\",\"target\":[\"https:\/\/www.diocesitn.it\/area-annuncio\/2023\/05\/09\/gmg-2023-incontro-dei-giovani-iscritti-del-triveneto-padova-17-giugno-2023\/\"]}]},{\"@type\":\"ImageObject\",\"inLanguage\":\"it-IT\",\"@id\":\"https:\/\/www.diocesitn.it\/area-annuncio\/2023\/05\/09\/gmg-2023-incontro-dei-giovani-iscritti-del-triveneto-padova-17-giugno-2023\/#primaryimage\",\"url\":\"https:\/\/www.diocesitn.it\/area-annuncio\/wp-content\/uploads\/sites\/39\/2023\/05\/Locandina-incontro-triveneto-GMG_img-per-sito.jpg\",\"contentUrl\":\"https:\/\/www.diocesitn.it\/area-annuncio\/wp-content\/uploads\/sites\/39\/2023\/05\/Locandina-incontro-triveneto-GMG_img-per-sito.jpg\",\"width\":1237,\"height\":779},{\"@type\":\"BreadcrumbList\",\"@id\":\"https:\/\/www.diocesitn.it\/area-annuncio\/2023\/05\/09\/gmg-2023-incontro-dei-giovani-iscritti-del-triveneto-padova-17-giugno-2023\/#breadcrumb\",\"itemListElement\":[{\"@type\":\"ListItem\",\"position\":1,\"name\":\"Home\",\"item\":\"https:\/\/www.diocesitn.it\/area-annuncio\/\"},{\"@type\":\"ListItem\",\"position\":2,\"name\":\"GMG 2023 &#8211; Incontro dei giovani iscritti del Triveneto &#8211; Padova 17 giugno 2023\"}]},{\"@type\":\"WebSite\",\"@id\":\"https:\/\/www.diocesitn.it\/area-annuncio\/#website\",\"url\":\"https:\/\/www.diocesitn.it\/area-annuncio\/\",\"name\":\"Annuncio e Sacramenti\",\"description\":\"Chiesa di Trento\",\"publisher\":{\"@id\":\"https:\/\/www.diocesitn.it\/area-annuncio\/#organization\"},\"potentialAction\":[{\"@type\":\"SearchAction\",\"target\":{\"@type\":\"EntryPoint\",\"urlTemplate\":\"https:\/\/www.diocesitn.it\/area-annuncio\/?s={search_term_string}\"},\"query-input\":\"required name=search_term_string\"}],\"inLanguage\":\"it-IT\"},{\"@type\":[\"Organization\",\"Place\"],\"@id\":\"https:\/\/www.diocesitn.it\/area-annuncio\/#organization\",\"name\":\"Area Annuncio e Sacramenti - Chiesa di Trento\",\"url\":\"https:\/\/www.diocesitn.it\/area-annuncio\/\",\"logo\":{\"@id\":\"https:\/\/www.diocesitn.it\/area-annuncio\/2023\/05\/09\/gmg-2023-incontro-dei-giovani-iscritti-del-triveneto-padova-17-giugno-2023\/#local-main-organization-logo\"},\"image\":{\"@id\":\"https:\/\/www.diocesitn.it\/area-annuncio\/2023\/05\/09\/gmg-2023-incontro-dei-giovani-iscritti-del-triveneto-padova-17-giugno-2023\/#local-main-organization-logo\"},\"sameAs\":[\"https:\/\/www.facebook.com\/pastoralegiovanile.trento\/\",\"https:\/\/www.instagram.com\/pastoralegiovaniletrento\/\",\"https:\/\/www.youtube.com\/channel\/UCGt7hyJaIQIkrQPos4K6L6w\"],\"openingHoursSpecification\":[{\"@type\":\"OpeningHoursSpecification\",\"dayOfWeek\":[\"Monday\",\"Tuesday\",\"Wednesday\",\"Thursday\",\"Friday\",\"Saturday\",\"Sunday\"],\"opens\":\"09:00\",\"closes\":\"17:00\"}]},{\"@type\":\"ImageObject\",\"inLanguage\":\"it-IT\",\"@id\":\"https:\/\/www.diocesitn.it\/area-annuncio\/2023\/05\/09\/gmg-2023-incontro-dei-giovani-iscritti-del-triveneto-padova-17-giugno-2023\/#local-main-organization-logo\",\"url\":\"https:\/\/www.diocesitn.it\/area-annuncio\/wp-content\/uploads\/sites\/39\/2021\/09\/og-logo-annuncio-e-sacramenti.jpg\",\"contentUrl\":\"https:\/\/www.diocesitn.it\/area-annuncio\/wp-content\/uploads\/sites\/39\/2021\/09\/og-logo-annuncio-e-sacramenti.jpg\",\"width\":1200,\"height\":630,\"caption\":\"Area Annuncio e Sacramenti - Chiesa di Trento\"}]}<\/script>\n<!-- \/ Yoast SEO Premium plugin. -->","yoast_head_json":{"title":"GMG 2023 - Incontro dei giovani iscritti del Triveneto - Padova 17 giugno 2023 - Annuncio e Sacramenti - Chiesa di Trento","robots":{"index":"index","follow":"follow","max-snippet":"max-snippet:-1","max-image-preview":"max-image-preview:large","max-video-preview":"max-video-preview:-1"},"canonical":"https:\/\/www.diocesitn.it\/area-annuncio\/2023\/05\/09\/gmg-2023-incontro-dei-giovani-iscritti-del-triveneto-padova-17-giugno-2023\/","og_locale":"it_IT","og_type":"article","og_title":"GMG 2023 - Incontro dei giovani iscritti del Triveneto - Padova 17 giugno 2023","og_description":"In preparazione alla Giornata Mondiale della Giovent\u00f9 che si terr\u00e0 a Lisbona ad agosto, il coordinamento delle Pastorali giovanili diocesane del Triveneto organizza un momento di incontro riservato a tutti i 4500 giovani delle Diocesi","og_url":"https:\/\/www.diocesitn.it\/area-annuncio\/2023\/05\/09\/gmg-2023-incontro-dei-giovani-iscritti-del-triveneto-padova-17-giugno-2023\/","og_site_name":"Annuncio e Sacramenti","article_publisher":"https:\/\/www.facebook.com\/pastoralegiovanile.trento\/","article_published_time":"2023-05-09T11:01:31+00:00","article_modified_time":"2023-08-23T19:39:34+00:00","og_image":[{"width":1237,"height":779,"url":"https:\/\/www.diocesitn.it\/area-annuncio\/wp-content\/uploads\/sites\/39\/2023\/05\/Locandina-incontro-triveneto-GMG_img-per-sito.jpg","type":"image\/jpeg"}],"author":"ccremonesi","twitter_card":"summary_large_image","twitter_misc":{"Scritto da":"ccremonesi","Tempo di lettura stimato":"1 minuto"},"schema":{"@context":"https:\/\/schema.org","@graph":[{"@type":"Article","@id":"https:\/\/www.diocesitn.it\/area-annuncio\/2023\/05\/09\/gmg-2023-incontro-dei-giovani-iscritti-del-triveneto-padova-17-giugno-2023\/#article","isPartOf":{"@id":"https:\/\/www.diocesitn.it\/area-annuncio\/2023\/05\/09\/gmg-2023-incontro-dei-giovani-iscritti-del-triveneto-padova-17-giugno-2023\/"},"author":{"name":"ccremonesi","@id":"https:\/\/www.diocesitn.it\/area-annuncio\/#\/schema\/person\/8963f67519fa0dce29c5ba33955dd0f0"},"headline":"GMG 2023 &#8211; Incontro dei giovani iscritti del Triveneto &#8211; Padova 17 giugno 2023","datePublished":"2023-05-09T11:01:31+00:00","dateModified":"2023-08-23T19:39:34+00:00","mainEntityOfPage":{"@id":"https:\/\/www.diocesitn.it\/area-annuncio\/2023\/05\/09\/gmg-2023-incontro-dei-giovani-iscritti-del-triveneto-padova-17-giugno-2023\/"},"wordCount":214,"publisher":{"@id":"https:\/\/www.diocesitn.it\/area-annuncio\/#organization"},"image":{"@id":"https:\/\/www.diocesitn.it\/area-annuncio\/2023\/05\/09\/gmg-2023-incontro-dei-giovani-iscritti-del-triveneto-padova-17-giugno-2023\/#primaryimage"},"thumbnailUrl":"https:\/\/www.diocesitn.it\/area-annuncio\/wp-content\/uploads\/sites\/39\/2023\/05\/Locandina-incontro-triveneto-GMG_img-per-sito.jpg","articleSection":["Giovani","Notizie"],"inLanguage":"it-IT","copyrightYear":"2023","copyrightHolder":{"@id":"https:\/\/www.diocesitn.it\/#organization"}},{"@type":"WebPage","@id":"https:\/\/www.diocesitn.it\/area-annuncio\/2023\/05\/09\/gmg-2023-incontro-dei-giovani-iscritti-del-triveneto-padova-17-giugno-2023\/","url":"https:\/\/www.diocesitn.it\/area-annuncio\/2023\/05\/09\/gmg-2023-incontro-dei-giovani-iscritti-del-triveneto-padova-17-giugno-2023\/","name":"GMG 2023 - Incontro dei giovani iscritti del Triveneto - Padova 17 giugno 2023 - Annuncio e Sacramenti - Chiesa di Trento","isPartOf":{"@id":"https:\/\/www.diocesitn.it\/area-annuncio\/#website"},"primaryImageOfPage":{"@id":"https:\/\/www.diocesitn.it\/area-annuncio\/2023\/05\/09\/gmg-2023-incontro-dei-giovani-iscritti-del-triveneto-padova-17-giugno-2023\/#primaryimage"},"image":{"@id":"https:\/\/www.diocesitn.it\/area-annuncio\/2023\/05\/09\/gmg-2023-incontro-dei-giovani-iscritti-del-triveneto-padova-17-giugno-2023\/#primaryimage"},"thumbnailUrl":"https:\/\/www.diocesitn.it\/area-annuncio\/wp-content\/uploads\/sites\/39\/2023\/05\/Locandina-incontro-triveneto-GMG_img-per-sito.jpg","datePublished":"2023-05-09T11:01:31+00:00","dateModified":"2023-08-23T19:39:34+00:00","breadcrumb":{"@id":"https:\/\/www.diocesitn.it\/area-annuncio\/2023\/05\/09\/gmg-2023-incontro-dei-giovani-iscritti-del-triveneto-padova-17-giugno-2023\/#breadcrumb"},"inLanguage":"it-IT","potentialAction":[{"@type":"ReadAction","target":["https:\/\/www.diocesitn.it\/area-annuncio\/2023\/05\/09\/gmg-2023-incontro-dei-giovani-iscritti-del-triveneto-padova-17-giugno-2023\/"]}]},{"@type":"ImageObject","inLanguage":"it-IT","@id":"https:\/\/www.diocesitn.it\/area-annuncio\/2023\/05\/09\/gmg-2023-incontro-dei-giovani-iscritti-del-triveneto-padova-17-giugno-2023\/#primaryimage","url":"https:\/\/www.diocesitn.it\/area-annuncio\/wp-content\/uploads\/sites\/39\/2023\/05\/Locandina-incontro-triveneto-GMG_img-per-sito.jpg","contentUrl":"https:\/\/www.diocesitn.it\/area-annuncio\/wp-content\/uploads\/sites\/39\/2023\/05\/Locandina-incontro-triveneto-GMG_img-per-sito.jpg","width":1237,"height":779},{"@type":"BreadcrumbList","@id":"https:\/\/www.diocesitn.it\/area-annuncio\/2023\/05\/09\/gmg-2023-incontro-dei-giovani-iscritti-del-triveneto-padova-17-giugno-2023\/#breadcrumb","itemListElement":[{"@type":"ListItem","position":1,"name":"Home","item":"https:\/\/www.diocesitn.it\/area-annuncio\/"},{"@type":"ListItem","position":2,"name":"GMG 2023 &#8211; Incontro dei giovani iscritti del Triveneto &#8211; Padova 17 giugno 2023"}]},{"@type":"WebSite","@id":"https:\/\/www.diocesitn.it\/area-annuncio\/#website","url":"https:\/\/www.diocesitn.it\/area-annuncio\/","name":"Annuncio e Sacramenti","description":"Chiesa di Trento","publisher":{"@id":"https:\/\/www.diocesitn.it\/area-annuncio\/#organization"},"potentialAction":[{"@type":"SearchAction","target":{"@type":"EntryPoint","urlTemplate":"https:\/\/www.diocesitn.it\/area-annuncio\/?s={search_term_string}"},"query-input":"required name=search_term_string"}],"inLanguage":"it-IT"},{"@type":["Organization","Place"],"@id":"https:\/\/www.diocesitn.it\/area-annuncio\/#organization","name":"Area Annuncio e Sacramenti - Chiesa di Trento","url":"https:\/\/www.diocesitn.it\/area-annuncio\/","logo":{"@id":"https:\/\/www.diocesitn.it\/area-annuncio\/2023\/05\/09\/gmg-2023-incontro-dei-giovani-iscritti-del-triveneto-padova-17-giugno-2023\/#local-main-organization-logo"},"image":{"@id":"https:\/\/www.diocesitn.it\/area-annuncio\/2023\/05\/09\/gmg-2023-incontro-dei-giovani-iscritti-del-triveneto-padova-17-giugno-2023\/#local-main-organization-logo"},"sameAs":["https:\/\/www.facebook.com\/pastoralegiovanile.trento\/","https:\/\/www.instagram.com\/pastoralegiovaniletrento\/","https:\/\/www.youtube.com\/channel\/UCGt7hyJaIQIkrQPos4K6L6w"],"openingHoursSpecification":[{"@type":"OpeningHoursSpecification","dayOfWeek":["Monday","Tuesday","Wednesday","Thursday","Friday","Saturday","Sunday"],"opens":"09:00","closes":"17:00"}]},{"@type":"ImageObject","inLanguage":"it-IT","@id":"https:\/\/www.diocesitn.it\/area-annuncio\/2023\/05\/09\/gmg-2023-incontro-dei-giovani-iscritti-del-triveneto-padova-17-giugno-2023\/#local-main-organization-logo","url":"https:\/\/www.diocesitn.it\/area-annuncio\/wp-content\/uploads\/sites\/39\/2021\/09\/og-logo-annuncio-e-sacramenti.jpg","contentUrl":"https:\/\/www.diocesitn.it\/area-annuncio\/wp-content\/uploads\/sites\/39\/2021\/09\/og-logo-annuncio-e-sacramenti.jpg","width":1200,"height":630,"caption":"Area Annuncio e Sacramenti - Chiesa di Trento"}]}},"_links":{"self":[{"href":"https:\/\/www.diocesitn.it\/area-annuncio\/wp-json\/wp\/v2\/posts\/18723","targetHints":{"allow":["GET"]}}],"collection":[{"href":"https:\/\/www.diocesitn.it\/area-annuncio\/wp-json\/wp\/v2\/posts"}],"about":[{"href":"https:\/\/www.diocesitn.it\/area-annuncio\/wp-json\/wp\/v2\/types\/post"}],"author":[{"embeddable":true,"href":"https:\/\/www.diocesitn.it\/area-annuncio\/wp-json\/wp\/v2\/users\/167"}],"replies":[{"embeddable":true,"href":"https:\/\/www.diocesitn.it\/area-annuncio\/wp-json\/wp\/v2\/comments?post=18723"}],"version-history":[{"count":3,"href":"https:\/\/www.diocesitn.it\/area-annuncio\/wp-json\/wp\/v2\/posts\/18723\/revisions"}],"predecessor-version":[{"id":18964,"href":"https:\/\/www.diocesitn.it\/area-annuncio\/wp-json\/wp\/v2\/posts\/18723\/revisions\/18964"}],"wp:featuredmedia":[{"embeddable":true,"href":"https:\/\/www.diocesitn.it\/area-annuncio\/wp-json\/wp\/v2\/media\/18740"}],"wp:attachment":[{"href":"https:\/\/www.diocesitn.it\/area-annuncio\/wp-json\/wp\/v2\/media?parent=18723"}],"wp:term":[{"taxonomy":"category","embeddable":true,"href":"https:\/\/www.diocesitn.it\/area-annuncio\/wp-json\/wp\/v2\/categories?post=18723"},{"taxonomy":"post_tag","embeddable":true,"href":"https:\/\/www.diocesitn.it\/area-annuncio\/wp-json\/wp\/v2\/tags?post=18723"}],"curies":[{"name":"wp","href":"https:\/\/api.w.org\/{rel}","templated":true}]}}