{"id":18486,"date":"2023-04-17T13:18:53","date_gmt":"2023-04-17T11:18:53","guid":{"rendered":"https:\/\/www.diocesitn.it\/area-annuncio\/?p=18486"},"modified":"2023-04-19T07:29:35","modified_gmt":"2023-04-19T05:29:35","slug":"formazione-e-aggiornamento-per-i-sacristi","status":"publish","type":"post","link":"https:\/\/www.diocesitn.it\/area-annuncio\/2023\/04\/17\/formazione-e-aggiornamento-per-i-sacristi\/","title":{"rendered":"Formazione e aggiornamento per i sacristi"},"content":{"rendered":"<p><img loading=\"lazy\" decoding=\"async\" class=\"wp-image-18488 alignleft\" src=\"https:\/\/www.diocesitn.it\/area-annuncio\/wp-content\/uploads\/sites\/39\/2023\/04\/IMG_20230417_120622-scaled.jpg\" alt=\"\" width=\"532\" height=\"417\" srcset=\"https:\/\/www.diocesitn.it\/area-annuncio\/wp-content\/uploads\/sites\/39\/2023\/04\/IMG_20230417_120622-scaled.jpg 2560w, https:\/\/www.diocesitn.it\/area-annuncio\/wp-content\/uploads\/sites\/39\/2023\/04\/IMG_20230417_120622-300x235.jpg 300w, https:\/\/www.diocesitn.it\/area-annuncio\/wp-content\/uploads\/sites\/39\/2023\/04\/IMG_20230417_120622-1024x802.jpg 1024w, https:\/\/www.diocesitn.it\/area-annuncio\/wp-content\/uploads\/sites\/39\/2023\/04\/IMG_20230417_120622-768x602.jpg 768w, https:\/\/www.diocesitn.it\/area-annuncio\/wp-content\/uploads\/sites\/39\/2023\/04\/IMG_20230417_120622-357x280.jpg 357w, https:\/\/www.diocesitn.it\/area-annuncio\/wp-content\/uploads\/sites\/39\/2023\/04\/IMG_20230417_120622-981x768.jpg 981w, https:\/\/www.diocesitn.it\/area-annuncio\/wp-content\/uploads\/sites\/39\/2023\/04\/IMG_20230417_120622-1536x1203.jpg 1536w, https:\/\/www.diocesitn.it\/area-annuncio\/wp-content\/uploads\/sites\/39\/2023\/04\/IMG_20230417_120622-2048x1604.jpg 2048w, https:\/\/www.diocesitn.it\/area-annuncio\/wp-content\/uploads\/sites\/39\/2023\/04\/IMG_20230417_120622-800x627.jpg 800w, https:\/\/www.diocesitn.it\/area-annuncio\/wp-content\/uploads\/sites\/39\/2023\/04\/IMG_20230417_120622-1200x940.jpg 1200w, https:\/\/www.diocesitn.it\/area-annuncio\/wp-content\/uploads\/sites\/39\/2023\/04\/IMG_20230417_120622-1320x1034.jpg 1320w\" sizes=\"auto, (max-width: 532px) 100vw, 532px\" \/>Un altro incontro, questa volta a Cles, all&#8217;Oratorio S. Rocco (Via Marconi) fissato nella giornata di Gioved\u00ec 11 maggio 2023 ad ore 17.00.<\/p>\n<p>Un appuntamento dedicato alla formazione e all&#8217;aggiornamento dei sacristi gi\u00e0 in attivit\u00e0 o di coloro che si avvicinano a questo ministero.<\/p>\n<p>Sar\u00e0 presente don Mattia Vanzo, liturgista, delegato per l&#8217;Area Annuncio e Sacramenti per trattare il tema &#8220;Il calendario liturgico&#8221;. Si tratta di un libriccino, presente in tutte le sacrestie che guida la preparazione e la realizzazione di ciascuna celebrazione liturgica lungo l&#8217;anno e quindi aiuta a predisporre correttamente i libri liturgici (lezionario e messale), a indicare le particolarit\u00e0 di ciascun tempo liturgico, a segnalare le particolarit\u00e0 di qualche celebrazione (per esempio attingendo al Proprio diocesano), e cos\u00ec via. L&#8217;incontro servir\u00e0 per illustrare al sacrista come bene interpretare e seguire le indicazioni per preparare al meglio ciascuna celebrazione.<\/p>\n<p>Anche questo incontro verr\u00e0 videoregistrato e caricato <a href=\"https:\/\/www.youtube.com\/@unionesacristitrento8576\"><strong>sul canale YouTube dell&#8217;Unione Diocesana Sacristi<\/strong><\/a>.<\/p>\n<p><strong><a href=\"https:\/\/www.diocesitn.it\/area-annuncio\/wp-content\/uploads\/sites\/39\/2023\/04\/11MAG_23_Cles_manifesti_news.pdf\" target=\"_blank\" rel=\"noopener\">Qui la locandina con tutte le indicazioni per la partecipazione.<\/a><\/strong><\/p>\n<p>&nbsp;<\/p>\n","protected":false},"excerpt":{"rendered":"<p>Un altro incontro, questa volta a Cles, all&#8217;Oratorio S. Rocco (Via Marconi) fissato nella giornata di Gioved\u00ec 11 maggio 2023 ad ore 17.00. Un appuntamento dedicato alla formazione e all&#8217;aggiornamento dei sacristi gi\u00e0 in attivit\u00e0<\/p>\n","protected":false},"author":31,"featured_media":18487,"comment_status":"closed","ping_status":"closed","sticky":false,"template":"","format":"standard","meta":{"footnotes":""},"categories":[693,608,1],"tags":[],"class_list":["post-18486","post","type-post","status-publish","format-standard","has-post-thumbnail","hentry","category-servizio-liturgico","category-notizie","category-senza-categoria"],"acf":{"seed-localization-paese-cod":"IT","seed-localization-address":"","seed-localization-citta":"Trento","seed-localization-regione-cod-istat":"04","seed-localization-citta-cod-istat":"022205","seed-localization-localita":"","seed-localization-cap":"","seed-localization-marker-visibility":false,"seed-localization-children-visibility":false,"seed-localization-kml":"","seed-localization-custom-marker":""},"yoast_head":"<!-- This site is optimized with the Yoast SEO Premium plugin v20.2.1 (Yoast SEO v22.2) - https:\/\/yoast.com\/wordpress\/plugins\/seo\/ -->\n<title>Formazione e aggiornamento per i sacristi - Annuncio e Sacramenti - Chiesa di Trento<\/title>\n<meta name=\"robots\" content=\"index, follow, max-snippet:-1, max-image-preview:large, max-video-preview:-1\" \/>\n<link rel=\"canonical\" href=\"https:\/\/www.diocesitn.it\/area-annuncio\/2023\/04\/17\/formazione-e-aggiornamento-per-i-sacristi\/\" \/>\n<meta property=\"og:locale\" content=\"it_IT\" \/>\n<meta property=\"og:type\" content=\"article\" \/>\n<meta property=\"og:title\" content=\"Formazione e aggiornamento per i sacristi\" \/>\n<meta property=\"og:description\" content=\"Un altro incontro, questa volta a Cles, all&#8217;Oratorio S. Rocco (Via Marconi) fissato nella giornata di Gioved\u00ec 11 maggio 2023 ad ore 17.00. Un appuntamento dedicato alla formazione e all&#8217;aggiornamento dei sacristi gi\u00e0 in attivit\u00e0\" \/>\n<meta property=\"og:url\" content=\"https:\/\/www.diocesitn.it\/area-annuncio\/2023\/04\/17\/formazione-e-aggiornamento-per-i-sacristi\/\" \/>\n<meta property=\"og:site_name\" content=\"Annuncio e Sacramenti\" \/>\n<meta property=\"article:publisher\" content=\"https:\/\/www.facebook.com\/pastoralegiovanile.trento\/\" \/>\n<meta property=\"article:published_time\" content=\"2023-04-17T11:18:53+00:00\" \/>\n<meta property=\"article:modified_time\" content=\"2023-04-19T05:29:35+00:00\" \/>\n<meta property=\"og:image\" content=\"https:\/\/www.diocesitn.it\/area-annuncio\/wp-content\/uploads\/sites\/39\/2023\/04\/Immagine-2023-04-17-120254-e1681730274147.jpg\" \/>\n\t<meta property=\"og:image:width\" content=\"1186\" \/>\n\t<meta property=\"og:image:height\" content=\"462\" \/>\n\t<meta property=\"og:image:type\" content=\"image\/jpeg\" \/>\n<meta name=\"author\" content=\"pdelama\" \/>\n<meta name=\"twitter:card\" content=\"summary_large_image\" \/>\n<meta name=\"twitter:label1\" content=\"Scritto da\" \/>\n\t<meta name=\"twitter:data1\" content=\"pdelama\" \/>\n\t<meta name=\"twitter:label2\" content=\"Tempo di lettura stimato\" \/>\n\t<meta name=\"twitter:data2\" content=\"1 minuto\" \/>\n<script type=\"application\/ld+json\" class=\"yoast-schema-graph\">{\"@context\":\"https:\/\/schema.org\",\"@graph\":[{\"@type\":\"Article\",\"@id\":\"https:\/\/www.diocesitn.it\/area-annuncio\/2023\/04\/17\/formazione-e-aggiornamento-per-i-sacristi\/#article\",\"isPartOf\":{\"@id\":\"https:\/\/www.diocesitn.it\/area-annuncio\/2023\/04\/17\/formazione-e-aggiornamento-per-i-sacristi\/\"},\"author\":{\"name\":\"pdelama\",\"@id\":\"https:\/\/www.diocesitn.it\/area-annuncio\/#\/schema\/person\/65154cb45813d674873791b3accc006b\"},\"headline\":\"Formazione e aggiornamento per i sacristi\",\"datePublished\":\"2023-04-17T11:18:53+00:00\",\"dateModified\":\"2023-04-19T05:29:35+00:00\",\"mainEntityOfPage\":{\"@id\":\"https:\/\/www.diocesitn.it\/area-annuncio\/2023\/04\/17\/formazione-e-aggiornamento-per-i-sacristi\/\"},\"wordCount\":168,\"publisher\":{\"@id\":\"https:\/\/www.diocesitn.it\/area-annuncio\/#organization\"},\"image\":{\"@id\":\"https:\/\/www.diocesitn.it\/area-annuncio\/2023\/04\/17\/formazione-e-aggiornamento-per-i-sacristi\/#primaryimage\"},\"thumbnailUrl\":\"https:\/\/www.diocesitn.it\/area-annuncio\/wp-content\/uploads\/sites\/39\/2023\/04\/Immagine-2023-04-17-120254-e1681730274147.jpg\",\"articleSection\":[\"Liturgia\",\"Notizie\"],\"inLanguage\":\"it-IT\",\"copyrightYear\":\"2023\",\"copyrightHolder\":{\"@id\":\"https:\/\/www.diocesitn.it\/#organization\"}},{\"@type\":\"WebPage\",\"@id\":\"https:\/\/www.diocesitn.it\/area-annuncio\/2023\/04\/17\/formazione-e-aggiornamento-per-i-sacristi\/\",\"url\":\"https:\/\/www.diocesitn.it\/area-annuncio\/2023\/04\/17\/formazione-e-aggiornamento-per-i-sacristi\/\",\"name\":\"Formazione e aggiornamento per i sacristi - Annuncio e Sacramenti - Chiesa di Trento\",\"isPartOf\":{\"@id\":\"https:\/\/www.diocesitn.it\/area-annuncio\/#website\"},\"primaryImageOfPage\":{\"@id\":\"https:\/\/www.diocesitn.it\/area-annuncio\/2023\/04\/17\/formazione-e-aggiornamento-per-i-sacristi\/#primaryimage\"},\"image\":{\"@id\":\"https:\/\/www.diocesitn.it\/area-annuncio\/2023\/04\/17\/formazione-e-aggiornamento-per-i-sacristi\/#primaryimage\"},\"thumbnailUrl\":\"https:\/\/www.diocesitn.it\/area-annuncio\/wp-content\/uploads\/sites\/39\/2023\/04\/Immagine-2023-04-17-120254-e1681730274147.jpg\",\"datePublished\":\"2023-04-17T11:18:53+00:00\",\"dateModified\":\"2023-04-19T05:29:35+00:00\",\"breadcrumb\":{\"@id\":\"https:\/\/www.diocesitn.it\/area-annuncio\/2023\/04\/17\/formazione-e-aggiornamento-per-i-sacristi\/#breadcrumb\"},\"inLanguage\":\"it-IT\",\"potentialAction\":[{\"@type\":\"ReadAction\",\"target\":[\"https:\/\/www.diocesitn.it\/area-annuncio\/2023\/04\/17\/formazione-e-aggiornamento-per-i-sacristi\/\"]}]},{\"@type\":\"ImageObject\",\"inLanguage\":\"it-IT\",\"@id\":\"https:\/\/www.diocesitn.it\/area-annuncio\/2023\/04\/17\/formazione-e-aggiornamento-per-i-sacristi\/#primaryimage\",\"url\":\"https:\/\/www.diocesitn.it\/area-annuncio\/wp-content\/uploads\/sites\/39\/2023\/04\/Immagine-2023-04-17-120254-e1681730274147.jpg\",\"contentUrl\":\"https:\/\/www.diocesitn.it\/area-annuncio\/wp-content\/uploads\/sites\/39\/2023\/04\/Immagine-2023-04-17-120254-e1681730274147.jpg\",\"width\":1186,\"height\":462},{\"@type\":\"BreadcrumbList\",\"@id\":\"https:\/\/www.diocesitn.it\/area-annuncio\/2023\/04\/17\/formazione-e-aggiornamento-per-i-sacristi\/#breadcrumb\",\"itemListElement\":[{\"@type\":\"ListItem\",\"position\":1,\"name\":\"Home\",\"item\":\"https:\/\/www.diocesitn.it\/area-annuncio\/\"},{\"@type\":\"ListItem\",\"position\":2,\"name\":\"Formazione e aggiornamento per i sacristi\"}]},{\"@type\":\"WebSite\",\"@id\":\"https:\/\/www.diocesitn.it\/area-annuncio\/#website\",\"url\":\"https:\/\/www.diocesitn.it\/area-annuncio\/\",\"name\":\"Annuncio e Sacramenti\",\"description\":\"Chiesa di Trento\",\"publisher\":{\"@id\":\"https:\/\/www.diocesitn.it\/area-annuncio\/#organization\"},\"potentialAction\":[{\"@type\":\"SearchAction\",\"target\":{\"@type\":\"EntryPoint\",\"urlTemplate\":\"https:\/\/www.diocesitn.it\/area-annuncio\/?s={search_term_string}\"},\"query-input\":\"required name=search_term_string\"}],\"inLanguage\":\"it-IT\"},{\"@type\":[\"Organization\",\"Place\"],\"@id\":\"https:\/\/www.diocesitn.it\/area-annuncio\/#organization\",\"name\":\"Area Annuncio e Sacramenti - Chiesa di Trento\",\"url\":\"https:\/\/www.diocesitn.it\/area-annuncio\/\",\"logo\":{\"@id\":\"https:\/\/www.diocesitn.it\/area-annuncio\/2023\/04\/17\/formazione-e-aggiornamento-per-i-sacristi\/#local-main-organization-logo\"},\"image\":{\"@id\":\"https:\/\/www.diocesitn.it\/area-annuncio\/2023\/04\/17\/formazione-e-aggiornamento-per-i-sacristi\/#local-main-organization-logo\"},\"sameAs\":[\"https:\/\/www.facebook.com\/pastoralegiovanile.trento\/\",\"https:\/\/www.instagram.com\/pastoralegiovaniletrento\/\",\"https:\/\/www.youtube.com\/channel\/UCGt7hyJaIQIkrQPos4K6L6w\"],\"openingHoursSpecification\":[{\"@type\":\"OpeningHoursSpecification\",\"dayOfWeek\":[\"Monday\",\"Tuesday\",\"Wednesday\",\"Thursday\",\"Friday\",\"Saturday\",\"Sunday\"],\"opens\":\"09:00\",\"closes\":\"17:00\"}]},{\"@type\":\"ImageObject\",\"inLanguage\":\"it-IT\",\"@id\":\"https:\/\/www.diocesitn.it\/area-annuncio\/2023\/04\/17\/formazione-e-aggiornamento-per-i-sacristi\/#local-main-organization-logo\",\"url\":\"https:\/\/www.diocesitn.it\/area-annuncio\/wp-content\/uploads\/sites\/39\/2021\/09\/og-logo-annuncio-e-sacramenti.jpg\",\"contentUrl\":\"https:\/\/www.diocesitn.it\/area-annuncio\/wp-content\/uploads\/sites\/39\/2021\/09\/og-logo-annuncio-e-sacramenti.jpg\",\"width\":1200,\"height\":630,\"caption\":\"Area Annuncio e Sacramenti - Chiesa di Trento\"}]}<\/script>\n<!-- \/ Yoast SEO Premium plugin. -->","yoast_head_json":{"title":"Formazione e aggiornamento per i sacristi - Annuncio e Sacramenti - Chiesa di Trento","robots":{"index":"index","follow":"follow","max-snippet":"max-snippet:-1","max-image-preview":"max-image-preview:large","max-video-preview":"max-video-preview:-1"},"canonical":"https:\/\/www.diocesitn.it\/area-annuncio\/2023\/04\/17\/formazione-e-aggiornamento-per-i-sacristi\/","og_locale":"it_IT","og_type":"article","og_title":"Formazione e aggiornamento per i sacristi","og_description":"Un altro incontro, questa volta a Cles, all&#8217;Oratorio S. Rocco (Via Marconi) fissato nella giornata di Gioved\u00ec 11 maggio 2023 ad ore 17.00. Un appuntamento dedicato alla formazione e all&#8217;aggiornamento dei sacristi gi\u00e0 in attivit\u00e0","og_url":"https:\/\/www.diocesitn.it\/area-annuncio\/2023\/04\/17\/formazione-e-aggiornamento-per-i-sacristi\/","og_site_name":"Annuncio e Sacramenti","article_publisher":"https:\/\/www.facebook.com\/pastoralegiovanile.trento\/","article_published_time":"2023-04-17T11:18:53+00:00","article_modified_time":"2023-04-19T05:29:35+00:00","og_image":[{"width":1186,"height":462,"url":"https:\/\/www.diocesitn.it\/area-annuncio\/wp-content\/uploads\/sites\/39\/2023\/04\/Immagine-2023-04-17-120254-e1681730274147.jpg","type":"image\/jpeg"}],"author":"pdelama","twitter_card":"summary_large_image","twitter_misc":{"Scritto da":"pdelama","Tempo di lettura stimato":"1 minuto"},"schema":{"@context":"https:\/\/schema.org","@graph":[{"@type":"Article","@id":"https:\/\/www.diocesitn.it\/area-annuncio\/2023\/04\/17\/formazione-e-aggiornamento-per-i-sacristi\/#article","isPartOf":{"@id":"https:\/\/www.diocesitn.it\/area-annuncio\/2023\/04\/17\/formazione-e-aggiornamento-per-i-sacristi\/"},"author":{"name":"pdelama","@id":"https:\/\/www.diocesitn.it\/area-annuncio\/#\/schema\/person\/65154cb45813d674873791b3accc006b"},"headline":"Formazione e aggiornamento per i sacristi","datePublished":"2023-04-17T11:18:53+00:00","dateModified":"2023-04-19T05:29:35+00:00","mainEntityOfPage":{"@id":"https:\/\/www.diocesitn.it\/area-annuncio\/2023\/04\/17\/formazione-e-aggiornamento-per-i-sacristi\/"},"wordCount":168,"publisher":{"@id":"https:\/\/www.diocesitn.it\/area-annuncio\/#organization"},"image":{"@id":"https:\/\/www.diocesitn.it\/area-annuncio\/2023\/04\/17\/formazione-e-aggiornamento-per-i-sacristi\/#primaryimage"},"thumbnailUrl":"https:\/\/www.diocesitn.it\/area-annuncio\/wp-content\/uploads\/sites\/39\/2023\/04\/Immagine-2023-04-17-120254-e1681730274147.jpg","articleSection":["Liturgia","Notizie"],"inLanguage":"it-IT","copyrightYear":"2023","copyrightHolder":{"@id":"https:\/\/www.diocesitn.it\/#organization"}},{"@type":"WebPage","@id":"https:\/\/www.diocesitn.it\/area-annuncio\/2023\/04\/17\/formazione-e-aggiornamento-per-i-sacristi\/","url":"https:\/\/www.diocesitn.it\/area-annuncio\/2023\/04\/17\/formazione-e-aggiornamento-per-i-sacristi\/","name":"Formazione e aggiornamento per i sacristi - Annuncio e Sacramenti - Chiesa di Trento","isPartOf":{"@id":"https:\/\/www.diocesitn.it\/area-annuncio\/#website"},"primaryImageOfPage":{"@id":"https:\/\/www.diocesitn.it\/area-annuncio\/2023\/04\/17\/formazione-e-aggiornamento-per-i-sacristi\/#primaryimage"},"image":{"@id":"https:\/\/www.diocesitn.it\/area-annuncio\/2023\/04\/17\/formazione-e-aggiornamento-per-i-sacristi\/#primaryimage"},"thumbnailUrl":"https:\/\/www.diocesitn.it\/area-annuncio\/wp-content\/uploads\/sites\/39\/2023\/04\/Immagine-2023-04-17-120254-e1681730274147.jpg","datePublished":"2023-04-17T11:18:53+00:00","dateModified":"2023-04-19T05:29:35+00:00","breadcrumb":{"@id":"https:\/\/www.diocesitn.it\/area-annuncio\/2023\/04\/17\/formazione-e-aggiornamento-per-i-sacristi\/#breadcrumb"},"inLanguage":"it-IT","potentialAction":[{"@type":"ReadAction","target":["https:\/\/www.diocesitn.it\/area-annuncio\/2023\/04\/17\/formazione-e-aggiornamento-per-i-sacristi\/"]}]},{"@type":"ImageObject","inLanguage":"it-IT","@id":"https:\/\/www.diocesitn.it\/area-annuncio\/2023\/04\/17\/formazione-e-aggiornamento-per-i-sacristi\/#primaryimage","url":"https:\/\/www.diocesitn.it\/area-annuncio\/wp-content\/uploads\/sites\/39\/2023\/04\/Immagine-2023-04-17-120254-e1681730274147.jpg","contentUrl":"https:\/\/www.diocesitn.it\/area-annuncio\/wp-content\/uploads\/sites\/39\/2023\/04\/Immagine-2023-04-17-120254-e1681730274147.jpg","width":1186,"height":462},{"@type":"BreadcrumbList","@id":"https:\/\/www.diocesitn.it\/area-annuncio\/2023\/04\/17\/formazione-e-aggiornamento-per-i-sacristi\/#breadcrumb","itemListElement":[{"@type":"ListItem","position":1,"name":"Home","item":"https:\/\/www.diocesitn.it\/area-annuncio\/"},{"@type":"ListItem","position":2,"name":"Formazione e aggiornamento per i sacristi"}]},{"@type":"WebSite","@id":"https:\/\/www.diocesitn.it\/area-annuncio\/#website","url":"https:\/\/www.diocesitn.it\/area-annuncio\/","name":"Annuncio e Sacramenti","description":"Chiesa di Trento","publisher":{"@id":"https:\/\/www.diocesitn.it\/area-annuncio\/#organization"},"potentialAction":[{"@type":"SearchAction","target":{"@type":"EntryPoint","urlTemplate":"https:\/\/www.diocesitn.it\/area-annuncio\/?s={search_term_string}"},"query-input":"required name=search_term_string"}],"inLanguage":"it-IT"},{"@type":["Organization","Place"],"@id":"https:\/\/www.diocesitn.it\/area-annuncio\/#organization","name":"Area Annuncio e Sacramenti - Chiesa di Trento","url":"https:\/\/www.diocesitn.it\/area-annuncio\/","logo":{"@id":"https:\/\/www.diocesitn.it\/area-annuncio\/2023\/04\/17\/formazione-e-aggiornamento-per-i-sacristi\/#local-main-organization-logo"},"image":{"@id":"https:\/\/www.diocesitn.it\/area-annuncio\/2023\/04\/17\/formazione-e-aggiornamento-per-i-sacristi\/#local-main-organization-logo"},"sameAs":["https:\/\/www.facebook.com\/pastoralegiovanile.trento\/","https:\/\/www.instagram.com\/pastoralegiovaniletrento\/","https:\/\/www.youtube.com\/channel\/UCGt7hyJaIQIkrQPos4K6L6w"],"openingHoursSpecification":[{"@type":"OpeningHoursSpecification","dayOfWeek":["Monday","Tuesday","Wednesday","Thursday","Friday","Saturday","Sunday"],"opens":"09:00","closes":"17:00"}]},{"@type":"ImageObject","inLanguage":"it-IT","@id":"https:\/\/www.diocesitn.it\/area-annuncio\/2023\/04\/17\/formazione-e-aggiornamento-per-i-sacristi\/#local-main-organization-logo","url":"https:\/\/www.diocesitn.it\/area-annuncio\/wp-content\/uploads\/sites\/39\/2021\/09\/og-logo-annuncio-e-sacramenti.jpg","contentUrl":"https:\/\/www.diocesitn.it\/area-annuncio\/wp-content\/uploads\/sites\/39\/2021\/09\/og-logo-annuncio-e-sacramenti.jpg","width":1200,"height":630,"caption":"Area Annuncio e Sacramenti - Chiesa di Trento"}]}},"_links":{"self":[{"href":"https:\/\/www.diocesitn.it\/area-annuncio\/wp-json\/wp\/v2\/posts\/18486","targetHints":{"allow":["GET"]}}],"collection":[{"href":"https:\/\/www.diocesitn.it\/area-annuncio\/wp-json\/wp\/v2\/posts"}],"about":[{"href":"https:\/\/www.diocesitn.it\/area-annuncio\/wp-json\/wp\/v2\/types\/post"}],"author":[{"embeddable":true,"href":"https:\/\/www.diocesitn.it\/area-annuncio\/wp-json\/wp\/v2\/users\/31"}],"replies":[{"embeddable":true,"href":"https:\/\/www.diocesitn.it\/area-annuncio\/wp-json\/wp\/v2\/comments?post=18486"}],"version-history":[{"count":3,"href":"https:\/\/www.diocesitn.it\/area-annuncio\/wp-json\/wp\/v2\/posts\/18486\/revisions"}],"predecessor-version":[{"id":18533,"href":"https:\/\/www.diocesitn.it\/area-annuncio\/wp-json\/wp\/v2\/posts\/18486\/revisions\/18533"}],"wp:featuredmedia":[{"embeddable":true,"href":"https:\/\/www.diocesitn.it\/area-annuncio\/wp-json\/wp\/v2\/media\/18487"}],"wp:attachment":[{"href":"https:\/\/www.diocesitn.it\/area-annuncio\/wp-json\/wp\/v2\/media?parent=18486"}],"wp:term":[{"taxonomy":"category","embeddable":true,"href":"https:\/\/www.diocesitn.it\/area-annuncio\/wp-json\/wp\/v2\/categories?post=18486"},{"taxonomy":"post_tag","embeddable":true,"href":"https:\/\/www.diocesitn.it\/area-annuncio\/wp-json\/wp\/v2\/tags?post=18486"}],"curies":[{"name":"wp","href":"https:\/\/api.w.org\/{rel}","templated":true}]}}