{"id":17851,"date":"2023-02-23T12:18:07","date_gmt":"2023-02-23T11:18:07","guid":{"rendered":"https:\/\/www.diocesitn.it\/area-annuncio\/?p=17851"},"modified":"2023-02-23T12:18:07","modified_gmt":"2023-02-23T11:18:07","slug":"ritiro-di-quaresima","status":"publish","type":"post","link":"https:\/\/www.diocesitn.it\/area-annuncio\/2023\/02\/23\/ritiro-di-quaresima\/","title":{"rendered":"Ritiro di Quaresima"},"content":{"rendered":"<p>Tra i vari cammini quaresimali proposti in Diocesi segnaliamo anche quello <strong>offerto dall&#8217;Unione Diocesana Sacristi<\/strong> per il prossimo <strong><em>Gioved\u00ec 2 marzo 2023 <\/em><\/strong><em>che si terr\u00e0 <\/em><strong>a Mori nella\u00a0 Chiesa del Santissimo Sacramento <\/strong><em>(<\/em><em>Via G. Marconi, 3).<\/em><\/p>\n<p>\u00c8 un&#8217;occasione di spiritualit\u00e0 e di formazione che viene offerta a tutti i sacristi che prestano servizio nelle nostre comunit\u00e0 parrocchiali e che, al di l\u00e0 della routine quotidiana, sentono il bisogno di una sosta per riflettere e pregare assieme.<\/p>\n<p>Questo il programma della giornata:<\/p>\n<p><strong>Ore 9.30: <\/strong>Accoglienza<br \/>\n<strong>Ore 10.00 :<\/strong> S. Messa con meditazione a cura di Don Federico Andreolli ed esposizione del Santissimo Sacramento<br \/>\n&#8211; Adorazione personale con possibilit\u00e0 di confessarsi<br \/>\n<strong>Ore 11.45: <\/strong>Ora Sesta e Benedizione Eucaristica<br \/>\n<strong>Ore 12.30: <\/strong>Pranzo in oratorio<br \/>\n<strong>Ore 14.00:<\/strong> Sala oratorio: Confronto su questioni relative al servizio di sacrista;<br \/>\n<strong>Ore 15.15 : <\/strong>Vespri in chiesa del Santissimo Sacramento<\/p>\n<p>La partecipazione agli incontri \u00e8 aperta ai sacristi ed anche ai collaboratori.<\/p>\n<p><strong>Si prega di confermare la propria partecipazione all&#8217;incontro entro luned\u00ec 27 febbraio 2023 alla Sig.ra Orlandi Maria Pia 0465\/701015 (0465\/701015 ore 9.00-12.30 e 13.30\u201315.00).<\/strong><\/p>\n<p>L&#8217;incontro fa seguito al precedente appuntamento di g<span style=\"font-size: 12.0pt;line-height: 150%;font-family: 'Arial',sans-serif;color: #222222\">ioved\u00ec 9 febbraio, tenutosi a Baselga di Pin\u00e8, e guidato mons. Lodovico Maule, sul tema &#8220;Il vocabolario del sacrista&#8221;. E&#8217; possibile rivedere il video della conferenza al questo <a href=\"https:\/\/www.youtube.com\/watch?v=--iDipg9a3E\" target=\"_blank\" rel=\"noopener\"><strong>link<\/strong><\/a>.<\/span><\/p>\n<p>Merita iscriversi al <a href=\"https:\/\/www.youtube.com\/@unionesacristitrento8576\" target=\"_blank\" rel=\"noopener\"><strong>canale YouTube dell&#8217;Unione Diocesana Sacristi<\/strong><\/a> per tenersi aggiornati su eventuali nuovi video.<\/p>\n","protected":false},"excerpt":{"rendered":"<p>Tra i vari cammini quaresimali proposti in Diocesi segnaliamo anche quello offerto dall&#8217;Unione Diocesana Sacristi per il prossimo Gioved\u00ec 2 marzo 2023 che si terr\u00e0 a Mori nella\u00a0 Chiesa del Santissimo Sacramento (Via G. Marconi,<\/p>\n","protected":false},"author":31,"featured_media":617,"comment_status":"closed","ping_status":"closed","sticky":false,"template":"","format":"standard","meta":{"footnotes":""},"categories":[693,608,1],"tags":[],"class_list":["post-17851","post","type-post","status-publish","format-standard","has-post-thumbnail","hentry","category-servizio-liturgico","category-notizie","category-senza-categoria"],"acf":{"seed-localization-paese-cod":"IT","seed-localization-address":"","seed-localization-citta":"Trento","seed-localization-regione-cod-istat":"04","seed-localization-citta-cod-istat":"022205","seed-localization-localita":"","seed-localization-cap":"","seed-localization-marker-visibility":false,"seed-localization-children-visibility":false,"seed-localization-kml":"","seed-localization-custom-marker":""},"yoast_head":"<!-- This site is optimized with the Yoast SEO Premium plugin v20.2.1 (Yoast SEO v22.2) - https:\/\/yoast.com\/wordpress\/plugins\/seo\/ -->\n<title>Ritiro di Quaresima - Annuncio e Sacramenti - Chiesa di Trento<\/title>\n<meta name=\"robots\" content=\"index, follow, max-snippet:-1, max-image-preview:large, max-video-preview:-1\" \/>\n<link rel=\"canonical\" href=\"https:\/\/www.diocesitn.it\/area-annuncio\/2023\/02\/23\/ritiro-di-quaresima\/\" \/>\n<meta property=\"og:locale\" content=\"it_IT\" \/>\n<meta property=\"og:type\" content=\"article\" \/>\n<meta property=\"og:title\" content=\"Ritiro di Quaresima\" \/>\n<meta property=\"og:description\" content=\"Tra i vari cammini quaresimali proposti in Diocesi segnaliamo anche quello offerto dall&#8217;Unione Diocesana Sacristi per il prossimo Gioved\u00ec 2 marzo 2023 che si terr\u00e0 a Mori nella\u00a0 Chiesa del Santissimo Sacramento (Via G. Marconi,\" \/>\n<meta property=\"og:url\" content=\"https:\/\/www.diocesitn.it\/area-annuncio\/2023\/02\/23\/ritiro-di-quaresima\/\" \/>\n<meta property=\"og:site_name\" content=\"Annuncio e Sacramenti\" \/>\n<meta property=\"article:publisher\" content=\"https:\/\/www.facebook.com\/pastoralegiovanile.trento\/\" \/>\n<meta property=\"article:published_time\" content=\"2023-02-23T11:18:07+00:00\" \/>\n<meta property=\"og:image\" content=\"https:\/\/www.diocesitn.it\/area-annuncio\/wp-content\/uploads\/sites\/39\/2017\/03\/adorazione.jpg\" \/>\n\t<meta property=\"og:image:width\" content=\"800\" \/>\n\t<meta property=\"og:image:height\" content=\"532\" \/>\n\t<meta property=\"og:image:type\" content=\"image\/jpeg\" \/>\n<meta name=\"author\" content=\"pdelama\" \/>\n<meta name=\"twitter:card\" content=\"summary_large_image\" \/>\n<meta name=\"twitter:label1\" content=\"Scritto da\" \/>\n\t<meta name=\"twitter:data1\" content=\"pdelama\" \/>\n\t<meta name=\"twitter:label2\" content=\"Tempo di lettura stimato\" \/>\n\t<meta name=\"twitter:data2\" content=\"1 minuto\" \/>\n<script type=\"application\/ld+json\" class=\"yoast-schema-graph\">{\"@context\":\"https:\/\/schema.org\",\"@graph\":[{\"@type\":\"Article\",\"@id\":\"https:\/\/www.diocesitn.it\/area-annuncio\/2023\/02\/23\/ritiro-di-quaresima\/#article\",\"isPartOf\":{\"@id\":\"https:\/\/www.diocesitn.it\/area-annuncio\/2023\/02\/23\/ritiro-di-quaresima\/\"},\"author\":{\"name\":\"pdelama\",\"@id\":\"https:\/\/www.diocesitn.it\/area-annuncio\/#\/schema\/person\/65154cb45813d674873791b3accc006b\"},\"headline\":\"Ritiro di Quaresima\",\"datePublished\":\"2023-02-23T11:18:07+00:00\",\"dateModified\":\"2023-02-23T11:18:07+00:00\",\"mainEntityOfPage\":{\"@id\":\"https:\/\/www.diocesitn.it\/area-annuncio\/2023\/02\/23\/ritiro-di-quaresima\/\"},\"wordCount\":214,\"publisher\":{\"@id\":\"https:\/\/www.diocesitn.it\/area-annuncio\/#organization\"},\"image\":{\"@id\":\"https:\/\/www.diocesitn.it\/area-annuncio\/2023\/02\/23\/ritiro-di-quaresima\/#primaryimage\"},\"thumbnailUrl\":\"https:\/\/www.diocesitn.it\/area-annuncio\/wp-content\/uploads\/sites\/39\/2017\/03\/adorazione.jpg\",\"articleSection\":[\"Liturgia\",\"Notizie\"],\"inLanguage\":\"it-IT\",\"copyrightYear\":\"2023\",\"copyrightHolder\":{\"@id\":\"https:\/\/www.diocesitn.it\/#organization\"}},{\"@type\":\"WebPage\",\"@id\":\"https:\/\/www.diocesitn.it\/area-annuncio\/2023\/02\/23\/ritiro-di-quaresima\/\",\"url\":\"https:\/\/www.diocesitn.it\/area-annuncio\/2023\/02\/23\/ritiro-di-quaresima\/\",\"name\":\"Ritiro di Quaresima - Annuncio e Sacramenti - Chiesa di Trento\",\"isPartOf\":{\"@id\":\"https:\/\/www.diocesitn.it\/area-annuncio\/#website\"},\"primaryImageOfPage\":{\"@id\":\"https:\/\/www.diocesitn.it\/area-annuncio\/2023\/02\/23\/ritiro-di-quaresima\/#primaryimage\"},\"image\":{\"@id\":\"https:\/\/www.diocesitn.it\/area-annuncio\/2023\/02\/23\/ritiro-di-quaresima\/#primaryimage\"},\"thumbnailUrl\":\"https:\/\/www.diocesitn.it\/area-annuncio\/wp-content\/uploads\/sites\/39\/2017\/03\/adorazione.jpg\",\"datePublished\":\"2023-02-23T11:18:07+00:00\",\"dateModified\":\"2023-02-23T11:18:07+00:00\",\"breadcrumb\":{\"@id\":\"https:\/\/www.diocesitn.it\/area-annuncio\/2023\/02\/23\/ritiro-di-quaresima\/#breadcrumb\"},\"inLanguage\":\"it-IT\",\"potentialAction\":[{\"@type\":\"ReadAction\",\"target\":[\"https:\/\/www.diocesitn.it\/area-annuncio\/2023\/02\/23\/ritiro-di-quaresima\/\"]}]},{\"@type\":\"ImageObject\",\"inLanguage\":\"it-IT\",\"@id\":\"https:\/\/www.diocesitn.it\/area-annuncio\/2023\/02\/23\/ritiro-di-quaresima\/#primaryimage\",\"url\":\"https:\/\/www.diocesitn.it\/area-annuncio\/wp-content\/uploads\/sites\/39\/2017\/03\/adorazione.jpg\",\"contentUrl\":\"https:\/\/www.diocesitn.it\/area-annuncio\/wp-content\/uploads\/sites\/39\/2017\/03\/adorazione.jpg\",\"width\":800,\"height\":532},{\"@type\":\"BreadcrumbList\",\"@id\":\"https:\/\/www.diocesitn.it\/area-annuncio\/2023\/02\/23\/ritiro-di-quaresima\/#breadcrumb\",\"itemListElement\":[{\"@type\":\"ListItem\",\"position\":1,\"name\":\"Home\",\"item\":\"https:\/\/www.diocesitn.it\/area-annuncio\/\"},{\"@type\":\"ListItem\",\"position\":2,\"name\":\"Ritiro di Quaresima\"}]},{\"@type\":\"WebSite\",\"@id\":\"https:\/\/www.diocesitn.it\/area-annuncio\/#website\",\"url\":\"https:\/\/www.diocesitn.it\/area-annuncio\/\",\"name\":\"Annuncio e Sacramenti\",\"description\":\"Chiesa di Trento\",\"publisher\":{\"@id\":\"https:\/\/www.diocesitn.it\/area-annuncio\/#organization\"},\"potentialAction\":[{\"@type\":\"SearchAction\",\"target\":{\"@type\":\"EntryPoint\",\"urlTemplate\":\"https:\/\/www.diocesitn.it\/area-annuncio\/?s={search_term_string}\"},\"query-input\":\"required name=search_term_string\"}],\"inLanguage\":\"it-IT\"},{\"@type\":[\"Organization\",\"Place\"],\"@id\":\"https:\/\/www.diocesitn.it\/area-annuncio\/#organization\",\"name\":\"Area Annuncio e Sacramenti - Chiesa di Trento\",\"url\":\"https:\/\/www.diocesitn.it\/area-annuncio\/\",\"logo\":{\"@id\":\"https:\/\/www.diocesitn.it\/area-annuncio\/2023\/02\/23\/ritiro-di-quaresima\/#local-main-organization-logo\"},\"image\":{\"@id\":\"https:\/\/www.diocesitn.it\/area-annuncio\/2023\/02\/23\/ritiro-di-quaresima\/#local-main-organization-logo\"},\"sameAs\":[\"https:\/\/www.facebook.com\/pastoralegiovanile.trento\/\",\"https:\/\/www.instagram.com\/pastoralegiovaniletrento\/\",\"https:\/\/www.youtube.com\/channel\/UCGt7hyJaIQIkrQPos4K6L6w\"],\"openingHoursSpecification\":[{\"@type\":\"OpeningHoursSpecification\",\"dayOfWeek\":[\"Monday\",\"Tuesday\",\"Wednesday\",\"Thursday\",\"Friday\",\"Saturday\",\"Sunday\"],\"opens\":\"09:00\",\"closes\":\"17:00\"}]},{\"@type\":\"ImageObject\",\"inLanguage\":\"it-IT\",\"@id\":\"https:\/\/www.diocesitn.it\/area-annuncio\/2023\/02\/23\/ritiro-di-quaresima\/#local-main-organization-logo\",\"url\":\"https:\/\/www.diocesitn.it\/area-annuncio\/wp-content\/uploads\/sites\/39\/2021\/09\/og-logo-annuncio-e-sacramenti.jpg\",\"contentUrl\":\"https:\/\/www.diocesitn.it\/area-annuncio\/wp-content\/uploads\/sites\/39\/2021\/09\/og-logo-annuncio-e-sacramenti.jpg\",\"width\":1200,\"height\":630,\"caption\":\"Area Annuncio e Sacramenti - Chiesa di Trento\"}]}<\/script>\n<!-- \/ Yoast SEO Premium plugin. -->","yoast_head_json":{"title":"Ritiro di Quaresima - Annuncio e Sacramenti - Chiesa di Trento","robots":{"index":"index","follow":"follow","max-snippet":"max-snippet:-1","max-image-preview":"max-image-preview:large","max-video-preview":"max-video-preview:-1"},"canonical":"https:\/\/www.diocesitn.it\/area-annuncio\/2023\/02\/23\/ritiro-di-quaresima\/","og_locale":"it_IT","og_type":"article","og_title":"Ritiro di Quaresima","og_description":"Tra i vari cammini quaresimali proposti in Diocesi segnaliamo anche quello offerto dall&#8217;Unione Diocesana Sacristi per il prossimo Gioved\u00ec 2 marzo 2023 che si terr\u00e0 a Mori nella\u00a0 Chiesa del Santissimo Sacramento (Via G. Marconi,","og_url":"https:\/\/www.diocesitn.it\/area-annuncio\/2023\/02\/23\/ritiro-di-quaresima\/","og_site_name":"Annuncio e Sacramenti","article_publisher":"https:\/\/www.facebook.com\/pastoralegiovanile.trento\/","article_published_time":"2023-02-23T11:18:07+00:00","og_image":[{"width":800,"height":532,"url":"https:\/\/www.diocesitn.it\/area-annuncio\/wp-content\/uploads\/sites\/39\/2017\/03\/adorazione.jpg","type":"image\/jpeg"}],"author":"pdelama","twitter_card":"summary_large_image","twitter_misc":{"Scritto da":"pdelama","Tempo di lettura stimato":"1 minuto"},"schema":{"@context":"https:\/\/schema.org","@graph":[{"@type":"Article","@id":"https:\/\/www.diocesitn.it\/area-annuncio\/2023\/02\/23\/ritiro-di-quaresima\/#article","isPartOf":{"@id":"https:\/\/www.diocesitn.it\/area-annuncio\/2023\/02\/23\/ritiro-di-quaresima\/"},"author":{"name":"pdelama","@id":"https:\/\/www.diocesitn.it\/area-annuncio\/#\/schema\/person\/65154cb45813d674873791b3accc006b"},"headline":"Ritiro di Quaresima","datePublished":"2023-02-23T11:18:07+00:00","dateModified":"2023-02-23T11:18:07+00:00","mainEntityOfPage":{"@id":"https:\/\/www.diocesitn.it\/area-annuncio\/2023\/02\/23\/ritiro-di-quaresima\/"},"wordCount":214,"publisher":{"@id":"https:\/\/www.diocesitn.it\/area-annuncio\/#organization"},"image":{"@id":"https:\/\/www.diocesitn.it\/area-annuncio\/2023\/02\/23\/ritiro-di-quaresima\/#primaryimage"},"thumbnailUrl":"https:\/\/www.diocesitn.it\/area-annuncio\/wp-content\/uploads\/sites\/39\/2017\/03\/adorazione.jpg","articleSection":["Liturgia","Notizie"],"inLanguage":"it-IT","copyrightYear":"2023","copyrightHolder":{"@id":"https:\/\/www.diocesitn.it\/#organization"}},{"@type":"WebPage","@id":"https:\/\/www.diocesitn.it\/area-annuncio\/2023\/02\/23\/ritiro-di-quaresima\/","url":"https:\/\/www.diocesitn.it\/area-annuncio\/2023\/02\/23\/ritiro-di-quaresima\/","name":"Ritiro di Quaresima - Annuncio e Sacramenti - Chiesa di Trento","isPartOf":{"@id":"https:\/\/www.diocesitn.it\/area-annuncio\/#website"},"primaryImageOfPage":{"@id":"https:\/\/www.diocesitn.it\/area-annuncio\/2023\/02\/23\/ritiro-di-quaresima\/#primaryimage"},"image":{"@id":"https:\/\/www.diocesitn.it\/area-annuncio\/2023\/02\/23\/ritiro-di-quaresima\/#primaryimage"},"thumbnailUrl":"https:\/\/www.diocesitn.it\/area-annuncio\/wp-content\/uploads\/sites\/39\/2017\/03\/adorazione.jpg","datePublished":"2023-02-23T11:18:07+00:00","dateModified":"2023-02-23T11:18:07+00:00","breadcrumb":{"@id":"https:\/\/www.diocesitn.it\/area-annuncio\/2023\/02\/23\/ritiro-di-quaresima\/#breadcrumb"},"inLanguage":"it-IT","potentialAction":[{"@type":"ReadAction","target":["https:\/\/www.diocesitn.it\/area-annuncio\/2023\/02\/23\/ritiro-di-quaresima\/"]}]},{"@type":"ImageObject","inLanguage":"it-IT","@id":"https:\/\/www.diocesitn.it\/area-annuncio\/2023\/02\/23\/ritiro-di-quaresima\/#primaryimage","url":"https:\/\/www.diocesitn.it\/area-annuncio\/wp-content\/uploads\/sites\/39\/2017\/03\/adorazione.jpg","contentUrl":"https:\/\/www.diocesitn.it\/area-annuncio\/wp-content\/uploads\/sites\/39\/2017\/03\/adorazione.jpg","width":800,"height":532},{"@type":"BreadcrumbList","@id":"https:\/\/www.diocesitn.it\/area-annuncio\/2023\/02\/23\/ritiro-di-quaresima\/#breadcrumb","itemListElement":[{"@type":"ListItem","position":1,"name":"Home","item":"https:\/\/www.diocesitn.it\/area-annuncio\/"},{"@type":"ListItem","position":2,"name":"Ritiro di Quaresima"}]},{"@type":"WebSite","@id":"https:\/\/www.diocesitn.it\/area-annuncio\/#website","url":"https:\/\/www.diocesitn.it\/area-annuncio\/","name":"Annuncio e Sacramenti","description":"Chiesa di Trento","publisher":{"@id":"https:\/\/www.diocesitn.it\/area-annuncio\/#organization"},"potentialAction":[{"@type":"SearchAction","target":{"@type":"EntryPoint","urlTemplate":"https:\/\/www.diocesitn.it\/area-annuncio\/?s={search_term_string}"},"query-input":"required name=search_term_string"}],"inLanguage":"it-IT"},{"@type":["Organization","Place"],"@id":"https:\/\/www.diocesitn.it\/area-annuncio\/#organization","name":"Area Annuncio e Sacramenti - Chiesa di Trento","url":"https:\/\/www.diocesitn.it\/area-annuncio\/","logo":{"@id":"https:\/\/www.diocesitn.it\/area-annuncio\/2023\/02\/23\/ritiro-di-quaresima\/#local-main-organization-logo"},"image":{"@id":"https:\/\/www.diocesitn.it\/area-annuncio\/2023\/02\/23\/ritiro-di-quaresima\/#local-main-organization-logo"},"sameAs":["https:\/\/www.facebook.com\/pastoralegiovanile.trento\/","https:\/\/www.instagram.com\/pastoralegiovaniletrento\/","https:\/\/www.youtube.com\/channel\/UCGt7hyJaIQIkrQPos4K6L6w"],"openingHoursSpecification":[{"@type":"OpeningHoursSpecification","dayOfWeek":["Monday","Tuesday","Wednesday","Thursday","Friday","Saturday","Sunday"],"opens":"09:00","closes":"17:00"}]},{"@type":"ImageObject","inLanguage":"it-IT","@id":"https:\/\/www.diocesitn.it\/area-annuncio\/2023\/02\/23\/ritiro-di-quaresima\/#local-main-organization-logo","url":"https:\/\/www.diocesitn.it\/area-annuncio\/wp-content\/uploads\/sites\/39\/2021\/09\/og-logo-annuncio-e-sacramenti.jpg","contentUrl":"https:\/\/www.diocesitn.it\/area-annuncio\/wp-content\/uploads\/sites\/39\/2021\/09\/og-logo-annuncio-e-sacramenti.jpg","width":1200,"height":630,"caption":"Area Annuncio e Sacramenti - Chiesa di Trento"}]}},"_links":{"self":[{"href":"https:\/\/www.diocesitn.it\/area-annuncio\/wp-json\/wp\/v2\/posts\/17851","targetHints":{"allow":["GET"]}}],"collection":[{"href":"https:\/\/www.diocesitn.it\/area-annuncio\/wp-json\/wp\/v2\/posts"}],"about":[{"href":"https:\/\/www.diocesitn.it\/area-annuncio\/wp-json\/wp\/v2\/types\/post"}],"author":[{"embeddable":true,"href":"https:\/\/www.diocesitn.it\/area-annuncio\/wp-json\/wp\/v2\/users\/31"}],"replies":[{"embeddable":true,"href":"https:\/\/www.diocesitn.it\/area-annuncio\/wp-json\/wp\/v2\/comments?post=17851"}],"version-history":[{"count":3,"href":"https:\/\/www.diocesitn.it\/area-annuncio\/wp-json\/wp\/v2\/posts\/17851\/revisions"}],"predecessor-version":[{"id":17935,"href":"https:\/\/www.diocesitn.it\/area-annuncio\/wp-json\/wp\/v2\/posts\/17851\/revisions\/17935"}],"wp:featuredmedia":[{"embeddable":true,"href":"https:\/\/www.diocesitn.it\/area-annuncio\/wp-json\/wp\/v2\/media\/617"}],"wp:attachment":[{"href":"https:\/\/www.diocesitn.it\/area-annuncio\/wp-json\/wp\/v2\/media?parent=17851"}],"wp:term":[{"taxonomy":"category","embeddable":true,"href":"https:\/\/www.diocesitn.it\/area-annuncio\/wp-json\/wp\/v2\/categories?post=17851"},{"taxonomy":"post_tag","embeddable":true,"href":"https:\/\/www.diocesitn.it\/area-annuncio\/wp-json\/wp\/v2\/tags?post=17851"}],"curies":[{"name":"wp","href":"https:\/\/api.w.org\/{rel}","templated":true}]}}