{"id":17654,"date":"2023-02-01T10:43:07","date_gmt":"2023-02-01T09:43:07","guid":{"rendered":"https:\/\/www.diocesitn.it\/area-annuncio\/?p=17654"},"modified":"2023-02-10T09:36:49","modified_gmt":"2023-02-10T08:36:49","slug":"con-gli-occhi-di-dio","status":"publish","type":"post","link":"https:\/\/www.diocesitn.it\/area-annuncio\/2023\/02\/01\/con-gli-occhi-di-dio\/","title":{"rendered":"Con gli occhi di Dio"},"content":{"rendered":"<p>Riprende il cammino \u201c<em>Con gli occhi di Dio<\/em>\u201d un momento di preghiera e adorazione per invocare nuove vocazioni per la nostra Chiesa. Il nostro Vescovo pi\u00f9 volte ha ricordato l\u2019importanza di convocare le comunit\u00e0 per pregare per le vocazioni.\u00a0L\u2019appuntamento, quindi, \u00e8 confermato per il primo gioved\u00ec del mese eccetto (con libert\u00e0) per il mese di febbraio che \u00e8 la presentazione di Ges\u00f9 al Tempio \u2013 sappiamo che in molte comunit\u00e0 ci sono messe serali \u2013 e il mese di novembre che \u00e8 la commemorazione di tutti i defunti. In questi due mesi proponiamo il secondo gioved\u00ec del mese. Il Vescovo lungo tutto l\u2019anno animer\u00e0 l\u2019adorazione in alcune comunit\u00e0 della diocesi.<\/p>\n<p>L\u2019arcivescovo Lauro guida l\u2019adorazione ogni mese in una comunit\u00e0 diversa della Diocesi:\u00a0<strong>gioved\u00ec 9 febbraio<\/strong>\u00a0sar\u00e0 nella\u00a0<strong>chiesa parrocchiale di Caldonazzo alle ore 20.30.\u00a0<\/strong><\/p>\n<p>Il cammino di preghiera proposto per quest\u2019anno avr\u00e0 come temi:<\/p>\n<ul>\n<li>Febbraio \u2013 maggio: i <em>temi sinodali<\/em>; eccetto aprile, che \u00e8 il Gioved\u00ec Santo, e quindi faremo una traccia a s\u00e9.<\/li>\n<li>Giugno \u2013 agosto: il <em>tema della GMG<\/em> di Lisbona che coincider\u00e0 con il primo gioved\u00ec di agosto e quindi ci sentiremo in comunione con i giovani della nostra diocesi e il nostro vescovo presenti a tale evento.<\/li>\n<li>Settembre \u2013 dicembre: alcuni tempi del documento <em>Evangelii gaudium <\/em>(24.11.2013), a 10 anni dalla pubblicazione.<\/li>\n<\/ul>\n<p><strong>L\u2019appuntamento di febbraio avr\u00e0 come \u201cLe donne nella Chiesa\u201d:<\/strong><\/p>\n<p><a href=\"https:\/\/www.diocesitn.it\/area-annuncio\/wp-content\/uploads\/sites\/39\/2023\/02\/1-DONNE-febbraio.docx\" target=\"_blank\" rel=\"noopener\"><strong>Scarica la traccia di Febbraio in word<\/strong><\/a><\/p>\n<p><strong><a href=\"https:\/\/www.diocesitn.it\/area-annuncio\/wp-content\/uploads\/sites\/39\/2023\/02\/1-DONNE-febbraio.pdf\" target=\"_blank\" rel=\"noopener\">Scarica la traccia di Febbraio in pdf<\/a><\/strong><\/p>\n<p>&nbsp;<\/p>\n<p>&nbsp;<\/p>\n","protected":false},"excerpt":{"rendered":"<p>Riprende il cammino \u201cCon gli occhi di Dio\u201d un momento di preghiera e adorazione per invocare nuove vocazioni per la nostra Chiesa. Il nostro Vescovo pi\u00f9 volte ha ricordato l\u2019importanza di convocare le comunit\u00e0 per<\/p>\n","protected":false},"author":31,"featured_media":17657,"comment_status":"closed","ping_status":"closed","sticky":false,"template":"","format":"standard","meta":{"footnotes":""},"categories":[913,608],"tags":[],"class_list":["post-17654","post","type-post","status-publish","format-standard","has-post-thumbnail","hentry","category-area-annuncio-e-sacramenti","category-notizie"],"acf":{"seed-localization-paese-cod":"IT","seed-localization-address":"","seed-localization-citta":"Trento","seed-localization-regione-cod-istat":"04","seed-localization-citta-cod-istat":"022205","seed-localization-localita":"","seed-localization-cap":"","seed-localization-marker-visibility":false,"seed-localization-children-visibility":false,"seed-localization-kml":"","seed-localization-custom-marker":""},"yoast_head":"<!-- This site is optimized with the Yoast SEO Premium plugin v20.2.1 (Yoast SEO v22.2) - https:\/\/yoast.com\/wordpress\/plugins\/seo\/ -->\n<title>Con gli occhi di Dio - Annuncio e Sacramenti - Chiesa di Trento<\/title>\n<meta name=\"robots\" content=\"index, follow, max-snippet:-1, max-image-preview:large, max-video-preview:-1\" \/>\n<link rel=\"canonical\" href=\"https:\/\/www.diocesitn.it\/area-annuncio\/2023\/02\/01\/con-gli-occhi-di-dio\/\" \/>\n<meta property=\"og:locale\" content=\"it_IT\" \/>\n<meta property=\"og:type\" content=\"article\" \/>\n<meta property=\"og:title\" content=\"Con gli occhi di Dio\" \/>\n<meta property=\"og:description\" content=\"Riprende il cammino \u201cCon gli occhi di Dio\u201d un momento di preghiera e adorazione per invocare nuove vocazioni per la nostra Chiesa. Il nostro Vescovo pi\u00f9 volte ha ricordato l\u2019importanza di convocare le comunit\u00e0 per\" \/>\n<meta property=\"og:url\" content=\"https:\/\/www.diocesitn.it\/area-annuncio\/2023\/02\/01\/con-gli-occhi-di-dio\/\" \/>\n<meta property=\"og:site_name\" content=\"Annuncio e Sacramenti\" \/>\n<meta property=\"article:publisher\" content=\"https:\/\/www.facebook.com\/pastoralegiovanile.trento\/\" \/>\n<meta property=\"article:published_time\" content=\"2023-02-01T09:43:07+00:00\" \/>\n<meta property=\"article:modified_time\" content=\"2023-02-10T08:36:49+00:00\" \/>\n<meta property=\"og:image\" content=\"https:\/\/www.diocesitn.it\/area-annuncio\/wp-content\/uploads\/sites\/39\/2023\/02\/Donna-e-preghiera-scaled.jpg\" \/>\n\t<meta property=\"og:image:width\" content=\"2560\" \/>\n\t<meta property=\"og:image:height\" content=\"1709\" \/>\n\t<meta property=\"og:image:type\" content=\"image\/jpeg\" \/>\n<meta name=\"author\" content=\"pdelama\" \/>\n<meta name=\"twitter:card\" content=\"summary_large_image\" \/>\n<meta name=\"twitter:label1\" content=\"Scritto da\" \/>\n\t<meta name=\"twitter:data1\" content=\"pdelama\" \/>\n\t<meta name=\"twitter:label2\" content=\"Tempo di lettura stimato\" \/>\n\t<meta name=\"twitter:data2\" content=\"1 minuto\" \/>\n<script type=\"application\/ld+json\" class=\"yoast-schema-graph\">{\"@context\":\"https:\/\/schema.org\",\"@graph\":[{\"@type\":\"Article\",\"@id\":\"https:\/\/www.diocesitn.it\/area-annuncio\/2023\/02\/01\/con-gli-occhi-di-dio\/#article\",\"isPartOf\":{\"@id\":\"https:\/\/www.diocesitn.it\/area-annuncio\/2023\/02\/01\/con-gli-occhi-di-dio\/\"},\"author\":{\"name\":\"pdelama\",\"@id\":\"https:\/\/www.diocesitn.it\/area-annuncio\/#\/schema\/person\/65154cb45813d674873791b3accc006b\"},\"headline\":\"Con gli occhi di Dio\",\"datePublished\":\"2023-02-01T09:43:07+00:00\",\"dateModified\":\"2023-02-10T08:36:49+00:00\",\"mainEntityOfPage\":{\"@id\":\"https:\/\/www.diocesitn.it\/area-annuncio\/2023\/02\/01\/con-gli-occhi-di-dio\/\"},\"wordCount\":242,\"publisher\":{\"@id\":\"https:\/\/www.diocesitn.it\/area-annuncio\/#organization\"},\"image\":{\"@id\":\"https:\/\/www.diocesitn.it\/area-annuncio\/2023\/02\/01\/con-gli-occhi-di-dio\/#primaryimage\"},\"thumbnailUrl\":\"https:\/\/www.diocesitn.it\/area-annuncio\/wp-content\/uploads\/sites\/39\/2023\/02\/Donna-e-preghiera-scaled.jpg\",\"articleSection\":[\"Area Annuncio e Sacramenti\",\"Notizie\"],\"inLanguage\":\"it-IT\",\"copyrightYear\":\"2023\",\"copyrightHolder\":{\"@id\":\"https:\/\/www.diocesitn.it\/#organization\"}},{\"@type\":\"WebPage\",\"@id\":\"https:\/\/www.diocesitn.it\/area-annuncio\/2023\/02\/01\/con-gli-occhi-di-dio\/\",\"url\":\"https:\/\/www.diocesitn.it\/area-annuncio\/2023\/02\/01\/con-gli-occhi-di-dio\/\",\"name\":\"Con gli occhi di Dio - Annuncio e Sacramenti - Chiesa di Trento\",\"isPartOf\":{\"@id\":\"https:\/\/www.diocesitn.it\/area-annuncio\/#website\"},\"primaryImageOfPage\":{\"@id\":\"https:\/\/www.diocesitn.it\/area-annuncio\/2023\/02\/01\/con-gli-occhi-di-dio\/#primaryimage\"},\"image\":{\"@id\":\"https:\/\/www.diocesitn.it\/area-annuncio\/2023\/02\/01\/con-gli-occhi-di-dio\/#primaryimage\"},\"thumbnailUrl\":\"https:\/\/www.diocesitn.it\/area-annuncio\/wp-content\/uploads\/sites\/39\/2023\/02\/Donna-e-preghiera-scaled.jpg\",\"datePublished\":\"2023-02-01T09:43:07+00:00\",\"dateModified\":\"2023-02-10T08:36:49+00:00\",\"breadcrumb\":{\"@id\":\"https:\/\/www.diocesitn.it\/area-annuncio\/2023\/02\/01\/con-gli-occhi-di-dio\/#breadcrumb\"},\"inLanguage\":\"it-IT\",\"potentialAction\":[{\"@type\":\"ReadAction\",\"target\":[\"https:\/\/www.diocesitn.it\/area-annuncio\/2023\/02\/01\/con-gli-occhi-di-dio\/\"]}]},{\"@type\":\"ImageObject\",\"inLanguage\":\"it-IT\",\"@id\":\"https:\/\/www.diocesitn.it\/area-annuncio\/2023\/02\/01\/con-gli-occhi-di-dio\/#primaryimage\",\"url\":\"https:\/\/www.diocesitn.it\/area-annuncio\/wp-content\/uploads\/sites\/39\/2023\/02\/Donna-e-preghiera-scaled.jpg\",\"contentUrl\":\"https:\/\/www.diocesitn.it\/area-annuncio\/wp-content\/uploads\/sites\/39\/2023\/02\/Donna-e-preghiera-scaled.jpg\",\"width\":2560,\"height\":1709},{\"@type\":\"BreadcrumbList\",\"@id\":\"https:\/\/www.diocesitn.it\/area-annuncio\/2023\/02\/01\/con-gli-occhi-di-dio\/#breadcrumb\",\"itemListElement\":[{\"@type\":\"ListItem\",\"position\":1,\"name\":\"Home\",\"item\":\"https:\/\/www.diocesitn.it\/area-annuncio\/\"},{\"@type\":\"ListItem\",\"position\":2,\"name\":\"Con gli occhi di Dio\"}]},{\"@type\":\"WebSite\",\"@id\":\"https:\/\/www.diocesitn.it\/area-annuncio\/#website\",\"url\":\"https:\/\/www.diocesitn.it\/area-annuncio\/\",\"name\":\"Annuncio e Sacramenti\",\"description\":\"Chiesa di Trento\",\"publisher\":{\"@id\":\"https:\/\/www.diocesitn.it\/area-annuncio\/#organization\"},\"potentialAction\":[{\"@type\":\"SearchAction\",\"target\":{\"@type\":\"EntryPoint\",\"urlTemplate\":\"https:\/\/www.diocesitn.it\/area-annuncio\/?s={search_term_string}\"},\"query-input\":\"required name=search_term_string\"}],\"inLanguage\":\"it-IT\"},{\"@type\":[\"Organization\",\"Place\"],\"@id\":\"https:\/\/www.diocesitn.it\/area-annuncio\/#organization\",\"name\":\"Area Annuncio e Sacramenti - Chiesa di Trento\",\"url\":\"https:\/\/www.diocesitn.it\/area-annuncio\/\",\"logo\":{\"@id\":\"https:\/\/www.diocesitn.it\/area-annuncio\/2023\/02\/01\/con-gli-occhi-di-dio\/#local-main-organization-logo\"},\"image\":{\"@id\":\"https:\/\/www.diocesitn.it\/area-annuncio\/2023\/02\/01\/con-gli-occhi-di-dio\/#local-main-organization-logo\"},\"sameAs\":[\"https:\/\/www.facebook.com\/pastoralegiovanile.trento\/\",\"https:\/\/www.instagram.com\/pastoralegiovaniletrento\/\",\"https:\/\/www.youtube.com\/channel\/UCGt7hyJaIQIkrQPos4K6L6w\"],\"openingHoursSpecification\":[{\"@type\":\"OpeningHoursSpecification\",\"dayOfWeek\":[\"Monday\",\"Tuesday\",\"Wednesday\",\"Thursday\",\"Friday\",\"Saturday\",\"Sunday\"],\"opens\":\"09:00\",\"closes\":\"17:00\"}]},{\"@type\":\"ImageObject\",\"inLanguage\":\"it-IT\",\"@id\":\"https:\/\/www.diocesitn.it\/area-annuncio\/2023\/02\/01\/con-gli-occhi-di-dio\/#local-main-organization-logo\",\"url\":\"https:\/\/www.diocesitn.it\/area-annuncio\/wp-content\/uploads\/sites\/39\/2021\/09\/og-logo-annuncio-e-sacramenti.jpg\",\"contentUrl\":\"https:\/\/www.diocesitn.it\/area-annuncio\/wp-content\/uploads\/sites\/39\/2021\/09\/og-logo-annuncio-e-sacramenti.jpg\",\"width\":1200,\"height\":630,\"caption\":\"Area Annuncio e Sacramenti - Chiesa di Trento\"}]}<\/script>\n<!-- \/ Yoast SEO Premium plugin. -->","yoast_head_json":{"title":"Con gli occhi di Dio - Annuncio e Sacramenti - Chiesa di Trento","robots":{"index":"index","follow":"follow","max-snippet":"max-snippet:-1","max-image-preview":"max-image-preview:large","max-video-preview":"max-video-preview:-1"},"canonical":"https:\/\/www.diocesitn.it\/area-annuncio\/2023\/02\/01\/con-gli-occhi-di-dio\/","og_locale":"it_IT","og_type":"article","og_title":"Con gli occhi di Dio","og_description":"Riprende il cammino \u201cCon gli occhi di Dio\u201d un momento di preghiera e adorazione per invocare nuove vocazioni per la nostra Chiesa. Il nostro Vescovo pi\u00f9 volte ha ricordato l\u2019importanza di convocare le comunit\u00e0 per","og_url":"https:\/\/www.diocesitn.it\/area-annuncio\/2023\/02\/01\/con-gli-occhi-di-dio\/","og_site_name":"Annuncio e Sacramenti","article_publisher":"https:\/\/www.facebook.com\/pastoralegiovanile.trento\/","article_published_time":"2023-02-01T09:43:07+00:00","article_modified_time":"2023-02-10T08:36:49+00:00","og_image":[{"width":2560,"height":1709,"url":"https:\/\/www.diocesitn.it\/area-annuncio\/wp-content\/uploads\/sites\/39\/2023\/02\/Donna-e-preghiera-scaled.jpg","type":"image\/jpeg"}],"author":"pdelama","twitter_card":"summary_large_image","twitter_misc":{"Scritto da":"pdelama","Tempo di lettura stimato":"1 minuto"},"schema":{"@context":"https:\/\/schema.org","@graph":[{"@type":"Article","@id":"https:\/\/www.diocesitn.it\/area-annuncio\/2023\/02\/01\/con-gli-occhi-di-dio\/#article","isPartOf":{"@id":"https:\/\/www.diocesitn.it\/area-annuncio\/2023\/02\/01\/con-gli-occhi-di-dio\/"},"author":{"name":"pdelama","@id":"https:\/\/www.diocesitn.it\/area-annuncio\/#\/schema\/person\/65154cb45813d674873791b3accc006b"},"headline":"Con gli occhi di Dio","datePublished":"2023-02-01T09:43:07+00:00","dateModified":"2023-02-10T08:36:49+00:00","mainEntityOfPage":{"@id":"https:\/\/www.diocesitn.it\/area-annuncio\/2023\/02\/01\/con-gli-occhi-di-dio\/"},"wordCount":242,"publisher":{"@id":"https:\/\/www.diocesitn.it\/area-annuncio\/#organization"},"image":{"@id":"https:\/\/www.diocesitn.it\/area-annuncio\/2023\/02\/01\/con-gli-occhi-di-dio\/#primaryimage"},"thumbnailUrl":"https:\/\/www.diocesitn.it\/area-annuncio\/wp-content\/uploads\/sites\/39\/2023\/02\/Donna-e-preghiera-scaled.jpg","articleSection":["Area Annuncio e Sacramenti","Notizie"],"inLanguage":"it-IT","copyrightYear":"2023","copyrightHolder":{"@id":"https:\/\/www.diocesitn.it\/#organization"}},{"@type":"WebPage","@id":"https:\/\/www.diocesitn.it\/area-annuncio\/2023\/02\/01\/con-gli-occhi-di-dio\/","url":"https:\/\/www.diocesitn.it\/area-annuncio\/2023\/02\/01\/con-gli-occhi-di-dio\/","name":"Con gli occhi di Dio - Annuncio e Sacramenti - Chiesa di Trento","isPartOf":{"@id":"https:\/\/www.diocesitn.it\/area-annuncio\/#website"},"primaryImageOfPage":{"@id":"https:\/\/www.diocesitn.it\/area-annuncio\/2023\/02\/01\/con-gli-occhi-di-dio\/#primaryimage"},"image":{"@id":"https:\/\/www.diocesitn.it\/area-annuncio\/2023\/02\/01\/con-gli-occhi-di-dio\/#primaryimage"},"thumbnailUrl":"https:\/\/www.diocesitn.it\/area-annuncio\/wp-content\/uploads\/sites\/39\/2023\/02\/Donna-e-preghiera-scaled.jpg","datePublished":"2023-02-01T09:43:07+00:00","dateModified":"2023-02-10T08:36:49+00:00","breadcrumb":{"@id":"https:\/\/www.diocesitn.it\/area-annuncio\/2023\/02\/01\/con-gli-occhi-di-dio\/#breadcrumb"},"inLanguage":"it-IT","potentialAction":[{"@type":"ReadAction","target":["https:\/\/www.diocesitn.it\/area-annuncio\/2023\/02\/01\/con-gli-occhi-di-dio\/"]}]},{"@type":"ImageObject","inLanguage":"it-IT","@id":"https:\/\/www.diocesitn.it\/area-annuncio\/2023\/02\/01\/con-gli-occhi-di-dio\/#primaryimage","url":"https:\/\/www.diocesitn.it\/area-annuncio\/wp-content\/uploads\/sites\/39\/2023\/02\/Donna-e-preghiera-scaled.jpg","contentUrl":"https:\/\/www.diocesitn.it\/area-annuncio\/wp-content\/uploads\/sites\/39\/2023\/02\/Donna-e-preghiera-scaled.jpg","width":2560,"height":1709},{"@type":"BreadcrumbList","@id":"https:\/\/www.diocesitn.it\/area-annuncio\/2023\/02\/01\/con-gli-occhi-di-dio\/#breadcrumb","itemListElement":[{"@type":"ListItem","position":1,"name":"Home","item":"https:\/\/www.diocesitn.it\/area-annuncio\/"},{"@type":"ListItem","position":2,"name":"Con gli occhi di Dio"}]},{"@type":"WebSite","@id":"https:\/\/www.diocesitn.it\/area-annuncio\/#website","url":"https:\/\/www.diocesitn.it\/area-annuncio\/","name":"Annuncio e Sacramenti","description":"Chiesa di Trento","publisher":{"@id":"https:\/\/www.diocesitn.it\/area-annuncio\/#organization"},"potentialAction":[{"@type":"SearchAction","target":{"@type":"EntryPoint","urlTemplate":"https:\/\/www.diocesitn.it\/area-annuncio\/?s={search_term_string}"},"query-input":"required name=search_term_string"}],"inLanguage":"it-IT"},{"@type":["Organization","Place"],"@id":"https:\/\/www.diocesitn.it\/area-annuncio\/#organization","name":"Area Annuncio e Sacramenti - Chiesa di Trento","url":"https:\/\/www.diocesitn.it\/area-annuncio\/","logo":{"@id":"https:\/\/www.diocesitn.it\/area-annuncio\/2023\/02\/01\/con-gli-occhi-di-dio\/#local-main-organization-logo"},"image":{"@id":"https:\/\/www.diocesitn.it\/area-annuncio\/2023\/02\/01\/con-gli-occhi-di-dio\/#local-main-organization-logo"},"sameAs":["https:\/\/www.facebook.com\/pastoralegiovanile.trento\/","https:\/\/www.instagram.com\/pastoralegiovaniletrento\/","https:\/\/www.youtube.com\/channel\/UCGt7hyJaIQIkrQPos4K6L6w"],"openingHoursSpecification":[{"@type":"OpeningHoursSpecification","dayOfWeek":["Monday","Tuesday","Wednesday","Thursday","Friday","Saturday","Sunday"],"opens":"09:00","closes":"17:00"}]},{"@type":"ImageObject","inLanguage":"it-IT","@id":"https:\/\/www.diocesitn.it\/area-annuncio\/2023\/02\/01\/con-gli-occhi-di-dio\/#local-main-organization-logo","url":"https:\/\/www.diocesitn.it\/area-annuncio\/wp-content\/uploads\/sites\/39\/2021\/09\/og-logo-annuncio-e-sacramenti.jpg","contentUrl":"https:\/\/www.diocesitn.it\/area-annuncio\/wp-content\/uploads\/sites\/39\/2021\/09\/og-logo-annuncio-e-sacramenti.jpg","width":1200,"height":630,"caption":"Area Annuncio e Sacramenti - Chiesa di Trento"}]}},"_links":{"self":[{"href":"https:\/\/www.diocesitn.it\/area-annuncio\/wp-json\/wp\/v2\/posts\/17654","targetHints":{"allow":["GET"]}}],"collection":[{"href":"https:\/\/www.diocesitn.it\/area-annuncio\/wp-json\/wp\/v2\/posts"}],"about":[{"href":"https:\/\/www.diocesitn.it\/area-annuncio\/wp-json\/wp\/v2\/types\/post"}],"author":[{"embeddable":true,"href":"https:\/\/www.diocesitn.it\/area-annuncio\/wp-json\/wp\/v2\/users\/31"}],"replies":[{"embeddable":true,"href":"https:\/\/www.diocesitn.it\/area-annuncio\/wp-json\/wp\/v2\/comments?post=17654"}],"version-history":[{"count":3,"href":"https:\/\/www.diocesitn.it\/area-annuncio\/wp-json\/wp\/v2\/posts\/17654\/revisions"}],"predecessor-version":[{"id":17729,"href":"https:\/\/www.diocesitn.it\/area-annuncio\/wp-json\/wp\/v2\/posts\/17654\/revisions\/17729"}],"wp:featuredmedia":[{"embeddable":true,"href":"https:\/\/www.diocesitn.it\/area-annuncio\/wp-json\/wp\/v2\/media\/17657"}],"wp:attachment":[{"href":"https:\/\/www.diocesitn.it\/area-annuncio\/wp-json\/wp\/v2\/media?parent=17654"}],"wp:term":[{"taxonomy":"category","embeddable":true,"href":"https:\/\/www.diocesitn.it\/area-annuncio\/wp-json\/wp\/v2\/categories?post=17654"},{"taxonomy":"post_tag","embeddable":true,"href":"https:\/\/www.diocesitn.it\/area-annuncio\/wp-json\/wp\/v2\/tags?post=17654"}],"curies":[{"name":"wp","href":"https:\/\/api.w.org\/{rel}","templated":true}]}}