{"id":17636,"date":"2023-01-27T08:33:36","date_gmt":"2023-01-27T07:33:36","guid":{"rendered":"https:\/\/www.diocesitn.it\/area-annuncio\/?p=17636"},"modified":"2023-02-10T09:36:27","modified_gmt":"2023-02-10T08:36:27","slug":"l-abc-dei-sacristi-un-vocabolario-per-capirsi","status":"publish","type":"post","link":"https:\/\/www.diocesitn.it\/area-annuncio\/2023\/01\/27\/l-abc-dei-sacristi-un-vocabolario-per-capirsi\/","title":{"rendered":"L&#8217; ABC dei sacristi: un vocabolario per capirsi"},"content":{"rendered":"<p><strong>Gioved\u00ec 9 febbraio 2023 dalle 17.30 alle 19.00 a Baselga di Pin\u00e9 c\/o il Rododendro in via delle Scuole, 8<\/strong> si terr\u00e0 un incontro di formazione e aggiornamento per i sacristi della Diocesi. L&#8217;incontro \u00e8 stato pensato anche per coloro che hanno appena iniziato o pensano di poter collaborare nelle nostre comunit\u00e0 cristiane come sacristi. E&#8217; un ruolo, questo, che nelle nostre parrocchie sta cambiando fisionomia: \u00e8 sempre pi\u00f9 difficile trovare una sola persona che si occupi, come una volta, di tutti i compiti che fanno capo al sacrista; pi\u00f9 facilmente si formano delle \u00e9quipes che si distribuiscono i compiti o che effettuano una turnazione nel servizio. Ci\u00f2 pu\u00f2 comportare anche una frammentazione di comunicazione o differenziazione di approccio al servizio stesso. Particolarmente per coloro che cominciano ad avvicinarsi a questo mondo pu\u00f2 essere difficile solamente<span style=\"font-size: inherit\"> il capirsi sui termini e i nomi che contraddistinguono luoghi, oggetti, vesti sacre ecc. <\/span><strong style=\"font-size: inherit\">L&#8217;incontro vuole aprire una finestra su questo vocabolario molto specializzato cercando nel contempo di capire l&#8217;utilizzo e la conservazione di quanto passa per le mani del sacrista prima, durante e dopo una celebrazione.<\/strong><\/p>\n<p>Guider\u00e0 la serata mons. Lodovico Maule, decano del Capitolo e noto liturgista. L&#8217;incontro verr\u00e0 videoregistrato e messo a disposizione sui canali social dell&#8217;Unione Sacristi e della Diocesi. La partecipazione \u00e8 aperta ai sacristi ed specialmente ai collaboratori che con generosit\u00e0 si sono messi a disposizione da poco tempo nelle nostre comunit\u00e0.<\/p>\n<p>La serata si concluder\u00e0 anche con un incontro conviviale in pizzeria.<\/p>\n<p><strong>Si prega di confermare la propria partecipazione all&#8217;incontro e alla cena entro mercoled\u00ec 1 febbraio 2023 alla Sig.ra Orlandi Maria Pia (0465\/701015 ore 9.00- 12,30 e 13,30 \u2013 15.00).<\/strong><\/p>\n<p>&nbsp;<\/p>\n<p>&nbsp;<\/p>\n<p>&nbsp;<\/p>\n","protected":false},"excerpt":{"rendered":"<p>Gioved\u00ec 9 febbraio 2023 dalle 17.30 alle 19.00 a Baselga di Pin\u00e9 c\/o il Rododendro in via delle Scuole, 8 si terr\u00e0 un incontro di formazione e aggiornamento per i sacristi della Diocesi. L&#8217;incontro \u00e8<\/p>\n","protected":false},"author":31,"featured_media":17637,"comment_status":"closed","ping_status":"closed","sticky":false,"template":"","format":"standard","meta":{"footnotes":""},"categories":[693,608],"tags":[],"class_list":["post-17636","post","type-post","status-publish","format-standard","has-post-thumbnail","hentry","category-servizio-liturgico","category-notizie"],"acf":{"seed-localization-paese-cod":"IT","seed-localization-address":"","seed-localization-citta":"Trento","seed-localization-regione-cod-istat":"04","seed-localization-citta-cod-istat":"022205","seed-localization-localita":"","seed-localization-cap":"","seed-localization-marker-visibility":false,"seed-localization-children-visibility":false,"seed-localization-kml":"","seed-localization-custom-marker":""},"yoast_head":"<!-- This site is optimized with the Yoast SEO Premium plugin v20.2.1 (Yoast SEO v22.2) - https:\/\/yoast.com\/wordpress\/plugins\/seo\/ -->\n<title>L&#039; ABC dei sacristi: un vocabolario per capirsi - Annuncio e Sacramenti - Chiesa di Trento<\/title>\n<meta name=\"robots\" content=\"index, follow, max-snippet:-1, max-image-preview:large, max-video-preview:-1\" \/>\n<link rel=\"canonical\" href=\"https:\/\/www.diocesitn.it\/area-annuncio\/2023\/01\/27\/l-abc-dei-sacristi-un-vocabolario-per-capirsi\/\" \/>\n<meta property=\"og:locale\" content=\"it_IT\" \/>\n<meta property=\"og:type\" content=\"article\" \/>\n<meta property=\"og:title\" content=\"L&#039; ABC dei sacristi: un vocabolario per capirsi\" \/>\n<meta property=\"og:description\" content=\"Gioved\u00ec 9 febbraio 2023 dalle 17.30 alle 19.00 a Baselga di Pin\u00e9 c\/o il Rododendro in via delle Scuole, 8 si terr\u00e0 un incontro di formazione e aggiornamento per i sacristi della Diocesi. L&#8217;incontro \u00e8\" \/>\n<meta property=\"og:url\" content=\"https:\/\/www.diocesitn.it\/area-annuncio\/2023\/01\/27\/l-abc-dei-sacristi-un-vocabolario-per-capirsi\/\" \/>\n<meta property=\"og:site_name\" content=\"Annuncio e Sacramenti\" \/>\n<meta property=\"article:publisher\" content=\"https:\/\/www.facebook.com\/pastoralegiovanile.trento\/\" \/>\n<meta property=\"article:published_time\" content=\"2023-01-27T07:33:36+00:00\" \/>\n<meta property=\"article:modified_time\" content=\"2023-02-10T08:36:27+00:00\" \/>\n<meta property=\"og:image\" content=\"https:\/\/www.diocesitn.it\/area-annuncio\/wp-content\/uploads\/sites\/39\/2023\/01\/Turibolo.jpeg\" \/>\n\t<meta property=\"og:image:width\" content=\"1080\" \/>\n\t<meta property=\"og:image:height\" content=\"720\" \/>\n\t<meta property=\"og:image:type\" content=\"image\/jpeg\" \/>\n<meta name=\"author\" content=\"pdelama\" \/>\n<meta name=\"twitter:card\" content=\"summary_large_image\" \/>\n<meta name=\"twitter:label1\" content=\"Scritto da\" \/>\n\t<meta name=\"twitter:data1\" content=\"pdelama\" \/>\n\t<meta name=\"twitter:label2\" content=\"Tempo di lettura stimato\" \/>\n\t<meta name=\"twitter:data2\" content=\"1 minuto\" \/>\n<script type=\"application\/ld+json\" class=\"yoast-schema-graph\">{\"@context\":\"https:\/\/schema.org\",\"@graph\":[{\"@type\":\"Article\",\"@id\":\"https:\/\/www.diocesitn.it\/area-annuncio\/2023\/01\/27\/l-abc-dei-sacristi-un-vocabolario-per-capirsi\/#article\",\"isPartOf\":{\"@id\":\"https:\/\/www.diocesitn.it\/area-annuncio\/2023\/01\/27\/l-abc-dei-sacristi-un-vocabolario-per-capirsi\/\"},\"author\":{\"name\":\"pdelama\",\"@id\":\"https:\/\/www.diocesitn.it\/area-annuncio\/#\/schema\/person\/65154cb45813d674873791b3accc006b\"},\"headline\":\"L&#8217; ABC dei sacristi: un vocabolario per capirsi\",\"datePublished\":\"2023-01-27T07:33:36+00:00\",\"dateModified\":\"2023-02-10T08:36:27+00:00\",\"mainEntityOfPage\":{\"@id\":\"https:\/\/www.diocesitn.it\/area-annuncio\/2023\/01\/27\/l-abc-dei-sacristi-un-vocabolario-per-capirsi\/\"},\"wordCount\":272,\"publisher\":{\"@id\":\"https:\/\/www.diocesitn.it\/area-annuncio\/#organization\"},\"image\":{\"@id\":\"https:\/\/www.diocesitn.it\/area-annuncio\/2023\/01\/27\/l-abc-dei-sacristi-un-vocabolario-per-capirsi\/#primaryimage\"},\"thumbnailUrl\":\"https:\/\/www.diocesitn.it\/area-annuncio\/wp-content\/uploads\/sites\/39\/2023\/01\/Turibolo.jpeg\",\"articleSection\":[\"Liturgia\",\"Notizie\"],\"inLanguage\":\"it-IT\",\"copyrightYear\":\"2023\",\"copyrightHolder\":{\"@id\":\"https:\/\/www.diocesitn.it\/#organization\"}},{\"@type\":\"WebPage\",\"@id\":\"https:\/\/www.diocesitn.it\/area-annuncio\/2023\/01\/27\/l-abc-dei-sacristi-un-vocabolario-per-capirsi\/\",\"url\":\"https:\/\/www.diocesitn.it\/area-annuncio\/2023\/01\/27\/l-abc-dei-sacristi-un-vocabolario-per-capirsi\/\",\"name\":\"L' ABC dei sacristi: un vocabolario per capirsi - Annuncio e Sacramenti - Chiesa di Trento\",\"isPartOf\":{\"@id\":\"https:\/\/www.diocesitn.it\/area-annuncio\/#website\"},\"primaryImageOfPage\":{\"@id\":\"https:\/\/www.diocesitn.it\/area-annuncio\/2023\/01\/27\/l-abc-dei-sacristi-un-vocabolario-per-capirsi\/#primaryimage\"},\"image\":{\"@id\":\"https:\/\/www.diocesitn.it\/area-annuncio\/2023\/01\/27\/l-abc-dei-sacristi-un-vocabolario-per-capirsi\/#primaryimage\"},\"thumbnailUrl\":\"https:\/\/www.diocesitn.it\/area-annuncio\/wp-content\/uploads\/sites\/39\/2023\/01\/Turibolo.jpeg\",\"datePublished\":\"2023-01-27T07:33:36+00:00\",\"dateModified\":\"2023-02-10T08:36:27+00:00\",\"breadcrumb\":{\"@id\":\"https:\/\/www.diocesitn.it\/area-annuncio\/2023\/01\/27\/l-abc-dei-sacristi-un-vocabolario-per-capirsi\/#breadcrumb\"},\"inLanguage\":\"it-IT\",\"potentialAction\":[{\"@type\":\"ReadAction\",\"target\":[\"https:\/\/www.diocesitn.it\/area-annuncio\/2023\/01\/27\/l-abc-dei-sacristi-un-vocabolario-per-capirsi\/\"]}]},{\"@type\":\"ImageObject\",\"inLanguage\":\"it-IT\",\"@id\":\"https:\/\/www.diocesitn.it\/area-annuncio\/2023\/01\/27\/l-abc-dei-sacristi-un-vocabolario-per-capirsi\/#primaryimage\",\"url\":\"https:\/\/www.diocesitn.it\/area-annuncio\/wp-content\/uploads\/sites\/39\/2023\/01\/Turibolo.jpeg\",\"contentUrl\":\"https:\/\/www.diocesitn.it\/area-annuncio\/wp-content\/uploads\/sites\/39\/2023\/01\/Turibolo.jpeg\",\"width\":1080,\"height\":720},{\"@type\":\"BreadcrumbList\",\"@id\":\"https:\/\/www.diocesitn.it\/area-annuncio\/2023\/01\/27\/l-abc-dei-sacristi-un-vocabolario-per-capirsi\/#breadcrumb\",\"itemListElement\":[{\"@type\":\"ListItem\",\"position\":1,\"name\":\"Home\",\"item\":\"https:\/\/www.diocesitn.it\/area-annuncio\/\"},{\"@type\":\"ListItem\",\"position\":2,\"name\":\"L&#8217; ABC dei sacristi: un vocabolario per capirsi\"}]},{\"@type\":\"WebSite\",\"@id\":\"https:\/\/www.diocesitn.it\/area-annuncio\/#website\",\"url\":\"https:\/\/www.diocesitn.it\/area-annuncio\/\",\"name\":\"Annuncio e Sacramenti\",\"description\":\"Chiesa di Trento\",\"publisher\":{\"@id\":\"https:\/\/www.diocesitn.it\/area-annuncio\/#organization\"},\"potentialAction\":[{\"@type\":\"SearchAction\",\"target\":{\"@type\":\"EntryPoint\",\"urlTemplate\":\"https:\/\/www.diocesitn.it\/area-annuncio\/?s={search_term_string}\"},\"query-input\":\"required name=search_term_string\"}],\"inLanguage\":\"it-IT\"},{\"@type\":[\"Organization\",\"Place\"],\"@id\":\"https:\/\/www.diocesitn.it\/area-annuncio\/#organization\",\"name\":\"Area Annuncio e Sacramenti - Chiesa di Trento\",\"url\":\"https:\/\/www.diocesitn.it\/area-annuncio\/\",\"logo\":{\"@id\":\"https:\/\/www.diocesitn.it\/area-annuncio\/2023\/01\/27\/l-abc-dei-sacristi-un-vocabolario-per-capirsi\/#local-main-organization-logo\"},\"image\":{\"@id\":\"https:\/\/www.diocesitn.it\/area-annuncio\/2023\/01\/27\/l-abc-dei-sacristi-un-vocabolario-per-capirsi\/#local-main-organization-logo\"},\"sameAs\":[\"https:\/\/www.facebook.com\/pastoralegiovanile.trento\/\",\"https:\/\/www.instagram.com\/pastoralegiovaniletrento\/\",\"https:\/\/www.youtube.com\/channel\/UCGt7hyJaIQIkrQPos4K6L6w\"],\"openingHoursSpecification\":[{\"@type\":\"OpeningHoursSpecification\",\"dayOfWeek\":[\"Monday\",\"Tuesday\",\"Wednesday\",\"Thursday\",\"Friday\",\"Saturday\",\"Sunday\"],\"opens\":\"09:00\",\"closes\":\"17:00\"}]},{\"@type\":\"ImageObject\",\"inLanguage\":\"it-IT\",\"@id\":\"https:\/\/www.diocesitn.it\/area-annuncio\/2023\/01\/27\/l-abc-dei-sacristi-un-vocabolario-per-capirsi\/#local-main-organization-logo\",\"url\":\"https:\/\/www.diocesitn.it\/area-annuncio\/wp-content\/uploads\/sites\/39\/2021\/09\/og-logo-annuncio-e-sacramenti.jpg\",\"contentUrl\":\"https:\/\/www.diocesitn.it\/area-annuncio\/wp-content\/uploads\/sites\/39\/2021\/09\/og-logo-annuncio-e-sacramenti.jpg\",\"width\":1200,\"height\":630,\"caption\":\"Area Annuncio e Sacramenti - Chiesa di Trento\"}]}<\/script>\n<!-- \/ Yoast SEO Premium plugin. -->","yoast_head_json":{"title":"L' ABC dei sacristi: un vocabolario per capirsi - Annuncio e Sacramenti - Chiesa di Trento","robots":{"index":"index","follow":"follow","max-snippet":"max-snippet:-1","max-image-preview":"max-image-preview:large","max-video-preview":"max-video-preview:-1"},"canonical":"https:\/\/www.diocesitn.it\/area-annuncio\/2023\/01\/27\/l-abc-dei-sacristi-un-vocabolario-per-capirsi\/","og_locale":"it_IT","og_type":"article","og_title":"L' ABC dei sacristi: un vocabolario per capirsi","og_description":"Gioved\u00ec 9 febbraio 2023 dalle 17.30 alle 19.00 a Baselga di Pin\u00e9 c\/o il Rododendro in via delle Scuole, 8 si terr\u00e0 un incontro di formazione e aggiornamento per i sacristi della Diocesi. L&#8217;incontro \u00e8","og_url":"https:\/\/www.diocesitn.it\/area-annuncio\/2023\/01\/27\/l-abc-dei-sacristi-un-vocabolario-per-capirsi\/","og_site_name":"Annuncio e Sacramenti","article_publisher":"https:\/\/www.facebook.com\/pastoralegiovanile.trento\/","article_published_time":"2023-01-27T07:33:36+00:00","article_modified_time":"2023-02-10T08:36:27+00:00","og_image":[{"width":1080,"height":720,"url":"https:\/\/www.diocesitn.it\/area-annuncio\/wp-content\/uploads\/sites\/39\/2023\/01\/Turibolo.jpeg","type":"image\/jpeg"}],"author":"pdelama","twitter_card":"summary_large_image","twitter_misc":{"Scritto da":"pdelama","Tempo di lettura stimato":"1 minuto"},"schema":{"@context":"https:\/\/schema.org","@graph":[{"@type":"Article","@id":"https:\/\/www.diocesitn.it\/area-annuncio\/2023\/01\/27\/l-abc-dei-sacristi-un-vocabolario-per-capirsi\/#article","isPartOf":{"@id":"https:\/\/www.diocesitn.it\/area-annuncio\/2023\/01\/27\/l-abc-dei-sacristi-un-vocabolario-per-capirsi\/"},"author":{"name":"pdelama","@id":"https:\/\/www.diocesitn.it\/area-annuncio\/#\/schema\/person\/65154cb45813d674873791b3accc006b"},"headline":"L&#8217; ABC dei sacristi: un vocabolario per capirsi","datePublished":"2023-01-27T07:33:36+00:00","dateModified":"2023-02-10T08:36:27+00:00","mainEntityOfPage":{"@id":"https:\/\/www.diocesitn.it\/area-annuncio\/2023\/01\/27\/l-abc-dei-sacristi-un-vocabolario-per-capirsi\/"},"wordCount":272,"publisher":{"@id":"https:\/\/www.diocesitn.it\/area-annuncio\/#organization"},"image":{"@id":"https:\/\/www.diocesitn.it\/area-annuncio\/2023\/01\/27\/l-abc-dei-sacristi-un-vocabolario-per-capirsi\/#primaryimage"},"thumbnailUrl":"https:\/\/www.diocesitn.it\/area-annuncio\/wp-content\/uploads\/sites\/39\/2023\/01\/Turibolo.jpeg","articleSection":["Liturgia","Notizie"],"inLanguage":"it-IT","copyrightYear":"2023","copyrightHolder":{"@id":"https:\/\/www.diocesitn.it\/#organization"}},{"@type":"WebPage","@id":"https:\/\/www.diocesitn.it\/area-annuncio\/2023\/01\/27\/l-abc-dei-sacristi-un-vocabolario-per-capirsi\/","url":"https:\/\/www.diocesitn.it\/area-annuncio\/2023\/01\/27\/l-abc-dei-sacristi-un-vocabolario-per-capirsi\/","name":"L' ABC dei sacristi: un vocabolario per capirsi - Annuncio e Sacramenti - Chiesa di Trento","isPartOf":{"@id":"https:\/\/www.diocesitn.it\/area-annuncio\/#website"},"primaryImageOfPage":{"@id":"https:\/\/www.diocesitn.it\/area-annuncio\/2023\/01\/27\/l-abc-dei-sacristi-un-vocabolario-per-capirsi\/#primaryimage"},"image":{"@id":"https:\/\/www.diocesitn.it\/area-annuncio\/2023\/01\/27\/l-abc-dei-sacristi-un-vocabolario-per-capirsi\/#primaryimage"},"thumbnailUrl":"https:\/\/www.diocesitn.it\/area-annuncio\/wp-content\/uploads\/sites\/39\/2023\/01\/Turibolo.jpeg","datePublished":"2023-01-27T07:33:36+00:00","dateModified":"2023-02-10T08:36:27+00:00","breadcrumb":{"@id":"https:\/\/www.diocesitn.it\/area-annuncio\/2023\/01\/27\/l-abc-dei-sacristi-un-vocabolario-per-capirsi\/#breadcrumb"},"inLanguage":"it-IT","potentialAction":[{"@type":"ReadAction","target":["https:\/\/www.diocesitn.it\/area-annuncio\/2023\/01\/27\/l-abc-dei-sacristi-un-vocabolario-per-capirsi\/"]}]},{"@type":"ImageObject","inLanguage":"it-IT","@id":"https:\/\/www.diocesitn.it\/area-annuncio\/2023\/01\/27\/l-abc-dei-sacristi-un-vocabolario-per-capirsi\/#primaryimage","url":"https:\/\/www.diocesitn.it\/area-annuncio\/wp-content\/uploads\/sites\/39\/2023\/01\/Turibolo.jpeg","contentUrl":"https:\/\/www.diocesitn.it\/area-annuncio\/wp-content\/uploads\/sites\/39\/2023\/01\/Turibolo.jpeg","width":1080,"height":720},{"@type":"BreadcrumbList","@id":"https:\/\/www.diocesitn.it\/area-annuncio\/2023\/01\/27\/l-abc-dei-sacristi-un-vocabolario-per-capirsi\/#breadcrumb","itemListElement":[{"@type":"ListItem","position":1,"name":"Home","item":"https:\/\/www.diocesitn.it\/area-annuncio\/"},{"@type":"ListItem","position":2,"name":"L&#8217; ABC dei sacristi: un vocabolario per capirsi"}]},{"@type":"WebSite","@id":"https:\/\/www.diocesitn.it\/area-annuncio\/#website","url":"https:\/\/www.diocesitn.it\/area-annuncio\/","name":"Annuncio e Sacramenti","description":"Chiesa di Trento","publisher":{"@id":"https:\/\/www.diocesitn.it\/area-annuncio\/#organization"},"potentialAction":[{"@type":"SearchAction","target":{"@type":"EntryPoint","urlTemplate":"https:\/\/www.diocesitn.it\/area-annuncio\/?s={search_term_string}"},"query-input":"required name=search_term_string"}],"inLanguage":"it-IT"},{"@type":["Organization","Place"],"@id":"https:\/\/www.diocesitn.it\/area-annuncio\/#organization","name":"Area Annuncio e Sacramenti - Chiesa di Trento","url":"https:\/\/www.diocesitn.it\/area-annuncio\/","logo":{"@id":"https:\/\/www.diocesitn.it\/area-annuncio\/2023\/01\/27\/l-abc-dei-sacristi-un-vocabolario-per-capirsi\/#local-main-organization-logo"},"image":{"@id":"https:\/\/www.diocesitn.it\/area-annuncio\/2023\/01\/27\/l-abc-dei-sacristi-un-vocabolario-per-capirsi\/#local-main-organization-logo"},"sameAs":["https:\/\/www.facebook.com\/pastoralegiovanile.trento\/","https:\/\/www.instagram.com\/pastoralegiovaniletrento\/","https:\/\/www.youtube.com\/channel\/UCGt7hyJaIQIkrQPos4K6L6w"],"openingHoursSpecification":[{"@type":"OpeningHoursSpecification","dayOfWeek":["Monday","Tuesday","Wednesday","Thursday","Friday","Saturday","Sunday"],"opens":"09:00","closes":"17:00"}]},{"@type":"ImageObject","inLanguage":"it-IT","@id":"https:\/\/www.diocesitn.it\/area-annuncio\/2023\/01\/27\/l-abc-dei-sacristi-un-vocabolario-per-capirsi\/#local-main-organization-logo","url":"https:\/\/www.diocesitn.it\/area-annuncio\/wp-content\/uploads\/sites\/39\/2021\/09\/og-logo-annuncio-e-sacramenti.jpg","contentUrl":"https:\/\/www.diocesitn.it\/area-annuncio\/wp-content\/uploads\/sites\/39\/2021\/09\/og-logo-annuncio-e-sacramenti.jpg","width":1200,"height":630,"caption":"Area Annuncio e Sacramenti - Chiesa di Trento"}]}},"_links":{"self":[{"href":"https:\/\/www.diocesitn.it\/area-annuncio\/wp-json\/wp\/v2\/posts\/17636","targetHints":{"allow":["GET"]}}],"collection":[{"href":"https:\/\/www.diocesitn.it\/area-annuncio\/wp-json\/wp\/v2\/posts"}],"about":[{"href":"https:\/\/www.diocesitn.it\/area-annuncio\/wp-json\/wp\/v2\/types\/post"}],"author":[{"embeddable":true,"href":"https:\/\/www.diocesitn.it\/area-annuncio\/wp-json\/wp\/v2\/users\/31"}],"replies":[{"embeddable":true,"href":"https:\/\/www.diocesitn.it\/area-annuncio\/wp-json\/wp\/v2\/comments?post=17636"}],"version-history":[{"count":3,"href":"https:\/\/www.diocesitn.it\/area-annuncio\/wp-json\/wp\/v2\/posts\/17636\/revisions"}],"predecessor-version":[{"id":17645,"href":"https:\/\/www.diocesitn.it\/area-annuncio\/wp-json\/wp\/v2\/posts\/17636\/revisions\/17645"}],"wp:featuredmedia":[{"embeddable":true,"href":"https:\/\/www.diocesitn.it\/area-annuncio\/wp-json\/wp\/v2\/media\/17637"}],"wp:attachment":[{"href":"https:\/\/www.diocesitn.it\/area-annuncio\/wp-json\/wp\/v2\/media?parent=17636"}],"wp:term":[{"taxonomy":"category","embeddable":true,"href":"https:\/\/www.diocesitn.it\/area-annuncio\/wp-json\/wp\/v2\/categories?post=17636"},{"taxonomy":"post_tag","embeddable":true,"href":"https:\/\/www.diocesitn.it\/area-annuncio\/wp-json\/wp\/v2\/tags?post=17636"}],"curies":[{"name":"wp","href":"https:\/\/api.w.org\/{rel}","templated":true}]}}