{"id":17176,"date":"2022-12-19T09:36:31","date_gmt":"2022-12-19T08:36:31","guid":{"rendered":"https:\/\/www.diocesitn.it\/area-annuncio\/?p=17176"},"modified":"2023-01-30T09:14:26","modified_gmt":"2023-01-30T08:14:26","slug":"esercizi-spirituali-2023","status":"publish","type":"post","link":"https:\/\/www.diocesitn.it\/area-annuncio\/2022\/12\/19\/esercizi-spirituali-2023\/","title":{"rendered":"Esercizi spirituali per famiglie 27-28-29 gennaio 2023 Castelfondo"},"content":{"rendered":"<p>Il Servizio Famiglia propone un fine settimana di esercizi spirituali per famiglie <strong>\u201cSguardi di vita. \u00abI miei occhi hanno visto&#8230;(LC 2,30)\u00bb\u201d<\/strong> con <strong>don Daniele e i coniugi Jessica e Marco<\/strong> dalla <strong>sera di venerd\u00ec 27 al pomeriggio di domenica 29 gennaio 2023 <\/strong>presso l&#8217;Ostello Madonna della Neve di Castelfondo.<\/p>\n<p>La struttura che ci ospiter\u00e0 non fa trattamento alberghiero ma il Servizio Famiglie garantisce il servizio pasti e pulizia. Per il pernottamento \u00e8 necessario portare lenzuola o sacco a pelo (pi\u00f9 coprimaterasso e federa).<\/p>\n<p>Il costo del soggiorno \u00e8 di \u20ac 200,00 a famiglia.<\/p>\n<p>Vogliamo che l&#8217;aspetto economico non sia un impedimento, se necessario contattare il Servizio Famiglia 342-862.78.42 mail: <a href=\"mailto:famiglia@diocesitn.it\" target=\"_blank\" rel=\"noopener\">famiglia@diocesitn.it<\/a><\/p>\n<p>Sar\u00e0\u00a0 garantita l&#8217;animazione dei figli; al momento dell&#8217;iscrizione dovr\u00e0 essere indicata la loro et\u00e0. Sar\u00e0 possibile partecipare <strong>solo in presenza.<\/strong><\/p>\n<p>Le iscrizioni sono chiuse. Chi volesse partecipare pu\u00f2 contattare il numero 342-862.78.42 per verificare se ci sono ancora posti disponibili.<\/p>\n<p style=\"text-align: right\"><a href=\"https:\/\/www.diocesitn.it\/area-annuncio\/wp-content\/uploads\/sites\/39\/2022\/12\/Volantino-def.pdf\" target=\"_blank\" rel=\"noopener\">Volantino<\/a><\/p>\n<p>&nbsp;<\/p>\n","protected":false},"excerpt":{"rendered":"<p>Il Servizio Famiglia propone un fine settimana di esercizi spirituali per famiglie \u201cSguardi di vita. \u00abI miei occhi hanno visto&#8230;(LC 2,30)\u00bb\u201d con don Daniele e i coniugi Jessica e Marco dalla sera di venerd\u00ec 27<\/p>\n","protected":false},"author":14,"featured_media":17182,"comment_status":"closed","ping_status":"closed","sticky":false,"template":"","format":"standard","meta":{"footnotes":""},"categories":[642,608],"tags":[],"class_list":["post-17176","post","type-post","status-publish","format-standard","has-post-thumbnail","hentry","category-servizio-famiglia","category-notizie"],"acf":{"seed-localization-paese-cod":"IT","seed-localization-address":"","seed-localization-citta":"Trento","seed-localization-regione-cod-istat":"04","seed-localization-citta-cod-istat":"022205","seed-localization-localita":"","seed-localization-cap":"","seed-localization-marker-visibility":false,"seed-localization-children-visibility":false,"seed-localization-kml":"","seed-localization-custom-marker":""},"yoast_head":"<!-- This site is optimized with the Yoast SEO Premium plugin v20.2.1 (Yoast SEO v22.2) - https:\/\/yoast.com\/wordpress\/plugins\/seo\/ -->\n<title>Esercizi spirituali per famiglie 27-28-29 gennaio 2023 Castelfondo - Annuncio e Sacramenti - Chiesa di Trento<\/title>\n<meta name=\"robots\" content=\"index, follow, max-snippet:-1, max-image-preview:large, max-video-preview:-1\" \/>\n<link rel=\"canonical\" href=\"https:\/\/www.diocesitn.it\/area-annuncio\/2022\/12\/19\/esercizi-spirituali-2023\/\" \/>\n<meta property=\"og:locale\" content=\"it_IT\" \/>\n<meta property=\"og:type\" content=\"article\" \/>\n<meta property=\"og:title\" content=\"Esercizi spirituali per famiglie 27-28-29 gennaio 2023 Castelfondo\" \/>\n<meta property=\"og:description\" content=\"Il Servizio Famiglia propone un fine settimana di esercizi spirituali per famiglie \u201cSguardi di vita. \u00abI miei occhi hanno visto&#8230;(LC 2,30)\u00bb\u201d con don Daniele e i coniugi Jessica e Marco dalla sera di venerd\u00ec 27\" \/>\n<meta property=\"og:url\" content=\"https:\/\/www.diocesitn.it\/area-annuncio\/2022\/12\/19\/esercizi-spirituali-2023\/\" \/>\n<meta property=\"og:site_name\" content=\"Annuncio e Sacramenti\" \/>\n<meta property=\"article:publisher\" content=\"https:\/\/www.facebook.com\/pastoralegiovanile.trento\/\" \/>\n<meta property=\"article:published_time\" content=\"2022-12-19T08:36:31+00:00\" \/>\n<meta property=\"article:modified_time\" content=\"2023-01-30T08:14:26+00:00\" \/>\n<meta property=\"og:image\" content=\"https:\/\/www.diocesitn.it\/area-annuncio\/wp-content\/uploads\/sites\/39\/2022\/12\/Immagine1.jpg\" \/>\n\t<meta property=\"og:image:width\" content=\"938\" \/>\n\t<meta property=\"og:image:height\" content=\"625\" \/>\n\t<meta property=\"og:image:type\" content=\"image\/jpeg\" \/>\n<meta name=\"author\" content=\"travanelli\" \/>\n<meta name=\"twitter:card\" content=\"summary_large_image\" \/>\n<meta name=\"twitter:label1\" content=\"Scritto da\" \/>\n\t<meta name=\"twitter:data1\" content=\"travanelli\" \/>\n\t<meta name=\"twitter:label2\" content=\"Tempo di lettura stimato\" \/>\n\t<meta name=\"twitter:data2\" content=\"1 minuto\" \/>\n<script type=\"application\/ld+json\" class=\"yoast-schema-graph\">{\"@context\":\"https:\/\/schema.org\",\"@graph\":[{\"@type\":\"Article\",\"@id\":\"https:\/\/www.diocesitn.it\/area-annuncio\/2022\/12\/19\/esercizi-spirituali-2023\/#article\",\"isPartOf\":{\"@id\":\"https:\/\/www.diocesitn.it\/area-annuncio\/2022\/12\/19\/esercizi-spirituali-2023\/\"},\"author\":{\"name\":\"travanelli\",\"@id\":\"https:\/\/www.diocesitn.it\/area-annuncio\/#\/schema\/person\/55912816e02fae9c8b1fde79ff8e6be2\"},\"headline\":\"Esercizi spirituali per famiglie 27-28-29 gennaio 2023 Castelfondo\",\"datePublished\":\"2022-12-19T08:36:31+00:00\",\"dateModified\":\"2023-01-30T08:14:26+00:00\",\"mainEntityOfPage\":{\"@id\":\"https:\/\/www.diocesitn.it\/area-annuncio\/2022\/12\/19\/esercizi-spirituali-2023\/\"},\"wordCount\":155,\"publisher\":{\"@id\":\"https:\/\/www.diocesitn.it\/area-annuncio\/#organization\"},\"image\":{\"@id\":\"https:\/\/www.diocesitn.it\/area-annuncio\/2022\/12\/19\/esercizi-spirituali-2023\/#primaryimage\"},\"thumbnailUrl\":\"https:\/\/www.diocesitn.it\/area-annuncio\/wp-content\/uploads\/sites\/39\/2022\/12\/Immagine1.jpg\",\"articleSection\":[\"Famiglia\",\"Notizie\"],\"inLanguage\":\"it-IT\",\"copyrightYear\":\"2022\",\"copyrightHolder\":{\"@id\":\"https:\/\/www.diocesitn.it\/#organization\"}},{\"@type\":\"WebPage\",\"@id\":\"https:\/\/www.diocesitn.it\/area-annuncio\/2022\/12\/19\/esercizi-spirituali-2023\/\",\"url\":\"https:\/\/www.diocesitn.it\/area-annuncio\/2022\/12\/19\/esercizi-spirituali-2023\/\",\"name\":\"Esercizi spirituali per famiglie 27-28-29 gennaio 2023 Castelfondo - Annuncio e Sacramenti - Chiesa di Trento\",\"isPartOf\":{\"@id\":\"https:\/\/www.diocesitn.it\/area-annuncio\/#website\"},\"primaryImageOfPage\":{\"@id\":\"https:\/\/www.diocesitn.it\/area-annuncio\/2022\/12\/19\/esercizi-spirituali-2023\/#primaryimage\"},\"image\":{\"@id\":\"https:\/\/www.diocesitn.it\/area-annuncio\/2022\/12\/19\/esercizi-spirituali-2023\/#primaryimage\"},\"thumbnailUrl\":\"https:\/\/www.diocesitn.it\/area-annuncio\/wp-content\/uploads\/sites\/39\/2022\/12\/Immagine1.jpg\",\"datePublished\":\"2022-12-19T08:36:31+00:00\",\"dateModified\":\"2023-01-30T08:14:26+00:00\",\"breadcrumb\":{\"@id\":\"https:\/\/www.diocesitn.it\/area-annuncio\/2022\/12\/19\/esercizi-spirituali-2023\/#breadcrumb\"},\"inLanguage\":\"it-IT\",\"potentialAction\":[{\"@type\":\"ReadAction\",\"target\":[\"https:\/\/www.diocesitn.it\/area-annuncio\/2022\/12\/19\/esercizi-spirituali-2023\/\"]}]},{\"@type\":\"ImageObject\",\"inLanguage\":\"it-IT\",\"@id\":\"https:\/\/www.diocesitn.it\/area-annuncio\/2022\/12\/19\/esercizi-spirituali-2023\/#primaryimage\",\"url\":\"https:\/\/www.diocesitn.it\/area-annuncio\/wp-content\/uploads\/sites\/39\/2022\/12\/Immagine1.jpg\",\"contentUrl\":\"https:\/\/www.diocesitn.it\/area-annuncio\/wp-content\/uploads\/sites\/39\/2022\/12\/Immagine1.jpg\",\"width\":938,\"height\":625},{\"@type\":\"BreadcrumbList\",\"@id\":\"https:\/\/www.diocesitn.it\/area-annuncio\/2022\/12\/19\/esercizi-spirituali-2023\/#breadcrumb\",\"itemListElement\":[{\"@type\":\"ListItem\",\"position\":1,\"name\":\"Home\",\"item\":\"https:\/\/www.diocesitn.it\/area-annuncio\/\"},{\"@type\":\"ListItem\",\"position\":2,\"name\":\"Esercizi spirituali per famiglie 27-28-29 gennaio 2023 Castelfondo\"}]},{\"@type\":\"WebSite\",\"@id\":\"https:\/\/www.diocesitn.it\/area-annuncio\/#website\",\"url\":\"https:\/\/www.diocesitn.it\/area-annuncio\/\",\"name\":\"Annuncio e Sacramenti\",\"description\":\"Chiesa di Trento\",\"publisher\":{\"@id\":\"https:\/\/www.diocesitn.it\/area-annuncio\/#organization\"},\"potentialAction\":[{\"@type\":\"SearchAction\",\"target\":{\"@type\":\"EntryPoint\",\"urlTemplate\":\"https:\/\/www.diocesitn.it\/area-annuncio\/?s={search_term_string}\"},\"query-input\":\"required name=search_term_string\"}],\"inLanguage\":\"it-IT\"},{\"@type\":[\"Organization\",\"Place\"],\"@id\":\"https:\/\/www.diocesitn.it\/area-annuncio\/#organization\",\"name\":\"Area Annuncio e Sacramenti - Chiesa di Trento\",\"url\":\"https:\/\/www.diocesitn.it\/area-annuncio\/\",\"logo\":{\"@id\":\"https:\/\/www.diocesitn.it\/area-annuncio\/2022\/12\/19\/esercizi-spirituali-2023\/#local-main-organization-logo\"},\"image\":{\"@id\":\"https:\/\/www.diocesitn.it\/area-annuncio\/2022\/12\/19\/esercizi-spirituali-2023\/#local-main-organization-logo\"},\"sameAs\":[\"https:\/\/www.facebook.com\/pastoralegiovanile.trento\/\",\"https:\/\/www.instagram.com\/pastoralegiovaniletrento\/\",\"https:\/\/www.youtube.com\/channel\/UCGt7hyJaIQIkrQPos4K6L6w\"],\"openingHoursSpecification\":[{\"@type\":\"OpeningHoursSpecification\",\"dayOfWeek\":[\"Monday\",\"Tuesday\",\"Wednesday\",\"Thursday\",\"Friday\",\"Saturday\",\"Sunday\"],\"opens\":\"09:00\",\"closes\":\"17:00\"}]},{\"@type\":\"ImageObject\",\"inLanguage\":\"it-IT\",\"@id\":\"https:\/\/www.diocesitn.it\/area-annuncio\/2022\/12\/19\/esercizi-spirituali-2023\/#local-main-organization-logo\",\"url\":\"https:\/\/www.diocesitn.it\/area-annuncio\/wp-content\/uploads\/sites\/39\/2021\/09\/og-logo-annuncio-e-sacramenti.jpg\",\"contentUrl\":\"https:\/\/www.diocesitn.it\/area-annuncio\/wp-content\/uploads\/sites\/39\/2021\/09\/og-logo-annuncio-e-sacramenti.jpg\",\"width\":1200,\"height\":630,\"caption\":\"Area Annuncio e Sacramenti - Chiesa di Trento\"}]}<\/script>\n<!-- \/ Yoast SEO Premium plugin. -->","yoast_head_json":{"title":"Esercizi spirituali per famiglie 27-28-29 gennaio 2023 Castelfondo - Annuncio e Sacramenti - Chiesa di Trento","robots":{"index":"index","follow":"follow","max-snippet":"max-snippet:-1","max-image-preview":"max-image-preview:large","max-video-preview":"max-video-preview:-1"},"canonical":"https:\/\/www.diocesitn.it\/area-annuncio\/2022\/12\/19\/esercizi-spirituali-2023\/","og_locale":"it_IT","og_type":"article","og_title":"Esercizi spirituali per famiglie 27-28-29 gennaio 2023 Castelfondo","og_description":"Il Servizio Famiglia propone un fine settimana di esercizi spirituali per famiglie \u201cSguardi di vita. \u00abI miei occhi hanno visto&#8230;(LC 2,30)\u00bb\u201d con don Daniele e i coniugi Jessica e Marco dalla sera di venerd\u00ec 27","og_url":"https:\/\/www.diocesitn.it\/area-annuncio\/2022\/12\/19\/esercizi-spirituali-2023\/","og_site_name":"Annuncio e Sacramenti","article_publisher":"https:\/\/www.facebook.com\/pastoralegiovanile.trento\/","article_published_time":"2022-12-19T08:36:31+00:00","article_modified_time":"2023-01-30T08:14:26+00:00","og_image":[{"width":938,"height":625,"url":"https:\/\/www.diocesitn.it\/area-annuncio\/wp-content\/uploads\/sites\/39\/2022\/12\/Immagine1.jpg","type":"image\/jpeg"}],"author":"travanelli","twitter_card":"summary_large_image","twitter_misc":{"Scritto da":"travanelli","Tempo di lettura stimato":"1 minuto"},"schema":{"@context":"https:\/\/schema.org","@graph":[{"@type":"Article","@id":"https:\/\/www.diocesitn.it\/area-annuncio\/2022\/12\/19\/esercizi-spirituali-2023\/#article","isPartOf":{"@id":"https:\/\/www.diocesitn.it\/area-annuncio\/2022\/12\/19\/esercizi-spirituali-2023\/"},"author":{"name":"travanelli","@id":"https:\/\/www.diocesitn.it\/area-annuncio\/#\/schema\/person\/55912816e02fae9c8b1fde79ff8e6be2"},"headline":"Esercizi spirituali per famiglie 27-28-29 gennaio 2023 Castelfondo","datePublished":"2022-12-19T08:36:31+00:00","dateModified":"2023-01-30T08:14:26+00:00","mainEntityOfPage":{"@id":"https:\/\/www.diocesitn.it\/area-annuncio\/2022\/12\/19\/esercizi-spirituali-2023\/"},"wordCount":155,"publisher":{"@id":"https:\/\/www.diocesitn.it\/area-annuncio\/#organization"},"image":{"@id":"https:\/\/www.diocesitn.it\/area-annuncio\/2022\/12\/19\/esercizi-spirituali-2023\/#primaryimage"},"thumbnailUrl":"https:\/\/www.diocesitn.it\/area-annuncio\/wp-content\/uploads\/sites\/39\/2022\/12\/Immagine1.jpg","articleSection":["Famiglia","Notizie"],"inLanguage":"it-IT","copyrightYear":"2022","copyrightHolder":{"@id":"https:\/\/www.diocesitn.it\/#organization"}},{"@type":"WebPage","@id":"https:\/\/www.diocesitn.it\/area-annuncio\/2022\/12\/19\/esercizi-spirituali-2023\/","url":"https:\/\/www.diocesitn.it\/area-annuncio\/2022\/12\/19\/esercizi-spirituali-2023\/","name":"Esercizi spirituali per famiglie 27-28-29 gennaio 2023 Castelfondo - Annuncio e Sacramenti - Chiesa di Trento","isPartOf":{"@id":"https:\/\/www.diocesitn.it\/area-annuncio\/#website"},"primaryImageOfPage":{"@id":"https:\/\/www.diocesitn.it\/area-annuncio\/2022\/12\/19\/esercizi-spirituali-2023\/#primaryimage"},"image":{"@id":"https:\/\/www.diocesitn.it\/area-annuncio\/2022\/12\/19\/esercizi-spirituali-2023\/#primaryimage"},"thumbnailUrl":"https:\/\/www.diocesitn.it\/area-annuncio\/wp-content\/uploads\/sites\/39\/2022\/12\/Immagine1.jpg","datePublished":"2022-12-19T08:36:31+00:00","dateModified":"2023-01-30T08:14:26+00:00","breadcrumb":{"@id":"https:\/\/www.diocesitn.it\/area-annuncio\/2022\/12\/19\/esercizi-spirituali-2023\/#breadcrumb"},"inLanguage":"it-IT","potentialAction":[{"@type":"ReadAction","target":["https:\/\/www.diocesitn.it\/area-annuncio\/2022\/12\/19\/esercizi-spirituali-2023\/"]}]},{"@type":"ImageObject","inLanguage":"it-IT","@id":"https:\/\/www.diocesitn.it\/area-annuncio\/2022\/12\/19\/esercizi-spirituali-2023\/#primaryimage","url":"https:\/\/www.diocesitn.it\/area-annuncio\/wp-content\/uploads\/sites\/39\/2022\/12\/Immagine1.jpg","contentUrl":"https:\/\/www.diocesitn.it\/area-annuncio\/wp-content\/uploads\/sites\/39\/2022\/12\/Immagine1.jpg","width":938,"height":625},{"@type":"BreadcrumbList","@id":"https:\/\/www.diocesitn.it\/area-annuncio\/2022\/12\/19\/esercizi-spirituali-2023\/#breadcrumb","itemListElement":[{"@type":"ListItem","position":1,"name":"Home","item":"https:\/\/www.diocesitn.it\/area-annuncio\/"},{"@type":"ListItem","position":2,"name":"Esercizi spirituali per famiglie 27-28-29 gennaio 2023 Castelfondo"}]},{"@type":"WebSite","@id":"https:\/\/www.diocesitn.it\/area-annuncio\/#website","url":"https:\/\/www.diocesitn.it\/area-annuncio\/","name":"Annuncio e Sacramenti","description":"Chiesa di Trento","publisher":{"@id":"https:\/\/www.diocesitn.it\/area-annuncio\/#organization"},"potentialAction":[{"@type":"SearchAction","target":{"@type":"EntryPoint","urlTemplate":"https:\/\/www.diocesitn.it\/area-annuncio\/?s={search_term_string}"},"query-input":"required name=search_term_string"}],"inLanguage":"it-IT"},{"@type":["Organization","Place"],"@id":"https:\/\/www.diocesitn.it\/area-annuncio\/#organization","name":"Area Annuncio e Sacramenti - Chiesa di Trento","url":"https:\/\/www.diocesitn.it\/area-annuncio\/","logo":{"@id":"https:\/\/www.diocesitn.it\/area-annuncio\/2022\/12\/19\/esercizi-spirituali-2023\/#local-main-organization-logo"},"image":{"@id":"https:\/\/www.diocesitn.it\/area-annuncio\/2022\/12\/19\/esercizi-spirituali-2023\/#local-main-organization-logo"},"sameAs":["https:\/\/www.facebook.com\/pastoralegiovanile.trento\/","https:\/\/www.instagram.com\/pastoralegiovaniletrento\/","https:\/\/www.youtube.com\/channel\/UCGt7hyJaIQIkrQPos4K6L6w"],"openingHoursSpecification":[{"@type":"OpeningHoursSpecification","dayOfWeek":["Monday","Tuesday","Wednesday","Thursday","Friday","Saturday","Sunday"],"opens":"09:00","closes":"17:00"}]},{"@type":"ImageObject","inLanguage":"it-IT","@id":"https:\/\/www.diocesitn.it\/area-annuncio\/2022\/12\/19\/esercizi-spirituali-2023\/#local-main-organization-logo","url":"https:\/\/www.diocesitn.it\/area-annuncio\/wp-content\/uploads\/sites\/39\/2021\/09\/og-logo-annuncio-e-sacramenti.jpg","contentUrl":"https:\/\/www.diocesitn.it\/area-annuncio\/wp-content\/uploads\/sites\/39\/2021\/09\/og-logo-annuncio-e-sacramenti.jpg","width":1200,"height":630,"caption":"Area Annuncio e Sacramenti - Chiesa di Trento"}]}},"_links":{"self":[{"href":"https:\/\/www.diocesitn.it\/area-annuncio\/wp-json\/wp\/v2\/posts\/17176","targetHints":{"allow":["GET"]}}],"collection":[{"href":"https:\/\/www.diocesitn.it\/area-annuncio\/wp-json\/wp\/v2\/posts"}],"about":[{"href":"https:\/\/www.diocesitn.it\/area-annuncio\/wp-json\/wp\/v2\/types\/post"}],"author":[{"embeddable":true,"href":"https:\/\/www.diocesitn.it\/area-annuncio\/wp-json\/wp\/v2\/users\/14"}],"replies":[{"embeddable":true,"href":"https:\/\/www.diocesitn.it\/area-annuncio\/wp-json\/wp\/v2\/comments?post=17176"}],"version-history":[{"count":3,"href":"https:\/\/www.diocesitn.it\/area-annuncio\/wp-json\/wp\/v2\/posts\/17176\/revisions"}],"predecessor-version":[{"id":17626,"href":"https:\/\/www.diocesitn.it\/area-annuncio\/wp-json\/wp\/v2\/posts\/17176\/revisions\/17626"}],"wp:featuredmedia":[{"embeddable":true,"href":"https:\/\/www.diocesitn.it\/area-annuncio\/wp-json\/wp\/v2\/media\/17182"}],"wp:attachment":[{"href":"https:\/\/www.diocesitn.it\/area-annuncio\/wp-json\/wp\/v2\/media?parent=17176"}],"wp:term":[{"taxonomy":"category","embeddable":true,"href":"https:\/\/www.diocesitn.it\/area-annuncio\/wp-json\/wp\/v2\/categories?post=17176"},{"taxonomy":"post_tag","embeddable":true,"href":"https:\/\/www.diocesitn.it\/area-annuncio\/wp-json\/wp\/v2\/tags?post=17176"}],"curies":[{"name":"wp","href":"https:\/\/api.w.org\/{rel}","templated":true}]}}