{"id":1714,"date":"2017-11-22T08:08:01","date_gmt":"2017-11-22T07:08:01","guid":{"rendered":"https:\/\/www.diocesitn.it\/catechistico-giovani\/?p=1714"},"modified":"2017-11-22T08:08:01","modified_gmt":"2017-11-22T07:08:01","slug":"luce-di-betlemme","status":"publish","type":"post","link":"https:\/\/www.diocesitn.it\/area-annuncio\/2017\/11\/22\/luce-di-betlemme\/","title":{"rendered":"Luce di Betlemme"},"content":{"rendered":"<p>\u00c8 la luce della pace, un semplice segno che unisce attorno al mistero del Natale migliaia di persone.<\/p>\n<p>\u00c8 la luce che brilla in modo differente penetrando nella profondit\u00e0 dei cuori, infondendo calore e dissipando le tenebre.<\/p>\n<p>\u00c8 un simbolo di fraternit\u00e0 che rappresenta il mistero di Dio che si fa uomo. \u00c8 l&#8217;annuncio del suo amore che illumina la vita di ognuno.<\/p>\n<p>In collaborazione con la Caritas diocesana, per maggiori informazioni consultare la locandina nell&#8217;allegato.<\/p>\n<p><strong>Materiali<\/strong><\/p>\n<p><a href=\"https:\/\/www.diocesitn.it\/area-annuncio\/wp-content\/uploads\/sites\/4\/2017\/11\/Locandina-Luce-di-Betlemme.pdf\">Locandina<\/a><\/p>\n<p><a href=\"https:\/\/www.diocesitn.it\/area-annuncio\/wp-content\/uploads\/sites\/4\/2017\/12\/Luce-di-Betlemme_storia.pdf\">La storia della Luce di Betlemme<\/a><\/p>\n<p><a href=\"https:\/\/www.diocesitn.it\/area-annuncio\/wp-content\/uploads\/sites\/4\/2017\/12\/TRACCIA-PER-IL-MANDATO-LUCE.pdf\">Traccia per il mandato<\/a><\/p>\n<p><a href=\"https:\/\/www.diocesitn.it\/area-annuncio\/wp-content\/uploads\/sites\/4\/2017\/12\/Luce-di-Betlemme_veglia.pdf\">Traccia Veglia di preghiera<\/a><\/p>\n<p><a href=\"https:\/\/www.diocesitn.it\/area-annuncio\/wp-content\/uploads\/sites\/4\/2017\/12\/PREGHIERA-PER-LE-CASE.pdf\">Preghiera per le case<\/a><\/p>\n","protected":false},"excerpt":{"rendered":"<p>\u00c8 la luce della pace, un semplice segno che unisce attorno al mistero del Natale migliaia di persone. \u00c8 la luce che brilla in modo differente penetrando nella profondit\u00e0 dei cuori, infondendo calore e dissipando<\/p>\n","protected":false},"author":14,"featured_media":1716,"comment_status":"closed","ping_status":"closed","sticky":false,"template":"","format":"standard","meta":{"footnotes":""},"categories":[626,623,637,608],"tags":[],"class_list":["post-1714","post","type-post","status-publish","format-standard","has-post-thumbnail","hentry","category-servizio-catechistico-giovani-adolescenti","category-servizio-catechistico-giovani-ufficio-catechistico","category-servizio-catechistico-giovani-giovani","category-notizie"],"acf":{"seed-localization-paese-cod":"IT","seed-localization-address":"","seed-localization-citta":"Trento","seed-localization-regione-cod-istat":"04","seed-localization-citta-cod-istat":"022205","seed-localization-localita":"","seed-localization-cap":"","seed-localization-marker-visibility":false,"seed-localization-children-visibility":false,"seed-localization-kml":null,"seed-localization-custom-marker":null},"yoast_head":"<!-- This site is optimized with the Yoast SEO Premium plugin v20.2.1 (Yoast SEO v22.2) - https:\/\/yoast.com\/wordpress\/plugins\/seo\/ -->\n<title>Luce di Betlemme - Annuncio e Sacramenti - Chiesa di Trento<\/title>\n<meta name=\"robots\" content=\"index, follow, max-snippet:-1, max-image-preview:large, max-video-preview:-1\" \/>\n<link rel=\"canonical\" href=\"https:\/\/www.diocesitn.it\/area-annuncio\/2017\/11\/22\/luce-di-betlemme\/\" \/>\n<meta property=\"og:locale\" content=\"it_IT\" \/>\n<meta property=\"og:type\" content=\"article\" \/>\n<meta property=\"og:title\" content=\"Luce di Betlemme\" \/>\n<meta property=\"og:description\" content=\"\u00c8 la luce della pace, un semplice segno che unisce attorno al mistero del Natale migliaia di persone. \u00c8 la luce che brilla in modo differente penetrando nella profondit\u00e0 dei cuori, infondendo calore e dissipando\" \/>\n<meta property=\"og:url\" content=\"https:\/\/www.diocesitn.it\/area-annuncio\/2017\/11\/22\/luce-di-betlemme\/\" \/>\n<meta property=\"og:site_name\" content=\"Annuncio e Sacramenti\" \/>\n<meta property=\"article:publisher\" content=\"https:\/\/www.facebook.com\/pastoralegiovanile.trento\/\" \/>\n<meta property=\"article:published_time\" content=\"2017-11-22T07:08:01+00:00\" \/>\n<meta property=\"og:image\" content=\"https:\/\/www.diocesitn.it\/area-annuncio\/wp-content\/uploads\/sites\/39\/2017\/11\/luce-di-betlemme.png\" \/>\n\t<meta property=\"og:image:width\" content=\"504\" \/>\n\t<meta property=\"og:image:height\" content=\"540\" \/>\n\t<meta property=\"og:image:type\" content=\"image\/png\" \/>\n<meta name=\"author\" content=\"travanelli\" \/>\n<meta name=\"twitter:card\" content=\"summary_large_image\" \/>\n<meta name=\"twitter:label1\" content=\"Scritto da\" \/>\n\t<meta name=\"twitter:data1\" content=\"travanelli\" \/>\n<script type=\"application\/ld+json\" class=\"yoast-schema-graph\">{\"@context\":\"https:\/\/schema.org\",\"@graph\":[{\"@type\":\"Article\",\"@id\":\"https:\/\/www.diocesitn.it\/area-annuncio\/2017\/11\/22\/luce-di-betlemme\/#article\",\"isPartOf\":{\"@id\":\"https:\/\/www.diocesitn.it\/area-annuncio\/2017\/11\/22\/luce-di-betlemme\/\"},\"author\":{\"name\":\"travanelli\",\"@id\":\"https:\/\/www.diocesitn.it\/area-annuncio\/#\/schema\/person\/55912816e02fae9c8b1fde79ff8e6be2\"},\"headline\":\"Luce di Betlemme\",\"datePublished\":\"2017-11-22T07:08:01+00:00\",\"dateModified\":\"2017-11-22T07:08:01+00:00\",\"mainEntityOfPage\":{\"@id\":\"https:\/\/www.diocesitn.it\/area-annuncio\/2017\/11\/22\/luce-di-betlemme\/\"},\"wordCount\":95,\"publisher\":{\"@id\":\"https:\/\/www.diocesitn.it\/area-annuncio\/#organization\"},\"image\":{\"@id\":\"https:\/\/www.diocesitn.it\/area-annuncio\/2017\/11\/22\/luce-di-betlemme\/#primaryimage\"},\"thumbnailUrl\":\"https:\/\/www.diocesitn.it\/area-annuncio\/wp-content\/uploads\/sites\/39\/2017\/11\/luce-di-betlemme.png\",\"articleSection\":[\"Adolescenti\",\"Catechesi\",\"Giovani\",\"Notizie\"],\"inLanguage\":\"it-IT\",\"copyrightYear\":\"2017\",\"copyrightHolder\":{\"@id\":\"https:\/\/www.diocesitn.it\/#organization\"}},{\"@type\":\"WebPage\",\"@id\":\"https:\/\/www.diocesitn.it\/area-annuncio\/2017\/11\/22\/luce-di-betlemme\/\",\"url\":\"https:\/\/www.diocesitn.it\/area-annuncio\/2017\/11\/22\/luce-di-betlemme\/\",\"name\":\"Luce di Betlemme - Annuncio e Sacramenti - Chiesa di Trento\",\"isPartOf\":{\"@id\":\"https:\/\/www.diocesitn.it\/area-annuncio\/#website\"},\"primaryImageOfPage\":{\"@id\":\"https:\/\/www.diocesitn.it\/area-annuncio\/2017\/11\/22\/luce-di-betlemme\/#primaryimage\"},\"image\":{\"@id\":\"https:\/\/www.diocesitn.it\/area-annuncio\/2017\/11\/22\/luce-di-betlemme\/#primaryimage\"},\"thumbnailUrl\":\"https:\/\/www.diocesitn.it\/area-annuncio\/wp-content\/uploads\/sites\/39\/2017\/11\/luce-di-betlemme.png\",\"datePublished\":\"2017-11-22T07:08:01+00:00\",\"dateModified\":\"2017-11-22T07:08:01+00:00\",\"breadcrumb\":{\"@id\":\"https:\/\/www.diocesitn.it\/area-annuncio\/2017\/11\/22\/luce-di-betlemme\/#breadcrumb\"},\"inLanguage\":\"it-IT\",\"potentialAction\":[{\"@type\":\"ReadAction\",\"target\":[\"https:\/\/www.diocesitn.it\/area-annuncio\/2017\/11\/22\/luce-di-betlemme\/\"]}]},{\"@type\":\"ImageObject\",\"inLanguage\":\"it-IT\",\"@id\":\"https:\/\/www.diocesitn.it\/area-annuncio\/2017\/11\/22\/luce-di-betlemme\/#primaryimage\",\"url\":\"https:\/\/www.diocesitn.it\/area-annuncio\/wp-content\/uploads\/sites\/39\/2017\/11\/luce-di-betlemme.png\",\"contentUrl\":\"https:\/\/www.diocesitn.it\/area-annuncio\/wp-content\/uploads\/sites\/39\/2017\/11\/luce-di-betlemme.png\",\"width\":504,\"height\":540},{\"@type\":\"BreadcrumbList\",\"@id\":\"https:\/\/www.diocesitn.it\/area-annuncio\/2017\/11\/22\/luce-di-betlemme\/#breadcrumb\",\"itemListElement\":[{\"@type\":\"ListItem\",\"position\":1,\"name\":\"Home\",\"item\":\"https:\/\/www.diocesitn.it\/area-annuncio\/\"},{\"@type\":\"ListItem\",\"position\":2,\"name\":\"Luce di Betlemme\"}]},{\"@type\":\"WebSite\",\"@id\":\"https:\/\/www.diocesitn.it\/area-annuncio\/#website\",\"url\":\"https:\/\/www.diocesitn.it\/area-annuncio\/\",\"name\":\"Annuncio e Sacramenti\",\"description\":\"Chiesa di Trento\",\"publisher\":{\"@id\":\"https:\/\/www.diocesitn.it\/area-annuncio\/#organization\"},\"potentialAction\":[{\"@type\":\"SearchAction\",\"target\":{\"@type\":\"EntryPoint\",\"urlTemplate\":\"https:\/\/www.diocesitn.it\/area-annuncio\/?s={search_term_string}\"},\"query-input\":\"required name=search_term_string\"}],\"inLanguage\":\"it-IT\"},{\"@type\":[\"Organization\",\"Place\"],\"@id\":\"https:\/\/www.diocesitn.it\/area-annuncio\/#organization\",\"name\":\"Area Annuncio e Sacramenti - Chiesa di Trento\",\"url\":\"https:\/\/www.diocesitn.it\/area-annuncio\/\",\"logo\":{\"@id\":\"https:\/\/www.diocesitn.it\/area-annuncio\/2017\/11\/22\/luce-di-betlemme\/#local-main-organization-logo\"},\"image\":{\"@id\":\"https:\/\/www.diocesitn.it\/area-annuncio\/2017\/11\/22\/luce-di-betlemme\/#local-main-organization-logo\"},\"sameAs\":[\"https:\/\/www.facebook.com\/pastoralegiovanile.trento\/\",\"https:\/\/www.instagram.com\/pastoralegiovaniletrento\/\",\"https:\/\/www.youtube.com\/channel\/UCGt7hyJaIQIkrQPos4K6L6w\"],\"openingHoursSpecification\":[{\"@type\":\"OpeningHoursSpecification\",\"dayOfWeek\":[\"Monday\",\"Tuesday\",\"Wednesday\",\"Thursday\",\"Friday\",\"Saturday\",\"Sunday\"],\"opens\":\"09:00\",\"closes\":\"17:00\"}]},{\"@type\":\"ImageObject\",\"inLanguage\":\"it-IT\",\"@id\":\"https:\/\/www.diocesitn.it\/area-annuncio\/2017\/11\/22\/luce-di-betlemme\/#local-main-organization-logo\",\"url\":\"https:\/\/www.diocesitn.it\/area-annuncio\/wp-content\/uploads\/sites\/39\/2021\/09\/og-logo-annuncio-e-sacramenti.jpg\",\"contentUrl\":\"https:\/\/www.diocesitn.it\/area-annuncio\/wp-content\/uploads\/sites\/39\/2021\/09\/og-logo-annuncio-e-sacramenti.jpg\",\"width\":1200,\"height\":630,\"caption\":\"Area Annuncio e Sacramenti - Chiesa di Trento\"}]}<\/script>\n<!-- \/ Yoast SEO Premium plugin. -->","yoast_head_json":{"title":"Luce di Betlemme - Annuncio e Sacramenti - Chiesa di Trento","robots":{"index":"index","follow":"follow","max-snippet":"max-snippet:-1","max-image-preview":"max-image-preview:large","max-video-preview":"max-video-preview:-1"},"canonical":"https:\/\/www.diocesitn.it\/area-annuncio\/2017\/11\/22\/luce-di-betlemme\/","og_locale":"it_IT","og_type":"article","og_title":"Luce di Betlemme","og_description":"\u00c8 la luce della pace, un semplice segno che unisce attorno al mistero del Natale migliaia di persone. \u00c8 la luce che brilla in modo differente penetrando nella profondit\u00e0 dei cuori, infondendo calore e dissipando","og_url":"https:\/\/www.diocesitn.it\/area-annuncio\/2017\/11\/22\/luce-di-betlemme\/","og_site_name":"Annuncio e Sacramenti","article_publisher":"https:\/\/www.facebook.com\/pastoralegiovanile.trento\/","article_published_time":"2017-11-22T07:08:01+00:00","og_image":[{"width":504,"height":540,"url":"https:\/\/www.diocesitn.it\/area-annuncio\/wp-content\/uploads\/sites\/39\/2017\/11\/luce-di-betlemme.png","type":"image\/png"}],"author":"travanelli","twitter_card":"summary_large_image","twitter_misc":{"Scritto da":"travanelli"},"schema":{"@context":"https:\/\/schema.org","@graph":[{"@type":"Article","@id":"https:\/\/www.diocesitn.it\/area-annuncio\/2017\/11\/22\/luce-di-betlemme\/#article","isPartOf":{"@id":"https:\/\/www.diocesitn.it\/area-annuncio\/2017\/11\/22\/luce-di-betlemme\/"},"author":{"name":"travanelli","@id":"https:\/\/www.diocesitn.it\/area-annuncio\/#\/schema\/person\/55912816e02fae9c8b1fde79ff8e6be2"},"headline":"Luce di Betlemme","datePublished":"2017-11-22T07:08:01+00:00","dateModified":"2017-11-22T07:08:01+00:00","mainEntityOfPage":{"@id":"https:\/\/www.diocesitn.it\/area-annuncio\/2017\/11\/22\/luce-di-betlemme\/"},"wordCount":95,"publisher":{"@id":"https:\/\/www.diocesitn.it\/area-annuncio\/#organization"},"image":{"@id":"https:\/\/www.diocesitn.it\/area-annuncio\/2017\/11\/22\/luce-di-betlemme\/#primaryimage"},"thumbnailUrl":"https:\/\/www.diocesitn.it\/area-annuncio\/wp-content\/uploads\/sites\/39\/2017\/11\/luce-di-betlemme.png","articleSection":["Adolescenti","Catechesi","Giovani","Notizie"],"inLanguage":"it-IT","copyrightYear":"2017","copyrightHolder":{"@id":"https:\/\/www.diocesitn.it\/#organization"}},{"@type":"WebPage","@id":"https:\/\/www.diocesitn.it\/area-annuncio\/2017\/11\/22\/luce-di-betlemme\/","url":"https:\/\/www.diocesitn.it\/area-annuncio\/2017\/11\/22\/luce-di-betlemme\/","name":"Luce di Betlemme - Annuncio e Sacramenti - Chiesa di Trento","isPartOf":{"@id":"https:\/\/www.diocesitn.it\/area-annuncio\/#website"},"primaryImageOfPage":{"@id":"https:\/\/www.diocesitn.it\/area-annuncio\/2017\/11\/22\/luce-di-betlemme\/#primaryimage"},"image":{"@id":"https:\/\/www.diocesitn.it\/area-annuncio\/2017\/11\/22\/luce-di-betlemme\/#primaryimage"},"thumbnailUrl":"https:\/\/www.diocesitn.it\/area-annuncio\/wp-content\/uploads\/sites\/39\/2017\/11\/luce-di-betlemme.png","datePublished":"2017-11-22T07:08:01+00:00","dateModified":"2017-11-22T07:08:01+00:00","breadcrumb":{"@id":"https:\/\/www.diocesitn.it\/area-annuncio\/2017\/11\/22\/luce-di-betlemme\/#breadcrumb"},"inLanguage":"it-IT","potentialAction":[{"@type":"ReadAction","target":["https:\/\/www.diocesitn.it\/area-annuncio\/2017\/11\/22\/luce-di-betlemme\/"]}]},{"@type":"ImageObject","inLanguage":"it-IT","@id":"https:\/\/www.diocesitn.it\/area-annuncio\/2017\/11\/22\/luce-di-betlemme\/#primaryimage","url":"https:\/\/www.diocesitn.it\/area-annuncio\/wp-content\/uploads\/sites\/39\/2017\/11\/luce-di-betlemme.png","contentUrl":"https:\/\/www.diocesitn.it\/area-annuncio\/wp-content\/uploads\/sites\/39\/2017\/11\/luce-di-betlemme.png","width":504,"height":540},{"@type":"BreadcrumbList","@id":"https:\/\/www.diocesitn.it\/area-annuncio\/2017\/11\/22\/luce-di-betlemme\/#breadcrumb","itemListElement":[{"@type":"ListItem","position":1,"name":"Home","item":"https:\/\/www.diocesitn.it\/area-annuncio\/"},{"@type":"ListItem","position":2,"name":"Luce di Betlemme"}]},{"@type":"WebSite","@id":"https:\/\/www.diocesitn.it\/area-annuncio\/#website","url":"https:\/\/www.diocesitn.it\/area-annuncio\/","name":"Annuncio e Sacramenti","description":"Chiesa di Trento","publisher":{"@id":"https:\/\/www.diocesitn.it\/area-annuncio\/#organization"},"potentialAction":[{"@type":"SearchAction","target":{"@type":"EntryPoint","urlTemplate":"https:\/\/www.diocesitn.it\/area-annuncio\/?s={search_term_string}"},"query-input":"required name=search_term_string"}],"inLanguage":"it-IT"},{"@type":["Organization","Place"],"@id":"https:\/\/www.diocesitn.it\/area-annuncio\/#organization","name":"Area Annuncio e Sacramenti - Chiesa di Trento","url":"https:\/\/www.diocesitn.it\/area-annuncio\/","logo":{"@id":"https:\/\/www.diocesitn.it\/area-annuncio\/2017\/11\/22\/luce-di-betlemme\/#local-main-organization-logo"},"image":{"@id":"https:\/\/www.diocesitn.it\/area-annuncio\/2017\/11\/22\/luce-di-betlemme\/#local-main-organization-logo"},"sameAs":["https:\/\/www.facebook.com\/pastoralegiovanile.trento\/","https:\/\/www.instagram.com\/pastoralegiovaniletrento\/","https:\/\/www.youtube.com\/channel\/UCGt7hyJaIQIkrQPos4K6L6w"],"openingHoursSpecification":[{"@type":"OpeningHoursSpecification","dayOfWeek":["Monday","Tuesday","Wednesday","Thursday","Friday","Saturday","Sunday"],"opens":"09:00","closes":"17:00"}]},{"@type":"ImageObject","inLanguage":"it-IT","@id":"https:\/\/www.diocesitn.it\/area-annuncio\/2017\/11\/22\/luce-di-betlemme\/#local-main-organization-logo","url":"https:\/\/www.diocesitn.it\/area-annuncio\/wp-content\/uploads\/sites\/39\/2021\/09\/og-logo-annuncio-e-sacramenti.jpg","contentUrl":"https:\/\/www.diocesitn.it\/area-annuncio\/wp-content\/uploads\/sites\/39\/2021\/09\/og-logo-annuncio-e-sacramenti.jpg","width":1200,"height":630,"caption":"Area Annuncio e Sacramenti - Chiesa di Trento"}]}},"_links":{"self":[{"href":"https:\/\/www.diocesitn.it\/area-annuncio\/wp-json\/wp\/v2\/posts\/1714","targetHints":{"allow":["GET"]}}],"collection":[{"href":"https:\/\/www.diocesitn.it\/area-annuncio\/wp-json\/wp\/v2\/posts"}],"about":[{"href":"https:\/\/www.diocesitn.it\/area-annuncio\/wp-json\/wp\/v2\/types\/post"}],"author":[{"embeddable":true,"href":"https:\/\/www.diocesitn.it\/area-annuncio\/wp-json\/wp\/v2\/users\/14"}],"replies":[{"embeddable":true,"href":"https:\/\/www.diocesitn.it\/area-annuncio\/wp-json\/wp\/v2\/comments?post=1714"}],"version-history":[{"count":0,"href":"https:\/\/www.diocesitn.it\/area-annuncio\/wp-json\/wp\/v2\/posts\/1714\/revisions"}],"wp:featuredmedia":[{"embeddable":true,"href":"https:\/\/www.diocesitn.it\/area-annuncio\/wp-json\/wp\/v2\/media\/1716"}],"wp:attachment":[{"href":"https:\/\/www.diocesitn.it\/area-annuncio\/wp-json\/wp\/v2\/media?parent=1714"}],"wp:term":[{"taxonomy":"category","embeddable":true,"href":"https:\/\/www.diocesitn.it\/area-annuncio\/wp-json\/wp\/v2\/categories?post=1714"},{"taxonomy":"post_tag","embeddable":true,"href":"https:\/\/www.diocesitn.it\/area-annuncio\/wp-json\/wp\/v2\/tags?post=1714"}],"curies":[{"name":"wp","href":"https:\/\/api.w.org\/{rel}","templated":true}]}}