{"id":16723,"date":"2022-11-17T11:00:42","date_gmt":"2022-11-17T10:00:42","guid":{"rendered":"https:\/\/www.diocesitn.it\/area-annuncio\/?p=16723"},"modified":"2022-12-28T08:53:06","modified_gmt":"2022-12-28T07:53:06","slug":"i-cantori-della-stella-in-duomo-con-il-vescovo-lauro","status":"publish","type":"post","link":"https:\/\/www.diocesitn.it\/area-annuncio\/2022\/11\/17\/i-cantori-della-stella-in-duomo-con-il-vescovo-lauro\/","title":{"rendered":"I Cantori della Stella &#8211; in Duomo con il vescovo Lauro"},"content":{"rendered":"<p>Dopo due anni, in cui l&#8217;<strong>Iniziativa dei Cantori della Stella<\/strong> era stata vissuta solo nelle nostre parrocchie, finalmente i bambini, vestiti da pastori, re Magi, angioletti potranno tornare a ricevere il mandato <strong>in Duomo<\/strong>, durante la Celebrazione <strong>con il vescovo Lauro.<\/strong><\/p>\n<p>Quella dei Cantori della Stella \u00e8 una tradizione natalizia diffusa in vari paesi. A Natale ciascuno \u00e8 invitato a compiere il cammino di Maria, Giuseppe, dei pastori e dei magi: andare a vedere, nutrire occhi e orecchie con la Parola, ad avere il coraggio di credere e muoversi con il cuore. Siamo tutti invitati a contemplare il \u201cDio con noi\u201d per essere missionari che annunciano la Parola fatta carne ed essere cos\u00ec al servizio della speranza.<\/p>\n<p>Il ritrovo \u00e8 per <strong>marted\u00ec 27 dicembre, alle 14.30 in piazza Duomo, alle ore 15.00 vi sar\u00e0 la Celebrazione<\/strong>.<\/p>\n<p>Le parrocchie e i gruppi che intendono partecipare sono invitati a comunicare la loro adesione entro il 16.12.2022, telefonando o scrivendo una mail a:<br \/>\n<strong>Servizio Missionario 0461 891270 centro.missionario@diocesitn.it <\/strong>oppure\u00a0<strong>Servizio Catechesi 0461 891250 catechistico@diocesitn.it<\/strong><\/p>\n<p><strong><a href=\"https:\/\/www.diocesitn.it\/area-annuncio\/wp-content\/uploads\/sites\/39\/2022\/12\/Locandina-A4-Cantori-della-Stella-27-dicembre-2022.pdf\">Locandina<\/a><\/strong><\/p>\n<p>Materiale utile:<br \/>\n<a href=\"https:\/\/www.diocesitn.it\/area-annuncio\/wp-content\/uploads\/sites\/39\/2022\/12\/Libretto-preghiere-e-canti.docx\">&#8211; Libretto Preghiere e Canti<\/a><br \/>\n<a href=\"https:\/\/www.diocesitn.it\/area-annuncio\/wp-content\/uploads\/sites\/39\/2022\/12\/incontri-in-preparazione-2022.docx\">&#8211; Incontri in preparazione 2022<\/a><br \/>\n<a href=\"https:\/\/www.diocesitn.it\/area-annuncio\/wp-content\/uploads\/sites\/39\/2022\/12\/preparazione-al-mandato.docx\">&#8211; Preparazione al Mandato<\/a><\/p>\n","protected":false},"excerpt":{"rendered":"<p>Dopo due anni, in cui l&#8217;Iniziativa dei Cantori della Stella era stata vissuta solo nelle nostre parrocchie, finalmente i bambini, vestiti da pastori, re Magi, angioletti potranno tornare a ricevere il mandato in Duomo, durante<\/p>\n","protected":false},"author":166,"featured_media":16882,"comment_status":"closed","ping_status":"closed","sticky":false,"template":"","format":"standard","meta":{"footnotes":""},"categories":[623,916,608],"tags":[224,776,800],"class_list":["post-16723","post","type-post","status-publish","format-standard","has-post-thumbnail","hentry","category-servizio-catechistico-giovani-ufficio-catechistico","category-catechesi","category-notizie","tag-cantori-della-stella","tag-duomo","tag-vescovo-lauro"],"acf":{"seed-localization-paese-cod":"IT","seed-localization-address":"","seed-localization-citta":"Trento","seed-localization-regione-cod-istat":"04","seed-localization-citta-cod-istat":"022205","seed-localization-localita":"","seed-localization-cap":"","seed-localization-marker-visibility":false,"seed-localization-children-visibility":false,"seed-localization-kml":"","seed-localization-custom-marker":""},"yoast_head":"<!-- This site is optimized with the Yoast SEO Premium plugin v20.2.1 (Yoast SEO v22.2) - https:\/\/yoast.com\/wordpress\/plugins\/seo\/ -->\n<title>I Cantori della Stella - in Duomo con il vescovo Lauro - Annuncio e Sacramenti - Chiesa di Trento<\/title>\n<meta name=\"robots\" content=\"index, follow, max-snippet:-1, max-image-preview:large, max-video-preview:-1\" \/>\n<link rel=\"canonical\" href=\"https:\/\/www.diocesitn.it\/area-annuncio\/2022\/11\/17\/i-cantori-della-stella-in-duomo-con-il-vescovo-lauro\/\" \/>\n<meta property=\"og:locale\" content=\"it_IT\" \/>\n<meta property=\"og:type\" content=\"article\" \/>\n<meta property=\"og:title\" content=\"I Cantori della Stella - in Duomo con il vescovo Lauro\" \/>\n<meta property=\"og:description\" content=\"Dopo due anni, in cui l&#8217;Iniziativa dei Cantori della Stella era stata vissuta solo nelle nostre parrocchie, finalmente i bambini, vestiti da pastori, re Magi, angioletti potranno tornare a ricevere il mandato in Duomo, durante\" \/>\n<meta property=\"og:url\" content=\"https:\/\/www.diocesitn.it\/area-annuncio\/2022\/11\/17\/i-cantori-della-stella-in-duomo-con-il-vescovo-lauro\/\" \/>\n<meta property=\"og:site_name\" content=\"Annuncio e Sacramenti\" \/>\n<meta property=\"article:publisher\" content=\"https:\/\/www.facebook.com\/pastoralegiovanile.trento\/\" \/>\n<meta property=\"article:published_time\" content=\"2022-11-17T10:00:42+00:00\" \/>\n<meta property=\"article:modified_time\" content=\"2022-12-28T07:53:06+00:00\" \/>\n<meta property=\"og:image\" content=\"https:\/\/www.diocesitn.it\/area-annuncio\/wp-content\/uploads\/sites\/39\/2022\/11\/Messa-Epifania-benedizione-bambini.jpg\" \/>\n\t<meta property=\"og:image:width\" content=\"1600\" \/>\n\t<meta property=\"og:image:height\" content=\"1200\" \/>\n\t<meta property=\"og:image:type\" content=\"image\/jpeg\" \/>\n<meta name=\"author\" content=\"bjob\" \/>\n<meta name=\"twitter:card\" content=\"summary_large_image\" \/>\n<meta name=\"twitter:label1\" content=\"Scritto da\" \/>\n\t<meta name=\"twitter:data1\" content=\"bjob\" \/>\n\t<meta name=\"twitter:label2\" content=\"Tempo di lettura stimato\" \/>\n\t<meta name=\"twitter:data2\" content=\"1 minuto\" \/>\n<script type=\"application\/ld+json\" class=\"yoast-schema-graph\">{\"@context\":\"https:\/\/schema.org\",\"@graph\":[{\"@type\":\"Article\",\"@id\":\"https:\/\/www.diocesitn.it\/area-annuncio\/2022\/11\/17\/i-cantori-della-stella-in-duomo-con-il-vescovo-lauro\/#article\",\"isPartOf\":{\"@id\":\"https:\/\/www.diocesitn.it\/area-annuncio\/2022\/11\/17\/i-cantori-della-stella-in-duomo-con-il-vescovo-lauro\/\"},\"author\":{\"name\":\"bjob\",\"@id\":\"https:\/\/www.diocesitn.it\/area-annuncio\/#\/schema\/person\/d7f9cdfa494cf7272dca74ad974f399c\"},\"headline\":\"I Cantori della Stella &#8211; in Duomo con il vescovo Lauro\",\"datePublished\":\"2022-11-17T10:00:42+00:00\",\"dateModified\":\"2022-12-28T07:53:06+00:00\",\"mainEntityOfPage\":{\"@id\":\"https:\/\/www.diocesitn.it\/area-annuncio\/2022\/11\/17\/i-cantori-della-stella-in-duomo-con-il-vescovo-lauro\/\"},\"wordCount\":192,\"publisher\":{\"@id\":\"https:\/\/www.diocesitn.it\/area-annuncio\/#organization\"},\"image\":{\"@id\":\"https:\/\/www.diocesitn.it\/area-annuncio\/2022\/11\/17\/i-cantori-della-stella-in-duomo-con-il-vescovo-lauro\/#primaryimage\"},\"thumbnailUrl\":\"https:\/\/www.diocesitn.it\/area-annuncio\/wp-content\/uploads\/sites\/39\/2022\/11\/Messa-Epifania-benedizione-bambini.jpg\",\"keywords\":[\"cantori della stella\",\"Duomo\",\"vescovo Lauro\"],\"articleSection\":[\"Catechesi\",\"catechesi\",\"Notizie\"],\"inLanguage\":\"it-IT\",\"copyrightYear\":\"2022\",\"copyrightHolder\":{\"@id\":\"https:\/\/www.diocesitn.it\/#organization\"}},{\"@type\":\"WebPage\",\"@id\":\"https:\/\/www.diocesitn.it\/area-annuncio\/2022\/11\/17\/i-cantori-della-stella-in-duomo-con-il-vescovo-lauro\/\",\"url\":\"https:\/\/www.diocesitn.it\/area-annuncio\/2022\/11\/17\/i-cantori-della-stella-in-duomo-con-il-vescovo-lauro\/\",\"name\":\"I Cantori della Stella - in Duomo con il vescovo Lauro - Annuncio e Sacramenti - Chiesa di Trento\",\"isPartOf\":{\"@id\":\"https:\/\/www.diocesitn.it\/area-annuncio\/#website\"},\"primaryImageOfPage\":{\"@id\":\"https:\/\/www.diocesitn.it\/area-annuncio\/2022\/11\/17\/i-cantori-della-stella-in-duomo-con-il-vescovo-lauro\/#primaryimage\"},\"image\":{\"@id\":\"https:\/\/www.diocesitn.it\/area-annuncio\/2022\/11\/17\/i-cantori-della-stella-in-duomo-con-il-vescovo-lauro\/#primaryimage\"},\"thumbnailUrl\":\"https:\/\/www.diocesitn.it\/area-annuncio\/wp-content\/uploads\/sites\/39\/2022\/11\/Messa-Epifania-benedizione-bambini.jpg\",\"datePublished\":\"2022-11-17T10:00:42+00:00\",\"dateModified\":\"2022-12-28T07:53:06+00:00\",\"breadcrumb\":{\"@id\":\"https:\/\/www.diocesitn.it\/area-annuncio\/2022\/11\/17\/i-cantori-della-stella-in-duomo-con-il-vescovo-lauro\/#breadcrumb\"},\"inLanguage\":\"it-IT\",\"potentialAction\":[{\"@type\":\"ReadAction\",\"target\":[\"https:\/\/www.diocesitn.it\/area-annuncio\/2022\/11\/17\/i-cantori-della-stella-in-duomo-con-il-vescovo-lauro\/\"]}]},{\"@type\":\"ImageObject\",\"inLanguage\":\"it-IT\",\"@id\":\"https:\/\/www.diocesitn.it\/area-annuncio\/2022\/11\/17\/i-cantori-della-stella-in-duomo-con-il-vescovo-lauro\/#primaryimage\",\"url\":\"https:\/\/www.diocesitn.it\/area-annuncio\/wp-content\/uploads\/sites\/39\/2022\/11\/Messa-Epifania-benedizione-bambini.jpg\",\"contentUrl\":\"https:\/\/www.diocesitn.it\/area-annuncio\/wp-content\/uploads\/sites\/39\/2022\/11\/Messa-Epifania-benedizione-bambini.jpg\",\"width\":1600,\"height\":1200},{\"@type\":\"BreadcrumbList\",\"@id\":\"https:\/\/www.diocesitn.it\/area-annuncio\/2022\/11\/17\/i-cantori-della-stella-in-duomo-con-il-vescovo-lauro\/#breadcrumb\",\"itemListElement\":[{\"@type\":\"ListItem\",\"position\":1,\"name\":\"Home\",\"item\":\"https:\/\/www.diocesitn.it\/area-annuncio\/\"},{\"@type\":\"ListItem\",\"position\":2,\"name\":\"I Cantori della Stella &#8211; in Duomo con il vescovo Lauro\"}]},{\"@type\":\"WebSite\",\"@id\":\"https:\/\/www.diocesitn.it\/area-annuncio\/#website\",\"url\":\"https:\/\/www.diocesitn.it\/area-annuncio\/\",\"name\":\"Annuncio e Sacramenti\",\"description\":\"Chiesa di Trento\",\"publisher\":{\"@id\":\"https:\/\/www.diocesitn.it\/area-annuncio\/#organization\"},\"potentialAction\":[{\"@type\":\"SearchAction\",\"target\":{\"@type\":\"EntryPoint\",\"urlTemplate\":\"https:\/\/www.diocesitn.it\/area-annuncio\/?s={search_term_string}\"},\"query-input\":\"required name=search_term_string\"}],\"inLanguage\":\"it-IT\"},{\"@type\":[\"Organization\",\"Place\"],\"@id\":\"https:\/\/www.diocesitn.it\/area-annuncio\/#organization\",\"name\":\"Area Annuncio e Sacramenti - Chiesa di Trento\",\"url\":\"https:\/\/www.diocesitn.it\/area-annuncio\/\",\"logo\":{\"@id\":\"https:\/\/www.diocesitn.it\/area-annuncio\/2022\/11\/17\/i-cantori-della-stella-in-duomo-con-il-vescovo-lauro\/#local-main-organization-logo\"},\"image\":{\"@id\":\"https:\/\/www.diocesitn.it\/area-annuncio\/2022\/11\/17\/i-cantori-della-stella-in-duomo-con-il-vescovo-lauro\/#local-main-organization-logo\"},\"sameAs\":[\"https:\/\/www.facebook.com\/pastoralegiovanile.trento\/\",\"https:\/\/www.instagram.com\/pastoralegiovaniletrento\/\",\"https:\/\/www.youtube.com\/channel\/UCGt7hyJaIQIkrQPos4K6L6w\"],\"openingHoursSpecification\":[{\"@type\":\"OpeningHoursSpecification\",\"dayOfWeek\":[\"Monday\",\"Tuesday\",\"Wednesday\",\"Thursday\",\"Friday\",\"Saturday\",\"Sunday\"],\"opens\":\"09:00\",\"closes\":\"17:00\"}]},{\"@type\":\"ImageObject\",\"inLanguage\":\"it-IT\",\"@id\":\"https:\/\/www.diocesitn.it\/area-annuncio\/2022\/11\/17\/i-cantori-della-stella-in-duomo-con-il-vescovo-lauro\/#local-main-organization-logo\",\"url\":\"https:\/\/www.diocesitn.it\/area-annuncio\/wp-content\/uploads\/sites\/39\/2021\/09\/og-logo-annuncio-e-sacramenti.jpg\",\"contentUrl\":\"https:\/\/www.diocesitn.it\/area-annuncio\/wp-content\/uploads\/sites\/39\/2021\/09\/og-logo-annuncio-e-sacramenti.jpg\",\"width\":1200,\"height\":630,\"caption\":\"Area Annuncio e Sacramenti - Chiesa di Trento\"}]}<\/script>\n<!-- \/ Yoast SEO Premium plugin. -->","yoast_head_json":{"title":"I Cantori della Stella - in Duomo con il vescovo Lauro - Annuncio e Sacramenti - Chiesa di Trento","robots":{"index":"index","follow":"follow","max-snippet":"max-snippet:-1","max-image-preview":"max-image-preview:large","max-video-preview":"max-video-preview:-1"},"canonical":"https:\/\/www.diocesitn.it\/area-annuncio\/2022\/11\/17\/i-cantori-della-stella-in-duomo-con-il-vescovo-lauro\/","og_locale":"it_IT","og_type":"article","og_title":"I Cantori della Stella - in Duomo con il vescovo Lauro","og_description":"Dopo due anni, in cui l&#8217;Iniziativa dei Cantori della Stella era stata vissuta solo nelle nostre parrocchie, finalmente i bambini, vestiti da pastori, re Magi, angioletti potranno tornare a ricevere il mandato in Duomo, durante","og_url":"https:\/\/www.diocesitn.it\/area-annuncio\/2022\/11\/17\/i-cantori-della-stella-in-duomo-con-il-vescovo-lauro\/","og_site_name":"Annuncio e Sacramenti","article_publisher":"https:\/\/www.facebook.com\/pastoralegiovanile.trento\/","article_published_time":"2022-11-17T10:00:42+00:00","article_modified_time":"2022-12-28T07:53:06+00:00","og_image":[{"width":1600,"height":1200,"url":"https:\/\/www.diocesitn.it\/area-annuncio\/wp-content\/uploads\/sites\/39\/2022\/11\/Messa-Epifania-benedizione-bambini.jpg","type":"image\/jpeg"}],"author":"bjob","twitter_card":"summary_large_image","twitter_misc":{"Scritto da":"bjob","Tempo di lettura stimato":"1 minuto"},"schema":{"@context":"https:\/\/schema.org","@graph":[{"@type":"Article","@id":"https:\/\/www.diocesitn.it\/area-annuncio\/2022\/11\/17\/i-cantori-della-stella-in-duomo-con-il-vescovo-lauro\/#article","isPartOf":{"@id":"https:\/\/www.diocesitn.it\/area-annuncio\/2022\/11\/17\/i-cantori-della-stella-in-duomo-con-il-vescovo-lauro\/"},"author":{"name":"bjob","@id":"https:\/\/www.diocesitn.it\/area-annuncio\/#\/schema\/person\/d7f9cdfa494cf7272dca74ad974f399c"},"headline":"I Cantori della Stella &#8211; in Duomo con il vescovo Lauro","datePublished":"2022-11-17T10:00:42+00:00","dateModified":"2022-12-28T07:53:06+00:00","mainEntityOfPage":{"@id":"https:\/\/www.diocesitn.it\/area-annuncio\/2022\/11\/17\/i-cantori-della-stella-in-duomo-con-il-vescovo-lauro\/"},"wordCount":192,"publisher":{"@id":"https:\/\/www.diocesitn.it\/area-annuncio\/#organization"},"image":{"@id":"https:\/\/www.diocesitn.it\/area-annuncio\/2022\/11\/17\/i-cantori-della-stella-in-duomo-con-il-vescovo-lauro\/#primaryimage"},"thumbnailUrl":"https:\/\/www.diocesitn.it\/area-annuncio\/wp-content\/uploads\/sites\/39\/2022\/11\/Messa-Epifania-benedizione-bambini.jpg","keywords":["cantori della stella","Duomo","vescovo Lauro"],"articleSection":["Catechesi","catechesi","Notizie"],"inLanguage":"it-IT","copyrightYear":"2022","copyrightHolder":{"@id":"https:\/\/www.diocesitn.it\/#organization"}},{"@type":"WebPage","@id":"https:\/\/www.diocesitn.it\/area-annuncio\/2022\/11\/17\/i-cantori-della-stella-in-duomo-con-il-vescovo-lauro\/","url":"https:\/\/www.diocesitn.it\/area-annuncio\/2022\/11\/17\/i-cantori-della-stella-in-duomo-con-il-vescovo-lauro\/","name":"I Cantori della Stella - in Duomo con il vescovo Lauro - Annuncio e Sacramenti - Chiesa di Trento","isPartOf":{"@id":"https:\/\/www.diocesitn.it\/area-annuncio\/#website"},"primaryImageOfPage":{"@id":"https:\/\/www.diocesitn.it\/area-annuncio\/2022\/11\/17\/i-cantori-della-stella-in-duomo-con-il-vescovo-lauro\/#primaryimage"},"image":{"@id":"https:\/\/www.diocesitn.it\/area-annuncio\/2022\/11\/17\/i-cantori-della-stella-in-duomo-con-il-vescovo-lauro\/#primaryimage"},"thumbnailUrl":"https:\/\/www.diocesitn.it\/area-annuncio\/wp-content\/uploads\/sites\/39\/2022\/11\/Messa-Epifania-benedizione-bambini.jpg","datePublished":"2022-11-17T10:00:42+00:00","dateModified":"2022-12-28T07:53:06+00:00","breadcrumb":{"@id":"https:\/\/www.diocesitn.it\/area-annuncio\/2022\/11\/17\/i-cantori-della-stella-in-duomo-con-il-vescovo-lauro\/#breadcrumb"},"inLanguage":"it-IT","potentialAction":[{"@type":"ReadAction","target":["https:\/\/www.diocesitn.it\/area-annuncio\/2022\/11\/17\/i-cantori-della-stella-in-duomo-con-il-vescovo-lauro\/"]}]},{"@type":"ImageObject","inLanguage":"it-IT","@id":"https:\/\/www.diocesitn.it\/area-annuncio\/2022\/11\/17\/i-cantori-della-stella-in-duomo-con-il-vescovo-lauro\/#primaryimage","url":"https:\/\/www.diocesitn.it\/area-annuncio\/wp-content\/uploads\/sites\/39\/2022\/11\/Messa-Epifania-benedizione-bambini.jpg","contentUrl":"https:\/\/www.diocesitn.it\/area-annuncio\/wp-content\/uploads\/sites\/39\/2022\/11\/Messa-Epifania-benedizione-bambini.jpg","width":1600,"height":1200},{"@type":"BreadcrumbList","@id":"https:\/\/www.diocesitn.it\/area-annuncio\/2022\/11\/17\/i-cantori-della-stella-in-duomo-con-il-vescovo-lauro\/#breadcrumb","itemListElement":[{"@type":"ListItem","position":1,"name":"Home","item":"https:\/\/www.diocesitn.it\/area-annuncio\/"},{"@type":"ListItem","position":2,"name":"I Cantori della Stella &#8211; in Duomo con il vescovo Lauro"}]},{"@type":"WebSite","@id":"https:\/\/www.diocesitn.it\/area-annuncio\/#website","url":"https:\/\/www.diocesitn.it\/area-annuncio\/","name":"Annuncio e Sacramenti","description":"Chiesa di Trento","publisher":{"@id":"https:\/\/www.diocesitn.it\/area-annuncio\/#organization"},"potentialAction":[{"@type":"SearchAction","target":{"@type":"EntryPoint","urlTemplate":"https:\/\/www.diocesitn.it\/area-annuncio\/?s={search_term_string}"},"query-input":"required name=search_term_string"}],"inLanguage":"it-IT"},{"@type":["Organization","Place"],"@id":"https:\/\/www.diocesitn.it\/area-annuncio\/#organization","name":"Area Annuncio e Sacramenti - Chiesa di Trento","url":"https:\/\/www.diocesitn.it\/area-annuncio\/","logo":{"@id":"https:\/\/www.diocesitn.it\/area-annuncio\/2022\/11\/17\/i-cantori-della-stella-in-duomo-con-il-vescovo-lauro\/#local-main-organization-logo"},"image":{"@id":"https:\/\/www.diocesitn.it\/area-annuncio\/2022\/11\/17\/i-cantori-della-stella-in-duomo-con-il-vescovo-lauro\/#local-main-organization-logo"},"sameAs":["https:\/\/www.facebook.com\/pastoralegiovanile.trento\/","https:\/\/www.instagram.com\/pastoralegiovaniletrento\/","https:\/\/www.youtube.com\/channel\/UCGt7hyJaIQIkrQPos4K6L6w"],"openingHoursSpecification":[{"@type":"OpeningHoursSpecification","dayOfWeek":["Monday","Tuesday","Wednesday","Thursday","Friday","Saturday","Sunday"],"opens":"09:00","closes":"17:00"}]},{"@type":"ImageObject","inLanguage":"it-IT","@id":"https:\/\/www.diocesitn.it\/area-annuncio\/2022\/11\/17\/i-cantori-della-stella-in-duomo-con-il-vescovo-lauro\/#local-main-organization-logo","url":"https:\/\/www.diocesitn.it\/area-annuncio\/wp-content\/uploads\/sites\/39\/2021\/09\/og-logo-annuncio-e-sacramenti.jpg","contentUrl":"https:\/\/www.diocesitn.it\/area-annuncio\/wp-content\/uploads\/sites\/39\/2021\/09\/og-logo-annuncio-e-sacramenti.jpg","width":1200,"height":630,"caption":"Area Annuncio e Sacramenti - Chiesa di Trento"}]}},"_links":{"self":[{"href":"https:\/\/www.diocesitn.it\/area-annuncio\/wp-json\/wp\/v2\/posts\/16723","targetHints":{"allow":["GET"]}}],"collection":[{"href":"https:\/\/www.diocesitn.it\/area-annuncio\/wp-json\/wp\/v2\/posts"}],"about":[{"href":"https:\/\/www.diocesitn.it\/area-annuncio\/wp-json\/wp\/v2\/types\/post"}],"author":[{"embeddable":true,"href":"https:\/\/www.diocesitn.it\/area-annuncio\/wp-json\/wp\/v2\/users\/166"}],"replies":[{"embeddable":true,"href":"https:\/\/www.diocesitn.it\/area-annuncio\/wp-json\/wp\/v2\/comments?post=16723"}],"version-history":[{"count":4,"href":"https:\/\/www.diocesitn.it\/area-annuncio\/wp-json\/wp\/v2\/posts\/16723\/revisions"}],"predecessor-version":[{"id":17038,"href":"https:\/\/www.diocesitn.it\/area-annuncio\/wp-json\/wp\/v2\/posts\/16723\/revisions\/17038"}],"wp:featuredmedia":[{"embeddable":true,"href":"https:\/\/www.diocesitn.it\/area-annuncio\/wp-json\/wp\/v2\/media\/16882"}],"wp:attachment":[{"href":"https:\/\/www.diocesitn.it\/area-annuncio\/wp-json\/wp\/v2\/media?parent=16723"}],"wp:term":[{"taxonomy":"category","embeddable":true,"href":"https:\/\/www.diocesitn.it\/area-annuncio\/wp-json\/wp\/v2\/categories?post=16723"},{"taxonomy":"post_tag","embeddable":true,"href":"https:\/\/www.diocesitn.it\/area-annuncio\/wp-json\/wp\/v2\/tags?post=16723"}],"curies":[{"name":"wp","href":"https:\/\/api.w.org\/{rel}","templated":true}]}}