{"id":16372,"date":"2022-10-04T08:00:25","date_gmt":"2022-10-04T06:00:25","guid":{"rendered":"https:\/\/www.diocesitn.it\/area-annuncio\/?p=16372"},"modified":"2024-03-21T14:47:54","modified_gmt":"2024-03-21T13:47:54","slug":"volontariato-al-san-camillo","status":"publish","type":"post","link":"https:\/\/www.diocesitn.it\/area-annuncio\/2022\/10\/04\/volontariato-al-san-camillo\/","title":{"rendered":"Passi di prossimit\u00e0 all&#8217;ospedale San Camillo"},"content":{"rendered":"<p>Un percorso di volontariato fatto di incontri tra giovani e residenti della struttura ospedaliera del San Camillo! A partire dal mese di novembre, per cinque luned\u00ec, piccoli gruppi di giovani accompagnati da una guida esperta potranno visitare i reparti ed incontrare le persone ricoverate: un&#8217;occasione per intrecciare situazioni di vita, emozioni, esperienze.<\/p>\n<p>Il percorso si articola in<strong> un incontro settimanale con gli ospiti della struttura<\/strong> nei mesi di novembre e dicembre; l&#8217;incontro avviene in piccoli gruppi accompagnati da una guida esperta e prevede una parte di visita dei reparti e una parte formativa.<\/p>\n<p>Il primo incontro \u00e8 in programma luned\u00ec 7 novembre, dalle 18.30 alle 20; seguiranno altri 4 incontri nei luned\u00ec successivi, sempre alla stessa ora. Si concluder\u00e0 con un incontro natalizio, da stabilire insieme ai partecipanti.<\/p>\n<p><strong>Informazioni utili:<\/strong><\/p>\n<ul>\n<li>Quando? Il <strong>7, 14, 21, 28\u00a0novembre e 5 dicembre 2022 <\/strong>(pi\u00f9 un incontro natalizio da definire)<\/li>\n<li>Dove? Presso l&#8217;ospedale <strong>San Camillo di Trento<\/strong><\/li>\n<li>Per chi? Per studenti universitari e giovani <strong>18 &#8211; 35<\/strong><\/li>\n<li>Per l&#8217;ingresso in ospedale sono necessari il <strong>green pass rafforzato e mascherina FFP2<\/strong><\/li>\n<li>I<strong>nfo<\/strong>: Servizio Pastorale giovanile 345 7060488 &#8211; mail: <strong>giovani@diocesitn.it<\/strong><\/li>\n<li><strong>Iscrizione obbligatoria<\/strong> entro domenica 30 ottobre 2022 compilando il modulo a fondo pagina<\/li>\n<li>Posti limitati<\/li>\n<li>Il primo incontro prevede un breve momento di formazione sanitaria<\/li>\n<\/ul>\n<p><a href=\"https:\/\/www.diocesitn.it\/area-annuncio\/wp-content\/uploads\/sites\/39\/2022\/10\/Locandina-San-Camillo-2022_23.pdf\" target=\"_blank\" rel=\"noopener\">Locandina<\/a><\/p>\n<p>&nbsp;<\/p>\n<p>&nbsp;<\/p>\n<p>&nbsp;<\/p>\n<p>&nbsp;<\/p>\n<p>&nbsp;<\/p>\n","protected":false},"excerpt":{"rendered":"<p>Un percorso di volontariato fatto di incontri tra giovani e residenti della struttura ospedaliera del San Camillo! A partire dal mese di novembre, per cinque luned\u00ec, piccoli gruppi di giovani accompagnati da una guida esperta<\/p>\n","protected":false},"author":167,"featured_media":16457,"comment_status":"closed","ping_status":"closed","sticky":false,"template":"","format":"standard","meta":{"footnotes":""},"categories":[618,608,739],"tags":[],"class_list":["post-16372","post","type-post","status-publish","format-standard","has-post-thumbnail","hentry","category-servizio-catechistico-giovani-pastorale-giovanile","category-notizie","category-proposte-di-servizio"],"acf":{"seed-localization-paese-cod":"IT","seed-localization-address":"","seed-localization-citta":"Trento","seed-localization-regione-cod-istat":"04","seed-localization-citta-cod-istat":"022205","seed-localization-localita":"","seed-localization-cap":"","seed-localization-marker-visibility":false,"seed-localization-children-visibility":false,"seed-localization-kml":"","seed-localization-custom-marker":""},"yoast_head":"<!-- This site is optimized with the Yoast SEO Premium plugin v20.2.1 (Yoast SEO v22.2) - https:\/\/yoast.com\/wordpress\/plugins\/seo\/ -->\n<title>Passi di prossimit\u00e0 all&#039;ospedale San Camillo - Annuncio e Sacramenti - Chiesa di Trento<\/title>\n<meta name=\"robots\" content=\"index, follow, max-snippet:-1, max-image-preview:large, max-video-preview:-1\" \/>\n<link rel=\"canonical\" href=\"https:\/\/www.diocesitn.it\/area-annuncio\/2022\/10\/04\/volontariato-al-san-camillo\/\" \/>\n<meta property=\"og:locale\" content=\"it_IT\" \/>\n<meta property=\"og:type\" content=\"article\" \/>\n<meta property=\"og:title\" content=\"Passi di prossimit\u00e0 all&#039;ospedale San Camillo\" \/>\n<meta property=\"og:description\" content=\"Un percorso di volontariato fatto di incontri tra giovani e residenti della struttura ospedaliera del San Camillo! A partire dal mese di novembre, per cinque luned\u00ec, piccoli gruppi di giovani accompagnati da una guida esperta\" \/>\n<meta property=\"og:url\" content=\"https:\/\/www.diocesitn.it\/area-annuncio\/2022\/10\/04\/volontariato-al-san-camillo\/\" \/>\n<meta property=\"og:site_name\" content=\"Annuncio e Sacramenti\" \/>\n<meta property=\"article:publisher\" content=\"https:\/\/www.facebook.com\/pastoralegiovanile.trento\/\" \/>\n<meta property=\"article:published_time\" content=\"2022-10-04T06:00:25+00:00\" \/>\n<meta property=\"article:modified_time\" content=\"2024-03-21T13:47:54+00:00\" \/>\n<meta property=\"og:image\" content=\"https:\/\/www.diocesitn.it\/area-annuncio\/wp-content\/uploads\/sites\/39\/2022\/10\/San-Camillo-2022-scaled.jpg\" \/>\n\t<meta property=\"og:image:width\" content=\"2048\" \/>\n\t<meta property=\"og:image:height\" content=\"2560\" \/>\n\t<meta property=\"og:image:type\" content=\"image\/jpeg\" \/>\n<meta name=\"author\" content=\"ccremonesi\" \/>\n<meta name=\"twitter:card\" content=\"summary_large_image\" \/>\n<meta name=\"twitter:label1\" content=\"Scritto da\" \/>\n\t<meta name=\"twitter:data1\" content=\"ccremonesi\" \/>\n\t<meta name=\"twitter:label2\" content=\"Tempo di lettura stimato\" \/>\n\t<meta name=\"twitter:data2\" content=\"1 minuto\" \/>\n<script type=\"application\/ld+json\" class=\"yoast-schema-graph\">{\"@context\":\"https:\/\/schema.org\",\"@graph\":[{\"@type\":\"Article\",\"@id\":\"https:\/\/www.diocesitn.it\/area-annuncio\/2022\/10\/04\/volontariato-al-san-camillo\/#article\",\"isPartOf\":{\"@id\":\"https:\/\/www.diocesitn.it\/area-annuncio\/2022\/10\/04\/volontariato-al-san-camillo\/\"},\"author\":{\"name\":\"ccremonesi\",\"@id\":\"https:\/\/www.diocesitn.it\/area-annuncio\/#\/schema\/person\/8963f67519fa0dce29c5ba33955dd0f0\"},\"headline\":\"Passi di prossimit\u00e0 all&#8217;ospedale San Camillo\",\"datePublished\":\"2022-10-04T06:00:25+00:00\",\"dateModified\":\"2024-03-21T13:47:54+00:00\",\"mainEntityOfPage\":{\"@id\":\"https:\/\/www.diocesitn.it\/area-annuncio\/2022\/10\/04\/volontariato-al-san-camillo\/\"},\"wordCount\":208,\"publisher\":{\"@id\":\"https:\/\/www.diocesitn.it\/area-annuncio\/#organization\"},\"image\":{\"@id\":\"https:\/\/www.diocesitn.it\/area-annuncio\/2022\/10\/04\/volontariato-al-san-camillo\/#primaryimage\"},\"thumbnailUrl\":\"https:\/\/www.diocesitn.it\/area-annuncio\/wp-content\/uploads\/sites\/39\/2022\/10\/San-Camillo-2022-scaled.jpg\",\"articleSection\":[\"Giovani\",\"Notizie\",\"Proposte di servizio\"],\"inLanguage\":\"it-IT\",\"copyrightYear\":\"2022\",\"copyrightHolder\":{\"@id\":\"https:\/\/www.diocesitn.it\/#organization\"}},{\"@type\":\"WebPage\",\"@id\":\"https:\/\/www.diocesitn.it\/area-annuncio\/2022\/10\/04\/volontariato-al-san-camillo\/\",\"url\":\"https:\/\/www.diocesitn.it\/area-annuncio\/2022\/10\/04\/volontariato-al-san-camillo\/\",\"name\":\"Passi di prossimit\u00e0 all'ospedale San Camillo - Annuncio e Sacramenti - Chiesa di Trento\",\"isPartOf\":{\"@id\":\"https:\/\/www.diocesitn.it\/area-annuncio\/#website\"},\"primaryImageOfPage\":{\"@id\":\"https:\/\/www.diocesitn.it\/area-annuncio\/2022\/10\/04\/volontariato-al-san-camillo\/#primaryimage\"},\"image\":{\"@id\":\"https:\/\/www.diocesitn.it\/area-annuncio\/2022\/10\/04\/volontariato-al-san-camillo\/#primaryimage\"},\"thumbnailUrl\":\"https:\/\/www.diocesitn.it\/area-annuncio\/wp-content\/uploads\/sites\/39\/2022\/10\/San-Camillo-2022-scaled.jpg\",\"datePublished\":\"2022-10-04T06:00:25+00:00\",\"dateModified\":\"2024-03-21T13:47:54+00:00\",\"breadcrumb\":{\"@id\":\"https:\/\/www.diocesitn.it\/area-annuncio\/2022\/10\/04\/volontariato-al-san-camillo\/#breadcrumb\"},\"inLanguage\":\"it-IT\",\"potentialAction\":[{\"@type\":\"ReadAction\",\"target\":[\"https:\/\/www.diocesitn.it\/area-annuncio\/2022\/10\/04\/volontariato-al-san-camillo\/\"]}]},{\"@type\":\"ImageObject\",\"inLanguage\":\"it-IT\",\"@id\":\"https:\/\/www.diocesitn.it\/area-annuncio\/2022\/10\/04\/volontariato-al-san-camillo\/#primaryimage\",\"url\":\"https:\/\/www.diocesitn.it\/area-annuncio\/wp-content\/uploads\/sites\/39\/2022\/10\/San-Camillo-2022-scaled.jpg\",\"contentUrl\":\"https:\/\/www.diocesitn.it\/area-annuncio\/wp-content\/uploads\/sites\/39\/2022\/10\/San-Camillo-2022-scaled.jpg\",\"width\":2048,\"height\":2560},{\"@type\":\"BreadcrumbList\",\"@id\":\"https:\/\/www.diocesitn.it\/area-annuncio\/2022\/10\/04\/volontariato-al-san-camillo\/#breadcrumb\",\"itemListElement\":[{\"@type\":\"ListItem\",\"position\":1,\"name\":\"Home\",\"item\":\"https:\/\/www.diocesitn.it\/area-annuncio\/\"},{\"@type\":\"ListItem\",\"position\":2,\"name\":\"Passi di prossimit\u00e0 all&#8217;ospedale San Camillo\"}]},{\"@type\":\"WebSite\",\"@id\":\"https:\/\/www.diocesitn.it\/area-annuncio\/#website\",\"url\":\"https:\/\/www.diocesitn.it\/area-annuncio\/\",\"name\":\"Annuncio e Sacramenti\",\"description\":\"Chiesa di Trento\",\"publisher\":{\"@id\":\"https:\/\/www.diocesitn.it\/area-annuncio\/#organization\"},\"potentialAction\":[{\"@type\":\"SearchAction\",\"target\":{\"@type\":\"EntryPoint\",\"urlTemplate\":\"https:\/\/www.diocesitn.it\/area-annuncio\/?s={search_term_string}\"},\"query-input\":\"required name=search_term_string\"}],\"inLanguage\":\"it-IT\"},{\"@type\":[\"Organization\",\"Place\"],\"@id\":\"https:\/\/www.diocesitn.it\/area-annuncio\/#organization\",\"name\":\"Area Annuncio e Sacramenti - Chiesa di Trento\",\"url\":\"https:\/\/www.diocesitn.it\/area-annuncio\/\",\"logo\":{\"@id\":\"https:\/\/www.diocesitn.it\/area-annuncio\/2022\/10\/04\/volontariato-al-san-camillo\/#local-main-organization-logo\"},\"image\":{\"@id\":\"https:\/\/www.diocesitn.it\/area-annuncio\/2022\/10\/04\/volontariato-al-san-camillo\/#local-main-organization-logo\"},\"sameAs\":[\"https:\/\/www.facebook.com\/pastoralegiovanile.trento\/\",\"https:\/\/www.instagram.com\/pastoralegiovaniletrento\/\",\"https:\/\/www.youtube.com\/channel\/UCGt7hyJaIQIkrQPos4K6L6w\"],\"openingHoursSpecification\":[{\"@type\":\"OpeningHoursSpecification\",\"dayOfWeek\":[\"Monday\",\"Tuesday\",\"Wednesday\",\"Thursday\",\"Friday\",\"Saturday\",\"Sunday\"],\"opens\":\"09:00\",\"closes\":\"17:00\"}]},{\"@type\":\"ImageObject\",\"inLanguage\":\"it-IT\",\"@id\":\"https:\/\/www.diocesitn.it\/area-annuncio\/2022\/10\/04\/volontariato-al-san-camillo\/#local-main-organization-logo\",\"url\":\"https:\/\/www.diocesitn.it\/area-annuncio\/wp-content\/uploads\/sites\/39\/2021\/09\/og-logo-annuncio-e-sacramenti.jpg\",\"contentUrl\":\"https:\/\/www.diocesitn.it\/area-annuncio\/wp-content\/uploads\/sites\/39\/2021\/09\/og-logo-annuncio-e-sacramenti.jpg\",\"width\":1200,\"height\":630,\"caption\":\"Area Annuncio e Sacramenti - Chiesa di Trento\"}]}<\/script>\n<!-- \/ Yoast SEO Premium plugin. -->","yoast_head_json":{"title":"Passi di prossimit\u00e0 all'ospedale San Camillo - Annuncio e Sacramenti - Chiesa di Trento","robots":{"index":"index","follow":"follow","max-snippet":"max-snippet:-1","max-image-preview":"max-image-preview:large","max-video-preview":"max-video-preview:-1"},"canonical":"https:\/\/www.diocesitn.it\/area-annuncio\/2022\/10\/04\/volontariato-al-san-camillo\/","og_locale":"it_IT","og_type":"article","og_title":"Passi di prossimit\u00e0 all'ospedale San Camillo","og_description":"Un percorso di volontariato fatto di incontri tra giovani e residenti della struttura ospedaliera del San Camillo! A partire dal mese di novembre, per cinque luned\u00ec, piccoli gruppi di giovani accompagnati da una guida esperta","og_url":"https:\/\/www.diocesitn.it\/area-annuncio\/2022\/10\/04\/volontariato-al-san-camillo\/","og_site_name":"Annuncio e Sacramenti","article_publisher":"https:\/\/www.facebook.com\/pastoralegiovanile.trento\/","article_published_time":"2022-10-04T06:00:25+00:00","article_modified_time":"2024-03-21T13:47:54+00:00","og_image":[{"width":2048,"height":2560,"url":"https:\/\/www.diocesitn.it\/area-annuncio\/wp-content\/uploads\/sites\/39\/2022\/10\/San-Camillo-2022-scaled.jpg","type":"image\/jpeg"}],"author":"ccremonesi","twitter_card":"summary_large_image","twitter_misc":{"Scritto da":"ccremonesi","Tempo di lettura stimato":"1 minuto"},"schema":{"@context":"https:\/\/schema.org","@graph":[{"@type":"Article","@id":"https:\/\/www.diocesitn.it\/area-annuncio\/2022\/10\/04\/volontariato-al-san-camillo\/#article","isPartOf":{"@id":"https:\/\/www.diocesitn.it\/area-annuncio\/2022\/10\/04\/volontariato-al-san-camillo\/"},"author":{"name":"ccremonesi","@id":"https:\/\/www.diocesitn.it\/area-annuncio\/#\/schema\/person\/8963f67519fa0dce29c5ba33955dd0f0"},"headline":"Passi di prossimit\u00e0 all&#8217;ospedale San Camillo","datePublished":"2022-10-04T06:00:25+00:00","dateModified":"2024-03-21T13:47:54+00:00","mainEntityOfPage":{"@id":"https:\/\/www.diocesitn.it\/area-annuncio\/2022\/10\/04\/volontariato-al-san-camillo\/"},"wordCount":208,"publisher":{"@id":"https:\/\/www.diocesitn.it\/area-annuncio\/#organization"},"image":{"@id":"https:\/\/www.diocesitn.it\/area-annuncio\/2022\/10\/04\/volontariato-al-san-camillo\/#primaryimage"},"thumbnailUrl":"https:\/\/www.diocesitn.it\/area-annuncio\/wp-content\/uploads\/sites\/39\/2022\/10\/San-Camillo-2022-scaled.jpg","articleSection":["Giovani","Notizie","Proposte di servizio"],"inLanguage":"it-IT","copyrightYear":"2022","copyrightHolder":{"@id":"https:\/\/www.diocesitn.it\/#organization"}},{"@type":"WebPage","@id":"https:\/\/www.diocesitn.it\/area-annuncio\/2022\/10\/04\/volontariato-al-san-camillo\/","url":"https:\/\/www.diocesitn.it\/area-annuncio\/2022\/10\/04\/volontariato-al-san-camillo\/","name":"Passi di prossimit\u00e0 all'ospedale San Camillo - Annuncio e Sacramenti - Chiesa di Trento","isPartOf":{"@id":"https:\/\/www.diocesitn.it\/area-annuncio\/#website"},"primaryImageOfPage":{"@id":"https:\/\/www.diocesitn.it\/area-annuncio\/2022\/10\/04\/volontariato-al-san-camillo\/#primaryimage"},"image":{"@id":"https:\/\/www.diocesitn.it\/area-annuncio\/2022\/10\/04\/volontariato-al-san-camillo\/#primaryimage"},"thumbnailUrl":"https:\/\/www.diocesitn.it\/area-annuncio\/wp-content\/uploads\/sites\/39\/2022\/10\/San-Camillo-2022-scaled.jpg","datePublished":"2022-10-04T06:00:25+00:00","dateModified":"2024-03-21T13:47:54+00:00","breadcrumb":{"@id":"https:\/\/www.diocesitn.it\/area-annuncio\/2022\/10\/04\/volontariato-al-san-camillo\/#breadcrumb"},"inLanguage":"it-IT","potentialAction":[{"@type":"ReadAction","target":["https:\/\/www.diocesitn.it\/area-annuncio\/2022\/10\/04\/volontariato-al-san-camillo\/"]}]},{"@type":"ImageObject","inLanguage":"it-IT","@id":"https:\/\/www.diocesitn.it\/area-annuncio\/2022\/10\/04\/volontariato-al-san-camillo\/#primaryimage","url":"https:\/\/www.diocesitn.it\/area-annuncio\/wp-content\/uploads\/sites\/39\/2022\/10\/San-Camillo-2022-scaled.jpg","contentUrl":"https:\/\/www.diocesitn.it\/area-annuncio\/wp-content\/uploads\/sites\/39\/2022\/10\/San-Camillo-2022-scaled.jpg","width":2048,"height":2560},{"@type":"BreadcrumbList","@id":"https:\/\/www.diocesitn.it\/area-annuncio\/2022\/10\/04\/volontariato-al-san-camillo\/#breadcrumb","itemListElement":[{"@type":"ListItem","position":1,"name":"Home","item":"https:\/\/www.diocesitn.it\/area-annuncio\/"},{"@type":"ListItem","position":2,"name":"Passi di prossimit\u00e0 all&#8217;ospedale San Camillo"}]},{"@type":"WebSite","@id":"https:\/\/www.diocesitn.it\/area-annuncio\/#website","url":"https:\/\/www.diocesitn.it\/area-annuncio\/","name":"Annuncio e Sacramenti","description":"Chiesa di Trento","publisher":{"@id":"https:\/\/www.diocesitn.it\/area-annuncio\/#organization"},"potentialAction":[{"@type":"SearchAction","target":{"@type":"EntryPoint","urlTemplate":"https:\/\/www.diocesitn.it\/area-annuncio\/?s={search_term_string}"},"query-input":"required name=search_term_string"}],"inLanguage":"it-IT"},{"@type":["Organization","Place"],"@id":"https:\/\/www.diocesitn.it\/area-annuncio\/#organization","name":"Area Annuncio e Sacramenti - Chiesa di Trento","url":"https:\/\/www.diocesitn.it\/area-annuncio\/","logo":{"@id":"https:\/\/www.diocesitn.it\/area-annuncio\/2022\/10\/04\/volontariato-al-san-camillo\/#local-main-organization-logo"},"image":{"@id":"https:\/\/www.diocesitn.it\/area-annuncio\/2022\/10\/04\/volontariato-al-san-camillo\/#local-main-organization-logo"},"sameAs":["https:\/\/www.facebook.com\/pastoralegiovanile.trento\/","https:\/\/www.instagram.com\/pastoralegiovaniletrento\/","https:\/\/www.youtube.com\/channel\/UCGt7hyJaIQIkrQPos4K6L6w"],"openingHoursSpecification":[{"@type":"OpeningHoursSpecification","dayOfWeek":["Monday","Tuesday","Wednesday","Thursday","Friday","Saturday","Sunday"],"opens":"09:00","closes":"17:00"}]},{"@type":"ImageObject","inLanguage":"it-IT","@id":"https:\/\/www.diocesitn.it\/area-annuncio\/2022\/10\/04\/volontariato-al-san-camillo\/#local-main-organization-logo","url":"https:\/\/www.diocesitn.it\/area-annuncio\/wp-content\/uploads\/sites\/39\/2021\/09\/og-logo-annuncio-e-sacramenti.jpg","contentUrl":"https:\/\/www.diocesitn.it\/area-annuncio\/wp-content\/uploads\/sites\/39\/2021\/09\/og-logo-annuncio-e-sacramenti.jpg","width":1200,"height":630,"caption":"Area Annuncio e Sacramenti - Chiesa di Trento"}]}},"_links":{"self":[{"href":"https:\/\/www.diocesitn.it\/area-annuncio\/wp-json\/wp\/v2\/posts\/16372","targetHints":{"allow":["GET"]}}],"collection":[{"href":"https:\/\/www.diocesitn.it\/area-annuncio\/wp-json\/wp\/v2\/posts"}],"about":[{"href":"https:\/\/www.diocesitn.it\/area-annuncio\/wp-json\/wp\/v2\/types\/post"}],"author":[{"embeddable":true,"href":"https:\/\/www.diocesitn.it\/area-annuncio\/wp-json\/wp\/v2\/users\/167"}],"replies":[{"embeddable":true,"href":"https:\/\/www.diocesitn.it\/area-annuncio\/wp-json\/wp\/v2\/comments?post=16372"}],"version-history":[{"count":4,"href":"https:\/\/www.diocesitn.it\/area-annuncio\/wp-json\/wp\/v2\/posts\/16372\/revisions"}],"predecessor-version":[{"id":16906,"href":"https:\/\/www.diocesitn.it\/area-annuncio\/wp-json\/wp\/v2\/posts\/16372\/revisions\/16906"}],"wp:featuredmedia":[{"embeddable":true,"href":"https:\/\/www.diocesitn.it\/area-annuncio\/wp-json\/wp\/v2\/media\/16457"}],"wp:attachment":[{"href":"https:\/\/www.diocesitn.it\/area-annuncio\/wp-json\/wp\/v2\/media?parent=16372"}],"wp:term":[{"taxonomy":"category","embeddable":true,"href":"https:\/\/www.diocesitn.it\/area-annuncio\/wp-json\/wp\/v2\/categories?post=16372"},{"taxonomy":"post_tag","embeddable":true,"href":"https:\/\/www.diocesitn.it\/area-annuncio\/wp-json\/wp\/v2\/tags?post=16372"}],"curies":[{"name":"wp","href":"https:\/\/api.w.org\/{rel}","templated":true}]}}