{"id":15789,"date":"2022-05-25T08:27:20","date_gmt":"2022-05-25T06:27:20","guid":{"rendered":"https:\/\/www.diocesitn.it\/area-annuncio\/?p=15789"},"modified":"2022-05-25T08:27:20","modified_gmt":"2022-05-25T06:27:20","slug":"giornata-di-spiritualita-e-di-amicizia","status":"publish","type":"post","link":"https:\/\/www.diocesitn.it\/area-annuncio\/2022\/05\/25\/giornata-di-spiritualita-e-di-amicizia\/","title":{"rendered":"Giornata di Spiritualit\u00e0 e di Amicizia"},"content":{"rendered":"<p>L&#8217;unione Diocesana Sacristi propone per la giornata di <strong>Mercoled\u00ec 15 Giugno 2022 un uscita di spiritualit\u00e0 e amicizia<\/strong> a Capriana per ripercorrere i luoghi della &#8220;Meneghina&#8221;, Maria Domenica Lazzeri (1815-1848) di cui \u00e8 in corso la causa di beatificazione.<\/p>\n<p>Questo il programma:<\/p>\n<p>ore 9.00 &#8211; Partenza da Trento Stazione e area Zuffo (9.05)<br \/>\nore 10,30 &#8211; Arrivo a Capriana<br \/>\nore 10,45 &#8211; Visita alla tomba della serva di Dio<br \/>\nore 11,00 &#8211; S. Messa<br \/>\nore 12,30 &#8211; Pranzo all&#8217;Hotel Dolomiti<br \/>\nore 14,30 &#8211; Spostamento verso il mulino \u201cLazzeri\u201d<br \/>\nore 15,00 &#8211; Visita ai luoghi di vita della \u201cMeneghina\u201d con la guida locale Bruno Zanol<br \/>\nore 16,30 &#8211; Vespri in chiesa a Capriana<br \/>\nore 17.00 &#8211; Rientro a Trento<\/p>\n<p>Guider\u00e0 la giornata l&#8217;assistente diocesano don Federico Andreolli e don Giulio Viviani, Postulatore della causa di beatificazione di Maria Domenica Lazzeri.<\/p>\n<p>Quota per il pranzo \u20ac 28,00<br \/>\nQuota per il pullman \u20ac 10,00<br \/>\n<strong>PRENOTAZIONI entro il 4 giugno a Maria Pia Orlandi<\/strong><br \/>\n0465\/701015 ore 9-12.30 e 13.30 -15.00 oppure via mail: mrporlandi@gmail.com<\/p>\n<p><strong><a href=\"https:\/\/www.diocesitn.it\/area-annuncio\/wp-content\/uploads\/sites\/39\/2022\/05\/GiornatadiAmicizia22def23mag222news.pdf\" target=\"_blank\" rel=\"noopener\">LOCANDINA<\/a><\/strong><\/p>\n","protected":false},"excerpt":{"rendered":"<p>L&#8217;unione Diocesana Sacristi propone per la giornata di Mercoled\u00ec 15 Giugno 2022 un uscita di spiritualit\u00e0 e amicizia a Capriana per ripercorrere i luoghi della &#8220;Meneghina&#8221;, Maria Domenica Lazzeri (1815-1848) di cui \u00e8 in corso<\/p>\n","protected":false},"author":31,"featured_media":15790,"comment_status":"closed","ping_status":"closed","sticky":false,"template":"","format":"standard","meta":{"footnotes":""},"categories":[693,608],"tags":[],"class_list":["post-15789","post","type-post","status-publish","format-standard","has-post-thumbnail","hentry","category-servizio-liturgico","category-notizie"],"acf":{"seed-localization-paese-cod":"IT","seed-localization-address":"","seed-localization-citta":"Trento","seed-localization-regione-cod-istat":"04","seed-localization-citta-cod-istat":"022205","seed-localization-localita":"","seed-localization-cap":"","seed-localization-marker-visibility":false,"seed-localization-children-visibility":false,"seed-localization-kml":"","seed-localization-custom-marker":""},"yoast_head":"<!-- This site is optimized with the Yoast SEO Premium plugin v20.2.1 (Yoast SEO v22.2) - https:\/\/yoast.com\/wordpress\/plugins\/seo\/ -->\n<title>Giornata di Spiritualit\u00e0 e di Amicizia - Annuncio e Sacramenti - Chiesa di Trento<\/title>\n<meta name=\"robots\" content=\"index, follow, max-snippet:-1, max-image-preview:large, max-video-preview:-1\" \/>\n<link rel=\"canonical\" href=\"https:\/\/www.diocesitn.it\/area-annuncio\/2022\/05\/25\/giornata-di-spiritualita-e-di-amicizia\/\" \/>\n<meta property=\"og:locale\" content=\"it_IT\" \/>\n<meta property=\"og:type\" content=\"article\" \/>\n<meta property=\"og:title\" content=\"Giornata di Spiritualit\u00e0 e di Amicizia\" \/>\n<meta property=\"og:description\" content=\"L&#8217;unione Diocesana Sacristi propone per la giornata di Mercoled\u00ec 15 Giugno 2022 un uscita di spiritualit\u00e0 e amicizia a Capriana per ripercorrere i luoghi della &#8220;Meneghina&#8221;, Maria Domenica Lazzeri (1815-1848) di cui \u00e8 in corso\" \/>\n<meta property=\"og:url\" content=\"https:\/\/www.diocesitn.it\/area-annuncio\/2022\/05\/25\/giornata-di-spiritualita-e-di-amicizia\/\" \/>\n<meta property=\"og:site_name\" content=\"Annuncio e Sacramenti\" \/>\n<meta property=\"article:publisher\" content=\"https:\/\/www.facebook.com\/pastoralegiovanile.trento\/\" \/>\n<meta property=\"article:published_time\" content=\"2022-05-25T06:27:20+00:00\" \/>\n<meta property=\"og:image\" content=\"https:\/\/www.diocesitn.it\/area-annuncio\/wp-content\/uploads\/sites\/39\/2022\/05\/Meneghina.jpeg\" \/>\n\t<meta property=\"og:image:width\" content=\"510\" \/>\n\t<meta property=\"og:image:height\" content=\"340\" \/>\n\t<meta property=\"og:image:type\" content=\"image\/jpeg\" \/>\n<meta name=\"author\" content=\"pdelama\" \/>\n<meta name=\"twitter:card\" content=\"summary_large_image\" \/>\n<meta name=\"twitter:label1\" content=\"Scritto da\" \/>\n\t<meta name=\"twitter:data1\" content=\"pdelama\" \/>\n\t<meta name=\"twitter:label2\" content=\"Tempo di lettura stimato\" \/>\n\t<meta name=\"twitter:data2\" content=\"1 minuto\" \/>\n<script type=\"application\/ld+json\" class=\"yoast-schema-graph\">{\"@context\":\"https:\/\/schema.org\",\"@graph\":[{\"@type\":\"Article\",\"@id\":\"https:\/\/www.diocesitn.it\/area-annuncio\/2022\/05\/25\/giornata-di-spiritualita-e-di-amicizia\/#article\",\"isPartOf\":{\"@id\":\"https:\/\/www.diocesitn.it\/area-annuncio\/2022\/05\/25\/giornata-di-spiritualita-e-di-amicizia\/\"},\"author\":{\"name\":\"pdelama\",\"@id\":\"https:\/\/www.diocesitn.it\/area-annuncio\/#\/schema\/person\/65154cb45813d674873791b3accc006b\"},\"headline\":\"Giornata di Spiritualit\u00e0 e di Amicizia\",\"datePublished\":\"2022-05-25T06:27:20+00:00\",\"dateModified\":\"2022-05-25T06:27:20+00:00\",\"mainEntityOfPage\":{\"@id\":\"https:\/\/www.diocesitn.it\/area-annuncio\/2022\/05\/25\/giornata-di-spiritualita-e-di-amicizia\/\"},\"wordCount\":159,\"publisher\":{\"@id\":\"https:\/\/www.diocesitn.it\/area-annuncio\/#organization\"},\"image\":{\"@id\":\"https:\/\/www.diocesitn.it\/area-annuncio\/2022\/05\/25\/giornata-di-spiritualita-e-di-amicizia\/#primaryimage\"},\"thumbnailUrl\":\"https:\/\/www.diocesitn.it\/area-annuncio\/wp-content\/uploads\/sites\/39\/2022\/05\/Meneghina.jpeg\",\"articleSection\":[\"Liturgia\",\"Notizie\"],\"inLanguage\":\"it-IT\",\"copyrightYear\":\"2022\",\"copyrightHolder\":{\"@id\":\"https:\/\/www.diocesitn.it\/#organization\"}},{\"@type\":\"WebPage\",\"@id\":\"https:\/\/www.diocesitn.it\/area-annuncio\/2022\/05\/25\/giornata-di-spiritualita-e-di-amicizia\/\",\"url\":\"https:\/\/www.diocesitn.it\/area-annuncio\/2022\/05\/25\/giornata-di-spiritualita-e-di-amicizia\/\",\"name\":\"Giornata di Spiritualit\u00e0 e di Amicizia - Annuncio e Sacramenti - Chiesa di Trento\",\"isPartOf\":{\"@id\":\"https:\/\/www.diocesitn.it\/area-annuncio\/#website\"},\"primaryImageOfPage\":{\"@id\":\"https:\/\/www.diocesitn.it\/area-annuncio\/2022\/05\/25\/giornata-di-spiritualita-e-di-amicizia\/#primaryimage\"},\"image\":{\"@id\":\"https:\/\/www.diocesitn.it\/area-annuncio\/2022\/05\/25\/giornata-di-spiritualita-e-di-amicizia\/#primaryimage\"},\"thumbnailUrl\":\"https:\/\/www.diocesitn.it\/area-annuncio\/wp-content\/uploads\/sites\/39\/2022\/05\/Meneghina.jpeg\",\"datePublished\":\"2022-05-25T06:27:20+00:00\",\"dateModified\":\"2022-05-25T06:27:20+00:00\",\"breadcrumb\":{\"@id\":\"https:\/\/www.diocesitn.it\/area-annuncio\/2022\/05\/25\/giornata-di-spiritualita-e-di-amicizia\/#breadcrumb\"},\"inLanguage\":\"it-IT\",\"potentialAction\":[{\"@type\":\"ReadAction\",\"target\":[\"https:\/\/www.diocesitn.it\/area-annuncio\/2022\/05\/25\/giornata-di-spiritualita-e-di-amicizia\/\"]}]},{\"@type\":\"ImageObject\",\"inLanguage\":\"it-IT\",\"@id\":\"https:\/\/www.diocesitn.it\/area-annuncio\/2022\/05\/25\/giornata-di-spiritualita-e-di-amicizia\/#primaryimage\",\"url\":\"https:\/\/www.diocesitn.it\/area-annuncio\/wp-content\/uploads\/sites\/39\/2022\/05\/Meneghina.jpeg\",\"contentUrl\":\"https:\/\/www.diocesitn.it\/area-annuncio\/wp-content\/uploads\/sites\/39\/2022\/05\/Meneghina.jpeg\",\"width\":510,\"height\":340},{\"@type\":\"BreadcrumbList\",\"@id\":\"https:\/\/www.diocesitn.it\/area-annuncio\/2022\/05\/25\/giornata-di-spiritualita-e-di-amicizia\/#breadcrumb\",\"itemListElement\":[{\"@type\":\"ListItem\",\"position\":1,\"name\":\"Home\",\"item\":\"https:\/\/www.diocesitn.it\/area-annuncio\/\"},{\"@type\":\"ListItem\",\"position\":2,\"name\":\"Giornata di Spiritualit\u00e0 e di Amicizia\"}]},{\"@type\":\"WebSite\",\"@id\":\"https:\/\/www.diocesitn.it\/area-annuncio\/#website\",\"url\":\"https:\/\/www.diocesitn.it\/area-annuncio\/\",\"name\":\"Annuncio e Sacramenti\",\"description\":\"Chiesa di Trento\",\"publisher\":{\"@id\":\"https:\/\/www.diocesitn.it\/area-annuncio\/#organization\"},\"potentialAction\":[{\"@type\":\"SearchAction\",\"target\":{\"@type\":\"EntryPoint\",\"urlTemplate\":\"https:\/\/www.diocesitn.it\/area-annuncio\/?s={search_term_string}\"},\"query-input\":\"required name=search_term_string\"}],\"inLanguage\":\"it-IT\"},{\"@type\":[\"Organization\",\"Place\"],\"@id\":\"https:\/\/www.diocesitn.it\/area-annuncio\/#organization\",\"name\":\"Area Annuncio e Sacramenti - Chiesa di Trento\",\"url\":\"https:\/\/www.diocesitn.it\/area-annuncio\/\",\"logo\":{\"@id\":\"https:\/\/www.diocesitn.it\/area-annuncio\/2022\/05\/25\/giornata-di-spiritualita-e-di-amicizia\/#local-main-organization-logo\"},\"image\":{\"@id\":\"https:\/\/www.diocesitn.it\/area-annuncio\/2022\/05\/25\/giornata-di-spiritualita-e-di-amicizia\/#local-main-organization-logo\"},\"sameAs\":[\"https:\/\/www.facebook.com\/pastoralegiovanile.trento\/\",\"https:\/\/www.instagram.com\/pastoralegiovaniletrento\/\",\"https:\/\/www.youtube.com\/channel\/UCGt7hyJaIQIkrQPos4K6L6w\"],\"openingHoursSpecification\":[{\"@type\":\"OpeningHoursSpecification\",\"dayOfWeek\":[\"Monday\",\"Tuesday\",\"Wednesday\",\"Thursday\",\"Friday\",\"Saturday\",\"Sunday\"],\"opens\":\"09:00\",\"closes\":\"17:00\"}]},{\"@type\":\"ImageObject\",\"inLanguage\":\"it-IT\",\"@id\":\"https:\/\/www.diocesitn.it\/area-annuncio\/2022\/05\/25\/giornata-di-spiritualita-e-di-amicizia\/#local-main-organization-logo\",\"url\":\"https:\/\/www.diocesitn.it\/area-annuncio\/wp-content\/uploads\/sites\/39\/2021\/09\/og-logo-annuncio-e-sacramenti.jpg\",\"contentUrl\":\"https:\/\/www.diocesitn.it\/area-annuncio\/wp-content\/uploads\/sites\/39\/2021\/09\/og-logo-annuncio-e-sacramenti.jpg\",\"width\":1200,\"height\":630,\"caption\":\"Area Annuncio e Sacramenti - Chiesa di Trento\"}]}<\/script>\n<!-- \/ Yoast SEO Premium plugin. -->","yoast_head_json":{"title":"Giornata di Spiritualit\u00e0 e di Amicizia - Annuncio e Sacramenti - Chiesa di Trento","robots":{"index":"index","follow":"follow","max-snippet":"max-snippet:-1","max-image-preview":"max-image-preview:large","max-video-preview":"max-video-preview:-1"},"canonical":"https:\/\/www.diocesitn.it\/area-annuncio\/2022\/05\/25\/giornata-di-spiritualita-e-di-amicizia\/","og_locale":"it_IT","og_type":"article","og_title":"Giornata di Spiritualit\u00e0 e di Amicizia","og_description":"L&#8217;unione Diocesana Sacristi propone per la giornata di Mercoled\u00ec 15 Giugno 2022 un uscita di spiritualit\u00e0 e amicizia a Capriana per ripercorrere i luoghi della &#8220;Meneghina&#8221;, Maria Domenica Lazzeri (1815-1848) di cui \u00e8 in corso","og_url":"https:\/\/www.diocesitn.it\/area-annuncio\/2022\/05\/25\/giornata-di-spiritualita-e-di-amicizia\/","og_site_name":"Annuncio e Sacramenti","article_publisher":"https:\/\/www.facebook.com\/pastoralegiovanile.trento\/","article_published_time":"2022-05-25T06:27:20+00:00","og_image":[{"width":510,"height":340,"url":"https:\/\/www.diocesitn.it\/area-annuncio\/wp-content\/uploads\/sites\/39\/2022\/05\/Meneghina.jpeg","type":"image\/jpeg"}],"author":"pdelama","twitter_card":"summary_large_image","twitter_misc":{"Scritto da":"pdelama","Tempo di lettura stimato":"1 minuto"},"schema":{"@context":"https:\/\/schema.org","@graph":[{"@type":"Article","@id":"https:\/\/www.diocesitn.it\/area-annuncio\/2022\/05\/25\/giornata-di-spiritualita-e-di-amicizia\/#article","isPartOf":{"@id":"https:\/\/www.diocesitn.it\/area-annuncio\/2022\/05\/25\/giornata-di-spiritualita-e-di-amicizia\/"},"author":{"name":"pdelama","@id":"https:\/\/www.diocesitn.it\/area-annuncio\/#\/schema\/person\/65154cb45813d674873791b3accc006b"},"headline":"Giornata di Spiritualit\u00e0 e di Amicizia","datePublished":"2022-05-25T06:27:20+00:00","dateModified":"2022-05-25T06:27:20+00:00","mainEntityOfPage":{"@id":"https:\/\/www.diocesitn.it\/area-annuncio\/2022\/05\/25\/giornata-di-spiritualita-e-di-amicizia\/"},"wordCount":159,"publisher":{"@id":"https:\/\/www.diocesitn.it\/area-annuncio\/#organization"},"image":{"@id":"https:\/\/www.diocesitn.it\/area-annuncio\/2022\/05\/25\/giornata-di-spiritualita-e-di-amicizia\/#primaryimage"},"thumbnailUrl":"https:\/\/www.diocesitn.it\/area-annuncio\/wp-content\/uploads\/sites\/39\/2022\/05\/Meneghina.jpeg","articleSection":["Liturgia","Notizie"],"inLanguage":"it-IT","copyrightYear":"2022","copyrightHolder":{"@id":"https:\/\/www.diocesitn.it\/#organization"}},{"@type":"WebPage","@id":"https:\/\/www.diocesitn.it\/area-annuncio\/2022\/05\/25\/giornata-di-spiritualita-e-di-amicizia\/","url":"https:\/\/www.diocesitn.it\/area-annuncio\/2022\/05\/25\/giornata-di-spiritualita-e-di-amicizia\/","name":"Giornata di Spiritualit\u00e0 e di Amicizia - Annuncio e Sacramenti - Chiesa di Trento","isPartOf":{"@id":"https:\/\/www.diocesitn.it\/area-annuncio\/#website"},"primaryImageOfPage":{"@id":"https:\/\/www.diocesitn.it\/area-annuncio\/2022\/05\/25\/giornata-di-spiritualita-e-di-amicizia\/#primaryimage"},"image":{"@id":"https:\/\/www.diocesitn.it\/area-annuncio\/2022\/05\/25\/giornata-di-spiritualita-e-di-amicizia\/#primaryimage"},"thumbnailUrl":"https:\/\/www.diocesitn.it\/area-annuncio\/wp-content\/uploads\/sites\/39\/2022\/05\/Meneghina.jpeg","datePublished":"2022-05-25T06:27:20+00:00","dateModified":"2022-05-25T06:27:20+00:00","breadcrumb":{"@id":"https:\/\/www.diocesitn.it\/area-annuncio\/2022\/05\/25\/giornata-di-spiritualita-e-di-amicizia\/#breadcrumb"},"inLanguage":"it-IT","potentialAction":[{"@type":"ReadAction","target":["https:\/\/www.diocesitn.it\/area-annuncio\/2022\/05\/25\/giornata-di-spiritualita-e-di-amicizia\/"]}]},{"@type":"ImageObject","inLanguage":"it-IT","@id":"https:\/\/www.diocesitn.it\/area-annuncio\/2022\/05\/25\/giornata-di-spiritualita-e-di-amicizia\/#primaryimage","url":"https:\/\/www.diocesitn.it\/area-annuncio\/wp-content\/uploads\/sites\/39\/2022\/05\/Meneghina.jpeg","contentUrl":"https:\/\/www.diocesitn.it\/area-annuncio\/wp-content\/uploads\/sites\/39\/2022\/05\/Meneghina.jpeg","width":510,"height":340},{"@type":"BreadcrumbList","@id":"https:\/\/www.diocesitn.it\/area-annuncio\/2022\/05\/25\/giornata-di-spiritualita-e-di-amicizia\/#breadcrumb","itemListElement":[{"@type":"ListItem","position":1,"name":"Home","item":"https:\/\/www.diocesitn.it\/area-annuncio\/"},{"@type":"ListItem","position":2,"name":"Giornata di Spiritualit\u00e0 e di Amicizia"}]},{"@type":"WebSite","@id":"https:\/\/www.diocesitn.it\/area-annuncio\/#website","url":"https:\/\/www.diocesitn.it\/area-annuncio\/","name":"Annuncio e Sacramenti","description":"Chiesa di Trento","publisher":{"@id":"https:\/\/www.diocesitn.it\/area-annuncio\/#organization"},"potentialAction":[{"@type":"SearchAction","target":{"@type":"EntryPoint","urlTemplate":"https:\/\/www.diocesitn.it\/area-annuncio\/?s={search_term_string}"},"query-input":"required name=search_term_string"}],"inLanguage":"it-IT"},{"@type":["Organization","Place"],"@id":"https:\/\/www.diocesitn.it\/area-annuncio\/#organization","name":"Area Annuncio e Sacramenti - Chiesa di Trento","url":"https:\/\/www.diocesitn.it\/area-annuncio\/","logo":{"@id":"https:\/\/www.diocesitn.it\/area-annuncio\/2022\/05\/25\/giornata-di-spiritualita-e-di-amicizia\/#local-main-organization-logo"},"image":{"@id":"https:\/\/www.diocesitn.it\/area-annuncio\/2022\/05\/25\/giornata-di-spiritualita-e-di-amicizia\/#local-main-organization-logo"},"sameAs":["https:\/\/www.facebook.com\/pastoralegiovanile.trento\/","https:\/\/www.instagram.com\/pastoralegiovaniletrento\/","https:\/\/www.youtube.com\/channel\/UCGt7hyJaIQIkrQPos4K6L6w"],"openingHoursSpecification":[{"@type":"OpeningHoursSpecification","dayOfWeek":["Monday","Tuesday","Wednesday","Thursday","Friday","Saturday","Sunday"],"opens":"09:00","closes":"17:00"}]},{"@type":"ImageObject","inLanguage":"it-IT","@id":"https:\/\/www.diocesitn.it\/area-annuncio\/2022\/05\/25\/giornata-di-spiritualita-e-di-amicizia\/#local-main-organization-logo","url":"https:\/\/www.diocesitn.it\/area-annuncio\/wp-content\/uploads\/sites\/39\/2021\/09\/og-logo-annuncio-e-sacramenti.jpg","contentUrl":"https:\/\/www.diocesitn.it\/area-annuncio\/wp-content\/uploads\/sites\/39\/2021\/09\/og-logo-annuncio-e-sacramenti.jpg","width":1200,"height":630,"caption":"Area Annuncio e Sacramenti - Chiesa di Trento"}]}},"_links":{"self":[{"href":"https:\/\/www.diocesitn.it\/area-annuncio\/wp-json\/wp\/v2\/posts\/15789","targetHints":{"allow":["GET"]}}],"collection":[{"href":"https:\/\/www.diocesitn.it\/area-annuncio\/wp-json\/wp\/v2\/posts"}],"about":[{"href":"https:\/\/www.diocesitn.it\/area-annuncio\/wp-json\/wp\/v2\/types\/post"}],"author":[{"embeddable":true,"href":"https:\/\/www.diocesitn.it\/area-annuncio\/wp-json\/wp\/v2\/users\/31"}],"replies":[{"embeddable":true,"href":"https:\/\/www.diocesitn.it\/area-annuncio\/wp-json\/wp\/v2\/comments?post=15789"}],"version-history":[{"count":1,"href":"https:\/\/www.diocesitn.it\/area-annuncio\/wp-json\/wp\/v2\/posts\/15789\/revisions"}],"predecessor-version":[{"id":15791,"href":"https:\/\/www.diocesitn.it\/area-annuncio\/wp-json\/wp\/v2\/posts\/15789\/revisions\/15791"}],"wp:featuredmedia":[{"embeddable":true,"href":"https:\/\/www.diocesitn.it\/area-annuncio\/wp-json\/wp\/v2\/media\/15790"}],"wp:attachment":[{"href":"https:\/\/www.diocesitn.it\/area-annuncio\/wp-json\/wp\/v2\/media?parent=15789"}],"wp:term":[{"taxonomy":"category","embeddable":true,"href":"https:\/\/www.diocesitn.it\/area-annuncio\/wp-json\/wp\/v2\/categories?post=15789"},{"taxonomy":"post_tag","embeddable":true,"href":"https:\/\/www.diocesitn.it\/area-annuncio\/wp-json\/wp\/v2\/tags?post=15789"}],"curies":[{"name":"wp","href":"https:\/\/api.w.org\/{rel}","templated":true}]}}