{"id":15754,"date":"2022-05-17T11:15:11","date_gmt":"2022-05-17T09:15:11","guid":{"rendered":"https:\/\/www.diocesitn.it\/area-annuncio\/?p=15754"},"modified":"2022-05-19T08:11:58","modified_gmt":"2022-05-19T06:11:58","slug":"voci-del-verbo-maturare-settimana-per-prepararsi-insieme-alla-maturita-dal-13-al-17-giugno-2022","status":"publish","type":"post","link":"https:\/\/www.diocesitn.it\/area-annuncio\/2022\/05\/17\/voci-del-verbo-maturare-settimana-per-prepararsi-insieme-alla-maturita-dal-13-al-17-giugno-2022\/","title":{"rendered":"Voci del verbo Maturare, 5 giorni per prepararsi insieme alla maturit\u00e0 dal 13 al 17 giugno 2022 alla Casa Nido di Candriai"},"content":{"rendered":"<p>Vuoi <strong>prepararti alla maturit\u00e0<\/strong> in compagnia, in mezzo alla natura, con la possibilit\u00e0 di essere aiutato nel ripasso da alcuni professori o studenti universitari? Voci del verbo Maturare \u00e8 la proposta che fa per te! Puoi partecipare insieme ai tuoi amici, ai tuoi compagni di classe oppure da solo&#8230; e potrai cos\u00ec conoscere altri studenti alle prese come te con gli ultimi ripassi. Al cibo ci pensiamo noi!<\/p>\n<ul style=\"list-style-type: square\">\n<li><strong>Dalle 14 di luned\u00ec 13 giugno alle 14 di venerd\u00ec 17 giugno 2022<\/strong><\/li>\n<li>Presso la <strong>Casa Nido di Candriai &#8211; Trento<\/strong><\/li>\n<li>Costo: 120 euro comprensivo di vitto e alloggio<\/li>\n<li>Iscrizioni compilando il modulo sotto riportato <strong>entro il 31 maggio<\/strong><\/li>\n<\/ul>\n<p><strong>Note tecniche<\/strong><\/p>\n<ul>\n<li>\u00e8 richiesta una caparra di euro 50 da versare entro il 31 maggio 2022 tramite bonifico bancario; il saldo \u00e8 da versare entro venerd\u00ec 10 giugno;<\/li>\n<li>la proposta prevede un minimo di 20 e un massimo di 40 partecipanti;<\/li>\n<li>per info: Chiara Gubert al 342 1958394 oppure scrivi a giovani@diocesitn.it<\/li>\n<\/ul>\n<p><a href=\"https:\/\/www.diocesitn.it\/area-annuncio\/wp-content\/uploads\/sites\/39\/2022\/05\/Voci-del-verbo-maturare-2022_Volantino.pdf\" target=\"_blank\" rel=\"noopener\">Locandina<\/a><\/p>\n<p><strong>Iscrizioni<\/strong><\/p>\n<noscript class=\"ninja-forms-noscript-message\">\n\tAvviso: JavaScript \u00e8 obbligatorio per questo contenuto.<\/noscript>\nNessun campo trovato.<div id=\"nf-form-37-cont\" class=\"nf-form-cont\" aria-live=\"polite\" aria-labelledby=\"nf-form-title-37\" aria-describedby=\"nf-form-errors-37\" role=\"form\">\n\n    <div class=\"nf-loading-spinner\"><\/div>\n\n<\/div>\n        <!-- That data is being printed as a workaround to page builders reordering the order of the scripts loaded-->\n        <script>var formDisplay=1;var nfForms=nfForms||[];var form=[];form.id='37';form.settings={\"ninjaForms\":\"Ninja Forms\",\"changeEmailErrorMsg\":\"Immetti un indirizzo email valido.\",\"changeDateErrorMsg\":\"Please enter a valid date!\",\"confirmFieldErrorMsg\":\"Questi campi devono corrispondere.\",\"fieldNumberNumMinError\":\"Errore numero min\",\"fieldNumberNumMaxError\":\"Errore numero max\",\"fieldNumberIncrementBy\":\"Incrementa di \",\"fieldTextareaRTEInsertLink\":\"Inserisci link\",\"fieldTextareaRTEInsertMedia\":\"Inserisci media\",\"fieldTextareaRTESelectAFile\":\"Seleziona un file\",\"formErrorsCorrectErrors\":\"Correggi gli errori prima di inviare il form.\",\"formHoneypot\":\"Se sei un essere umano e vedi questo campo, lascialo vuoto.\",\"validateRequiredField\":\"Campo obbligatorio.\",\"honeypotHoneypotError\":\"Errore Honeypot\",\"fileUploadOldCodeFileUploadInProgress\":\"Caricamento file in corso.\",\"fileUploadOldCodeFileUpload\":\"CARICAMENTO FILE\",\"currencySymbol\":\"&euro;\",\"fieldsMarkedRequired\":\"I campi contrassegnati con <span class=\\\"ninja-forms-req-symbol\\\">*<\\\/span> sono obbligatori.\",\"thousands_sep\":\".\",\"decimal_point\":\",\",\"siteLocale\":\"it_IT\",\"dateFormat\":\"d\\\/m\\\/Y\",\"startOfWeek\":\"1\",\"of\":\"di\",\"previousMonth\":\"Previous Month\",\"nextMonth\":\"Next Month\",\"months\":[\"January\",\"February\",\"March\",\"April\",\"May\",\"June\",\"July\",\"August\",\"September\",\"October\",\"November\",\"December\"],\"monthsShort\":[\"Jan\",\"Feb\",\"Mar\",\"Apr\",\"May\",\"Jun\",\"Jul\",\"Aug\",\"Sep\",\"Oct\",\"Nov\",\"Dec\"],\"weekdays\":[\"Sunday\",\"Monday\",\"Tuesday\",\"Wednesday\",\"Thursday\",\"Friday\",\"Saturday\"],\"weekdaysShort\":[\"Sun\",\"Mon\",\"Tue\",\"Wed\",\"Thu\",\"Fri\",\"Sat\"],\"weekdaysMin\":[\"Su\",\"Mo\",\"Tu\",\"We\",\"Th\",\"Fr\",\"Sa\"],\"recaptchaConsentMissing\":\"reCaptcha validation couldn&#039;t load.\",\"recaptchaMissingCookie\":\"reCaptcha v3 validation couldn&#039;t load the cookie needed to submit the form.\",\"recaptchaConsentEvent\":\"Accept reCaptcha cookies before sending the form.\",\"embed_form\":\"\",\"currency_symbol\":\"\",\"title\":\"\",\"beforeForm\":\"\",\"beforeFields\":\"\",\"afterFields\":\"\",\"afterForm\":\"\"};form.fields=[];nfForms.push(form);<\/script>\n        \n<p>&nbsp;<\/p>\n<p>&nbsp;<\/p>\n<p>&nbsp;<\/p>\n<p>&nbsp;<\/p>\n","protected":false},"excerpt":{"rendered":"<p>Vuoi prepararti alla maturit\u00e0 in compagnia, in mezzo alla natura, con la possibilit\u00e0 di essere aiutato nel ripasso da alcuni professori o studenti universitari? Voci del verbo Maturare \u00e8 la proposta che fa per te!<\/p>\n","protected":false},"author":167,"featured_media":15756,"comment_status":"closed","ping_status":"closed","sticky":false,"template":"","format":"standard","meta":{"footnotes":""},"categories":[618,702,608],"tags":[],"class_list":["post-15754","post","type-post","status-publish","format-standard","has-post-thumbnail","hentry","category-servizio-catechistico-giovani-pastorale-giovanile","category-servizio-scuola","category-notizie"],"acf":{"seed-localization-paese-cod":"IT","seed-localization-address":"","seed-localization-citta":"Trento","seed-localization-regione-cod-istat":"04","seed-localization-citta-cod-istat":"022205","seed-localization-localita":"","seed-localization-cap":"","seed-localization-marker-visibility":false,"seed-localization-children-visibility":false,"seed-localization-kml":"","seed-localization-custom-marker":""},"yoast_head":"<!-- This site is optimized with the Yoast SEO Premium plugin v20.2.1 (Yoast SEO v22.2) - https:\/\/yoast.com\/wordpress\/plugins\/seo\/ -->\n<title>Voci del verbo Maturare, 5 giorni per prepararsi insieme alla maturit\u00e0 dal 13 al 17 giugno 2022 alla Casa Nido di Candriai - Annuncio e Sacramenti - Chiesa di Trento<\/title>\n<meta name=\"robots\" content=\"index, follow, max-snippet:-1, max-image-preview:large, max-video-preview:-1\" \/>\n<link rel=\"canonical\" href=\"https:\/\/www.diocesitn.it\/area-annuncio\/2022\/05\/17\/voci-del-verbo-maturare-settimana-per-prepararsi-insieme-alla-maturita-dal-13-al-17-giugno-2022\/\" \/>\n<meta property=\"og:locale\" content=\"it_IT\" \/>\n<meta property=\"og:type\" content=\"article\" \/>\n<meta property=\"og:title\" content=\"Voci del verbo Maturare, 5 giorni per prepararsi insieme alla maturit\u00e0 dal 13 al 17 giugno 2022 alla Casa Nido di Candriai\" \/>\n<meta property=\"og:description\" content=\"Vuoi prepararti alla maturit\u00e0 in compagnia, in mezzo alla natura, con la possibilit\u00e0 di essere aiutato nel ripasso da alcuni professori o studenti universitari? Voci del verbo Maturare \u00e8 la proposta che fa per te!\" \/>\n<meta property=\"og:url\" content=\"https:\/\/www.diocesitn.it\/area-annuncio\/2022\/05\/17\/voci-del-verbo-maturare-settimana-per-prepararsi-insieme-alla-maturita-dal-13-al-17-giugno-2022\/\" \/>\n<meta property=\"og:site_name\" content=\"Annuncio e Sacramenti\" \/>\n<meta property=\"article:publisher\" content=\"https:\/\/www.facebook.com\/pastoralegiovanile.trento\/\" \/>\n<meta property=\"article:published_time\" content=\"2022-05-17T09:15:11+00:00\" \/>\n<meta property=\"article:modified_time\" content=\"2022-05-19T06:11:58+00:00\" \/>\n<meta property=\"og:image\" content=\"https:\/\/www.diocesitn.it\/area-annuncio\/wp-content\/uploads\/sites\/39\/2022\/05\/maturandi-2022-e1652779612805.png\" \/>\n\t<meta property=\"og:image:width\" content=\"1200\" \/>\n\t<meta property=\"og:image:height\" content=\"675\" \/>\n\t<meta property=\"og:image:type\" content=\"image\/png\" \/>\n<meta name=\"author\" content=\"ccremonesi\" \/>\n<meta name=\"twitter:card\" content=\"summary_large_image\" \/>\n<meta name=\"twitter:label1\" content=\"Scritto da\" \/>\n\t<meta name=\"twitter:data1\" content=\"ccremonesi\" \/>\n\t<meta name=\"twitter:label2\" content=\"Tempo di lettura stimato\" \/>\n\t<meta name=\"twitter:data2\" content=\"1 minuto\" \/>\n<script type=\"application\/ld+json\" class=\"yoast-schema-graph\">{\"@context\":\"https:\/\/schema.org\",\"@graph\":[{\"@type\":\"Article\",\"@id\":\"https:\/\/www.diocesitn.it\/area-annuncio\/2022\/05\/17\/voci-del-verbo-maturare-settimana-per-prepararsi-insieme-alla-maturita-dal-13-al-17-giugno-2022\/#article\",\"isPartOf\":{\"@id\":\"https:\/\/www.diocesitn.it\/area-annuncio\/2022\/05\/17\/voci-del-verbo-maturare-settimana-per-prepararsi-insieme-alla-maturita-dal-13-al-17-giugno-2022\/\"},\"author\":{\"name\":\"ccremonesi\",\"@id\":\"https:\/\/www.diocesitn.it\/area-annuncio\/#\/schema\/person\/8963f67519fa0dce29c5ba33955dd0f0\"},\"headline\":\"Voci del verbo Maturare, 5 giorni per prepararsi insieme alla maturit\u00e0 dal 13 al 17 giugno 2022 alla Casa Nido di Candriai\",\"datePublished\":\"2022-05-17T09:15:11+00:00\",\"dateModified\":\"2022-05-19T06:11:58+00:00\",\"mainEntityOfPage\":{\"@id\":\"https:\/\/www.diocesitn.it\/area-annuncio\/2022\/05\/17\/voci-del-verbo-maturare-settimana-per-prepararsi-insieme-alla-maturita-dal-13-al-17-giugno-2022\/\"},\"wordCount\":170,\"publisher\":{\"@id\":\"https:\/\/www.diocesitn.it\/area-annuncio\/#organization\"},\"image\":{\"@id\":\"https:\/\/www.diocesitn.it\/area-annuncio\/2022\/05\/17\/voci-del-verbo-maturare-settimana-per-prepararsi-insieme-alla-maturita-dal-13-al-17-giugno-2022\/#primaryimage\"},\"thumbnailUrl\":\"https:\/\/www.diocesitn.it\/area-annuncio\/wp-content\/uploads\/sites\/39\/2022\/05\/maturandi-2022-e1652779612805.png\",\"articleSection\":[\"Giovani\",\"IRC\",\"Notizie\"],\"inLanguage\":\"it-IT\",\"copyrightYear\":\"2022\",\"copyrightHolder\":{\"@id\":\"https:\/\/www.diocesitn.it\/#organization\"}},{\"@type\":\"WebPage\",\"@id\":\"https:\/\/www.diocesitn.it\/area-annuncio\/2022\/05\/17\/voci-del-verbo-maturare-settimana-per-prepararsi-insieme-alla-maturita-dal-13-al-17-giugno-2022\/\",\"url\":\"https:\/\/www.diocesitn.it\/area-annuncio\/2022\/05\/17\/voci-del-verbo-maturare-settimana-per-prepararsi-insieme-alla-maturita-dal-13-al-17-giugno-2022\/\",\"name\":\"Voci del verbo Maturare, 5 giorni per prepararsi insieme alla maturit\u00e0 dal 13 al 17 giugno 2022 alla Casa Nido di Candriai - Annuncio e Sacramenti - Chiesa di Trento\",\"isPartOf\":{\"@id\":\"https:\/\/www.diocesitn.it\/area-annuncio\/#website\"},\"primaryImageOfPage\":{\"@id\":\"https:\/\/www.diocesitn.it\/area-annuncio\/2022\/05\/17\/voci-del-verbo-maturare-settimana-per-prepararsi-insieme-alla-maturita-dal-13-al-17-giugno-2022\/#primaryimage\"},\"image\":{\"@id\":\"https:\/\/www.diocesitn.it\/area-annuncio\/2022\/05\/17\/voci-del-verbo-maturare-settimana-per-prepararsi-insieme-alla-maturita-dal-13-al-17-giugno-2022\/#primaryimage\"},\"thumbnailUrl\":\"https:\/\/www.diocesitn.it\/area-annuncio\/wp-content\/uploads\/sites\/39\/2022\/05\/maturandi-2022-e1652779612805.png\",\"datePublished\":\"2022-05-17T09:15:11+00:00\",\"dateModified\":\"2022-05-19T06:11:58+00:00\",\"breadcrumb\":{\"@id\":\"https:\/\/www.diocesitn.it\/area-annuncio\/2022\/05\/17\/voci-del-verbo-maturare-settimana-per-prepararsi-insieme-alla-maturita-dal-13-al-17-giugno-2022\/#breadcrumb\"},\"inLanguage\":\"it-IT\",\"potentialAction\":[{\"@type\":\"ReadAction\",\"target\":[\"https:\/\/www.diocesitn.it\/area-annuncio\/2022\/05\/17\/voci-del-verbo-maturare-settimana-per-prepararsi-insieme-alla-maturita-dal-13-al-17-giugno-2022\/\"]}]},{\"@type\":\"ImageObject\",\"inLanguage\":\"it-IT\",\"@id\":\"https:\/\/www.diocesitn.it\/area-annuncio\/2022\/05\/17\/voci-del-verbo-maturare-settimana-per-prepararsi-insieme-alla-maturita-dal-13-al-17-giugno-2022\/#primaryimage\",\"url\":\"https:\/\/www.diocesitn.it\/area-annuncio\/wp-content\/uploads\/sites\/39\/2022\/05\/maturandi-2022-e1652779612805.png\",\"contentUrl\":\"https:\/\/www.diocesitn.it\/area-annuncio\/wp-content\/uploads\/sites\/39\/2022\/05\/maturandi-2022-e1652779612805.png\",\"width\":1200,\"height\":675},{\"@type\":\"BreadcrumbList\",\"@id\":\"https:\/\/www.diocesitn.it\/area-annuncio\/2022\/05\/17\/voci-del-verbo-maturare-settimana-per-prepararsi-insieme-alla-maturita-dal-13-al-17-giugno-2022\/#breadcrumb\",\"itemListElement\":[{\"@type\":\"ListItem\",\"position\":1,\"name\":\"Home\",\"item\":\"https:\/\/www.diocesitn.it\/area-annuncio\/\"},{\"@type\":\"ListItem\",\"position\":2,\"name\":\"Voci del verbo Maturare, 5 giorni per prepararsi insieme alla maturit\u00e0 dal 13 al 17 giugno 2022 alla Casa Nido di Candriai\"}]},{\"@type\":\"WebSite\",\"@id\":\"https:\/\/www.diocesitn.it\/area-annuncio\/#website\",\"url\":\"https:\/\/www.diocesitn.it\/area-annuncio\/\",\"name\":\"Annuncio e Sacramenti\",\"description\":\"Chiesa di Trento\",\"publisher\":{\"@id\":\"https:\/\/www.diocesitn.it\/area-annuncio\/#organization\"},\"potentialAction\":[{\"@type\":\"SearchAction\",\"target\":{\"@type\":\"EntryPoint\",\"urlTemplate\":\"https:\/\/www.diocesitn.it\/area-annuncio\/?s={search_term_string}\"},\"query-input\":\"required name=search_term_string\"}],\"inLanguage\":\"it-IT\"},{\"@type\":[\"Organization\",\"Place\"],\"@id\":\"https:\/\/www.diocesitn.it\/area-annuncio\/#organization\",\"name\":\"Area Annuncio e Sacramenti - Chiesa di Trento\",\"url\":\"https:\/\/www.diocesitn.it\/area-annuncio\/\",\"logo\":{\"@id\":\"https:\/\/www.diocesitn.it\/area-annuncio\/2022\/05\/17\/voci-del-verbo-maturare-settimana-per-prepararsi-insieme-alla-maturita-dal-13-al-17-giugno-2022\/#local-main-organization-logo\"},\"image\":{\"@id\":\"https:\/\/www.diocesitn.it\/area-annuncio\/2022\/05\/17\/voci-del-verbo-maturare-settimana-per-prepararsi-insieme-alla-maturita-dal-13-al-17-giugno-2022\/#local-main-organization-logo\"},\"sameAs\":[\"https:\/\/www.facebook.com\/pastoralegiovanile.trento\/\",\"https:\/\/www.instagram.com\/pastoralegiovaniletrento\/\",\"https:\/\/www.youtube.com\/channel\/UCGt7hyJaIQIkrQPos4K6L6w\"],\"openingHoursSpecification\":[{\"@type\":\"OpeningHoursSpecification\",\"dayOfWeek\":[\"Monday\",\"Tuesday\",\"Wednesday\",\"Thursday\",\"Friday\",\"Saturday\",\"Sunday\"],\"opens\":\"09:00\",\"closes\":\"17:00\"}]},{\"@type\":\"ImageObject\",\"inLanguage\":\"it-IT\",\"@id\":\"https:\/\/www.diocesitn.it\/area-annuncio\/2022\/05\/17\/voci-del-verbo-maturare-settimana-per-prepararsi-insieme-alla-maturita-dal-13-al-17-giugno-2022\/#local-main-organization-logo\",\"url\":\"https:\/\/www.diocesitn.it\/area-annuncio\/wp-content\/uploads\/sites\/39\/2021\/09\/og-logo-annuncio-e-sacramenti.jpg\",\"contentUrl\":\"https:\/\/www.diocesitn.it\/area-annuncio\/wp-content\/uploads\/sites\/39\/2021\/09\/og-logo-annuncio-e-sacramenti.jpg\",\"width\":1200,\"height\":630,\"caption\":\"Area Annuncio e Sacramenti - Chiesa di Trento\"}]}<\/script>\n<!-- \/ Yoast SEO Premium plugin. -->","yoast_head_json":{"title":"Voci del verbo Maturare, 5 giorni per prepararsi insieme alla maturit\u00e0 dal 13 al 17 giugno 2022 alla Casa Nido di Candriai - Annuncio e Sacramenti - Chiesa di Trento","robots":{"index":"index","follow":"follow","max-snippet":"max-snippet:-1","max-image-preview":"max-image-preview:large","max-video-preview":"max-video-preview:-1"},"canonical":"https:\/\/www.diocesitn.it\/area-annuncio\/2022\/05\/17\/voci-del-verbo-maturare-settimana-per-prepararsi-insieme-alla-maturita-dal-13-al-17-giugno-2022\/","og_locale":"it_IT","og_type":"article","og_title":"Voci del verbo Maturare, 5 giorni per prepararsi insieme alla maturit\u00e0 dal 13 al 17 giugno 2022 alla Casa Nido di Candriai","og_description":"Vuoi prepararti alla maturit\u00e0 in compagnia, in mezzo alla natura, con la possibilit\u00e0 di essere aiutato nel ripasso da alcuni professori o studenti universitari? Voci del verbo Maturare \u00e8 la proposta che fa per te!","og_url":"https:\/\/www.diocesitn.it\/area-annuncio\/2022\/05\/17\/voci-del-verbo-maturare-settimana-per-prepararsi-insieme-alla-maturita-dal-13-al-17-giugno-2022\/","og_site_name":"Annuncio e Sacramenti","article_publisher":"https:\/\/www.facebook.com\/pastoralegiovanile.trento\/","article_published_time":"2022-05-17T09:15:11+00:00","article_modified_time":"2022-05-19T06:11:58+00:00","og_image":[{"width":1200,"height":675,"url":"https:\/\/www.diocesitn.it\/area-annuncio\/wp-content\/uploads\/sites\/39\/2022\/05\/maturandi-2022-e1652779612805.png","type":"image\/png"}],"author":"ccremonesi","twitter_card":"summary_large_image","twitter_misc":{"Scritto da":"ccremonesi","Tempo di lettura stimato":"1 minuto"},"schema":{"@context":"https:\/\/schema.org","@graph":[{"@type":"Article","@id":"https:\/\/www.diocesitn.it\/area-annuncio\/2022\/05\/17\/voci-del-verbo-maturare-settimana-per-prepararsi-insieme-alla-maturita-dal-13-al-17-giugno-2022\/#article","isPartOf":{"@id":"https:\/\/www.diocesitn.it\/area-annuncio\/2022\/05\/17\/voci-del-verbo-maturare-settimana-per-prepararsi-insieme-alla-maturita-dal-13-al-17-giugno-2022\/"},"author":{"name":"ccremonesi","@id":"https:\/\/www.diocesitn.it\/area-annuncio\/#\/schema\/person\/8963f67519fa0dce29c5ba33955dd0f0"},"headline":"Voci del verbo Maturare, 5 giorni per prepararsi insieme alla maturit\u00e0 dal 13 al 17 giugno 2022 alla Casa Nido di Candriai","datePublished":"2022-05-17T09:15:11+00:00","dateModified":"2022-05-19T06:11:58+00:00","mainEntityOfPage":{"@id":"https:\/\/www.diocesitn.it\/area-annuncio\/2022\/05\/17\/voci-del-verbo-maturare-settimana-per-prepararsi-insieme-alla-maturita-dal-13-al-17-giugno-2022\/"},"wordCount":170,"publisher":{"@id":"https:\/\/www.diocesitn.it\/area-annuncio\/#organization"},"image":{"@id":"https:\/\/www.diocesitn.it\/area-annuncio\/2022\/05\/17\/voci-del-verbo-maturare-settimana-per-prepararsi-insieme-alla-maturita-dal-13-al-17-giugno-2022\/#primaryimage"},"thumbnailUrl":"https:\/\/www.diocesitn.it\/area-annuncio\/wp-content\/uploads\/sites\/39\/2022\/05\/maturandi-2022-e1652779612805.png","articleSection":["Giovani","IRC","Notizie"],"inLanguage":"it-IT","copyrightYear":"2022","copyrightHolder":{"@id":"https:\/\/www.diocesitn.it\/#organization"}},{"@type":"WebPage","@id":"https:\/\/www.diocesitn.it\/area-annuncio\/2022\/05\/17\/voci-del-verbo-maturare-settimana-per-prepararsi-insieme-alla-maturita-dal-13-al-17-giugno-2022\/","url":"https:\/\/www.diocesitn.it\/area-annuncio\/2022\/05\/17\/voci-del-verbo-maturare-settimana-per-prepararsi-insieme-alla-maturita-dal-13-al-17-giugno-2022\/","name":"Voci del verbo Maturare, 5 giorni per prepararsi insieme alla maturit\u00e0 dal 13 al 17 giugno 2022 alla Casa Nido di Candriai - Annuncio e Sacramenti - Chiesa di Trento","isPartOf":{"@id":"https:\/\/www.diocesitn.it\/area-annuncio\/#website"},"primaryImageOfPage":{"@id":"https:\/\/www.diocesitn.it\/area-annuncio\/2022\/05\/17\/voci-del-verbo-maturare-settimana-per-prepararsi-insieme-alla-maturita-dal-13-al-17-giugno-2022\/#primaryimage"},"image":{"@id":"https:\/\/www.diocesitn.it\/area-annuncio\/2022\/05\/17\/voci-del-verbo-maturare-settimana-per-prepararsi-insieme-alla-maturita-dal-13-al-17-giugno-2022\/#primaryimage"},"thumbnailUrl":"https:\/\/www.diocesitn.it\/area-annuncio\/wp-content\/uploads\/sites\/39\/2022\/05\/maturandi-2022-e1652779612805.png","datePublished":"2022-05-17T09:15:11+00:00","dateModified":"2022-05-19T06:11:58+00:00","breadcrumb":{"@id":"https:\/\/www.diocesitn.it\/area-annuncio\/2022\/05\/17\/voci-del-verbo-maturare-settimana-per-prepararsi-insieme-alla-maturita-dal-13-al-17-giugno-2022\/#breadcrumb"},"inLanguage":"it-IT","potentialAction":[{"@type":"ReadAction","target":["https:\/\/www.diocesitn.it\/area-annuncio\/2022\/05\/17\/voci-del-verbo-maturare-settimana-per-prepararsi-insieme-alla-maturita-dal-13-al-17-giugno-2022\/"]}]},{"@type":"ImageObject","inLanguage":"it-IT","@id":"https:\/\/www.diocesitn.it\/area-annuncio\/2022\/05\/17\/voci-del-verbo-maturare-settimana-per-prepararsi-insieme-alla-maturita-dal-13-al-17-giugno-2022\/#primaryimage","url":"https:\/\/www.diocesitn.it\/area-annuncio\/wp-content\/uploads\/sites\/39\/2022\/05\/maturandi-2022-e1652779612805.png","contentUrl":"https:\/\/www.diocesitn.it\/area-annuncio\/wp-content\/uploads\/sites\/39\/2022\/05\/maturandi-2022-e1652779612805.png","width":1200,"height":675},{"@type":"BreadcrumbList","@id":"https:\/\/www.diocesitn.it\/area-annuncio\/2022\/05\/17\/voci-del-verbo-maturare-settimana-per-prepararsi-insieme-alla-maturita-dal-13-al-17-giugno-2022\/#breadcrumb","itemListElement":[{"@type":"ListItem","position":1,"name":"Home","item":"https:\/\/www.diocesitn.it\/area-annuncio\/"},{"@type":"ListItem","position":2,"name":"Voci del verbo Maturare, 5 giorni per prepararsi insieme alla maturit\u00e0 dal 13 al 17 giugno 2022 alla Casa Nido di Candriai"}]},{"@type":"WebSite","@id":"https:\/\/www.diocesitn.it\/area-annuncio\/#website","url":"https:\/\/www.diocesitn.it\/area-annuncio\/","name":"Annuncio e Sacramenti","description":"Chiesa di Trento","publisher":{"@id":"https:\/\/www.diocesitn.it\/area-annuncio\/#organization"},"potentialAction":[{"@type":"SearchAction","target":{"@type":"EntryPoint","urlTemplate":"https:\/\/www.diocesitn.it\/area-annuncio\/?s={search_term_string}"},"query-input":"required name=search_term_string"}],"inLanguage":"it-IT"},{"@type":["Organization","Place"],"@id":"https:\/\/www.diocesitn.it\/area-annuncio\/#organization","name":"Area Annuncio e Sacramenti - Chiesa di Trento","url":"https:\/\/www.diocesitn.it\/area-annuncio\/","logo":{"@id":"https:\/\/www.diocesitn.it\/area-annuncio\/2022\/05\/17\/voci-del-verbo-maturare-settimana-per-prepararsi-insieme-alla-maturita-dal-13-al-17-giugno-2022\/#local-main-organization-logo"},"image":{"@id":"https:\/\/www.diocesitn.it\/area-annuncio\/2022\/05\/17\/voci-del-verbo-maturare-settimana-per-prepararsi-insieme-alla-maturita-dal-13-al-17-giugno-2022\/#local-main-organization-logo"},"sameAs":["https:\/\/www.facebook.com\/pastoralegiovanile.trento\/","https:\/\/www.instagram.com\/pastoralegiovaniletrento\/","https:\/\/www.youtube.com\/channel\/UCGt7hyJaIQIkrQPos4K6L6w"],"openingHoursSpecification":[{"@type":"OpeningHoursSpecification","dayOfWeek":["Monday","Tuesday","Wednesday","Thursday","Friday","Saturday","Sunday"],"opens":"09:00","closes":"17:00"}]},{"@type":"ImageObject","inLanguage":"it-IT","@id":"https:\/\/www.diocesitn.it\/area-annuncio\/2022\/05\/17\/voci-del-verbo-maturare-settimana-per-prepararsi-insieme-alla-maturita-dal-13-al-17-giugno-2022\/#local-main-organization-logo","url":"https:\/\/www.diocesitn.it\/area-annuncio\/wp-content\/uploads\/sites\/39\/2021\/09\/og-logo-annuncio-e-sacramenti.jpg","contentUrl":"https:\/\/www.diocesitn.it\/area-annuncio\/wp-content\/uploads\/sites\/39\/2021\/09\/og-logo-annuncio-e-sacramenti.jpg","width":1200,"height":630,"caption":"Area Annuncio e Sacramenti - Chiesa di Trento"}]}},"_links":{"self":[{"href":"https:\/\/www.diocesitn.it\/area-annuncio\/wp-json\/wp\/v2\/posts\/15754","targetHints":{"allow":["GET"]}}],"collection":[{"href":"https:\/\/www.diocesitn.it\/area-annuncio\/wp-json\/wp\/v2\/posts"}],"about":[{"href":"https:\/\/www.diocesitn.it\/area-annuncio\/wp-json\/wp\/v2\/types\/post"}],"author":[{"embeddable":true,"href":"https:\/\/www.diocesitn.it\/area-annuncio\/wp-json\/wp\/v2\/users\/167"}],"replies":[{"embeddable":true,"href":"https:\/\/www.diocesitn.it\/area-annuncio\/wp-json\/wp\/v2\/comments?post=15754"}],"version-history":[{"count":3,"href":"https:\/\/www.diocesitn.it\/area-annuncio\/wp-json\/wp\/v2\/posts\/15754\/revisions"}],"predecessor-version":[{"id":15764,"href":"https:\/\/www.diocesitn.it\/area-annuncio\/wp-json\/wp\/v2\/posts\/15754\/revisions\/15764"}],"wp:featuredmedia":[{"embeddable":true,"href":"https:\/\/www.diocesitn.it\/area-annuncio\/wp-json\/wp\/v2\/media\/15756"}],"wp:attachment":[{"href":"https:\/\/www.diocesitn.it\/area-annuncio\/wp-json\/wp\/v2\/media?parent=15754"}],"wp:term":[{"taxonomy":"category","embeddable":true,"href":"https:\/\/www.diocesitn.it\/area-annuncio\/wp-json\/wp\/v2\/categories?post=15754"},{"taxonomy":"post_tag","embeddable":true,"href":"https:\/\/www.diocesitn.it\/area-annuncio\/wp-json\/wp\/v2\/tags?post=15754"}],"curies":[{"name":"wp","href":"https:\/\/api.w.org\/{rel}","templated":true}]}}