{"id":15703,"date":"2022-05-03T11:24:09","date_gmt":"2022-05-03T09:24:09","guid":{"rendered":"https:\/\/www.diocesitn.it\/area-annuncio\/?p=15703"},"modified":"2022-05-03T11:24:09","modified_gmt":"2022-05-03T09:24:09","slug":"tre-giorni-per-coordinatori-dei-catechisti-triveneto","status":"publish","type":"post","link":"https:\/\/www.diocesitn.it\/area-annuncio\/2022\/05\/03\/tre-giorni-per-coordinatori-dei-catechisti-triveneto\/","title":{"rendered":"Tre giorni per coordinatori dei catechisti &#8211; Triveneto"},"content":{"rendered":"<p>Si terr\u00e0 presso la casa di spiritualit\u00e0 di Nebbi\u00f9 <strong>da gioved\u00ec 16 a domenica 19 giugno 2022<\/strong> la proposta di <strong>formazione rivolta ai coordinatori dei catechisti<\/strong>.<\/p>\n<p>La Tre giorni offre \u2013 contemporaneamente e nello stesso luogo\u2013 due percorsi:<br \/>\n\u2013 uno per la formazione base della figura del coordinatore;<br \/>\n\u2013 uno per la sua formazione permanente.<\/p>\n<p>In allegato trovate il volantino che riporta nel dettaglio la suddivisione della proposta per i vari giorni.<\/p>\n<p>Le scrizione sono aperte fino al raggiungimento dei posti disponibili. I coordinatori della catechesi della Diocesi di Trento interessati alla proposta sono invitati a contattare il <strong>Servizio Catechesi<\/strong> telefonando ai numeri 0461-891250, 347-0536847 oppure scrivendo a catechistico@diocesitn.it<\/p>\n<p><a href=\"https:\/\/www.diocesitn.it\/area-annuncio\/wp-content\/uploads\/sites\/39\/2022\/05\/Nebbiu-volantino-2022-def.pdf\">Volantino<\/a><\/p>\n","protected":false},"excerpt":{"rendered":"<p>Si terr\u00e0 presso la casa di spiritualit\u00e0 di Nebbi\u00f9 da gioved\u00ec 16 a domenica 19 giugno 2022 la proposta di formazione rivolta ai coordinatori dei catechisti. La Tre giorni offre \u2013 contemporaneamente e nello stesso<\/p>\n","protected":false},"author":166,"featured_media":12303,"comment_status":"closed","ping_status":"closed","sticky":false,"template":"","format":"standard","meta":{"footnotes":""},"categories":[623,608],"tags":[989,760,924],"class_list":["post-15703","post","type-post","status-publish","format-standard","has-post-thumbnail","hentry","category-servizio-catechistico-giovani-ufficio-catechistico","category-notizie","tag-formazine-coordinatori-catechisti","tag-nebbiu","tag-triveneto"],"acf":{"seed-localization-paese-cod":"IT","seed-localization-address":"","seed-localization-citta":"Trento","seed-localization-regione-cod-istat":"04","seed-localization-citta-cod-istat":"022205","seed-localization-localita":"","seed-localization-cap":"","seed-localization-marker-visibility":false,"seed-localization-children-visibility":false,"seed-localization-kml":"","seed-localization-custom-marker":""},"yoast_head":"<!-- This site is optimized with the Yoast SEO Premium plugin v20.2.1 (Yoast SEO v22.2) - https:\/\/yoast.com\/wordpress\/plugins\/seo\/ -->\n<title>Tre giorni per coordinatori dei catechisti - Triveneto - Annuncio e Sacramenti - Chiesa di Trento<\/title>\n<meta name=\"robots\" content=\"index, follow, max-snippet:-1, max-image-preview:large, max-video-preview:-1\" \/>\n<link rel=\"canonical\" href=\"https:\/\/www.diocesitn.it\/area-annuncio\/2022\/05\/03\/tre-giorni-per-coordinatori-dei-catechisti-triveneto\/\" \/>\n<meta property=\"og:locale\" content=\"it_IT\" \/>\n<meta property=\"og:type\" content=\"article\" \/>\n<meta property=\"og:title\" content=\"Tre giorni per coordinatori dei catechisti - Triveneto\" \/>\n<meta property=\"og:description\" content=\"Si terr\u00e0 presso la casa di spiritualit\u00e0 di Nebbi\u00f9 da gioved\u00ec 16 a domenica 19 giugno 2022 la proposta di formazione rivolta ai coordinatori dei catechisti. La Tre giorni offre \u2013 contemporaneamente e nello stesso\" \/>\n<meta property=\"og:url\" content=\"https:\/\/www.diocesitn.it\/area-annuncio\/2022\/05\/03\/tre-giorni-per-coordinatori-dei-catechisti-triveneto\/\" \/>\n<meta property=\"og:site_name\" content=\"Annuncio e Sacramenti\" \/>\n<meta property=\"article:publisher\" content=\"https:\/\/www.facebook.com\/pastoralegiovanile.trento\/\" \/>\n<meta property=\"article:published_time\" content=\"2022-05-03T09:24:09+00:00\" \/>\n<meta property=\"og:image\" content=\"https:\/\/www.diocesitn.it\/area-annuncio\/wp-content\/uploads\/sites\/39\/2021\/04\/per-nebbiu.jpg\" \/>\n\t<meta property=\"og:image:width\" content=\"356\" \/>\n\t<meta property=\"og:image:height\" content=\"343\" \/>\n\t<meta property=\"og:image:type\" content=\"image\/jpeg\" \/>\n<meta name=\"author\" content=\"bjob\" \/>\n<meta name=\"twitter:card\" content=\"summary_large_image\" \/>\n<meta name=\"twitter:label1\" content=\"Scritto da\" \/>\n\t<meta name=\"twitter:data1\" content=\"bjob\" \/>\n\t<meta name=\"twitter:label2\" content=\"Tempo di lettura stimato\" \/>\n\t<meta name=\"twitter:data2\" content=\"1 minuto\" \/>\n<script type=\"application\/ld+json\" class=\"yoast-schema-graph\">{\"@context\":\"https:\/\/schema.org\",\"@graph\":[{\"@type\":\"Article\",\"@id\":\"https:\/\/www.diocesitn.it\/area-annuncio\/2022\/05\/03\/tre-giorni-per-coordinatori-dei-catechisti-triveneto\/#article\",\"isPartOf\":{\"@id\":\"https:\/\/www.diocesitn.it\/area-annuncio\/2022\/05\/03\/tre-giorni-per-coordinatori-dei-catechisti-triveneto\/\"},\"author\":{\"name\":\"bjob\",\"@id\":\"https:\/\/www.diocesitn.it\/area-annuncio\/#\/schema\/person\/d7f9cdfa494cf7272dca74ad974f399c\"},\"headline\":\"Tre giorni per coordinatori dei catechisti &#8211; Triveneto\",\"datePublished\":\"2022-05-03T09:24:09+00:00\",\"dateModified\":\"2022-05-03T09:24:09+00:00\",\"mainEntityOfPage\":{\"@id\":\"https:\/\/www.diocesitn.it\/area-annuncio\/2022\/05\/03\/tre-giorni-per-coordinatori-dei-catechisti-triveneto\/\"},\"wordCount\":114,\"publisher\":{\"@id\":\"https:\/\/www.diocesitn.it\/area-annuncio\/#organization\"},\"image\":{\"@id\":\"https:\/\/www.diocesitn.it\/area-annuncio\/2022\/05\/03\/tre-giorni-per-coordinatori-dei-catechisti-triveneto\/#primaryimage\"},\"thumbnailUrl\":\"https:\/\/www.diocesitn.it\/area-annuncio\/wp-content\/uploads\/sites\/39\/2021\/04\/per-nebbiu.jpg\",\"keywords\":[\"Formazine coordinatori catechisti\",\"Nebbi\u00f9\",\"triveneto\"],\"articleSection\":[\"Catechesi\",\"Notizie\"],\"inLanguage\":\"it-IT\",\"copyrightYear\":\"2022\",\"copyrightHolder\":{\"@id\":\"https:\/\/www.diocesitn.it\/#organization\"}},{\"@type\":\"WebPage\",\"@id\":\"https:\/\/www.diocesitn.it\/area-annuncio\/2022\/05\/03\/tre-giorni-per-coordinatori-dei-catechisti-triveneto\/\",\"url\":\"https:\/\/www.diocesitn.it\/area-annuncio\/2022\/05\/03\/tre-giorni-per-coordinatori-dei-catechisti-triveneto\/\",\"name\":\"Tre giorni per coordinatori dei catechisti - Triveneto - Annuncio e Sacramenti - Chiesa di Trento\",\"isPartOf\":{\"@id\":\"https:\/\/www.diocesitn.it\/area-annuncio\/#website\"},\"primaryImageOfPage\":{\"@id\":\"https:\/\/www.diocesitn.it\/area-annuncio\/2022\/05\/03\/tre-giorni-per-coordinatori-dei-catechisti-triveneto\/#primaryimage\"},\"image\":{\"@id\":\"https:\/\/www.diocesitn.it\/area-annuncio\/2022\/05\/03\/tre-giorni-per-coordinatori-dei-catechisti-triveneto\/#primaryimage\"},\"thumbnailUrl\":\"https:\/\/www.diocesitn.it\/area-annuncio\/wp-content\/uploads\/sites\/39\/2021\/04\/per-nebbiu.jpg\",\"datePublished\":\"2022-05-03T09:24:09+00:00\",\"dateModified\":\"2022-05-03T09:24:09+00:00\",\"breadcrumb\":{\"@id\":\"https:\/\/www.diocesitn.it\/area-annuncio\/2022\/05\/03\/tre-giorni-per-coordinatori-dei-catechisti-triveneto\/#breadcrumb\"},\"inLanguage\":\"it-IT\",\"potentialAction\":[{\"@type\":\"ReadAction\",\"target\":[\"https:\/\/www.diocesitn.it\/area-annuncio\/2022\/05\/03\/tre-giorni-per-coordinatori-dei-catechisti-triveneto\/\"]}]},{\"@type\":\"ImageObject\",\"inLanguage\":\"it-IT\",\"@id\":\"https:\/\/www.diocesitn.it\/area-annuncio\/2022\/05\/03\/tre-giorni-per-coordinatori-dei-catechisti-triveneto\/#primaryimage\",\"url\":\"https:\/\/www.diocesitn.it\/area-annuncio\/wp-content\/uploads\/sites\/39\/2021\/04\/per-nebbiu.jpg\",\"contentUrl\":\"https:\/\/www.diocesitn.it\/area-annuncio\/wp-content\/uploads\/sites\/39\/2021\/04\/per-nebbiu.jpg\",\"width\":356,\"height\":343},{\"@type\":\"BreadcrumbList\",\"@id\":\"https:\/\/www.diocesitn.it\/area-annuncio\/2022\/05\/03\/tre-giorni-per-coordinatori-dei-catechisti-triveneto\/#breadcrumb\",\"itemListElement\":[{\"@type\":\"ListItem\",\"position\":1,\"name\":\"Home\",\"item\":\"https:\/\/www.diocesitn.it\/area-annuncio\/\"},{\"@type\":\"ListItem\",\"position\":2,\"name\":\"Tre giorni per coordinatori dei catechisti &#8211; Triveneto\"}]},{\"@type\":\"WebSite\",\"@id\":\"https:\/\/www.diocesitn.it\/area-annuncio\/#website\",\"url\":\"https:\/\/www.diocesitn.it\/area-annuncio\/\",\"name\":\"Annuncio e Sacramenti\",\"description\":\"Chiesa di Trento\",\"publisher\":{\"@id\":\"https:\/\/www.diocesitn.it\/area-annuncio\/#organization\"},\"potentialAction\":[{\"@type\":\"SearchAction\",\"target\":{\"@type\":\"EntryPoint\",\"urlTemplate\":\"https:\/\/www.diocesitn.it\/area-annuncio\/?s={search_term_string}\"},\"query-input\":\"required name=search_term_string\"}],\"inLanguage\":\"it-IT\"},{\"@type\":[\"Organization\",\"Place\"],\"@id\":\"https:\/\/www.diocesitn.it\/area-annuncio\/#organization\",\"name\":\"Area Annuncio e Sacramenti - Chiesa di Trento\",\"url\":\"https:\/\/www.diocesitn.it\/area-annuncio\/\",\"logo\":{\"@id\":\"https:\/\/www.diocesitn.it\/area-annuncio\/2022\/05\/03\/tre-giorni-per-coordinatori-dei-catechisti-triveneto\/#local-main-organization-logo\"},\"image\":{\"@id\":\"https:\/\/www.diocesitn.it\/area-annuncio\/2022\/05\/03\/tre-giorni-per-coordinatori-dei-catechisti-triveneto\/#local-main-organization-logo\"},\"sameAs\":[\"https:\/\/www.facebook.com\/pastoralegiovanile.trento\/\",\"https:\/\/www.instagram.com\/pastoralegiovaniletrento\/\",\"https:\/\/www.youtube.com\/channel\/UCGt7hyJaIQIkrQPos4K6L6w\"],\"openingHoursSpecification\":[{\"@type\":\"OpeningHoursSpecification\",\"dayOfWeek\":[\"Monday\",\"Tuesday\",\"Wednesday\",\"Thursday\",\"Friday\",\"Saturday\",\"Sunday\"],\"opens\":\"09:00\",\"closes\":\"17:00\"}]},{\"@type\":\"ImageObject\",\"inLanguage\":\"it-IT\",\"@id\":\"https:\/\/www.diocesitn.it\/area-annuncio\/2022\/05\/03\/tre-giorni-per-coordinatori-dei-catechisti-triveneto\/#local-main-organization-logo\",\"url\":\"https:\/\/www.diocesitn.it\/area-annuncio\/wp-content\/uploads\/sites\/39\/2021\/09\/og-logo-annuncio-e-sacramenti.jpg\",\"contentUrl\":\"https:\/\/www.diocesitn.it\/area-annuncio\/wp-content\/uploads\/sites\/39\/2021\/09\/og-logo-annuncio-e-sacramenti.jpg\",\"width\":1200,\"height\":630,\"caption\":\"Area Annuncio e Sacramenti - Chiesa di Trento\"}]}<\/script>\n<!-- \/ Yoast SEO Premium plugin. -->","yoast_head_json":{"title":"Tre giorni per coordinatori dei catechisti - Triveneto - Annuncio e Sacramenti - Chiesa di Trento","robots":{"index":"index","follow":"follow","max-snippet":"max-snippet:-1","max-image-preview":"max-image-preview:large","max-video-preview":"max-video-preview:-1"},"canonical":"https:\/\/www.diocesitn.it\/area-annuncio\/2022\/05\/03\/tre-giorni-per-coordinatori-dei-catechisti-triveneto\/","og_locale":"it_IT","og_type":"article","og_title":"Tre giorni per coordinatori dei catechisti - Triveneto","og_description":"Si terr\u00e0 presso la casa di spiritualit\u00e0 di Nebbi\u00f9 da gioved\u00ec 16 a domenica 19 giugno 2022 la proposta di formazione rivolta ai coordinatori dei catechisti. La Tre giorni offre \u2013 contemporaneamente e nello stesso","og_url":"https:\/\/www.diocesitn.it\/area-annuncio\/2022\/05\/03\/tre-giorni-per-coordinatori-dei-catechisti-triveneto\/","og_site_name":"Annuncio e Sacramenti","article_publisher":"https:\/\/www.facebook.com\/pastoralegiovanile.trento\/","article_published_time":"2022-05-03T09:24:09+00:00","og_image":[{"width":356,"height":343,"url":"https:\/\/www.diocesitn.it\/area-annuncio\/wp-content\/uploads\/sites\/39\/2021\/04\/per-nebbiu.jpg","type":"image\/jpeg"}],"author":"bjob","twitter_card":"summary_large_image","twitter_misc":{"Scritto da":"bjob","Tempo di lettura stimato":"1 minuto"},"schema":{"@context":"https:\/\/schema.org","@graph":[{"@type":"Article","@id":"https:\/\/www.diocesitn.it\/area-annuncio\/2022\/05\/03\/tre-giorni-per-coordinatori-dei-catechisti-triveneto\/#article","isPartOf":{"@id":"https:\/\/www.diocesitn.it\/area-annuncio\/2022\/05\/03\/tre-giorni-per-coordinatori-dei-catechisti-triveneto\/"},"author":{"name":"bjob","@id":"https:\/\/www.diocesitn.it\/area-annuncio\/#\/schema\/person\/d7f9cdfa494cf7272dca74ad974f399c"},"headline":"Tre giorni per coordinatori dei catechisti &#8211; Triveneto","datePublished":"2022-05-03T09:24:09+00:00","dateModified":"2022-05-03T09:24:09+00:00","mainEntityOfPage":{"@id":"https:\/\/www.diocesitn.it\/area-annuncio\/2022\/05\/03\/tre-giorni-per-coordinatori-dei-catechisti-triveneto\/"},"wordCount":114,"publisher":{"@id":"https:\/\/www.diocesitn.it\/area-annuncio\/#organization"},"image":{"@id":"https:\/\/www.diocesitn.it\/area-annuncio\/2022\/05\/03\/tre-giorni-per-coordinatori-dei-catechisti-triveneto\/#primaryimage"},"thumbnailUrl":"https:\/\/www.diocesitn.it\/area-annuncio\/wp-content\/uploads\/sites\/39\/2021\/04\/per-nebbiu.jpg","keywords":["Formazine coordinatori catechisti","Nebbi\u00f9","triveneto"],"articleSection":["Catechesi","Notizie"],"inLanguage":"it-IT","copyrightYear":"2022","copyrightHolder":{"@id":"https:\/\/www.diocesitn.it\/#organization"}},{"@type":"WebPage","@id":"https:\/\/www.diocesitn.it\/area-annuncio\/2022\/05\/03\/tre-giorni-per-coordinatori-dei-catechisti-triveneto\/","url":"https:\/\/www.diocesitn.it\/area-annuncio\/2022\/05\/03\/tre-giorni-per-coordinatori-dei-catechisti-triveneto\/","name":"Tre giorni per coordinatori dei catechisti - Triveneto - Annuncio e Sacramenti - Chiesa di Trento","isPartOf":{"@id":"https:\/\/www.diocesitn.it\/area-annuncio\/#website"},"primaryImageOfPage":{"@id":"https:\/\/www.diocesitn.it\/area-annuncio\/2022\/05\/03\/tre-giorni-per-coordinatori-dei-catechisti-triveneto\/#primaryimage"},"image":{"@id":"https:\/\/www.diocesitn.it\/area-annuncio\/2022\/05\/03\/tre-giorni-per-coordinatori-dei-catechisti-triveneto\/#primaryimage"},"thumbnailUrl":"https:\/\/www.diocesitn.it\/area-annuncio\/wp-content\/uploads\/sites\/39\/2021\/04\/per-nebbiu.jpg","datePublished":"2022-05-03T09:24:09+00:00","dateModified":"2022-05-03T09:24:09+00:00","breadcrumb":{"@id":"https:\/\/www.diocesitn.it\/area-annuncio\/2022\/05\/03\/tre-giorni-per-coordinatori-dei-catechisti-triveneto\/#breadcrumb"},"inLanguage":"it-IT","potentialAction":[{"@type":"ReadAction","target":["https:\/\/www.diocesitn.it\/area-annuncio\/2022\/05\/03\/tre-giorni-per-coordinatori-dei-catechisti-triveneto\/"]}]},{"@type":"ImageObject","inLanguage":"it-IT","@id":"https:\/\/www.diocesitn.it\/area-annuncio\/2022\/05\/03\/tre-giorni-per-coordinatori-dei-catechisti-triveneto\/#primaryimage","url":"https:\/\/www.diocesitn.it\/area-annuncio\/wp-content\/uploads\/sites\/39\/2021\/04\/per-nebbiu.jpg","contentUrl":"https:\/\/www.diocesitn.it\/area-annuncio\/wp-content\/uploads\/sites\/39\/2021\/04\/per-nebbiu.jpg","width":356,"height":343},{"@type":"BreadcrumbList","@id":"https:\/\/www.diocesitn.it\/area-annuncio\/2022\/05\/03\/tre-giorni-per-coordinatori-dei-catechisti-triveneto\/#breadcrumb","itemListElement":[{"@type":"ListItem","position":1,"name":"Home","item":"https:\/\/www.diocesitn.it\/area-annuncio\/"},{"@type":"ListItem","position":2,"name":"Tre giorni per coordinatori dei catechisti &#8211; Triveneto"}]},{"@type":"WebSite","@id":"https:\/\/www.diocesitn.it\/area-annuncio\/#website","url":"https:\/\/www.diocesitn.it\/area-annuncio\/","name":"Annuncio e Sacramenti","description":"Chiesa di Trento","publisher":{"@id":"https:\/\/www.diocesitn.it\/area-annuncio\/#organization"},"potentialAction":[{"@type":"SearchAction","target":{"@type":"EntryPoint","urlTemplate":"https:\/\/www.diocesitn.it\/area-annuncio\/?s={search_term_string}"},"query-input":"required name=search_term_string"}],"inLanguage":"it-IT"},{"@type":["Organization","Place"],"@id":"https:\/\/www.diocesitn.it\/area-annuncio\/#organization","name":"Area Annuncio e Sacramenti - Chiesa di Trento","url":"https:\/\/www.diocesitn.it\/area-annuncio\/","logo":{"@id":"https:\/\/www.diocesitn.it\/area-annuncio\/2022\/05\/03\/tre-giorni-per-coordinatori-dei-catechisti-triveneto\/#local-main-organization-logo"},"image":{"@id":"https:\/\/www.diocesitn.it\/area-annuncio\/2022\/05\/03\/tre-giorni-per-coordinatori-dei-catechisti-triveneto\/#local-main-organization-logo"},"sameAs":["https:\/\/www.facebook.com\/pastoralegiovanile.trento\/","https:\/\/www.instagram.com\/pastoralegiovaniletrento\/","https:\/\/www.youtube.com\/channel\/UCGt7hyJaIQIkrQPos4K6L6w"],"openingHoursSpecification":[{"@type":"OpeningHoursSpecification","dayOfWeek":["Monday","Tuesday","Wednesday","Thursday","Friday","Saturday","Sunday"],"opens":"09:00","closes":"17:00"}]},{"@type":"ImageObject","inLanguage":"it-IT","@id":"https:\/\/www.diocesitn.it\/area-annuncio\/2022\/05\/03\/tre-giorni-per-coordinatori-dei-catechisti-triveneto\/#local-main-organization-logo","url":"https:\/\/www.diocesitn.it\/area-annuncio\/wp-content\/uploads\/sites\/39\/2021\/09\/og-logo-annuncio-e-sacramenti.jpg","contentUrl":"https:\/\/www.diocesitn.it\/area-annuncio\/wp-content\/uploads\/sites\/39\/2021\/09\/og-logo-annuncio-e-sacramenti.jpg","width":1200,"height":630,"caption":"Area Annuncio e Sacramenti - Chiesa di Trento"}]}},"_links":{"self":[{"href":"https:\/\/www.diocesitn.it\/area-annuncio\/wp-json\/wp\/v2\/posts\/15703","targetHints":{"allow":["GET"]}}],"collection":[{"href":"https:\/\/www.diocesitn.it\/area-annuncio\/wp-json\/wp\/v2\/posts"}],"about":[{"href":"https:\/\/www.diocesitn.it\/area-annuncio\/wp-json\/wp\/v2\/types\/post"}],"author":[{"embeddable":true,"href":"https:\/\/www.diocesitn.it\/area-annuncio\/wp-json\/wp\/v2\/users\/166"}],"replies":[{"embeddable":true,"href":"https:\/\/www.diocesitn.it\/area-annuncio\/wp-json\/wp\/v2\/comments?post=15703"}],"version-history":[{"count":3,"href":"https:\/\/www.diocesitn.it\/area-annuncio\/wp-json\/wp\/v2\/posts\/15703\/revisions"}],"predecessor-version":[{"id":15711,"href":"https:\/\/www.diocesitn.it\/area-annuncio\/wp-json\/wp\/v2\/posts\/15703\/revisions\/15711"}],"wp:featuredmedia":[{"embeddable":true,"href":"https:\/\/www.diocesitn.it\/area-annuncio\/wp-json\/wp\/v2\/media\/12303"}],"wp:attachment":[{"href":"https:\/\/www.diocesitn.it\/area-annuncio\/wp-json\/wp\/v2\/media?parent=15703"}],"wp:term":[{"taxonomy":"category","embeddable":true,"href":"https:\/\/www.diocesitn.it\/area-annuncio\/wp-json\/wp\/v2\/categories?post=15703"},{"taxonomy":"post_tag","embeddable":true,"href":"https:\/\/www.diocesitn.it\/area-annuncio\/wp-json\/wp\/v2\/tags?post=15703"}],"curies":[{"name":"wp","href":"https:\/\/api.w.org\/{rel}","templated":true}]}}