{"id":15575,"date":"2022-04-20T12:26:15","date_gmt":"2022-04-20T10:26:15","guid":{"rendered":"https:\/\/www.diocesitn.it\/area-annuncio\/?p=15575"},"modified":"2022-05-09T14:11:51","modified_gmt":"2022-05-09T12:11:51","slug":"8-maggio-2022-59-giornata-mondiale-di-preghiera-per-le-vocazioni","status":"publish","type":"post","link":"https:\/\/www.diocesitn.it\/area-annuncio\/2022\/04\/20\/8-maggio-2022-59-giornata-mondiale-di-preghiera-per-le-vocazioni\/","title":{"rendered":"Una settimana di preghiera per le vocazioni (2-8 maggio), verso la 59a Giornata mondiale. Le iniziative in Diocesi."},"content":{"rendered":"<p>Dal 2 all\u20198 maggio 2022 si tiene la \u201cSettimana di preghiera per le vocazioni\u201d, un\u2019intera settimana nella quale ogni comunit\u00e0 \u00e8 invitata a pregare e riflettere sul grande dono della vocazione; la settimana si conclude domenica 8 maggio 2022 con la 59\u00b0 Giornata Mondiale di Preghiera per le Vocazioni .<\/p>\n<p>\u201cFare la storia\u201d (FT 116), \u00e8 il tema scelto quest\u2019anno dall\u2019Ufficio Nazionale per la Pastorale delle Vocazioni per riflettere sul tema della vocazione. \u201cL\u2019immagine che accompagna la giornata \u00e8 \u00a0il particolare in bianco e nero di una tela tessuta su un telaio: ricorda che la vocazione \u2013 come la storia \u2013 si fa, \u00e8 opera artigianale tessuta in quella fitta trama di relazioni che sola permette lo scorrere della vita di Dio, la vita dello Spirito, la carit\u00e0. Il tessuto \u00e8 composto da un ricamo e richiama la bellezza di cui \u00e8 possibile bagnare la vocazione che si fa. Essa, infatti, non rimanda solo a una utilit\u00e0 tecnica \u2013 la vocazione non solo \u2018serve\u2019 a qualcosa \u2013 ma \u00e8 spesa per amore di qualcuno.\u201d (Ufficio Nazionale per la Pastorale delle Vocazioni).<\/p>\n<p>Nell\u2019ambito della Settimana di preghiera, il Vescovo Lauro presiede la tradizionale veglia di preghiera per le vocazioni del primo gioved\u00ec del mese \u201cCon gli occhi di Dio\u201d il 5 maggio alle 20.30 a Celentino (Peio); chi desidera proporre la veglia nella propria comunit\u00e0 trova il testo a questo <a href=\"https:\/\/www.diocesitn.it\/con-gli-occhi-di-dio-il-materiale\/\" target=\"_blank\" rel=\"noopener\">link<\/a>.<\/p>\n<p><strong>Appuntamenti in Diocesi\u00a0<\/strong><\/p>\n<ul>\n<li><strong>ogni giorno della settimana ore 9 a Telve<\/strong> (Casa d&#8217;Anna &#8211; Suore di Maria Bambina): preghiera del S. Rosario<\/li>\n<li><strong>marted\u00ec 3 maggio dalle 20.30 alle 21.30 a Trento<\/strong> <strong>\u00a0<\/strong>(chiesa dei Padri Venturini via dei Giardini 36) : <span style=\"font-size: inherit\">adorazione eucaristica per le vocazioni animata dalle religiose e dai religiosi della famiglia di padre Venturini.<\/span><\/li>\n<li><strong>mercoled\u00ec 4 maggio ore 20.00 a Riva di Vallarsa<\/strong>\u00a0(chiesa parrocchiale): adorazione eucaristica.<\/li>\n<li><strong>mercoled\u00ec 4 maggio dalle 21.00 alle 22.00 a Trento<\/strong> (Badia di San Lorenzo):\u00a0preghiera animata da alcuni consacrati nell\u2019ambito del cammino \u201cAlla luce del tuo volto\u201d.<\/li>\n<li><strong>gioved\u00ec 5 maggio a Borgo Valsugana<\/strong> (monastero di San Damiano): <strong>dalle 9.15 alle 19.15<\/strong> giornata di preghiera e adorazione eucaristica silenziosa (aperta a chiunque desideri partecipare); <strong>dalle 18.15 alle 18.45<\/strong> preghiera animata con una riflessione, a seguire canto dei Vespri e reposizione del Santissimo.<\/li>\n<li><strong>gioved\u00ec 5 maggio ore <\/strong><span style=\"font-size: inherit\"><strong>20:00 a Noarna<\/strong> (chiesa parrocchiale): adorazione eucaristica.<\/span><\/li>\n<li><strong>gioved\u00ec 5 maggio ore 20.30 a Rovereto<\/strong> (chiesa S. Croce): adorazione eucaristica.<\/li>\n<li><strong>gioved\u00ec 5 maggio ore 18.15 a Trento<\/strong> (parrocchia Santissimo Sacramento): veglia di preghiera per le vocazioni.<\/li>\n<li><strong style=\"font-size: inherit\">gioved\u00ec 5 maggio ore 20.30 a Vigo Cavedine<\/strong><span style=\"font-size: inherit\"> (chiesa parrocchiale) per tutta la zona pastorale Alto Garda e Valle dei Laghi: adorazione eucaristica e preghiera per le vocazioni.<\/span><\/li>\n<\/ul>\n<p><strong>\u00a0<\/strong><strong>Materiali<\/strong><\/p>\n<ul>\n<li><a href=\"https:\/\/www.diocesitn.it\/area-annuncio\/wp-content\/uploads\/sites\/39\/2022\/04\/Preghiera-per-le-vocazioni_2022.docx\" target=\"_blank\" rel=\"noopener\">Preghiera per le vocazioni<\/a><\/li>\n<li><a href=\"https:\/\/www.diocesitn.it\/area-annuncio\/wp-content\/uploads\/sites\/39\/2022\/04\/33-IV-domenica-di-Pasqua_Preghiera-dei-fedeli.docx\" target=\"_blank\" rel=\"noopener\">Preghiera dei fedeli di domenica 8 maggio<\/a><\/li>\n<li><a href=\"https:\/\/rivistavocazioni.chiesacattolica.it\/2022\/01\/04\/veglia-di-preghiera-2\/?_gl=1*c7vt9j*_ga*MTY3NDcxNjMzLjE1OTMwOTQ4MDI.*_ga_VMSXLL2MYL*MTY1MTEzNjUyOC43LjEuMTY1MTEzNjc5My4w\" target=\"_blank\" rel=\"noopener\">Veglia di preghiera proposta dall&#8217;Ufficio Nazionale<\/a><\/li>\n<li><a href=\"https:\/\/www.diocesitn.it\/area-annuncio\/wp-content\/uploads\/sites\/39\/2022\/04\/20220508-messaggio-59-gm-vocazioni.pdf\" target=\"_blank\" rel=\"noopener\">Messaggio del Papa per la 59a Giornata Mondiale di Preghiera per le Vocazioni: &#8220;Chiamati ad edificare la famiglia umana&#8221;<\/a><\/li>\n<li>brevi Video-testimonianze (Ufficio Nazionale Pastorale Vocazioni): <a style=\"font-size: inherit;background-color: #ffffff\" href=\"https:\/\/www.youtube.com\/watch?v=iwmEtwTmfto\" target=\"_blank\" rel=\"noopener\">don Alberto Gastaldi, Essere creativi; <\/a><a style=\"font-size: inherit;background-color: #ffffff\" href=\"https:\/\/www.youtube.com\/watch?v=vzYYez9OH6k\" target=\"_blank\" rel=\"noopener\">suor Simona, Non lasciare che altri; <\/a><a style=\"font-size: inherit;background-color: #ffffff\" href=\"https:\/\/www.youtube.com\/watch?v=DdFoEeoMG68\" target=\"_blank\" rel=\"noopener\">Fabio Valerio, Utile per l\u2019altro; <\/a><a style=\"font-size: inherit;background-color: #ffffff\" href=\"https:\/\/www.youtube.com\/watch?v=PZ59m2EdsU4\" target=\"_blank\" rel=\"noopener\">Suor Maria Aurora, Non mi accontentavo di pochi spiccioli.<\/a><\/li>\n<\/ul>\n","protected":false},"excerpt":{"rendered":"<p>Dal 2 all\u20198 maggio 2022 si tiene la \u201cSettimana di preghiera per le vocazioni\u201d, un\u2019intera settimana nella quale ogni comunit\u00e0 \u00e8 invitata a pregare e riflettere sul grande dono della vocazione; la settimana si conclude<\/p>\n","protected":false},"author":167,"featured_media":15574,"comment_status":"closed","ping_status":"closed","sticky":false,"template":"","format":"standard","meta":{"footnotes":""},"categories":[618,608],"tags":[],"class_list":["post-15575","post","type-post","status-publish","format-standard","has-post-thumbnail","hentry","category-servizio-catechistico-giovani-pastorale-giovanile","category-notizie"],"acf":{"seed-localization-paese-cod":"IT","seed-localization-address":"","seed-localization-citta":"Trento","seed-localization-regione-cod-istat":"04","seed-localization-citta-cod-istat":"022205","seed-localization-localita":"","seed-localization-cap":"","seed-localization-marker-visibility":false,"seed-localization-children-visibility":false,"seed-localization-kml":"","seed-localization-custom-marker":""},"yoast_head":"<!-- This site is optimized with the Yoast SEO Premium plugin v20.2.1 (Yoast SEO v22.2) - https:\/\/yoast.com\/wordpress\/plugins\/seo\/ -->\n<title>Una settimana di preghiera per le vocazioni (2-8 maggio), verso la 59a Giornata mondiale. Le iniziative in Diocesi. - Annuncio e Sacramenti - Chiesa di Trento<\/title>\n<meta name=\"robots\" content=\"index, follow, max-snippet:-1, max-image-preview:large, max-video-preview:-1\" \/>\n<link rel=\"canonical\" href=\"https:\/\/www.diocesitn.it\/area-annuncio\/2022\/04\/20\/8-maggio-2022-59-giornata-mondiale-di-preghiera-per-le-vocazioni\/\" \/>\n<meta property=\"og:locale\" content=\"it_IT\" \/>\n<meta property=\"og:type\" content=\"article\" \/>\n<meta property=\"og:title\" content=\"Una settimana di preghiera per le vocazioni (2-8 maggio), verso la 59a Giornata mondiale. Le iniziative in Diocesi.\" \/>\n<meta property=\"og:description\" content=\"Dal 2 all\u20198 maggio 2022 si tiene la \u201cSettimana di preghiera per le vocazioni\u201d, un\u2019intera settimana nella quale ogni comunit\u00e0 \u00e8 invitata a pregare e riflettere sul grande dono della vocazione; la settimana si conclude\" \/>\n<meta property=\"og:url\" content=\"https:\/\/www.diocesitn.it\/area-annuncio\/2022\/04\/20\/8-maggio-2022-59-giornata-mondiale-di-preghiera-per-le-vocazioni\/\" \/>\n<meta property=\"og:site_name\" content=\"Annuncio e Sacramenti\" \/>\n<meta property=\"article:publisher\" content=\"https:\/\/www.facebook.com\/pastoralegiovanile.trento\/\" \/>\n<meta property=\"article:published_time\" content=\"2022-04-20T10:26:15+00:00\" \/>\n<meta property=\"article:modified_time\" content=\"2022-05-09T12:11:51+00:00\" \/>\n<meta property=\"og:image\" content=\"https:\/\/www.diocesitn.it\/area-annuncio\/wp-content\/uploads\/sites\/39\/2022\/04\/tematica-vocazioni-2022_img-per-sito-e1650449373873.jpg\" \/>\n\t<meta property=\"og:image:width\" content=\"800\" \/>\n\t<meta property=\"og:image:height\" content=\"450\" \/>\n\t<meta property=\"og:image:type\" content=\"image\/jpeg\" \/>\n<meta name=\"author\" content=\"ccremonesi\" \/>\n<meta name=\"twitter:card\" content=\"summary_large_image\" \/>\n<meta name=\"twitter:label1\" content=\"Scritto da\" \/>\n\t<meta name=\"twitter:data1\" content=\"ccremonesi\" \/>\n\t<meta name=\"twitter:label2\" content=\"Tempo di lettura stimato\" \/>\n\t<meta name=\"twitter:data2\" content=\"3 minuti\" \/>\n<script type=\"application\/ld+json\" class=\"yoast-schema-graph\">{\"@context\":\"https:\/\/schema.org\",\"@graph\":[{\"@type\":\"Article\",\"@id\":\"https:\/\/www.diocesitn.it\/area-annuncio\/2022\/04\/20\/8-maggio-2022-59-giornata-mondiale-di-preghiera-per-le-vocazioni\/#article\",\"isPartOf\":{\"@id\":\"https:\/\/www.diocesitn.it\/area-annuncio\/2022\/04\/20\/8-maggio-2022-59-giornata-mondiale-di-preghiera-per-le-vocazioni\/\"},\"author\":{\"name\":\"ccremonesi\",\"@id\":\"https:\/\/www.diocesitn.it\/area-annuncio\/#\/schema\/person\/8963f67519fa0dce29c5ba33955dd0f0\"},\"headline\":\"Una settimana di preghiera per le vocazioni (2-8 maggio), verso la 59a Giornata mondiale. Le iniziative in Diocesi.\",\"datePublished\":\"2022-04-20T10:26:15+00:00\",\"dateModified\":\"2022-05-09T12:11:51+00:00\",\"mainEntityOfPage\":{\"@id\":\"https:\/\/www.diocesitn.it\/area-annuncio\/2022\/04\/20\/8-maggio-2022-59-giornata-mondiale-di-preghiera-per-le-vocazioni\/\"},\"wordCount\":484,\"publisher\":{\"@id\":\"https:\/\/www.diocesitn.it\/area-annuncio\/#organization\"},\"image\":{\"@id\":\"https:\/\/www.diocesitn.it\/area-annuncio\/2022\/04\/20\/8-maggio-2022-59-giornata-mondiale-di-preghiera-per-le-vocazioni\/#primaryimage\"},\"thumbnailUrl\":\"https:\/\/www.diocesitn.it\/area-annuncio\/wp-content\/uploads\/sites\/39\/2022\/04\/tematica-vocazioni-2022_img-per-sito-e1650449373873.jpg\",\"articleSection\":[\"Giovani\",\"Notizie\"],\"inLanguage\":\"it-IT\",\"copyrightYear\":\"2022\",\"copyrightHolder\":{\"@id\":\"https:\/\/www.diocesitn.it\/#organization\"}},{\"@type\":\"WebPage\",\"@id\":\"https:\/\/www.diocesitn.it\/area-annuncio\/2022\/04\/20\/8-maggio-2022-59-giornata-mondiale-di-preghiera-per-le-vocazioni\/\",\"url\":\"https:\/\/www.diocesitn.it\/area-annuncio\/2022\/04\/20\/8-maggio-2022-59-giornata-mondiale-di-preghiera-per-le-vocazioni\/\",\"name\":\"Una settimana di preghiera per le vocazioni (2-8 maggio), verso la 59a Giornata mondiale. Le iniziative in Diocesi. - Annuncio e Sacramenti - Chiesa di Trento\",\"isPartOf\":{\"@id\":\"https:\/\/www.diocesitn.it\/area-annuncio\/#website\"},\"primaryImageOfPage\":{\"@id\":\"https:\/\/www.diocesitn.it\/area-annuncio\/2022\/04\/20\/8-maggio-2022-59-giornata-mondiale-di-preghiera-per-le-vocazioni\/#primaryimage\"},\"image\":{\"@id\":\"https:\/\/www.diocesitn.it\/area-annuncio\/2022\/04\/20\/8-maggio-2022-59-giornata-mondiale-di-preghiera-per-le-vocazioni\/#primaryimage\"},\"thumbnailUrl\":\"https:\/\/www.diocesitn.it\/area-annuncio\/wp-content\/uploads\/sites\/39\/2022\/04\/tematica-vocazioni-2022_img-per-sito-e1650449373873.jpg\",\"datePublished\":\"2022-04-20T10:26:15+00:00\",\"dateModified\":\"2022-05-09T12:11:51+00:00\",\"breadcrumb\":{\"@id\":\"https:\/\/www.diocesitn.it\/area-annuncio\/2022\/04\/20\/8-maggio-2022-59-giornata-mondiale-di-preghiera-per-le-vocazioni\/#breadcrumb\"},\"inLanguage\":\"it-IT\",\"potentialAction\":[{\"@type\":\"ReadAction\",\"target\":[\"https:\/\/www.diocesitn.it\/area-annuncio\/2022\/04\/20\/8-maggio-2022-59-giornata-mondiale-di-preghiera-per-le-vocazioni\/\"]}]},{\"@type\":\"ImageObject\",\"inLanguage\":\"it-IT\",\"@id\":\"https:\/\/www.diocesitn.it\/area-annuncio\/2022\/04\/20\/8-maggio-2022-59-giornata-mondiale-di-preghiera-per-le-vocazioni\/#primaryimage\",\"url\":\"https:\/\/www.diocesitn.it\/area-annuncio\/wp-content\/uploads\/sites\/39\/2022\/04\/tematica-vocazioni-2022_img-per-sito-e1650449373873.jpg\",\"contentUrl\":\"https:\/\/www.diocesitn.it\/area-annuncio\/wp-content\/uploads\/sites\/39\/2022\/04\/tematica-vocazioni-2022_img-per-sito-e1650449373873.jpg\",\"width\":800,\"height\":450},{\"@type\":\"BreadcrumbList\",\"@id\":\"https:\/\/www.diocesitn.it\/area-annuncio\/2022\/04\/20\/8-maggio-2022-59-giornata-mondiale-di-preghiera-per-le-vocazioni\/#breadcrumb\",\"itemListElement\":[{\"@type\":\"ListItem\",\"position\":1,\"name\":\"Home\",\"item\":\"https:\/\/www.diocesitn.it\/area-annuncio\/\"},{\"@type\":\"ListItem\",\"position\":2,\"name\":\"Una settimana di preghiera per le vocazioni (2-8 maggio), verso la 59a Giornata mondiale. Le iniziative in Diocesi.\"}]},{\"@type\":\"WebSite\",\"@id\":\"https:\/\/www.diocesitn.it\/area-annuncio\/#website\",\"url\":\"https:\/\/www.diocesitn.it\/area-annuncio\/\",\"name\":\"Annuncio e Sacramenti\",\"description\":\"Chiesa di Trento\",\"publisher\":{\"@id\":\"https:\/\/www.diocesitn.it\/area-annuncio\/#organization\"},\"potentialAction\":[{\"@type\":\"SearchAction\",\"target\":{\"@type\":\"EntryPoint\",\"urlTemplate\":\"https:\/\/www.diocesitn.it\/area-annuncio\/?s={search_term_string}\"},\"query-input\":\"required name=search_term_string\"}],\"inLanguage\":\"it-IT\"},{\"@type\":[\"Organization\",\"Place\"],\"@id\":\"https:\/\/www.diocesitn.it\/area-annuncio\/#organization\",\"name\":\"Area Annuncio e Sacramenti - Chiesa di Trento\",\"url\":\"https:\/\/www.diocesitn.it\/area-annuncio\/\",\"logo\":{\"@id\":\"https:\/\/www.diocesitn.it\/area-annuncio\/2022\/04\/20\/8-maggio-2022-59-giornata-mondiale-di-preghiera-per-le-vocazioni\/#local-main-organization-logo\"},\"image\":{\"@id\":\"https:\/\/www.diocesitn.it\/area-annuncio\/2022\/04\/20\/8-maggio-2022-59-giornata-mondiale-di-preghiera-per-le-vocazioni\/#local-main-organization-logo\"},\"sameAs\":[\"https:\/\/www.facebook.com\/pastoralegiovanile.trento\/\",\"https:\/\/www.instagram.com\/pastoralegiovaniletrento\/\",\"https:\/\/www.youtube.com\/channel\/UCGt7hyJaIQIkrQPos4K6L6w\"],\"openingHoursSpecification\":[{\"@type\":\"OpeningHoursSpecification\",\"dayOfWeek\":[\"Monday\",\"Tuesday\",\"Wednesday\",\"Thursday\",\"Friday\",\"Saturday\",\"Sunday\"],\"opens\":\"09:00\",\"closes\":\"17:00\"}]},{\"@type\":\"ImageObject\",\"inLanguage\":\"it-IT\",\"@id\":\"https:\/\/www.diocesitn.it\/area-annuncio\/2022\/04\/20\/8-maggio-2022-59-giornata-mondiale-di-preghiera-per-le-vocazioni\/#local-main-organization-logo\",\"url\":\"https:\/\/www.diocesitn.it\/area-annuncio\/wp-content\/uploads\/sites\/39\/2021\/09\/og-logo-annuncio-e-sacramenti.jpg\",\"contentUrl\":\"https:\/\/www.diocesitn.it\/area-annuncio\/wp-content\/uploads\/sites\/39\/2021\/09\/og-logo-annuncio-e-sacramenti.jpg\",\"width\":1200,\"height\":630,\"caption\":\"Area Annuncio e Sacramenti - Chiesa di Trento\"}]}<\/script>\n<!-- \/ Yoast SEO Premium plugin. -->","yoast_head_json":{"title":"Una settimana di preghiera per le vocazioni (2-8 maggio), verso la 59a Giornata mondiale. Le iniziative in Diocesi. - Annuncio e Sacramenti - Chiesa di Trento","robots":{"index":"index","follow":"follow","max-snippet":"max-snippet:-1","max-image-preview":"max-image-preview:large","max-video-preview":"max-video-preview:-1"},"canonical":"https:\/\/www.diocesitn.it\/area-annuncio\/2022\/04\/20\/8-maggio-2022-59-giornata-mondiale-di-preghiera-per-le-vocazioni\/","og_locale":"it_IT","og_type":"article","og_title":"Una settimana di preghiera per le vocazioni (2-8 maggio), verso la 59a Giornata mondiale. Le iniziative in Diocesi.","og_description":"Dal 2 all\u20198 maggio 2022 si tiene la \u201cSettimana di preghiera per le vocazioni\u201d, un\u2019intera settimana nella quale ogni comunit\u00e0 \u00e8 invitata a pregare e riflettere sul grande dono della vocazione; la settimana si conclude","og_url":"https:\/\/www.diocesitn.it\/area-annuncio\/2022\/04\/20\/8-maggio-2022-59-giornata-mondiale-di-preghiera-per-le-vocazioni\/","og_site_name":"Annuncio e Sacramenti","article_publisher":"https:\/\/www.facebook.com\/pastoralegiovanile.trento\/","article_published_time":"2022-04-20T10:26:15+00:00","article_modified_time":"2022-05-09T12:11:51+00:00","og_image":[{"width":800,"height":450,"url":"https:\/\/www.diocesitn.it\/area-annuncio\/wp-content\/uploads\/sites\/39\/2022\/04\/tematica-vocazioni-2022_img-per-sito-e1650449373873.jpg","type":"image\/jpeg"}],"author":"ccremonesi","twitter_card":"summary_large_image","twitter_misc":{"Scritto da":"ccremonesi","Tempo di lettura stimato":"3 minuti"},"schema":{"@context":"https:\/\/schema.org","@graph":[{"@type":"Article","@id":"https:\/\/www.diocesitn.it\/area-annuncio\/2022\/04\/20\/8-maggio-2022-59-giornata-mondiale-di-preghiera-per-le-vocazioni\/#article","isPartOf":{"@id":"https:\/\/www.diocesitn.it\/area-annuncio\/2022\/04\/20\/8-maggio-2022-59-giornata-mondiale-di-preghiera-per-le-vocazioni\/"},"author":{"name":"ccremonesi","@id":"https:\/\/www.diocesitn.it\/area-annuncio\/#\/schema\/person\/8963f67519fa0dce29c5ba33955dd0f0"},"headline":"Una settimana di preghiera per le vocazioni (2-8 maggio), verso la 59a Giornata mondiale. Le iniziative in Diocesi.","datePublished":"2022-04-20T10:26:15+00:00","dateModified":"2022-05-09T12:11:51+00:00","mainEntityOfPage":{"@id":"https:\/\/www.diocesitn.it\/area-annuncio\/2022\/04\/20\/8-maggio-2022-59-giornata-mondiale-di-preghiera-per-le-vocazioni\/"},"wordCount":484,"publisher":{"@id":"https:\/\/www.diocesitn.it\/area-annuncio\/#organization"},"image":{"@id":"https:\/\/www.diocesitn.it\/area-annuncio\/2022\/04\/20\/8-maggio-2022-59-giornata-mondiale-di-preghiera-per-le-vocazioni\/#primaryimage"},"thumbnailUrl":"https:\/\/www.diocesitn.it\/area-annuncio\/wp-content\/uploads\/sites\/39\/2022\/04\/tematica-vocazioni-2022_img-per-sito-e1650449373873.jpg","articleSection":["Giovani","Notizie"],"inLanguage":"it-IT","copyrightYear":"2022","copyrightHolder":{"@id":"https:\/\/www.diocesitn.it\/#organization"}},{"@type":"WebPage","@id":"https:\/\/www.diocesitn.it\/area-annuncio\/2022\/04\/20\/8-maggio-2022-59-giornata-mondiale-di-preghiera-per-le-vocazioni\/","url":"https:\/\/www.diocesitn.it\/area-annuncio\/2022\/04\/20\/8-maggio-2022-59-giornata-mondiale-di-preghiera-per-le-vocazioni\/","name":"Una settimana di preghiera per le vocazioni (2-8 maggio), verso la 59a Giornata mondiale. Le iniziative in Diocesi. - Annuncio e Sacramenti - Chiesa di Trento","isPartOf":{"@id":"https:\/\/www.diocesitn.it\/area-annuncio\/#website"},"primaryImageOfPage":{"@id":"https:\/\/www.diocesitn.it\/area-annuncio\/2022\/04\/20\/8-maggio-2022-59-giornata-mondiale-di-preghiera-per-le-vocazioni\/#primaryimage"},"image":{"@id":"https:\/\/www.diocesitn.it\/area-annuncio\/2022\/04\/20\/8-maggio-2022-59-giornata-mondiale-di-preghiera-per-le-vocazioni\/#primaryimage"},"thumbnailUrl":"https:\/\/www.diocesitn.it\/area-annuncio\/wp-content\/uploads\/sites\/39\/2022\/04\/tematica-vocazioni-2022_img-per-sito-e1650449373873.jpg","datePublished":"2022-04-20T10:26:15+00:00","dateModified":"2022-05-09T12:11:51+00:00","breadcrumb":{"@id":"https:\/\/www.diocesitn.it\/area-annuncio\/2022\/04\/20\/8-maggio-2022-59-giornata-mondiale-di-preghiera-per-le-vocazioni\/#breadcrumb"},"inLanguage":"it-IT","potentialAction":[{"@type":"ReadAction","target":["https:\/\/www.diocesitn.it\/area-annuncio\/2022\/04\/20\/8-maggio-2022-59-giornata-mondiale-di-preghiera-per-le-vocazioni\/"]}]},{"@type":"ImageObject","inLanguage":"it-IT","@id":"https:\/\/www.diocesitn.it\/area-annuncio\/2022\/04\/20\/8-maggio-2022-59-giornata-mondiale-di-preghiera-per-le-vocazioni\/#primaryimage","url":"https:\/\/www.diocesitn.it\/area-annuncio\/wp-content\/uploads\/sites\/39\/2022\/04\/tematica-vocazioni-2022_img-per-sito-e1650449373873.jpg","contentUrl":"https:\/\/www.diocesitn.it\/area-annuncio\/wp-content\/uploads\/sites\/39\/2022\/04\/tematica-vocazioni-2022_img-per-sito-e1650449373873.jpg","width":800,"height":450},{"@type":"BreadcrumbList","@id":"https:\/\/www.diocesitn.it\/area-annuncio\/2022\/04\/20\/8-maggio-2022-59-giornata-mondiale-di-preghiera-per-le-vocazioni\/#breadcrumb","itemListElement":[{"@type":"ListItem","position":1,"name":"Home","item":"https:\/\/www.diocesitn.it\/area-annuncio\/"},{"@type":"ListItem","position":2,"name":"Una settimana di preghiera per le vocazioni (2-8 maggio), verso la 59a Giornata mondiale. Le iniziative in Diocesi."}]},{"@type":"WebSite","@id":"https:\/\/www.diocesitn.it\/area-annuncio\/#website","url":"https:\/\/www.diocesitn.it\/area-annuncio\/","name":"Annuncio e Sacramenti","description":"Chiesa di Trento","publisher":{"@id":"https:\/\/www.diocesitn.it\/area-annuncio\/#organization"},"potentialAction":[{"@type":"SearchAction","target":{"@type":"EntryPoint","urlTemplate":"https:\/\/www.diocesitn.it\/area-annuncio\/?s={search_term_string}"},"query-input":"required name=search_term_string"}],"inLanguage":"it-IT"},{"@type":["Organization","Place"],"@id":"https:\/\/www.diocesitn.it\/area-annuncio\/#organization","name":"Area Annuncio e Sacramenti - Chiesa di Trento","url":"https:\/\/www.diocesitn.it\/area-annuncio\/","logo":{"@id":"https:\/\/www.diocesitn.it\/area-annuncio\/2022\/04\/20\/8-maggio-2022-59-giornata-mondiale-di-preghiera-per-le-vocazioni\/#local-main-organization-logo"},"image":{"@id":"https:\/\/www.diocesitn.it\/area-annuncio\/2022\/04\/20\/8-maggio-2022-59-giornata-mondiale-di-preghiera-per-le-vocazioni\/#local-main-organization-logo"},"sameAs":["https:\/\/www.facebook.com\/pastoralegiovanile.trento\/","https:\/\/www.instagram.com\/pastoralegiovaniletrento\/","https:\/\/www.youtube.com\/channel\/UCGt7hyJaIQIkrQPos4K6L6w"],"openingHoursSpecification":[{"@type":"OpeningHoursSpecification","dayOfWeek":["Monday","Tuesday","Wednesday","Thursday","Friday","Saturday","Sunday"],"opens":"09:00","closes":"17:00"}]},{"@type":"ImageObject","inLanguage":"it-IT","@id":"https:\/\/www.diocesitn.it\/area-annuncio\/2022\/04\/20\/8-maggio-2022-59-giornata-mondiale-di-preghiera-per-le-vocazioni\/#local-main-organization-logo","url":"https:\/\/www.diocesitn.it\/area-annuncio\/wp-content\/uploads\/sites\/39\/2021\/09\/og-logo-annuncio-e-sacramenti.jpg","contentUrl":"https:\/\/www.diocesitn.it\/area-annuncio\/wp-content\/uploads\/sites\/39\/2021\/09\/og-logo-annuncio-e-sacramenti.jpg","width":1200,"height":630,"caption":"Area Annuncio e Sacramenti - Chiesa di Trento"}]}},"_links":{"self":[{"href":"https:\/\/www.diocesitn.it\/area-annuncio\/wp-json\/wp\/v2\/posts\/15575","targetHints":{"allow":["GET"]}}],"collection":[{"href":"https:\/\/www.diocesitn.it\/area-annuncio\/wp-json\/wp\/v2\/posts"}],"about":[{"href":"https:\/\/www.diocesitn.it\/area-annuncio\/wp-json\/wp\/v2\/types\/post"}],"author":[{"embeddable":true,"href":"https:\/\/www.diocesitn.it\/area-annuncio\/wp-json\/wp\/v2\/users\/167"}],"replies":[{"embeddable":true,"href":"https:\/\/www.diocesitn.it\/area-annuncio\/wp-json\/wp\/v2\/comments?post=15575"}],"version-history":[{"count":3,"href":"https:\/\/www.diocesitn.it\/area-annuncio\/wp-json\/wp\/v2\/posts\/15575\/revisions"}],"predecessor-version":[{"id":15721,"href":"https:\/\/www.diocesitn.it\/area-annuncio\/wp-json\/wp\/v2\/posts\/15575\/revisions\/15721"}],"wp:featuredmedia":[{"embeddable":true,"href":"https:\/\/www.diocesitn.it\/area-annuncio\/wp-json\/wp\/v2\/media\/15574"}],"wp:attachment":[{"href":"https:\/\/www.diocesitn.it\/area-annuncio\/wp-json\/wp\/v2\/media?parent=15575"}],"wp:term":[{"taxonomy":"category","embeddable":true,"href":"https:\/\/www.diocesitn.it\/area-annuncio\/wp-json\/wp\/v2\/categories?post=15575"},{"taxonomy":"post_tag","embeddable":true,"href":"https:\/\/www.diocesitn.it\/area-annuncio\/wp-json\/wp\/v2\/tags?post=15575"}],"curies":[{"name":"wp","href":"https:\/\/api.w.org\/{rel}","templated":true}]}}