{"id":15189,"date":"2022-03-14T17:06:35","date_gmt":"2022-03-14T16:06:35","guid":{"rendered":"https:\/\/www.diocesitn.it\/area-annuncio\/?p=15189"},"modified":"2022-03-17T09:25:23","modified_gmt":"2022-03-17T08:25:23","slug":"sussidi-per-la-preghiera-e-il-canto","status":"publish","type":"post","link":"https:\/\/www.diocesitn.it\/area-annuncio\/2022\/03\/14\/sussidi-per-la-preghiera-e-il-canto\/","title":{"rendered":"SUSSIDI PER LA PREGHIERA E IL CANTO"},"content":{"rendered":"<p>\u00c8 disponibile in questi giorni la ristampa aggiornata del <strong>Proprio diocesano della Liturgia delle Ore.<\/strong><\/p>\n<p>La ristampa si \u00e8 resa necessaria per l&#8217;esaurimento delle copie e con l&#8217;occasione si \u00e8 provveduto ad aggiornare i vari supplementi che nel corso di questi anni sono venuti a comporre in maniera supplementare il nostro Proprio con l&#8217;approvazione anche del Calendario che vede, come novit\u00e0, alcune memorie facoltative del Calendario Romano Generale spostate<br \/>\nad altra data perch\u00e9 coincidenti con Feste o Memorie del Proprio diocesano.<\/p>\n<p>Con l&#8217;occasione segnaliamo gli altri sussidi per il canto che sono disponibili presso la segreteria generale.<\/p>\n<p>Il <strong>repertorio diocesano &#8220;Uniti nella lode&#8221;<\/strong> con il <span style=\"text-decoration: underline\">libretto dei testi<\/span> per l&#8217;assemblea dei fedeli e il<span style=\"text-decoration: underline\"> libro degli accompagnamenti<\/span> (quest&#8217;ultimo in ristampa presso l&#8217;editore Elledici di Torino): si tratta del repertorio ufficiale che costituisce il fondo comune delle nostre parrocchie e che \u00e8 maturato negli anni a partire dall&#8217;esperienza del Libro della preghiera per far tesoro dei vari canti che nelle celebrazioni del Congresso Eucaristico, del Sinodo, del Giubileo ecc., si sono imposti nei repertori dei cori e delle nostre comunit\u00e0.<\/p>\n<p><strong>Salmi responsoriali domenicali e festivi<\/strong>, corredato anche da CD per l&#8217;ascolto e l&#8217;apprendimento delle melodie: \u00e8 un invito pressante a riscoprire il gusto del canto dei salmi nelle celebrazioni domenicali e festive perch\u00e9 il &#8220;<em>canto del salmo o anche del solo ritornello \u00e8 un mezzo assai efficace per approfondire il senso spirituale del salmo stesso e favorire la meditazione&#8221;. (Introduzione al lezionario)<\/em><\/p>\n<p>Il <strong>Canto dei vespri domenicali e festivi<\/strong> con il <span style=\"text-decoration: underline\">libretto di testi e melodie<\/span> per l&#8217;assemblea e il <span style=\"text-decoration: underline\">libro degli accompagnamenti:<\/span> si tratta di un sussidio prezioso per la convocazione comunitaria alla preghiera della sera che pu\u00f2 essere presieduta anche da un laico. \u00c8 un mezzo assai efficace per educare alla preghiera ufficiale della Chiesa universale dove il canto diviene la cifra distintiva di una celebrazione semplice, decorosa e solenne.<\/p>\n<p>&nbsp;<\/p>\n<p>&nbsp;<\/p>\n","protected":false},"excerpt":{"rendered":"<p>\u00c8 disponibile in questi giorni la ristampa aggiornata del Proprio diocesano della Liturgia delle Ore. La ristampa si \u00e8 resa necessaria per l&#8217;esaurimento delle copie e con l&#8217;occasione si \u00e8 provveduto ad aggiornare i vari<\/p>\n","protected":false},"author":31,"featured_media":15192,"comment_status":"closed","ping_status":"closed","sticky":false,"template":"","format":"standard","meta":{"footnotes":""},"categories":[693,719,608],"tags":[],"class_list":["post-15189","post","type-post","status-publish","format-standard","has-post-thumbnail","hentry","category-servizio-liturgico","category-servizio-musicasacra","category-notizie"],"acf":{"seed-localization-paese-cod":"IT","seed-localization-address":"","seed-localization-citta":"Trento","seed-localization-regione-cod-istat":"04","seed-localization-citta-cod-istat":"022205","seed-localization-localita":"","seed-localization-cap":"","seed-localization-marker-visibility":false,"seed-localization-children-visibility":false,"seed-localization-kml":"","seed-localization-custom-marker":""},"yoast_head":"<!-- This site is optimized with the Yoast SEO Premium plugin v20.2.1 (Yoast SEO v22.2) - https:\/\/yoast.com\/wordpress\/plugins\/seo\/ -->\n<title>SUSSIDI PER LA PREGHIERA E IL CANTO - Annuncio e Sacramenti - Chiesa di Trento<\/title>\n<meta name=\"robots\" content=\"index, follow, max-snippet:-1, max-image-preview:large, max-video-preview:-1\" \/>\n<link rel=\"canonical\" href=\"https:\/\/www.diocesitn.it\/area-annuncio\/2022\/03\/14\/sussidi-per-la-preghiera-e-il-canto\/\" \/>\n<meta property=\"og:locale\" content=\"it_IT\" \/>\n<meta property=\"og:type\" content=\"article\" \/>\n<meta property=\"og:title\" content=\"SUSSIDI PER LA PREGHIERA E IL CANTO\" \/>\n<meta property=\"og:description\" content=\"\u00c8 disponibile in questi giorni la ristampa aggiornata del Proprio diocesano della Liturgia delle Ore. La ristampa si \u00e8 resa necessaria per l&#8217;esaurimento delle copie e con l&#8217;occasione si \u00e8 provveduto ad aggiornare i vari\" \/>\n<meta property=\"og:url\" content=\"https:\/\/www.diocesitn.it\/area-annuncio\/2022\/03\/14\/sussidi-per-la-preghiera-e-il-canto\/\" \/>\n<meta property=\"og:site_name\" content=\"Annuncio e Sacramenti\" \/>\n<meta property=\"article:publisher\" content=\"https:\/\/www.facebook.com\/pastoralegiovanile.trento\/\" \/>\n<meta property=\"article:published_time\" content=\"2022-03-14T16:06:35+00:00\" \/>\n<meta property=\"article:modified_time\" content=\"2022-03-17T08:25:23+00:00\" \/>\n<meta property=\"og:image\" content=\"https:\/\/www.diocesitn.it\/area-annuncio\/wp-content\/uploads\/sites\/39\/2022\/03\/Montaggio.jpg\" \/>\n\t<meta property=\"og:image:width\" content=\"2444\" \/>\n\t<meta property=\"og:image:height\" content=\"1306\" \/>\n\t<meta property=\"og:image:type\" content=\"image\/jpeg\" \/>\n<meta name=\"author\" content=\"pdelama\" \/>\n<meta name=\"twitter:card\" content=\"summary_large_image\" \/>\n<meta name=\"twitter:label1\" content=\"Scritto da\" \/>\n\t<meta name=\"twitter:data1\" content=\"pdelama\" \/>\n\t<meta name=\"twitter:label2\" content=\"Tempo di lettura stimato\" \/>\n\t<meta name=\"twitter:data2\" content=\"2 minuti\" \/>\n<script type=\"application\/ld+json\" class=\"yoast-schema-graph\">{\"@context\":\"https:\/\/schema.org\",\"@graph\":[{\"@type\":\"Article\",\"@id\":\"https:\/\/www.diocesitn.it\/area-annuncio\/2022\/03\/14\/sussidi-per-la-preghiera-e-il-canto\/#article\",\"isPartOf\":{\"@id\":\"https:\/\/www.diocesitn.it\/area-annuncio\/2022\/03\/14\/sussidi-per-la-preghiera-e-il-canto\/\"},\"author\":{\"name\":\"pdelama\",\"@id\":\"https:\/\/www.diocesitn.it\/area-annuncio\/#\/schema\/person\/65154cb45813d674873791b3accc006b\"},\"headline\":\"SUSSIDI PER LA PREGHIERA E IL CANTO\",\"datePublished\":\"2022-03-14T16:06:35+00:00\",\"dateModified\":\"2022-03-17T08:25:23+00:00\",\"mainEntityOfPage\":{\"@id\":\"https:\/\/www.diocesitn.it\/area-annuncio\/2022\/03\/14\/sussidi-per-la-preghiera-e-il-canto\/\"},\"wordCount\":313,\"publisher\":{\"@id\":\"https:\/\/www.diocesitn.it\/area-annuncio\/#organization\"},\"image\":{\"@id\":\"https:\/\/www.diocesitn.it\/area-annuncio\/2022\/03\/14\/sussidi-per-la-preghiera-e-il-canto\/#primaryimage\"},\"thumbnailUrl\":\"https:\/\/www.diocesitn.it\/area-annuncio\/wp-content\/uploads\/sites\/39\/2022\/03\/Montaggio.jpg\",\"articleSection\":[\"Liturgia\",\"Musica Sacra\",\"Notizie\"],\"inLanguage\":\"it-IT\",\"copyrightYear\":\"2022\",\"copyrightHolder\":{\"@id\":\"https:\/\/www.diocesitn.it\/#organization\"}},{\"@type\":\"WebPage\",\"@id\":\"https:\/\/www.diocesitn.it\/area-annuncio\/2022\/03\/14\/sussidi-per-la-preghiera-e-il-canto\/\",\"url\":\"https:\/\/www.diocesitn.it\/area-annuncio\/2022\/03\/14\/sussidi-per-la-preghiera-e-il-canto\/\",\"name\":\"SUSSIDI PER LA PREGHIERA E IL CANTO - Annuncio e Sacramenti - Chiesa di Trento\",\"isPartOf\":{\"@id\":\"https:\/\/www.diocesitn.it\/area-annuncio\/#website\"},\"primaryImageOfPage\":{\"@id\":\"https:\/\/www.diocesitn.it\/area-annuncio\/2022\/03\/14\/sussidi-per-la-preghiera-e-il-canto\/#primaryimage\"},\"image\":{\"@id\":\"https:\/\/www.diocesitn.it\/area-annuncio\/2022\/03\/14\/sussidi-per-la-preghiera-e-il-canto\/#primaryimage\"},\"thumbnailUrl\":\"https:\/\/www.diocesitn.it\/area-annuncio\/wp-content\/uploads\/sites\/39\/2022\/03\/Montaggio.jpg\",\"datePublished\":\"2022-03-14T16:06:35+00:00\",\"dateModified\":\"2022-03-17T08:25:23+00:00\",\"breadcrumb\":{\"@id\":\"https:\/\/www.diocesitn.it\/area-annuncio\/2022\/03\/14\/sussidi-per-la-preghiera-e-il-canto\/#breadcrumb\"},\"inLanguage\":\"it-IT\",\"potentialAction\":[{\"@type\":\"ReadAction\",\"target\":[\"https:\/\/www.diocesitn.it\/area-annuncio\/2022\/03\/14\/sussidi-per-la-preghiera-e-il-canto\/\"]}]},{\"@type\":\"ImageObject\",\"inLanguage\":\"it-IT\",\"@id\":\"https:\/\/www.diocesitn.it\/area-annuncio\/2022\/03\/14\/sussidi-per-la-preghiera-e-il-canto\/#primaryimage\",\"url\":\"https:\/\/www.diocesitn.it\/area-annuncio\/wp-content\/uploads\/sites\/39\/2022\/03\/Montaggio.jpg\",\"contentUrl\":\"https:\/\/www.diocesitn.it\/area-annuncio\/wp-content\/uploads\/sites\/39\/2022\/03\/Montaggio.jpg\",\"width\":2444,\"height\":1306},{\"@type\":\"BreadcrumbList\",\"@id\":\"https:\/\/www.diocesitn.it\/area-annuncio\/2022\/03\/14\/sussidi-per-la-preghiera-e-il-canto\/#breadcrumb\",\"itemListElement\":[{\"@type\":\"ListItem\",\"position\":1,\"name\":\"Home\",\"item\":\"https:\/\/www.diocesitn.it\/area-annuncio\/\"},{\"@type\":\"ListItem\",\"position\":2,\"name\":\"SUSSIDI PER LA PREGHIERA E IL CANTO\"}]},{\"@type\":\"WebSite\",\"@id\":\"https:\/\/www.diocesitn.it\/area-annuncio\/#website\",\"url\":\"https:\/\/www.diocesitn.it\/area-annuncio\/\",\"name\":\"Annuncio e Sacramenti\",\"description\":\"Chiesa di Trento\",\"publisher\":{\"@id\":\"https:\/\/www.diocesitn.it\/area-annuncio\/#organization\"},\"potentialAction\":[{\"@type\":\"SearchAction\",\"target\":{\"@type\":\"EntryPoint\",\"urlTemplate\":\"https:\/\/www.diocesitn.it\/area-annuncio\/?s={search_term_string}\"},\"query-input\":\"required name=search_term_string\"}],\"inLanguage\":\"it-IT\"},{\"@type\":[\"Organization\",\"Place\"],\"@id\":\"https:\/\/www.diocesitn.it\/area-annuncio\/#organization\",\"name\":\"Area Annuncio e Sacramenti - Chiesa di Trento\",\"url\":\"https:\/\/www.diocesitn.it\/area-annuncio\/\",\"logo\":{\"@id\":\"https:\/\/www.diocesitn.it\/area-annuncio\/2022\/03\/14\/sussidi-per-la-preghiera-e-il-canto\/#local-main-organization-logo\"},\"image\":{\"@id\":\"https:\/\/www.diocesitn.it\/area-annuncio\/2022\/03\/14\/sussidi-per-la-preghiera-e-il-canto\/#local-main-organization-logo\"},\"sameAs\":[\"https:\/\/www.facebook.com\/pastoralegiovanile.trento\/\",\"https:\/\/www.instagram.com\/pastoralegiovaniletrento\/\",\"https:\/\/www.youtube.com\/channel\/UCGt7hyJaIQIkrQPos4K6L6w\"],\"openingHoursSpecification\":[{\"@type\":\"OpeningHoursSpecification\",\"dayOfWeek\":[\"Monday\",\"Tuesday\",\"Wednesday\",\"Thursday\",\"Friday\",\"Saturday\",\"Sunday\"],\"opens\":\"09:00\",\"closes\":\"17:00\"}]},{\"@type\":\"ImageObject\",\"inLanguage\":\"it-IT\",\"@id\":\"https:\/\/www.diocesitn.it\/area-annuncio\/2022\/03\/14\/sussidi-per-la-preghiera-e-il-canto\/#local-main-organization-logo\",\"url\":\"https:\/\/www.diocesitn.it\/area-annuncio\/wp-content\/uploads\/sites\/39\/2021\/09\/og-logo-annuncio-e-sacramenti.jpg\",\"contentUrl\":\"https:\/\/www.diocesitn.it\/area-annuncio\/wp-content\/uploads\/sites\/39\/2021\/09\/og-logo-annuncio-e-sacramenti.jpg\",\"width\":1200,\"height\":630,\"caption\":\"Area Annuncio e Sacramenti - Chiesa di Trento\"}]}<\/script>\n<!-- \/ Yoast SEO Premium plugin. -->","yoast_head_json":{"title":"SUSSIDI PER LA PREGHIERA E IL CANTO - Annuncio e Sacramenti - Chiesa di Trento","robots":{"index":"index","follow":"follow","max-snippet":"max-snippet:-1","max-image-preview":"max-image-preview:large","max-video-preview":"max-video-preview:-1"},"canonical":"https:\/\/www.diocesitn.it\/area-annuncio\/2022\/03\/14\/sussidi-per-la-preghiera-e-il-canto\/","og_locale":"it_IT","og_type":"article","og_title":"SUSSIDI PER LA PREGHIERA E IL CANTO","og_description":"\u00c8 disponibile in questi giorni la ristampa aggiornata del Proprio diocesano della Liturgia delle Ore. La ristampa si \u00e8 resa necessaria per l&#8217;esaurimento delle copie e con l&#8217;occasione si \u00e8 provveduto ad aggiornare i vari","og_url":"https:\/\/www.diocesitn.it\/area-annuncio\/2022\/03\/14\/sussidi-per-la-preghiera-e-il-canto\/","og_site_name":"Annuncio e Sacramenti","article_publisher":"https:\/\/www.facebook.com\/pastoralegiovanile.trento\/","article_published_time":"2022-03-14T16:06:35+00:00","article_modified_time":"2022-03-17T08:25:23+00:00","og_image":[{"width":2444,"height":1306,"url":"https:\/\/www.diocesitn.it\/area-annuncio\/wp-content\/uploads\/sites\/39\/2022\/03\/Montaggio.jpg","type":"image\/jpeg"}],"author":"pdelama","twitter_card":"summary_large_image","twitter_misc":{"Scritto da":"pdelama","Tempo di lettura stimato":"2 minuti"},"schema":{"@context":"https:\/\/schema.org","@graph":[{"@type":"Article","@id":"https:\/\/www.diocesitn.it\/area-annuncio\/2022\/03\/14\/sussidi-per-la-preghiera-e-il-canto\/#article","isPartOf":{"@id":"https:\/\/www.diocesitn.it\/area-annuncio\/2022\/03\/14\/sussidi-per-la-preghiera-e-il-canto\/"},"author":{"name":"pdelama","@id":"https:\/\/www.diocesitn.it\/area-annuncio\/#\/schema\/person\/65154cb45813d674873791b3accc006b"},"headline":"SUSSIDI PER LA PREGHIERA E IL CANTO","datePublished":"2022-03-14T16:06:35+00:00","dateModified":"2022-03-17T08:25:23+00:00","mainEntityOfPage":{"@id":"https:\/\/www.diocesitn.it\/area-annuncio\/2022\/03\/14\/sussidi-per-la-preghiera-e-il-canto\/"},"wordCount":313,"publisher":{"@id":"https:\/\/www.diocesitn.it\/area-annuncio\/#organization"},"image":{"@id":"https:\/\/www.diocesitn.it\/area-annuncio\/2022\/03\/14\/sussidi-per-la-preghiera-e-il-canto\/#primaryimage"},"thumbnailUrl":"https:\/\/www.diocesitn.it\/area-annuncio\/wp-content\/uploads\/sites\/39\/2022\/03\/Montaggio.jpg","articleSection":["Liturgia","Musica Sacra","Notizie"],"inLanguage":"it-IT","copyrightYear":"2022","copyrightHolder":{"@id":"https:\/\/www.diocesitn.it\/#organization"}},{"@type":"WebPage","@id":"https:\/\/www.diocesitn.it\/area-annuncio\/2022\/03\/14\/sussidi-per-la-preghiera-e-il-canto\/","url":"https:\/\/www.diocesitn.it\/area-annuncio\/2022\/03\/14\/sussidi-per-la-preghiera-e-il-canto\/","name":"SUSSIDI PER LA PREGHIERA E IL CANTO - Annuncio e Sacramenti - Chiesa di Trento","isPartOf":{"@id":"https:\/\/www.diocesitn.it\/area-annuncio\/#website"},"primaryImageOfPage":{"@id":"https:\/\/www.diocesitn.it\/area-annuncio\/2022\/03\/14\/sussidi-per-la-preghiera-e-il-canto\/#primaryimage"},"image":{"@id":"https:\/\/www.diocesitn.it\/area-annuncio\/2022\/03\/14\/sussidi-per-la-preghiera-e-il-canto\/#primaryimage"},"thumbnailUrl":"https:\/\/www.diocesitn.it\/area-annuncio\/wp-content\/uploads\/sites\/39\/2022\/03\/Montaggio.jpg","datePublished":"2022-03-14T16:06:35+00:00","dateModified":"2022-03-17T08:25:23+00:00","breadcrumb":{"@id":"https:\/\/www.diocesitn.it\/area-annuncio\/2022\/03\/14\/sussidi-per-la-preghiera-e-il-canto\/#breadcrumb"},"inLanguage":"it-IT","potentialAction":[{"@type":"ReadAction","target":["https:\/\/www.diocesitn.it\/area-annuncio\/2022\/03\/14\/sussidi-per-la-preghiera-e-il-canto\/"]}]},{"@type":"ImageObject","inLanguage":"it-IT","@id":"https:\/\/www.diocesitn.it\/area-annuncio\/2022\/03\/14\/sussidi-per-la-preghiera-e-il-canto\/#primaryimage","url":"https:\/\/www.diocesitn.it\/area-annuncio\/wp-content\/uploads\/sites\/39\/2022\/03\/Montaggio.jpg","contentUrl":"https:\/\/www.diocesitn.it\/area-annuncio\/wp-content\/uploads\/sites\/39\/2022\/03\/Montaggio.jpg","width":2444,"height":1306},{"@type":"BreadcrumbList","@id":"https:\/\/www.diocesitn.it\/area-annuncio\/2022\/03\/14\/sussidi-per-la-preghiera-e-il-canto\/#breadcrumb","itemListElement":[{"@type":"ListItem","position":1,"name":"Home","item":"https:\/\/www.diocesitn.it\/area-annuncio\/"},{"@type":"ListItem","position":2,"name":"SUSSIDI PER LA PREGHIERA E IL CANTO"}]},{"@type":"WebSite","@id":"https:\/\/www.diocesitn.it\/area-annuncio\/#website","url":"https:\/\/www.diocesitn.it\/area-annuncio\/","name":"Annuncio e Sacramenti","description":"Chiesa di Trento","publisher":{"@id":"https:\/\/www.diocesitn.it\/area-annuncio\/#organization"},"potentialAction":[{"@type":"SearchAction","target":{"@type":"EntryPoint","urlTemplate":"https:\/\/www.diocesitn.it\/area-annuncio\/?s={search_term_string}"},"query-input":"required name=search_term_string"}],"inLanguage":"it-IT"},{"@type":["Organization","Place"],"@id":"https:\/\/www.diocesitn.it\/area-annuncio\/#organization","name":"Area Annuncio e Sacramenti - Chiesa di Trento","url":"https:\/\/www.diocesitn.it\/area-annuncio\/","logo":{"@id":"https:\/\/www.diocesitn.it\/area-annuncio\/2022\/03\/14\/sussidi-per-la-preghiera-e-il-canto\/#local-main-organization-logo"},"image":{"@id":"https:\/\/www.diocesitn.it\/area-annuncio\/2022\/03\/14\/sussidi-per-la-preghiera-e-il-canto\/#local-main-organization-logo"},"sameAs":["https:\/\/www.facebook.com\/pastoralegiovanile.trento\/","https:\/\/www.instagram.com\/pastoralegiovaniletrento\/","https:\/\/www.youtube.com\/channel\/UCGt7hyJaIQIkrQPos4K6L6w"],"openingHoursSpecification":[{"@type":"OpeningHoursSpecification","dayOfWeek":["Monday","Tuesday","Wednesday","Thursday","Friday","Saturday","Sunday"],"opens":"09:00","closes":"17:00"}]},{"@type":"ImageObject","inLanguage":"it-IT","@id":"https:\/\/www.diocesitn.it\/area-annuncio\/2022\/03\/14\/sussidi-per-la-preghiera-e-il-canto\/#local-main-organization-logo","url":"https:\/\/www.diocesitn.it\/area-annuncio\/wp-content\/uploads\/sites\/39\/2021\/09\/og-logo-annuncio-e-sacramenti.jpg","contentUrl":"https:\/\/www.diocesitn.it\/area-annuncio\/wp-content\/uploads\/sites\/39\/2021\/09\/og-logo-annuncio-e-sacramenti.jpg","width":1200,"height":630,"caption":"Area Annuncio e Sacramenti - Chiesa di Trento"}]}},"_links":{"self":[{"href":"https:\/\/www.diocesitn.it\/area-annuncio\/wp-json\/wp\/v2\/posts\/15189","targetHints":{"allow":["GET"]}}],"collection":[{"href":"https:\/\/www.diocesitn.it\/area-annuncio\/wp-json\/wp\/v2\/posts"}],"about":[{"href":"https:\/\/www.diocesitn.it\/area-annuncio\/wp-json\/wp\/v2\/types\/post"}],"author":[{"embeddable":true,"href":"https:\/\/www.diocesitn.it\/area-annuncio\/wp-json\/wp\/v2\/users\/31"}],"replies":[{"embeddable":true,"href":"https:\/\/www.diocesitn.it\/area-annuncio\/wp-json\/wp\/v2\/comments?post=15189"}],"version-history":[{"count":3,"href":"https:\/\/www.diocesitn.it\/area-annuncio\/wp-json\/wp\/v2\/posts\/15189\/revisions"}],"predecessor-version":[{"id":15204,"href":"https:\/\/www.diocesitn.it\/area-annuncio\/wp-json\/wp\/v2\/posts\/15189\/revisions\/15204"}],"wp:featuredmedia":[{"embeddable":true,"href":"https:\/\/www.diocesitn.it\/area-annuncio\/wp-json\/wp\/v2\/media\/15192"}],"wp:attachment":[{"href":"https:\/\/www.diocesitn.it\/area-annuncio\/wp-json\/wp\/v2\/media?parent=15189"}],"wp:term":[{"taxonomy":"category","embeddable":true,"href":"https:\/\/www.diocesitn.it\/area-annuncio\/wp-json\/wp\/v2\/categories?post=15189"},{"taxonomy":"post_tag","embeddable":true,"href":"https:\/\/www.diocesitn.it\/area-annuncio\/wp-json\/wp\/v2\/tags?post=15189"}],"curies":[{"name":"wp","href":"https:\/\/api.w.org\/{rel}","templated":true}]}}