{"id":15122,"date":"2022-03-08T11:14:12","date_gmt":"2022-03-08T10:14:12","guid":{"rendered":"https:\/\/www.diocesitn.it\/area-annuncio\/?p=15122"},"modified":"2022-11-14T12:33:14","modified_gmt":"2022-11-14T11:33:14","slug":"24-giugno-2022-il-vescovo-lauro-incontra-le-famiglie-in-occasione-del-x-incontro-mondiale-delle-famiglie","status":"publish","type":"post","link":"https:\/\/www.diocesitn.it\/area-annuncio\/2022\/03\/08\/24-giugno-2022-il-vescovo-lauro-incontra-le-famiglie-in-occasione-del-x-incontro-mondiale-delle-famiglie\/","title":{"rendered":"24 giugno 2022 &#8211; il Vescovo Lauro incontra le famiglie in occasione del X Incontro Mondiale delle famiglie"},"content":{"rendered":"<p>Quest&#8217;anno dal 22 al 26 giugno \u00e8 in programma a Roma il X Incontro mondiale delle famiglie. Da sempre\u00a0 lo schema seguito \u00e8 stato abbastanza simile: un Congresso teologico-pastorale internazionale all\u2019inizio e la conclusione, alla presenza del Papa, con una\u00a0veglia, una festa delle famiglie\u00a0e con una grande\u00a0celebrazione eucaristica finale nel Paese designato.<\/p>\n<p>A causa della situazione particolare legata alla pandemia quest&#8217;anno la proposta avr\u00e0 un carattere tutto particolare: il congresso teologico-pastorale sar\u00e0 organizzato si a Roma ma con la possibilit\u00e0 di seguirlo anche a distanza. Cos\u00ec anche la celebrazione eucaristica alla presenza di papa Francesco sar\u00e0 celebrata a Roma il sabato pomeriggio e trasmessa in mondovisione per dare a tutti la possibilit\u00e0 di seguirla a distanza.<\/p>\n<p>La grande differenza di questa edizione \u00e8 che si invitano le varie diocesi a celebrare l&#8217;evento nel proprio territorio e\u00a0 alla presenza del proprio Vescovo. E cos\u00ec anche la diocesi di Trento e il vescovo Lauro hanno colto con piacere questo invito e organizzano un <strong>momento di preghiera e di festa per le famiglie della diocesi venerd\u00ec 24 giugno a Montagnaga di Pin\u00e9 dalle 17.15 alle 21.30 circa<\/strong>.<\/p>\n<p>Info 342-862.78.42<\/p>\n<p>Questo il programma:<\/p>\n<table style=\"border-collapse: collapse;width: 100%\">\n<tbody>\n<tr>\n<td style=\"width: 14.4937%\"><span style=\"color: #444444;background-color: #ffffff\">17.15<\/span><\/td>\n<td style=\"width: 85.5063%\"><span style=\"color: #444444;background-color: #ffffff\">R<\/span><span style=\"color: #444444;background-color: #ffffff\">itrovo presso il Santuario <\/span><span style=\"color: #444444;background-color: #ffffff\">a Montagnaga di Pin\u00e8<\/span><\/td>\n<\/tr>\n<tr>\n<td style=\"width: 14.4937%\"><span style=\"color: #444444;background-color: #ffffff\">17.30-18.30<\/span><\/td>\n<td style=\"width: 85.5063%\"><span style=\"color: #444444;background-color: #ffffff\">C<\/span><span style=\"color: #444444;background-color: #ffffff\">accia al tesoro itinerante per famiglie <\/span><span style=\"color: #444444;background-color: #ffffff\">\u201cA caccia della santit\u00e0\u201d su percorso\u00a0<\/span><span style=\"color: #444444;background-color: #ffffff\">breve. Partenza ogni 10 minuti<\/span><\/td>\n<\/tr>\n<tr>\n<td style=\"width: 14.4937%\"><span style=\"color: #444444;background-color: #ffffff\">18.30<\/span><\/td>\n<td style=\"width: 85.5063%\"><span style=\"color: #444444;background-color: #ffffff\">&#8220;Insieme in musica\u201d<\/span><\/td>\n<\/tr>\n<tr>\n<td style=\"width: 14.4937%\">19.00<\/td>\n<td style=\"width: 85.5063%\">Cena al sacco. Si consiglia coperta da picnic<\/td>\n<\/tr>\n<tr>\n<td style=\"width: 14.4937%\">20.00<\/td>\n<td style=\"width: 85.5063%\">Veglia di preghiera con il Vescovo Lauro presso la conca della comparsa<\/td>\n<\/tr>\n<tr>\n<td style=\"width: 14.4937%\">21.30<\/td>\n<td style=\"width: 85.5063%\">Chiusura incontro e saluti<\/td>\n<\/tr>\n<\/tbody>\n<\/table>\n<p style=\"text-align: right\">\u00a0 \u00a0<a href=\"https:\/\/www.diocesitn.it\/area-annuncio\/wp-content\/uploads\/sites\/39\/2022\/03\/Manifesto_A3__GiornataFamiglie_2022-1.pdf\" target=\"_blank\" rel=\"noopener\">Scarica manifesto A3<\/a><\/p>\n<p style=\"text-align: right\"><a href=\"https:\/\/www.diocesitn.it\/area-annuncio\/wp-content\/uploads\/sites\/39\/2022\/03\/Manifesto_A4__GiornataFamiglie_2022-1.pdf\" target=\"_blank\" rel=\"noopener\">Scarica manifesto A4<\/a><\/p>\n<p style=\"text-align: right\"><a href=\"https:\/\/www.diocesitn.it\/area-annuncio\/wp-content\/uploads\/sites\/39\/2022\/03\/Manifesto_A5__GiornataFamiglie_2022-1.pdf\" target=\"_blank\" rel=\"noopener\">Scarica manifesto A5<\/a><\/p>\n<p style=\"text-align: right\"><a href=\"https:\/\/www.diocesitn.it\/area-annuncio\/wp-content\/uploads\/sites\/39\/2022\/03\/Manifesto_A5__GiornataFamiglie_2022-copia.jpg\" target=\"_blank\" rel=\"noopener\">Scarica manifesto jpg<\/a><\/p>\n<p>&nbsp;<\/p>\n","protected":false},"excerpt":{"rendered":"<p>Quest&#8217;anno dal 22 al 26 giugno \u00e8 in programma a Roma il X Incontro mondiale delle famiglie. Da sempre\u00a0 lo schema seguito \u00e8 stato abbastanza simile: un Congresso teologico-pastorale internazionale all\u2019inizio e la conclusione, alla<\/p>\n","protected":false},"author":14,"featured_media":15866,"comment_status":"closed","ping_status":"closed","sticky":false,"template":"","format":"standard","meta":{"footnotes":""},"categories":[642,608],"tags":[],"class_list":["post-15122","post","type-post","status-publish","format-standard","has-post-thumbnail","hentry","category-servizio-famiglia","category-notizie"],"acf":{"seed-localization-paese-cod":"IT","seed-localization-address":"","seed-localization-citta":"Trento","seed-localization-regione-cod-istat":"04","seed-localization-citta-cod-istat":"022205","seed-localization-localita":"","seed-localization-cap":"","seed-localization-marker-visibility":false,"seed-localization-children-visibility":false,"seed-localization-kml":"","seed-localization-custom-marker":""},"yoast_head":"<!-- This site is optimized with the Yoast SEO Premium plugin v20.2.1 (Yoast SEO v22.2) - https:\/\/yoast.com\/wordpress\/plugins\/seo\/ -->\n<title>24 giugno 2022 - il Vescovo Lauro incontra le famiglie in occasione del X Incontro Mondiale delle famiglie - Annuncio e Sacramenti - Chiesa di Trento<\/title>\n<meta name=\"robots\" content=\"index, follow, max-snippet:-1, max-image-preview:large, max-video-preview:-1\" \/>\n<link rel=\"canonical\" href=\"https:\/\/www.diocesitn.it\/area-annuncio\/2022\/03\/08\/24-giugno-2022-il-vescovo-lauro-incontra-le-famiglie-in-occasione-del-x-incontro-mondiale-delle-famiglie\/\" \/>\n<meta property=\"og:locale\" content=\"it_IT\" \/>\n<meta property=\"og:type\" content=\"article\" \/>\n<meta property=\"og:title\" content=\"24 giugno 2022 - il Vescovo Lauro incontra le famiglie in occasione del X Incontro Mondiale delle famiglie\" \/>\n<meta property=\"og:description\" content=\"Quest&#8217;anno dal 22 al 26 giugno \u00e8 in programma a Roma il X Incontro mondiale delle famiglie. Da sempre\u00a0 lo schema seguito \u00e8 stato abbastanza simile: un Congresso teologico-pastorale internazionale all\u2019inizio e la conclusione, alla\" \/>\n<meta property=\"og:url\" content=\"https:\/\/www.diocesitn.it\/area-annuncio\/2022\/03\/08\/24-giugno-2022-il-vescovo-lauro-incontra-le-famiglie-in-occasione-del-x-incontro-mondiale-delle-famiglie\/\" \/>\n<meta property=\"og:site_name\" content=\"Annuncio e Sacramenti\" \/>\n<meta property=\"article:publisher\" content=\"https:\/\/www.facebook.com\/pastoralegiovanile.trento\/\" \/>\n<meta property=\"article:published_time\" content=\"2022-03-08T10:14:12+00:00\" \/>\n<meta property=\"article:modified_time\" content=\"2022-11-14T11:33:14+00:00\" \/>\n<meta property=\"og:image\" content=\"https:\/\/www.diocesitn.it\/area-annuncio\/wp-content\/uploads\/sites\/39\/2022\/03\/Logo-con-data-copia.jpg\" \/>\n\t<meta property=\"og:image:width\" content=\"1754\" \/>\n\t<meta property=\"og:image:height\" content=\"1240\" \/>\n\t<meta property=\"og:image:type\" content=\"image\/jpeg\" \/>\n<meta name=\"author\" content=\"travanelli\" \/>\n<meta name=\"twitter:card\" content=\"summary_large_image\" \/>\n<meta name=\"twitter:label1\" content=\"Scritto da\" \/>\n\t<meta name=\"twitter:data1\" content=\"travanelli\" \/>\n\t<meta name=\"twitter:label2\" content=\"Tempo di lettura stimato\" \/>\n\t<meta name=\"twitter:data2\" content=\"2 minuti\" \/>\n<script type=\"application\/ld+json\" class=\"yoast-schema-graph\">{\"@context\":\"https:\/\/schema.org\",\"@graph\":[{\"@type\":\"Article\",\"@id\":\"https:\/\/www.diocesitn.it\/area-annuncio\/2022\/03\/08\/24-giugno-2022-il-vescovo-lauro-incontra-le-famiglie-in-occasione-del-x-incontro-mondiale-delle-famiglie\/#article\",\"isPartOf\":{\"@id\":\"https:\/\/www.diocesitn.it\/area-annuncio\/2022\/03\/08\/24-giugno-2022-il-vescovo-lauro-incontra-le-famiglie-in-occasione-del-x-incontro-mondiale-delle-famiglie\/\"},\"author\":{\"name\":\"travanelli\",\"@id\":\"https:\/\/www.diocesitn.it\/area-annuncio\/#\/schema\/person\/55912816e02fae9c8b1fde79ff8e6be2\"},\"headline\":\"24 giugno 2022 &#8211; il Vescovo Lauro incontra le famiglie in occasione del X Incontro Mondiale delle famiglie\",\"datePublished\":\"2022-03-08T10:14:12+00:00\",\"dateModified\":\"2022-11-14T11:33:14+00:00\",\"mainEntityOfPage\":{\"@id\":\"https:\/\/www.diocesitn.it\/area-annuncio\/2022\/03\/08\/24-giugno-2022-il-vescovo-lauro-incontra-le-famiglie-in-occasione-del-x-incontro-mondiale-delle-famiglie\/\"},\"wordCount\":268,\"publisher\":{\"@id\":\"https:\/\/www.diocesitn.it\/area-annuncio\/#organization\"},\"image\":{\"@id\":\"https:\/\/www.diocesitn.it\/area-annuncio\/2022\/03\/08\/24-giugno-2022-il-vescovo-lauro-incontra-le-famiglie-in-occasione-del-x-incontro-mondiale-delle-famiglie\/#primaryimage\"},\"thumbnailUrl\":\"https:\/\/www.diocesitn.it\/area-annuncio\/wp-content\/uploads\/sites\/39\/2022\/03\/Logo-con-data-copia.jpg\",\"articleSection\":[\"Famiglia\",\"Notizie\"],\"inLanguage\":\"it-IT\",\"copyrightYear\":\"2022\",\"copyrightHolder\":{\"@id\":\"https:\/\/www.diocesitn.it\/#organization\"}},{\"@type\":\"WebPage\",\"@id\":\"https:\/\/www.diocesitn.it\/area-annuncio\/2022\/03\/08\/24-giugno-2022-il-vescovo-lauro-incontra-le-famiglie-in-occasione-del-x-incontro-mondiale-delle-famiglie\/\",\"url\":\"https:\/\/www.diocesitn.it\/area-annuncio\/2022\/03\/08\/24-giugno-2022-il-vescovo-lauro-incontra-le-famiglie-in-occasione-del-x-incontro-mondiale-delle-famiglie\/\",\"name\":\"24 giugno 2022 - il Vescovo Lauro incontra le famiglie in occasione del X Incontro Mondiale delle famiglie - Annuncio e Sacramenti - Chiesa di Trento\",\"isPartOf\":{\"@id\":\"https:\/\/www.diocesitn.it\/area-annuncio\/#website\"},\"primaryImageOfPage\":{\"@id\":\"https:\/\/www.diocesitn.it\/area-annuncio\/2022\/03\/08\/24-giugno-2022-il-vescovo-lauro-incontra-le-famiglie-in-occasione-del-x-incontro-mondiale-delle-famiglie\/#primaryimage\"},\"image\":{\"@id\":\"https:\/\/www.diocesitn.it\/area-annuncio\/2022\/03\/08\/24-giugno-2022-il-vescovo-lauro-incontra-le-famiglie-in-occasione-del-x-incontro-mondiale-delle-famiglie\/#primaryimage\"},\"thumbnailUrl\":\"https:\/\/www.diocesitn.it\/area-annuncio\/wp-content\/uploads\/sites\/39\/2022\/03\/Logo-con-data-copia.jpg\",\"datePublished\":\"2022-03-08T10:14:12+00:00\",\"dateModified\":\"2022-11-14T11:33:14+00:00\",\"breadcrumb\":{\"@id\":\"https:\/\/www.diocesitn.it\/area-annuncio\/2022\/03\/08\/24-giugno-2022-il-vescovo-lauro-incontra-le-famiglie-in-occasione-del-x-incontro-mondiale-delle-famiglie\/#breadcrumb\"},\"inLanguage\":\"it-IT\",\"potentialAction\":[{\"@type\":\"ReadAction\",\"target\":[\"https:\/\/www.diocesitn.it\/area-annuncio\/2022\/03\/08\/24-giugno-2022-il-vescovo-lauro-incontra-le-famiglie-in-occasione-del-x-incontro-mondiale-delle-famiglie\/\"]}]},{\"@type\":\"ImageObject\",\"inLanguage\":\"it-IT\",\"@id\":\"https:\/\/www.diocesitn.it\/area-annuncio\/2022\/03\/08\/24-giugno-2022-il-vescovo-lauro-incontra-le-famiglie-in-occasione-del-x-incontro-mondiale-delle-famiglie\/#primaryimage\",\"url\":\"https:\/\/www.diocesitn.it\/area-annuncio\/wp-content\/uploads\/sites\/39\/2022\/03\/Logo-con-data-copia.jpg\",\"contentUrl\":\"https:\/\/www.diocesitn.it\/area-annuncio\/wp-content\/uploads\/sites\/39\/2022\/03\/Logo-con-data-copia.jpg\",\"width\":1754,\"height\":1240},{\"@type\":\"BreadcrumbList\",\"@id\":\"https:\/\/www.diocesitn.it\/area-annuncio\/2022\/03\/08\/24-giugno-2022-il-vescovo-lauro-incontra-le-famiglie-in-occasione-del-x-incontro-mondiale-delle-famiglie\/#breadcrumb\",\"itemListElement\":[{\"@type\":\"ListItem\",\"position\":1,\"name\":\"Home\",\"item\":\"https:\/\/www.diocesitn.it\/area-annuncio\/\"},{\"@type\":\"ListItem\",\"position\":2,\"name\":\"24 giugno 2022 &#8211; il Vescovo Lauro incontra le famiglie in occasione del X Incontro Mondiale delle famiglie\"}]},{\"@type\":\"WebSite\",\"@id\":\"https:\/\/www.diocesitn.it\/area-annuncio\/#website\",\"url\":\"https:\/\/www.diocesitn.it\/area-annuncio\/\",\"name\":\"Annuncio e Sacramenti\",\"description\":\"Chiesa di Trento\",\"publisher\":{\"@id\":\"https:\/\/www.diocesitn.it\/area-annuncio\/#organization\"},\"potentialAction\":[{\"@type\":\"SearchAction\",\"target\":{\"@type\":\"EntryPoint\",\"urlTemplate\":\"https:\/\/www.diocesitn.it\/area-annuncio\/?s={search_term_string}\"},\"query-input\":\"required name=search_term_string\"}],\"inLanguage\":\"it-IT\"},{\"@type\":[\"Organization\",\"Place\"],\"@id\":\"https:\/\/www.diocesitn.it\/area-annuncio\/#organization\",\"name\":\"Area Annuncio e Sacramenti - Chiesa di Trento\",\"url\":\"https:\/\/www.diocesitn.it\/area-annuncio\/\",\"logo\":{\"@id\":\"https:\/\/www.diocesitn.it\/area-annuncio\/2022\/03\/08\/24-giugno-2022-il-vescovo-lauro-incontra-le-famiglie-in-occasione-del-x-incontro-mondiale-delle-famiglie\/#local-main-organization-logo\"},\"image\":{\"@id\":\"https:\/\/www.diocesitn.it\/area-annuncio\/2022\/03\/08\/24-giugno-2022-il-vescovo-lauro-incontra-le-famiglie-in-occasione-del-x-incontro-mondiale-delle-famiglie\/#local-main-organization-logo\"},\"sameAs\":[\"https:\/\/www.facebook.com\/pastoralegiovanile.trento\/\",\"https:\/\/www.instagram.com\/pastoralegiovaniletrento\/\",\"https:\/\/www.youtube.com\/channel\/UCGt7hyJaIQIkrQPos4K6L6w\"],\"openingHoursSpecification\":[{\"@type\":\"OpeningHoursSpecification\",\"dayOfWeek\":[\"Monday\",\"Tuesday\",\"Wednesday\",\"Thursday\",\"Friday\",\"Saturday\",\"Sunday\"],\"opens\":\"09:00\",\"closes\":\"17:00\"}]},{\"@type\":\"ImageObject\",\"inLanguage\":\"it-IT\",\"@id\":\"https:\/\/www.diocesitn.it\/area-annuncio\/2022\/03\/08\/24-giugno-2022-il-vescovo-lauro-incontra-le-famiglie-in-occasione-del-x-incontro-mondiale-delle-famiglie\/#local-main-organization-logo\",\"url\":\"https:\/\/www.diocesitn.it\/area-annuncio\/wp-content\/uploads\/sites\/39\/2021\/09\/og-logo-annuncio-e-sacramenti.jpg\",\"contentUrl\":\"https:\/\/www.diocesitn.it\/area-annuncio\/wp-content\/uploads\/sites\/39\/2021\/09\/og-logo-annuncio-e-sacramenti.jpg\",\"width\":1200,\"height\":630,\"caption\":\"Area Annuncio e Sacramenti - Chiesa di Trento\"}]}<\/script>\n<!-- \/ Yoast SEO Premium plugin. -->","yoast_head_json":{"title":"24 giugno 2022 - il Vescovo Lauro incontra le famiglie in occasione del X Incontro Mondiale delle famiglie - Annuncio e Sacramenti - Chiesa di Trento","robots":{"index":"index","follow":"follow","max-snippet":"max-snippet:-1","max-image-preview":"max-image-preview:large","max-video-preview":"max-video-preview:-1"},"canonical":"https:\/\/www.diocesitn.it\/area-annuncio\/2022\/03\/08\/24-giugno-2022-il-vescovo-lauro-incontra-le-famiglie-in-occasione-del-x-incontro-mondiale-delle-famiglie\/","og_locale":"it_IT","og_type":"article","og_title":"24 giugno 2022 - il Vescovo Lauro incontra le famiglie in occasione del X Incontro Mondiale delle famiglie","og_description":"Quest&#8217;anno dal 22 al 26 giugno \u00e8 in programma a Roma il X Incontro mondiale delle famiglie. Da sempre\u00a0 lo schema seguito \u00e8 stato abbastanza simile: un Congresso teologico-pastorale internazionale all\u2019inizio e la conclusione, alla","og_url":"https:\/\/www.diocesitn.it\/area-annuncio\/2022\/03\/08\/24-giugno-2022-il-vescovo-lauro-incontra-le-famiglie-in-occasione-del-x-incontro-mondiale-delle-famiglie\/","og_site_name":"Annuncio e Sacramenti","article_publisher":"https:\/\/www.facebook.com\/pastoralegiovanile.trento\/","article_published_time":"2022-03-08T10:14:12+00:00","article_modified_time":"2022-11-14T11:33:14+00:00","og_image":[{"width":1754,"height":1240,"url":"https:\/\/www.diocesitn.it\/area-annuncio\/wp-content\/uploads\/sites\/39\/2022\/03\/Logo-con-data-copia.jpg","type":"image\/jpeg"}],"author":"travanelli","twitter_card":"summary_large_image","twitter_misc":{"Scritto da":"travanelli","Tempo di lettura stimato":"2 minuti"},"schema":{"@context":"https:\/\/schema.org","@graph":[{"@type":"Article","@id":"https:\/\/www.diocesitn.it\/area-annuncio\/2022\/03\/08\/24-giugno-2022-il-vescovo-lauro-incontra-le-famiglie-in-occasione-del-x-incontro-mondiale-delle-famiglie\/#article","isPartOf":{"@id":"https:\/\/www.diocesitn.it\/area-annuncio\/2022\/03\/08\/24-giugno-2022-il-vescovo-lauro-incontra-le-famiglie-in-occasione-del-x-incontro-mondiale-delle-famiglie\/"},"author":{"name":"travanelli","@id":"https:\/\/www.diocesitn.it\/area-annuncio\/#\/schema\/person\/55912816e02fae9c8b1fde79ff8e6be2"},"headline":"24 giugno 2022 &#8211; il Vescovo Lauro incontra le famiglie in occasione del X Incontro Mondiale delle famiglie","datePublished":"2022-03-08T10:14:12+00:00","dateModified":"2022-11-14T11:33:14+00:00","mainEntityOfPage":{"@id":"https:\/\/www.diocesitn.it\/area-annuncio\/2022\/03\/08\/24-giugno-2022-il-vescovo-lauro-incontra-le-famiglie-in-occasione-del-x-incontro-mondiale-delle-famiglie\/"},"wordCount":268,"publisher":{"@id":"https:\/\/www.diocesitn.it\/area-annuncio\/#organization"},"image":{"@id":"https:\/\/www.diocesitn.it\/area-annuncio\/2022\/03\/08\/24-giugno-2022-il-vescovo-lauro-incontra-le-famiglie-in-occasione-del-x-incontro-mondiale-delle-famiglie\/#primaryimage"},"thumbnailUrl":"https:\/\/www.diocesitn.it\/area-annuncio\/wp-content\/uploads\/sites\/39\/2022\/03\/Logo-con-data-copia.jpg","articleSection":["Famiglia","Notizie"],"inLanguage":"it-IT","copyrightYear":"2022","copyrightHolder":{"@id":"https:\/\/www.diocesitn.it\/#organization"}},{"@type":"WebPage","@id":"https:\/\/www.diocesitn.it\/area-annuncio\/2022\/03\/08\/24-giugno-2022-il-vescovo-lauro-incontra-le-famiglie-in-occasione-del-x-incontro-mondiale-delle-famiglie\/","url":"https:\/\/www.diocesitn.it\/area-annuncio\/2022\/03\/08\/24-giugno-2022-il-vescovo-lauro-incontra-le-famiglie-in-occasione-del-x-incontro-mondiale-delle-famiglie\/","name":"24 giugno 2022 - il Vescovo Lauro incontra le famiglie in occasione del X Incontro Mondiale delle famiglie - Annuncio e Sacramenti - Chiesa di Trento","isPartOf":{"@id":"https:\/\/www.diocesitn.it\/area-annuncio\/#website"},"primaryImageOfPage":{"@id":"https:\/\/www.diocesitn.it\/area-annuncio\/2022\/03\/08\/24-giugno-2022-il-vescovo-lauro-incontra-le-famiglie-in-occasione-del-x-incontro-mondiale-delle-famiglie\/#primaryimage"},"image":{"@id":"https:\/\/www.diocesitn.it\/area-annuncio\/2022\/03\/08\/24-giugno-2022-il-vescovo-lauro-incontra-le-famiglie-in-occasione-del-x-incontro-mondiale-delle-famiglie\/#primaryimage"},"thumbnailUrl":"https:\/\/www.diocesitn.it\/area-annuncio\/wp-content\/uploads\/sites\/39\/2022\/03\/Logo-con-data-copia.jpg","datePublished":"2022-03-08T10:14:12+00:00","dateModified":"2022-11-14T11:33:14+00:00","breadcrumb":{"@id":"https:\/\/www.diocesitn.it\/area-annuncio\/2022\/03\/08\/24-giugno-2022-il-vescovo-lauro-incontra-le-famiglie-in-occasione-del-x-incontro-mondiale-delle-famiglie\/#breadcrumb"},"inLanguage":"it-IT","potentialAction":[{"@type":"ReadAction","target":["https:\/\/www.diocesitn.it\/area-annuncio\/2022\/03\/08\/24-giugno-2022-il-vescovo-lauro-incontra-le-famiglie-in-occasione-del-x-incontro-mondiale-delle-famiglie\/"]}]},{"@type":"ImageObject","inLanguage":"it-IT","@id":"https:\/\/www.diocesitn.it\/area-annuncio\/2022\/03\/08\/24-giugno-2022-il-vescovo-lauro-incontra-le-famiglie-in-occasione-del-x-incontro-mondiale-delle-famiglie\/#primaryimage","url":"https:\/\/www.diocesitn.it\/area-annuncio\/wp-content\/uploads\/sites\/39\/2022\/03\/Logo-con-data-copia.jpg","contentUrl":"https:\/\/www.diocesitn.it\/area-annuncio\/wp-content\/uploads\/sites\/39\/2022\/03\/Logo-con-data-copia.jpg","width":1754,"height":1240},{"@type":"BreadcrumbList","@id":"https:\/\/www.diocesitn.it\/area-annuncio\/2022\/03\/08\/24-giugno-2022-il-vescovo-lauro-incontra-le-famiglie-in-occasione-del-x-incontro-mondiale-delle-famiglie\/#breadcrumb","itemListElement":[{"@type":"ListItem","position":1,"name":"Home","item":"https:\/\/www.diocesitn.it\/area-annuncio\/"},{"@type":"ListItem","position":2,"name":"24 giugno 2022 &#8211; il Vescovo Lauro incontra le famiglie in occasione del X Incontro Mondiale delle famiglie"}]},{"@type":"WebSite","@id":"https:\/\/www.diocesitn.it\/area-annuncio\/#website","url":"https:\/\/www.diocesitn.it\/area-annuncio\/","name":"Annuncio e Sacramenti","description":"Chiesa di Trento","publisher":{"@id":"https:\/\/www.diocesitn.it\/area-annuncio\/#organization"},"potentialAction":[{"@type":"SearchAction","target":{"@type":"EntryPoint","urlTemplate":"https:\/\/www.diocesitn.it\/area-annuncio\/?s={search_term_string}"},"query-input":"required name=search_term_string"}],"inLanguage":"it-IT"},{"@type":["Organization","Place"],"@id":"https:\/\/www.diocesitn.it\/area-annuncio\/#organization","name":"Area Annuncio e Sacramenti - Chiesa di Trento","url":"https:\/\/www.diocesitn.it\/area-annuncio\/","logo":{"@id":"https:\/\/www.diocesitn.it\/area-annuncio\/2022\/03\/08\/24-giugno-2022-il-vescovo-lauro-incontra-le-famiglie-in-occasione-del-x-incontro-mondiale-delle-famiglie\/#local-main-organization-logo"},"image":{"@id":"https:\/\/www.diocesitn.it\/area-annuncio\/2022\/03\/08\/24-giugno-2022-il-vescovo-lauro-incontra-le-famiglie-in-occasione-del-x-incontro-mondiale-delle-famiglie\/#local-main-organization-logo"},"sameAs":["https:\/\/www.facebook.com\/pastoralegiovanile.trento\/","https:\/\/www.instagram.com\/pastoralegiovaniletrento\/","https:\/\/www.youtube.com\/channel\/UCGt7hyJaIQIkrQPos4K6L6w"],"openingHoursSpecification":[{"@type":"OpeningHoursSpecification","dayOfWeek":["Monday","Tuesday","Wednesday","Thursday","Friday","Saturday","Sunday"],"opens":"09:00","closes":"17:00"}]},{"@type":"ImageObject","inLanguage":"it-IT","@id":"https:\/\/www.diocesitn.it\/area-annuncio\/2022\/03\/08\/24-giugno-2022-il-vescovo-lauro-incontra-le-famiglie-in-occasione-del-x-incontro-mondiale-delle-famiglie\/#local-main-organization-logo","url":"https:\/\/www.diocesitn.it\/area-annuncio\/wp-content\/uploads\/sites\/39\/2021\/09\/og-logo-annuncio-e-sacramenti.jpg","contentUrl":"https:\/\/www.diocesitn.it\/area-annuncio\/wp-content\/uploads\/sites\/39\/2021\/09\/og-logo-annuncio-e-sacramenti.jpg","width":1200,"height":630,"caption":"Area Annuncio e Sacramenti - Chiesa di Trento"}]}},"_links":{"self":[{"href":"https:\/\/www.diocesitn.it\/area-annuncio\/wp-json\/wp\/v2\/posts\/15122","targetHints":{"allow":["GET"]}}],"collection":[{"href":"https:\/\/www.diocesitn.it\/area-annuncio\/wp-json\/wp\/v2\/posts"}],"about":[{"href":"https:\/\/www.diocesitn.it\/area-annuncio\/wp-json\/wp\/v2\/types\/post"}],"author":[{"embeddable":true,"href":"https:\/\/www.diocesitn.it\/area-annuncio\/wp-json\/wp\/v2\/users\/14"}],"replies":[{"embeddable":true,"href":"https:\/\/www.diocesitn.it\/area-annuncio\/wp-json\/wp\/v2\/comments?post=15122"}],"version-history":[{"count":4,"href":"https:\/\/www.diocesitn.it\/area-annuncio\/wp-json\/wp\/v2\/posts\/15122\/revisions"}],"predecessor-version":[{"id":15888,"href":"https:\/\/www.diocesitn.it\/area-annuncio\/wp-json\/wp\/v2\/posts\/15122\/revisions\/15888"}],"wp:featuredmedia":[{"embeddable":true,"href":"https:\/\/www.diocesitn.it\/area-annuncio\/wp-json\/wp\/v2\/media\/15866"}],"wp:attachment":[{"href":"https:\/\/www.diocesitn.it\/area-annuncio\/wp-json\/wp\/v2\/media?parent=15122"}],"wp:term":[{"taxonomy":"category","embeddable":true,"href":"https:\/\/www.diocesitn.it\/area-annuncio\/wp-json\/wp\/v2\/categories?post=15122"},{"taxonomy":"post_tag","embeddable":true,"href":"https:\/\/www.diocesitn.it\/area-annuncio\/wp-json\/wp\/v2\/tags?post=15122"}],"curies":[{"name":"wp","href":"https:\/\/api.w.org\/{rel}","templated":true}]}}