{"id":14978,"date":"2022-02-23T14:11:29","date_gmt":"2022-02-23T13:11:29","guid":{"rendered":"https:\/\/www.diocesitn.it\/area-annuncio\/2022\/02\/23\/giovedi-3-marzo-a-imer-la-veglia-per-le-vocazioni-con-gli-occhi-di-dio-riflettendo-sulla-beata-maria-serafina-del-sacro-cuore\/"},"modified":"2022-02-25T14:12:55","modified_gmt":"2022-02-25T13:12:55","slug":"giovedi-3-marzo-a-imer-la-veglia-per-le-vocazioni-con-gli-occhi-di-dio-riflettendo-sulla-beata-maria-serafina-del-sacro-cuore","status":"publish","type":"post","link":"https:\/\/www.diocesitn.it\/area-annuncio\/2022\/02\/23\/giovedi-3-marzo-a-imer-la-veglia-per-le-vocazioni-con-gli-occhi-di-dio-riflettendo-sulla-beata-maria-serafina-del-sacro-cuore\/","title":{"rendered":"Gioved\u00ec 3 marzo a Imer la veglia per le vocazioni &#8220;Con gli occhi di Dio&#8221;, riflettendo sulla beata Maria Serafina del Sacro Cuore"},"content":{"rendered":"<p>Torna <strong>gioved\u00ec 3 marzo <\/strong>la <strong>veglia diocesana per le vocazioni<\/strong>: l&#8217;appuntamento per questo mese sar\u00e0 nella <strong>chiesa parrocchiale dei santi Pietro e Paolo a Imer<\/strong>, con inizio alle <strong>ore 20.30.<\/strong> Il momento di preghiera sar\u00e0 <strong>presieduto dal vescovo Lauro<\/strong>.<\/p>\n<p>Ad accompagnare la preghiera sar\u00e0 l&#8217;esempio della beata <strong>Maria Serafina del Sacro Cuore<\/strong> (al secolo Clotilde Micheli), una delle figure scelte per il percorso delle veglie di questo anno pastorale, incentrate sulle figure di santi\/e e beati\/e trentini\/e. Maria Serafina del Sacro Cuore, originaria proprio di Imer, \u00e8 la fondatrice dell&#8217;Istituto della Suore degli Angeli, a Roma, e la congregazione delle Adoratrici della Santissima Trinit\u00e0. Clotilde, all&#8217;et\u00e0 di 18 anni fu. favorita da Dio da una manifestazione divina nella quale il Signore le chiedeva di fondare una nuova famiglia religiosa tutta dedita all&#8217;adorazione della SS. Trinit\u00e0, a mezzo dell&#8217;Eucaristia, come gli Angeli. Da qui la denominazione \u201cIstituto Suore degli Angeli\u201d. Da questa profonda spiritualit\u00e0 attingeva la forza e il coraggio dell&#8217;apostolato, soprattutto nell\u2019impegno verso i pi\u00f9 poveri e deprivati; infatti le prime comunit\u00e0 missionarie furono l&#8217;Accattonaggio a Roma e i vari Orfanotrofi per l&#8217;istruzione delle ragazze.<\/p>\n<p>Dopo l&#8217;esordio a Rovereto di inizio ottobre con la riflessione su <strong>Antonio Rosmini<\/strong>, il successivo appuntamento a Trento su <strong>Mario Borzaga <\/strong>e quello a <strong>Borgo Valsugana<\/strong> sulla beata <strong>Giovanna Maria <\/strong><strong>Bonomo<\/strong>, nata di per s\u00e9 ad Asiago, ma la cui mamma Virginia era originaria di Borgo Valsugana, la veglia ha fatto tappa Vigolo Vattaro, nel paese natale della prima santa trentina, santa Paolina Visintainer. Ora cuore della preghiera sar\u00e0 il Primiero.<\/p>\n<p>Le comunit\u00e0 parrocchiali, in tutto il territorio, sono invitate a unirsi in preghiera per tutte le vocazioni nello stesso giorno o in altra data.<\/p>\n<p><a href=\"https:\/\/www.diocesitn.it\/wp-content\/uploads\/2022\/02\/6_MARZO_Maria-Serafina.pdf\"><strong>LIBRETTO DELLA VEGLIA A QUESTO LINK<\/strong><\/a><\/p>\n","protected":false},"excerpt":{"rendered":"<p>Torna gioved\u00ec 3 marzo la veglia diocesana per le vocazioni: l&#8217;appuntamento per questo mese sar\u00e0 nella chiesa parrocchiale dei santi Pietro e Paolo a Imer, con inizio alle ore 20.30. Il momento di preghiera sar\u00e0<\/p>\n","protected":false},"author":168,"featured_media":14980,"comment_status":"closed","ping_status":"closed","sticky":false,"template":"","format":"standard","meta":{"footnotes":""},"categories":[618,608],"tags":[],"class_list":["post-14978","post","type-post","status-publish","format-standard","has-post-thumbnail","hentry","category-servizio-catechistico-giovani-pastorale-giovanile","category-notizie"],"acf":{"seed-localization-paese-cod":"IT","seed-localization-address":"","seed-localization-citta":"Trento","seed-localization-regione-cod-istat":"04","seed-localization-citta-cod-istat":"022205","seed-localization-localita":"","seed-localization-cap":"","seed-localization-marker-visibility":false,"seed-localization-children-visibility":false,"seed-localization-kml":"","seed-localization-custom-marker":""},"yoast_head":"<!-- This site is optimized with the Yoast SEO Premium plugin v20.2.1 (Yoast SEO v22.2) - https:\/\/yoast.com\/wordpress\/plugins\/seo\/ -->\n<title>Gioved\u00ec 3 marzo a Imer la veglia per le vocazioni &quot;Con gli occhi di Dio&quot;, riflettendo sulla beata Maria Serafina del Sacro Cuore - Annuncio e Sacramenti - Chiesa di Trento<\/title>\n<meta name=\"robots\" content=\"index, follow, max-snippet:-1, max-image-preview:large, max-video-preview:-1\" \/>\n<link rel=\"canonical\" href=\"https:\/\/www.diocesitn.it\/area-annuncio\/2022\/02\/23\/giovedi-3-marzo-a-imer-la-veglia-per-le-vocazioni-con-gli-occhi-di-dio-riflettendo-sulla-beata-maria-serafina-del-sacro-cuore\/\" \/>\n<meta property=\"og:locale\" content=\"it_IT\" \/>\n<meta property=\"og:type\" content=\"article\" \/>\n<meta property=\"og:title\" content=\"Gioved\u00ec 3 marzo a Imer la veglia per le vocazioni &quot;Con gli occhi di Dio&quot;, riflettendo sulla beata Maria Serafina del Sacro Cuore\" \/>\n<meta property=\"og:description\" content=\"Torna gioved\u00ec 3 marzo la veglia diocesana per le vocazioni: l&#8217;appuntamento per questo mese sar\u00e0 nella chiesa parrocchiale dei santi Pietro e Paolo a Imer, con inizio alle ore 20.30. Il momento di preghiera sar\u00e0\" \/>\n<meta property=\"og:url\" content=\"https:\/\/www.diocesitn.it\/area-annuncio\/2022\/02\/23\/giovedi-3-marzo-a-imer-la-veglia-per-le-vocazioni-con-gli-occhi-di-dio-riflettendo-sulla-beata-maria-serafina-del-sacro-cuore\/\" \/>\n<meta property=\"og:site_name\" content=\"Annuncio e Sacramenti\" \/>\n<meta property=\"article:publisher\" content=\"https:\/\/www.facebook.com\/pastoralegiovanile.trento\/\" \/>\n<meta property=\"article:published_time\" content=\"2022-02-23T13:11:29+00:00\" \/>\n<meta property=\"article:modified_time\" content=\"2022-02-25T13:12:55+00:00\" \/>\n<meta property=\"og:image\" content=\"https:\/\/www.diocesitn.it\/area-annuncio\/wp-content\/uploads\/sites\/39\/2022\/02\/Veglia-vocazioni-marzo-22-scaled.jpg\" \/>\n\t<meta property=\"og:image:width\" content=\"2560\" \/>\n\t<meta property=\"og:image:height\" content=\"1707\" \/>\n\t<meta property=\"og:image:type\" content=\"image\/jpeg\" \/>\n<meta name=\"author\" content=\"losspapot\" \/>\n<meta name=\"twitter:card\" content=\"summary_large_image\" \/>\n<meta name=\"twitter:label1\" content=\"Scritto da\" \/>\n\t<meta name=\"twitter:data1\" content=\"losspapot\" \/>\n\t<meta name=\"twitter:label2\" content=\"Tempo di lettura stimato\" \/>\n\t<meta name=\"twitter:data2\" content=\"1 minuto\" \/>\n<script type=\"application\/ld+json\" class=\"yoast-schema-graph\">{\"@context\":\"https:\/\/schema.org\",\"@graph\":[{\"@type\":\"Article\",\"@id\":\"https:\/\/www.diocesitn.it\/area-annuncio\/2022\/02\/23\/giovedi-3-marzo-a-imer-la-veglia-per-le-vocazioni-con-gli-occhi-di-dio-riflettendo-sulla-beata-maria-serafina-del-sacro-cuore\/#article\",\"isPartOf\":{\"@id\":\"https:\/\/www.diocesitn.it\/area-annuncio\/2022\/02\/23\/giovedi-3-marzo-a-imer-la-veglia-per-le-vocazioni-con-gli-occhi-di-dio-riflettendo-sulla-beata-maria-serafina-del-sacro-cuore\/\"},\"author\":{\"name\":\"losspapot\",\"@id\":\"https:\/\/www.diocesitn.it\/area-annuncio\/#\/schema\/person\/3526ceacb35e1aa4c86252e45adfad22\"},\"headline\":\"Gioved\u00ec 3 marzo a Imer la veglia per le vocazioni &#8220;Con gli occhi di Dio&#8221;, riflettendo sulla beata Maria Serafina del Sacro Cuore\",\"datePublished\":\"2022-02-23T13:11:29+00:00\",\"dateModified\":\"2022-02-25T13:12:55+00:00\",\"mainEntityOfPage\":{\"@id\":\"https:\/\/www.diocesitn.it\/area-annuncio\/2022\/02\/23\/giovedi-3-marzo-a-imer-la-veglia-per-le-vocazioni-con-gli-occhi-di-dio-riflettendo-sulla-beata-maria-serafina-del-sacro-cuore\/\"},\"wordCount\":308,\"publisher\":{\"@id\":\"https:\/\/www.diocesitn.it\/area-annuncio\/#organization\"},\"image\":{\"@id\":\"https:\/\/www.diocesitn.it\/area-annuncio\/2022\/02\/23\/giovedi-3-marzo-a-imer-la-veglia-per-le-vocazioni-con-gli-occhi-di-dio-riflettendo-sulla-beata-maria-serafina-del-sacro-cuore\/#primaryimage\"},\"thumbnailUrl\":\"https:\/\/www.diocesitn.it\/area-annuncio\/wp-content\/uploads\/sites\/39\/2022\/02\/Veglia-vocazioni-marzo-22-scaled.jpg\",\"articleSection\":[\"Giovani\",\"Notizie\"],\"inLanguage\":\"it-IT\",\"copyrightYear\":\"2022\",\"copyrightHolder\":{\"@id\":\"https:\/\/www.diocesitn.it\/#organization\"}},{\"@type\":\"WebPage\",\"@id\":\"https:\/\/www.diocesitn.it\/area-annuncio\/2022\/02\/23\/giovedi-3-marzo-a-imer-la-veglia-per-le-vocazioni-con-gli-occhi-di-dio-riflettendo-sulla-beata-maria-serafina-del-sacro-cuore\/\",\"url\":\"https:\/\/www.diocesitn.it\/area-annuncio\/2022\/02\/23\/giovedi-3-marzo-a-imer-la-veglia-per-le-vocazioni-con-gli-occhi-di-dio-riflettendo-sulla-beata-maria-serafina-del-sacro-cuore\/\",\"name\":\"Gioved\u00ec 3 marzo a Imer la veglia per le vocazioni \\\"Con gli occhi di Dio\\\", riflettendo sulla beata Maria Serafina del Sacro Cuore - Annuncio e Sacramenti - Chiesa di Trento\",\"isPartOf\":{\"@id\":\"https:\/\/www.diocesitn.it\/area-annuncio\/#website\"},\"primaryImageOfPage\":{\"@id\":\"https:\/\/www.diocesitn.it\/area-annuncio\/2022\/02\/23\/giovedi-3-marzo-a-imer-la-veglia-per-le-vocazioni-con-gli-occhi-di-dio-riflettendo-sulla-beata-maria-serafina-del-sacro-cuore\/#primaryimage\"},\"image\":{\"@id\":\"https:\/\/www.diocesitn.it\/area-annuncio\/2022\/02\/23\/giovedi-3-marzo-a-imer-la-veglia-per-le-vocazioni-con-gli-occhi-di-dio-riflettendo-sulla-beata-maria-serafina-del-sacro-cuore\/#primaryimage\"},\"thumbnailUrl\":\"https:\/\/www.diocesitn.it\/area-annuncio\/wp-content\/uploads\/sites\/39\/2022\/02\/Veglia-vocazioni-marzo-22-scaled.jpg\",\"datePublished\":\"2022-02-23T13:11:29+00:00\",\"dateModified\":\"2022-02-25T13:12:55+00:00\",\"breadcrumb\":{\"@id\":\"https:\/\/www.diocesitn.it\/area-annuncio\/2022\/02\/23\/giovedi-3-marzo-a-imer-la-veglia-per-le-vocazioni-con-gli-occhi-di-dio-riflettendo-sulla-beata-maria-serafina-del-sacro-cuore\/#breadcrumb\"},\"inLanguage\":\"it-IT\",\"potentialAction\":[{\"@type\":\"ReadAction\",\"target\":[\"https:\/\/www.diocesitn.it\/area-annuncio\/2022\/02\/23\/giovedi-3-marzo-a-imer-la-veglia-per-le-vocazioni-con-gli-occhi-di-dio-riflettendo-sulla-beata-maria-serafina-del-sacro-cuore\/\"]}]},{\"@type\":\"ImageObject\",\"inLanguage\":\"it-IT\",\"@id\":\"https:\/\/www.diocesitn.it\/area-annuncio\/2022\/02\/23\/giovedi-3-marzo-a-imer-la-veglia-per-le-vocazioni-con-gli-occhi-di-dio-riflettendo-sulla-beata-maria-serafina-del-sacro-cuore\/#primaryimage\",\"url\":\"https:\/\/www.diocesitn.it\/area-annuncio\/wp-content\/uploads\/sites\/39\/2022\/02\/Veglia-vocazioni-marzo-22-scaled.jpg\",\"contentUrl\":\"https:\/\/www.diocesitn.it\/area-annuncio\/wp-content\/uploads\/sites\/39\/2022\/02\/Veglia-vocazioni-marzo-22-scaled.jpg\",\"width\":2560,\"height\":1707},{\"@type\":\"BreadcrumbList\",\"@id\":\"https:\/\/www.diocesitn.it\/area-annuncio\/2022\/02\/23\/giovedi-3-marzo-a-imer-la-veglia-per-le-vocazioni-con-gli-occhi-di-dio-riflettendo-sulla-beata-maria-serafina-del-sacro-cuore\/#breadcrumb\",\"itemListElement\":[{\"@type\":\"ListItem\",\"position\":1,\"name\":\"Home\",\"item\":\"https:\/\/www.diocesitn.it\/area-annuncio\/\"},{\"@type\":\"ListItem\",\"position\":2,\"name\":\"Gioved\u00ec 3 marzo a Imer la veglia per le vocazioni &#8220;Con gli occhi di Dio&#8221;, riflettendo sulla beata Maria Serafina del Sacro Cuore\"}]},{\"@type\":\"WebSite\",\"@id\":\"https:\/\/www.diocesitn.it\/area-annuncio\/#website\",\"url\":\"https:\/\/www.diocesitn.it\/area-annuncio\/\",\"name\":\"Annuncio e Sacramenti\",\"description\":\"Chiesa di Trento\",\"publisher\":{\"@id\":\"https:\/\/www.diocesitn.it\/area-annuncio\/#organization\"},\"potentialAction\":[{\"@type\":\"SearchAction\",\"target\":{\"@type\":\"EntryPoint\",\"urlTemplate\":\"https:\/\/www.diocesitn.it\/area-annuncio\/?s={search_term_string}\"},\"query-input\":\"required name=search_term_string\"}],\"inLanguage\":\"it-IT\"},{\"@type\":[\"Organization\",\"Place\"],\"@id\":\"https:\/\/www.diocesitn.it\/area-annuncio\/#organization\",\"name\":\"Area Annuncio e Sacramenti - Chiesa di Trento\",\"url\":\"https:\/\/www.diocesitn.it\/area-annuncio\/\",\"logo\":{\"@id\":\"https:\/\/www.diocesitn.it\/area-annuncio\/2022\/02\/23\/giovedi-3-marzo-a-imer-la-veglia-per-le-vocazioni-con-gli-occhi-di-dio-riflettendo-sulla-beata-maria-serafina-del-sacro-cuore\/#local-main-organization-logo\"},\"image\":{\"@id\":\"https:\/\/www.diocesitn.it\/area-annuncio\/2022\/02\/23\/giovedi-3-marzo-a-imer-la-veglia-per-le-vocazioni-con-gli-occhi-di-dio-riflettendo-sulla-beata-maria-serafina-del-sacro-cuore\/#local-main-organization-logo\"},\"sameAs\":[\"https:\/\/www.facebook.com\/pastoralegiovanile.trento\/\",\"https:\/\/www.instagram.com\/pastoralegiovaniletrento\/\",\"https:\/\/www.youtube.com\/channel\/UCGt7hyJaIQIkrQPos4K6L6w\"],\"openingHoursSpecification\":[{\"@type\":\"OpeningHoursSpecification\",\"dayOfWeek\":[\"Monday\",\"Tuesday\",\"Wednesday\",\"Thursday\",\"Friday\",\"Saturday\",\"Sunday\"],\"opens\":\"09:00\",\"closes\":\"17:00\"}]},{\"@type\":\"ImageObject\",\"inLanguage\":\"it-IT\",\"@id\":\"https:\/\/www.diocesitn.it\/area-annuncio\/2022\/02\/23\/giovedi-3-marzo-a-imer-la-veglia-per-le-vocazioni-con-gli-occhi-di-dio-riflettendo-sulla-beata-maria-serafina-del-sacro-cuore\/#local-main-organization-logo\",\"url\":\"https:\/\/www.diocesitn.it\/area-annuncio\/wp-content\/uploads\/sites\/39\/2021\/09\/og-logo-annuncio-e-sacramenti.jpg\",\"contentUrl\":\"https:\/\/www.diocesitn.it\/area-annuncio\/wp-content\/uploads\/sites\/39\/2021\/09\/og-logo-annuncio-e-sacramenti.jpg\",\"width\":1200,\"height\":630,\"caption\":\"Area Annuncio e Sacramenti - Chiesa di Trento\"}]}<\/script>\n<!-- \/ Yoast SEO Premium plugin. -->","yoast_head_json":{"title":"Gioved\u00ec 3 marzo a Imer la veglia per le vocazioni \"Con gli occhi di Dio\", riflettendo sulla beata Maria Serafina del Sacro Cuore - Annuncio e Sacramenti - Chiesa di Trento","robots":{"index":"index","follow":"follow","max-snippet":"max-snippet:-1","max-image-preview":"max-image-preview:large","max-video-preview":"max-video-preview:-1"},"canonical":"https:\/\/www.diocesitn.it\/area-annuncio\/2022\/02\/23\/giovedi-3-marzo-a-imer-la-veglia-per-le-vocazioni-con-gli-occhi-di-dio-riflettendo-sulla-beata-maria-serafina-del-sacro-cuore\/","og_locale":"it_IT","og_type":"article","og_title":"Gioved\u00ec 3 marzo a Imer la veglia per le vocazioni \"Con gli occhi di Dio\", riflettendo sulla beata Maria Serafina del Sacro Cuore","og_description":"Torna gioved\u00ec 3 marzo la veglia diocesana per le vocazioni: l&#8217;appuntamento per questo mese sar\u00e0 nella chiesa parrocchiale dei santi Pietro e Paolo a Imer, con inizio alle ore 20.30. Il momento di preghiera sar\u00e0","og_url":"https:\/\/www.diocesitn.it\/area-annuncio\/2022\/02\/23\/giovedi-3-marzo-a-imer-la-veglia-per-le-vocazioni-con-gli-occhi-di-dio-riflettendo-sulla-beata-maria-serafina-del-sacro-cuore\/","og_site_name":"Annuncio e Sacramenti","article_publisher":"https:\/\/www.facebook.com\/pastoralegiovanile.trento\/","article_published_time":"2022-02-23T13:11:29+00:00","article_modified_time":"2022-02-25T13:12:55+00:00","og_image":[{"width":2560,"height":1707,"url":"https:\/\/www.diocesitn.it\/area-annuncio\/wp-content\/uploads\/sites\/39\/2022\/02\/Veglia-vocazioni-marzo-22-scaled.jpg","type":"image\/jpeg"}],"author":"losspapot","twitter_card":"summary_large_image","twitter_misc":{"Scritto da":"losspapot","Tempo di lettura stimato":"1 minuto"},"schema":{"@context":"https:\/\/schema.org","@graph":[{"@type":"Article","@id":"https:\/\/www.diocesitn.it\/area-annuncio\/2022\/02\/23\/giovedi-3-marzo-a-imer-la-veglia-per-le-vocazioni-con-gli-occhi-di-dio-riflettendo-sulla-beata-maria-serafina-del-sacro-cuore\/#article","isPartOf":{"@id":"https:\/\/www.diocesitn.it\/area-annuncio\/2022\/02\/23\/giovedi-3-marzo-a-imer-la-veglia-per-le-vocazioni-con-gli-occhi-di-dio-riflettendo-sulla-beata-maria-serafina-del-sacro-cuore\/"},"author":{"name":"losspapot","@id":"https:\/\/www.diocesitn.it\/area-annuncio\/#\/schema\/person\/3526ceacb35e1aa4c86252e45adfad22"},"headline":"Gioved\u00ec 3 marzo a Imer la veglia per le vocazioni &#8220;Con gli occhi di Dio&#8221;, riflettendo sulla beata Maria Serafina del Sacro Cuore","datePublished":"2022-02-23T13:11:29+00:00","dateModified":"2022-02-25T13:12:55+00:00","mainEntityOfPage":{"@id":"https:\/\/www.diocesitn.it\/area-annuncio\/2022\/02\/23\/giovedi-3-marzo-a-imer-la-veglia-per-le-vocazioni-con-gli-occhi-di-dio-riflettendo-sulla-beata-maria-serafina-del-sacro-cuore\/"},"wordCount":308,"publisher":{"@id":"https:\/\/www.diocesitn.it\/area-annuncio\/#organization"},"image":{"@id":"https:\/\/www.diocesitn.it\/area-annuncio\/2022\/02\/23\/giovedi-3-marzo-a-imer-la-veglia-per-le-vocazioni-con-gli-occhi-di-dio-riflettendo-sulla-beata-maria-serafina-del-sacro-cuore\/#primaryimage"},"thumbnailUrl":"https:\/\/www.diocesitn.it\/area-annuncio\/wp-content\/uploads\/sites\/39\/2022\/02\/Veglia-vocazioni-marzo-22-scaled.jpg","articleSection":["Giovani","Notizie"],"inLanguage":"it-IT","copyrightYear":"2022","copyrightHolder":{"@id":"https:\/\/www.diocesitn.it\/#organization"}},{"@type":"WebPage","@id":"https:\/\/www.diocesitn.it\/area-annuncio\/2022\/02\/23\/giovedi-3-marzo-a-imer-la-veglia-per-le-vocazioni-con-gli-occhi-di-dio-riflettendo-sulla-beata-maria-serafina-del-sacro-cuore\/","url":"https:\/\/www.diocesitn.it\/area-annuncio\/2022\/02\/23\/giovedi-3-marzo-a-imer-la-veglia-per-le-vocazioni-con-gli-occhi-di-dio-riflettendo-sulla-beata-maria-serafina-del-sacro-cuore\/","name":"Gioved\u00ec 3 marzo a Imer la veglia per le vocazioni \"Con gli occhi di Dio\", riflettendo sulla beata Maria Serafina del Sacro Cuore - Annuncio e Sacramenti - Chiesa di Trento","isPartOf":{"@id":"https:\/\/www.diocesitn.it\/area-annuncio\/#website"},"primaryImageOfPage":{"@id":"https:\/\/www.diocesitn.it\/area-annuncio\/2022\/02\/23\/giovedi-3-marzo-a-imer-la-veglia-per-le-vocazioni-con-gli-occhi-di-dio-riflettendo-sulla-beata-maria-serafina-del-sacro-cuore\/#primaryimage"},"image":{"@id":"https:\/\/www.diocesitn.it\/area-annuncio\/2022\/02\/23\/giovedi-3-marzo-a-imer-la-veglia-per-le-vocazioni-con-gli-occhi-di-dio-riflettendo-sulla-beata-maria-serafina-del-sacro-cuore\/#primaryimage"},"thumbnailUrl":"https:\/\/www.diocesitn.it\/area-annuncio\/wp-content\/uploads\/sites\/39\/2022\/02\/Veglia-vocazioni-marzo-22-scaled.jpg","datePublished":"2022-02-23T13:11:29+00:00","dateModified":"2022-02-25T13:12:55+00:00","breadcrumb":{"@id":"https:\/\/www.diocesitn.it\/area-annuncio\/2022\/02\/23\/giovedi-3-marzo-a-imer-la-veglia-per-le-vocazioni-con-gli-occhi-di-dio-riflettendo-sulla-beata-maria-serafina-del-sacro-cuore\/#breadcrumb"},"inLanguage":"it-IT","potentialAction":[{"@type":"ReadAction","target":["https:\/\/www.diocesitn.it\/area-annuncio\/2022\/02\/23\/giovedi-3-marzo-a-imer-la-veglia-per-le-vocazioni-con-gli-occhi-di-dio-riflettendo-sulla-beata-maria-serafina-del-sacro-cuore\/"]}]},{"@type":"ImageObject","inLanguage":"it-IT","@id":"https:\/\/www.diocesitn.it\/area-annuncio\/2022\/02\/23\/giovedi-3-marzo-a-imer-la-veglia-per-le-vocazioni-con-gli-occhi-di-dio-riflettendo-sulla-beata-maria-serafina-del-sacro-cuore\/#primaryimage","url":"https:\/\/www.diocesitn.it\/area-annuncio\/wp-content\/uploads\/sites\/39\/2022\/02\/Veglia-vocazioni-marzo-22-scaled.jpg","contentUrl":"https:\/\/www.diocesitn.it\/area-annuncio\/wp-content\/uploads\/sites\/39\/2022\/02\/Veglia-vocazioni-marzo-22-scaled.jpg","width":2560,"height":1707},{"@type":"BreadcrumbList","@id":"https:\/\/www.diocesitn.it\/area-annuncio\/2022\/02\/23\/giovedi-3-marzo-a-imer-la-veglia-per-le-vocazioni-con-gli-occhi-di-dio-riflettendo-sulla-beata-maria-serafina-del-sacro-cuore\/#breadcrumb","itemListElement":[{"@type":"ListItem","position":1,"name":"Home","item":"https:\/\/www.diocesitn.it\/area-annuncio\/"},{"@type":"ListItem","position":2,"name":"Gioved\u00ec 3 marzo a Imer la veglia per le vocazioni &#8220;Con gli occhi di Dio&#8221;, riflettendo sulla beata Maria Serafina del Sacro Cuore"}]},{"@type":"WebSite","@id":"https:\/\/www.diocesitn.it\/area-annuncio\/#website","url":"https:\/\/www.diocesitn.it\/area-annuncio\/","name":"Annuncio e Sacramenti","description":"Chiesa di Trento","publisher":{"@id":"https:\/\/www.diocesitn.it\/area-annuncio\/#organization"},"potentialAction":[{"@type":"SearchAction","target":{"@type":"EntryPoint","urlTemplate":"https:\/\/www.diocesitn.it\/area-annuncio\/?s={search_term_string}"},"query-input":"required name=search_term_string"}],"inLanguage":"it-IT"},{"@type":["Organization","Place"],"@id":"https:\/\/www.diocesitn.it\/area-annuncio\/#organization","name":"Area Annuncio e Sacramenti - Chiesa di Trento","url":"https:\/\/www.diocesitn.it\/area-annuncio\/","logo":{"@id":"https:\/\/www.diocesitn.it\/area-annuncio\/2022\/02\/23\/giovedi-3-marzo-a-imer-la-veglia-per-le-vocazioni-con-gli-occhi-di-dio-riflettendo-sulla-beata-maria-serafina-del-sacro-cuore\/#local-main-organization-logo"},"image":{"@id":"https:\/\/www.diocesitn.it\/area-annuncio\/2022\/02\/23\/giovedi-3-marzo-a-imer-la-veglia-per-le-vocazioni-con-gli-occhi-di-dio-riflettendo-sulla-beata-maria-serafina-del-sacro-cuore\/#local-main-organization-logo"},"sameAs":["https:\/\/www.facebook.com\/pastoralegiovanile.trento\/","https:\/\/www.instagram.com\/pastoralegiovaniletrento\/","https:\/\/www.youtube.com\/channel\/UCGt7hyJaIQIkrQPos4K6L6w"],"openingHoursSpecification":[{"@type":"OpeningHoursSpecification","dayOfWeek":["Monday","Tuesday","Wednesday","Thursday","Friday","Saturday","Sunday"],"opens":"09:00","closes":"17:00"}]},{"@type":"ImageObject","inLanguage":"it-IT","@id":"https:\/\/www.diocesitn.it\/area-annuncio\/2022\/02\/23\/giovedi-3-marzo-a-imer-la-veglia-per-le-vocazioni-con-gli-occhi-di-dio-riflettendo-sulla-beata-maria-serafina-del-sacro-cuore\/#local-main-organization-logo","url":"https:\/\/www.diocesitn.it\/area-annuncio\/wp-content\/uploads\/sites\/39\/2021\/09\/og-logo-annuncio-e-sacramenti.jpg","contentUrl":"https:\/\/www.diocesitn.it\/area-annuncio\/wp-content\/uploads\/sites\/39\/2021\/09\/og-logo-annuncio-e-sacramenti.jpg","width":1200,"height":630,"caption":"Area Annuncio e Sacramenti - Chiesa di Trento"}]}},"_links":{"self":[{"href":"https:\/\/www.diocesitn.it\/area-annuncio\/wp-json\/wp\/v2\/posts\/14978","targetHints":{"allow":["GET"]}}],"collection":[{"href":"https:\/\/www.diocesitn.it\/area-annuncio\/wp-json\/wp\/v2\/posts"}],"about":[{"href":"https:\/\/www.diocesitn.it\/area-annuncio\/wp-json\/wp\/v2\/types\/post"}],"author":[{"embeddable":true,"href":"https:\/\/www.diocesitn.it\/area-annuncio\/wp-json\/wp\/v2\/users\/168"}],"replies":[{"embeddable":true,"href":"https:\/\/www.diocesitn.it\/area-annuncio\/wp-json\/wp\/v2\/comments?post=14978"}],"version-history":[{"count":1,"href":"https:\/\/www.diocesitn.it\/area-annuncio\/wp-json\/wp\/v2\/posts\/14978\/revisions"}],"predecessor-version":[{"id":14981,"href":"https:\/\/www.diocesitn.it\/area-annuncio\/wp-json\/wp\/v2\/posts\/14978\/revisions\/14981"}],"wp:featuredmedia":[{"embeddable":true,"href":"https:\/\/www.diocesitn.it\/area-annuncio\/wp-json\/wp\/v2\/media\/14980"}],"wp:attachment":[{"href":"https:\/\/www.diocesitn.it\/area-annuncio\/wp-json\/wp\/v2\/media?parent=14978"}],"wp:term":[{"taxonomy":"category","embeddable":true,"href":"https:\/\/www.diocesitn.it\/area-annuncio\/wp-json\/wp\/v2\/categories?post=14978"},{"taxonomy":"post_tag","embeddable":true,"href":"https:\/\/www.diocesitn.it\/area-annuncio\/wp-json\/wp\/v2\/tags?post=14978"}],"curies":[{"name":"wp","href":"https:\/\/api.w.org\/{rel}","templated":true}]}}