{"id":14908,"date":"2022-02-11T11:14:32","date_gmt":"2022-02-11T10:14:32","guid":{"rendered":"https:\/\/www.diocesitn.it\/area-annuncio\/2022\/02\/11\/maturita-torna-voci-del-verbo-scegliere-trento-23-febbraio-rovereto-4-marzo-studenti-a-colloquio-con-testimoni-autorevoli-per-decidere-il-miglior-percorso-formativo-e-il-lavoro\/"},"modified":"2024-03-21T14:47:54","modified_gmt":"2024-03-21T13:47:54","slug":"maturita-torna-voci-del-verbo-scegliere-trento-23-febbraio-rovereto-4-marzo-studenti-a-colloquio-con-testimoni-autorevoli-per-decidere-il-miglior-percorso-formativo-e-il-lavoro","status":"publish","type":"post","link":"https:\/\/www.diocesitn.it\/area-annuncio\/2022\/02\/11\/maturita-torna-voci-del-verbo-scegliere-trento-23-febbraio-rovereto-4-marzo-studenti-a-colloquio-con-testimoni-autorevoli-per-decidere-il-miglior-percorso-formativo-e-il-lavoro\/","title":{"rendered":"Maturit\u00e0, torna \u201cVoci del verbo scegliere\u201d (Trento 23 febbraio, Rovereto 4 marzo): studenti a colloquio con testimoni autorevoli, per decidere il miglior percorso formativo e il lavoro del futuro"},"content":{"rendered":"<p>Cosa fare dopo l\u2019esame di maturit\u00e0? Soprattutto, in base a quali criteri decidere il proprio futuro formativo e professionale? Ritorna a Trento, per il terzo anno e di nuovo in presenza (dopo l\u2019ultima versione online), l\u2019iniziativa \u201c<strong>Voci del verbo scegliere<\/strong>\u201d, riservata in particolare ai <strong>maturandi e agli studenti del penultimo anno delle superiori<\/strong>: ragazze e ragazzi potranno incontrare e dialogare con <strong>testimoni autorevoli<\/strong>, per <strong>aiutarli ad operare la scelta migliore<\/strong> nell\u2019individuare il loro campo di impegno preferenziale.<\/p>\n<p>L\u2019evento \u00e8 promosso dalla <strong>Diocesi di Trento<\/strong>, in collaborazione con l\u2019<strong>Ufficio politiche giovanili del Comune capoluogo<\/strong> e la <strong>rete delle scuole superiori<\/strong> cittadine.<\/p>\n<p>\u201c<strong>Voci del verbo scegliere<\/strong>\u201d \u00e8 in programma <strong>mercoled\u00ec 23 febbraio <\/strong>presso il liceo \u201c<strong>G. Galilei<\/strong>\u201d di Trento, <strong>dalle ore 17.00 alle 20.00<\/strong>, nel rispetto di un protocollo per lo svolgimento in sicurezza concordato con l\u2019Azienda sanitaria*.<\/p>\n<p><strong>Protagonisti<\/strong>, insieme ai giovani studenti, <strong>persone della societ\u00e0 civile, del mondo della cultura e del lavoro<\/strong> che hanno gi\u00e0 vissuto scelte importanti e possono essere testimoni significativi di successi e insuccessi, di fatiche, difficolt\u00e0 (legate anche alla pandemia) e soddisfazioni, cos\u00ec da aiutare i giovani a riconoscere alcuni criteri utili per scegliere con maggiore consapevolezza e libert\u00e0.<\/p>\n<p>Quattro verbi identificano quattro aree tematiche in cui si collocheranno i testimoni: <strong>lavorare<\/strong> (economia, impresa e lavoro), <strong>partecipare<\/strong> (istituzioni e cittadinanza), <strong>sapere <\/strong>(universit\u00e0, cultura, formazione e sport), <strong>servire<\/strong> (volontariato e associazionismo).<\/p>\n<h5>Ecco i testimoni a Trento<\/h5>\n<p>I testimoni dell\u2019ambito \u201c<strong>lavorare\u201d<\/strong> saranno <strong>Lorenza Cosner<\/strong> (ex campionessa di fondo e imprenditrice agricola), <strong>Michele Granuzzo<\/strong> (giovane imprenditore di una pasticceria vegana), <strong>Giorgio Rosatti<\/strong> (docente universitario di ingegneria) e <strong>David Tacconi<\/strong> (fondatore di una start-up).<\/p>\n<p>Per il tema \u201c<strong>partecipare<\/strong>\u201d interverranno <strong>Silva Franchini<\/strong> (responsabile Servizio Promozione Educazione alla salute APSS) e <strong>Chiara Maule<\/strong> (politica, assessora comunale alle politiche sociali), mentre a raccontare la loro esperienza sul versante \u201c<strong>sapere<\/strong>\u201d saranno <strong>Giacomo Bianchi<\/strong> (direttore museo Arte Sella), <strong>Flavia Favero Baino<\/strong> (counselor), <strong>Michele Grieco<\/strong> (giardiniere e paraciclista), <strong>Peter Moser<\/strong> (alpinista).<\/p>\n<p>Infine, per testimoniare a modo loro il verbo \u201c<strong>servire\u201d<\/strong> ci saranno <strong>don Mauro Angeli<\/strong> (cappellano del carcere) e <strong>Veronica Sommadossi<\/strong> (presidente di una cooperativa sociale e formatrice).<\/p>\n<p>Tra tutti i testimoni, ogni studente all\u2019atto dell\u2019iscrizione potr\u00e0 <strong>sceglierne tre con cui dialogare<\/strong>. Sar\u00e0 un confronto in cui far emergere la ricchezza dell\u2019esperienza personale per offrire suggerimenti utili ai prossimi maturandi.<\/p>\n<p style=\"text-align: center\"><button class=\"large button\"><a href=\"https:\/\/www.radioetv.it\/2022\/02\/24\/voci-del-verbo-scegliere\/\" target=\"_blank\" rel=\"noopener\"><span style=\"color: #ffffff\">GUARDA IL VIDEO<\/span><\/a><\/button><\/p>\n<h5><\/h5>\n<h5>\u201cVoci del verbo scegliere\u201d anche a Rovereto<\/h5>\n<p>Quest\u2019anno, l\u2019iniziativa \u201c<strong>Voci del verbo scegliere<\/strong>\u201d approda per la prima volta anche a Rovereto. A promuoverlo, con lo stesso format ma altri testimoni, \u00e8 sempre la <strong>Diocesi<\/strong> di Trento, con la <strong>rete delle scuole superiori<\/strong> della Citt\u00e0 della Quercia (Liceo Rosmini, Liceo Internazionale Arcivescovile, Istituto Tecnico Tecnologico Marconi, Liceo Filzi, Liceo Artistico Depero, Istituto di Istruzione Superiore Don Milani), il patrocinio del <strong>Comune di Rovereto<\/strong> e la collaborazione di <strong>Trentino Sviluppo<\/strong> S.P.A. .<\/p>\n<p>L\u2019evento, riservato agli studenti delle classi quinte degli Istituti cittadini, \u00e8 in calendario <strong>venerd\u00ec 4 marzo dalle ore 16.30 alle 19.00<\/strong>, nella sede di <strong>Trentino Sviluppo<\/strong>, in via Zeni 8.<\/p>\n<p>I testimoni \u201clagarini\u201d saranno: <strong>Marco Baccanti<\/strong> (direttore generale di Trentino Sviluppo), <strong>Elia Bombardelli <\/strong>(docente di scuola media superiore e youtuber), <strong>Giovanni Iob<\/strong> (infermiere), <strong>Massimo Mazzola<\/strong> (avvocato e docente universitario), <strong>Michele Pedrotti<\/strong> (imprenditore), <strong>Elisa Dossi<\/strong> (giornalista), <strong>Paolo Moscatelli<\/strong> (chirurgo), <strong>Alessio Bonfante<\/strong> (ingegnere e operatore drone specializzato), <strong>Alessandro Molinari<\/strong> (amministratore delegato e direttore generale Itas Assicurazioni), <strong>Andrea Bolner<\/strong> (imprenditore e docente universitario), <strong>Paolo Segnana<\/strong> (bancario), <strong>Irene Butt\u00e0<\/strong> (presidente Cooperativa Sociale Smart Onlus).<\/p>\n<p>Sui siti dedicati \u00e8 possibile iscriversi all\u2019iniziativa e ottenere ulteriori informazioni:<\/p>\n<p>&#8211; <a href=\"https:\/\/www.vocidelverboscegliere.it\/home\">VOCI DEL VERBO SCEGLIERE<\/a> (TRENTO)<\/p>\n<p>&#8211; <a href=\"https:\/\/sites.google.com\/liceorosmini.eu\/vocidelverboscegliere\/home?authuser=0\">VOCI DEL VERBO SCEGLIERE<\/a> (ROVERETO)<\/p>\n<p>* N.B. A tutti i partecipanti verr\u00e0 chiesto il green pass rafforzato e l\u2019uso di una mascherina FFP2, mentre ulteriori dettagli verranno comunicati agli iscritti.<\/p>\n<p>Nella foto, la prima edizione di &#8220;Voci del verbo scegliere&#8221; nel 2020 nella palestra delle ITI a Trento.<\/p>\n<p>&nbsp;<\/p>\n<p>&nbsp;<\/p>\n","protected":false},"excerpt":{"rendered":"<p>Cosa fare dopo l\u2019esame di maturit\u00e0? Soprattutto, in base a quali criteri decidere il proprio futuro formativo e professionale? Ritorna a Trento, per il terzo anno e di nuovo in presenza (dopo l\u2019ultima versione online),<\/p>\n","protected":false},"author":3,"featured_media":14909,"comment_status":"closed","ping_status":"closed","sticky":false,"template":"","format":"standard","meta":{"footnotes":""},"categories":[618,608],"tags":[],"class_list":["post-14908","post","type-post","status-publish","format-standard","has-post-thumbnail","hentry","category-servizio-catechistico-giovani-pastorale-giovanile","category-notizie"],"acf":{"seed-localization-paese-cod":"IT","seed-localization-address":"","seed-localization-citta":"Trento","seed-localization-regione-cod-istat":"04","seed-localization-citta-cod-istat":"022205","seed-localization-localita":"","seed-localization-cap":"","seed-localization-marker-visibility":false,"seed-localization-children-visibility":false,"seed-localization-kml":"","seed-localization-custom-marker":""},"yoast_head":"<!-- This site is optimized with the Yoast SEO Premium plugin v20.2.1 (Yoast SEO v22.2) - https:\/\/yoast.com\/wordpress\/plugins\/seo\/ -->\n<title>Maturit\u00e0, torna \u201cVoci del verbo scegliere\u201d (Trento 23 febbraio, Rovereto 4 marzo): studenti a colloquio con testimoni autorevoli, per decidere il miglior percorso formativo e il lavoro del futuro - Annuncio e Sacramenti - Chiesa di Trento<\/title>\n<meta name=\"robots\" content=\"index, follow, max-snippet:-1, max-image-preview:large, max-video-preview:-1\" \/>\n<link rel=\"canonical\" href=\"https:\/\/www.diocesitn.it\/area-annuncio\/2022\/02\/11\/maturita-torna-voci-del-verbo-scegliere-trento-23-febbraio-rovereto-4-marzo-studenti-a-colloquio-con-testimoni-autorevoli-per-decidere-il-miglior-percorso-formativo-e-il-lavoro\/\" \/>\n<meta property=\"og:locale\" content=\"it_IT\" \/>\n<meta property=\"og:type\" content=\"article\" \/>\n<meta property=\"og:title\" content=\"Maturit\u00e0, torna \u201cVoci del verbo scegliere\u201d (Trento 23 febbraio, Rovereto 4 marzo): studenti a colloquio con testimoni autorevoli, per decidere il miglior percorso formativo e il lavoro del futuro\" \/>\n<meta property=\"og:description\" content=\"Cosa fare dopo l\u2019esame di maturit\u00e0? Soprattutto, in base a quali criteri decidere il proprio futuro formativo e professionale? Ritorna a Trento, per il terzo anno e di nuovo in presenza (dopo l\u2019ultima versione online),\" \/>\n<meta property=\"og:url\" content=\"https:\/\/www.diocesitn.it\/area-annuncio\/2022\/02\/11\/maturita-torna-voci-del-verbo-scegliere-trento-23-febbraio-rovereto-4-marzo-studenti-a-colloquio-con-testimoni-autorevoli-per-decidere-il-miglior-percorso-formativo-e-il-lavoro\/\" \/>\n<meta property=\"og:site_name\" content=\"Annuncio e Sacramenti\" \/>\n<meta property=\"article:publisher\" content=\"https:\/\/www.facebook.com\/pastoralegiovanile.trento\/\" \/>\n<meta property=\"article:published_time\" content=\"2022-02-11T10:14:32+00:00\" \/>\n<meta property=\"article:modified_time\" content=\"2024-03-21T13:47:54+00:00\" \/>\n<meta property=\"og:image\" content=\"https:\/\/www.diocesitn.it\/area-annuncio\/wp-content\/uploads\/sites\/39\/2022\/02\/voci_scegliere_2020.jpg\" \/>\n\t<meta property=\"og:image:width\" content=\"1775\" \/>\n\t<meta property=\"og:image:height\" content=\"1181\" \/>\n\t<meta property=\"og:image:type\" content=\"image\/jpeg\" \/>\n<meta name=\"author\" content=\"Piergiorgio Franceschini\" \/>\n<meta name=\"twitter:card\" content=\"summary_large_image\" \/>\n<meta name=\"twitter:label1\" content=\"Scritto da\" \/>\n\t<meta name=\"twitter:data1\" content=\"Piergiorgio Franceschini\" \/>\n\t<meta name=\"twitter:label2\" content=\"Tempo di lettura stimato\" \/>\n\t<meta name=\"twitter:data2\" content=\"4 minuti\" \/>\n<script type=\"application\/ld+json\" class=\"yoast-schema-graph\">{\"@context\":\"https:\/\/schema.org\",\"@graph\":[{\"@type\":\"Article\",\"@id\":\"https:\/\/www.diocesitn.it\/area-annuncio\/2022\/02\/11\/maturita-torna-voci-del-verbo-scegliere-trento-23-febbraio-rovereto-4-marzo-studenti-a-colloquio-con-testimoni-autorevoli-per-decidere-il-miglior-percorso-formativo-e-il-lavoro\/#article\",\"isPartOf\":{\"@id\":\"https:\/\/www.diocesitn.it\/area-annuncio\/2022\/02\/11\/maturita-torna-voci-del-verbo-scegliere-trento-23-febbraio-rovereto-4-marzo-studenti-a-colloquio-con-testimoni-autorevoli-per-decidere-il-miglior-percorso-formativo-e-il-lavoro\/\"},\"author\":{\"name\":\"Piergiorgio Franceschini\",\"@id\":\"https:\/\/www.diocesitn.it\/area-annuncio\/#\/schema\/person\/99590c84577873a025247b6aeb16ad2e\"},\"headline\":\"Maturit\u00e0, torna \u201cVoci del verbo scegliere\u201d (Trento 23 febbraio, Rovereto 4 marzo): studenti a colloquio con testimoni autorevoli, per decidere il miglior percorso formativo e il lavoro del futuro\",\"datePublished\":\"2022-02-11T10:14:32+00:00\",\"dateModified\":\"2024-03-21T13:47:54+00:00\",\"mainEntityOfPage\":{\"@id\":\"https:\/\/www.diocesitn.it\/area-annuncio\/2022\/02\/11\/maturita-torna-voci-del-verbo-scegliere-trento-23-febbraio-rovereto-4-marzo-studenti-a-colloquio-con-testimoni-autorevoli-per-decidere-il-miglior-percorso-formativo-e-il-lavoro\/\"},\"wordCount\":660,\"publisher\":{\"@id\":\"https:\/\/www.diocesitn.it\/area-annuncio\/#organization\"},\"image\":{\"@id\":\"https:\/\/www.diocesitn.it\/area-annuncio\/2022\/02\/11\/maturita-torna-voci-del-verbo-scegliere-trento-23-febbraio-rovereto-4-marzo-studenti-a-colloquio-con-testimoni-autorevoli-per-decidere-il-miglior-percorso-formativo-e-il-lavoro\/#primaryimage\"},\"thumbnailUrl\":\"https:\/\/www.diocesitn.it\/area-annuncio\/wp-content\/uploads\/sites\/39\/2022\/02\/voci_scegliere_2020.jpg\",\"articleSection\":[\"Giovani\",\"Notizie\"],\"inLanguage\":\"it-IT\",\"copyrightYear\":\"2022\",\"copyrightHolder\":{\"@id\":\"https:\/\/www.diocesitn.it\/#organization\"}},{\"@type\":\"WebPage\",\"@id\":\"https:\/\/www.diocesitn.it\/area-annuncio\/2022\/02\/11\/maturita-torna-voci-del-verbo-scegliere-trento-23-febbraio-rovereto-4-marzo-studenti-a-colloquio-con-testimoni-autorevoli-per-decidere-il-miglior-percorso-formativo-e-il-lavoro\/\",\"url\":\"https:\/\/www.diocesitn.it\/area-annuncio\/2022\/02\/11\/maturita-torna-voci-del-verbo-scegliere-trento-23-febbraio-rovereto-4-marzo-studenti-a-colloquio-con-testimoni-autorevoli-per-decidere-il-miglior-percorso-formativo-e-il-lavoro\/\",\"name\":\"Maturit\u00e0, torna \u201cVoci del verbo scegliere\u201d (Trento 23 febbraio, Rovereto 4 marzo): studenti a colloquio con testimoni autorevoli, per decidere il miglior percorso formativo e il lavoro del futuro - Annuncio e Sacramenti - Chiesa di Trento\",\"isPartOf\":{\"@id\":\"https:\/\/www.diocesitn.it\/area-annuncio\/#website\"},\"primaryImageOfPage\":{\"@id\":\"https:\/\/www.diocesitn.it\/area-annuncio\/2022\/02\/11\/maturita-torna-voci-del-verbo-scegliere-trento-23-febbraio-rovereto-4-marzo-studenti-a-colloquio-con-testimoni-autorevoli-per-decidere-il-miglior-percorso-formativo-e-il-lavoro\/#primaryimage\"},\"image\":{\"@id\":\"https:\/\/www.diocesitn.it\/area-annuncio\/2022\/02\/11\/maturita-torna-voci-del-verbo-scegliere-trento-23-febbraio-rovereto-4-marzo-studenti-a-colloquio-con-testimoni-autorevoli-per-decidere-il-miglior-percorso-formativo-e-il-lavoro\/#primaryimage\"},\"thumbnailUrl\":\"https:\/\/www.diocesitn.it\/area-annuncio\/wp-content\/uploads\/sites\/39\/2022\/02\/voci_scegliere_2020.jpg\",\"datePublished\":\"2022-02-11T10:14:32+00:00\",\"dateModified\":\"2024-03-21T13:47:54+00:00\",\"breadcrumb\":{\"@id\":\"https:\/\/www.diocesitn.it\/area-annuncio\/2022\/02\/11\/maturita-torna-voci-del-verbo-scegliere-trento-23-febbraio-rovereto-4-marzo-studenti-a-colloquio-con-testimoni-autorevoli-per-decidere-il-miglior-percorso-formativo-e-il-lavoro\/#breadcrumb\"},\"inLanguage\":\"it-IT\",\"potentialAction\":[{\"@type\":\"ReadAction\",\"target\":[\"https:\/\/www.diocesitn.it\/area-annuncio\/2022\/02\/11\/maturita-torna-voci-del-verbo-scegliere-trento-23-febbraio-rovereto-4-marzo-studenti-a-colloquio-con-testimoni-autorevoli-per-decidere-il-miglior-percorso-formativo-e-il-lavoro\/\"]}]},{\"@type\":\"ImageObject\",\"inLanguage\":\"it-IT\",\"@id\":\"https:\/\/www.diocesitn.it\/area-annuncio\/2022\/02\/11\/maturita-torna-voci-del-verbo-scegliere-trento-23-febbraio-rovereto-4-marzo-studenti-a-colloquio-con-testimoni-autorevoli-per-decidere-il-miglior-percorso-formativo-e-il-lavoro\/#primaryimage\",\"url\":\"https:\/\/www.diocesitn.it\/area-annuncio\/wp-content\/uploads\/sites\/39\/2022\/02\/voci_scegliere_2020.jpg\",\"contentUrl\":\"https:\/\/www.diocesitn.it\/area-annuncio\/wp-content\/uploads\/sites\/39\/2022\/02\/voci_scegliere_2020.jpg\",\"width\":1775,\"height\":1181},{\"@type\":\"BreadcrumbList\",\"@id\":\"https:\/\/www.diocesitn.it\/area-annuncio\/2022\/02\/11\/maturita-torna-voci-del-verbo-scegliere-trento-23-febbraio-rovereto-4-marzo-studenti-a-colloquio-con-testimoni-autorevoli-per-decidere-il-miglior-percorso-formativo-e-il-lavoro\/#breadcrumb\",\"itemListElement\":[{\"@type\":\"ListItem\",\"position\":1,\"name\":\"Home\",\"item\":\"https:\/\/www.diocesitn.it\/area-annuncio\/\"},{\"@type\":\"ListItem\",\"position\":2,\"name\":\"Maturit\u00e0, torna \u201cVoci del verbo scegliere\u201d (Trento 23 febbraio, Rovereto 4 marzo): studenti a colloquio con testimoni autorevoli, per decidere il miglior percorso formativo e il lavoro del futuro\"}]},{\"@type\":\"WebSite\",\"@id\":\"https:\/\/www.diocesitn.it\/area-annuncio\/#website\",\"url\":\"https:\/\/www.diocesitn.it\/area-annuncio\/\",\"name\":\"Annuncio e Sacramenti\",\"description\":\"Chiesa di Trento\",\"publisher\":{\"@id\":\"https:\/\/www.diocesitn.it\/area-annuncio\/#organization\"},\"potentialAction\":[{\"@type\":\"SearchAction\",\"target\":{\"@type\":\"EntryPoint\",\"urlTemplate\":\"https:\/\/www.diocesitn.it\/area-annuncio\/?s={search_term_string}\"},\"query-input\":\"required name=search_term_string\"}],\"inLanguage\":\"it-IT\"},{\"@type\":[\"Organization\",\"Place\"],\"@id\":\"https:\/\/www.diocesitn.it\/area-annuncio\/#organization\",\"name\":\"Area Annuncio e Sacramenti - Chiesa di Trento\",\"url\":\"https:\/\/www.diocesitn.it\/area-annuncio\/\",\"logo\":{\"@id\":\"https:\/\/www.diocesitn.it\/area-annuncio\/2022\/02\/11\/maturita-torna-voci-del-verbo-scegliere-trento-23-febbraio-rovereto-4-marzo-studenti-a-colloquio-con-testimoni-autorevoli-per-decidere-il-miglior-percorso-formativo-e-il-lavoro\/#local-main-organization-logo\"},\"image\":{\"@id\":\"https:\/\/www.diocesitn.it\/area-annuncio\/2022\/02\/11\/maturita-torna-voci-del-verbo-scegliere-trento-23-febbraio-rovereto-4-marzo-studenti-a-colloquio-con-testimoni-autorevoli-per-decidere-il-miglior-percorso-formativo-e-il-lavoro\/#local-main-organization-logo\"},\"sameAs\":[\"https:\/\/www.facebook.com\/pastoralegiovanile.trento\/\",\"https:\/\/www.instagram.com\/pastoralegiovaniletrento\/\",\"https:\/\/www.youtube.com\/channel\/UCGt7hyJaIQIkrQPos4K6L6w\"],\"openingHoursSpecification\":[{\"@type\":\"OpeningHoursSpecification\",\"dayOfWeek\":[\"Monday\",\"Tuesday\",\"Wednesday\",\"Thursday\",\"Friday\",\"Saturday\",\"Sunday\"],\"opens\":\"09:00\",\"closes\":\"17:00\"}]},{\"@type\":\"ImageObject\",\"inLanguage\":\"it-IT\",\"@id\":\"https:\/\/www.diocesitn.it\/area-annuncio\/2022\/02\/11\/maturita-torna-voci-del-verbo-scegliere-trento-23-febbraio-rovereto-4-marzo-studenti-a-colloquio-con-testimoni-autorevoli-per-decidere-il-miglior-percorso-formativo-e-il-lavoro\/#local-main-organization-logo\",\"url\":\"https:\/\/www.diocesitn.it\/area-annuncio\/wp-content\/uploads\/sites\/39\/2021\/09\/og-logo-annuncio-e-sacramenti.jpg\",\"contentUrl\":\"https:\/\/www.diocesitn.it\/area-annuncio\/wp-content\/uploads\/sites\/39\/2021\/09\/og-logo-annuncio-e-sacramenti.jpg\",\"width\":1200,\"height\":630,\"caption\":\"Area Annuncio e Sacramenti - Chiesa di Trento\"}]}<\/script>\n<!-- \/ Yoast SEO Premium plugin. -->","yoast_head_json":{"title":"Maturit\u00e0, torna \u201cVoci del verbo scegliere\u201d (Trento 23 febbraio, Rovereto 4 marzo): studenti a colloquio con testimoni autorevoli, per decidere il miglior percorso formativo e il lavoro del futuro - Annuncio e Sacramenti - Chiesa di Trento","robots":{"index":"index","follow":"follow","max-snippet":"max-snippet:-1","max-image-preview":"max-image-preview:large","max-video-preview":"max-video-preview:-1"},"canonical":"https:\/\/www.diocesitn.it\/area-annuncio\/2022\/02\/11\/maturita-torna-voci-del-verbo-scegliere-trento-23-febbraio-rovereto-4-marzo-studenti-a-colloquio-con-testimoni-autorevoli-per-decidere-il-miglior-percorso-formativo-e-il-lavoro\/","og_locale":"it_IT","og_type":"article","og_title":"Maturit\u00e0, torna \u201cVoci del verbo scegliere\u201d (Trento 23 febbraio, Rovereto 4 marzo): studenti a colloquio con testimoni autorevoli, per decidere il miglior percorso formativo e il lavoro del futuro","og_description":"Cosa fare dopo l\u2019esame di maturit\u00e0? Soprattutto, in base a quali criteri decidere il proprio futuro formativo e professionale? Ritorna a Trento, per il terzo anno e di nuovo in presenza (dopo l\u2019ultima versione online),","og_url":"https:\/\/www.diocesitn.it\/area-annuncio\/2022\/02\/11\/maturita-torna-voci-del-verbo-scegliere-trento-23-febbraio-rovereto-4-marzo-studenti-a-colloquio-con-testimoni-autorevoli-per-decidere-il-miglior-percorso-formativo-e-il-lavoro\/","og_site_name":"Annuncio e Sacramenti","article_publisher":"https:\/\/www.facebook.com\/pastoralegiovanile.trento\/","article_published_time":"2022-02-11T10:14:32+00:00","article_modified_time":"2024-03-21T13:47:54+00:00","og_image":[{"width":1775,"height":1181,"url":"https:\/\/www.diocesitn.it\/area-annuncio\/wp-content\/uploads\/sites\/39\/2022\/02\/voci_scegliere_2020.jpg","type":"image\/jpeg"}],"author":"Piergiorgio Franceschini","twitter_card":"summary_large_image","twitter_misc":{"Scritto da":"Piergiorgio Franceschini","Tempo di lettura stimato":"4 minuti"},"schema":{"@context":"https:\/\/schema.org","@graph":[{"@type":"Article","@id":"https:\/\/www.diocesitn.it\/area-annuncio\/2022\/02\/11\/maturita-torna-voci-del-verbo-scegliere-trento-23-febbraio-rovereto-4-marzo-studenti-a-colloquio-con-testimoni-autorevoli-per-decidere-il-miglior-percorso-formativo-e-il-lavoro\/#article","isPartOf":{"@id":"https:\/\/www.diocesitn.it\/area-annuncio\/2022\/02\/11\/maturita-torna-voci-del-verbo-scegliere-trento-23-febbraio-rovereto-4-marzo-studenti-a-colloquio-con-testimoni-autorevoli-per-decidere-il-miglior-percorso-formativo-e-il-lavoro\/"},"author":{"name":"Piergiorgio Franceschini","@id":"https:\/\/www.diocesitn.it\/area-annuncio\/#\/schema\/person\/99590c84577873a025247b6aeb16ad2e"},"headline":"Maturit\u00e0, torna \u201cVoci del verbo scegliere\u201d (Trento 23 febbraio, Rovereto 4 marzo): studenti a colloquio con testimoni autorevoli, per decidere il miglior percorso formativo e il lavoro del futuro","datePublished":"2022-02-11T10:14:32+00:00","dateModified":"2024-03-21T13:47:54+00:00","mainEntityOfPage":{"@id":"https:\/\/www.diocesitn.it\/area-annuncio\/2022\/02\/11\/maturita-torna-voci-del-verbo-scegliere-trento-23-febbraio-rovereto-4-marzo-studenti-a-colloquio-con-testimoni-autorevoli-per-decidere-il-miglior-percorso-formativo-e-il-lavoro\/"},"wordCount":660,"publisher":{"@id":"https:\/\/www.diocesitn.it\/area-annuncio\/#organization"},"image":{"@id":"https:\/\/www.diocesitn.it\/area-annuncio\/2022\/02\/11\/maturita-torna-voci-del-verbo-scegliere-trento-23-febbraio-rovereto-4-marzo-studenti-a-colloquio-con-testimoni-autorevoli-per-decidere-il-miglior-percorso-formativo-e-il-lavoro\/#primaryimage"},"thumbnailUrl":"https:\/\/www.diocesitn.it\/area-annuncio\/wp-content\/uploads\/sites\/39\/2022\/02\/voci_scegliere_2020.jpg","articleSection":["Giovani","Notizie"],"inLanguage":"it-IT","copyrightYear":"2022","copyrightHolder":{"@id":"https:\/\/www.diocesitn.it\/#organization"}},{"@type":"WebPage","@id":"https:\/\/www.diocesitn.it\/area-annuncio\/2022\/02\/11\/maturita-torna-voci-del-verbo-scegliere-trento-23-febbraio-rovereto-4-marzo-studenti-a-colloquio-con-testimoni-autorevoli-per-decidere-il-miglior-percorso-formativo-e-il-lavoro\/","url":"https:\/\/www.diocesitn.it\/area-annuncio\/2022\/02\/11\/maturita-torna-voci-del-verbo-scegliere-trento-23-febbraio-rovereto-4-marzo-studenti-a-colloquio-con-testimoni-autorevoli-per-decidere-il-miglior-percorso-formativo-e-il-lavoro\/","name":"Maturit\u00e0, torna \u201cVoci del verbo scegliere\u201d (Trento 23 febbraio, Rovereto 4 marzo): studenti a colloquio con testimoni autorevoli, per decidere il miglior percorso formativo e il lavoro del futuro - Annuncio e Sacramenti - Chiesa di Trento","isPartOf":{"@id":"https:\/\/www.diocesitn.it\/area-annuncio\/#website"},"primaryImageOfPage":{"@id":"https:\/\/www.diocesitn.it\/area-annuncio\/2022\/02\/11\/maturita-torna-voci-del-verbo-scegliere-trento-23-febbraio-rovereto-4-marzo-studenti-a-colloquio-con-testimoni-autorevoli-per-decidere-il-miglior-percorso-formativo-e-il-lavoro\/#primaryimage"},"image":{"@id":"https:\/\/www.diocesitn.it\/area-annuncio\/2022\/02\/11\/maturita-torna-voci-del-verbo-scegliere-trento-23-febbraio-rovereto-4-marzo-studenti-a-colloquio-con-testimoni-autorevoli-per-decidere-il-miglior-percorso-formativo-e-il-lavoro\/#primaryimage"},"thumbnailUrl":"https:\/\/www.diocesitn.it\/area-annuncio\/wp-content\/uploads\/sites\/39\/2022\/02\/voci_scegliere_2020.jpg","datePublished":"2022-02-11T10:14:32+00:00","dateModified":"2024-03-21T13:47:54+00:00","breadcrumb":{"@id":"https:\/\/www.diocesitn.it\/area-annuncio\/2022\/02\/11\/maturita-torna-voci-del-verbo-scegliere-trento-23-febbraio-rovereto-4-marzo-studenti-a-colloquio-con-testimoni-autorevoli-per-decidere-il-miglior-percorso-formativo-e-il-lavoro\/#breadcrumb"},"inLanguage":"it-IT","potentialAction":[{"@type":"ReadAction","target":["https:\/\/www.diocesitn.it\/area-annuncio\/2022\/02\/11\/maturita-torna-voci-del-verbo-scegliere-trento-23-febbraio-rovereto-4-marzo-studenti-a-colloquio-con-testimoni-autorevoli-per-decidere-il-miglior-percorso-formativo-e-il-lavoro\/"]}]},{"@type":"ImageObject","inLanguage":"it-IT","@id":"https:\/\/www.diocesitn.it\/area-annuncio\/2022\/02\/11\/maturita-torna-voci-del-verbo-scegliere-trento-23-febbraio-rovereto-4-marzo-studenti-a-colloquio-con-testimoni-autorevoli-per-decidere-il-miglior-percorso-formativo-e-il-lavoro\/#primaryimage","url":"https:\/\/www.diocesitn.it\/area-annuncio\/wp-content\/uploads\/sites\/39\/2022\/02\/voci_scegliere_2020.jpg","contentUrl":"https:\/\/www.diocesitn.it\/area-annuncio\/wp-content\/uploads\/sites\/39\/2022\/02\/voci_scegliere_2020.jpg","width":1775,"height":1181},{"@type":"BreadcrumbList","@id":"https:\/\/www.diocesitn.it\/area-annuncio\/2022\/02\/11\/maturita-torna-voci-del-verbo-scegliere-trento-23-febbraio-rovereto-4-marzo-studenti-a-colloquio-con-testimoni-autorevoli-per-decidere-il-miglior-percorso-formativo-e-il-lavoro\/#breadcrumb","itemListElement":[{"@type":"ListItem","position":1,"name":"Home","item":"https:\/\/www.diocesitn.it\/area-annuncio\/"},{"@type":"ListItem","position":2,"name":"Maturit\u00e0, torna \u201cVoci del verbo scegliere\u201d (Trento 23 febbraio, Rovereto 4 marzo): studenti a colloquio con testimoni autorevoli, per decidere il miglior percorso formativo e il lavoro del futuro"}]},{"@type":"WebSite","@id":"https:\/\/www.diocesitn.it\/area-annuncio\/#website","url":"https:\/\/www.diocesitn.it\/area-annuncio\/","name":"Annuncio e Sacramenti","description":"Chiesa di Trento","publisher":{"@id":"https:\/\/www.diocesitn.it\/area-annuncio\/#organization"},"potentialAction":[{"@type":"SearchAction","target":{"@type":"EntryPoint","urlTemplate":"https:\/\/www.diocesitn.it\/area-annuncio\/?s={search_term_string}"},"query-input":"required name=search_term_string"}],"inLanguage":"it-IT"},{"@type":["Organization","Place"],"@id":"https:\/\/www.diocesitn.it\/area-annuncio\/#organization","name":"Area Annuncio e Sacramenti - Chiesa di Trento","url":"https:\/\/www.diocesitn.it\/area-annuncio\/","logo":{"@id":"https:\/\/www.diocesitn.it\/area-annuncio\/2022\/02\/11\/maturita-torna-voci-del-verbo-scegliere-trento-23-febbraio-rovereto-4-marzo-studenti-a-colloquio-con-testimoni-autorevoli-per-decidere-il-miglior-percorso-formativo-e-il-lavoro\/#local-main-organization-logo"},"image":{"@id":"https:\/\/www.diocesitn.it\/area-annuncio\/2022\/02\/11\/maturita-torna-voci-del-verbo-scegliere-trento-23-febbraio-rovereto-4-marzo-studenti-a-colloquio-con-testimoni-autorevoli-per-decidere-il-miglior-percorso-formativo-e-il-lavoro\/#local-main-organization-logo"},"sameAs":["https:\/\/www.facebook.com\/pastoralegiovanile.trento\/","https:\/\/www.instagram.com\/pastoralegiovaniletrento\/","https:\/\/www.youtube.com\/channel\/UCGt7hyJaIQIkrQPos4K6L6w"],"openingHoursSpecification":[{"@type":"OpeningHoursSpecification","dayOfWeek":["Monday","Tuesday","Wednesday","Thursday","Friday","Saturday","Sunday"],"opens":"09:00","closes":"17:00"}]},{"@type":"ImageObject","inLanguage":"it-IT","@id":"https:\/\/www.diocesitn.it\/area-annuncio\/2022\/02\/11\/maturita-torna-voci-del-verbo-scegliere-trento-23-febbraio-rovereto-4-marzo-studenti-a-colloquio-con-testimoni-autorevoli-per-decidere-il-miglior-percorso-formativo-e-il-lavoro\/#local-main-organization-logo","url":"https:\/\/www.diocesitn.it\/area-annuncio\/wp-content\/uploads\/sites\/39\/2021\/09\/og-logo-annuncio-e-sacramenti.jpg","contentUrl":"https:\/\/www.diocesitn.it\/area-annuncio\/wp-content\/uploads\/sites\/39\/2021\/09\/og-logo-annuncio-e-sacramenti.jpg","width":1200,"height":630,"caption":"Area Annuncio e Sacramenti - Chiesa di Trento"}]}},"_links":{"self":[{"href":"https:\/\/www.diocesitn.it\/area-annuncio\/wp-json\/wp\/v2\/posts\/14908","targetHints":{"allow":["GET"]}}],"collection":[{"href":"https:\/\/www.diocesitn.it\/area-annuncio\/wp-json\/wp\/v2\/posts"}],"about":[{"href":"https:\/\/www.diocesitn.it\/area-annuncio\/wp-json\/wp\/v2\/types\/post"}],"author":[{"embeddable":true,"href":"https:\/\/www.diocesitn.it\/area-annuncio\/wp-json\/wp\/v2\/users\/3"}],"replies":[{"embeddable":true,"href":"https:\/\/www.diocesitn.it\/area-annuncio\/wp-json\/wp\/v2\/comments?post=14908"}],"version-history":[{"count":3,"href":"https:\/\/www.diocesitn.it\/area-annuncio\/wp-json\/wp\/v2\/posts\/14908\/revisions"}],"predecessor-version":[{"id":14976,"href":"https:\/\/www.diocesitn.it\/area-annuncio\/wp-json\/wp\/v2\/posts\/14908\/revisions\/14976"}],"wp:featuredmedia":[{"embeddable":true,"href":"https:\/\/www.diocesitn.it\/area-annuncio\/wp-json\/wp\/v2\/media\/14909"}],"wp:attachment":[{"href":"https:\/\/www.diocesitn.it\/area-annuncio\/wp-json\/wp\/v2\/media?parent=14908"}],"wp:term":[{"taxonomy":"category","embeddable":true,"href":"https:\/\/www.diocesitn.it\/area-annuncio\/wp-json\/wp\/v2\/categories?post=14908"},{"taxonomy":"post_tag","embeddable":true,"href":"https:\/\/www.diocesitn.it\/area-annuncio\/wp-json\/wp\/v2\/tags?post=14908"}],"curies":[{"name":"wp","href":"https:\/\/api.w.org\/{rel}","templated":true}]}}