{"id":14778,"date":"2022-02-03T15:04:54","date_gmt":"2022-02-03T14:04:54","guid":{"rendered":"https:\/\/www.diocesitn.it\/area-annuncio\/?p=14778"},"modified":"2022-06-08T11:01:42","modified_gmt":"2022-06-08T09:01:42","slug":"tempo-di-preghiera-quaresima-pasqua-2022","status":"publish","type":"post","link":"https:\/\/www.diocesitn.it\/area-annuncio\/2022\/02\/03\/tempo-di-preghiera-quaresima-pasqua-2022\/","title":{"rendered":"Tempo di preghiera \u2013 Domenica 5 giugno &#8211; Pentecoste"},"content":{"rendered":"<div id=\"pl-14778\"  class=\"panel-layout\" ><div id=\"pg-14778-0\"  class=\"panel-grid panel-no-style\" ><div id=\"pgc-14778-0-0\"  class=\"panel-grid-cell\" ><div id=\"panel-14778-0-0-0\" class=\"so-panel widget widget_sow-editor panel-first-child panel-last-child\" data-index=\"0\" ><div\n\t\t\t\n\t\t\tclass=\"so-widget-sow-editor so-widget-sow-editor-base\"\n\t\t\t\n\t\t>\n<div class=\"siteorigin-widget-tinymce textwidget\">\n\t<p>Anche quest'anno, nel periodo di Quaresima e nel tempo di Pasqua, la diocesi di Trento propone l'iniziativa <strong>\"Tempo di preghiera\"<\/strong>.\u00a0Un strumento semplice per accompagnare la preghiera personale, di gruppo e di comunit\u00e0 attraverso un\u2019immagine, un pensiero, una preghiera e degli approfondimenti volti ad agevolare la comprensione e la riflessione sulla Parola della domenica.<span style=\"font-size: inherit\">\u00a0<\/span><\/p>\n<p>Il materiale sar\u00e0 pubblicato ogni luned\u00ec sulla home page del sito diocesano e inviato tramite WhatsApp e il gioved\u00ec sar\u00e0 divulgato anche sui vari social (Facebook, Instagram, Telegram).<\/p>\n<p>Chi volesse ricevere il materiale attraverso WhatsApp pu\u00f2 scrivere un messaggio al numero 342-862.78.42 con la richiesta \u2013\u00a0<strong>Quaresima-Pasqua 2022<\/strong>\u00a0\u2013<\/p>\n<p>Ricordiamo che \u00e8 disponibile <a href=\"https:\/\/www.diocesitn.it\/site\/il-materiale-per-lanimazione-della-quaresima-2022\/\" target=\"_blank\" rel=\"noopener\">a questo link<\/a> anche il materiale per l'animazione della quaresima che ci accompagner\u00e0 nella preghiera quotidiana<\/p>\n<\/div>\n<\/div><\/div><\/div><\/div><div id=\"pg-14778-1\"  class=\"panel-grid panel-no-style\" ><div id=\"pgc-14778-1-0\"  class=\"panel-grid-cell panel-grid-cell-empty\" ><\/div><\/div><div id=\"pg-14778-2\"  class=\"panel-grid panel-no-style\" ><div id=\"pgc-14778-2-0\"  class=\"panel-grid-cell\" ><div id=\"panel-14778-2-0-0\" class=\"so-panel widget widget_media_image panel-first-child panel-last-child\" data-index=\"1\" ><a href=\"https:\/\/www.diocesitn.it\/area-annuncio\/wp-content\/uploads\/sites\/39\/2022\/02\/7.-Pentecoste_1.jpg\"><img loading=\"lazy\" decoding=\"async\" width=\"300\" height=\"300\" src=\"https:\/\/www.diocesitn.it\/area-annuncio\/wp-content\/uploads\/sites\/39\/2022\/02\/7.-Pentecoste_1-300x300.jpg\" class=\"image wp-image-15822  attachment-medium size-medium\" alt=\"\" style=\"max-width: 100%; height: auto;\" srcset=\"https:\/\/www.diocesitn.it\/area-annuncio\/wp-content\/uploads\/sites\/39\/2022\/02\/7.-Pentecoste_1-300x300.jpg 300w, https:\/\/www.diocesitn.it\/area-annuncio\/wp-content\/uploads\/sites\/39\/2022\/02\/7.-Pentecoste_1-1024x1024.jpg 1024w, https:\/\/www.diocesitn.it\/area-annuncio\/wp-content\/uploads\/sites\/39\/2022\/02\/7.-Pentecoste_1-150x150.jpg 150w, https:\/\/www.diocesitn.it\/area-annuncio\/wp-content\/uploads\/sites\/39\/2022\/02\/7.-Pentecoste_1-768x768.jpg 768w, https:\/\/www.diocesitn.it\/area-annuncio\/wp-content\/uploads\/sites\/39\/2022\/02\/7.-Pentecoste_1-200x200.jpg 200w, https:\/\/www.diocesitn.it\/area-annuncio\/wp-content\/uploads\/sites\/39\/2022\/02\/7.-Pentecoste_1-280x280.jpg 280w, https:\/\/www.diocesitn.it\/area-annuncio\/wp-content\/uploads\/sites\/39\/2022\/02\/7.-Pentecoste_1-800x800.jpg 800w, https:\/\/www.diocesitn.it\/area-annuncio\/wp-content\/uploads\/sites\/39\/2022\/02\/7.-Pentecoste_1.jpg 1080w\" sizes=\"auto, (max-width: 300px) 100vw, 300px\" \/><\/a><\/div><\/div><div id=\"pgc-14778-2-1\"  class=\"panel-grid-cell\" ><div id=\"panel-14778-2-1-0\" class=\"so-panel widget widget_media_image panel-first-child panel-last-child\" data-index=\"2\" ><a href=\"https:\/\/www.diocesitn.it\/area-annuncio\/wp-content\/uploads\/sites\/39\/2022\/02\/7.-Pentecoste_2.jpg\"><img loading=\"lazy\" decoding=\"async\" width=\"300\" height=\"300\" src=\"https:\/\/www.diocesitn.it\/area-annuncio\/wp-content\/uploads\/sites\/39\/2022\/02\/7.-Pentecoste_2-300x300.jpg\" class=\"image wp-image-15823  attachment-medium size-medium\" alt=\"\" style=\"max-width: 100%; height: auto;\" srcset=\"https:\/\/www.diocesitn.it\/area-annuncio\/wp-content\/uploads\/sites\/39\/2022\/02\/7.-Pentecoste_2-300x300.jpg 300w, https:\/\/www.diocesitn.it\/area-annuncio\/wp-content\/uploads\/sites\/39\/2022\/02\/7.-Pentecoste_2-1024x1024.jpg 1024w, https:\/\/www.diocesitn.it\/area-annuncio\/wp-content\/uploads\/sites\/39\/2022\/02\/7.-Pentecoste_2-150x150.jpg 150w, https:\/\/www.diocesitn.it\/area-annuncio\/wp-content\/uploads\/sites\/39\/2022\/02\/7.-Pentecoste_2-768x768.jpg 768w, https:\/\/www.diocesitn.it\/area-annuncio\/wp-content\/uploads\/sites\/39\/2022\/02\/7.-Pentecoste_2-200x200.jpg 200w, https:\/\/www.diocesitn.it\/area-annuncio\/wp-content\/uploads\/sites\/39\/2022\/02\/7.-Pentecoste_2-280x280.jpg 280w, https:\/\/www.diocesitn.it\/area-annuncio\/wp-content\/uploads\/sites\/39\/2022\/02\/7.-Pentecoste_2-800x800.jpg 800w, https:\/\/www.diocesitn.it\/area-annuncio\/wp-content\/uploads\/sites\/39\/2022\/02\/7.-Pentecoste_2.jpg 1080w\" sizes=\"auto, (max-width: 300px) 100vw, 300px\" \/><\/a><\/div><\/div><div id=\"pgc-14778-2-2\"  class=\"panel-grid-cell\" ><div id=\"panel-14778-2-2-0\" class=\"so-panel widget widget_media_image panel-first-child panel-last-child\" data-index=\"3\" ><a href=\"https:\/\/www.diocesitn.it\/area-annuncio\/wp-content\/uploads\/sites\/39\/2022\/02\/7.-Pentecoste_3.jpg\"><img loading=\"lazy\" decoding=\"async\" width=\"300\" height=\"300\" src=\"https:\/\/www.diocesitn.it\/area-annuncio\/wp-content\/uploads\/sites\/39\/2022\/02\/7.-Pentecoste_3-300x300.jpg\" class=\"image wp-image-15824  attachment-medium size-medium\" alt=\"\" style=\"max-width: 100%; height: auto;\" srcset=\"https:\/\/www.diocesitn.it\/area-annuncio\/wp-content\/uploads\/sites\/39\/2022\/02\/7.-Pentecoste_3-300x300.jpg 300w, https:\/\/www.diocesitn.it\/area-annuncio\/wp-content\/uploads\/sites\/39\/2022\/02\/7.-Pentecoste_3-1024x1024.jpg 1024w, https:\/\/www.diocesitn.it\/area-annuncio\/wp-content\/uploads\/sites\/39\/2022\/02\/7.-Pentecoste_3-150x150.jpg 150w, https:\/\/www.diocesitn.it\/area-annuncio\/wp-content\/uploads\/sites\/39\/2022\/02\/7.-Pentecoste_3-768x768.jpg 768w, https:\/\/www.diocesitn.it\/area-annuncio\/wp-content\/uploads\/sites\/39\/2022\/02\/7.-Pentecoste_3-200x200.jpg 200w, https:\/\/www.diocesitn.it\/area-annuncio\/wp-content\/uploads\/sites\/39\/2022\/02\/7.-Pentecoste_3-280x280.jpg 280w, https:\/\/www.diocesitn.it\/area-annuncio\/wp-content\/uploads\/sites\/39\/2022\/02\/7.-Pentecoste_3-800x800.jpg 800w, https:\/\/www.diocesitn.it\/area-annuncio\/wp-content\/uploads\/sites\/39\/2022\/02\/7.-Pentecoste_3.jpg 1080w\" sizes=\"auto, (max-width: 300px) 100vw, 300px\" \/><\/a><\/div><\/div><div id=\"pgc-14778-2-3\"  class=\"panel-grid-cell\" ><div id=\"panel-14778-2-3-0\" class=\"so-panel widget widget_sow-editor panel-first-child panel-last-child\" data-index=\"4\" ><div\n\t\t\t\n\t\t\tclass=\"so-widget-sow-editor so-widget-sow-editor-base\"\n\t\t\t\n\t\t>\n<div class=\"siteorigin-widget-tinymce textwidget\">\n\t<p style=\"text-align: center\"><strong>Domenica 5 giugno - Pentecoste<\/strong><\/p>\n<p style=\"text-align: center\"><button class=\"large button\"><a href=\"https:\/\/express.adobe.com\/page\/hUIvOPnpcIhhv\/\" target=\"_blank\" rel=\"noopener\"><span style=\"color: #ffffff\">Vai agli approfondimenti<\/span><\/a><\/button><\/p>\n<\/div>\n<\/div><\/div><\/div><\/div><div id=\"pg-14778-3\"  class=\"panel-grid panel-no-style\" ><div id=\"pgc-14778-3-0\"  class=\"panel-grid-cell\" ><div id=\"panel-14778-3-0-0\" class=\"so-panel widget widget_media_image panel-first-child panel-last-child\" data-index=\"5\" ><a href=\"https:\/\/www.diocesitn.it\/area-annuncio\/wp-content\/uploads\/sites\/39\/2022\/02\/6.-Ascensione_1.jpg\"><img loading=\"lazy\" decoding=\"async\" width=\"300\" height=\"300\" src=\"https:\/\/www.diocesitn.it\/area-annuncio\/wp-content\/uploads\/sites\/39\/2022\/02\/6.-Ascensione_1-300x300.jpg\" class=\"image wp-image-15778  attachment-medium size-medium\" alt=\"\" style=\"max-width: 100%; height: auto;\" srcset=\"https:\/\/www.diocesitn.it\/area-annuncio\/wp-content\/uploads\/sites\/39\/2022\/02\/6.-Ascensione_1-300x300.jpg 300w, https:\/\/www.diocesitn.it\/area-annuncio\/wp-content\/uploads\/sites\/39\/2022\/02\/6.-Ascensione_1-1024x1024.jpg 1024w, https:\/\/www.diocesitn.it\/area-annuncio\/wp-content\/uploads\/sites\/39\/2022\/02\/6.-Ascensione_1-150x150.jpg 150w, https:\/\/www.diocesitn.it\/area-annuncio\/wp-content\/uploads\/sites\/39\/2022\/02\/6.-Ascensione_1-768x768.jpg 768w, https:\/\/www.diocesitn.it\/area-annuncio\/wp-content\/uploads\/sites\/39\/2022\/02\/6.-Ascensione_1-200x200.jpg 200w, https:\/\/www.diocesitn.it\/area-annuncio\/wp-content\/uploads\/sites\/39\/2022\/02\/6.-Ascensione_1-280x280.jpg 280w, https:\/\/www.diocesitn.it\/area-annuncio\/wp-content\/uploads\/sites\/39\/2022\/02\/6.-Ascensione_1-800x800.jpg 800w, https:\/\/www.diocesitn.it\/area-annuncio\/wp-content\/uploads\/sites\/39\/2022\/02\/6.-Ascensione_1.jpg 1080w\" sizes=\"auto, (max-width: 300px) 100vw, 300px\" \/><\/a><\/div><\/div><div id=\"pgc-14778-3-1\"  class=\"panel-grid-cell\" ><div id=\"panel-14778-3-1-0\" class=\"so-panel widget widget_media_image panel-first-child panel-last-child\" data-index=\"6\" ><a href=\"https:\/\/www.diocesitn.it\/area-annuncio\/wp-content\/uploads\/sites\/39\/2022\/02\/6.-Ascensione_2.jpg\"><img loading=\"lazy\" decoding=\"async\" width=\"300\" height=\"300\" src=\"https:\/\/www.diocesitn.it\/area-annuncio\/wp-content\/uploads\/sites\/39\/2022\/02\/6.-Ascensione_2-300x300.jpg\" class=\"image wp-image-15779  attachment-medium size-medium\" alt=\"\" style=\"max-width: 100%; height: auto;\" srcset=\"https:\/\/www.diocesitn.it\/area-annuncio\/wp-content\/uploads\/sites\/39\/2022\/02\/6.-Ascensione_2-300x300.jpg 300w, https:\/\/www.diocesitn.it\/area-annuncio\/wp-content\/uploads\/sites\/39\/2022\/02\/6.-Ascensione_2-1024x1024.jpg 1024w, https:\/\/www.diocesitn.it\/area-annuncio\/wp-content\/uploads\/sites\/39\/2022\/02\/6.-Ascensione_2-150x150.jpg 150w, https:\/\/www.diocesitn.it\/area-annuncio\/wp-content\/uploads\/sites\/39\/2022\/02\/6.-Ascensione_2-768x768.jpg 768w, https:\/\/www.diocesitn.it\/area-annuncio\/wp-content\/uploads\/sites\/39\/2022\/02\/6.-Ascensione_2-200x200.jpg 200w, https:\/\/www.diocesitn.it\/area-annuncio\/wp-content\/uploads\/sites\/39\/2022\/02\/6.-Ascensione_2-280x280.jpg 280w, https:\/\/www.diocesitn.it\/area-annuncio\/wp-content\/uploads\/sites\/39\/2022\/02\/6.-Ascensione_2-800x800.jpg 800w, https:\/\/www.diocesitn.it\/area-annuncio\/wp-content\/uploads\/sites\/39\/2022\/02\/6.-Ascensione_2.jpg 1080w\" sizes=\"auto, (max-width: 300px) 100vw, 300px\" \/><\/a><\/div><\/div><div id=\"pgc-14778-3-2\"  class=\"panel-grid-cell\" ><div id=\"panel-14778-3-2-0\" class=\"so-panel widget widget_media_image panel-first-child panel-last-child\" data-index=\"7\" ><a href=\"https:\/\/www.diocesitn.it\/area-annuncio\/wp-content\/uploads\/sites\/39\/2022\/02\/6.-Ascensione_3.jpg\"><img loading=\"lazy\" decoding=\"async\" width=\"300\" height=\"300\" src=\"https:\/\/www.diocesitn.it\/area-annuncio\/wp-content\/uploads\/sites\/39\/2022\/02\/6.-Ascensione_3-300x300.jpg\" class=\"image wp-image-15780  attachment-medium size-medium\" alt=\"\" style=\"max-width: 100%; height: auto;\" srcset=\"https:\/\/www.diocesitn.it\/area-annuncio\/wp-content\/uploads\/sites\/39\/2022\/02\/6.-Ascensione_3-300x300.jpg 300w, https:\/\/www.diocesitn.it\/area-annuncio\/wp-content\/uploads\/sites\/39\/2022\/02\/6.-Ascensione_3-1024x1024.jpg 1024w, https:\/\/www.diocesitn.it\/area-annuncio\/wp-content\/uploads\/sites\/39\/2022\/02\/6.-Ascensione_3-150x150.jpg 150w, https:\/\/www.diocesitn.it\/area-annuncio\/wp-content\/uploads\/sites\/39\/2022\/02\/6.-Ascensione_3-768x768.jpg 768w, https:\/\/www.diocesitn.it\/area-annuncio\/wp-content\/uploads\/sites\/39\/2022\/02\/6.-Ascensione_3-200x200.jpg 200w, https:\/\/www.diocesitn.it\/area-annuncio\/wp-content\/uploads\/sites\/39\/2022\/02\/6.-Ascensione_3-280x280.jpg 280w, https:\/\/www.diocesitn.it\/area-annuncio\/wp-content\/uploads\/sites\/39\/2022\/02\/6.-Ascensione_3-800x800.jpg 800w, https:\/\/www.diocesitn.it\/area-annuncio\/wp-content\/uploads\/sites\/39\/2022\/02\/6.-Ascensione_3.jpg 1080w\" sizes=\"auto, (max-width: 300px) 100vw, 300px\" \/><\/a><\/div><\/div><div id=\"pgc-14778-3-3\"  class=\"panel-grid-cell\" ><div id=\"panel-14778-3-3-0\" class=\"so-panel widget widget_sow-editor panel-first-child panel-last-child\" data-index=\"8\" ><div\n\t\t\t\n\t\t\tclass=\"so-widget-sow-editor so-widget-sow-editor-base\"\n\t\t\t\n\t\t>\n<div class=\"siteorigin-widget-tinymce textwidget\">\n\t<p style=\"text-align: center\"><strong>Domenica 29 maggio - Ascensione del Signore<\/strong><\/p>\n<p style=\"text-align: center\"><button class=\"large button\"><a href=\"https:\/\/express.adobe.com\/page\/VrcuUF67vY2j1\/\" target=\"_blank\" rel=\"noopener\"><span style=\"color: #ffffff\">Vai agli approfondimenti<\/span><\/a><\/button><\/p>\n<\/div>\n<\/div><\/div><\/div><\/div><div id=\"pg-14778-4\"  class=\"panel-grid panel-no-style\" ><div id=\"pgc-14778-4-0\"  class=\"panel-grid-cell\" ><div id=\"panel-14778-4-0-0\" class=\"so-panel widget widget_media_image panel-first-child panel-last-child\" data-index=\"9\" ><a href=\"https:\/\/www.diocesitn.it\/area-annuncio\/wp-content\/uploads\/sites\/39\/2022\/02\/5.-Sesta_DiPasqua_1.jpg\"><img loading=\"lazy\" decoding=\"async\" width=\"300\" height=\"300\" src=\"https:\/\/www.diocesitn.it\/area-annuncio\/wp-content\/uploads\/sites\/39\/2022\/02\/5.-Sesta_DiPasqua_1-300x300.jpg\" class=\"image wp-image-15745  attachment-medium size-medium\" alt=\"\" style=\"max-width: 100%; height: auto;\" srcset=\"https:\/\/www.diocesitn.it\/area-annuncio\/wp-content\/uploads\/sites\/39\/2022\/02\/5.-Sesta_DiPasqua_1-300x300.jpg 300w, https:\/\/www.diocesitn.it\/area-annuncio\/wp-content\/uploads\/sites\/39\/2022\/02\/5.-Sesta_DiPasqua_1-1024x1024.jpg 1024w, https:\/\/www.diocesitn.it\/area-annuncio\/wp-content\/uploads\/sites\/39\/2022\/02\/5.-Sesta_DiPasqua_1-150x150.jpg 150w, https:\/\/www.diocesitn.it\/area-annuncio\/wp-content\/uploads\/sites\/39\/2022\/02\/5.-Sesta_DiPasqua_1-768x768.jpg 768w, https:\/\/www.diocesitn.it\/area-annuncio\/wp-content\/uploads\/sites\/39\/2022\/02\/5.-Sesta_DiPasqua_1-200x200.jpg 200w, https:\/\/www.diocesitn.it\/area-annuncio\/wp-content\/uploads\/sites\/39\/2022\/02\/5.-Sesta_DiPasqua_1-280x280.jpg 280w, https:\/\/www.diocesitn.it\/area-annuncio\/wp-content\/uploads\/sites\/39\/2022\/02\/5.-Sesta_DiPasqua_1-800x800.jpg 800w, https:\/\/www.diocesitn.it\/area-annuncio\/wp-content\/uploads\/sites\/39\/2022\/02\/5.-Sesta_DiPasqua_1.jpg 1080w\" sizes=\"auto, (max-width: 300px) 100vw, 300px\" \/><\/a><\/div><\/div><div id=\"pgc-14778-4-1\"  class=\"panel-grid-cell\" ><div id=\"panel-14778-4-1-0\" class=\"so-panel widget widget_media_image panel-first-child panel-last-child\" data-index=\"10\" ><a href=\"https:\/\/www.diocesitn.it\/area-annuncio\/wp-content\/uploads\/sites\/39\/2022\/02\/5.-Sesta_DiPasqua_2.jpg\"><img loading=\"lazy\" decoding=\"async\" width=\"300\" height=\"300\" src=\"https:\/\/www.diocesitn.it\/area-annuncio\/wp-content\/uploads\/sites\/39\/2022\/02\/5.-Sesta_DiPasqua_2-300x300.jpg\" class=\"image wp-image-15746  attachment-medium size-medium\" alt=\"\" style=\"max-width: 100%; height: auto;\" srcset=\"https:\/\/www.diocesitn.it\/area-annuncio\/wp-content\/uploads\/sites\/39\/2022\/02\/5.-Sesta_DiPasqua_2-300x300.jpg 300w, https:\/\/www.diocesitn.it\/area-annuncio\/wp-content\/uploads\/sites\/39\/2022\/02\/5.-Sesta_DiPasqua_2-1024x1024.jpg 1024w, https:\/\/www.diocesitn.it\/area-annuncio\/wp-content\/uploads\/sites\/39\/2022\/02\/5.-Sesta_DiPasqua_2-150x150.jpg 150w, https:\/\/www.diocesitn.it\/area-annuncio\/wp-content\/uploads\/sites\/39\/2022\/02\/5.-Sesta_DiPasqua_2-768x768.jpg 768w, https:\/\/www.diocesitn.it\/area-annuncio\/wp-content\/uploads\/sites\/39\/2022\/02\/5.-Sesta_DiPasqua_2-200x200.jpg 200w, https:\/\/www.diocesitn.it\/area-annuncio\/wp-content\/uploads\/sites\/39\/2022\/02\/5.-Sesta_DiPasqua_2-280x280.jpg 280w, https:\/\/www.diocesitn.it\/area-annuncio\/wp-content\/uploads\/sites\/39\/2022\/02\/5.-Sesta_DiPasqua_2-800x800.jpg 800w, https:\/\/www.diocesitn.it\/area-annuncio\/wp-content\/uploads\/sites\/39\/2022\/02\/5.-Sesta_DiPasqua_2.jpg 1080w\" sizes=\"auto, (max-width: 300px) 100vw, 300px\" \/><\/a><\/div><\/div><div id=\"pgc-14778-4-2\"  class=\"panel-grid-cell\" ><div id=\"panel-14778-4-2-0\" class=\"so-panel widget widget_media_image panel-first-child panel-last-child\" data-index=\"11\" ><a href=\"https:\/\/www.diocesitn.it\/area-annuncio\/wp-content\/uploads\/sites\/39\/2022\/02\/5.-Sesta_DiPasqua_3.jpg\"><img loading=\"lazy\" decoding=\"async\" width=\"300\" height=\"300\" src=\"https:\/\/www.diocesitn.it\/area-annuncio\/wp-content\/uploads\/sites\/39\/2022\/02\/5.-Sesta_DiPasqua_3-300x300.jpg\" class=\"image wp-image-15747  attachment-medium size-medium\" alt=\"\" style=\"max-width: 100%; height: auto;\" srcset=\"https:\/\/www.diocesitn.it\/area-annuncio\/wp-content\/uploads\/sites\/39\/2022\/02\/5.-Sesta_DiPasqua_3-300x300.jpg 300w, https:\/\/www.diocesitn.it\/area-annuncio\/wp-content\/uploads\/sites\/39\/2022\/02\/5.-Sesta_DiPasqua_3-1024x1024.jpg 1024w, https:\/\/www.diocesitn.it\/area-annuncio\/wp-content\/uploads\/sites\/39\/2022\/02\/5.-Sesta_DiPasqua_3-150x150.jpg 150w, https:\/\/www.diocesitn.it\/area-annuncio\/wp-content\/uploads\/sites\/39\/2022\/02\/5.-Sesta_DiPasqua_3-768x768.jpg 768w, https:\/\/www.diocesitn.it\/area-annuncio\/wp-content\/uploads\/sites\/39\/2022\/02\/5.-Sesta_DiPasqua_3-200x200.jpg 200w, https:\/\/www.diocesitn.it\/area-annuncio\/wp-content\/uploads\/sites\/39\/2022\/02\/5.-Sesta_DiPasqua_3-280x280.jpg 280w, https:\/\/www.diocesitn.it\/area-annuncio\/wp-content\/uploads\/sites\/39\/2022\/02\/5.-Sesta_DiPasqua_3-800x800.jpg 800w, https:\/\/www.diocesitn.it\/area-annuncio\/wp-content\/uploads\/sites\/39\/2022\/02\/5.-Sesta_DiPasqua_3.jpg 1080w\" sizes=\"auto, (max-width: 300px) 100vw, 300px\" \/><\/a><\/div><\/div><div id=\"pgc-14778-4-3\"  class=\"panel-grid-cell\" ><div id=\"panel-14778-4-3-0\" class=\"so-panel widget widget_sow-editor panel-first-child panel-last-child\" data-index=\"12\" ><div\n\t\t\t\n\t\t\tclass=\"so-widget-sow-editor so-widget-sow-editor-base\"\n\t\t\t\n\t\t>\n<div class=\"siteorigin-widget-tinymce textwidget\">\n\t<p style=\"text-align: center\"><strong>Domenica 22 maggio - VI di Pasqua<\/strong><\/p>\n<p style=\"text-align: center\"><button class=\"large button\"><a href=\"https:\/\/express.adobe.com\/page\/d3KRjnrdr6GMI\/\" target=\"_blank\" rel=\"noopener\"><span style=\"color: #ffffff\">Vai agli approfondimenti<\/span><\/a><\/button><\/p>\n<\/div>\n<\/div><\/div><\/div><\/div><div id=\"pg-14778-5\"  class=\"panel-grid panel-no-style\" ><div id=\"pgc-14778-5-0\"  class=\"panel-grid-cell\" ><div id=\"panel-14778-5-0-0\" class=\"so-panel widget widget_media_image panel-first-child panel-last-child\" data-index=\"13\" ><a href=\"https:\/\/www.diocesitn.it\/area-annuncio\/wp-content\/uploads\/sites\/39\/2022\/02\/4.-Quinta_DiPasqua_1.jpg\"><img loading=\"lazy\" decoding=\"async\" width=\"300\" height=\"300\" src=\"https:\/\/www.diocesitn.it\/area-annuncio\/wp-content\/uploads\/sites\/39\/2022\/02\/4.-Quinta_DiPasqua_1-300x300.jpg\" class=\"image wp-image-15736  attachment-medium size-medium\" alt=\"\" style=\"max-width: 100%; height: auto;\" srcset=\"https:\/\/www.diocesitn.it\/area-annuncio\/wp-content\/uploads\/sites\/39\/2022\/02\/4.-Quinta_DiPasqua_1-300x300.jpg 300w, https:\/\/www.diocesitn.it\/area-annuncio\/wp-content\/uploads\/sites\/39\/2022\/02\/4.-Quinta_DiPasqua_1-1024x1024.jpg 1024w, https:\/\/www.diocesitn.it\/area-annuncio\/wp-content\/uploads\/sites\/39\/2022\/02\/4.-Quinta_DiPasqua_1-150x150.jpg 150w, https:\/\/www.diocesitn.it\/area-annuncio\/wp-content\/uploads\/sites\/39\/2022\/02\/4.-Quinta_DiPasqua_1-768x768.jpg 768w, https:\/\/www.diocesitn.it\/area-annuncio\/wp-content\/uploads\/sites\/39\/2022\/02\/4.-Quinta_DiPasqua_1-200x200.jpg 200w, https:\/\/www.diocesitn.it\/area-annuncio\/wp-content\/uploads\/sites\/39\/2022\/02\/4.-Quinta_DiPasqua_1-280x280.jpg 280w, https:\/\/www.diocesitn.it\/area-annuncio\/wp-content\/uploads\/sites\/39\/2022\/02\/4.-Quinta_DiPasqua_1-800x800.jpg 800w, https:\/\/www.diocesitn.it\/area-annuncio\/wp-content\/uploads\/sites\/39\/2022\/02\/4.-Quinta_DiPasqua_1.jpg 1080w\" sizes=\"auto, (max-width: 300px) 100vw, 300px\" \/><\/a><\/div><\/div><div id=\"pgc-14778-5-1\"  class=\"panel-grid-cell\" ><div id=\"panel-14778-5-1-0\" class=\"so-panel widget widget_media_image panel-first-child panel-last-child\" data-index=\"14\" ><a href=\"https:\/\/www.diocesitn.it\/area-annuncio\/wp-content\/uploads\/sites\/39\/2022\/02\/4.-Quinta_DiPasqua_2.jpg\"><img loading=\"lazy\" decoding=\"async\" width=\"300\" height=\"300\" src=\"https:\/\/www.diocesitn.it\/area-annuncio\/wp-content\/uploads\/sites\/39\/2022\/02\/4.-Quinta_DiPasqua_2-300x300.jpg\" class=\"image wp-image-15737  attachment-medium size-medium\" alt=\"\" style=\"max-width: 100%; height: auto;\" srcset=\"https:\/\/www.diocesitn.it\/area-annuncio\/wp-content\/uploads\/sites\/39\/2022\/02\/4.-Quinta_DiPasqua_2-300x300.jpg 300w, https:\/\/www.diocesitn.it\/area-annuncio\/wp-content\/uploads\/sites\/39\/2022\/02\/4.-Quinta_DiPasqua_2-1024x1024.jpg 1024w, https:\/\/www.diocesitn.it\/area-annuncio\/wp-content\/uploads\/sites\/39\/2022\/02\/4.-Quinta_DiPasqua_2-150x150.jpg 150w, https:\/\/www.diocesitn.it\/area-annuncio\/wp-content\/uploads\/sites\/39\/2022\/02\/4.-Quinta_DiPasqua_2-768x768.jpg 768w, https:\/\/www.diocesitn.it\/area-annuncio\/wp-content\/uploads\/sites\/39\/2022\/02\/4.-Quinta_DiPasqua_2-200x200.jpg 200w, https:\/\/www.diocesitn.it\/area-annuncio\/wp-content\/uploads\/sites\/39\/2022\/02\/4.-Quinta_DiPasqua_2-280x280.jpg 280w, https:\/\/www.diocesitn.it\/area-annuncio\/wp-content\/uploads\/sites\/39\/2022\/02\/4.-Quinta_DiPasqua_2-800x800.jpg 800w, https:\/\/www.diocesitn.it\/area-annuncio\/wp-content\/uploads\/sites\/39\/2022\/02\/4.-Quinta_DiPasqua_2.jpg 1080w\" sizes=\"auto, (max-width: 300px) 100vw, 300px\" \/><\/a><\/div><\/div><div id=\"pgc-14778-5-2\"  class=\"panel-grid-cell\" ><div id=\"panel-14778-5-2-0\" class=\"so-panel widget widget_media_image panel-first-child panel-last-child\" data-index=\"15\" ><a href=\"https:\/\/www.diocesitn.it\/area-annuncio\/wp-content\/uploads\/sites\/39\/2022\/02\/4.-Quinta_DiPasqua_3.jpg\"><img loading=\"lazy\" decoding=\"async\" width=\"300\" height=\"300\" src=\"https:\/\/www.diocesitn.it\/area-annuncio\/wp-content\/uploads\/sites\/39\/2022\/02\/4.-Quinta_DiPasqua_3-300x300.jpg\" class=\"image wp-image-15738  attachment-medium size-medium\" alt=\"\" style=\"max-width: 100%; height: auto;\" srcset=\"https:\/\/www.diocesitn.it\/area-annuncio\/wp-content\/uploads\/sites\/39\/2022\/02\/4.-Quinta_DiPasqua_3-300x300.jpg 300w, https:\/\/www.diocesitn.it\/area-annuncio\/wp-content\/uploads\/sites\/39\/2022\/02\/4.-Quinta_DiPasqua_3-1024x1024.jpg 1024w, https:\/\/www.diocesitn.it\/area-annuncio\/wp-content\/uploads\/sites\/39\/2022\/02\/4.-Quinta_DiPasqua_3-150x150.jpg 150w, https:\/\/www.diocesitn.it\/area-annuncio\/wp-content\/uploads\/sites\/39\/2022\/02\/4.-Quinta_DiPasqua_3-768x768.jpg 768w, https:\/\/www.diocesitn.it\/area-annuncio\/wp-content\/uploads\/sites\/39\/2022\/02\/4.-Quinta_DiPasqua_3-200x200.jpg 200w, https:\/\/www.diocesitn.it\/area-annuncio\/wp-content\/uploads\/sites\/39\/2022\/02\/4.-Quinta_DiPasqua_3-280x280.jpg 280w, https:\/\/www.diocesitn.it\/area-annuncio\/wp-content\/uploads\/sites\/39\/2022\/02\/4.-Quinta_DiPasqua_3-800x800.jpg 800w, https:\/\/www.diocesitn.it\/area-annuncio\/wp-content\/uploads\/sites\/39\/2022\/02\/4.-Quinta_DiPasqua_3.jpg 1080w\" sizes=\"auto, (max-width: 300px) 100vw, 300px\" \/><\/a><\/div><\/div><div id=\"pgc-14778-5-3\"  class=\"panel-grid-cell\" ><div id=\"panel-14778-5-3-0\" class=\"so-panel widget widget_sow-editor panel-first-child panel-last-child\" data-index=\"16\" ><div\n\t\t\t\n\t\t\tclass=\"so-widget-sow-editor so-widget-sow-editor-base\"\n\t\t\t\n\t\t>\n<div class=\"siteorigin-widget-tinymce textwidget\">\n\t<p style=\"text-align: center\"><strong>Domenica 15 maggio - V di Pasqua<\/strong><\/p>\n<p style=\"text-align: center\"><button class=\"large button\"><a href=\"https:\/\/express.adobe.com\/page\/DPg9TBdzTs2pw\/\" target=\"_blank\" rel=\"noopener\"><span style=\"color: #ffffff\">Vai agli approfondimenti<\/span><\/a><\/button><\/p>\n<\/div>\n<\/div><\/div><\/div><\/div><div id=\"pg-14778-6\"  class=\"panel-grid panel-no-style\" ><div id=\"pgc-14778-6-0\"  class=\"panel-grid-cell\" ><div id=\"panel-14778-6-0-0\" class=\"so-panel widget widget_media_image panel-first-child panel-last-child\" data-index=\"17\" ><a href=\"https:\/\/www.diocesitn.it\/area-annuncio\/wp-content\/uploads\/sites\/39\/2022\/02\/3.-Quarta_DiPasqua_1.jpg\"><img loading=\"lazy\" decoding=\"async\" width=\"300\" height=\"300\" src=\"https:\/\/www.diocesitn.it\/area-annuncio\/wp-content\/uploads\/sites\/39\/2022\/02\/3.-Quarta_DiPasqua_1-300x300.jpg\" class=\"image wp-image-15689  attachment-medium size-medium\" alt=\"\" style=\"max-width: 100%; height: auto;\" srcset=\"https:\/\/www.diocesitn.it\/area-annuncio\/wp-content\/uploads\/sites\/39\/2022\/02\/3.-Quarta_DiPasqua_1-300x300.jpg 300w, https:\/\/www.diocesitn.it\/area-annuncio\/wp-content\/uploads\/sites\/39\/2022\/02\/3.-Quarta_DiPasqua_1-1024x1024.jpg 1024w, https:\/\/www.diocesitn.it\/area-annuncio\/wp-content\/uploads\/sites\/39\/2022\/02\/3.-Quarta_DiPasqua_1-150x150.jpg 150w, https:\/\/www.diocesitn.it\/area-annuncio\/wp-content\/uploads\/sites\/39\/2022\/02\/3.-Quarta_DiPasqua_1-768x768.jpg 768w, https:\/\/www.diocesitn.it\/area-annuncio\/wp-content\/uploads\/sites\/39\/2022\/02\/3.-Quarta_DiPasqua_1-200x200.jpg 200w, https:\/\/www.diocesitn.it\/area-annuncio\/wp-content\/uploads\/sites\/39\/2022\/02\/3.-Quarta_DiPasqua_1-280x280.jpg 280w, https:\/\/www.diocesitn.it\/area-annuncio\/wp-content\/uploads\/sites\/39\/2022\/02\/3.-Quarta_DiPasqua_1-800x800.jpg 800w, https:\/\/www.diocesitn.it\/area-annuncio\/wp-content\/uploads\/sites\/39\/2022\/02\/3.-Quarta_DiPasqua_1.jpg 1080w\" sizes=\"auto, (max-width: 300px) 100vw, 300px\" \/><\/a><\/div><\/div><div id=\"pgc-14778-6-1\"  class=\"panel-grid-cell\" ><div id=\"panel-14778-6-1-0\" class=\"so-panel widget widget_media_image panel-first-child panel-last-child\" data-index=\"18\" ><a href=\"https:\/\/www.diocesitn.it\/area-annuncio\/wp-content\/uploads\/sites\/39\/2022\/02\/3.-Quarta_DiPasqua_2.jpg\"><img loading=\"lazy\" decoding=\"async\" width=\"300\" height=\"300\" src=\"https:\/\/www.diocesitn.it\/area-annuncio\/wp-content\/uploads\/sites\/39\/2022\/02\/3.-Quarta_DiPasqua_2-300x300.jpg\" class=\"image wp-image-15690  attachment-medium size-medium\" alt=\"\" style=\"max-width: 100%; height: auto;\" srcset=\"https:\/\/www.diocesitn.it\/area-annuncio\/wp-content\/uploads\/sites\/39\/2022\/02\/3.-Quarta_DiPasqua_2-300x300.jpg 300w, https:\/\/www.diocesitn.it\/area-annuncio\/wp-content\/uploads\/sites\/39\/2022\/02\/3.-Quarta_DiPasqua_2-1024x1024.jpg 1024w, https:\/\/www.diocesitn.it\/area-annuncio\/wp-content\/uploads\/sites\/39\/2022\/02\/3.-Quarta_DiPasqua_2-150x150.jpg 150w, https:\/\/www.diocesitn.it\/area-annuncio\/wp-content\/uploads\/sites\/39\/2022\/02\/3.-Quarta_DiPasqua_2-768x768.jpg 768w, https:\/\/www.diocesitn.it\/area-annuncio\/wp-content\/uploads\/sites\/39\/2022\/02\/3.-Quarta_DiPasqua_2-200x200.jpg 200w, https:\/\/www.diocesitn.it\/area-annuncio\/wp-content\/uploads\/sites\/39\/2022\/02\/3.-Quarta_DiPasqua_2-280x280.jpg 280w, https:\/\/www.diocesitn.it\/area-annuncio\/wp-content\/uploads\/sites\/39\/2022\/02\/3.-Quarta_DiPasqua_2-800x800.jpg 800w, https:\/\/www.diocesitn.it\/area-annuncio\/wp-content\/uploads\/sites\/39\/2022\/02\/3.-Quarta_DiPasqua_2.jpg 1080w\" sizes=\"auto, (max-width: 300px) 100vw, 300px\" \/><\/a><\/div><\/div><div id=\"pgc-14778-6-2\"  class=\"panel-grid-cell\" ><div id=\"panel-14778-6-2-0\" class=\"so-panel widget widget_media_image panel-first-child panel-last-child\" data-index=\"19\" ><a href=\"https:\/\/www.diocesitn.it\/area-annuncio\/wp-content\/uploads\/sites\/39\/2022\/02\/3.-Quarta_DiPasqua_3.jpg\"><img loading=\"lazy\" decoding=\"async\" width=\"300\" height=\"300\" src=\"https:\/\/www.diocesitn.it\/area-annuncio\/wp-content\/uploads\/sites\/39\/2022\/02\/3.-Quarta_DiPasqua_3-300x300.jpg\" class=\"image wp-image-15691  attachment-medium size-medium\" alt=\"\" style=\"max-width: 100%; height: auto;\" srcset=\"https:\/\/www.diocesitn.it\/area-annuncio\/wp-content\/uploads\/sites\/39\/2022\/02\/3.-Quarta_DiPasqua_3-300x300.jpg 300w, https:\/\/www.diocesitn.it\/area-annuncio\/wp-content\/uploads\/sites\/39\/2022\/02\/3.-Quarta_DiPasqua_3-1024x1024.jpg 1024w, https:\/\/www.diocesitn.it\/area-annuncio\/wp-content\/uploads\/sites\/39\/2022\/02\/3.-Quarta_DiPasqua_3-150x150.jpg 150w, https:\/\/www.diocesitn.it\/area-annuncio\/wp-content\/uploads\/sites\/39\/2022\/02\/3.-Quarta_DiPasqua_3-768x768.jpg 768w, https:\/\/www.diocesitn.it\/area-annuncio\/wp-content\/uploads\/sites\/39\/2022\/02\/3.-Quarta_DiPasqua_3-200x200.jpg 200w, https:\/\/www.diocesitn.it\/area-annuncio\/wp-content\/uploads\/sites\/39\/2022\/02\/3.-Quarta_DiPasqua_3-280x280.jpg 280w, https:\/\/www.diocesitn.it\/area-annuncio\/wp-content\/uploads\/sites\/39\/2022\/02\/3.-Quarta_DiPasqua_3-800x800.jpg 800w, https:\/\/www.diocesitn.it\/area-annuncio\/wp-content\/uploads\/sites\/39\/2022\/02\/3.-Quarta_DiPasqua_3.jpg 1080w\" sizes=\"auto, (max-width: 300px) 100vw, 300px\" \/><\/a><\/div><\/div><div id=\"pgc-14778-6-3\"  class=\"panel-grid-cell\" ><div id=\"panel-14778-6-3-0\" class=\"so-panel widget widget_sow-editor panel-first-child panel-last-child\" data-index=\"20\" ><div\n\t\t\t\n\t\t\tclass=\"so-widget-sow-editor so-widget-sow-editor-base\"\n\t\t\t\n\t\t>\n<div class=\"siteorigin-widget-tinymce textwidget\">\n\t<p style=\"text-align: center\"><strong>Domenica 8 maggio - IV di Pasqua<\/strong><\/p>\n<p style=\"text-align: center\"><button class=\"large button\"><a href=\"https:\/\/express.adobe.com\/page\/IfELfx1kTLJOs\/\" target=\"_blank\" rel=\"noopener\"><span style=\"color: #ffffff\">Vai agli approfondimenti<\/span><\/a><\/button><\/p>\n<\/div>\n<\/div><\/div><\/div><\/div><div id=\"pg-14778-7\"  class=\"panel-grid panel-no-style\" ><div id=\"pgc-14778-7-0\"  class=\"panel-grid-cell\" ><div id=\"panel-14778-7-0-0\" class=\"so-panel widget widget_media_image panel-first-child panel-last-child\" data-index=\"21\" ><a href=\"https:\/\/www.diocesitn.it\/area-annuncio\/wp-content\/uploads\/sites\/39\/2022\/02\/2.-Terza_DiPasqua_1.jpg\"><img loading=\"lazy\" decoding=\"async\" width=\"300\" height=\"300\" src=\"https:\/\/www.diocesitn.it\/area-annuncio\/wp-content\/uploads\/sites\/39\/2022\/02\/2.-Terza_DiPasqua_1-300x300.jpg\" class=\"image wp-image-15619  attachment-medium size-medium\" alt=\"\" style=\"max-width: 100%; height: auto;\" srcset=\"https:\/\/www.diocesitn.it\/area-annuncio\/wp-content\/uploads\/sites\/39\/2022\/02\/2.-Terza_DiPasqua_1-300x300.jpg 300w, https:\/\/www.diocesitn.it\/area-annuncio\/wp-content\/uploads\/sites\/39\/2022\/02\/2.-Terza_DiPasqua_1-1024x1024.jpg 1024w, https:\/\/www.diocesitn.it\/area-annuncio\/wp-content\/uploads\/sites\/39\/2022\/02\/2.-Terza_DiPasqua_1-150x150.jpg 150w, https:\/\/www.diocesitn.it\/area-annuncio\/wp-content\/uploads\/sites\/39\/2022\/02\/2.-Terza_DiPasqua_1-768x768.jpg 768w, https:\/\/www.diocesitn.it\/area-annuncio\/wp-content\/uploads\/sites\/39\/2022\/02\/2.-Terza_DiPasqua_1-200x200.jpg 200w, https:\/\/www.diocesitn.it\/area-annuncio\/wp-content\/uploads\/sites\/39\/2022\/02\/2.-Terza_DiPasqua_1-280x280.jpg 280w, https:\/\/www.diocesitn.it\/area-annuncio\/wp-content\/uploads\/sites\/39\/2022\/02\/2.-Terza_DiPasqua_1-800x800.jpg 800w, https:\/\/www.diocesitn.it\/area-annuncio\/wp-content\/uploads\/sites\/39\/2022\/02\/2.-Terza_DiPasqua_1.jpg 1080w\" sizes=\"auto, (max-width: 300px) 100vw, 300px\" \/><\/a><\/div><\/div><div id=\"pgc-14778-7-1\"  class=\"panel-grid-cell\" ><div id=\"panel-14778-7-1-0\" class=\"so-panel widget widget_media_image panel-first-child panel-last-child\" data-index=\"22\" ><a href=\"https:\/\/www.diocesitn.it\/area-annuncio\/wp-content\/uploads\/sites\/39\/2022\/02\/2.-Terza_DiPasqua_2.jpg\"><img loading=\"lazy\" decoding=\"async\" width=\"300\" height=\"300\" src=\"https:\/\/www.diocesitn.it\/area-annuncio\/wp-content\/uploads\/sites\/39\/2022\/02\/2.-Terza_DiPasqua_2-300x300.jpg\" class=\"image wp-image-15620  attachment-medium size-medium\" alt=\"\" style=\"max-width: 100%; height: auto;\" srcset=\"https:\/\/www.diocesitn.it\/area-annuncio\/wp-content\/uploads\/sites\/39\/2022\/02\/2.-Terza_DiPasqua_2-300x300.jpg 300w, https:\/\/www.diocesitn.it\/area-annuncio\/wp-content\/uploads\/sites\/39\/2022\/02\/2.-Terza_DiPasqua_2-1024x1024.jpg 1024w, https:\/\/www.diocesitn.it\/area-annuncio\/wp-content\/uploads\/sites\/39\/2022\/02\/2.-Terza_DiPasqua_2-150x150.jpg 150w, https:\/\/www.diocesitn.it\/area-annuncio\/wp-content\/uploads\/sites\/39\/2022\/02\/2.-Terza_DiPasqua_2-768x768.jpg 768w, https:\/\/www.diocesitn.it\/area-annuncio\/wp-content\/uploads\/sites\/39\/2022\/02\/2.-Terza_DiPasqua_2-200x200.jpg 200w, https:\/\/www.diocesitn.it\/area-annuncio\/wp-content\/uploads\/sites\/39\/2022\/02\/2.-Terza_DiPasqua_2-280x280.jpg 280w, https:\/\/www.diocesitn.it\/area-annuncio\/wp-content\/uploads\/sites\/39\/2022\/02\/2.-Terza_DiPasqua_2-800x800.jpg 800w, https:\/\/www.diocesitn.it\/area-annuncio\/wp-content\/uploads\/sites\/39\/2022\/02\/2.-Terza_DiPasqua_2.jpg 1080w\" sizes=\"auto, (max-width: 300px) 100vw, 300px\" \/><\/a><\/div><\/div><div id=\"pgc-14778-7-2\"  class=\"panel-grid-cell\" ><div id=\"panel-14778-7-2-0\" class=\"so-panel widget widget_media_image panel-first-child panel-last-child\" data-index=\"23\" ><a href=\"https:\/\/www.diocesitn.it\/area-annuncio\/wp-content\/uploads\/sites\/39\/2022\/02\/2.-Terza_DiPasqua_3.jpg\"><img loading=\"lazy\" decoding=\"async\" width=\"300\" height=\"300\" src=\"https:\/\/www.diocesitn.it\/area-annuncio\/wp-content\/uploads\/sites\/39\/2022\/02\/2.-Terza_DiPasqua_3-300x300.jpg\" class=\"image wp-image-15621  attachment-medium size-medium\" alt=\"\" style=\"max-width: 100%; height: auto;\" srcset=\"https:\/\/www.diocesitn.it\/area-annuncio\/wp-content\/uploads\/sites\/39\/2022\/02\/2.-Terza_DiPasqua_3-300x300.jpg 300w, https:\/\/www.diocesitn.it\/area-annuncio\/wp-content\/uploads\/sites\/39\/2022\/02\/2.-Terza_DiPasqua_3-1024x1024.jpg 1024w, https:\/\/www.diocesitn.it\/area-annuncio\/wp-content\/uploads\/sites\/39\/2022\/02\/2.-Terza_DiPasqua_3-150x150.jpg 150w, https:\/\/www.diocesitn.it\/area-annuncio\/wp-content\/uploads\/sites\/39\/2022\/02\/2.-Terza_DiPasqua_3-768x768.jpg 768w, https:\/\/www.diocesitn.it\/area-annuncio\/wp-content\/uploads\/sites\/39\/2022\/02\/2.-Terza_DiPasqua_3-200x200.jpg 200w, https:\/\/www.diocesitn.it\/area-annuncio\/wp-content\/uploads\/sites\/39\/2022\/02\/2.-Terza_DiPasqua_3-280x280.jpg 280w, https:\/\/www.diocesitn.it\/area-annuncio\/wp-content\/uploads\/sites\/39\/2022\/02\/2.-Terza_DiPasqua_3-800x800.jpg 800w, https:\/\/www.diocesitn.it\/area-annuncio\/wp-content\/uploads\/sites\/39\/2022\/02\/2.-Terza_DiPasqua_3.jpg 1080w\" sizes=\"auto, (max-width: 300px) 100vw, 300px\" \/><\/a><\/div><\/div><div id=\"pgc-14778-7-3\"  class=\"panel-grid-cell\" ><div id=\"panel-14778-7-3-0\" class=\"so-panel widget widget_sow-editor panel-first-child panel-last-child\" data-index=\"24\" ><div\n\t\t\t\n\t\t\tclass=\"so-widget-sow-editor so-widget-sow-editor-base\"\n\t\t\t\n\t\t>\n<div class=\"siteorigin-widget-tinymce textwidget\">\n\t<p style=\"text-align: center\"><strong>Domenica 1 maggio - III di Pasqua<\/strong><\/p>\n<p style=\"text-align: center\"><button class=\"large button\"><a href=\"https:\/\/express.adobe.com\/page\/3tnxMOOc2dc7q\/\" target=\"_blank\" rel=\"noopener\"><span style=\"color: #ffffff\">Vai agli approfondimenti<\/span><\/a><\/button><\/p>\n<\/div>\n<\/div><\/div><\/div><\/div><div id=\"pg-14778-8\"  class=\"panel-grid panel-no-style\" ><div id=\"pgc-14778-8-0\"  class=\"panel-grid-cell\" ><div id=\"panel-14778-8-0-0\" class=\"so-panel widget widget_media_image panel-first-child panel-last-child\" data-index=\"25\" ><a href=\"https:\/\/www.diocesitn.it\/area-annuncio\/wp-content\/uploads\/sites\/39\/2022\/02\/1.-II-di-Pasqua.jpg\"><img loading=\"lazy\" decoding=\"async\" width=\"300\" height=\"300\" src=\"https:\/\/www.diocesitn.it\/area-annuncio\/wp-content\/uploads\/sites\/39\/2022\/02\/1.-II-di-Pasqua-300x300.jpg\" class=\"image wp-image-15561  attachment-medium size-medium\" alt=\"\" style=\"max-width: 100%; height: auto;\" srcset=\"https:\/\/www.diocesitn.it\/area-annuncio\/wp-content\/uploads\/sites\/39\/2022\/02\/1.-II-di-Pasqua-300x300.jpg 300w, https:\/\/www.diocesitn.it\/area-annuncio\/wp-content\/uploads\/sites\/39\/2022\/02\/1.-II-di-Pasqua-1024x1024.jpg 1024w, https:\/\/www.diocesitn.it\/area-annuncio\/wp-content\/uploads\/sites\/39\/2022\/02\/1.-II-di-Pasqua-150x150.jpg 150w, https:\/\/www.diocesitn.it\/area-annuncio\/wp-content\/uploads\/sites\/39\/2022\/02\/1.-II-di-Pasqua-768x768.jpg 768w, https:\/\/www.diocesitn.it\/area-annuncio\/wp-content\/uploads\/sites\/39\/2022\/02\/1.-II-di-Pasqua-200x200.jpg 200w, https:\/\/www.diocesitn.it\/area-annuncio\/wp-content\/uploads\/sites\/39\/2022\/02\/1.-II-di-Pasqua-280x280.jpg 280w, https:\/\/www.diocesitn.it\/area-annuncio\/wp-content\/uploads\/sites\/39\/2022\/02\/1.-II-di-Pasqua-800x800.jpg 800w, https:\/\/www.diocesitn.it\/area-annuncio\/wp-content\/uploads\/sites\/39\/2022\/02\/1.-II-di-Pasqua.jpg 1080w\" sizes=\"auto, (max-width: 300px) 100vw, 300px\" \/><\/a><\/div><\/div><div id=\"pgc-14778-8-1\"  class=\"panel-grid-cell\" ><div id=\"panel-14778-8-1-0\" class=\"so-panel widget widget_media_image panel-first-child panel-last-child\" data-index=\"26\" ><a href=\"https:\/\/www.diocesitn.it\/area-annuncio\/wp-content\/uploads\/sites\/39\/2022\/02\/2.-II-di-Pasqua.jpg\"><img loading=\"lazy\" decoding=\"async\" width=\"300\" height=\"300\" src=\"https:\/\/www.diocesitn.it\/area-annuncio\/wp-content\/uploads\/sites\/39\/2022\/02\/2.-II-di-Pasqua-300x300.jpg\" class=\"image wp-image-15562  attachment-medium size-medium\" alt=\"\" style=\"max-width: 100%; height: auto;\" srcset=\"https:\/\/www.diocesitn.it\/area-annuncio\/wp-content\/uploads\/sites\/39\/2022\/02\/2.-II-di-Pasqua-300x300.jpg 300w, https:\/\/www.diocesitn.it\/area-annuncio\/wp-content\/uploads\/sites\/39\/2022\/02\/2.-II-di-Pasqua-1024x1024.jpg 1024w, https:\/\/www.diocesitn.it\/area-annuncio\/wp-content\/uploads\/sites\/39\/2022\/02\/2.-II-di-Pasqua-150x150.jpg 150w, https:\/\/www.diocesitn.it\/area-annuncio\/wp-content\/uploads\/sites\/39\/2022\/02\/2.-II-di-Pasqua-768x768.jpg 768w, https:\/\/www.diocesitn.it\/area-annuncio\/wp-content\/uploads\/sites\/39\/2022\/02\/2.-II-di-Pasqua-200x200.jpg 200w, https:\/\/www.diocesitn.it\/area-annuncio\/wp-content\/uploads\/sites\/39\/2022\/02\/2.-II-di-Pasqua-280x280.jpg 280w, https:\/\/www.diocesitn.it\/area-annuncio\/wp-content\/uploads\/sites\/39\/2022\/02\/2.-II-di-Pasqua-800x800.jpg 800w, https:\/\/www.diocesitn.it\/area-annuncio\/wp-content\/uploads\/sites\/39\/2022\/02\/2.-II-di-Pasqua.jpg 1080w\" sizes=\"auto, (max-width: 300px) 100vw, 300px\" \/><\/a><\/div><\/div><div id=\"pgc-14778-8-2\"  class=\"panel-grid-cell\" ><div id=\"panel-14778-8-2-0\" class=\"so-panel widget widget_media_image panel-first-child panel-last-child\" data-index=\"27\" ><a href=\"https:\/\/www.diocesitn.it\/area-annuncio\/wp-content\/uploads\/sites\/39\/2022\/02\/3.-II-di-Pasqua.jpg\"><img loading=\"lazy\" decoding=\"async\" width=\"300\" height=\"300\" src=\"https:\/\/www.diocesitn.it\/area-annuncio\/wp-content\/uploads\/sites\/39\/2022\/02\/3.-II-di-Pasqua-300x300.jpg\" class=\"image wp-image-15563  attachment-medium size-medium\" alt=\"\" style=\"max-width: 100%; height: auto;\" srcset=\"https:\/\/www.diocesitn.it\/area-annuncio\/wp-content\/uploads\/sites\/39\/2022\/02\/3.-II-di-Pasqua-300x300.jpg 300w, https:\/\/www.diocesitn.it\/area-annuncio\/wp-content\/uploads\/sites\/39\/2022\/02\/3.-II-di-Pasqua-1024x1024.jpg 1024w, https:\/\/www.diocesitn.it\/area-annuncio\/wp-content\/uploads\/sites\/39\/2022\/02\/3.-II-di-Pasqua-150x150.jpg 150w, https:\/\/www.diocesitn.it\/area-annuncio\/wp-content\/uploads\/sites\/39\/2022\/02\/3.-II-di-Pasqua-768x768.jpg 768w, https:\/\/www.diocesitn.it\/area-annuncio\/wp-content\/uploads\/sites\/39\/2022\/02\/3.-II-di-Pasqua-200x200.jpg 200w, https:\/\/www.diocesitn.it\/area-annuncio\/wp-content\/uploads\/sites\/39\/2022\/02\/3.-II-di-Pasqua-280x280.jpg 280w, https:\/\/www.diocesitn.it\/area-annuncio\/wp-content\/uploads\/sites\/39\/2022\/02\/3.-II-di-Pasqua-800x800.jpg 800w, https:\/\/www.diocesitn.it\/area-annuncio\/wp-content\/uploads\/sites\/39\/2022\/02\/3.-II-di-Pasqua.jpg 1080w\" sizes=\"auto, (max-width: 300px) 100vw, 300px\" \/><\/a><\/div><\/div><div id=\"pgc-14778-8-3\"  class=\"panel-grid-cell\" ><div id=\"panel-14778-8-3-0\" class=\"so-panel widget widget_sow-editor panel-first-child panel-last-child\" data-index=\"28\" ><div\n\t\t\t\n\t\t\tclass=\"so-widget-sow-editor so-widget-sow-editor-base\"\n\t\t\t\n\t\t>\n<div class=\"siteorigin-widget-tinymce textwidget\">\n\t<p style=\"text-align: center\"><strong>Domenica 24 aprile - II di Pasqua<\/strong><\/p>\n<p style=\"text-align: center\"><button class=\"large button\"><a href=\"https:\/\/express.adobe.com\/page\/vRG1sD1JTQjs5\/\" target=\"_blank\" rel=\"noopener\"><span style=\"color: #ffffff\">Vai agli approfondimenti<\/span><\/a><\/button><\/p>\n<\/div>\n<\/div><\/div><\/div><\/div><div id=\"pg-14778-9\"  class=\"panel-grid panel-no-style\" ><div id=\"pgc-14778-9-0\"  class=\"panel-grid-cell\" ><div id=\"panel-14778-9-0-0\" class=\"so-panel widget widget_media_image panel-first-child panel-last-child\" data-index=\"29\" ><a href=\"https:\/\/www.diocesitn.it\/area-annuncio\/wp-content\/uploads\/sites\/39\/2022\/02\/8_Pasqua_1.jpg\"><img loading=\"lazy\" decoding=\"async\" width=\"300\" height=\"300\" src=\"https:\/\/www.diocesitn.it\/area-annuncio\/wp-content\/uploads\/sites\/39\/2022\/02\/8_Pasqua_1-300x300.jpg\" class=\"image wp-image-15476  attachment-medium size-medium\" alt=\"\" style=\"max-width: 100%; height: auto;\" srcset=\"https:\/\/www.diocesitn.it\/area-annuncio\/wp-content\/uploads\/sites\/39\/2022\/02\/8_Pasqua_1-300x300.jpg 300w, https:\/\/www.diocesitn.it\/area-annuncio\/wp-content\/uploads\/sites\/39\/2022\/02\/8_Pasqua_1-1024x1024.jpg 1024w, https:\/\/www.diocesitn.it\/area-annuncio\/wp-content\/uploads\/sites\/39\/2022\/02\/8_Pasqua_1-150x150.jpg 150w, https:\/\/www.diocesitn.it\/area-annuncio\/wp-content\/uploads\/sites\/39\/2022\/02\/8_Pasqua_1-768x768.jpg 768w, https:\/\/www.diocesitn.it\/area-annuncio\/wp-content\/uploads\/sites\/39\/2022\/02\/8_Pasqua_1-200x200.jpg 200w, https:\/\/www.diocesitn.it\/area-annuncio\/wp-content\/uploads\/sites\/39\/2022\/02\/8_Pasqua_1-280x280.jpg 280w, https:\/\/www.diocesitn.it\/area-annuncio\/wp-content\/uploads\/sites\/39\/2022\/02\/8_Pasqua_1-800x800.jpg 800w, https:\/\/www.diocesitn.it\/area-annuncio\/wp-content\/uploads\/sites\/39\/2022\/02\/8_Pasqua_1.jpg 1080w\" sizes=\"auto, (max-width: 300px) 100vw, 300px\" \/><\/a><\/div><\/div><div id=\"pgc-14778-9-1\"  class=\"panel-grid-cell\" ><div id=\"panel-14778-9-1-0\" class=\"so-panel widget widget_media_image panel-first-child panel-last-child\" data-index=\"30\" ><a href=\"https:\/\/www.diocesitn.it\/area-annuncio\/wp-content\/uploads\/sites\/39\/2022\/02\/8_Pasqua_2.jpg\"><img loading=\"lazy\" decoding=\"async\" width=\"300\" height=\"300\" src=\"https:\/\/www.diocesitn.it\/area-annuncio\/wp-content\/uploads\/sites\/39\/2022\/02\/8_Pasqua_2-300x300.jpg\" class=\"image wp-image-15477  attachment-medium size-medium\" alt=\"\" style=\"max-width: 100%; height: auto;\" srcset=\"https:\/\/www.diocesitn.it\/area-annuncio\/wp-content\/uploads\/sites\/39\/2022\/02\/8_Pasqua_2-300x300.jpg 300w, https:\/\/www.diocesitn.it\/area-annuncio\/wp-content\/uploads\/sites\/39\/2022\/02\/8_Pasqua_2-1024x1024.jpg 1024w, https:\/\/www.diocesitn.it\/area-annuncio\/wp-content\/uploads\/sites\/39\/2022\/02\/8_Pasqua_2-150x150.jpg 150w, https:\/\/www.diocesitn.it\/area-annuncio\/wp-content\/uploads\/sites\/39\/2022\/02\/8_Pasqua_2-768x768.jpg 768w, https:\/\/www.diocesitn.it\/area-annuncio\/wp-content\/uploads\/sites\/39\/2022\/02\/8_Pasqua_2-200x200.jpg 200w, https:\/\/www.diocesitn.it\/area-annuncio\/wp-content\/uploads\/sites\/39\/2022\/02\/8_Pasqua_2-280x280.jpg 280w, https:\/\/www.diocesitn.it\/area-annuncio\/wp-content\/uploads\/sites\/39\/2022\/02\/8_Pasqua_2-800x800.jpg 800w, https:\/\/www.diocesitn.it\/area-annuncio\/wp-content\/uploads\/sites\/39\/2022\/02\/8_Pasqua_2.jpg 1080w\" sizes=\"auto, (max-width: 300px) 100vw, 300px\" \/><\/a><\/div><\/div><div id=\"pgc-14778-9-2\"  class=\"panel-grid-cell\" ><div id=\"panel-14778-9-2-0\" class=\"so-panel widget widget_media_image panel-first-child panel-last-child\" data-index=\"31\" ><a href=\"https:\/\/www.diocesitn.it\/area-annuncio\/wp-content\/uploads\/sites\/39\/2022\/02\/8_Pasqua_3.jpg\"><img loading=\"lazy\" decoding=\"async\" width=\"300\" height=\"300\" src=\"https:\/\/www.diocesitn.it\/area-annuncio\/wp-content\/uploads\/sites\/39\/2022\/02\/8_Pasqua_3-300x300.jpg\" class=\"image wp-image-15478  attachment-medium size-medium\" alt=\"\" style=\"max-width: 100%; height: auto;\" srcset=\"https:\/\/www.diocesitn.it\/area-annuncio\/wp-content\/uploads\/sites\/39\/2022\/02\/8_Pasqua_3-300x300.jpg 300w, https:\/\/www.diocesitn.it\/area-annuncio\/wp-content\/uploads\/sites\/39\/2022\/02\/8_Pasqua_3-1024x1024.jpg 1024w, https:\/\/www.diocesitn.it\/area-annuncio\/wp-content\/uploads\/sites\/39\/2022\/02\/8_Pasqua_3-150x150.jpg 150w, https:\/\/www.diocesitn.it\/area-annuncio\/wp-content\/uploads\/sites\/39\/2022\/02\/8_Pasqua_3-768x768.jpg 768w, https:\/\/www.diocesitn.it\/area-annuncio\/wp-content\/uploads\/sites\/39\/2022\/02\/8_Pasqua_3-200x200.jpg 200w, https:\/\/www.diocesitn.it\/area-annuncio\/wp-content\/uploads\/sites\/39\/2022\/02\/8_Pasqua_3-280x280.jpg 280w, https:\/\/www.diocesitn.it\/area-annuncio\/wp-content\/uploads\/sites\/39\/2022\/02\/8_Pasqua_3-800x800.jpg 800w, https:\/\/www.diocesitn.it\/area-annuncio\/wp-content\/uploads\/sites\/39\/2022\/02\/8_Pasqua_3.jpg 1080w\" sizes=\"auto, (max-width: 300px) 100vw, 300px\" \/><\/a><\/div><\/div><div id=\"pgc-14778-9-3\"  class=\"panel-grid-cell\" ><div id=\"panel-14778-9-3-0\" class=\"so-panel widget widget_sow-editor panel-first-child panel-last-child\" data-index=\"32\" ><div\n\t\t\t\n\t\t\tclass=\"so-widget-sow-editor so-widget-sow-editor-base\"\n\t\t\t\n\t\t>\n<div class=\"siteorigin-widget-tinymce textwidget\">\n\t<p>&nbsp;<\/p>\n<p style=\"text-align: center\"><strong>Domenica 17 aprile - Pasqua di Resurrezione<\/strong><\/p>\n<\/div>\n<\/div><\/div><\/div><\/div><div id=\"pg-14778-10\"  class=\"panel-grid panel-no-style\" ><div id=\"pgc-14778-10-0\"  class=\"panel-grid-cell\" ><div id=\"panel-14778-10-0-0\" class=\"so-panel widget widget_media_image panel-first-child panel-last-child\" data-index=\"33\" ><a href=\"https:\/\/www.diocesitn.it\/area-annuncio\/wp-content\/uploads\/sites\/39\/2022\/02\/7_Palme_1.jpg\"><img loading=\"lazy\" decoding=\"async\" width=\"300\" height=\"300\" src=\"https:\/\/www.diocesitn.it\/area-annuncio\/wp-content\/uploads\/sites\/39\/2022\/02\/7_Palme_1-300x300.jpg\" class=\"image wp-image-15408  attachment-medium size-medium\" alt=\"\" style=\"max-width: 100%; height: auto;\" srcset=\"https:\/\/www.diocesitn.it\/area-annuncio\/wp-content\/uploads\/sites\/39\/2022\/02\/7_Palme_1-300x300.jpg 300w, https:\/\/www.diocesitn.it\/area-annuncio\/wp-content\/uploads\/sites\/39\/2022\/02\/7_Palme_1-1024x1024.jpg 1024w, https:\/\/www.diocesitn.it\/area-annuncio\/wp-content\/uploads\/sites\/39\/2022\/02\/7_Palme_1-150x150.jpg 150w, https:\/\/www.diocesitn.it\/area-annuncio\/wp-content\/uploads\/sites\/39\/2022\/02\/7_Palme_1-768x768.jpg 768w, https:\/\/www.diocesitn.it\/area-annuncio\/wp-content\/uploads\/sites\/39\/2022\/02\/7_Palme_1-200x200.jpg 200w, https:\/\/www.diocesitn.it\/area-annuncio\/wp-content\/uploads\/sites\/39\/2022\/02\/7_Palme_1-280x280.jpg 280w, https:\/\/www.diocesitn.it\/area-annuncio\/wp-content\/uploads\/sites\/39\/2022\/02\/7_Palme_1-800x800.jpg 800w, https:\/\/www.diocesitn.it\/area-annuncio\/wp-content\/uploads\/sites\/39\/2022\/02\/7_Palme_1.jpg 1080w\" sizes=\"auto, (max-width: 300px) 100vw, 300px\" \/><\/a><\/div><\/div><div id=\"pgc-14778-10-1\"  class=\"panel-grid-cell\" ><div id=\"panel-14778-10-1-0\" class=\"so-panel widget widget_media_image panel-first-child panel-last-child\" data-index=\"34\" ><a href=\"https:\/\/www.diocesitn.it\/area-annuncio\/wp-content\/uploads\/sites\/39\/2022\/02\/7_Palme_2.jpg\"><img loading=\"lazy\" decoding=\"async\" width=\"300\" height=\"300\" src=\"https:\/\/www.diocesitn.it\/area-annuncio\/wp-content\/uploads\/sites\/39\/2022\/02\/7_Palme_2-300x300.jpg\" class=\"image wp-image-15409  attachment-medium size-medium\" alt=\"\" style=\"max-width: 100%; height: auto;\" srcset=\"https:\/\/www.diocesitn.it\/area-annuncio\/wp-content\/uploads\/sites\/39\/2022\/02\/7_Palme_2-300x300.jpg 300w, https:\/\/www.diocesitn.it\/area-annuncio\/wp-content\/uploads\/sites\/39\/2022\/02\/7_Palme_2-1024x1024.jpg 1024w, https:\/\/www.diocesitn.it\/area-annuncio\/wp-content\/uploads\/sites\/39\/2022\/02\/7_Palme_2-150x150.jpg 150w, https:\/\/www.diocesitn.it\/area-annuncio\/wp-content\/uploads\/sites\/39\/2022\/02\/7_Palme_2-768x768.jpg 768w, https:\/\/www.diocesitn.it\/area-annuncio\/wp-content\/uploads\/sites\/39\/2022\/02\/7_Palme_2-200x200.jpg 200w, https:\/\/www.diocesitn.it\/area-annuncio\/wp-content\/uploads\/sites\/39\/2022\/02\/7_Palme_2-280x280.jpg 280w, https:\/\/www.diocesitn.it\/area-annuncio\/wp-content\/uploads\/sites\/39\/2022\/02\/7_Palme_2-800x800.jpg 800w, https:\/\/www.diocesitn.it\/area-annuncio\/wp-content\/uploads\/sites\/39\/2022\/02\/7_Palme_2.jpg 1080w\" sizes=\"auto, (max-width: 300px) 100vw, 300px\" \/><\/a><\/div><\/div><div id=\"pgc-14778-10-2\"  class=\"panel-grid-cell\" ><div id=\"panel-14778-10-2-0\" class=\"so-panel widget widget_media_image panel-first-child panel-last-child\" data-index=\"35\" ><a href=\"https:\/\/www.diocesitn.it\/area-annuncio\/wp-content\/uploads\/sites\/39\/2022\/02\/7_Palme_3.jpg\"><img loading=\"lazy\" decoding=\"async\" width=\"300\" height=\"300\" src=\"https:\/\/www.diocesitn.it\/area-annuncio\/wp-content\/uploads\/sites\/39\/2022\/02\/7_Palme_3-300x300.jpg\" class=\"image wp-image-15410  attachment-medium size-medium\" alt=\"\" style=\"max-width: 100%; height: auto;\" srcset=\"https:\/\/www.diocesitn.it\/area-annuncio\/wp-content\/uploads\/sites\/39\/2022\/02\/7_Palme_3-300x300.jpg 300w, https:\/\/www.diocesitn.it\/area-annuncio\/wp-content\/uploads\/sites\/39\/2022\/02\/7_Palme_3-1024x1024.jpg 1024w, https:\/\/www.diocesitn.it\/area-annuncio\/wp-content\/uploads\/sites\/39\/2022\/02\/7_Palme_3-150x150.jpg 150w, https:\/\/www.diocesitn.it\/area-annuncio\/wp-content\/uploads\/sites\/39\/2022\/02\/7_Palme_3-768x768.jpg 768w, https:\/\/www.diocesitn.it\/area-annuncio\/wp-content\/uploads\/sites\/39\/2022\/02\/7_Palme_3-200x200.jpg 200w, https:\/\/www.diocesitn.it\/area-annuncio\/wp-content\/uploads\/sites\/39\/2022\/02\/7_Palme_3-280x280.jpg 280w, https:\/\/www.diocesitn.it\/area-annuncio\/wp-content\/uploads\/sites\/39\/2022\/02\/7_Palme_3-800x800.jpg 800w, https:\/\/www.diocesitn.it\/area-annuncio\/wp-content\/uploads\/sites\/39\/2022\/02\/7_Palme_3.jpg 1080w\" sizes=\"auto, (max-width: 300px) 100vw, 300px\" \/><\/a><\/div><\/div><div id=\"pgc-14778-10-3\"  class=\"panel-grid-cell\" ><div id=\"panel-14778-10-3-0\" class=\"so-panel widget widget_sow-editor panel-first-child panel-last-child\" data-index=\"36\" ><div\n\t\t\t\n\t\t\tclass=\"so-widget-sow-editor so-widget-sow-editor-base\"\n\t\t\t\n\t\t>\n<div class=\"siteorigin-widget-tinymce textwidget\">\n\t<p style=\"text-align: center\"><strong>Domenica 10 aprile - Le Palme<\/strong><\/p>\n<p style=\"text-align: center\"><button class=\"large button\"><a href=\"https:\/\/express.adobe.com\/page\/ww2zj3ZyRMeOc\/\" target=\"_blank\" rel=\"noopener\"><span style=\"color: #ffffff\">Vai agli approfondimenti<\/span><\/a><\/button><\/p>\n<\/div>\n<\/div><\/div><\/div><\/div><div id=\"pg-14778-11\"  class=\"panel-grid panel-no-style\" ><div id=\"pgc-14778-11-0\"  class=\"panel-grid-cell\" ><div id=\"panel-14778-11-0-0\" class=\"so-panel widget widget_media_image panel-first-child panel-last-child\" data-index=\"37\" ><a href=\"https:\/\/www.diocesitn.it\/area-annuncio\/wp-content\/uploads\/sites\/39\/2022\/02\/6_QuintaDom_1.jpg\"><img loading=\"lazy\" decoding=\"async\" width=\"300\" height=\"300\" src=\"https:\/\/www.diocesitn.it\/area-annuncio\/wp-content\/uploads\/sites\/39\/2022\/02\/6_QuintaDom_1-300x300.jpg\" class=\"image wp-image-15382  attachment-medium size-medium\" alt=\"\" style=\"max-width: 100%; height: auto;\" srcset=\"https:\/\/www.diocesitn.it\/area-annuncio\/wp-content\/uploads\/sites\/39\/2022\/02\/6_QuintaDom_1-300x300.jpg 300w, https:\/\/www.diocesitn.it\/area-annuncio\/wp-content\/uploads\/sites\/39\/2022\/02\/6_QuintaDom_1-1024x1024.jpg 1024w, https:\/\/www.diocesitn.it\/area-annuncio\/wp-content\/uploads\/sites\/39\/2022\/02\/6_QuintaDom_1-150x150.jpg 150w, https:\/\/www.diocesitn.it\/area-annuncio\/wp-content\/uploads\/sites\/39\/2022\/02\/6_QuintaDom_1-768x768.jpg 768w, https:\/\/www.diocesitn.it\/area-annuncio\/wp-content\/uploads\/sites\/39\/2022\/02\/6_QuintaDom_1-200x200.jpg 200w, https:\/\/www.diocesitn.it\/area-annuncio\/wp-content\/uploads\/sites\/39\/2022\/02\/6_QuintaDom_1-280x280.jpg 280w, https:\/\/www.diocesitn.it\/area-annuncio\/wp-content\/uploads\/sites\/39\/2022\/02\/6_QuintaDom_1-800x800.jpg 800w, https:\/\/www.diocesitn.it\/area-annuncio\/wp-content\/uploads\/sites\/39\/2022\/02\/6_QuintaDom_1.jpg 1080w\" sizes=\"auto, (max-width: 300px) 100vw, 300px\" \/><\/a><\/div><\/div><div id=\"pgc-14778-11-1\"  class=\"panel-grid-cell\" ><div id=\"panel-14778-11-1-0\" class=\"so-panel widget widget_media_image panel-first-child panel-last-child\" data-index=\"38\" ><a href=\"https:\/\/www.diocesitn.it\/area-annuncio\/wp-content\/uploads\/sites\/39\/2022\/02\/6_QuintaDom_2.jpg\"><img loading=\"lazy\" decoding=\"async\" width=\"300\" height=\"300\" src=\"https:\/\/www.diocesitn.it\/area-annuncio\/wp-content\/uploads\/sites\/39\/2022\/02\/6_QuintaDom_2-300x300.jpg\" class=\"image wp-image-15383  attachment-medium size-medium\" alt=\"\" style=\"max-width: 100%; height: auto;\" srcset=\"https:\/\/www.diocesitn.it\/area-annuncio\/wp-content\/uploads\/sites\/39\/2022\/02\/6_QuintaDom_2-300x300.jpg 300w, https:\/\/www.diocesitn.it\/area-annuncio\/wp-content\/uploads\/sites\/39\/2022\/02\/6_QuintaDom_2-1024x1024.jpg 1024w, https:\/\/www.diocesitn.it\/area-annuncio\/wp-content\/uploads\/sites\/39\/2022\/02\/6_QuintaDom_2-150x150.jpg 150w, https:\/\/www.diocesitn.it\/area-annuncio\/wp-content\/uploads\/sites\/39\/2022\/02\/6_QuintaDom_2-768x768.jpg 768w, https:\/\/www.diocesitn.it\/area-annuncio\/wp-content\/uploads\/sites\/39\/2022\/02\/6_QuintaDom_2-200x200.jpg 200w, https:\/\/www.diocesitn.it\/area-annuncio\/wp-content\/uploads\/sites\/39\/2022\/02\/6_QuintaDom_2-280x280.jpg 280w, https:\/\/www.diocesitn.it\/area-annuncio\/wp-content\/uploads\/sites\/39\/2022\/02\/6_QuintaDom_2-800x800.jpg 800w, https:\/\/www.diocesitn.it\/area-annuncio\/wp-content\/uploads\/sites\/39\/2022\/02\/6_QuintaDom_2.jpg 1080w\" sizes=\"auto, (max-width: 300px) 100vw, 300px\" \/><\/a><\/div><\/div><div id=\"pgc-14778-11-2\"  class=\"panel-grid-cell\" ><div id=\"panel-14778-11-2-0\" class=\"so-panel widget widget_media_image panel-first-child panel-last-child\" data-index=\"39\" ><a href=\"https:\/\/www.diocesitn.it\/area-annuncio\/wp-content\/uploads\/sites\/39\/2022\/02\/6_QuintaDom_3.jpg\"><img loading=\"lazy\" decoding=\"async\" width=\"300\" height=\"300\" src=\"https:\/\/www.diocesitn.it\/area-annuncio\/wp-content\/uploads\/sites\/39\/2022\/02\/6_QuintaDom_3-300x300.jpg\" class=\"image wp-image-15384  attachment-medium size-medium\" alt=\"\" style=\"max-width: 100%; height: auto;\" srcset=\"https:\/\/www.diocesitn.it\/area-annuncio\/wp-content\/uploads\/sites\/39\/2022\/02\/6_QuintaDom_3-300x300.jpg 300w, https:\/\/www.diocesitn.it\/area-annuncio\/wp-content\/uploads\/sites\/39\/2022\/02\/6_QuintaDom_3-1024x1024.jpg 1024w, https:\/\/www.diocesitn.it\/area-annuncio\/wp-content\/uploads\/sites\/39\/2022\/02\/6_QuintaDom_3-150x150.jpg 150w, https:\/\/www.diocesitn.it\/area-annuncio\/wp-content\/uploads\/sites\/39\/2022\/02\/6_QuintaDom_3-768x768.jpg 768w, https:\/\/www.diocesitn.it\/area-annuncio\/wp-content\/uploads\/sites\/39\/2022\/02\/6_QuintaDom_3-200x200.jpg 200w, https:\/\/www.diocesitn.it\/area-annuncio\/wp-content\/uploads\/sites\/39\/2022\/02\/6_QuintaDom_3-280x280.jpg 280w, https:\/\/www.diocesitn.it\/area-annuncio\/wp-content\/uploads\/sites\/39\/2022\/02\/6_QuintaDom_3-800x800.jpg 800w, https:\/\/www.diocesitn.it\/area-annuncio\/wp-content\/uploads\/sites\/39\/2022\/02\/6_QuintaDom_3.jpg 1080w\" sizes=\"auto, (max-width: 300px) 100vw, 300px\" \/><\/a><\/div><\/div><div id=\"pgc-14778-11-3\"  class=\"panel-grid-cell\" ><div id=\"panel-14778-11-3-0\" class=\"so-panel widget widget_sow-editor panel-first-child panel-last-child\" data-index=\"40\" ><div\n\t\t\t\n\t\t\tclass=\"so-widget-sow-editor so-widget-sow-editor-base\"\n\t\t\t\n\t\t>\n<div class=\"siteorigin-widget-tinymce textwidget\">\n\t<p style=\"text-align: center\"><strong>Domenica 3 aprile - V di Quaresima<\/strong><\/p>\n<p style=\"text-align: center\"><button class=\"large button\"><a href=\"https:\/\/express.adobe.com\/page\/skeifH8tkI9aQ\/\" target=\"_blank\" rel=\"noopener\"><span style=\"color: #ffffff\">Vai agli approfondimenti<\/span><\/a><\/button><\/p>\n<\/div>\n<\/div><\/div><\/div><\/div><div id=\"pg-14778-12\"  class=\"panel-grid panel-no-style\" ><div id=\"pgc-14778-12-0\"  class=\"panel-grid-cell\" ><div id=\"panel-14778-12-0-0\" class=\"so-panel widget widget_media_image panel-first-child panel-last-child\" data-index=\"41\" ><a href=\"https:\/\/www.diocesitn.it\/area-annuncio\/wp-content\/uploads\/sites\/39\/2022\/02\/5_QuartaDom_1.jpg\"><img loading=\"lazy\" decoding=\"async\" width=\"300\" height=\"300\" src=\"https:\/\/www.diocesitn.it\/area-annuncio\/wp-content\/uploads\/sites\/39\/2022\/02\/5_QuartaDom_1-300x300.jpg\" class=\"image wp-image-15298  attachment-medium size-medium\" alt=\"\" style=\"max-width: 100%; height: auto;\" srcset=\"https:\/\/www.diocesitn.it\/area-annuncio\/wp-content\/uploads\/sites\/39\/2022\/02\/5_QuartaDom_1-300x300.jpg 300w, https:\/\/www.diocesitn.it\/area-annuncio\/wp-content\/uploads\/sites\/39\/2022\/02\/5_QuartaDom_1-1024x1024.jpg 1024w, https:\/\/www.diocesitn.it\/area-annuncio\/wp-content\/uploads\/sites\/39\/2022\/02\/5_QuartaDom_1-150x150.jpg 150w, https:\/\/www.diocesitn.it\/area-annuncio\/wp-content\/uploads\/sites\/39\/2022\/02\/5_QuartaDom_1-768x768.jpg 768w, https:\/\/www.diocesitn.it\/area-annuncio\/wp-content\/uploads\/sites\/39\/2022\/02\/5_QuartaDom_1-200x200.jpg 200w, https:\/\/www.diocesitn.it\/area-annuncio\/wp-content\/uploads\/sites\/39\/2022\/02\/5_QuartaDom_1-280x280.jpg 280w, https:\/\/www.diocesitn.it\/area-annuncio\/wp-content\/uploads\/sites\/39\/2022\/02\/5_QuartaDom_1-800x800.jpg 800w, https:\/\/www.diocesitn.it\/area-annuncio\/wp-content\/uploads\/sites\/39\/2022\/02\/5_QuartaDom_1.jpg 1080w\" sizes=\"auto, (max-width: 300px) 100vw, 300px\" \/><\/a><\/div><\/div><div id=\"pgc-14778-12-1\"  class=\"panel-grid-cell\" ><div id=\"panel-14778-12-1-0\" class=\"so-panel widget widget_media_image panel-first-child panel-last-child\" data-index=\"42\" ><a href=\"https:\/\/www.diocesitn.it\/area-annuncio\/wp-content\/uploads\/sites\/39\/2022\/02\/5_QuartaDom_2.jpg\"><img loading=\"lazy\" decoding=\"async\" width=\"300\" height=\"300\" src=\"https:\/\/www.diocesitn.it\/area-annuncio\/wp-content\/uploads\/sites\/39\/2022\/02\/5_QuartaDom_2-300x300.jpg\" class=\"image wp-image-15299  attachment-medium size-medium\" alt=\"\" style=\"max-width: 100%; height: auto;\" srcset=\"https:\/\/www.diocesitn.it\/area-annuncio\/wp-content\/uploads\/sites\/39\/2022\/02\/5_QuartaDom_2-300x300.jpg 300w, https:\/\/www.diocesitn.it\/area-annuncio\/wp-content\/uploads\/sites\/39\/2022\/02\/5_QuartaDom_2-1024x1024.jpg 1024w, https:\/\/www.diocesitn.it\/area-annuncio\/wp-content\/uploads\/sites\/39\/2022\/02\/5_QuartaDom_2-150x150.jpg 150w, https:\/\/www.diocesitn.it\/area-annuncio\/wp-content\/uploads\/sites\/39\/2022\/02\/5_QuartaDom_2-768x768.jpg 768w, https:\/\/www.diocesitn.it\/area-annuncio\/wp-content\/uploads\/sites\/39\/2022\/02\/5_QuartaDom_2-200x200.jpg 200w, https:\/\/www.diocesitn.it\/area-annuncio\/wp-content\/uploads\/sites\/39\/2022\/02\/5_QuartaDom_2-280x280.jpg 280w, https:\/\/www.diocesitn.it\/area-annuncio\/wp-content\/uploads\/sites\/39\/2022\/02\/5_QuartaDom_2-800x800.jpg 800w, https:\/\/www.diocesitn.it\/area-annuncio\/wp-content\/uploads\/sites\/39\/2022\/02\/5_QuartaDom_2.jpg 1080w\" sizes=\"auto, (max-width: 300px) 100vw, 300px\" \/><\/a><\/div><\/div><div id=\"pgc-14778-12-2\"  class=\"panel-grid-cell\" ><div id=\"panel-14778-12-2-0\" class=\"so-panel widget widget_media_image panel-first-child panel-last-child\" data-index=\"43\" ><a href=\"https:\/\/www.diocesitn.it\/area-annuncio\/wp-content\/uploads\/sites\/39\/2022\/02\/5_QuartaDom_3.jpg\"><img loading=\"lazy\" decoding=\"async\" width=\"300\" height=\"300\" src=\"https:\/\/www.diocesitn.it\/area-annuncio\/wp-content\/uploads\/sites\/39\/2022\/02\/5_QuartaDom_3-300x300.jpg\" class=\"image wp-image-15300  attachment-medium size-medium\" alt=\"\" style=\"max-width: 100%; height: auto;\" srcset=\"https:\/\/www.diocesitn.it\/area-annuncio\/wp-content\/uploads\/sites\/39\/2022\/02\/5_QuartaDom_3-300x300.jpg 300w, https:\/\/www.diocesitn.it\/area-annuncio\/wp-content\/uploads\/sites\/39\/2022\/02\/5_QuartaDom_3-1024x1024.jpg 1024w, https:\/\/www.diocesitn.it\/area-annuncio\/wp-content\/uploads\/sites\/39\/2022\/02\/5_QuartaDom_3-150x150.jpg 150w, https:\/\/www.diocesitn.it\/area-annuncio\/wp-content\/uploads\/sites\/39\/2022\/02\/5_QuartaDom_3-768x768.jpg 768w, https:\/\/www.diocesitn.it\/area-annuncio\/wp-content\/uploads\/sites\/39\/2022\/02\/5_QuartaDom_3-200x200.jpg 200w, https:\/\/www.diocesitn.it\/area-annuncio\/wp-content\/uploads\/sites\/39\/2022\/02\/5_QuartaDom_3-280x280.jpg 280w, https:\/\/www.diocesitn.it\/area-annuncio\/wp-content\/uploads\/sites\/39\/2022\/02\/5_QuartaDom_3-800x800.jpg 800w, https:\/\/www.diocesitn.it\/area-annuncio\/wp-content\/uploads\/sites\/39\/2022\/02\/5_QuartaDom_3.jpg 1080w\" sizes=\"auto, (max-width: 300px) 100vw, 300px\" \/><\/a><\/div><\/div><div id=\"pgc-14778-12-3\"  class=\"panel-grid-cell\" ><div id=\"panel-14778-12-3-0\" class=\"so-panel widget widget_sow-editor panel-first-child panel-last-child\" data-index=\"44\" ><div\n\t\t\t\n\t\t\tclass=\"so-widget-sow-editor so-widget-sow-editor-base\"\n\t\t\t\n\t\t>\n<div class=\"siteorigin-widget-tinymce textwidget\">\n\t<p style=\"text-align: center\"><strong>Domenica 27 marzo - IV di Quaresima<\/strong><\/p>\n<p style=\"text-align: center\"><button class=\"large button\"><a href=\"https:\/\/express.adobe.com\/page\/fip9858ivBK4T\/\" target=\"_blank\" rel=\"noopener\"><span style=\"color: #ffffff\">Vai agli approfondimenti<\/span><\/a><\/button><\/p>\n<\/div>\n<\/div><\/div><\/div><\/div><div id=\"pg-14778-13\"  class=\"panel-grid panel-no-style\" ><div id=\"pgc-14778-13-0\"  class=\"panel-grid-cell\" ><div id=\"panel-14778-13-0-0\" class=\"so-panel widget widget_media_image panel-first-child panel-last-child\" data-index=\"45\" ><a href=\"https:\/\/www.diocesitn.it\/area-annuncio\/wp-content\/uploads\/sites\/39\/2022\/02\/4_TerzaDom_1.jpg\"><img loading=\"lazy\" decoding=\"async\" width=\"300\" height=\"300\" src=\"https:\/\/www.diocesitn.it\/area-annuncio\/wp-content\/uploads\/sites\/39\/2022\/02\/4_TerzaDom_1-300x300.jpg\" class=\"image wp-image-15178  attachment-medium size-medium\" alt=\"\" style=\"max-width: 100%; height: auto;\" srcset=\"https:\/\/www.diocesitn.it\/area-annuncio\/wp-content\/uploads\/sites\/39\/2022\/02\/4_TerzaDom_1-300x300.jpg 300w, https:\/\/www.diocesitn.it\/area-annuncio\/wp-content\/uploads\/sites\/39\/2022\/02\/4_TerzaDom_1-1024x1024.jpg 1024w, https:\/\/www.diocesitn.it\/area-annuncio\/wp-content\/uploads\/sites\/39\/2022\/02\/4_TerzaDom_1-150x150.jpg 150w, https:\/\/www.diocesitn.it\/area-annuncio\/wp-content\/uploads\/sites\/39\/2022\/02\/4_TerzaDom_1-768x768.jpg 768w, https:\/\/www.diocesitn.it\/area-annuncio\/wp-content\/uploads\/sites\/39\/2022\/02\/4_TerzaDom_1-200x200.jpg 200w, https:\/\/www.diocesitn.it\/area-annuncio\/wp-content\/uploads\/sites\/39\/2022\/02\/4_TerzaDom_1-280x280.jpg 280w, https:\/\/www.diocesitn.it\/area-annuncio\/wp-content\/uploads\/sites\/39\/2022\/02\/4_TerzaDom_1-800x800.jpg 800w, https:\/\/www.diocesitn.it\/area-annuncio\/wp-content\/uploads\/sites\/39\/2022\/02\/4_TerzaDom_1.jpg 1080w\" sizes=\"auto, (max-width: 300px) 100vw, 300px\" \/><\/a><\/div><\/div><div id=\"pgc-14778-13-1\"  class=\"panel-grid-cell\" ><div id=\"panel-14778-13-1-0\" class=\"so-panel widget widget_media_image panel-first-child panel-last-child\" data-index=\"46\" ><a href=\"https:\/\/www.diocesitn.it\/area-annuncio\/wp-content\/uploads\/sites\/39\/2022\/02\/4_TerzaDom_2.jpg\"><img loading=\"lazy\" decoding=\"async\" width=\"300\" height=\"300\" src=\"https:\/\/www.diocesitn.it\/area-annuncio\/wp-content\/uploads\/sites\/39\/2022\/02\/4_TerzaDom_2-300x300.jpg\" class=\"image wp-image-15179  attachment-medium size-medium\" alt=\"\" style=\"max-width: 100%; height: auto;\" srcset=\"https:\/\/www.diocesitn.it\/area-annuncio\/wp-content\/uploads\/sites\/39\/2022\/02\/4_TerzaDom_2-300x300.jpg 300w, https:\/\/www.diocesitn.it\/area-annuncio\/wp-content\/uploads\/sites\/39\/2022\/02\/4_TerzaDom_2-1024x1024.jpg 1024w, https:\/\/www.diocesitn.it\/area-annuncio\/wp-content\/uploads\/sites\/39\/2022\/02\/4_TerzaDom_2-150x150.jpg 150w, https:\/\/www.diocesitn.it\/area-annuncio\/wp-content\/uploads\/sites\/39\/2022\/02\/4_TerzaDom_2-768x768.jpg 768w, https:\/\/www.diocesitn.it\/area-annuncio\/wp-content\/uploads\/sites\/39\/2022\/02\/4_TerzaDom_2-200x200.jpg 200w, https:\/\/www.diocesitn.it\/area-annuncio\/wp-content\/uploads\/sites\/39\/2022\/02\/4_TerzaDom_2-280x280.jpg 280w, https:\/\/www.diocesitn.it\/area-annuncio\/wp-content\/uploads\/sites\/39\/2022\/02\/4_TerzaDom_2-800x800.jpg 800w, https:\/\/www.diocesitn.it\/area-annuncio\/wp-content\/uploads\/sites\/39\/2022\/02\/4_TerzaDom_2.jpg 1080w\" sizes=\"auto, (max-width: 300px) 100vw, 300px\" \/><\/a><\/div><\/div><div id=\"pgc-14778-13-2\"  class=\"panel-grid-cell\" ><div id=\"panel-14778-13-2-0\" class=\"so-panel widget widget_media_image panel-first-child panel-last-child\" data-index=\"47\" ><a href=\"https:\/\/www.diocesitn.it\/area-annuncio\/wp-content\/uploads\/sites\/39\/2022\/02\/4_TerzaDom_3.jpg\"><img loading=\"lazy\" decoding=\"async\" width=\"300\" height=\"300\" src=\"https:\/\/www.diocesitn.it\/area-annuncio\/wp-content\/uploads\/sites\/39\/2022\/02\/4_TerzaDom_3-300x300.jpg\" class=\"image wp-image-15180  attachment-medium size-medium\" alt=\"\" style=\"max-width: 100%; height: auto;\" srcset=\"https:\/\/www.diocesitn.it\/area-annuncio\/wp-content\/uploads\/sites\/39\/2022\/02\/4_TerzaDom_3-300x300.jpg 300w, https:\/\/www.diocesitn.it\/area-annuncio\/wp-content\/uploads\/sites\/39\/2022\/02\/4_TerzaDom_3-1024x1024.jpg 1024w, https:\/\/www.diocesitn.it\/area-annuncio\/wp-content\/uploads\/sites\/39\/2022\/02\/4_TerzaDom_3-150x150.jpg 150w, https:\/\/www.diocesitn.it\/area-annuncio\/wp-content\/uploads\/sites\/39\/2022\/02\/4_TerzaDom_3-768x768.jpg 768w, https:\/\/www.diocesitn.it\/area-annuncio\/wp-content\/uploads\/sites\/39\/2022\/02\/4_TerzaDom_3-200x200.jpg 200w, https:\/\/www.diocesitn.it\/area-annuncio\/wp-content\/uploads\/sites\/39\/2022\/02\/4_TerzaDom_3-280x280.jpg 280w, https:\/\/www.diocesitn.it\/area-annuncio\/wp-content\/uploads\/sites\/39\/2022\/02\/4_TerzaDom_3-800x800.jpg 800w, https:\/\/www.diocesitn.it\/area-annuncio\/wp-content\/uploads\/sites\/39\/2022\/02\/4_TerzaDom_3.jpg 1080w\" sizes=\"auto, (max-width: 300px) 100vw, 300px\" \/><\/a><\/div><\/div><div id=\"pgc-14778-13-3\"  class=\"panel-grid-cell\" ><div id=\"panel-14778-13-3-0\" class=\"so-panel widget widget_sow-editor panel-first-child panel-last-child\" data-index=\"48\" ><div\n\t\t\t\n\t\t\tclass=\"so-widget-sow-editor so-widget-sow-editor-base\"\n\t\t\t\n\t\t>\n<div class=\"siteorigin-widget-tinymce textwidget\">\n\t<p style=\"text-align: center\"><strong>Domenica 20 marzo - III di Quaresima<\/strong><\/p>\n<p style=\"text-align: center\"><button class=\"large button\"><a href=\"https:\/\/express.adobe.com\/page\/vw3UyV1r7Idv4\/\" target=\"_blank\" rel=\"noopener\"><span style=\"color: #ffffff\">Vai agli approfondimenti<\/span><\/a><\/button><\/p>\n<\/div>\n<\/div><\/div><\/div><\/div><div id=\"pg-14778-14\"  class=\"panel-grid panel-no-style\" ><div id=\"pgc-14778-14-0\"  class=\"panel-grid-cell\" ><div id=\"panel-14778-14-0-0\" class=\"so-panel widget widget_media_image panel-first-child panel-last-child\" data-index=\"49\" ><a href=\"https:\/\/www.diocesitn.it\/area-annuncio\/wp-content\/uploads\/sites\/39\/2022\/02\/3_SecondaDom_1.jpg\"><img loading=\"lazy\" decoding=\"async\" width=\"300\" height=\"300\" src=\"https:\/\/www.diocesitn.it\/area-annuncio\/wp-content\/uploads\/sites\/39\/2022\/02\/3_SecondaDom_1-300x300.jpg\" class=\"image wp-image-15081  attachment-medium size-medium\" alt=\"\" style=\"max-width: 100%; height: auto;\" srcset=\"https:\/\/www.diocesitn.it\/area-annuncio\/wp-content\/uploads\/sites\/39\/2022\/02\/3_SecondaDom_1-300x300.jpg 300w, https:\/\/www.diocesitn.it\/area-annuncio\/wp-content\/uploads\/sites\/39\/2022\/02\/3_SecondaDom_1-1024x1024.jpg 1024w, https:\/\/www.diocesitn.it\/area-annuncio\/wp-content\/uploads\/sites\/39\/2022\/02\/3_SecondaDom_1-150x150.jpg 150w, https:\/\/www.diocesitn.it\/area-annuncio\/wp-content\/uploads\/sites\/39\/2022\/02\/3_SecondaDom_1-768x768.jpg 768w, https:\/\/www.diocesitn.it\/area-annuncio\/wp-content\/uploads\/sites\/39\/2022\/02\/3_SecondaDom_1-200x200.jpg 200w, https:\/\/www.diocesitn.it\/area-annuncio\/wp-content\/uploads\/sites\/39\/2022\/02\/3_SecondaDom_1-280x280.jpg 280w, https:\/\/www.diocesitn.it\/area-annuncio\/wp-content\/uploads\/sites\/39\/2022\/02\/3_SecondaDom_1-800x800.jpg 800w, https:\/\/www.diocesitn.it\/area-annuncio\/wp-content\/uploads\/sites\/39\/2022\/02\/3_SecondaDom_1.jpg 1080w\" sizes=\"auto, (max-width: 300px) 100vw, 300px\" \/><\/a><\/div><\/div><div id=\"pgc-14778-14-1\"  class=\"panel-grid-cell\" ><div id=\"panel-14778-14-1-0\" class=\"so-panel widget widget_media_image panel-first-child panel-last-child\" data-index=\"50\" ><a href=\"https:\/\/www.diocesitn.it\/area-annuncio\/wp-content\/uploads\/sites\/39\/2022\/02\/3_SecondaDom_2.jpg\"><img loading=\"lazy\" decoding=\"async\" width=\"300\" height=\"300\" src=\"https:\/\/www.diocesitn.it\/area-annuncio\/wp-content\/uploads\/sites\/39\/2022\/02\/3_SecondaDom_2-300x300.jpg\" class=\"image wp-image-15082  attachment-medium size-medium\" alt=\"\" style=\"max-width: 100%; height: auto;\" srcset=\"https:\/\/www.diocesitn.it\/area-annuncio\/wp-content\/uploads\/sites\/39\/2022\/02\/3_SecondaDom_2-300x300.jpg 300w, https:\/\/www.diocesitn.it\/area-annuncio\/wp-content\/uploads\/sites\/39\/2022\/02\/3_SecondaDom_2-1024x1024.jpg 1024w, https:\/\/www.diocesitn.it\/area-annuncio\/wp-content\/uploads\/sites\/39\/2022\/02\/3_SecondaDom_2-150x150.jpg 150w, https:\/\/www.diocesitn.it\/area-annuncio\/wp-content\/uploads\/sites\/39\/2022\/02\/3_SecondaDom_2-768x768.jpg 768w, https:\/\/www.diocesitn.it\/area-annuncio\/wp-content\/uploads\/sites\/39\/2022\/02\/3_SecondaDom_2-200x200.jpg 200w, https:\/\/www.diocesitn.it\/area-annuncio\/wp-content\/uploads\/sites\/39\/2022\/02\/3_SecondaDom_2-280x280.jpg 280w, https:\/\/www.diocesitn.it\/area-annuncio\/wp-content\/uploads\/sites\/39\/2022\/02\/3_SecondaDom_2-800x800.jpg 800w, https:\/\/www.diocesitn.it\/area-annuncio\/wp-content\/uploads\/sites\/39\/2022\/02\/3_SecondaDom_2.jpg 1080w\" sizes=\"auto, (max-width: 300px) 100vw, 300px\" \/><\/a><\/div><\/div><div id=\"pgc-14778-14-2\"  class=\"panel-grid-cell\" ><div id=\"panel-14778-14-2-0\" class=\"so-panel widget widget_media_image panel-first-child panel-last-child\" data-index=\"51\" ><a href=\"https:\/\/www.diocesitn.it\/area-annuncio\/wp-content\/uploads\/sites\/39\/2022\/02\/3_SecondaDom_3.jpg\"><img loading=\"lazy\" decoding=\"async\" width=\"300\" height=\"300\" src=\"https:\/\/www.diocesitn.it\/area-annuncio\/wp-content\/uploads\/sites\/39\/2022\/02\/3_SecondaDom_3-300x300.jpg\" class=\"image wp-image-15083  attachment-medium size-medium\" alt=\"\" style=\"max-width: 100%; height: auto;\" srcset=\"https:\/\/www.diocesitn.it\/area-annuncio\/wp-content\/uploads\/sites\/39\/2022\/02\/3_SecondaDom_3-300x300.jpg 300w, https:\/\/www.diocesitn.it\/area-annuncio\/wp-content\/uploads\/sites\/39\/2022\/02\/3_SecondaDom_3-1024x1024.jpg 1024w, https:\/\/www.diocesitn.it\/area-annuncio\/wp-content\/uploads\/sites\/39\/2022\/02\/3_SecondaDom_3-150x150.jpg 150w, https:\/\/www.diocesitn.it\/area-annuncio\/wp-content\/uploads\/sites\/39\/2022\/02\/3_SecondaDom_3-768x768.jpg 768w, https:\/\/www.diocesitn.it\/area-annuncio\/wp-content\/uploads\/sites\/39\/2022\/02\/3_SecondaDom_3-200x200.jpg 200w, https:\/\/www.diocesitn.it\/area-annuncio\/wp-content\/uploads\/sites\/39\/2022\/02\/3_SecondaDom_3-280x280.jpg 280w, https:\/\/www.diocesitn.it\/area-annuncio\/wp-content\/uploads\/sites\/39\/2022\/02\/3_SecondaDom_3-800x800.jpg 800w, https:\/\/www.diocesitn.it\/area-annuncio\/wp-content\/uploads\/sites\/39\/2022\/02\/3_SecondaDom_3.jpg 1080w\" sizes=\"auto, (max-width: 300px) 100vw, 300px\" \/><\/a><\/div><\/div><div id=\"pgc-14778-14-3\"  class=\"panel-grid-cell\" ><div id=\"panel-14778-14-3-0\" class=\"so-panel widget widget_sow-editor panel-first-child panel-last-child\" data-index=\"52\" ><div\n\t\t\t\n\t\t\tclass=\"so-widget-sow-editor so-widget-sow-editor-base\"\n\t\t\t\n\t\t>\n<div class=\"siteorigin-widget-tinymce textwidget\">\n\t<p style=\"text-align: center\"><strong>Domenica 13 marzo - II di Quaresima<\/strong><\/p>\n<p style=\"text-align: center\"><button class=\"large button\"><a href=\"https:\/\/express.adobe.com\/page\/K32177v24IoIL\/\" target=\"_blank\" rel=\"noopener\"><span style=\"color: #ffffff\">Vai agli approfondimenti<\/span><\/a><\/button><\/p>\n<\/div>\n<\/div><\/div><\/div><\/div><div id=\"pg-14778-15\"  class=\"panel-grid panel-no-style\" ><div id=\"pgc-14778-15-0\"  class=\"panel-grid-cell\" ><div id=\"panel-14778-15-0-0\" class=\"so-panel widget widget_media_image panel-first-child panel-last-child\" data-index=\"53\" ><a href=\"https:\/\/www.diocesitn.it\/area-annuncio\/wp-content\/uploads\/sites\/39\/2022\/02\/2_PrimaDom_1.jpg\"><img loading=\"lazy\" decoding=\"async\" width=\"300\" height=\"300\" src=\"https:\/\/www.diocesitn.it\/area-annuncio\/wp-content\/uploads\/sites\/39\/2022\/02\/2_PrimaDom_1-300x300.jpg\" class=\"image wp-image-15035  attachment-medium size-medium\" alt=\"\" style=\"max-width: 100%; height: auto;\" srcset=\"https:\/\/www.diocesitn.it\/area-annuncio\/wp-content\/uploads\/sites\/39\/2022\/02\/2_PrimaDom_1-300x300.jpg 300w, https:\/\/www.diocesitn.it\/area-annuncio\/wp-content\/uploads\/sites\/39\/2022\/02\/2_PrimaDom_1-1024x1024.jpg 1024w, https:\/\/www.diocesitn.it\/area-annuncio\/wp-content\/uploads\/sites\/39\/2022\/02\/2_PrimaDom_1-150x150.jpg 150w, https:\/\/www.diocesitn.it\/area-annuncio\/wp-content\/uploads\/sites\/39\/2022\/02\/2_PrimaDom_1-768x768.jpg 768w, https:\/\/www.diocesitn.it\/area-annuncio\/wp-content\/uploads\/sites\/39\/2022\/02\/2_PrimaDom_1-200x200.jpg 200w, https:\/\/www.diocesitn.it\/area-annuncio\/wp-content\/uploads\/sites\/39\/2022\/02\/2_PrimaDom_1-280x280.jpg 280w, https:\/\/www.diocesitn.it\/area-annuncio\/wp-content\/uploads\/sites\/39\/2022\/02\/2_PrimaDom_1-800x800.jpg 800w, https:\/\/www.diocesitn.it\/area-annuncio\/wp-content\/uploads\/sites\/39\/2022\/02\/2_PrimaDom_1.jpg 1080w\" sizes=\"auto, (max-width: 300px) 100vw, 300px\" \/><\/a><\/div><\/div><div id=\"pgc-14778-15-1\"  class=\"panel-grid-cell\" ><div id=\"panel-14778-15-1-0\" class=\"so-panel widget widget_media_image panel-first-child panel-last-child\" data-index=\"54\" ><a href=\"https:\/\/www.diocesitn.it\/area-annuncio\/wp-content\/uploads\/sites\/39\/2022\/02\/2_PrimaDom_2.jpg\"><img loading=\"lazy\" decoding=\"async\" width=\"300\" height=\"300\" src=\"https:\/\/www.diocesitn.it\/area-annuncio\/wp-content\/uploads\/sites\/39\/2022\/02\/2_PrimaDom_2-300x300.jpg\" class=\"image wp-image-15036  attachment-medium size-medium\" alt=\"\" style=\"max-width: 100%; height: auto;\" srcset=\"https:\/\/www.diocesitn.it\/area-annuncio\/wp-content\/uploads\/sites\/39\/2022\/02\/2_PrimaDom_2-300x300.jpg 300w, https:\/\/www.diocesitn.it\/area-annuncio\/wp-content\/uploads\/sites\/39\/2022\/02\/2_PrimaDom_2-1024x1024.jpg 1024w, https:\/\/www.diocesitn.it\/area-annuncio\/wp-content\/uploads\/sites\/39\/2022\/02\/2_PrimaDom_2-150x150.jpg 150w, https:\/\/www.diocesitn.it\/area-annuncio\/wp-content\/uploads\/sites\/39\/2022\/02\/2_PrimaDom_2-768x768.jpg 768w, https:\/\/www.diocesitn.it\/area-annuncio\/wp-content\/uploads\/sites\/39\/2022\/02\/2_PrimaDom_2-200x200.jpg 200w, https:\/\/www.diocesitn.it\/area-annuncio\/wp-content\/uploads\/sites\/39\/2022\/02\/2_PrimaDom_2-280x280.jpg 280w, https:\/\/www.diocesitn.it\/area-annuncio\/wp-content\/uploads\/sites\/39\/2022\/02\/2_PrimaDom_2-800x800.jpg 800w, https:\/\/www.diocesitn.it\/area-annuncio\/wp-content\/uploads\/sites\/39\/2022\/02\/2_PrimaDom_2.jpg 1080w\" sizes=\"auto, (max-width: 300px) 100vw, 300px\" \/><\/a><\/div><\/div><div id=\"pgc-14778-15-2\"  class=\"panel-grid-cell\" ><div id=\"panel-14778-15-2-0\" class=\"so-panel widget widget_media_image panel-first-child panel-last-child\" data-index=\"55\" ><a href=\"https:\/\/www.diocesitn.it\/area-annuncio\/wp-content\/uploads\/sites\/39\/2022\/02\/2_PrimaDom_3.jpg\"><img loading=\"lazy\" decoding=\"async\" width=\"300\" height=\"300\" src=\"https:\/\/www.diocesitn.it\/area-annuncio\/wp-content\/uploads\/sites\/39\/2022\/02\/2_PrimaDom_3-300x300.jpg\" class=\"image wp-image-15037  attachment-medium size-medium\" alt=\"\" style=\"max-width: 100%; height: auto;\" srcset=\"https:\/\/www.diocesitn.it\/area-annuncio\/wp-content\/uploads\/sites\/39\/2022\/02\/2_PrimaDom_3-300x300.jpg 300w, https:\/\/www.diocesitn.it\/area-annuncio\/wp-content\/uploads\/sites\/39\/2022\/02\/2_PrimaDom_3-1024x1024.jpg 1024w, https:\/\/www.diocesitn.it\/area-annuncio\/wp-content\/uploads\/sites\/39\/2022\/02\/2_PrimaDom_3-150x150.jpg 150w, https:\/\/www.diocesitn.it\/area-annuncio\/wp-content\/uploads\/sites\/39\/2022\/02\/2_PrimaDom_3-768x768.jpg 768w, https:\/\/www.diocesitn.it\/area-annuncio\/wp-content\/uploads\/sites\/39\/2022\/02\/2_PrimaDom_3-200x200.jpg 200w, https:\/\/www.diocesitn.it\/area-annuncio\/wp-content\/uploads\/sites\/39\/2022\/02\/2_PrimaDom_3-280x280.jpg 280w, https:\/\/www.diocesitn.it\/area-annuncio\/wp-content\/uploads\/sites\/39\/2022\/02\/2_PrimaDom_3-800x800.jpg 800w, https:\/\/www.diocesitn.it\/area-annuncio\/wp-content\/uploads\/sites\/39\/2022\/02\/2_PrimaDom_3.jpg 1080w\" sizes=\"auto, (max-width: 300px) 100vw, 300px\" \/><\/a><\/div><\/div><div id=\"pgc-14778-15-3\"  class=\"panel-grid-cell\" ><div id=\"panel-14778-15-3-0\" class=\"so-panel widget widget_sow-editor panel-first-child panel-last-child\" data-index=\"56\" ><div\n\t\t\t\n\t\t\tclass=\"so-widget-sow-editor so-widget-sow-editor-base\"\n\t\t\t\n\t\t>\n<div class=\"siteorigin-widget-tinymce textwidget\">\n\t<p style=\"text-align: center\"><strong>Domenica 6 marzo - I di Quaresima<\/strong><\/p>\n<p style=\"text-align: center\"><button class=\"large button\"><span style=\"color: #ffffff\"><a style=\"color: #ffffff\" href=\"https:\/\/express.adobe.com\/page\/D8fWCyfARPIRB\/\" target=\"_blank\" rel=\"noopener\">Vai agli approfondimenti<\/a><\/span><\/button><\/p>\n<\/div>\n<\/div><\/div><\/div><\/div><div id=\"pg-14778-16\"  class=\"panel-grid panel-no-style\" ><div id=\"pgc-14778-16-0\"  class=\"panel-grid-cell\" ><div id=\"panel-14778-16-0-0\" class=\"so-panel widget widget_media_image panel-first-child panel-last-child\" data-index=\"57\" ><a href=\"https:\/\/www.diocesitn.it\/area-annuncio\/wp-content\/uploads\/sites\/39\/2022\/02\/Ceneri_1.jpg\"><img loading=\"lazy\" decoding=\"async\" width=\"300\" height=\"300\" src=\"https:\/\/www.diocesitn.it\/area-annuncio\/wp-content\/uploads\/sites\/39\/2022\/02\/Ceneri_1-300x300.jpg\" class=\"image wp-image-14991  attachment-medium size-medium\" alt=\"\" style=\"max-width: 100%; height: auto;\" srcset=\"https:\/\/www.diocesitn.it\/area-annuncio\/wp-content\/uploads\/sites\/39\/2022\/02\/Ceneri_1-300x300.jpg 300w, https:\/\/www.diocesitn.it\/area-annuncio\/wp-content\/uploads\/sites\/39\/2022\/02\/Ceneri_1-1024x1024.jpg 1024w, https:\/\/www.diocesitn.it\/area-annuncio\/wp-content\/uploads\/sites\/39\/2022\/02\/Ceneri_1-150x150.jpg 150w, https:\/\/www.diocesitn.it\/area-annuncio\/wp-content\/uploads\/sites\/39\/2022\/02\/Ceneri_1-768x768.jpg 768w, https:\/\/www.diocesitn.it\/area-annuncio\/wp-content\/uploads\/sites\/39\/2022\/02\/Ceneri_1-200x200.jpg 200w, https:\/\/www.diocesitn.it\/area-annuncio\/wp-content\/uploads\/sites\/39\/2022\/02\/Ceneri_1-280x280.jpg 280w, https:\/\/www.diocesitn.it\/area-annuncio\/wp-content\/uploads\/sites\/39\/2022\/02\/Ceneri_1-800x800.jpg 800w, https:\/\/www.diocesitn.it\/area-annuncio\/wp-content\/uploads\/sites\/39\/2022\/02\/Ceneri_1.jpg 1080w\" sizes=\"auto, (max-width: 300px) 100vw, 300px\" \/><\/a><\/div><\/div><div id=\"pgc-14778-16-1\"  class=\"panel-grid-cell\" ><div id=\"panel-14778-16-1-0\" class=\"so-panel widget widget_media_image panel-first-child panel-last-child\" data-index=\"58\" ><a href=\"https:\/\/www.diocesitn.it\/area-annuncio\/wp-content\/uploads\/sites\/39\/2022\/02\/Ceneri_2.jpg\"><img loading=\"lazy\" decoding=\"async\" width=\"300\" height=\"300\" src=\"https:\/\/www.diocesitn.it\/area-annuncio\/wp-content\/uploads\/sites\/39\/2022\/02\/Ceneri_2-300x300.jpg\" class=\"image wp-image-14992  attachment-medium size-medium\" alt=\"\" style=\"max-width: 100%; height: auto;\" srcset=\"https:\/\/www.diocesitn.it\/area-annuncio\/wp-content\/uploads\/sites\/39\/2022\/02\/Ceneri_2-300x300.jpg 300w, https:\/\/www.diocesitn.it\/area-annuncio\/wp-content\/uploads\/sites\/39\/2022\/02\/Ceneri_2-1024x1024.jpg 1024w, https:\/\/www.diocesitn.it\/area-annuncio\/wp-content\/uploads\/sites\/39\/2022\/02\/Ceneri_2-150x150.jpg 150w, https:\/\/www.diocesitn.it\/area-annuncio\/wp-content\/uploads\/sites\/39\/2022\/02\/Ceneri_2-768x768.jpg 768w, https:\/\/www.diocesitn.it\/area-annuncio\/wp-content\/uploads\/sites\/39\/2022\/02\/Ceneri_2-200x200.jpg 200w, https:\/\/www.diocesitn.it\/area-annuncio\/wp-content\/uploads\/sites\/39\/2022\/02\/Ceneri_2-280x280.jpg 280w, https:\/\/www.diocesitn.it\/area-annuncio\/wp-content\/uploads\/sites\/39\/2022\/02\/Ceneri_2-800x800.jpg 800w, https:\/\/www.diocesitn.it\/area-annuncio\/wp-content\/uploads\/sites\/39\/2022\/02\/Ceneri_2.jpg 1080w\" sizes=\"auto, (max-width: 300px) 100vw, 300px\" \/><\/a><\/div><\/div><div id=\"pgc-14778-16-2\"  class=\"panel-grid-cell\" ><div id=\"panel-14778-16-2-0\" class=\"so-panel widget widget_media_image panel-first-child panel-last-child\" data-index=\"59\" ><a href=\"https:\/\/www.diocesitn.it\/area-annuncio\/wp-content\/uploads\/sites\/39\/2022\/02\/Ceneri_3.jpg\"><img loading=\"lazy\" decoding=\"async\" width=\"300\" height=\"300\" src=\"https:\/\/www.diocesitn.it\/area-annuncio\/wp-content\/uploads\/sites\/39\/2022\/02\/Ceneri_3-300x300.jpg\" class=\"image wp-image-14993  attachment-medium size-medium\" alt=\"\" style=\"max-width: 100%; height: auto;\" srcset=\"https:\/\/www.diocesitn.it\/area-annuncio\/wp-content\/uploads\/sites\/39\/2022\/02\/Ceneri_3-300x300.jpg 300w, https:\/\/www.diocesitn.it\/area-annuncio\/wp-content\/uploads\/sites\/39\/2022\/02\/Ceneri_3-1024x1024.jpg 1024w, https:\/\/www.diocesitn.it\/area-annuncio\/wp-content\/uploads\/sites\/39\/2022\/02\/Ceneri_3-150x150.jpg 150w, https:\/\/www.diocesitn.it\/area-annuncio\/wp-content\/uploads\/sites\/39\/2022\/02\/Ceneri_3-768x768.jpg 768w, https:\/\/www.diocesitn.it\/area-annuncio\/wp-content\/uploads\/sites\/39\/2022\/02\/Ceneri_3-200x200.jpg 200w, https:\/\/www.diocesitn.it\/area-annuncio\/wp-content\/uploads\/sites\/39\/2022\/02\/Ceneri_3-280x280.jpg 280w, https:\/\/www.diocesitn.it\/area-annuncio\/wp-content\/uploads\/sites\/39\/2022\/02\/Ceneri_3-800x800.jpg 800w, https:\/\/www.diocesitn.it\/area-annuncio\/wp-content\/uploads\/sites\/39\/2022\/02\/Ceneri_3.jpg 1080w\" sizes=\"auto, (max-width: 300px) 100vw, 300px\" \/><\/a><\/div><\/div><div id=\"pgc-14778-16-3\"  class=\"panel-grid-cell\" ><div id=\"panel-14778-16-3-0\" class=\"so-panel widget widget_sow-editor panel-first-child panel-last-child\" data-index=\"60\" ><div\n\t\t\t\n\t\t\tclass=\"so-widget-sow-editor so-widget-sow-editor-base\"\n\t\t\t\n\t\t>\n<div class=\"siteorigin-widget-tinymce textwidget\">\n\t<p>&nbsp;<\/p>\n<p style=\"text-align: center\"><strong>Mercoled\u00ec 2 marzo - Le ceneri<\/strong><\/p>\n<p style=\"text-align: center\">\n<\/div>\n<\/div><\/div><\/div><\/div><\/div>","protected":false},"excerpt":{"rendered":"<p>Anche quest&#8217;anno, nel periodo di Quaresima e nel tempo di Pasqua, la diocesi di Trento propone l&#8217;iniziativa &#8220;Tempo di preghiera&#8221;.\u00a0Un strumento semplice per accompagnare la preghiera personale, di gruppo e di comunit\u00e0 attraverso un\u2019immagine, un<\/p>\n","protected":false},"author":14,"featured_media":15825,"comment_status":"closed","ping_status":"closed","sticky":false,"template":"","format":"standard","meta":{"footnotes":""},"categories":[763,913,608],"tags":[222,918,240],"class_list":["post-14778","post","type-post","status-publish","format-standard","has-post-thumbnail","hentry","category-annuncio-e-sacramenti","category-area-annuncio-e-sacramenti","category-notizie","tag-avvento","tag-natale","tag-preghiera"],"acf":{"seed-localization-paese-cod":"IT","seed-localization-address":"","seed-localization-citta":"Trento","seed-localization-regione-cod-istat":"04","seed-localization-citta-cod-istat":"022205","seed-localization-localita":"","seed-localization-cap":"","seed-localization-marker-visibility":false,"seed-localization-children-visibility":false,"seed-localization-kml":"","seed-localization-custom-marker":""},"yoast_head":"<!-- This site is optimized with the Yoast SEO Premium plugin v20.2.1 (Yoast SEO v22.2) - https:\/\/yoast.com\/wordpress\/plugins\/seo\/ -->\n<title>Tempo di preghiera \u2013 Domenica 5 giugno - Pentecoste - Annuncio e Sacramenti - Chiesa di Trento<\/title>\n<meta name=\"robots\" content=\"index, follow, max-snippet:-1, max-image-preview:large, max-video-preview:-1\" \/>\n<link rel=\"canonical\" href=\"https:\/\/www.diocesitn.it\/area-annuncio\/2022\/02\/03\/tempo-di-preghiera-quaresima-pasqua-2022\/\" \/>\n<meta property=\"og:locale\" content=\"it_IT\" \/>\n<meta property=\"og:type\" content=\"article\" \/>\n<meta property=\"og:title\" content=\"Tempo di preghiera \u2013 Domenica 5 giugno - Pentecoste\" \/>\n<meta property=\"og:description\" content=\"Anche quest&#039;anno, nel periodo di Quaresima e nel tempo di Pasqua, la diocesi di Trento propone l&#039;iniziativa &quot;Tempo di preghiera&quot;.\u00a0Un strumento semplice per accompagnare la preghiera personale, di gruppo e di comunit\u00e0 attraverso un\u2019immagine, un\" \/>\n<meta property=\"og:url\" content=\"https:\/\/www.diocesitn.it\/area-annuncio\/2022\/02\/03\/tempo-di-preghiera-quaresima-pasqua-2022\/\" \/>\n<meta property=\"og:site_name\" content=\"Annuncio e Sacramenti\" \/>\n<meta property=\"article:publisher\" content=\"https:\/\/www.facebook.com\/pastoralegiovanile.trento\/\" \/>\n<meta property=\"article:published_time\" content=\"2022-02-03T14:04:54+00:00\" \/>\n<meta property=\"article:modified_time\" content=\"2022-06-08T09:01:42+00:00\" \/>\n<meta property=\"og:image\" content=\"https:\/\/www.diocesitn.it\/area-annuncio\/wp-content\/uploads\/sites\/39\/2022\/02\/7.-Pentecoste-imm-vuota.jpg\" \/>\n\t<meta property=\"og:image:width\" content=\"556\" \/>\n\t<meta property=\"og:image:height\" content=\"836\" \/>\n\t<meta property=\"og:image:type\" content=\"image\/jpeg\" \/>\n<meta name=\"author\" content=\"travanelli\" \/>\n<meta name=\"twitter:card\" content=\"summary_large_image\" \/>\n<meta name=\"twitter:label1\" content=\"Scritto da\" \/>\n\t<meta name=\"twitter:data1\" content=\"travanelli\" \/>\n\t<meta name=\"twitter:label2\" content=\"Tempo di lettura stimato\" \/>\n\t<meta name=\"twitter:data2\" content=\"3 minuti\" \/>\n<script type=\"application\/ld+json\" class=\"yoast-schema-graph\">{\"@context\":\"https:\/\/schema.org\",\"@graph\":[{\"@type\":\"Article\",\"@id\":\"https:\/\/www.diocesitn.it\/area-annuncio\/2022\/02\/03\/tempo-di-preghiera-quaresima-pasqua-2022\/#article\",\"isPartOf\":{\"@id\":\"https:\/\/www.diocesitn.it\/area-annuncio\/2022\/02\/03\/tempo-di-preghiera-quaresima-pasqua-2022\/\"},\"author\":{\"name\":\"travanelli\",\"@id\":\"https:\/\/www.diocesitn.it\/area-annuncio\/#\/schema\/person\/55912816e02fae9c8b1fde79ff8e6be2\"},\"headline\":\"Tempo di preghiera \u2013 Domenica 5 giugno &#8211; Pentecoste\",\"datePublished\":\"2022-02-03T14:04:54+00:00\",\"dateModified\":\"2022-06-08T09:01:42+00:00\",\"mainEntityOfPage\":{\"@id\":\"https:\/\/www.diocesitn.it\/area-annuncio\/2022\/02\/03\/tempo-di-preghiera-quaresima-pasqua-2022\/\"},\"wordCount\":737,\"publisher\":{\"@id\":\"https:\/\/www.diocesitn.it\/area-annuncio\/#organization\"},\"image\":{\"@id\":\"https:\/\/www.diocesitn.it\/area-annuncio\/2022\/02\/03\/tempo-di-preghiera-quaresima-pasqua-2022\/#primaryimage\"},\"thumbnailUrl\":\"https:\/\/www.diocesitn.it\/area-annuncio\/wp-content\/uploads\/sites\/39\/2022\/02\/7.-Pentecoste-imm-vuota.jpg\",\"keywords\":[\"avvento\",\"Natale\",\"preghiera\"],\"articleSection\":[\"Annuncio e Sacramenti\",\"Area Annuncio e Sacramenti\",\"Notizie\"],\"inLanguage\":\"it-IT\",\"copyrightYear\":\"2022\",\"copyrightHolder\":{\"@id\":\"https:\/\/www.diocesitn.it\/#organization\"}},{\"@type\":\"WebPage\",\"@id\":\"https:\/\/www.diocesitn.it\/area-annuncio\/2022\/02\/03\/tempo-di-preghiera-quaresima-pasqua-2022\/\",\"url\":\"https:\/\/www.diocesitn.it\/area-annuncio\/2022\/02\/03\/tempo-di-preghiera-quaresima-pasqua-2022\/\",\"name\":\"Tempo di preghiera \u2013 Domenica 5 giugno - Pentecoste - Annuncio e Sacramenti - Chiesa di Trento\",\"isPartOf\":{\"@id\":\"https:\/\/www.diocesitn.it\/area-annuncio\/#website\"},\"primaryImageOfPage\":{\"@id\":\"https:\/\/www.diocesitn.it\/area-annuncio\/2022\/02\/03\/tempo-di-preghiera-quaresima-pasqua-2022\/#primaryimage\"},\"image\":{\"@id\":\"https:\/\/www.diocesitn.it\/area-annuncio\/2022\/02\/03\/tempo-di-preghiera-quaresima-pasqua-2022\/#primaryimage\"},\"thumbnailUrl\":\"https:\/\/www.diocesitn.it\/area-annuncio\/wp-content\/uploads\/sites\/39\/2022\/02\/7.-Pentecoste-imm-vuota.jpg\",\"datePublished\":\"2022-02-03T14:04:54+00:00\",\"dateModified\":\"2022-06-08T09:01:42+00:00\",\"breadcrumb\":{\"@id\":\"https:\/\/www.diocesitn.it\/area-annuncio\/2022\/02\/03\/tempo-di-preghiera-quaresima-pasqua-2022\/#breadcrumb\"},\"inLanguage\":\"it-IT\",\"potentialAction\":[{\"@type\":\"ReadAction\",\"target\":[\"https:\/\/www.diocesitn.it\/area-annuncio\/2022\/02\/03\/tempo-di-preghiera-quaresima-pasqua-2022\/\"]}]},{\"@type\":\"ImageObject\",\"inLanguage\":\"it-IT\",\"@id\":\"https:\/\/www.diocesitn.it\/area-annuncio\/2022\/02\/03\/tempo-di-preghiera-quaresima-pasqua-2022\/#primaryimage\",\"url\":\"https:\/\/www.diocesitn.it\/area-annuncio\/wp-content\/uploads\/sites\/39\/2022\/02\/7.-Pentecoste-imm-vuota.jpg\",\"contentUrl\":\"https:\/\/www.diocesitn.it\/area-annuncio\/wp-content\/uploads\/sites\/39\/2022\/02\/7.-Pentecoste-imm-vuota.jpg\",\"width\":556,\"height\":836},{\"@type\":\"BreadcrumbList\",\"@id\":\"https:\/\/www.diocesitn.it\/area-annuncio\/2022\/02\/03\/tempo-di-preghiera-quaresima-pasqua-2022\/#breadcrumb\",\"itemListElement\":[{\"@type\":\"ListItem\",\"position\":1,\"name\":\"Home\",\"item\":\"https:\/\/www.diocesitn.it\/area-annuncio\/\"},{\"@type\":\"ListItem\",\"position\":2,\"name\":\"Tempo di preghiera \u2013 Domenica 5 giugno &#8211; Pentecoste\"}]},{\"@type\":\"WebSite\",\"@id\":\"https:\/\/www.diocesitn.it\/area-annuncio\/#website\",\"url\":\"https:\/\/www.diocesitn.it\/area-annuncio\/\",\"name\":\"Annuncio e Sacramenti\",\"description\":\"Chiesa di Trento\",\"publisher\":{\"@id\":\"https:\/\/www.diocesitn.it\/area-annuncio\/#organization\"},\"potentialAction\":[{\"@type\":\"SearchAction\",\"target\":{\"@type\":\"EntryPoint\",\"urlTemplate\":\"https:\/\/www.diocesitn.it\/area-annuncio\/?s={search_term_string}\"},\"query-input\":\"required name=search_term_string\"}],\"inLanguage\":\"it-IT\"},{\"@type\":[\"Organization\",\"Place\"],\"@id\":\"https:\/\/www.diocesitn.it\/area-annuncio\/#organization\",\"name\":\"Area Annuncio e Sacramenti - Chiesa di Trento\",\"url\":\"https:\/\/www.diocesitn.it\/area-annuncio\/\",\"logo\":{\"@id\":\"https:\/\/www.diocesitn.it\/area-annuncio\/2022\/02\/03\/tempo-di-preghiera-quaresima-pasqua-2022\/#local-main-organization-logo\"},\"image\":{\"@id\":\"https:\/\/www.diocesitn.it\/area-annuncio\/2022\/02\/03\/tempo-di-preghiera-quaresima-pasqua-2022\/#local-main-organization-logo\"},\"sameAs\":[\"https:\/\/www.facebook.com\/pastoralegiovanile.trento\/\",\"https:\/\/www.instagram.com\/pastoralegiovaniletrento\/\",\"https:\/\/www.youtube.com\/channel\/UCGt7hyJaIQIkrQPos4K6L6w\"],\"openingHoursSpecification\":[{\"@type\":\"OpeningHoursSpecification\",\"dayOfWeek\":[\"Monday\",\"Tuesday\",\"Wednesday\",\"Thursday\",\"Friday\",\"Saturday\",\"Sunday\"],\"opens\":\"09:00\",\"closes\":\"17:00\"}]},{\"@type\":\"ImageObject\",\"inLanguage\":\"it-IT\",\"@id\":\"https:\/\/www.diocesitn.it\/area-annuncio\/2022\/02\/03\/tempo-di-preghiera-quaresima-pasqua-2022\/#local-main-organization-logo\",\"url\":\"https:\/\/www.diocesitn.it\/area-annuncio\/wp-content\/uploads\/sites\/39\/2021\/09\/og-logo-annuncio-e-sacramenti.jpg\",\"contentUrl\":\"https:\/\/www.diocesitn.it\/area-annuncio\/wp-content\/uploads\/sites\/39\/2021\/09\/og-logo-annuncio-e-sacramenti.jpg\",\"width\":1200,\"height\":630,\"caption\":\"Area Annuncio e Sacramenti - Chiesa di Trento\"}]}<\/script>\n<!-- \/ Yoast SEO Premium plugin. -->","yoast_head_json":{"title":"Tempo di preghiera \u2013 Domenica 5 giugno - Pentecoste - Annuncio e Sacramenti - Chiesa di Trento","robots":{"index":"index","follow":"follow","max-snippet":"max-snippet:-1","max-image-preview":"max-image-preview:large","max-video-preview":"max-video-preview:-1"},"canonical":"https:\/\/www.diocesitn.it\/area-annuncio\/2022\/02\/03\/tempo-di-preghiera-quaresima-pasqua-2022\/","og_locale":"it_IT","og_type":"article","og_title":"Tempo di preghiera \u2013 Domenica 5 giugno - Pentecoste","og_description":"Anche quest'anno, nel periodo di Quaresima e nel tempo di Pasqua, la diocesi di Trento propone l'iniziativa \"Tempo di preghiera\".\u00a0Un strumento semplice per accompagnare la preghiera personale, di gruppo e di comunit\u00e0 attraverso un\u2019immagine, un","og_url":"https:\/\/www.diocesitn.it\/area-annuncio\/2022\/02\/03\/tempo-di-preghiera-quaresima-pasqua-2022\/","og_site_name":"Annuncio e Sacramenti","article_publisher":"https:\/\/www.facebook.com\/pastoralegiovanile.trento\/","article_published_time":"2022-02-03T14:04:54+00:00","article_modified_time":"2022-06-08T09:01:42+00:00","og_image":[{"width":556,"height":836,"url":"https:\/\/www.diocesitn.it\/area-annuncio\/wp-content\/uploads\/sites\/39\/2022\/02\/7.-Pentecoste-imm-vuota.jpg","type":"image\/jpeg"}],"author":"travanelli","twitter_card":"summary_large_image","twitter_misc":{"Scritto da":"travanelli","Tempo di lettura stimato":"3 minuti"},"schema":{"@context":"https:\/\/schema.org","@graph":[{"@type":"Article","@id":"https:\/\/www.diocesitn.it\/area-annuncio\/2022\/02\/03\/tempo-di-preghiera-quaresima-pasqua-2022\/#article","isPartOf":{"@id":"https:\/\/www.diocesitn.it\/area-annuncio\/2022\/02\/03\/tempo-di-preghiera-quaresima-pasqua-2022\/"},"author":{"name":"travanelli","@id":"https:\/\/www.diocesitn.it\/area-annuncio\/#\/schema\/person\/55912816e02fae9c8b1fde79ff8e6be2"},"headline":"Tempo di preghiera \u2013 Domenica 5 giugno &#8211; Pentecoste","datePublished":"2022-02-03T14:04:54+00:00","dateModified":"2022-06-08T09:01:42+00:00","mainEntityOfPage":{"@id":"https:\/\/www.diocesitn.it\/area-annuncio\/2022\/02\/03\/tempo-di-preghiera-quaresima-pasqua-2022\/"},"wordCount":737,"publisher":{"@id":"https:\/\/www.diocesitn.it\/area-annuncio\/#organization"},"image":{"@id":"https:\/\/www.diocesitn.it\/area-annuncio\/2022\/02\/03\/tempo-di-preghiera-quaresima-pasqua-2022\/#primaryimage"},"thumbnailUrl":"https:\/\/www.diocesitn.it\/area-annuncio\/wp-content\/uploads\/sites\/39\/2022\/02\/7.-Pentecoste-imm-vuota.jpg","keywords":["avvento","Natale","preghiera"],"articleSection":["Annuncio e Sacramenti","Area Annuncio e Sacramenti","Notizie"],"inLanguage":"it-IT","copyrightYear":"2022","copyrightHolder":{"@id":"https:\/\/www.diocesitn.it\/#organization"}},{"@type":"WebPage","@id":"https:\/\/www.diocesitn.it\/area-annuncio\/2022\/02\/03\/tempo-di-preghiera-quaresima-pasqua-2022\/","url":"https:\/\/www.diocesitn.it\/area-annuncio\/2022\/02\/03\/tempo-di-preghiera-quaresima-pasqua-2022\/","name":"Tempo di preghiera \u2013 Domenica 5 giugno - Pentecoste - Annuncio e Sacramenti - Chiesa di Trento","isPartOf":{"@id":"https:\/\/www.diocesitn.it\/area-annuncio\/#website"},"primaryImageOfPage":{"@id":"https:\/\/www.diocesitn.it\/area-annuncio\/2022\/02\/03\/tempo-di-preghiera-quaresima-pasqua-2022\/#primaryimage"},"image":{"@id":"https:\/\/www.diocesitn.it\/area-annuncio\/2022\/02\/03\/tempo-di-preghiera-quaresima-pasqua-2022\/#primaryimage"},"thumbnailUrl":"https:\/\/www.diocesitn.it\/area-annuncio\/wp-content\/uploads\/sites\/39\/2022\/02\/7.-Pentecoste-imm-vuota.jpg","datePublished":"2022-02-03T14:04:54+00:00","dateModified":"2022-06-08T09:01:42+00:00","breadcrumb":{"@id":"https:\/\/www.diocesitn.it\/area-annuncio\/2022\/02\/03\/tempo-di-preghiera-quaresima-pasqua-2022\/#breadcrumb"},"inLanguage":"it-IT","potentialAction":[{"@type":"ReadAction","target":["https:\/\/www.diocesitn.it\/area-annuncio\/2022\/02\/03\/tempo-di-preghiera-quaresima-pasqua-2022\/"]}]},{"@type":"ImageObject","inLanguage":"it-IT","@id":"https:\/\/www.diocesitn.it\/area-annuncio\/2022\/02\/03\/tempo-di-preghiera-quaresima-pasqua-2022\/#primaryimage","url":"https:\/\/www.diocesitn.it\/area-annuncio\/wp-content\/uploads\/sites\/39\/2022\/02\/7.-Pentecoste-imm-vuota.jpg","contentUrl":"https:\/\/www.diocesitn.it\/area-annuncio\/wp-content\/uploads\/sites\/39\/2022\/02\/7.-Pentecoste-imm-vuota.jpg","width":556,"height":836},{"@type":"BreadcrumbList","@id":"https:\/\/www.diocesitn.it\/area-annuncio\/2022\/02\/03\/tempo-di-preghiera-quaresima-pasqua-2022\/#breadcrumb","itemListElement":[{"@type":"ListItem","position":1,"name":"Home","item":"https:\/\/www.diocesitn.it\/area-annuncio\/"},{"@type":"ListItem","position":2,"name":"Tempo di preghiera \u2013 Domenica 5 giugno &#8211; Pentecoste"}]},{"@type":"WebSite","@id":"https:\/\/www.diocesitn.it\/area-annuncio\/#website","url":"https:\/\/www.diocesitn.it\/area-annuncio\/","name":"Annuncio e Sacramenti","description":"Chiesa di Trento","publisher":{"@id":"https:\/\/www.diocesitn.it\/area-annuncio\/#organization"},"potentialAction":[{"@type":"SearchAction","target":{"@type":"EntryPoint","urlTemplate":"https:\/\/www.diocesitn.it\/area-annuncio\/?s={search_term_string}"},"query-input":"required name=search_term_string"}],"inLanguage":"it-IT"},{"@type":["Organization","Place"],"@id":"https:\/\/www.diocesitn.it\/area-annuncio\/#organization","name":"Area Annuncio e Sacramenti - Chiesa di Trento","url":"https:\/\/www.diocesitn.it\/area-annuncio\/","logo":{"@id":"https:\/\/www.diocesitn.it\/area-annuncio\/2022\/02\/03\/tempo-di-preghiera-quaresima-pasqua-2022\/#local-main-organization-logo"},"image":{"@id":"https:\/\/www.diocesitn.it\/area-annuncio\/2022\/02\/03\/tempo-di-preghiera-quaresima-pasqua-2022\/#local-main-organization-logo"},"sameAs":["https:\/\/www.facebook.com\/pastoralegiovanile.trento\/","https:\/\/www.instagram.com\/pastoralegiovaniletrento\/","https:\/\/www.youtube.com\/channel\/UCGt7hyJaIQIkrQPos4K6L6w"],"openingHoursSpecification":[{"@type":"OpeningHoursSpecification","dayOfWeek":["Monday","Tuesday","Wednesday","Thursday","Friday","Saturday","Sunday"],"opens":"09:00","closes":"17:00"}]},{"@type":"ImageObject","inLanguage":"it-IT","@id":"https:\/\/www.diocesitn.it\/area-annuncio\/2022\/02\/03\/tempo-di-preghiera-quaresima-pasqua-2022\/#local-main-organization-logo","url":"https:\/\/www.diocesitn.it\/area-annuncio\/wp-content\/uploads\/sites\/39\/2021\/09\/og-logo-annuncio-e-sacramenti.jpg","contentUrl":"https:\/\/www.diocesitn.it\/area-annuncio\/wp-content\/uploads\/sites\/39\/2021\/09\/og-logo-annuncio-e-sacramenti.jpg","width":1200,"height":630,"caption":"Area Annuncio e Sacramenti - Chiesa di Trento"}]}},"_links":{"self":[{"href":"https:\/\/www.diocesitn.it\/area-annuncio\/wp-json\/wp\/v2\/posts\/14778","targetHints":{"allow":["GET"]}}],"collection":[{"href":"https:\/\/www.diocesitn.it\/area-annuncio\/wp-json\/wp\/v2\/posts"}],"about":[{"href":"https:\/\/www.diocesitn.it\/area-annuncio\/wp-json\/wp\/v2\/types\/post"}],"author":[{"embeddable":true,"href":"https:\/\/www.diocesitn.it\/area-annuncio\/wp-json\/wp\/v2\/users\/14"}],"replies":[{"embeddable":true,"href":"https:\/\/www.diocesitn.it\/area-annuncio\/wp-json\/wp\/v2\/comments?post=14778"}],"version-history":[{"count":2,"href":"https:\/\/www.diocesitn.it\/area-annuncio\/wp-json\/wp\/v2\/posts\/14778\/revisions"}],"predecessor-version":[{"id":15826,"href":"https:\/\/www.diocesitn.it\/area-annuncio\/wp-json\/wp\/v2\/posts\/14778\/revisions\/15826"}],"wp:featuredmedia":[{"embeddable":true,"href":"https:\/\/www.diocesitn.it\/area-annuncio\/wp-json\/wp\/v2\/media\/15825"}],"wp:attachment":[{"href":"https:\/\/www.diocesitn.it\/area-annuncio\/wp-json\/wp\/v2\/media?parent=14778"}],"wp:term":[{"taxonomy":"category","embeddable":true,"href":"https:\/\/www.diocesitn.it\/area-annuncio\/wp-json\/wp\/v2\/categories?post=14778"},{"taxonomy":"post_tag","embeddable":true,"href":"https:\/\/www.diocesitn.it\/area-annuncio\/wp-json\/wp\/v2\/tags?post=14778"}],"curies":[{"name":"wp","href":"https:\/\/api.w.org\/{rel}","templated":true}]}}