{"id":13990,"date":"2021-11-22T16:23:00","date_gmt":"2021-11-22T15:23:00","guid":{"rendered":"https:\/\/www.diocesitn.it\/area-annuncio\/?p=13990"},"modified":"2022-02-28T10:06:05","modified_gmt":"2022-02-28T09:06:05","slug":"tempo-di-preghiera-avvento-natale-2021","status":"publish","type":"post","link":"https:\/\/www.diocesitn.it\/area-annuncio\/2021\/11\/22\/tempo-di-preghiera-avvento-natale-2021\/","title":{"rendered":"Tempo di preghiera \u2013 uno strumento semplice per la preghiera personale, di gruppo e di comunit\u00e0 nel periodo di Avvento-Natale"},"content":{"rendered":"<div id=\"pl-13990\"  class=\"panel-layout\" ><div id=\"pg-13990-0\"  class=\"panel-grid panel-no-style\" ><div id=\"pgc-13990-0-0\"  class=\"panel-grid-cell\" ><div id=\"panel-13990-0-0-0\" class=\"so-panel widget widget_sow-editor panel-first-child panel-last-child\" data-index=\"0\" ><div\n\t\t\t\n\t\t\tclass=\"so-widget-sow-editor so-widget-sow-editor-base\"\n\t\t\t\n\t\t>\n<div class=\"siteorigin-widget-tinymce textwidget\">\n\t<p>La diocesi di Trento, nelle domeniche e nelle festivit\u00e0 di Avvento e Natale (fino al 6 gennaio),\u00a0 propone \u201cTempo di preghiera\u201d. Si tratta di uno strumento semplice per accompagnare la preghiera personale, di gruppo e di comunit\u00e0 attraverso un\u2019immagine, un pensiero, una preghiera e degli approfondimenti volti ad agevolare la comprensione e la riflessione sulla Parola della domenica.<\/p>\n<p>Il materiale sar\u00e0 pubblicato ogni luned\u00ec sulla home page del sito diocesano e inviato tramite WhatsApp e il gioved\u00ec sar\u00e0 divulgato anche sui vari social (Facebook, Instagram, Telegram).<\/p>\n<p>Chi volesse ricevere il materiale attraverso WhatsApp pu\u00f2 scrivere un messaggio al numero 342-862.78.42 con la richiesta \u2013\u00a0<strong>Avvento 2021<\/strong>\u00a0\u2013<\/p>\n<\/div>\n<\/div><\/div><\/div><\/div><div id=\"pg-13990-1\"  class=\"panel-grid panel-no-style\" ><div id=\"pgc-13990-1-0\"  class=\"panel-grid-cell\" ><div id=\"panel-13990-1-0-0\" class=\"so-panel widget widget_media_image panel-first-child panel-last-child\" data-index=\"1\" ><img loading=\"lazy\" decoding=\"async\" width=\"300\" height=\"157\" src=\"https:\/\/www.diocesitn.it\/area-annuncio\/wp-content\/uploads\/sites\/39\/2021\/11\/8-Magi-300x157.jpg\" class=\"image wp-image-14413  attachment-medium size-medium\" alt=\"\" style=\"max-width: 100%; height: auto;\" srcset=\"https:\/\/www.diocesitn.it\/area-annuncio\/wp-content\/uploads\/sites\/39\/2021\/11\/8-Magi-300x157.jpg 300w, https:\/\/www.diocesitn.it\/area-annuncio\/wp-content\/uploads\/sites\/39\/2021\/11\/8-Magi-1024x536.jpg 1024w, https:\/\/www.diocesitn.it\/area-annuncio\/wp-content\/uploads\/sites\/39\/2021\/11\/8-Magi-768x402.jpg 768w, https:\/\/www.diocesitn.it\/area-annuncio\/wp-content\/uploads\/sites\/39\/2021\/11\/8-Magi-360x188.jpg 360w, https:\/\/www.diocesitn.it\/area-annuncio\/wp-content\/uploads\/sites\/39\/2021\/11\/8-Magi-800x419.jpg 800w, https:\/\/www.diocesitn.it\/area-annuncio\/wp-content\/uploads\/sites\/39\/2021\/11\/8-Magi.jpg 1200w\" sizes=\"auto, (max-width: 300px) 100vw, 300px\" \/><\/div><\/div><div id=\"pgc-13990-1-1\"  class=\"panel-grid-cell\" ><div id=\"panel-13990-1-1-0\" class=\"so-panel widget widget_sow-editor panel-first-child panel-last-child\" data-index=\"2\" ><div\n\t\t\t\n\t\t\tclass=\"so-widget-sow-editor so-widget-sow-editor-base\"\n\t\t\t\n\t\t>\n<div class=\"siteorigin-widget-tinymce textwidget\">\n\t<p><a href=\"https:\/\/express.adobe.com\/page\/A1xk5ntXEWReD\/\" target=\"_blank\" rel=\"noopener\">Sguardo di chi cerca - Gioved\u00ec 6 gennaio Epifania del Signore<\/a><\/p>\n<\/div>\n<\/div><\/div><\/div><div id=\"pgc-13990-1-2\"  class=\"panel-grid-cell\" ><div id=\"panel-13990-1-2-0\" class=\"so-panel widget widget_sow-editor panel-first-child panel-last-child\" data-index=\"3\" ><div\n\t\t\t\n\t\t\tclass=\"so-widget-sow-editor so-widget-sow-editor-base\"\n\t\t\t\n\t\t>\n<div class=\"siteorigin-widget-tinymce textwidget\">\n\t<p>&nbsp;<\/p>\n<p>&nbsp;<\/p>\n<p style=\"text-align: center\"><a href=\"https:\/\/www.diocesitn.it\/area-annuncio\/wp-content\/uploads\/sites\/39\/2021\/11\/8-Magi.jpg\" target=\"_blank\" rel=\"noopener\">Scarica immagine<\/a><\/p>\n<\/div>\n<\/div><\/div><\/div><\/div><div id=\"pg-13990-2\"  class=\"panel-grid panel-no-style\" ><div id=\"pgc-13990-2-0\"  class=\"panel-grid-cell\" ><div id=\"panel-13990-2-0-0\" class=\"so-panel widget widget_media_image panel-first-child panel-last-child\" data-index=\"4\" ><img loading=\"lazy\" decoding=\"async\" width=\"300\" height=\"157\" src=\"https:\/\/www.diocesitn.it\/area-annuncio\/wp-content\/uploads\/sites\/39\/2021\/11\/7-Erode-300x157.jpg\" class=\"image wp-image-14239  attachment-medium size-medium\" alt=\"\" style=\"max-width: 100%; height: auto;\" srcset=\"https:\/\/www.diocesitn.it\/area-annuncio\/wp-content\/uploads\/sites\/39\/2021\/11\/7-Erode-300x157.jpg 300w, https:\/\/www.diocesitn.it\/area-annuncio\/wp-content\/uploads\/sites\/39\/2021\/11\/7-Erode-1024x536.jpg 1024w, https:\/\/www.diocesitn.it\/area-annuncio\/wp-content\/uploads\/sites\/39\/2021\/11\/7-Erode-768x402.jpg 768w, https:\/\/www.diocesitn.it\/area-annuncio\/wp-content\/uploads\/sites\/39\/2021\/11\/7-Erode-360x188.jpg 360w, https:\/\/www.diocesitn.it\/area-annuncio\/wp-content\/uploads\/sites\/39\/2021\/11\/7-Erode-800x419.jpg 800w, https:\/\/www.diocesitn.it\/area-annuncio\/wp-content\/uploads\/sites\/39\/2021\/11\/7-Erode.jpg 1200w\" sizes=\"auto, (max-width: 300px) 100vw, 300px\" \/><\/div><\/div><div id=\"pgc-13990-2-1\"  class=\"panel-grid-cell\" ><div id=\"panel-13990-2-1-0\" class=\"so-panel widget widget_sow-editor panel-first-child panel-last-child\" data-index=\"5\" ><div\n\t\t\t\n\t\t\tclass=\"so-widget-sow-editor so-widget-sow-editor-base\"\n\t\t\t\n\t\t>\n<div class=\"siteorigin-widget-tinymce textwidget\">\n\t<p><a href=\"https:\/\/express.adobe.com\/page\/WB7bXqUuB2Q6p\/\" target=\"_blank\" rel=\"noopener\">Sguardo che esclude - Domenica 2 gennaio II dopo Natale<\/a><\/p>\n<\/div>\n<\/div><\/div><\/div><div id=\"pgc-13990-2-2\"  class=\"panel-grid-cell\" ><div id=\"panel-13990-2-2-0\" class=\"so-panel widget widget_sow-editor panel-first-child panel-last-child\" data-index=\"6\" ><div\n\t\t\t\n\t\t\tclass=\"so-widget-sow-editor so-widget-sow-editor-base\"\n\t\t\t\n\t\t>\n<div class=\"siteorigin-widget-tinymce textwidget\">\n\t<p><a href=\"https:\/\/www.diocesitn.it\/area-annuncio\/wp-content\/uploads\/sites\/39\/2021\/11\/7-Erode.jpg\" target=\"_blank\" rel=\"noopener\">Scarica immagine<\/a><\/p>\n<\/div>\n<\/div><\/div><\/div><\/div><div id=\"pg-13990-3\"  class=\"panel-grid panel-no-style\" ><div id=\"pgc-13990-3-0\"  class=\"panel-grid-cell\" ><div id=\"panel-13990-3-0-0\" class=\"so-panel widget widget_media_image panel-first-child panel-last-child\" data-index=\"7\" ><img loading=\"lazy\" decoding=\"async\" width=\"300\" height=\"157\" src=\"https:\/\/www.diocesitn.it\/area-annuncio\/wp-content\/uploads\/sites\/39\/2021\/11\/6-s.-famiglia-300x157.jpg\" class=\"image wp-image-14223  attachment-medium size-medium\" alt=\"\" style=\"max-width: 100%; height: auto;\" srcset=\"https:\/\/www.diocesitn.it\/area-annuncio\/wp-content\/uploads\/sites\/39\/2021\/11\/6-s.-famiglia-300x157.jpg 300w, https:\/\/www.diocesitn.it\/area-annuncio\/wp-content\/uploads\/sites\/39\/2021\/11\/6-s.-famiglia-1024x536.jpg 1024w, https:\/\/www.diocesitn.it\/area-annuncio\/wp-content\/uploads\/sites\/39\/2021\/11\/6-s.-famiglia-768x402.jpg 768w, https:\/\/www.diocesitn.it\/area-annuncio\/wp-content\/uploads\/sites\/39\/2021\/11\/6-s.-famiglia-360x188.jpg 360w, https:\/\/www.diocesitn.it\/area-annuncio\/wp-content\/uploads\/sites\/39\/2021\/11\/6-s.-famiglia-800x419.jpg 800w, https:\/\/www.diocesitn.it\/area-annuncio\/wp-content\/uploads\/sites\/39\/2021\/11\/6-s.-famiglia.jpg 1200w\" sizes=\"auto, (max-width: 300px) 100vw, 300px\" \/><\/div><\/div><div id=\"pgc-13990-3-1\"  class=\"panel-grid-cell\" ><div id=\"panel-13990-3-1-0\" class=\"so-panel widget widget_sow-editor panel-first-child panel-last-child\" data-index=\"8\" ><div\n\t\t\t\n\t\t\tclass=\"so-widget-sow-editor so-widget-sow-editor-base\"\n\t\t\t\n\t\t>\n<div class=\"siteorigin-widget-tinymce textwidget\">\n\t<p><a href=\"https:\/\/express.adobe.com\/page\/lcyGI5rjA4ksp\/\" target=\"_blank\" rel=\"noopener\">Sguardo che Custodisce - Domenica 26 dicembre - S. Famiglia<\/a><\/p>\n<\/div>\n<\/div><\/div><\/div><div id=\"pgc-13990-3-2\"  class=\"panel-grid-cell\" ><div id=\"panel-13990-3-2-0\" class=\"so-panel widget widget_sow-editor panel-first-child panel-last-child\" data-index=\"9\" ><div\n\t\t\t\n\t\t\tclass=\"so-widget-sow-editor so-widget-sow-editor-base\"\n\t\t\t\n\t\t>\n<div class=\"siteorigin-widget-tinymce textwidget\">\n\t<p><a href=\"https:\/\/www.diocesitn.it\/area-annuncio\/wp-content\/uploads\/sites\/39\/2021\/11\/6-s.-famiglia.jpg\" target=\"_blank\" rel=\"noopener\">Scarica immagine<\/a><\/p>\n<\/div>\n<\/div><\/div><\/div><\/div><div id=\"pg-13990-4\"  class=\"panel-grid panel-no-style\" ><div id=\"pgc-13990-4-0\"  class=\"panel-grid-cell\" ><div id=\"panel-13990-4-0-0\" class=\"so-panel widget widget_media_image panel-first-child panel-last-child\" data-index=\"10\" ><img loading=\"lazy\" decoding=\"async\" width=\"300\" height=\"157\" src=\"https:\/\/www.diocesitn.it\/area-annuncio\/wp-content\/uploads\/sites\/39\/2021\/11\/5\u00b0-Natale-300x157.jpg\" class=\"image wp-image-14199  attachment-medium size-medium\" alt=\"\" style=\"max-width: 100%; height: auto;\" srcset=\"https:\/\/www.diocesitn.it\/area-annuncio\/wp-content\/uploads\/sites\/39\/2021\/11\/5\u00b0-Natale-300x157.jpg 300w, https:\/\/www.diocesitn.it\/area-annuncio\/wp-content\/uploads\/sites\/39\/2021\/11\/5\u00b0-Natale-1024x536.jpg 1024w, https:\/\/www.diocesitn.it\/area-annuncio\/wp-content\/uploads\/sites\/39\/2021\/11\/5\u00b0-Natale-768x402.jpg 768w, https:\/\/www.diocesitn.it\/area-annuncio\/wp-content\/uploads\/sites\/39\/2021\/11\/5\u00b0-Natale-360x188.jpg 360w, https:\/\/www.diocesitn.it\/area-annuncio\/wp-content\/uploads\/sites\/39\/2021\/11\/5\u00b0-Natale-800x419.jpg 800w, https:\/\/www.diocesitn.it\/area-annuncio\/wp-content\/uploads\/sites\/39\/2021\/11\/5\u00b0-Natale.jpg 1200w\" sizes=\"auto, (max-width: 300px) 100vw, 300px\" \/><\/div><\/div><div id=\"pgc-13990-4-1\"  class=\"panel-grid-cell\" ><div id=\"panel-13990-4-1-0\" class=\"so-panel widget widget_sow-editor panel-first-child panel-last-child\" data-index=\"11\" ><div\n\t\t\t\n\t\t\tclass=\"so-widget-sow-editor so-widget-sow-editor-base\"\n\t\t\t\n\t\t>\n<div class=\"siteorigin-widget-tinymce textwidget\">\n\t<p>Sguardo che ama - 25 dicembre Natale<\/p>\n<\/div>\n<\/div><\/div><\/div><div id=\"pgc-13990-4-2\"  class=\"panel-grid-cell\" ><div id=\"panel-13990-4-2-0\" class=\"so-panel widget widget_sow-editor panel-first-child panel-last-child\" data-index=\"12\" ><div\n\t\t\t\n\t\t\tclass=\"so-widget-sow-editor so-widget-sow-editor-base\"\n\t\t\t\n\t\t>\n<div class=\"siteorigin-widget-tinymce textwidget\">\n\t<p><a href=\"https:\/\/www.diocesitn.it\/area-annuncio\/wp-content\/uploads\/sites\/39\/2021\/11\/5\u00b0-Natale.jpg\" target=\"_blank\" rel=\"noopener\">Scarica immagine<\/a><\/p>\n<\/div>\n<\/div><\/div><\/div><\/div><div id=\"pg-13990-5\"  class=\"panel-grid panel-no-style\" ><div id=\"pgc-13990-5-0\"  class=\"panel-grid-cell\" ><div id=\"panel-13990-5-0-0\" class=\"so-panel widget widget_media_image panel-first-child panel-last-child\" data-index=\"13\" ><img loading=\"lazy\" decoding=\"async\" width=\"300\" height=\"157\" src=\"https:\/\/www.diocesitn.it\/area-annuncio\/wp-content\/uploads\/sites\/39\/2021\/11\/4\u00b0-avvento-300x157.jpg\" class=\"image wp-image-14130  attachment-medium size-medium\" alt=\"\" style=\"max-width: 100%; height: auto;\" srcset=\"https:\/\/www.diocesitn.it\/area-annuncio\/wp-content\/uploads\/sites\/39\/2021\/11\/4\u00b0-avvento-300x157.jpg 300w, https:\/\/www.diocesitn.it\/area-annuncio\/wp-content\/uploads\/sites\/39\/2021\/11\/4\u00b0-avvento-1024x536.jpg 1024w, https:\/\/www.diocesitn.it\/area-annuncio\/wp-content\/uploads\/sites\/39\/2021\/11\/4\u00b0-avvento-768x402.jpg 768w, https:\/\/www.diocesitn.it\/area-annuncio\/wp-content\/uploads\/sites\/39\/2021\/11\/4\u00b0-avvento-360x188.jpg 360w, https:\/\/www.diocesitn.it\/area-annuncio\/wp-content\/uploads\/sites\/39\/2021\/11\/4\u00b0-avvento-800x419.jpg 800w, https:\/\/www.diocesitn.it\/area-annuncio\/wp-content\/uploads\/sites\/39\/2021\/11\/4\u00b0-avvento.jpg 1200w\" sizes=\"auto, (max-width: 300px) 100vw, 300px\" \/><\/div><\/div><div id=\"pgc-13990-5-1\"  class=\"panel-grid-cell\" ><div id=\"panel-13990-5-1-0\" class=\"so-panel widget widget_sow-editor panel-first-child panel-last-child\" data-index=\"14\" ><div\n\t\t\t\n\t\t\tclass=\"so-widget-sow-editor so-widget-sow-editor-base\"\n\t\t\t\n\t\t>\n<div class=\"siteorigin-widget-tinymce textwidget\">\n\t<p><a href=\"https:\/\/spark.adobe.com\/page\/vQUU4DknxxqqR\/\" target=\"_blank\" rel=\"noopener\">Sguardo Meravigliato - Domenica 19 dicembre IV di Avvento<\/a><\/p>\n<\/div>\n<\/div><\/div><\/div><div id=\"pgc-13990-5-2\"  class=\"panel-grid-cell\" ><div id=\"panel-13990-5-2-0\" class=\"so-panel widget widget_sow-editor panel-first-child panel-last-child\" data-index=\"15\" ><div\n\t\t\t\n\t\t\tclass=\"so-widget-sow-editor so-widget-sow-editor-base\"\n\t\t\t\n\t\t>\n<div class=\"siteorigin-widget-tinymce textwidget\">\n\t<p><a href=\"https:\/\/www.diocesitn.it\/area-annuncio\/wp-content\/uploads\/sites\/39\/2021\/11\/4\u00b0-avvento.jpg\" target=\"_blank\" rel=\"noopener\">Scarica immagine<\/a><\/p>\n<\/div>\n<\/div><\/div><\/div><\/div><div id=\"pg-13990-6\"  class=\"panel-grid panel-no-style\" ><div id=\"pgc-13990-6-0\"  class=\"panel-grid-cell\" ><div id=\"panel-13990-6-0-0\" class=\"so-panel widget widget_media_image panel-first-child panel-last-child\" data-index=\"16\" ><img loading=\"lazy\" decoding=\"async\" width=\"300\" height=\"157\" src=\"https:\/\/www.diocesitn.it\/area-annuncio\/wp-content\/uploads\/sites\/39\/2021\/11\/3\u00b0-avvento-300x157.jpg\" class=\"image wp-image-14085  attachment-medium size-medium\" alt=\"\" style=\"max-width: 100%; height: auto;\" srcset=\"https:\/\/www.diocesitn.it\/area-annuncio\/wp-content\/uploads\/sites\/39\/2021\/11\/3\u00b0-avvento-300x157.jpg 300w, https:\/\/www.diocesitn.it\/area-annuncio\/wp-content\/uploads\/sites\/39\/2021\/11\/3\u00b0-avvento-1024x536.jpg 1024w, https:\/\/www.diocesitn.it\/area-annuncio\/wp-content\/uploads\/sites\/39\/2021\/11\/3\u00b0-avvento-768x402.jpg 768w, https:\/\/www.diocesitn.it\/area-annuncio\/wp-content\/uploads\/sites\/39\/2021\/11\/3\u00b0-avvento-360x188.jpg 360w, https:\/\/www.diocesitn.it\/area-annuncio\/wp-content\/uploads\/sites\/39\/2021\/11\/3\u00b0-avvento-800x419.jpg 800w, https:\/\/www.diocesitn.it\/area-annuncio\/wp-content\/uploads\/sites\/39\/2021\/11\/3\u00b0-avvento.jpg 1200w\" sizes=\"auto, (max-width: 300px) 100vw, 300px\" \/><\/div><\/div><div id=\"pgc-13990-6-1\"  class=\"panel-grid-cell\" ><div id=\"panel-13990-6-1-0\" class=\"so-panel widget widget_sow-editor panel-first-child panel-last-child\" data-index=\"17\" ><div\n\t\t\t\n\t\t\tclass=\"so-widget-sow-editor so-widget-sow-editor-base\"\n\t\t\t\n\t\t>\n<div class=\"siteorigin-widget-tinymce textwidget\">\n\t<p><a href=\"https:\/\/spark.adobe.com\/page\/kokAy4FautTqv\/\" target=\"_blank\" rel=\"noopener\">Sguardo Gioioso - Domenica 12 dicembre III di Avvento<\/a><\/p>\n<\/div>\n<\/div><\/div><\/div><div id=\"pgc-13990-6-2\"  class=\"panel-grid-cell\" ><div id=\"panel-13990-6-2-0\" class=\"so-panel widget widget_sow-editor panel-first-child panel-last-child\" data-index=\"18\" ><div\n\t\t\t\n\t\t\tclass=\"so-widget-sow-editor so-widget-sow-editor-base\"\n\t\t\t\n\t\t>\n<div class=\"siteorigin-widget-tinymce textwidget\">\n\t<p><a href=\"https:\/\/www.diocesitn.it\/area-annuncio\/wp-content\/uploads\/sites\/39\/2021\/11\/3\u00b0-avvento.jpg\" target=\"_blank\" rel=\"noopener\">Scarica immagine<\/a><\/p>\n<\/div>\n<\/div><\/div><\/div><\/div><div id=\"pg-13990-7\"  class=\"panel-grid panel-no-style\" ><div id=\"pgc-13990-7-0\"  class=\"panel-grid-cell\" ><div id=\"panel-13990-7-0-0\" class=\"so-panel widget widget_media_image panel-first-child panel-last-child\" data-index=\"19\" ><img loading=\"lazy\" decoding=\"async\" width=\"300\" height=\"157\" src=\"https:\/\/www.diocesitn.it\/area-annuncio\/wp-content\/uploads\/sites\/39\/2021\/11\/2a\u00b0-immacolata-300x157.jpg\" class=\"image wp-image-14074  attachment-medium size-medium\" alt=\"\" style=\"max-width: 100%; height: auto;\" srcset=\"https:\/\/www.diocesitn.it\/area-annuncio\/wp-content\/uploads\/sites\/39\/2021\/11\/2a\u00b0-immacolata-300x157.jpg 300w, https:\/\/www.diocesitn.it\/area-annuncio\/wp-content\/uploads\/sites\/39\/2021\/11\/2a\u00b0-immacolata-1024x536.jpg 1024w, https:\/\/www.diocesitn.it\/area-annuncio\/wp-content\/uploads\/sites\/39\/2021\/11\/2a\u00b0-immacolata-768x402.jpg 768w, https:\/\/www.diocesitn.it\/area-annuncio\/wp-content\/uploads\/sites\/39\/2021\/11\/2a\u00b0-immacolata-360x188.jpg 360w, https:\/\/www.diocesitn.it\/area-annuncio\/wp-content\/uploads\/sites\/39\/2021\/11\/2a\u00b0-immacolata-800x419.jpg 800w, https:\/\/www.diocesitn.it\/area-annuncio\/wp-content\/uploads\/sites\/39\/2021\/11\/2a\u00b0-immacolata.jpg 1200w\" sizes=\"auto, (max-width: 300px) 100vw, 300px\" \/><\/div><\/div><div id=\"pgc-13990-7-1\"  class=\"panel-grid-cell\" ><div id=\"panel-13990-7-1-0\" class=\"so-panel widget widget_sow-editor panel-first-child panel-last-child\" data-index=\"20\" ><div\n\t\t\t\n\t\t\tclass=\"so-widget-sow-editor so-widget-sow-editor-base\"\n\t\t\t\n\t\t>\n<div class=\"siteorigin-widget-tinymce textwidget\">\n\t<p><a href=\"https:\/\/spark.adobe.com\/page\/P4wMH0afSxZmJ\/\" target=\"_blank\" rel=\"noopener\">Sguardo Fiducioso - mercoled\u00ec 8 dicembre Immacolata B.V. Maria<\/a><\/p>\n<\/div>\n<\/div><\/div><\/div><div id=\"pgc-13990-7-2\"  class=\"panel-grid-cell\" ><div id=\"panel-13990-7-2-0\" class=\"so-panel widget widget_sow-editor panel-first-child panel-last-child\" data-index=\"21\" ><div\n\t\t\t\n\t\t\tclass=\"so-widget-sow-editor so-widget-sow-editor-base\"\n\t\t\t\n\t\t>\n<div class=\"siteorigin-widget-tinymce textwidget\">\n\t<p><a href=\"https:\/\/www.diocesitn.it\/area-annuncio\/wp-content\/uploads\/sites\/39\/2021\/11\/2a\u00b0-immacolata.jpg\" target=\"_blank\" rel=\"noopener\">Scarica immagine<\/a><\/p>\n<\/div>\n<\/div><\/div><\/div><\/div><div id=\"pg-13990-8\"  class=\"panel-grid panel-no-style\" ><div id=\"pgc-13990-8-0\"  class=\"panel-grid-cell\" ><div id=\"panel-13990-8-0-0\" class=\"so-panel widget widget_media_image panel-first-child panel-last-child\" data-index=\"22\" ><img loading=\"lazy\" decoding=\"async\" width=\"300\" height=\"157\" src=\"https:\/\/www.diocesitn.it\/area-annuncio\/wp-content\/uploads\/sites\/39\/2021\/11\/2\u00b0-avvento-300x157.jpg\" class=\"image wp-image-14023  attachment-medium size-medium\" alt=\"\" style=\"max-width: 100%; height: auto;\" srcset=\"https:\/\/www.diocesitn.it\/area-annuncio\/wp-content\/uploads\/sites\/39\/2021\/11\/2\u00b0-avvento-300x157.jpg 300w, https:\/\/www.diocesitn.it\/area-annuncio\/wp-content\/uploads\/sites\/39\/2021\/11\/2\u00b0-avvento-1024x536.jpg 1024w, https:\/\/www.diocesitn.it\/area-annuncio\/wp-content\/uploads\/sites\/39\/2021\/11\/2\u00b0-avvento-768x402.jpg 768w, https:\/\/www.diocesitn.it\/area-annuncio\/wp-content\/uploads\/sites\/39\/2021\/11\/2\u00b0-avvento-360x188.jpg 360w, https:\/\/www.diocesitn.it\/area-annuncio\/wp-content\/uploads\/sites\/39\/2021\/11\/2\u00b0-avvento-800x419.jpg 800w, https:\/\/www.diocesitn.it\/area-annuncio\/wp-content\/uploads\/sites\/39\/2021\/11\/2\u00b0-avvento.jpg 1200w\" sizes=\"auto, (max-width: 300px) 100vw, 300px\" \/><\/div><\/div><div id=\"pgc-13990-8-1\"  class=\"panel-grid-cell\" ><div id=\"panel-13990-8-1-0\" class=\"so-panel widget widget_sow-editor panel-first-child panel-last-child\" data-index=\"23\" ><div\n\t\t\t\n\t\t\tclass=\"so-widget-sow-editor so-widget-sow-editor-base\"\n\t\t\t\n\t\t>\n<div class=\"siteorigin-widget-tinymce textwidget\">\n\t<p><a href=\"https:\/\/spark.adobe.com\/page\/dgTYPNuoVqcPa\/\" target=\"_blank\" rel=\"noopener\">Sguardo Accogliente - domenica 5 dicembre II di Avvento<\/a><\/p>\n<\/div>\n<\/div><\/div><\/div><div id=\"pgc-13990-8-2\"  class=\"panel-grid-cell\" ><div id=\"panel-13990-8-2-0\" class=\"so-panel widget widget_sow-editor panel-first-child panel-last-child\" data-index=\"24\" ><div\n\t\t\t\n\t\t\tclass=\"so-widget-sow-editor so-widget-sow-editor-base\"\n\t\t\t\n\t\t>\n<div class=\"siteorigin-widget-tinymce textwidget\">\n\t<p><a href=\"https:\/\/www.diocesitn.it\/area-annuncio\/wp-content\/uploads\/sites\/39\/2021\/11\/2\u00b0-avvento.jpg\" target=\"_blank\" rel=\"noopener\">Scarica immagine<\/a><\/p>\n<\/div>\n<\/div><\/div><\/div><\/div><div id=\"pg-13990-9\"  class=\"panel-grid panel-no-style\" ><div id=\"pgc-13990-9-0\"  class=\"panel-grid-cell\" ><div id=\"panel-13990-9-0-0\" class=\"so-panel widget widget_media_image panel-first-child panel-last-child\" data-index=\"25\" ><img loading=\"lazy\" decoding=\"async\" width=\"300\" height=\"157\" src=\"https:\/\/www.diocesitn.it\/area-annuncio\/wp-content\/uploads\/sites\/39\/2021\/11\/1\u00b0-avvento-300x157.jpg\" class=\"image wp-image-13984  attachment-medium size-medium\" alt=\"\" style=\"max-width: 100%; height: auto;\" srcset=\"https:\/\/www.diocesitn.it\/area-annuncio\/wp-content\/uploads\/sites\/39\/2021\/11\/1\u00b0-avvento-300x157.jpg 300w, https:\/\/www.diocesitn.it\/area-annuncio\/wp-content\/uploads\/sites\/39\/2021\/11\/1\u00b0-avvento-1024x536.jpg 1024w, https:\/\/www.diocesitn.it\/area-annuncio\/wp-content\/uploads\/sites\/39\/2021\/11\/1\u00b0-avvento-768x402.jpg 768w, https:\/\/www.diocesitn.it\/area-annuncio\/wp-content\/uploads\/sites\/39\/2021\/11\/1\u00b0-avvento-360x188.jpg 360w, https:\/\/www.diocesitn.it\/area-annuncio\/wp-content\/uploads\/sites\/39\/2021\/11\/1\u00b0-avvento-800x419.jpg 800w, https:\/\/www.diocesitn.it\/area-annuncio\/wp-content\/uploads\/sites\/39\/2021\/11\/1\u00b0-avvento.jpg 1200w\" sizes=\"auto, (max-width: 300px) 100vw, 300px\" \/><\/div><\/div><div id=\"pgc-13990-9-1\"  class=\"panel-grid-cell\" ><div id=\"panel-13990-9-1-0\" class=\"so-panel widget widget_sow-editor panel-first-child panel-last-child\" data-index=\"26\" ><div\n\t\t\t\n\t\t\tclass=\"so-widget-sow-editor so-widget-sow-editor-base\"\n\t\t\t\n\t\t>\n<div class=\"siteorigin-widget-tinymce textwidget\">\n\t<p><a href=\"https:\/\/spark.adobe.com\/page\/CcLJSqQX8nFjP\/\" target=\"_blank\" rel=\"noopener\">Sguardo attento - domenica 28 novembre I di Avvento<\/a><\/p>\n<\/div>\n<\/div><\/div><\/div><div id=\"pgc-13990-9-2\"  class=\"panel-grid-cell\" ><div id=\"panel-13990-9-2-0\" class=\"so-panel widget widget_sow-editor panel-first-child panel-last-child\" data-index=\"27\" ><div\n\t\t\t\n\t\t\tclass=\"so-widget-sow-editor so-widget-sow-editor-base\"\n\t\t\t\n\t\t>\n<div class=\"siteorigin-widget-tinymce textwidget\">\n\t<p><a href=\"https:\/\/www.diocesitn.it\/area-annuncio\/wp-content\/uploads\/sites\/39\/2021\/11\/1\u00b0-avvento.jpg\" target=\"_blank\" rel=\"noopener\">Scarica immagine<\/a><\/p>\n<\/div>\n<\/div><\/div><\/div><\/div><\/div>","protected":false},"excerpt":{"rendered":"<p>La diocesi di Trento, nelle domeniche e nelle festivit\u00e0 di Avvento e Natale (fino al 6 gennaio),\u00a0 propone \u201cTempo di preghiera\u201d. Si tratta di uno strumento semplice per accompagnare la preghiera personale, di gruppo e<\/p>\n","protected":false},"author":14,"featured_media":14413,"comment_status":"closed","ping_status":"closed","sticky":false,"template":"","format":"standard","meta":{"footnotes":""},"categories":[763,913,608],"tags":[222,918,240],"class_list":["post-13990","post","type-post","status-publish","format-standard","has-post-thumbnail","hentry","category-annuncio-e-sacramenti","category-area-annuncio-e-sacramenti","category-notizie","tag-avvento","tag-natale","tag-preghiera"],"acf":{"seed-localization-paese-cod":"IT","seed-localization-address":"","seed-localization-citta":"Trento","seed-localization-regione-cod-istat":"04","seed-localization-citta-cod-istat":"022205","seed-localization-localita":"","seed-localization-cap":"","seed-localization-marker-visibility":false,"seed-localization-children-visibility":false,"seed-localization-kml":"","seed-localization-custom-marker":""},"yoast_head":"<!-- This site is optimized with the Yoast SEO Premium plugin v20.2.1 (Yoast SEO v22.2) - https:\/\/yoast.com\/wordpress\/plugins\/seo\/ -->\n<title>Tempo di preghiera \u2013 uno strumento semplice per la preghiera personale, di gruppo e di comunit\u00e0 nel periodo di Avvento-Natale - Annuncio e Sacramenti - Chiesa di Trento<\/title>\n<meta name=\"robots\" content=\"index, follow, max-snippet:-1, max-image-preview:large, max-video-preview:-1\" \/>\n<link rel=\"canonical\" href=\"https:\/\/www.diocesitn.it\/area-annuncio\/2021\/11\/22\/tempo-di-preghiera-avvento-natale-2021\/\" \/>\n<meta property=\"og:locale\" content=\"it_IT\" \/>\n<meta property=\"og:type\" content=\"article\" \/>\n<meta property=\"og:title\" content=\"Tempo di preghiera \u2013 uno strumento semplice per la preghiera personale, di gruppo e di comunit\u00e0 nel periodo di Avvento-Natale\" \/>\n<meta property=\"og:description\" content=\"La diocesi di Trento, nelle domeniche e nelle festivit\u00e0 di Avvento e Natale (fino al 6 gennaio),\u00a0 propone \u201cTempo di preghiera\u201d. Si tratta di uno strumento semplice per accompagnare la preghiera personale, di gruppo e\" \/>\n<meta property=\"og:url\" content=\"https:\/\/www.diocesitn.it\/area-annuncio\/2021\/11\/22\/tempo-di-preghiera-avvento-natale-2021\/\" \/>\n<meta property=\"og:site_name\" content=\"Annuncio e Sacramenti\" \/>\n<meta property=\"article:publisher\" content=\"https:\/\/www.facebook.com\/pastoralegiovanile.trento\/\" \/>\n<meta property=\"article:published_time\" content=\"2021-11-22T15:23:00+00:00\" \/>\n<meta property=\"article:modified_time\" content=\"2022-02-28T09:06:05+00:00\" \/>\n<meta property=\"og:image\" content=\"https:\/\/www.diocesitn.it\/area-annuncio\/wp-content\/uploads\/sites\/39\/2021\/11\/8-Magi.jpg\" \/>\n\t<meta property=\"og:image:width\" content=\"1200\" \/>\n\t<meta property=\"og:image:height\" content=\"628\" \/>\n\t<meta property=\"og:image:type\" content=\"image\/jpeg\" \/>\n<meta name=\"author\" content=\"travanelli\" \/>\n<meta name=\"twitter:card\" content=\"summary_large_image\" \/>\n<meta name=\"twitter:label1\" content=\"Scritto da\" \/>\n\t<meta name=\"twitter:data1\" content=\"travanelli\" \/>\n\t<meta name=\"twitter:label2\" content=\"Tempo di lettura stimato\" \/>\n\t<meta name=\"twitter:data2\" content=\"2 minuti\" \/>\n<script type=\"application\/ld+json\" class=\"yoast-schema-graph\">{\"@context\":\"https:\/\/schema.org\",\"@graph\":[{\"@type\":\"Article\",\"@id\":\"https:\/\/www.diocesitn.it\/area-annuncio\/2021\/11\/22\/tempo-di-preghiera-avvento-natale-2021\/#article\",\"isPartOf\":{\"@id\":\"https:\/\/www.diocesitn.it\/area-annuncio\/2021\/11\/22\/tempo-di-preghiera-avvento-natale-2021\/\"},\"author\":{\"name\":\"travanelli\",\"@id\":\"https:\/\/www.diocesitn.it\/area-annuncio\/#\/schema\/person\/55912816e02fae9c8b1fde79ff8e6be2\"},\"headline\":\"Tempo di preghiera \u2013 uno strumento semplice per la preghiera personale, di gruppo e di comunit\u00e0 nel periodo di Avvento-Natale\",\"datePublished\":\"2021-11-22T15:23:00+00:00\",\"dateModified\":\"2022-02-28T09:06:05+00:00\",\"mainEntityOfPage\":{\"@id\":\"https:\/\/www.diocesitn.it\/area-annuncio\/2021\/11\/22\/tempo-di-preghiera-avvento-natale-2021\/\"},\"wordCount\":299,\"publisher\":{\"@id\":\"https:\/\/www.diocesitn.it\/area-annuncio\/#organization\"},\"image\":{\"@id\":\"https:\/\/www.diocesitn.it\/area-annuncio\/2021\/11\/22\/tempo-di-preghiera-avvento-natale-2021\/#primaryimage\"},\"thumbnailUrl\":\"https:\/\/www.diocesitn.it\/area-annuncio\/wp-content\/uploads\/sites\/39\/2021\/11\/8-Magi.jpg\",\"keywords\":[\"avvento\",\"Natale\",\"preghiera\"],\"articleSection\":[\"Annuncio e Sacramenti\",\"Area Annuncio e Sacramenti\",\"Notizie\"],\"inLanguage\":\"it-IT\",\"copyrightYear\":\"2021\",\"copyrightHolder\":{\"@id\":\"https:\/\/www.diocesitn.it\/#organization\"}},{\"@type\":\"WebPage\",\"@id\":\"https:\/\/www.diocesitn.it\/area-annuncio\/2021\/11\/22\/tempo-di-preghiera-avvento-natale-2021\/\",\"url\":\"https:\/\/www.diocesitn.it\/area-annuncio\/2021\/11\/22\/tempo-di-preghiera-avvento-natale-2021\/\",\"name\":\"Tempo di preghiera \u2013 uno strumento semplice per la preghiera personale, di gruppo e di comunit\u00e0 nel periodo di Avvento-Natale - Annuncio e Sacramenti - Chiesa di Trento\",\"isPartOf\":{\"@id\":\"https:\/\/www.diocesitn.it\/area-annuncio\/#website\"},\"primaryImageOfPage\":{\"@id\":\"https:\/\/www.diocesitn.it\/area-annuncio\/2021\/11\/22\/tempo-di-preghiera-avvento-natale-2021\/#primaryimage\"},\"image\":{\"@id\":\"https:\/\/www.diocesitn.it\/area-annuncio\/2021\/11\/22\/tempo-di-preghiera-avvento-natale-2021\/#primaryimage\"},\"thumbnailUrl\":\"https:\/\/www.diocesitn.it\/area-annuncio\/wp-content\/uploads\/sites\/39\/2021\/11\/8-Magi.jpg\",\"datePublished\":\"2021-11-22T15:23:00+00:00\",\"dateModified\":\"2022-02-28T09:06:05+00:00\",\"breadcrumb\":{\"@id\":\"https:\/\/www.diocesitn.it\/area-annuncio\/2021\/11\/22\/tempo-di-preghiera-avvento-natale-2021\/#breadcrumb\"},\"inLanguage\":\"it-IT\",\"potentialAction\":[{\"@type\":\"ReadAction\",\"target\":[\"https:\/\/www.diocesitn.it\/area-annuncio\/2021\/11\/22\/tempo-di-preghiera-avvento-natale-2021\/\"]}]},{\"@type\":\"ImageObject\",\"inLanguage\":\"it-IT\",\"@id\":\"https:\/\/www.diocesitn.it\/area-annuncio\/2021\/11\/22\/tempo-di-preghiera-avvento-natale-2021\/#primaryimage\",\"url\":\"https:\/\/www.diocesitn.it\/area-annuncio\/wp-content\/uploads\/sites\/39\/2021\/11\/8-Magi.jpg\",\"contentUrl\":\"https:\/\/www.diocesitn.it\/area-annuncio\/wp-content\/uploads\/sites\/39\/2021\/11\/8-Magi.jpg\",\"width\":1200,\"height\":628},{\"@type\":\"BreadcrumbList\",\"@id\":\"https:\/\/www.diocesitn.it\/area-annuncio\/2021\/11\/22\/tempo-di-preghiera-avvento-natale-2021\/#breadcrumb\",\"itemListElement\":[{\"@type\":\"ListItem\",\"position\":1,\"name\":\"Home\",\"item\":\"https:\/\/www.diocesitn.it\/area-annuncio\/\"},{\"@type\":\"ListItem\",\"position\":2,\"name\":\"Tempo di preghiera \u2013 uno strumento semplice per la preghiera personale, di gruppo e di comunit\u00e0 nel periodo di Avvento-Natale\"}]},{\"@type\":\"WebSite\",\"@id\":\"https:\/\/www.diocesitn.it\/area-annuncio\/#website\",\"url\":\"https:\/\/www.diocesitn.it\/area-annuncio\/\",\"name\":\"Annuncio e Sacramenti\",\"description\":\"Chiesa di Trento\",\"publisher\":{\"@id\":\"https:\/\/www.diocesitn.it\/area-annuncio\/#organization\"},\"potentialAction\":[{\"@type\":\"SearchAction\",\"target\":{\"@type\":\"EntryPoint\",\"urlTemplate\":\"https:\/\/www.diocesitn.it\/area-annuncio\/?s={search_term_string}\"},\"query-input\":\"required name=search_term_string\"}],\"inLanguage\":\"it-IT\"},{\"@type\":[\"Organization\",\"Place\"],\"@id\":\"https:\/\/www.diocesitn.it\/area-annuncio\/#organization\",\"name\":\"Area Annuncio e Sacramenti - Chiesa di Trento\",\"url\":\"https:\/\/www.diocesitn.it\/area-annuncio\/\",\"logo\":{\"@id\":\"https:\/\/www.diocesitn.it\/area-annuncio\/2021\/11\/22\/tempo-di-preghiera-avvento-natale-2021\/#local-main-organization-logo\"},\"image\":{\"@id\":\"https:\/\/www.diocesitn.it\/area-annuncio\/2021\/11\/22\/tempo-di-preghiera-avvento-natale-2021\/#local-main-organization-logo\"},\"sameAs\":[\"https:\/\/www.facebook.com\/pastoralegiovanile.trento\/\",\"https:\/\/www.instagram.com\/pastoralegiovaniletrento\/\",\"https:\/\/www.youtube.com\/channel\/UCGt7hyJaIQIkrQPos4K6L6w\"],\"openingHoursSpecification\":[{\"@type\":\"OpeningHoursSpecification\",\"dayOfWeek\":[\"Monday\",\"Tuesday\",\"Wednesday\",\"Thursday\",\"Friday\",\"Saturday\",\"Sunday\"],\"opens\":\"09:00\",\"closes\":\"17:00\"}]},{\"@type\":\"ImageObject\",\"inLanguage\":\"it-IT\",\"@id\":\"https:\/\/www.diocesitn.it\/area-annuncio\/2021\/11\/22\/tempo-di-preghiera-avvento-natale-2021\/#local-main-organization-logo\",\"url\":\"https:\/\/www.diocesitn.it\/area-annuncio\/wp-content\/uploads\/sites\/39\/2021\/09\/og-logo-annuncio-e-sacramenti.jpg\",\"contentUrl\":\"https:\/\/www.diocesitn.it\/area-annuncio\/wp-content\/uploads\/sites\/39\/2021\/09\/og-logo-annuncio-e-sacramenti.jpg\",\"width\":1200,\"height\":630,\"caption\":\"Area Annuncio e Sacramenti - Chiesa di Trento\"}]}<\/script>\n<!-- \/ Yoast SEO Premium plugin. -->","yoast_head_json":{"title":"Tempo di preghiera \u2013 uno strumento semplice per la preghiera personale, di gruppo e di comunit\u00e0 nel periodo di Avvento-Natale - Annuncio e Sacramenti - Chiesa di Trento","robots":{"index":"index","follow":"follow","max-snippet":"max-snippet:-1","max-image-preview":"max-image-preview:large","max-video-preview":"max-video-preview:-1"},"canonical":"https:\/\/www.diocesitn.it\/area-annuncio\/2021\/11\/22\/tempo-di-preghiera-avvento-natale-2021\/","og_locale":"it_IT","og_type":"article","og_title":"Tempo di preghiera \u2013 uno strumento semplice per la preghiera personale, di gruppo e di comunit\u00e0 nel periodo di Avvento-Natale","og_description":"La diocesi di Trento, nelle domeniche e nelle festivit\u00e0 di Avvento e Natale (fino al 6 gennaio),\u00a0 propone \u201cTempo di preghiera\u201d. Si tratta di uno strumento semplice per accompagnare la preghiera personale, di gruppo e","og_url":"https:\/\/www.diocesitn.it\/area-annuncio\/2021\/11\/22\/tempo-di-preghiera-avvento-natale-2021\/","og_site_name":"Annuncio e Sacramenti","article_publisher":"https:\/\/www.facebook.com\/pastoralegiovanile.trento\/","article_published_time":"2021-11-22T15:23:00+00:00","article_modified_time":"2022-02-28T09:06:05+00:00","og_image":[{"width":1200,"height":628,"url":"https:\/\/www.diocesitn.it\/area-annuncio\/wp-content\/uploads\/sites\/39\/2021\/11\/8-Magi.jpg","type":"image\/jpeg"}],"author":"travanelli","twitter_card":"summary_large_image","twitter_misc":{"Scritto da":"travanelli","Tempo di lettura stimato":"2 minuti"},"schema":{"@context":"https:\/\/schema.org","@graph":[{"@type":"Article","@id":"https:\/\/www.diocesitn.it\/area-annuncio\/2021\/11\/22\/tempo-di-preghiera-avvento-natale-2021\/#article","isPartOf":{"@id":"https:\/\/www.diocesitn.it\/area-annuncio\/2021\/11\/22\/tempo-di-preghiera-avvento-natale-2021\/"},"author":{"name":"travanelli","@id":"https:\/\/www.diocesitn.it\/area-annuncio\/#\/schema\/person\/55912816e02fae9c8b1fde79ff8e6be2"},"headline":"Tempo di preghiera \u2013 uno strumento semplice per la preghiera personale, di gruppo e di comunit\u00e0 nel periodo di Avvento-Natale","datePublished":"2021-11-22T15:23:00+00:00","dateModified":"2022-02-28T09:06:05+00:00","mainEntityOfPage":{"@id":"https:\/\/www.diocesitn.it\/area-annuncio\/2021\/11\/22\/tempo-di-preghiera-avvento-natale-2021\/"},"wordCount":299,"publisher":{"@id":"https:\/\/www.diocesitn.it\/area-annuncio\/#organization"},"image":{"@id":"https:\/\/www.diocesitn.it\/area-annuncio\/2021\/11\/22\/tempo-di-preghiera-avvento-natale-2021\/#primaryimage"},"thumbnailUrl":"https:\/\/www.diocesitn.it\/area-annuncio\/wp-content\/uploads\/sites\/39\/2021\/11\/8-Magi.jpg","keywords":["avvento","Natale","preghiera"],"articleSection":["Annuncio e Sacramenti","Area Annuncio e Sacramenti","Notizie"],"inLanguage":"it-IT","copyrightYear":"2021","copyrightHolder":{"@id":"https:\/\/www.diocesitn.it\/#organization"}},{"@type":"WebPage","@id":"https:\/\/www.diocesitn.it\/area-annuncio\/2021\/11\/22\/tempo-di-preghiera-avvento-natale-2021\/","url":"https:\/\/www.diocesitn.it\/area-annuncio\/2021\/11\/22\/tempo-di-preghiera-avvento-natale-2021\/","name":"Tempo di preghiera \u2013 uno strumento semplice per la preghiera personale, di gruppo e di comunit\u00e0 nel periodo di Avvento-Natale - Annuncio e Sacramenti - Chiesa di Trento","isPartOf":{"@id":"https:\/\/www.diocesitn.it\/area-annuncio\/#website"},"primaryImageOfPage":{"@id":"https:\/\/www.diocesitn.it\/area-annuncio\/2021\/11\/22\/tempo-di-preghiera-avvento-natale-2021\/#primaryimage"},"image":{"@id":"https:\/\/www.diocesitn.it\/area-annuncio\/2021\/11\/22\/tempo-di-preghiera-avvento-natale-2021\/#primaryimage"},"thumbnailUrl":"https:\/\/www.diocesitn.it\/area-annuncio\/wp-content\/uploads\/sites\/39\/2021\/11\/8-Magi.jpg","datePublished":"2021-11-22T15:23:00+00:00","dateModified":"2022-02-28T09:06:05+00:00","breadcrumb":{"@id":"https:\/\/www.diocesitn.it\/area-annuncio\/2021\/11\/22\/tempo-di-preghiera-avvento-natale-2021\/#breadcrumb"},"inLanguage":"it-IT","potentialAction":[{"@type":"ReadAction","target":["https:\/\/www.diocesitn.it\/area-annuncio\/2021\/11\/22\/tempo-di-preghiera-avvento-natale-2021\/"]}]},{"@type":"ImageObject","inLanguage":"it-IT","@id":"https:\/\/www.diocesitn.it\/area-annuncio\/2021\/11\/22\/tempo-di-preghiera-avvento-natale-2021\/#primaryimage","url":"https:\/\/www.diocesitn.it\/area-annuncio\/wp-content\/uploads\/sites\/39\/2021\/11\/8-Magi.jpg","contentUrl":"https:\/\/www.diocesitn.it\/area-annuncio\/wp-content\/uploads\/sites\/39\/2021\/11\/8-Magi.jpg","width":1200,"height":628},{"@type":"BreadcrumbList","@id":"https:\/\/www.diocesitn.it\/area-annuncio\/2021\/11\/22\/tempo-di-preghiera-avvento-natale-2021\/#breadcrumb","itemListElement":[{"@type":"ListItem","position":1,"name":"Home","item":"https:\/\/www.diocesitn.it\/area-annuncio\/"},{"@type":"ListItem","position":2,"name":"Tempo di preghiera \u2013 uno strumento semplice per la preghiera personale, di gruppo e di comunit\u00e0 nel periodo di Avvento-Natale"}]},{"@type":"WebSite","@id":"https:\/\/www.diocesitn.it\/area-annuncio\/#website","url":"https:\/\/www.diocesitn.it\/area-annuncio\/","name":"Annuncio e Sacramenti","description":"Chiesa di Trento","publisher":{"@id":"https:\/\/www.diocesitn.it\/area-annuncio\/#organization"},"potentialAction":[{"@type":"SearchAction","target":{"@type":"EntryPoint","urlTemplate":"https:\/\/www.diocesitn.it\/area-annuncio\/?s={search_term_string}"},"query-input":"required name=search_term_string"}],"inLanguage":"it-IT"},{"@type":["Organization","Place"],"@id":"https:\/\/www.diocesitn.it\/area-annuncio\/#organization","name":"Area Annuncio e Sacramenti - Chiesa di Trento","url":"https:\/\/www.diocesitn.it\/area-annuncio\/","logo":{"@id":"https:\/\/www.diocesitn.it\/area-annuncio\/2021\/11\/22\/tempo-di-preghiera-avvento-natale-2021\/#local-main-organization-logo"},"image":{"@id":"https:\/\/www.diocesitn.it\/area-annuncio\/2021\/11\/22\/tempo-di-preghiera-avvento-natale-2021\/#local-main-organization-logo"},"sameAs":["https:\/\/www.facebook.com\/pastoralegiovanile.trento\/","https:\/\/www.instagram.com\/pastoralegiovaniletrento\/","https:\/\/www.youtube.com\/channel\/UCGt7hyJaIQIkrQPos4K6L6w"],"openingHoursSpecification":[{"@type":"OpeningHoursSpecification","dayOfWeek":["Monday","Tuesday","Wednesday","Thursday","Friday","Saturday","Sunday"],"opens":"09:00","closes":"17:00"}]},{"@type":"ImageObject","inLanguage":"it-IT","@id":"https:\/\/www.diocesitn.it\/area-annuncio\/2021\/11\/22\/tempo-di-preghiera-avvento-natale-2021\/#local-main-organization-logo","url":"https:\/\/www.diocesitn.it\/area-annuncio\/wp-content\/uploads\/sites\/39\/2021\/09\/og-logo-annuncio-e-sacramenti.jpg","contentUrl":"https:\/\/www.diocesitn.it\/area-annuncio\/wp-content\/uploads\/sites\/39\/2021\/09\/og-logo-annuncio-e-sacramenti.jpg","width":1200,"height":630,"caption":"Area Annuncio e Sacramenti - Chiesa di Trento"}]}},"_links":{"self":[{"href":"https:\/\/www.diocesitn.it\/area-annuncio\/wp-json\/wp\/v2\/posts\/13990","targetHints":{"allow":["GET"]}}],"collection":[{"href":"https:\/\/www.diocesitn.it\/area-annuncio\/wp-json\/wp\/v2\/posts"}],"about":[{"href":"https:\/\/www.diocesitn.it\/area-annuncio\/wp-json\/wp\/v2\/types\/post"}],"author":[{"embeddable":true,"href":"https:\/\/www.diocesitn.it\/area-annuncio\/wp-json\/wp\/v2\/users\/14"}],"replies":[{"embeddable":true,"href":"https:\/\/www.diocesitn.it\/area-annuncio\/wp-json\/wp\/v2\/comments?post=13990"}],"version-history":[{"count":3,"href":"https:\/\/www.diocesitn.it\/area-annuncio\/wp-json\/wp\/v2\/posts\/13990\/revisions"}],"predecessor-version":[{"id":14995,"href":"https:\/\/www.diocesitn.it\/area-annuncio\/wp-json\/wp\/v2\/posts\/13990\/revisions\/14995"}],"wp:featuredmedia":[{"embeddable":true,"href":"https:\/\/www.diocesitn.it\/area-annuncio\/wp-json\/wp\/v2\/media\/14413"}],"wp:attachment":[{"href":"https:\/\/www.diocesitn.it\/area-annuncio\/wp-json\/wp\/v2\/media?parent=13990"}],"wp:term":[{"taxonomy":"category","embeddable":true,"href":"https:\/\/www.diocesitn.it\/area-annuncio\/wp-json\/wp\/v2\/categories?post=13990"},{"taxonomy":"post_tag","embeddable":true,"href":"https:\/\/www.diocesitn.it\/area-annuncio\/wp-json\/wp\/v2\/tags?post=13990"}],"curies":[{"name":"wp","href":"https:\/\/api.w.org\/{rel}","templated":true}]}}