{"id":13436,"date":"2021-10-11T11:35:10","date_gmt":"2021-10-11T09:35:10","guid":{"rendered":"https:\/\/www.diocesitn.it\/area-annuncio\/?p=13436"},"modified":"2021-11-15T15:21:18","modified_gmt":"2021-11-15T14:21:18","slug":"sposi-in-ascolto-diceva-loro-una-parabola-lc-181","status":"publish","type":"post","link":"https:\/\/www.diocesitn.it\/area-annuncio\/2021\/10\/11\/sposi-in-ascolto-diceva-loro-una-parabola-lc-181\/","title":{"rendered":"\u201cSposi in ascolto: diceva loro una parabola (Lc 18,1)\u201d con Gregorio Vivaldelli 6 e 13 novembre dalle 9.00 alle 12.00 presso Villa Moretta"},"content":{"rendered":"<h3><span style=\"color: #00ff00\"><strong>POSTI ESAURITI<\/strong><\/span><\/h3>\n<p>In cammino verso il X Incontro Mondiale delle Famiglie in programma nel giugno 2022 il Servizio Famiglia propone un percorso formativo dal titolo <strong>\u201cSposi in ascolto: diceva loro una parabola (Lc 18,1)\u201d<\/strong> con <strong>Gregorio Vivaldelli<\/strong> nelle mattinate di <strong>sabato 06 e sabato 13 novembre<\/strong> dalle <strong>9.00<\/strong> alle <strong>12.00<\/strong> circa. La proposta \u00e8 rivolta principalmente alle coppie.<\/p>\n<p>Gli incontri prevedranno\u00a0un primo momento con Vivaldelli, che proporr\u00e0 una riflessione a partire da un testo biblico, seguito da un lavoro in piccoli gruppi per un confronto insieme.<\/p>\n<p>Gli incontri si terranno <strong>presso &#8220;Villa Moretta&#8221;<\/strong>. Viene garantita l&#8217;animazione dei figli; al momento dell&#8217;iscrizione dovr\u00e0 essere indicata la loro et\u00e0. L&#8217;incontro sar\u00e0 <strong>solo in presenza <\/strong>(<span style=\"text-decoration: underline\">obbligatorio il green pass<\/span>).<\/p>\n<p>L\u2019iscrizione,\u00a0<strong>entro gioved\u00ec 04 novembre<\/strong>, implica la partecipazione ad entrambe le date proposte.<\/p>\n<p>Per maggiori informazioni potete chiamare il Servizio Famiglia 342-862.78.42<\/p>\n<p style=\"text-align: right\"><a href=\"https:\/\/www.diocesitn.it\/area-annuncio\/wp-content\/uploads\/sites\/39\/2021\/10\/Locandina.pdf\" target=\"_blank\" rel=\"noopener\">Scarica locandina<\/a><\/p>\n<p>&nbsp;<\/p>\n<p>Prossimo appuntamento: <strong>19-20 marzo 2022 Esercizi Spirituali per famiglie <\/strong>a Castelletto di Brenzone<\/p>\n<h3><\/h3>\n<p>&nbsp;<\/p>\n","protected":false},"excerpt":{"rendered":"<p>POSTI ESAURITI In cammino verso il X Incontro Mondiale delle Famiglie in programma nel giugno 2022 il Servizio Famiglia propone un percorso formativo dal titolo \u201cSposi in ascolto: diceva loro una parabola (Lc 18,1)\u201d con<\/p>\n","protected":false},"author":14,"featured_media":13438,"comment_status":"closed","ping_status":"closed","sticky":false,"template":"","format":"standard","meta":{"footnotes":""},"categories":[642,608],"tags":[],"class_list":["post-13436","post","type-post","status-publish","format-standard","has-post-thumbnail","hentry","category-servizio-famiglia","category-notizie"],"acf":{"seed-localization-paese-cod":"IT","seed-localization-address":"","seed-localization-citta":"","seed-localization-regione-cod-istat":"04","seed-localization-citta-cod-istat":"","seed-localization-localita":"","seed-localization-cap":"","seed-localization-marker-visibility":false,"seed-localization-children-visibility":false,"seed-localization-kml":"","seed-localization-custom-marker":""},"yoast_head":"<!-- This site is optimized with the Yoast SEO Premium plugin v20.2.1 (Yoast SEO v22.2) - https:\/\/yoast.com\/wordpress\/plugins\/seo\/ -->\n<title>\u201cSposi in ascolto: diceva loro una parabola (Lc 18,1)\u201d con Gregorio Vivaldelli 6 e 13 novembre dalle 9.00 alle 12.00 presso Villa Moretta - Annuncio e Sacramenti - Chiesa di Trento<\/title>\n<meta name=\"robots\" content=\"index, follow, max-snippet:-1, max-image-preview:large, max-video-preview:-1\" \/>\n<link rel=\"canonical\" href=\"https:\/\/www.diocesitn.it\/area-annuncio\/2021\/10\/11\/sposi-in-ascolto-diceva-loro-una-parabola-lc-181\/\" \/>\n<meta property=\"og:locale\" content=\"it_IT\" \/>\n<meta property=\"og:type\" content=\"article\" \/>\n<meta property=\"og:title\" content=\"\u201cSposi in ascolto: diceva loro una parabola (Lc 18,1)\u201d con Gregorio Vivaldelli 6 e 13 novembre dalle 9.00 alle 12.00 presso Villa Moretta\" \/>\n<meta property=\"og:description\" content=\"POSTI ESAURITI In cammino verso il X Incontro Mondiale delle Famiglie in programma nel giugno 2022 il Servizio Famiglia propone un percorso formativo dal titolo \u201cSposi in ascolto: diceva loro una parabola (Lc 18,1)\u201d con\" \/>\n<meta property=\"og:url\" content=\"https:\/\/www.diocesitn.it\/area-annuncio\/2021\/10\/11\/sposi-in-ascolto-diceva-loro-una-parabola-lc-181\/\" \/>\n<meta property=\"og:site_name\" content=\"Annuncio e Sacramenti\" \/>\n<meta property=\"article:publisher\" content=\"https:\/\/www.facebook.com\/pastoralegiovanile.trento\/\" \/>\n<meta property=\"article:published_time\" content=\"2021-10-11T09:35:10+00:00\" \/>\n<meta property=\"article:modified_time\" content=\"2021-11-15T14:21:18+00:00\" \/>\n<meta property=\"og:image\" content=\"https:\/\/www.diocesitn.it\/area-annuncio\/wp-content\/uploads\/sites\/39\/2021\/10\/Coppia-e-Vangelo.jpg\" \/>\n\t<meta property=\"og:image:width\" content=\"612\" \/>\n\t<meta property=\"og:image:height\" content=\"408\" \/>\n\t<meta property=\"og:image:type\" content=\"image\/jpeg\" \/>\n<meta name=\"author\" content=\"travanelli\" \/>\n<meta name=\"twitter:card\" content=\"summary_large_image\" \/>\n<meta name=\"twitter:label1\" content=\"Scritto da\" \/>\n\t<meta name=\"twitter:data1\" content=\"travanelli\" \/>\n\t<meta name=\"twitter:label2\" content=\"Tempo di lettura stimato\" \/>\n\t<meta name=\"twitter:data2\" content=\"1 minuto\" \/>\n<script type=\"application\/ld+json\" class=\"yoast-schema-graph\">{\"@context\":\"https:\/\/schema.org\",\"@graph\":[{\"@type\":\"Article\",\"@id\":\"https:\/\/www.diocesitn.it\/area-annuncio\/2021\/10\/11\/sposi-in-ascolto-diceva-loro-una-parabola-lc-181\/#article\",\"isPartOf\":{\"@id\":\"https:\/\/www.diocesitn.it\/area-annuncio\/2021\/10\/11\/sposi-in-ascolto-diceva-loro-una-parabola-lc-181\/\"},\"author\":{\"name\":\"travanelli\",\"@id\":\"https:\/\/www.diocesitn.it\/area-annuncio\/#\/schema\/person\/55912816e02fae9c8b1fde79ff8e6be2\"},\"headline\":\"\u201cSposi in ascolto: diceva loro una parabola (Lc 18,1)\u201d con Gregorio Vivaldelli 6 e 13 novembre dalle 9.00 alle 12.00 presso Villa Moretta\",\"datePublished\":\"2021-10-11T09:35:10+00:00\",\"dateModified\":\"2021-11-15T14:21:18+00:00\",\"mainEntityOfPage\":{\"@id\":\"https:\/\/www.diocesitn.it\/area-annuncio\/2021\/10\/11\/sposi-in-ascolto-diceva-loro-una-parabola-lc-181\/\"},\"wordCount\":166,\"publisher\":{\"@id\":\"https:\/\/www.diocesitn.it\/area-annuncio\/#organization\"},\"image\":{\"@id\":\"https:\/\/www.diocesitn.it\/area-annuncio\/2021\/10\/11\/sposi-in-ascolto-diceva-loro-una-parabola-lc-181\/#primaryimage\"},\"thumbnailUrl\":\"https:\/\/www.diocesitn.it\/area-annuncio\/wp-content\/uploads\/sites\/39\/2021\/10\/Coppia-e-Vangelo.jpg\",\"articleSection\":[\"Famiglia\",\"Notizie\"],\"inLanguage\":\"it-IT\",\"copyrightYear\":\"2021\",\"copyrightHolder\":{\"@id\":\"https:\/\/www.diocesitn.it\/#organization\"}},{\"@type\":\"WebPage\",\"@id\":\"https:\/\/www.diocesitn.it\/area-annuncio\/2021\/10\/11\/sposi-in-ascolto-diceva-loro-una-parabola-lc-181\/\",\"url\":\"https:\/\/www.diocesitn.it\/area-annuncio\/2021\/10\/11\/sposi-in-ascolto-diceva-loro-una-parabola-lc-181\/\",\"name\":\"\u201cSposi in ascolto: diceva loro una parabola (Lc 18,1)\u201d con Gregorio Vivaldelli 6 e 13 novembre dalle 9.00 alle 12.00 presso Villa Moretta - Annuncio e Sacramenti - Chiesa di Trento\",\"isPartOf\":{\"@id\":\"https:\/\/www.diocesitn.it\/area-annuncio\/#website\"},\"primaryImageOfPage\":{\"@id\":\"https:\/\/www.diocesitn.it\/area-annuncio\/2021\/10\/11\/sposi-in-ascolto-diceva-loro-una-parabola-lc-181\/#primaryimage\"},\"image\":{\"@id\":\"https:\/\/www.diocesitn.it\/area-annuncio\/2021\/10\/11\/sposi-in-ascolto-diceva-loro-una-parabola-lc-181\/#primaryimage\"},\"thumbnailUrl\":\"https:\/\/www.diocesitn.it\/area-annuncio\/wp-content\/uploads\/sites\/39\/2021\/10\/Coppia-e-Vangelo.jpg\",\"datePublished\":\"2021-10-11T09:35:10+00:00\",\"dateModified\":\"2021-11-15T14:21:18+00:00\",\"breadcrumb\":{\"@id\":\"https:\/\/www.diocesitn.it\/area-annuncio\/2021\/10\/11\/sposi-in-ascolto-diceva-loro-una-parabola-lc-181\/#breadcrumb\"},\"inLanguage\":\"it-IT\",\"potentialAction\":[{\"@type\":\"ReadAction\",\"target\":[\"https:\/\/www.diocesitn.it\/area-annuncio\/2021\/10\/11\/sposi-in-ascolto-diceva-loro-una-parabola-lc-181\/\"]}]},{\"@type\":\"ImageObject\",\"inLanguage\":\"it-IT\",\"@id\":\"https:\/\/www.diocesitn.it\/area-annuncio\/2021\/10\/11\/sposi-in-ascolto-diceva-loro-una-parabola-lc-181\/#primaryimage\",\"url\":\"https:\/\/www.diocesitn.it\/area-annuncio\/wp-content\/uploads\/sites\/39\/2021\/10\/Coppia-e-Vangelo.jpg\",\"contentUrl\":\"https:\/\/www.diocesitn.it\/area-annuncio\/wp-content\/uploads\/sites\/39\/2021\/10\/Coppia-e-Vangelo.jpg\",\"width\":612,\"height\":408,\"caption\":\"Two young adults sitting by a lake and studying the Bible (King James Version)\"},{\"@type\":\"BreadcrumbList\",\"@id\":\"https:\/\/www.diocesitn.it\/area-annuncio\/2021\/10\/11\/sposi-in-ascolto-diceva-loro-una-parabola-lc-181\/#breadcrumb\",\"itemListElement\":[{\"@type\":\"ListItem\",\"position\":1,\"name\":\"Home\",\"item\":\"https:\/\/www.diocesitn.it\/area-annuncio\/\"},{\"@type\":\"ListItem\",\"position\":2,\"name\":\"\u201cSposi in ascolto: diceva loro una parabola (Lc 18,1)\u201d con Gregorio Vivaldelli 6 e 13 novembre dalle 9.00 alle 12.00 presso Villa Moretta\"}]},{\"@type\":\"WebSite\",\"@id\":\"https:\/\/www.diocesitn.it\/area-annuncio\/#website\",\"url\":\"https:\/\/www.diocesitn.it\/area-annuncio\/\",\"name\":\"Annuncio e Sacramenti\",\"description\":\"Chiesa di Trento\",\"publisher\":{\"@id\":\"https:\/\/www.diocesitn.it\/area-annuncio\/#organization\"},\"potentialAction\":[{\"@type\":\"SearchAction\",\"target\":{\"@type\":\"EntryPoint\",\"urlTemplate\":\"https:\/\/www.diocesitn.it\/area-annuncio\/?s={search_term_string}\"},\"query-input\":\"required name=search_term_string\"}],\"inLanguage\":\"it-IT\"},{\"@type\":[\"Organization\",\"Place\"],\"@id\":\"https:\/\/www.diocesitn.it\/area-annuncio\/#organization\",\"name\":\"Area Annuncio e Sacramenti - Chiesa di Trento\",\"url\":\"https:\/\/www.diocesitn.it\/area-annuncio\/\",\"logo\":{\"@id\":\"https:\/\/www.diocesitn.it\/area-annuncio\/2021\/10\/11\/sposi-in-ascolto-diceva-loro-una-parabola-lc-181\/#local-main-organization-logo\"},\"image\":{\"@id\":\"https:\/\/www.diocesitn.it\/area-annuncio\/2021\/10\/11\/sposi-in-ascolto-diceva-loro-una-parabola-lc-181\/#local-main-organization-logo\"},\"sameAs\":[\"https:\/\/www.facebook.com\/pastoralegiovanile.trento\/\",\"https:\/\/www.instagram.com\/pastoralegiovaniletrento\/\",\"https:\/\/www.youtube.com\/channel\/UCGt7hyJaIQIkrQPos4K6L6w\"],\"openingHoursSpecification\":[{\"@type\":\"OpeningHoursSpecification\",\"dayOfWeek\":[\"Monday\",\"Tuesday\",\"Wednesday\",\"Thursday\",\"Friday\",\"Saturday\",\"Sunday\"],\"opens\":\"09:00\",\"closes\":\"17:00\"}]},{\"@type\":\"ImageObject\",\"inLanguage\":\"it-IT\",\"@id\":\"https:\/\/www.diocesitn.it\/area-annuncio\/2021\/10\/11\/sposi-in-ascolto-diceva-loro-una-parabola-lc-181\/#local-main-organization-logo\",\"url\":\"https:\/\/www.diocesitn.it\/area-annuncio\/wp-content\/uploads\/sites\/39\/2021\/09\/og-logo-annuncio-e-sacramenti.jpg\",\"contentUrl\":\"https:\/\/www.diocesitn.it\/area-annuncio\/wp-content\/uploads\/sites\/39\/2021\/09\/og-logo-annuncio-e-sacramenti.jpg\",\"width\":1200,\"height\":630,\"caption\":\"Area Annuncio e Sacramenti - Chiesa di Trento\"}]}<\/script>\n<!-- \/ Yoast SEO Premium plugin. -->","yoast_head_json":{"title":"\u201cSposi in ascolto: diceva loro una parabola (Lc 18,1)\u201d con Gregorio Vivaldelli 6 e 13 novembre dalle 9.00 alle 12.00 presso Villa Moretta - Annuncio e Sacramenti - Chiesa di Trento","robots":{"index":"index","follow":"follow","max-snippet":"max-snippet:-1","max-image-preview":"max-image-preview:large","max-video-preview":"max-video-preview:-1"},"canonical":"https:\/\/www.diocesitn.it\/area-annuncio\/2021\/10\/11\/sposi-in-ascolto-diceva-loro-una-parabola-lc-181\/","og_locale":"it_IT","og_type":"article","og_title":"\u201cSposi in ascolto: diceva loro una parabola (Lc 18,1)\u201d con Gregorio Vivaldelli 6 e 13 novembre dalle 9.00 alle 12.00 presso Villa Moretta","og_description":"POSTI ESAURITI In cammino verso il X Incontro Mondiale delle Famiglie in programma nel giugno 2022 il Servizio Famiglia propone un percorso formativo dal titolo \u201cSposi in ascolto: diceva loro una parabola (Lc 18,1)\u201d con","og_url":"https:\/\/www.diocesitn.it\/area-annuncio\/2021\/10\/11\/sposi-in-ascolto-diceva-loro-una-parabola-lc-181\/","og_site_name":"Annuncio e Sacramenti","article_publisher":"https:\/\/www.facebook.com\/pastoralegiovanile.trento\/","article_published_time":"2021-10-11T09:35:10+00:00","article_modified_time":"2021-11-15T14:21:18+00:00","og_image":[{"width":612,"height":408,"url":"https:\/\/www.diocesitn.it\/area-annuncio\/wp-content\/uploads\/sites\/39\/2021\/10\/Coppia-e-Vangelo.jpg","type":"image\/jpeg"}],"author":"travanelli","twitter_card":"summary_large_image","twitter_misc":{"Scritto da":"travanelli","Tempo di lettura stimato":"1 minuto"},"schema":{"@context":"https:\/\/schema.org","@graph":[{"@type":"Article","@id":"https:\/\/www.diocesitn.it\/area-annuncio\/2021\/10\/11\/sposi-in-ascolto-diceva-loro-una-parabola-lc-181\/#article","isPartOf":{"@id":"https:\/\/www.diocesitn.it\/area-annuncio\/2021\/10\/11\/sposi-in-ascolto-diceva-loro-una-parabola-lc-181\/"},"author":{"name":"travanelli","@id":"https:\/\/www.diocesitn.it\/area-annuncio\/#\/schema\/person\/55912816e02fae9c8b1fde79ff8e6be2"},"headline":"\u201cSposi in ascolto: diceva loro una parabola (Lc 18,1)\u201d con Gregorio Vivaldelli 6 e 13 novembre dalle 9.00 alle 12.00 presso Villa Moretta","datePublished":"2021-10-11T09:35:10+00:00","dateModified":"2021-11-15T14:21:18+00:00","mainEntityOfPage":{"@id":"https:\/\/www.diocesitn.it\/area-annuncio\/2021\/10\/11\/sposi-in-ascolto-diceva-loro-una-parabola-lc-181\/"},"wordCount":166,"publisher":{"@id":"https:\/\/www.diocesitn.it\/area-annuncio\/#organization"},"image":{"@id":"https:\/\/www.diocesitn.it\/area-annuncio\/2021\/10\/11\/sposi-in-ascolto-diceva-loro-una-parabola-lc-181\/#primaryimage"},"thumbnailUrl":"https:\/\/www.diocesitn.it\/area-annuncio\/wp-content\/uploads\/sites\/39\/2021\/10\/Coppia-e-Vangelo.jpg","articleSection":["Famiglia","Notizie"],"inLanguage":"it-IT","copyrightYear":"2021","copyrightHolder":{"@id":"https:\/\/www.diocesitn.it\/#organization"}},{"@type":"WebPage","@id":"https:\/\/www.diocesitn.it\/area-annuncio\/2021\/10\/11\/sposi-in-ascolto-diceva-loro-una-parabola-lc-181\/","url":"https:\/\/www.diocesitn.it\/area-annuncio\/2021\/10\/11\/sposi-in-ascolto-diceva-loro-una-parabola-lc-181\/","name":"\u201cSposi in ascolto: diceva loro una parabola (Lc 18,1)\u201d con Gregorio Vivaldelli 6 e 13 novembre dalle 9.00 alle 12.00 presso Villa Moretta - Annuncio e Sacramenti - Chiesa di Trento","isPartOf":{"@id":"https:\/\/www.diocesitn.it\/area-annuncio\/#website"},"primaryImageOfPage":{"@id":"https:\/\/www.diocesitn.it\/area-annuncio\/2021\/10\/11\/sposi-in-ascolto-diceva-loro-una-parabola-lc-181\/#primaryimage"},"image":{"@id":"https:\/\/www.diocesitn.it\/area-annuncio\/2021\/10\/11\/sposi-in-ascolto-diceva-loro-una-parabola-lc-181\/#primaryimage"},"thumbnailUrl":"https:\/\/www.diocesitn.it\/area-annuncio\/wp-content\/uploads\/sites\/39\/2021\/10\/Coppia-e-Vangelo.jpg","datePublished":"2021-10-11T09:35:10+00:00","dateModified":"2021-11-15T14:21:18+00:00","breadcrumb":{"@id":"https:\/\/www.diocesitn.it\/area-annuncio\/2021\/10\/11\/sposi-in-ascolto-diceva-loro-una-parabola-lc-181\/#breadcrumb"},"inLanguage":"it-IT","potentialAction":[{"@type":"ReadAction","target":["https:\/\/www.diocesitn.it\/area-annuncio\/2021\/10\/11\/sposi-in-ascolto-diceva-loro-una-parabola-lc-181\/"]}]},{"@type":"ImageObject","inLanguage":"it-IT","@id":"https:\/\/www.diocesitn.it\/area-annuncio\/2021\/10\/11\/sposi-in-ascolto-diceva-loro-una-parabola-lc-181\/#primaryimage","url":"https:\/\/www.diocesitn.it\/area-annuncio\/wp-content\/uploads\/sites\/39\/2021\/10\/Coppia-e-Vangelo.jpg","contentUrl":"https:\/\/www.diocesitn.it\/area-annuncio\/wp-content\/uploads\/sites\/39\/2021\/10\/Coppia-e-Vangelo.jpg","width":612,"height":408,"caption":"Two young adults sitting by a lake and studying the Bible (King James Version)"},{"@type":"BreadcrumbList","@id":"https:\/\/www.diocesitn.it\/area-annuncio\/2021\/10\/11\/sposi-in-ascolto-diceva-loro-una-parabola-lc-181\/#breadcrumb","itemListElement":[{"@type":"ListItem","position":1,"name":"Home","item":"https:\/\/www.diocesitn.it\/area-annuncio\/"},{"@type":"ListItem","position":2,"name":"\u201cSposi in ascolto: diceva loro una parabola (Lc 18,1)\u201d con Gregorio Vivaldelli 6 e 13 novembre dalle 9.00 alle 12.00 presso Villa Moretta"}]},{"@type":"WebSite","@id":"https:\/\/www.diocesitn.it\/area-annuncio\/#website","url":"https:\/\/www.diocesitn.it\/area-annuncio\/","name":"Annuncio e Sacramenti","description":"Chiesa di Trento","publisher":{"@id":"https:\/\/www.diocesitn.it\/area-annuncio\/#organization"},"potentialAction":[{"@type":"SearchAction","target":{"@type":"EntryPoint","urlTemplate":"https:\/\/www.diocesitn.it\/area-annuncio\/?s={search_term_string}"},"query-input":"required name=search_term_string"}],"inLanguage":"it-IT"},{"@type":["Organization","Place"],"@id":"https:\/\/www.diocesitn.it\/area-annuncio\/#organization","name":"Area Annuncio e Sacramenti - Chiesa di Trento","url":"https:\/\/www.diocesitn.it\/area-annuncio\/","logo":{"@id":"https:\/\/www.diocesitn.it\/area-annuncio\/2021\/10\/11\/sposi-in-ascolto-diceva-loro-una-parabola-lc-181\/#local-main-organization-logo"},"image":{"@id":"https:\/\/www.diocesitn.it\/area-annuncio\/2021\/10\/11\/sposi-in-ascolto-diceva-loro-una-parabola-lc-181\/#local-main-organization-logo"},"sameAs":["https:\/\/www.facebook.com\/pastoralegiovanile.trento\/","https:\/\/www.instagram.com\/pastoralegiovaniletrento\/","https:\/\/www.youtube.com\/channel\/UCGt7hyJaIQIkrQPos4K6L6w"],"openingHoursSpecification":[{"@type":"OpeningHoursSpecification","dayOfWeek":["Monday","Tuesday","Wednesday","Thursday","Friday","Saturday","Sunday"],"opens":"09:00","closes":"17:00"}]},{"@type":"ImageObject","inLanguage":"it-IT","@id":"https:\/\/www.diocesitn.it\/area-annuncio\/2021\/10\/11\/sposi-in-ascolto-diceva-loro-una-parabola-lc-181\/#local-main-organization-logo","url":"https:\/\/www.diocesitn.it\/area-annuncio\/wp-content\/uploads\/sites\/39\/2021\/09\/og-logo-annuncio-e-sacramenti.jpg","contentUrl":"https:\/\/www.diocesitn.it\/area-annuncio\/wp-content\/uploads\/sites\/39\/2021\/09\/og-logo-annuncio-e-sacramenti.jpg","width":1200,"height":630,"caption":"Area Annuncio e Sacramenti - Chiesa di Trento"}]}},"_links":{"self":[{"href":"https:\/\/www.diocesitn.it\/area-annuncio\/wp-json\/wp\/v2\/posts\/13436","targetHints":{"allow":["GET"]}}],"collection":[{"href":"https:\/\/www.diocesitn.it\/area-annuncio\/wp-json\/wp\/v2\/posts"}],"about":[{"href":"https:\/\/www.diocesitn.it\/area-annuncio\/wp-json\/wp\/v2\/types\/post"}],"author":[{"embeddable":true,"href":"https:\/\/www.diocesitn.it\/area-annuncio\/wp-json\/wp\/v2\/users\/14"}],"replies":[{"embeddable":true,"href":"https:\/\/www.diocesitn.it\/area-annuncio\/wp-json\/wp\/v2\/comments?post=13436"}],"version-history":[{"count":3,"href":"https:\/\/www.diocesitn.it\/area-annuncio\/wp-json\/wp\/v2\/posts\/13436\/revisions"}],"predecessor-version":[{"id":13760,"href":"https:\/\/www.diocesitn.it\/area-annuncio\/wp-json\/wp\/v2\/posts\/13436\/revisions\/13760"}],"wp:featuredmedia":[{"embeddable":true,"href":"https:\/\/www.diocesitn.it\/area-annuncio\/wp-json\/wp\/v2\/media\/13438"}],"wp:attachment":[{"href":"https:\/\/www.diocesitn.it\/area-annuncio\/wp-json\/wp\/v2\/media?parent=13436"}],"wp:term":[{"taxonomy":"category","embeddable":true,"href":"https:\/\/www.diocesitn.it\/area-annuncio\/wp-json\/wp\/v2\/categories?post=13436"},{"taxonomy":"post_tag","embeddable":true,"href":"https:\/\/www.diocesitn.it\/area-annuncio\/wp-json\/wp\/v2\/tags?post=13436"}],"curies":[{"name":"wp","href":"https:\/\/api.w.org\/{rel}","templated":true}]}}