{"id":13030,"date":"2021-09-17T16:05:08","date_gmt":"2021-09-17T14:05:08","guid":{"rendered":"https:\/\/www.diocesitn.it\/area-annuncio\/?p=13030"},"modified":"2021-10-08T08:34:38","modified_gmt":"2021-10-08T06:34:38","slug":"edu-care-incontro-per-animatori-di-gruppi-adolescenti-9-ottobre-2021-a-trento","status":"publish","type":"post","link":"https:\/\/www.diocesitn.it\/area-annuncio\/2021\/09\/17\/edu-care-incontro-per-animatori-di-gruppi-adolescenti-9-ottobre-2021-a-trento\/","title":{"rendered":"Edu-care \u2022 Primo incontro per animatori di gruppi adolescenti 9 ottobre 2021 a Trento"},"content":{"rendered":"<p>Cari animatori,<br \/>\nsiete pronti a ripartire col vostro gruppo adolescenti? Partiamo insieme!<br \/>\nVi aspettiamo <strong>sabato 9 ottobre 2021, dalle 9 alle 17 in seminario<\/strong>, per incontrarci, conoscerci, fare il pieno di entusiasmo e scoprire le proposte a disposizione per voi e per i vostri gruppi.\u00a0 E&#8217; il primo di alcuni incontri pensati per voi che avete scelto di spendervi in questo prezioso servizio coi ragazzi!\u00a0 <strong>Seguiranno altri incontri nei mesi di febbraio e maggio<\/strong>.<br \/>\nSabato 9 ottobre sar\u00e0 anche l\u2019occasione per conoscere il <strong>progetto<\/strong> <a href=\"https:\/\/giovani.chiesacattolica.it\/seme-divento-cose\/\" target=\"_blank\" rel=\"noopener\"><strong>Seme diVento<\/strong><\/a>, un prezioso strumento che ci accompagner\u00e0 nel cammino dei prossimi anni.<\/p>\n<p>Per over 18<br \/>\n<strong>Iscrizione obbligatoria entro le 13 di venerd\u00ec 8 ottobre<\/strong><br \/>\nE&#8217; richiesto il green pass<br \/>\ninfo: Servizio Pastorale giovanile &#8211; giovani@diocesitn.it; 345 7060488<\/p>\n<p><strong>Programma<\/strong><\/p>\n<ul>\n<li><strong>ore 9 -12.30: Come scalpellini!<\/strong> Per confrontarsi insieme sulla &#8220;Cattedrale&#8221; che stiamo costruendo col nostro servizio di animatori e educatori.<\/li>\n<li>pranzo al sacco<\/li>\n<li><strong>ore 14-17: Programmiamo insieme l&#8217;anno<\/strong>, a partire dai pilastri della nostra &#8220;Cattedrale&#8221;: servizio, Vangelo, comunit\u00e0. Sar\u00e0 anche l&#8217;occasione per conoscere gli strumenti a disposizione dei gruppi (sussidio Seme diVento, attivit\u00e0, protocollo Covid&#8230; ).<\/li>\n<\/ul>\n<p>Iscrizione obbligatoria:<noscript class=\"ninja-forms-noscript-message\">\n\tAvviso: JavaScript \u00e8 obbligatorio per questo contenuto.<\/noscript>\nNessun campo trovato.<div id=\"nf-form-8-cont\" class=\"nf-form-cont\" aria-live=\"polite\" aria-labelledby=\"nf-form-title-8\" aria-describedby=\"nf-form-errors-8\" role=\"form\">\n\n    <div class=\"nf-loading-spinner\"><\/div>\n\n<\/div>\n        <!-- That data is being printed as a workaround to page builders reordering the order of the scripts loaded-->\n        <script>var formDisplay=1;var nfForms=nfForms||[];var form=[];form.id='8';form.settings={\"ninjaForms\":\"Ninja Forms\",\"changeEmailErrorMsg\":\"Immetti un indirizzo email valido.\",\"changeDateErrorMsg\":\"Please enter a valid date!\",\"confirmFieldErrorMsg\":\"Questi campi devono corrispondere.\",\"fieldNumberNumMinError\":\"Errore numero min\",\"fieldNumberNumMaxError\":\"Errore numero max\",\"fieldNumberIncrementBy\":\"Incrementa di \",\"fieldTextareaRTEInsertLink\":\"Inserisci link\",\"fieldTextareaRTEInsertMedia\":\"Inserisci media\",\"fieldTextareaRTESelectAFile\":\"Seleziona un file\",\"formErrorsCorrectErrors\":\"Correggi gli errori prima di inviare il form.\",\"formHoneypot\":\"Se sei un essere umano e vedi questo campo, lascialo vuoto.\",\"validateRequiredField\":\"Campo obbligatorio.\",\"honeypotHoneypotError\":\"Errore Honeypot\",\"fileUploadOldCodeFileUploadInProgress\":\"Caricamento file in corso.\",\"fileUploadOldCodeFileUpload\":\"CARICAMENTO FILE\",\"currencySymbol\":\"&euro;\",\"fieldsMarkedRequired\":\"I campi contrassegnati con <span class=\\\"ninja-forms-req-symbol\\\">*<\\\/span> sono obbligatori.\",\"thousands_sep\":\".\",\"decimal_point\":\",\",\"siteLocale\":\"it_IT\",\"dateFormat\":\"d\\\/m\\\/Y\",\"startOfWeek\":\"1\",\"of\":\"di\",\"previousMonth\":\"Previous Month\",\"nextMonth\":\"Next Month\",\"months\":[\"January\",\"February\",\"March\",\"April\",\"May\",\"June\",\"July\",\"August\",\"September\",\"October\",\"November\",\"December\"],\"monthsShort\":[\"Jan\",\"Feb\",\"Mar\",\"Apr\",\"May\",\"Jun\",\"Jul\",\"Aug\",\"Sep\",\"Oct\",\"Nov\",\"Dec\"],\"weekdays\":[\"Sunday\",\"Monday\",\"Tuesday\",\"Wednesday\",\"Thursday\",\"Friday\",\"Saturday\"],\"weekdaysShort\":[\"Sun\",\"Mon\",\"Tue\",\"Wed\",\"Thu\",\"Fri\",\"Sat\"],\"weekdaysMin\":[\"Su\",\"Mo\",\"Tu\",\"We\",\"Th\",\"Fr\",\"Sa\"],\"recaptchaConsentMissing\":\"reCaptcha validation couldn&#039;t load.\",\"recaptchaMissingCookie\":\"reCaptcha v3 validation couldn&#039;t load the cookie needed to submit the form.\",\"recaptchaConsentEvent\":\"Accept reCaptcha cookies before sending the form.\",\"embed_form\":\"\",\"currency_symbol\":\"\",\"title\":\"\",\"beforeForm\":\"\",\"beforeFields\":\"\",\"afterFields\":\"\",\"afterForm\":\"\"};form.fields=[];nfForms.push(form);<\/script>\n        <\/p>\n<p>&nbsp;<\/p>\n","protected":false},"excerpt":{"rendered":"<p>Cari animatori, siete pronti a ripartire col vostro gruppo adolescenti? Partiamo insieme! Vi aspettiamo sabato 9 ottobre 2021, dalle 9 alle 17 in seminario, per incontrarci, conoscerci, fare il pieno di entusiasmo e scoprire le<\/p>\n","protected":false},"author":167,"featured_media":13029,"comment_status":"closed","ping_status":"closed","sticky":false,"template":"","format":"standard","meta":{"footnotes":""},"categories":[618,608],"tags":[],"class_list":["post-13030","post","type-post","status-publish","format-standard","has-post-thumbnail","hentry","category-servizio-catechistico-giovani-pastorale-giovanile","category-notizie"],"acf":{"seed-localization-paese-cod":"IT","seed-localization-address":"","seed-localization-citta":"Trento","seed-localization-regione-cod-istat":"04","seed-localization-citta-cod-istat":"022205","seed-localization-localita":"","seed-localization-cap":"","seed-localization-marker-visibility":false,"seed-localization-children-visibility":false,"seed-localization-kml":"","seed-localization-custom-marker":""},"yoast_head":"<!-- This site is optimized with the Yoast SEO Premium plugin v20.2.1 (Yoast SEO v22.2) - https:\/\/yoast.com\/wordpress\/plugins\/seo\/ -->\n<title>Edu-care \u2022 Primo incontro per animatori di gruppi adolescenti 9 ottobre 2021 a Trento - Annuncio e Sacramenti - Chiesa di Trento<\/title>\n<meta name=\"robots\" content=\"index, follow, max-snippet:-1, max-image-preview:large, max-video-preview:-1\" \/>\n<link rel=\"canonical\" href=\"https:\/\/www.diocesitn.it\/area-annuncio\/2021\/09\/17\/edu-care-incontro-per-animatori-di-gruppi-adolescenti-9-ottobre-2021-a-trento\/\" \/>\n<meta property=\"og:locale\" content=\"it_IT\" \/>\n<meta property=\"og:type\" content=\"article\" \/>\n<meta property=\"og:title\" content=\"Edu-care \u2022 Primo incontro per animatori di gruppi adolescenti 9 ottobre 2021 a Trento\" \/>\n<meta property=\"og:description\" content=\"Cari animatori, siete pronti a ripartire col vostro gruppo adolescenti? Partiamo insieme! Vi aspettiamo sabato 9 ottobre 2021, dalle 9 alle 17 in seminario, per incontrarci, conoscerci, fare il pieno di entusiasmo e scoprire le\" \/>\n<meta property=\"og:url\" content=\"https:\/\/www.diocesitn.it\/area-annuncio\/2021\/09\/17\/edu-care-incontro-per-animatori-di-gruppi-adolescenti-9-ottobre-2021-a-trento\/\" \/>\n<meta property=\"og:site_name\" content=\"Annuncio e Sacramenti\" \/>\n<meta property=\"article:publisher\" content=\"https:\/\/www.facebook.com\/pastoralegiovanile.trento\/\" \/>\n<meta property=\"article:published_time\" content=\"2021-09-17T14:05:08+00:00\" \/>\n<meta property=\"article:modified_time\" content=\"2021-10-08T06:34:38+00:00\" \/>\n<meta property=\"og:image\" content=\"https:\/\/www.diocesitn.it\/area-annuncio\/wp-content\/uploads\/sites\/39\/2021\/09\/Street-Art_bimbo-che-innaffia-cuore_-Scampi-e1631887441836.jpg\" \/>\n\t<meta property=\"og:image:width\" content=\"600\" \/>\n\t<meta property=\"og:image:height\" content=\"337\" \/>\n\t<meta property=\"og:image:type\" content=\"image\/jpeg\" \/>\n<meta name=\"author\" content=\"ccremonesi\" \/>\n<meta name=\"twitter:card\" content=\"summary_large_image\" \/>\n<meta name=\"twitter:label1\" content=\"Scritto da\" \/>\n\t<meta name=\"twitter:data1\" content=\"ccremonesi\" \/>\n\t<meta name=\"twitter:label2\" content=\"Tempo di lettura stimato\" \/>\n\t<meta name=\"twitter:data2\" content=\"1 minuto\" \/>\n<script type=\"application\/ld+json\" class=\"yoast-schema-graph\">{\"@context\":\"https:\/\/schema.org\",\"@graph\":[{\"@type\":\"Article\",\"@id\":\"https:\/\/www.diocesitn.it\/area-annuncio\/2021\/09\/17\/edu-care-incontro-per-animatori-di-gruppi-adolescenti-9-ottobre-2021-a-trento\/#article\",\"isPartOf\":{\"@id\":\"https:\/\/www.diocesitn.it\/area-annuncio\/2021\/09\/17\/edu-care-incontro-per-animatori-di-gruppi-adolescenti-9-ottobre-2021-a-trento\/\"},\"author\":{\"name\":\"ccremonesi\",\"@id\":\"https:\/\/www.diocesitn.it\/area-annuncio\/#\/schema\/person\/8963f67519fa0dce29c5ba33955dd0f0\"},\"headline\":\"Edu-care \u2022 Primo incontro per animatori di gruppi adolescenti 9 ottobre 2021 a Trento\",\"datePublished\":\"2021-09-17T14:05:08+00:00\",\"dateModified\":\"2021-10-08T06:34:38+00:00\",\"mainEntityOfPage\":{\"@id\":\"https:\/\/www.diocesitn.it\/area-annuncio\/2021\/09\/17\/edu-care-incontro-per-animatori-di-gruppi-adolescenti-9-ottobre-2021-a-trento\/\"},\"wordCount\":187,\"publisher\":{\"@id\":\"https:\/\/www.diocesitn.it\/area-annuncio\/#organization\"},\"image\":{\"@id\":\"https:\/\/www.diocesitn.it\/area-annuncio\/2021\/09\/17\/edu-care-incontro-per-animatori-di-gruppi-adolescenti-9-ottobre-2021-a-trento\/#primaryimage\"},\"thumbnailUrl\":\"https:\/\/www.diocesitn.it\/area-annuncio\/wp-content\/uploads\/sites\/39\/2021\/09\/Street-Art_bimbo-che-innaffia-cuore_-Scampi-e1631887441836.jpg\",\"articleSection\":[\"Giovani\",\"Notizie\"],\"inLanguage\":\"it-IT\",\"copyrightYear\":\"2021\",\"copyrightHolder\":{\"@id\":\"https:\/\/www.diocesitn.it\/#organization\"}},{\"@type\":\"WebPage\",\"@id\":\"https:\/\/www.diocesitn.it\/area-annuncio\/2021\/09\/17\/edu-care-incontro-per-animatori-di-gruppi-adolescenti-9-ottobre-2021-a-trento\/\",\"url\":\"https:\/\/www.diocesitn.it\/area-annuncio\/2021\/09\/17\/edu-care-incontro-per-animatori-di-gruppi-adolescenti-9-ottobre-2021-a-trento\/\",\"name\":\"Edu-care \u2022 Primo incontro per animatori di gruppi adolescenti 9 ottobre 2021 a Trento - Annuncio e Sacramenti - Chiesa di Trento\",\"isPartOf\":{\"@id\":\"https:\/\/www.diocesitn.it\/area-annuncio\/#website\"},\"primaryImageOfPage\":{\"@id\":\"https:\/\/www.diocesitn.it\/area-annuncio\/2021\/09\/17\/edu-care-incontro-per-animatori-di-gruppi-adolescenti-9-ottobre-2021-a-trento\/#primaryimage\"},\"image\":{\"@id\":\"https:\/\/www.diocesitn.it\/area-annuncio\/2021\/09\/17\/edu-care-incontro-per-animatori-di-gruppi-adolescenti-9-ottobre-2021-a-trento\/#primaryimage\"},\"thumbnailUrl\":\"https:\/\/www.diocesitn.it\/area-annuncio\/wp-content\/uploads\/sites\/39\/2021\/09\/Street-Art_bimbo-che-innaffia-cuore_-Scampi-e1631887441836.jpg\",\"datePublished\":\"2021-09-17T14:05:08+00:00\",\"dateModified\":\"2021-10-08T06:34:38+00:00\",\"breadcrumb\":{\"@id\":\"https:\/\/www.diocesitn.it\/area-annuncio\/2021\/09\/17\/edu-care-incontro-per-animatori-di-gruppi-adolescenti-9-ottobre-2021-a-trento\/#breadcrumb\"},\"inLanguage\":\"it-IT\",\"potentialAction\":[{\"@type\":\"ReadAction\",\"target\":[\"https:\/\/www.diocesitn.it\/area-annuncio\/2021\/09\/17\/edu-care-incontro-per-animatori-di-gruppi-adolescenti-9-ottobre-2021-a-trento\/\"]}]},{\"@type\":\"ImageObject\",\"inLanguage\":\"it-IT\",\"@id\":\"https:\/\/www.diocesitn.it\/area-annuncio\/2021\/09\/17\/edu-care-incontro-per-animatori-di-gruppi-adolescenti-9-ottobre-2021-a-trento\/#primaryimage\",\"url\":\"https:\/\/www.diocesitn.it\/area-annuncio\/wp-content\/uploads\/sites\/39\/2021\/09\/Street-Art_bimbo-che-innaffia-cuore_-Scampi-e1631887441836.jpg\",\"contentUrl\":\"https:\/\/www.diocesitn.it\/area-annuncio\/wp-content\/uploads\/sites\/39\/2021\/09\/Street-Art_bimbo-che-innaffia-cuore_-Scampi-e1631887441836.jpg\",\"width\":600,\"height\":337},{\"@type\":\"BreadcrumbList\",\"@id\":\"https:\/\/www.diocesitn.it\/area-annuncio\/2021\/09\/17\/edu-care-incontro-per-animatori-di-gruppi-adolescenti-9-ottobre-2021-a-trento\/#breadcrumb\",\"itemListElement\":[{\"@type\":\"ListItem\",\"position\":1,\"name\":\"Home\",\"item\":\"https:\/\/www.diocesitn.it\/area-annuncio\/\"},{\"@type\":\"ListItem\",\"position\":2,\"name\":\"Edu-care \u2022 Primo incontro per animatori di gruppi adolescenti 9 ottobre 2021 a Trento\"}]},{\"@type\":\"WebSite\",\"@id\":\"https:\/\/www.diocesitn.it\/area-annuncio\/#website\",\"url\":\"https:\/\/www.diocesitn.it\/area-annuncio\/\",\"name\":\"Annuncio e Sacramenti\",\"description\":\"Chiesa di Trento\",\"publisher\":{\"@id\":\"https:\/\/www.diocesitn.it\/area-annuncio\/#organization\"},\"potentialAction\":[{\"@type\":\"SearchAction\",\"target\":{\"@type\":\"EntryPoint\",\"urlTemplate\":\"https:\/\/www.diocesitn.it\/area-annuncio\/?s={search_term_string}\"},\"query-input\":\"required name=search_term_string\"}],\"inLanguage\":\"it-IT\"},{\"@type\":[\"Organization\",\"Place\"],\"@id\":\"https:\/\/www.diocesitn.it\/area-annuncio\/#organization\",\"name\":\"Area Annuncio e Sacramenti - Chiesa di Trento\",\"url\":\"https:\/\/www.diocesitn.it\/area-annuncio\/\",\"logo\":{\"@id\":\"https:\/\/www.diocesitn.it\/area-annuncio\/2021\/09\/17\/edu-care-incontro-per-animatori-di-gruppi-adolescenti-9-ottobre-2021-a-trento\/#local-main-organization-logo\"},\"image\":{\"@id\":\"https:\/\/www.diocesitn.it\/area-annuncio\/2021\/09\/17\/edu-care-incontro-per-animatori-di-gruppi-adolescenti-9-ottobre-2021-a-trento\/#local-main-organization-logo\"},\"sameAs\":[\"https:\/\/www.facebook.com\/pastoralegiovanile.trento\/\",\"https:\/\/www.instagram.com\/pastoralegiovaniletrento\/\",\"https:\/\/www.youtube.com\/channel\/UCGt7hyJaIQIkrQPos4K6L6w\"],\"openingHoursSpecification\":[{\"@type\":\"OpeningHoursSpecification\",\"dayOfWeek\":[\"Monday\",\"Tuesday\",\"Wednesday\",\"Thursday\",\"Friday\",\"Saturday\",\"Sunday\"],\"opens\":\"09:00\",\"closes\":\"17:00\"}]},{\"@type\":\"ImageObject\",\"inLanguage\":\"it-IT\",\"@id\":\"https:\/\/www.diocesitn.it\/area-annuncio\/2021\/09\/17\/edu-care-incontro-per-animatori-di-gruppi-adolescenti-9-ottobre-2021-a-trento\/#local-main-organization-logo\",\"url\":\"https:\/\/www.diocesitn.it\/area-annuncio\/wp-content\/uploads\/sites\/39\/2021\/09\/og-logo-annuncio-e-sacramenti.jpg\",\"contentUrl\":\"https:\/\/www.diocesitn.it\/area-annuncio\/wp-content\/uploads\/sites\/39\/2021\/09\/og-logo-annuncio-e-sacramenti.jpg\",\"width\":1200,\"height\":630,\"caption\":\"Area Annuncio e Sacramenti - Chiesa di Trento\"}]}<\/script>\n<!-- \/ Yoast SEO Premium plugin. -->","yoast_head_json":{"title":"Edu-care \u2022 Primo incontro per animatori di gruppi adolescenti 9 ottobre 2021 a Trento - Annuncio e Sacramenti - Chiesa di Trento","robots":{"index":"index","follow":"follow","max-snippet":"max-snippet:-1","max-image-preview":"max-image-preview:large","max-video-preview":"max-video-preview:-1"},"canonical":"https:\/\/www.diocesitn.it\/area-annuncio\/2021\/09\/17\/edu-care-incontro-per-animatori-di-gruppi-adolescenti-9-ottobre-2021-a-trento\/","og_locale":"it_IT","og_type":"article","og_title":"Edu-care \u2022 Primo incontro per animatori di gruppi adolescenti 9 ottobre 2021 a Trento","og_description":"Cari animatori, siete pronti a ripartire col vostro gruppo adolescenti? Partiamo insieme! Vi aspettiamo sabato 9 ottobre 2021, dalle 9 alle 17 in seminario, per incontrarci, conoscerci, fare il pieno di entusiasmo e scoprire le","og_url":"https:\/\/www.diocesitn.it\/area-annuncio\/2021\/09\/17\/edu-care-incontro-per-animatori-di-gruppi-adolescenti-9-ottobre-2021-a-trento\/","og_site_name":"Annuncio e Sacramenti","article_publisher":"https:\/\/www.facebook.com\/pastoralegiovanile.trento\/","article_published_time":"2021-09-17T14:05:08+00:00","article_modified_time":"2021-10-08T06:34:38+00:00","og_image":[{"width":600,"height":337,"url":"https:\/\/www.diocesitn.it\/area-annuncio\/wp-content\/uploads\/sites\/39\/2021\/09\/Street-Art_bimbo-che-innaffia-cuore_-Scampi-e1631887441836.jpg","type":"image\/jpeg"}],"author":"ccremonesi","twitter_card":"summary_large_image","twitter_misc":{"Scritto da":"ccremonesi","Tempo di lettura stimato":"1 minuto"},"schema":{"@context":"https:\/\/schema.org","@graph":[{"@type":"Article","@id":"https:\/\/www.diocesitn.it\/area-annuncio\/2021\/09\/17\/edu-care-incontro-per-animatori-di-gruppi-adolescenti-9-ottobre-2021-a-trento\/#article","isPartOf":{"@id":"https:\/\/www.diocesitn.it\/area-annuncio\/2021\/09\/17\/edu-care-incontro-per-animatori-di-gruppi-adolescenti-9-ottobre-2021-a-trento\/"},"author":{"name":"ccremonesi","@id":"https:\/\/www.diocesitn.it\/area-annuncio\/#\/schema\/person\/8963f67519fa0dce29c5ba33955dd0f0"},"headline":"Edu-care \u2022 Primo incontro per animatori di gruppi adolescenti 9 ottobre 2021 a Trento","datePublished":"2021-09-17T14:05:08+00:00","dateModified":"2021-10-08T06:34:38+00:00","mainEntityOfPage":{"@id":"https:\/\/www.diocesitn.it\/area-annuncio\/2021\/09\/17\/edu-care-incontro-per-animatori-di-gruppi-adolescenti-9-ottobre-2021-a-trento\/"},"wordCount":187,"publisher":{"@id":"https:\/\/www.diocesitn.it\/area-annuncio\/#organization"},"image":{"@id":"https:\/\/www.diocesitn.it\/area-annuncio\/2021\/09\/17\/edu-care-incontro-per-animatori-di-gruppi-adolescenti-9-ottobre-2021-a-trento\/#primaryimage"},"thumbnailUrl":"https:\/\/www.diocesitn.it\/area-annuncio\/wp-content\/uploads\/sites\/39\/2021\/09\/Street-Art_bimbo-che-innaffia-cuore_-Scampi-e1631887441836.jpg","articleSection":["Giovani","Notizie"],"inLanguage":"it-IT","copyrightYear":"2021","copyrightHolder":{"@id":"https:\/\/www.diocesitn.it\/#organization"}},{"@type":"WebPage","@id":"https:\/\/www.diocesitn.it\/area-annuncio\/2021\/09\/17\/edu-care-incontro-per-animatori-di-gruppi-adolescenti-9-ottobre-2021-a-trento\/","url":"https:\/\/www.diocesitn.it\/area-annuncio\/2021\/09\/17\/edu-care-incontro-per-animatori-di-gruppi-adolescenti-9-ottobre-2021-a-trento\/","name":"Edu-care \u2022 Primo incontro per animatori di gruppi adolescenti 9 ottobre 2021 a Trento - Annuncio e Sacramenti - Chiesa di Trento","isPartOf":{"@id":"https:\/\/www.diocesitn.it\/area-annuncio\/#website"},"primaryImageOfPage":{"@id":"https:\/\/www.diocesitn.it\/area-annuncio\/2021\/09\/17\/edu-care-incontro-per-animatori-di-gruppi-adolescenti-9-ottobre-2021-a-trento\/#primaryimage"},"image":{"@id":"https:\/\/www.diocesitn.it\/area-annuncio\/2021\/09\/17\/edu-care-incontro-per-animatori-di-gruppi-adolescenti-9-ottobre-2021-a-trento\/#primaryimage"},"thumbnailUrl":"https:\/\/www.diocesitn.it\/area-annuncio\/wp-content\/uploads\/sites\/39\/2021\/09\/Street-Art_bimbo-che-innaffia-cuore_-Scampi-e1631887441836.jpg","datePublished":"2021-09-17T14:05:08+00:00","dateModified":"2021-10-08T06:34:38+00:00","breadcrumb":{"@id":"https:\/\/www.diocesitn.it\/area-annuncio\/2021\/09\/17\/edu-care-incontro-per-animatori-di-gruppi-adolescenti-9-ottobre-2021-a-trento\/#breadcrumb"},"inLanguage":"it-IT","potentialAction":[{"@type":"ReadAction","target":["https:\/\/www.diocesitn.it\/area-annuncio\/2021\/09\/17\/edu-care-incontro-per-animatori-di-gruppi-adolescenti-9-ottobre-2021-a-trento\/"]}]},{"@type":"ImageObject","inLanguage":"it-IT","@id":"https:\/\/www.diocesitn.it\/area-annuncio\/2021\/09\/17\/edu-care-incontro-per-animatori-di-gruppi-adolescenti-9-ottobre-2021-a-trento\/#primaryimage","url":"https:\/\/www.diocesitn.it\/area-annuncio\/wp-content\/uploads\/sites\/39\/2021\/09\/Street-Art_bimbo-che-innaffia-cuore_-Scampi-e1631887441836.jpg","contentUrl":"https:\/\/www.diocesitn.it\/area-annuncio\/wp-content\/uploads\/sites\/39\/2021\/09\/Street-Art_bimbo-che-innaffia-cuore_-Scampi-e1631887441836.jpg","width":600,"height":337},{"@type":"BreadcrumbList","@id":"https:\/\/www.diocesitn.it\/area-annuncio\/2021\/09\/17\/edu-care-incontro-per-animatori-di-gruppi-adolescenti-9-ottobre-2021-a-trento\/#breadcrumb","itemListElement":[{"@type":"ListItem","position":1,"name":"Home","item":"https:\/\/www.diocesitn.it\/area-annuncio\/"},{"@type":"ListItem","position":2,"name":"Edu-care \u2022 Primo incontro per animatori di gruppi adolescenti 9 ottobre 2021 a Trento"}]},{"@type":"WebSite","@id":"https:\/\/www.diocesitn.it\/area-annuncio\/#website","url":"https:\/\/www.diocesitn.it\/area-annuncio\/","name":"Annuncio e Sacramenti","description":"Chiesa di Trento","publisher":{"@id":"https:\/\/www.diocesitn.it\/area-annuncio\/#organization"},"potentialAction":[{"@type":"SearchAction","target":{"@type":"EntryPoint","urlTemplate":"https:\/\/www.diocesitn.it\/area-annuncio\/?s={search_term_string}"},"query-input":"required name=search_term_string"}],"inLanguage":"it-IT"},{"@type":["Organization","Place"],"@id":"https:\/\/www.diocesitn.it\/area-annuncio\/#organization","name":"Area Annuncio e Sacramenti - Chiesa di Trento","url":"https:\/\/www.diocesitn.it\/area-annuncio\/","logo":{"@id":"https:\/\/www.diocesitn.it\/area-annuncio\/2021\/09\/17\/edu-care-incontro-per-animatori-di-gruppi-adolescenti-9-ottobre-2021-a-trento\/#local-main-organization-logo"},"image":{"@id":"https:\/\/www.diocesitn.it\/area-annuncio\/2021\/09\/17\/edu-care-incontro-per-animatori-di-gruppi-adolescenti-9-ottobre-2021-a-trento\/#local-main-organization-logo"},"sameAs":["https:\/\/www.facebook.com\/pastoralegiovanile.trento\/","https:\/\/www.instagram.com\/pastoralegiovaniletrento\/","https:\/\/www.youtube.com\/channel\/UCGt7hyJaIQIkrQPos4K6L6w"],"openingHoursSpecification":[{"@type":"OpeningHoursSpecification","dayOfWeek":["Monday","Tuesday","Wednesday","Thursday","Friday","Saturday","Sunday"],"opens":"09:00","closes":"17:00"}]},{"@type":"ImageObject","inLanguage":"it-IT","@id":"https:\/\/www.diocesitn.it\/area-annuncio\/2021\/09\/17\/edu-care-incontro-per-animatori-di-gruppi-adolescenti-9-ottobre-2021-a-trento\/#local-main-organization-logo","url":"https:\/\/www.diocesitn.it\/area-annuncio\/wp-content\/uploads\/sites\/39\/2021\/09\/og-logo-annuncio-e-sacramenti.jpg","contentUrl":"https:\/\/www.diocesitn.it\/area-annuncio\/wp-content\/uploads\/sites\/39\/2021\/09\/og-logo-annuncio-e-sacramenti.jpg","width":1200,"height":630,"caption":"Area Annuncio e Sacramenti - Chiesa di Trento"}]}},"_links":{"self":[{"href":"https:\/\/www.diocesitn.it\/area-annuncio\/wp-json\/wp\/v2\/posts\/13030","targetHints":{"allow":["GET"]}}],"collection":[{"href":"https:\/\/www.diocesitn.it\/area-annuncio\/wp-json\/wp\/v2\/posts"}],"about":[{"href":"https:\/\/www.diocesitn.it\/area-annuncio\/wp-json\/wp\/v2\/types\/post"}],"author":[{"embeddable":true,"href":"https:\/\/www.diocesitn.it\/area-annuncio\/wp-json\/wp\/v2\/users\/167"}],"replies":[{"embeddable":true,"href":"https:\/\/www.diocesitn.it\/area-annuncio\/wp-json\/wp\/v2\/comments?post=13030"}],"version-history":[{"count":4,"href":"https:\/\/www.diocesitn.it\/area-annuncio\/wp-json\/wp\/v2\/posts\/13030\/revisions"}],"predecessor-version":[{"id":13420,"href":"https:\/\/www.diocesitn.it\/area-annuncio\/wp-json\/wp\/v2\/posts\/13030\/revisions\/13420"}],"wp:featuredmedia":[{"embeddable":true,"href":"https:\/\/www.diocesitn.it\/area-annuncio\/wp-json\/wp\/v2\/media\/13029"}],"wp:attachment":[{"href":"https:\/\/www.diocesitn.it\/area-annuncio\/wp-json\/wp\/v2\/media?parent=13030"}],"wp:term":[{"taxonomy":"category","embeddable":true,"href":"https:\/\/www.diocesitn.it\/area-annuncio\/wp-json\/wp\/v2\/categories?post=13030"},{"taxonomy":"post_tag","embeddable":true,"href":"https:\/\/www.diocesitn.it\/area-annuncio\/wp-json\/wp\/v2\/tags?post=13030"}],"curies":[{"name":"wp","href":"https:\/\/api.w.org\/{rel}","templated":true}]}}