{"id":12769,"date":"2021-08-31T08:50:12","date_gmt":"2021-08-31T06:50:12","guid":{"rendered":"https:\/\/www.diocesitn.it\/area-annuncio\/?p=12769"},"modified":"2021-10-07T10:06:34","modified_gmt":"2021-10-07T08:06:34","slug":"catechesi-di-comunita-formazione-per-equipe","status":"publish","type":"post","link":"https:\/\/www.diocesitn.it\/area-annuncio\/2021\/08\/31\/catechesi-di-comunita-formazione-per-equipe\/","title":{"rendered":"Catechesi di Comunit\u00e0 &#8211; Formazione per \u00e9quipe"},"content":{"rendered":"<p>Si terranno <strong>mercoled\u00ec 22 settembre, marted\u00ec 28 settembre, mercoled\u00ec 29 settembre e mercoled\u00ec 6 ottobre, dalle 20.30 alle 22.00,<\/strong> le serate di formazione rivolte alle <strong>\u00e9quipe<\/strong> delle zone\/realt\u00e0 della nostra diocesi che a novembre sperimenteranno la nuova proposta di<strong> Catechesi di Comunit\u00e0.<\/strong><\/p>\n<p>Potranno inoltre partecipare a questa formazione quanti non sperimenteranno in senso stretto la proposta nella propria parrocchia, ma ne declineranno solo alcuni aspetti.<\/p>\n<p>Si potr\u00e0 partecipare in presenza (Aula Magna Vigilianum &#8211; Trento esibendo il green pass) o a distanza. I posti a disposizione al Vigilianum sono 45. Esauriti questi sar\u00e0 possibile seguire gli incontri on-line.<\/p>\n<p>Invitiamo a partecipare in presenza le \u00e9quipe che sperimenteranno la proposta a partire dal prossimo autunno.<br \/>\nGli altri gruppi\/catechisti sono invitati a partecipare in modalit\u00e0 on-line.<\/p>\n<p><span class=\"JsGRdQ\">Per INFORMAZIONI:<br \/>\nServizio Catechesi, tel: 0461\/891250, 347 0536847; email: catechistico@diocesitn.it<\/span><\/p>\n<p>&nbsp;<\/p>\n<p><strong>Sul sito diocesano sar\u00e0 possibile visionare, anche in un secondo momento, tutte le puntate delle quattro serate di formazione.<\/strong><\/p>\n<p>&nbsp;<\/p>\n<p>Per chi partecipa in presenza \u00e8 a disposizione il <strong>parcheggio del Vigilianum<\/strong> (non quello del Seminario Minore).<\/p>\n<p>&nbsp;<\/p>\n<h6><strong>MATERIALE DELLE SERATE:<\/strong><\/h6>\n<ul>\n<li><a href=\"https:\/\/www.diocesitn.it\/area-annuncio\/wp-content\/uploads\/sites\/39\/2021\/09\/relazione-don-Rolando.pdf\">Relazione di don Rolando Covi, 22 settembre 2021<\/a><\/li>\n<li><a href=\"https:\/\/www.diocesitn.it\/area-annuncio\/wp-content\/uploads\/sites\/39\/2021\/09\/28-SETTEMBRE-d.-Zeni-POWER-POINT.pdf\">Power point di don Stefano Zeni, 28 settembre 2021<\/a><\/li>\n<li><a href=\"https:\/\/www.diocesitn.it\/area-annuncio\/wp-content\/uploads\/sites\/39\/2021\/09\/29-SETTEMBRE-d.-Zeni-POWER-POINT.pdf\">Power point di don Stefano Zeni, 29 settembre 2021<\/a><\/li>\n<li><a href=\"https:\/\/www.diocesitn.it\/area-annuncio\/wp-content\/uploads\/sites\/39\/2021\/10\/relazione-padre-Matteo-Giuliani.pdf\">Relazione di padre Matteo Giuliani, 6 ottobre 2021<\/a><\/li>\n<li><a href=\"https:\/\/www.diocesitn.it\/area-annuncio\/wp-content\/uploads\/sites\/39\/2021\/10\/6-OTTOBRE-p.-Matteo-POWER-POINT.pdf\">Power point di padre Matteo Giuliani, 6 ottobre 2021<\/a><\/li>\n<\/ul>\n<p>&nbsp;<\/p>\n<p><strong><a href=\"https:\/\/www.diocesitn.it\/area-annuncio\/wp-content\/uploads\/sites\/39\/2021\/08\/CATECHESI-DI-COMUNITA9.pdf\">Locandina<\/a><\/strong><\/p>\n","protected":false},"excerpt":{"rendered":"<p>Si terranno mercoled\u00ec 22 settembre, marted\u00ec 28 settembre, mercoled\u00ec 29 settembre e mercoled\u00ec 6 ottobre, dalle 20.30 alle 22.00, le serate di formazione rivolte alle \u00e9quipe delle zone\/realt\u00e0 della nostra diocesi che a novembre sperimenteranno<\/p>\n","protected":false},"author":166,"featured_media":12771,"comment_status":"closed","ping_status":"closed","sticky":false,"template":"","format":"standard","meta":{"footnotes":""},"categories":[623,636,608],"tags":[959,304],"class_list":["post-12769","post","type-post","status-publish","format-standard","has-post-thumbnail","hentry","category-servizio-catechistico-giovani-ufficio-catechistico","category-servizio-catechistico-giovani-formazione-catechisti","category-notizie","tag-catechesi-comunita","tag-formazione"],"acf":{"seed-localization-paese-cod":"IT","seed-localization-address":"","seed-localization-citta":"Trento","seed-localization-regione-cod-istat":"04","seed-localization-citta-cod-istat":"022205","seed-localization-localita":"","seed-localization-cap":"","seed-localization-marker-visibility":false,"seed-localization-children-visibility":false,"seed-localization-kml":"","seed-localization-custom-marker":""},"yoast_head":"<!-- This site is optimized with the Yoast SEO Premium plugin v20.2.1 (Yoast SEO v22.2) - https:\/\/yoast.com\/wordpress\/plugins\/seo\/ -->\n<title>Catechesi di Comunit\u00e0 - Formazione per \u00e9quipe - Annuncio e Sacramenti - Chiesa di Trento<\/title>\n<meta name=\"robots\" content=\"index, follow, max-snippet:-1, max-image-preview:large, max-video-preview:-1\" \/>\n<link rel=\"canonical\" href=\"https:\/\/www.diocesitn.it\/area-annuncio\/2021\/08\/31\/catechesi-di-comunita-formazione-per-equipe\/\" \/>\n<meta property=\"og:locale\" content=\"it_IT\" \/>\n<meta property=\"og:type\" content=\"article\" \/>\n<meta property=\"og:title\" content=\"Catechesi di Comunit\u00e0 - Formazione per \u00e9quipe\" \/>\n<meta property=\"og:description\" content=\"Si terranno mercoled\u00ec 22 settembre, marted\u00ec 28 settembre, mercoled\u00ec 29 settembre e mercoled\u00ec 6 ottobre, dalle 20.30 alle 22.00, le serate di formazione rivolte alle \u00e9quipe delle zone\/realt\u00e0 della nostra diocesi che a novembre sperimenteranno\" \/>\n<meta property=\"og:url\" content=\"https:\/\/www.diocesitn.it\/area-annuncio\/2021\/08\/31\/catechesi-di-comunita-formazione-per-equipe\/\" \/>\n<meta property=\"og:site_name\" content=\"Annuncio e Sacramenti\" \/>\n<meta property=\"article:publisher\" content=\"https:\/\/www.facebook.com\/pastoralegiovanile.trento\/\" \/>\n<meta property=\"article:published_time\" content=\"2021-08-31T06:50:12+00:00\" \/>\n<meta property=\"article:modified_time\" content=\"2021-10-07T08:06:34+00:00\" \/>\n<meta property=\"og:image\" content=\"https:\/\/www.diocesitn.it\/area-annuncio\/wp-content\/uploads\/sites\/39\/2021\/08\/foto-3-per-locand.jpg\" \/>\n\t<meta property=\"og:image:width\" content=\"1050\" \/>\n\t<meta property=\"og:image:height\" content=\"700\" \/>\n\t<meta property=\"og:image:type\" content=\"image\/jpeg\" \/>\n<meta name=\"author\" content=\"bjob\" \/>\n<meta name=\"twitter:card\" content=\"summary_large_image\" \/>\n<meta name=\"twitter:label1\" content=\"Scritto da\" \/>\n\t<meta name=\"twitter:data1\" content=\"bjob\" \/>\n\t<meta name=\"twitter:label2\" content=\"Tempo di lettura stimato\" \/>\n\t<meta name=\"twitter:data2\" content=\"1 minuto\" \/>\n<script type=\"application\/ld+json\" class=\"yoast-schema-graph\">{\"@context\":\"https:\/\/schema.org\",\"@graph\":[{\"@type\":\"Article\",\"@id\":\"https:\/\/www.diocesitn.it\/area-annuncio\/2021\/08\/31\/catechesi-di-comunita-formazione-per-equipe\/#article\",\"isPartOf\":{\"@id\":\"https:\/\/www.diocesitn.it\/area-annuncio\/2021\/08\/31\/catechesi-di-comunita-formazione-per-equipe\/\"},\"author\":{\"name\":\"bjob\",\"@id\":\"https:\/\/www.diocesitn.it\/area-annuncio\/#\/schema\/person\/d7f9cdfa494cf7272dca74ad974f399c\"},\"headline\":\"Catechesi di Comunit\u00e0 &#8211; Formazione per \u00e9quipe\",\"datePublished\":\"2021-08-31T06:50:12+00:00\",\"dateModified\":\"2021-10-07T08:06:34+00:00\",\"mainEntityOfPage\":{\"@id\":\"https:\/\/www.diocesitn.it\/area-annuncio\/2021\/08\/31\/catechesi-di-comunita-formazione-per-equipe\/\"},\"wordCount\":211,\"publisher\":{\"@id\":\"https:\/\/www.diocesitn.it\/area-annuncio\/#organization\"},\"image\":{\"@id\":\"https:\/\/www.diocesitn.it\/area-annuncio\/2021\/08\/31\/catechesi-di-comunita-formazione-per-equipe\/#primaryimage\"},\"thumbnailUrl\":\"https:\/\/www.diocesitn.it\/area-annuncio\/wp-content\/uploads\/sites\/39\/2021\/08\/foto-3-per-locand.jpg\",\"keywords\":[\"catechesi comunit\u00e0\",\"FORMAZIONE\"],\"articleSection\":[\"Catechesi\",\"Formazione catechisti\",\"Notizie\"],\"inLanguage\":\"it-IT\",\"copyrightYear\":\"2021\",\"copyrightHolder\":{\"@id\":\"https:\/\/www.diocesitn.it\/#organization\"}},{\"@type\":\"WebPage\",\"@id\":\"https:\/\/www.diocesitn.it\/area-annuncio\/2021\/08\/31\/catechesi-di-comunita-formazione-per-equipe\/\",\"url\":\"https:\/\/www.diocesitn.it\/area-annuncio\/2021\/08\/31\/catechesi-di-comunita-formazione-per-equipe\/\",\"name\":\"Catechesi di Comunit\u00e0 - Formazione per \u00e9quipe - Annuncio e Sacramenti - Chiesa di Trento\",\"isPartOf\":{\"@id\":\"https:\/\/www.diocesitn.it\/area-annuncio\/#website\"},\"primaryImageOfPage\":{\"@id\":\"https:\/\/www.diocesitn.it\/area-annuncio\/2021\/08\/31\/catechesi-di-comunita-formazione-per-equipe\/#primaryimage\"},\"image\":{\"@id\":\"https:\/\/www.diocesitn.it\/area-annuncio\/2021\/08\/31\/catechesi-di-comunita-formazione-per-equipe\/#primaryimage\"},\"thumbnailUrl\":\"https:\/\/www.diocesitn.it\/area-annuncio\/wp-content\/uploads\/sites\/39\/2021\/08\/foto-3-per-locand.jpg\",\"datePublished\":\"2021-08-31T06:50:12+00:00\",\"dateModified\":\"2021-10-07T08:06:34+00:00\",\"breadcrumb\":{\"@id\":\"https:\/\/www.diocesitn.it\/area-annuncio\/2021\/08\/31\/catechesi-di-comunita-formazione-per-equipe\/#breadcrumb\"},\"inLanguage\":\"it-IT\",\"potentialAction\":[{\"@type\":\"ReadAction\",\"target\":[\"https:\/\/www.diocesitn.it\/area-annuncio\/2021\/08\/31\/catechesi-di-comunita-formazione-per-equipe\/\"]}]},{\"@type\":\"ImageObject\",\"inLanguage\":\"it-IT\",\"@id\":\"https:\/\/www.diocesitn.it\/area-annuncio\/2021\/08\/31\/catechesi-di-comunita-formazione-per-equipe\/#primaryimage\",\"url\":\"https:\/\/www.diocesitn.it\/area-annuncio\/wp-content\/uploads\/sites\/39\/2021\/08\/foto-3-per-locand.jpg\",\"contentUrl\":\"https:\/\/www.diocesitn.it\/area-annuncio\/wp-content\/uploads\/sites\/39\/2021\/08\/foto-3-per-locand.jpg\",\"width\":1050,\"height\":700},{\"@type\":\"BreadcrumbList\",\"@id\":\"https:\/\/www.diocesitn.it\/area-annuncio\/2021\/08\/31\/catechesi-di-comunita-formazione-per-equipe\/#breadcrumb\",\"itemListElement\":[{\"@type\":\"ListItem\",\"position\":1,\"name\":\"Home\",\"item\":\"https:\/\/www.diocesitn.it\/area-annuncio\/\"},{\"@type\":\"ListItem\",\"position\":2,\"name\":\"Catechesi di Comunit\u00e0 &#8211; Formazione per \u00e9quipe\"}]},{\"@type\":\"WebSite\",\"@id\":\"https:\/\/www.diocesitn.it\/area-annuncio\/#website\",\"url\":\"https:\/\/www.diocesitn.it\/area-annuncio\/\",\"name\":\"Annuncio e Sacramenti\",\"description\":\"Chiesa di Trento\",\"publisher\":{\"@id\":\"https:\/\/www.diocesitn.it\/area-annuncio\/#organization\"},\"potentialAction\":[{\"@type\":\"SearchAction\",\"target\":{\"@type\":\"EntryPoint\",\"urlTemplate\":\"https:\/\/www.diocesitn.it\/area-annuncio\/?s={search_term_string}\"},\"query-input\":\"required name=search_term_string\"}],\"inLanguage\":\"it-IT\"},{\"@type\":[\"Organization\",\"Place\"],\"@id\":\"https:\/\/www.diocesitn.it\/area-annuncio\/#organization\",\"name\":\"Area Annuncio e Sacramenti - Chiesa di Trento\",\"url\":\"https:\/\/www.diocesitn.it\/area-annuncio\/\",\"logo\":{\"@id\":\"https:\/\/www.diocesitn.it\/area-annuncio\/2021\/08\/31\/catechesi-di-comunita-formazione-per-equipe\/#local-main-organization-logo\"},\"image\":{\"@id\":\"https:\/\/www.diocesitn.it\/area-annuncio\/2021\/08\/31\/catechesi-di-comunita-formazione-per-equipe\/#local-main-organization-logo\"},\"sameAs\":[\"https:\/\/www.facebook.com\/pastoralegiovanile.trento\/\",\"https:\/\/www.instagram.com\/pastoralegiovaniletrento\/\",\"https:\/\/www.youtube.com\/channel\/UCGt7hyJaIQIkrQPos4K6L6w\"],\"openingHoursSpecification\":[{\"@type\":\"OpeningHoursSpecification\",\"dayOfWeek\":[\"Monday\",\"Tuesday\",\"Wednesday\",\"Thursday\",\"Friday\",\"Saturday\",\"Sunday\"],\"opens\":\"09:00\",\"closes\":\"17:00\"}]},{\"@type\":\"ImageObject\",\"inLanguage\":\"it-IT\",\"@id\":\"https:\/\/www.diocesitn.it\/area-annuncio\/2021\/08\/31\/catechesi-di-comunita-formazione-per-equipe\/#local-main-organization-logo\",\"url\":\"https:\/\/www.diocesitn.it\/area-annuncio\/wp-content\/uploads\/sites\/39\/2021\/09\/og-logo-annuncio-e-sacramenti.jpg\",\"contentUrl\":\"https:\/\/www.diocesitn.it\/area-annuncio\/wp-content\/uploads\/sites\/39\/2021\/09\/og-logo-annuncio-e-sacramenti.jpg\",\"width\":1200,\"height\":630,\"caption\":\"Area Annuncio e Sacramenti - Chiesa di Trento\"}]}<\/script>\n<!-- \/ Yoast SEO Premium plugin. -->","yoast_head_json":{"title":"Catechesi di Comunit\u00e0 - Formazione per \u00e9quipe - Annuncio e Sacramenti - Chiesa di Trento","robots":{"index":"index","follow":"follow","max-snippet":"max-snippet:-1","max-image-preview":"max-image-preview:large","max-video-preview":"max-video-preview:-1"},"canonical":"https:\/\/www.diocesitn.it\/area-annuncio\/2021\/08\/31\/catechesi-di-comunita-formazione-per-equipe\/","og_locale":"it_IT","og_type":"article","og_title":"Catechesi di Comunit\u00e0 - Formazione per \u00e9quipe","og_description":"Si terranno mercoled\u00ec 22 settembre, marted\u00ec 28 settembre, mercoled\u00ec 29 settembre e mercoled\u00ec 6 ottobre, dalle 20.30 alle 22.00, le serate di formazione rivolte alle \u00e9quipe delle zone\/realt\u00e0 della nostra diocesi che a novembre sperimenteranno","og_url":"https:\/\/www.diocesitn.it\/area-annuncio\/2021\/08\/31\/catechesi-di-comunita-formazione-per-equipe\/","og_site_name":"Annuncio e Sacramenti","article_publisher":"https:\/\/www.facebook.com\/pastoralegiovanile.trento\/","article_published_time":"2021-08-31T06:50:12+00:00","article_modified_time":"2021-10-07T08:06:34+00:00","og_image":[{"width":1050,"height":700,"url":"https:\/\/www.diocesitn.it\/area-annuncio\/wp-content\/uploads\/sites\/39\/2021\/08\/foto-3-per-locand.jpg","type":"image\/jpeg"}],"author":"bjob","twitter_card":"summary_large_image","twitter_misc":{"Scritto da":"bjob","Tempo di lettura stimato":"1 minuto"},"schema":{"@context":"https:\/\/schema.org","@graph":[{"@type":"Article","@id":"https:\/\/www.diocesitn.it\/area-annuncio\/2021\/08\/31\/catechesi-di-comunita-formazione-per-equipe\/#article","isPartOf":{"@id":"https:\/\/www.diocesitn.it\/area-annuncio\/2021\/08\/31\/catechesi-di-comunita-formazione-per-equipe\/"},"author":{"name":"bjob","@id":"https:\/\/www.diocesitn.it\/area-annuncio\/#\/schema\/person\/d7f9cdfa494cf7272dca74ad974f399c"},"headline":"Catechesi di Comunit\u00e0 &#8211; Formazione per \u00e9quipe","datePublished":"2021-08-31T06:50:12+00:00","dateModified":"2021-10-07T08:06:34+00:00","mainEntityOfPage":{"@id":"https:\/\/www.diocesitn.it\/area-annuncio\/2021\/08\/31\/catechesi-di-comunita-formazione-per-equipe\/"},"wordCount":211,"publisher":{"@id":"https:\/\/www.diocesitn.it\/area-annuncio\/#organization"},"image":{"@id":"https:\/\/www.diocesitn.it\/area-annuncio\/2021\/08\/31\/catechesi-di-comunita-formazione-per-equipe\/#primaryimage"},"thumbnailUrl":"https:\/\/www.diocesitn.it\/area-annuncio\/wp-content\/uploads\/sites\/39\/2021\/08\/foto-3-per-locand.jpg","keywords":["catechesi comunit\u00e0","FORMAZIONE"],"articleSection":["Catechesi","Formazione catechisti","Notizie"],"inLanguage":"it-IT","copyrightYear":"2021","copyrightHolder":{"@id":"https:\/\/www.diocesitn.it\/#organization"}},{"@type":"WebPage","@id":"https:\/\/www.diocesitn.it\/area-annuncio\/2021\/08\/31\/catechesi-di-comunita-formazione-per-equipe\/","url":"https:\/\/www.diocesitn.it\/area-annuncio\/2021\/08\/31\/catechesi-di-comunita-formazione-per-equipe\/","name":"Catechesi di Comunit\u00e0 - Formazione per \u00e9quipe - Annuncio e Sacramenti - Chiesa di Trento","isPartOf":{"@id":"https:\/\/www.diocesitn.it\/area-annuncio\/#website"},"primaryImageOfPage":{"@id":"https:\/\/www.diocesitn.it\/area-annuncio\/2021\/08\/31\/catechesi-di-comunita-formazione-per-equipe\/#primaryimage"},"image":{"@id":"https:\/\/www.diocesitn.it\/area-annuncio\/2021\/08\/31\/catechesi-di-comunita-formazione-per-equipe\/#primaryimage"},"thumbnailUrl":"https:\/\/www.diocesitn.it\/area-annuncio\/wp-content\/uploads\/sites\/39\/2021\/08\/foto-3-per-locand.jpg","datePublished":"2021-08-31T06:50:12+00:00","dateModified":"2021-10-07T08:06:34+00:00","breadcrumb":{"@id":"https:\/\/www.diocesitn.it\/area-annuncio\/2021\/08\/31\/catechesi-di-comunita-formazione-per-equipe\/#breadcrumb"},"inLanguage":"it-IT","potentialAction":[{"@type":"ReadAction","target":["https:\/\/www.diocesitn.it\/area-annuncio\/2021\/08\/31\/catechesi-di-comunita-formazione-per-equipe\/"]}]},{"@type":"ImageObject","inLanguage":"it-IT","@id":"https:\/\/www.diocesitn.it\/area-annuncio\/2021\/08\/31\/catechesi-di-comunita-formazione-per-equipe\/#primaryimage","url":"https:\/\/www.diocesitn.it\/area-annuncio\/wp-content\/uploads\/sites\/39\/2021\/08\/foto-3-per-locand.jpg","contentUrl":"https:\/\/www.diocesitn.it\/area-annuncio\/wp-content\/uploads\/sites\/39\/2021\/08\/foto-3-per-locand.jpg","width":1050,"height":700},{"@type":"BreadcrumbList","@id":"https:\/\/www.diocesitn.it\/area-annuncio\/2021\/08\/31\/catechesi-di-comunita-formazione-per-equipe\/#breadcrumb","itemListElement":[{"@type":"ListItem","position":1,"name":"Home","item":"https:\/\/www.diocesitn.it\/area-annuncio\/"},{"@type":"ListItem","position":2,"name":"Catechesi di Comunit\u00e0 &#8211; Formazione per \u00e9quipe"}]},{"@type":"WebSite","@id":"https:\/\/www.diocesitn.it\/area-annuncio\/#website","url":"https:\/\/www.diocesitn.it\/area-annuncio\/","name":"Annuncio e Sacramenti","description":"Chiesa di Trento","publisher":{"@id":"https:\/\/www.diocesitn.it\/area-annuncio\/#organization"},"potentialAction":[{"@type":"SearchAction","target":{"@type":"EntryPoint","urlTemplate":"https:\/\/www.diocesitn.it\/area-annuncio\/?s={search_term_string}"},"query-input":"required name=search_term_string"}],"inLanguage":"it-IT"},{"@type":["Organization","Place"],"@id":"https:\/\/www.diocesitn.it\/area-annuncio\/#organization","name":"Area Annuncio e Sacramenti - Chiesa di Trento","url":"https:\/\/www.diocesitn.it\/area-annuncio\/","logo":{"@id":"https:\/\/www.diocesitn.it\/area-annuncio\/2021\/08\/31\/catechesi-di-comunita-formazione-per-equipe\/#local-main-organization-logo"},"image":{"@id":"https:\/\/www.diocesitn.it\/area-annuncio\/2021\/08\/31\/catechesi-di-comunita-formazione-per-equipe\/#local-main-organization-logo"},"sameAs":["https:\/\/www.facebook.com\/pastoralegiovanile.trento\/","https:\/\/www.instagram.com\/pastoralegiovaniletrento\/","https:\/\/www.youtube.com\/channel\/UCGt7hyJaIQIkrQPos4K6L6w"],"openingHoursSpecification":[{"@type":"OpeningHoursSpecification","dayOfWeek":["Monday","Tuesday","Wednesday","Thursday","Friday","Saturday","Sunday"],"opens":"09:00","closes":"17:00"}]},{"@type":"ImageObject","inLanguage":"it-IT","@id":"https:\/\/www.diocesitn.it\/area-annuncio\/2021\/08\/31\/catechesi-di-comunita-formazione-per-equipe\/#local-main-organization-logo","url":"https:\/\/www.diocesitn.it\/area-annuncio\/wp-content\/uploads\/sites\/39\/2021\/09\/og-logo-annuncio-e-sacramenti.jpg","contentUrl":"https:\/\/www.diocesitn.it\/area-annuncio\/wp-content\/uploads\/sites\/39\/2021\/09\/og-logo-annuncio-e-sacramenti.jpg","width":1200,"height":630,"caption":"Area Annuncio e Sacramenti - Chiesa di Trento"}]}},"_links":{"self":[{"href":"https:\/\/www.diocesitn.it\/area-annuncio\/wp-json\/wp\/v2\/posts\/12769","targetHints":{"allow":["GET"]}}],"collection":[{"href":"https:\/\/www.diocesitn.it\/area-annuncio\/wp-json\/wp\/v2\/posts"}],"about":[{"href":"https:\/\/www.diocesitn.it\/area-annuncio\/wp-json\/wp\/v2\/types\/post"}],"author":[{"embeddable":true,"href":"https:\/\/www.diocesitn.it\/area-annuncio\/wp-json\/wp\/v2\/users\/166"}],"replies":[{"embeddable":true,"href":"https:\/\/www.diocesitn.it\/area-annuncio\/wp-json\/wp\/v2\/comments?post=12769"}],"version-history":[{"count":4,"href":"https:\/\/www.diocesitn.it\/area-annuncio\/wp-json\/wp\/v2\/posts\/12769\/revisions"}],"predecessor-version":[{"id":13411,"href":"https:\/\/www.diocesitn.it\/area-annuncio\/wp-json\/wp\/v2\/posts\/12769\/revisions\/13411"}],"wp:featuredmedia":[{"embeddable":true,"href":"https:\/\/www.diocesitn.it\/area-annuncio\/wp-json\/wp\/v2\/media\/12771"}],"wp:attachment":[{"href":"https:\/\/www.diocesitn.it\/area-annuncio\/wp-json\/wp\/v2\/media?parent=12769"}],"wp:term":[{"taxonomy":"category","embeddable":true,"href":"https:\/\/www.diocesitn.it\/area-annuncio\/wp-json\/wp\/v2\/categories?post=12769"},{"taxonomy":"post_tag","embeddable":true,"href":"https:\/\/www.diocesitn.it\/area-annuncio\/wp-json\/wp\/v2\/tags?post=12769"}],"curies":[{"name":"wp","href":"https:\/\/api.w.org\/{rel}","templated":true}]}}