{"id":11059,"date":"2020-12-02T22:00:43","date_gmt":"2020-12-02T21:00:43","guid":{"rendered":"https:\/\/www.diocesitn.it\/area-annuncio\/?p=11059"},"modified":"2020-12-22T11:19:47","modified_gmt":"2020-12-22T10:19:47","slug":"passi-di-vangelo-2-incontro-col-vescovo-lauro-10-dicembre-2020-ore-20-30-diretta-streaming-video","status":"publish","type":"post","link":"https:\/\/www.diocesitn.it\/area-annuncio\/2020\/12\/02\/passi-di-vangelo-2-incontro-col-vescovo-lauro-10-dicembre-2020-ore-20-30-diretta-streaming-video\/","title":{"rendered":"Passi di Vangelo &#8211; 2\u00b0 incontro col vescovo Lauro &#8211; 10 dicembre 2020 ore 20.30 diretta streaming video"},"content":{"rendered":"<p><strong>Gioved\u00ec 10 dicembre \u201cCamminare\u201d, il secondo incontro dei Passi di Vangelo col vescovo Lauro, in diretta streaming video a partire dalle 20.30<\/strong>.<\/p>\n<p>Ad accoglierci troveremo Giovanni, un giovane insegnante, che condivider\u00e0 le sfide e le scoperte della sua quotidianit\u00e0, dove ogni piccolo gesto pu\u00f2 diventare un passo sulla via della felicit\u00e0. Cuore dell\u2019incontro sar\u00e0 il brano delle Beatitudini, tratto dal vangelo secondo Matteo (5,1-12).<\/p>\n<p>&nbsp;<\/p>\n<p><a href=\"https:\/\/youtu.be\/Rc2XW713J64\" target=\"_blank\" rel=\"noopener noreferrer\">Link per la diretta streaming<\/a><\/p>\n<p><a href=\"https:\/\/www.diocesitn.it\/area-annuncio\/wp-content\/uploads\/sites\/39\/2020\/12\/PdV_10_12_2020_Traccia-incontro-A4-per-smartphone-1.pdf\" target=\"_blank\" rel=\"noopener noreferrer\">Traccia per la preghiera per smartphone<\/a><\/p>\n<p><a href=\"https:\/\/www.diocesitn.it\/area-annuncio\/wp-content\/uploads\/sites\/39\/2020\/12\/PdV_10_12_2020_Traccia-incontro-A4-per-stampa-1.pdf\" target=\"_blank\" rel=\"noopener noreferrer\">Traccia per la preghiera per stampa<\/a><\/p>\n<p><a href=\"https:\/\/www.diocesitn.it\/area-annuncio\/wp-content\/uploads\/sites\/39\/2020\/12\/PdV_10_12_2020_Meditazione-vescovo-Lauro.docx\" target=\"_blank\" rel=\"noopener noreferrer\">Meditazione del vescovo Lauro<\/a><\/p>\n","protected":false},"excerpt":{"rendered":"<p>Gioved\u00ec 10 dicembre \u201cCamminare\u201d, il secondo incontro dei Passi di Vangelo col vescovo Lauro, in diretta streaming video a partire dalle 20.30. Ad accoglierci troveremo Giovanni, un giovane insegnante, che condivider\u00e0 le sfide e le<\/p>\n","protected":false},"author":167,"featured_media":11062,"comment_status":"closed","ping_status":"closed","sticky":false,"template":"","format":"standard","meta":{"footnotes":""},"categories":[637,608],"tags":[227,876,240,800],"class_list":["post-11059","post","type-post","status-publish","format-standard","has-post-thumbnail","hentry","category-servizio-catechistico-giovani-giovani","category-notizie","tag-giovani","tag-passi-di-vangelo","tag-preghiera","tag-vescovo-lauro"],"acf":{"seed-localization-paese-cod":"IT","seed-localization-address":"","seed-localization-citta":"Trento","seed-localization-regione-cod-istat":"04","seed-localization-citta-cod-istat":"022205","seed-localization-localita":"","seed-localization-cap":"","seed-localization-marker-visibility":false,"seed-localization-children-visibility":false,"seed-localization-kml":"","seed-localization-custom-marker":""},"yoast_head":"<!-- This site is optimized with the Yoast SEO Premium plugin v20.2.1 (Yoast SEO v22.2) - https:\/\/yoast.com\/wordpress\/plugins\/seo\/ -->\n<title>Passi di Vangelo - 2\u00b0 incontro col vescovo Lauro - 10 dicembre 2020 ore 20.30 diretta streaming video - Annuncio e Sacramenti - Chiesa di Trento<\/title>\n<meta name=\"robots\" content=\"index, follow, max-snippet:-1, max-image-preview:large, max-video-preview:-1\" \/>\n<link rel=\"canonical\" href=\"https:\/\/www.diocesitn.it\/area-annuncio\/2020\/12\/02\/passi-di-vangelo-2-incontro-col-vescovo-lauro-10-dicembre-2020-ore-20-30-diretta-streaming-video\/\" \/>\n<meta property=\"og:locale\" content=\"it_IT\" \/>\n<meta property=\"og:type\" content=\"article\" \/>\n<meta property=\"og:title\" content=\"Passi di Vangelo - 2\u00b0 incontro col vescovo Lauro - 10 dicembre 2020 ore 20.30 diretta streaming video\" \/>\n<meta property=\"og:description\" content=\"Gioved\u00ec 10 dicembre \u201cCamminare\u201d, il secondo incontro dei Passi di Vangelo col vescovo Lauro, in diretta streaming video a partire dalle 20.30. Ad accoglierci troveremo Giovanni, un giovane insegnante, che condivider\u00e0 le sfide e le\" \/>\n<meta property=\"og:url\" content=\"https:\/\/www.diocesitn.it\/area-annuncio\/2020\/12\/02\/passi-di-vangelo-2-incontro-col-vescovo-lauro-10-dicembre-2020-ore-20-30-diretta-streaming-video\/\" \/>\n<meta property=\"og:site_name\" content=\"Annuncio e Sacramenti\" \/>\n<meta property=\"article:publisher\" content=\"https:\/\/www.facebook.com\/pastoralegiovanile.trento\/\" \/>\n<meta property=\"article:published_time\" content=\"2020-12-02T21:00:43+00:00\" \/>\n<meta property=\"article:modified_time\" content=\"2020-12-22T10:19:47+00:00\" \/>\n<meta property=\"og:image\" content=\"https:\/\/www.diocesitn.it\/area-annuncio\/wp-content\/uploads\/sites\/39\/2020\/12\/PdV_2020_12_10_img-per-sito-e1606942659286.png\" \/>\n\t<meta property=\"og:image:width\" content=\"1080\" \/>\n\t<meta property=\"og:image:height\" content=\"607\" \/>\n\t<meta property=\"og:image:type\" content=\"image\/png\" \/>\n<meta name=\"author\" content=\"ccremonesi\" \/>\n<meta name=\"twitter:card\" content=\"summary_large_image\" \/>\n<meta name=\"twitter:label1\" content=\"Scritto da\" \/>\n\t<meta name=\"twitter:data1\" content=\"ccremonesi\" \/>\n<script type=\"application\/ld+json\" class=\"yoast-schema-graph\">{\"@context\":\"https:\/\/schema.org\",\"@graph\":[{\"@type\":\"Article\",\"@id\":\"https:\/\/www.diocesitn.it\/area-annuncio\/2020\/12\/02\/passi-di-vangelo-2-incontro-col-vescovo-lauro-10-dicembre-2020-ore-20-30-diretta-streaming-video\/#article\",\"isPartOf\":{\"@id\":\"https:\/\/www.diocesitn.it\/area-annuncio\/2020\/12\/02\/passi-di-vangelo-2-incontro-col-vescovo-lauro-10-dicembre-2020-ore-20-30-diretta-streaming-video\/\"},\"author\":{\"name\":\"ccremonesi\",\"@id\":\"https:\/\/www.diocesitn.it\/area-annuncio\/#\/schema\/person\/8963f67519fa0dce29c5ba33955dd0f0\"},\"headline\":\"Passi di Vangelo &#8211; 2\u00b0 incontro col vescovo Lauro &#8211; 10 dicembre 2020 ore 20.30 diretta streaming video\",\"datePublished\":\"2020-12-02T21:00:43+00:00\",\"dateModified\":\"2020-12-22T10:19:47+00:00\",\"mainEntityOfPage\":{\"@id\":\"https:\/\/www.diocesitn.it\/area-annuncio\/2020\/12\/02\/passi-di-vangelo-2-incontro-col-vescovo-lauro-10-dicembre-2020-ore-20-30-diretta-streaming-video\/\"},\"wordCount\":99,\"publisher\":{\"@id\":\"https:\/\/www.diocesitn.it\/area-annuncio\/#organization\"},\"image\":{\"@id\":\"https:\/\/www.diocesitn.it\/area-annuncio\/2020\/12\/02\/passi-di-vangelo-2-incontro-col-vescovo-lauro-10-dicembre-2020-ore-20-30-diretta-streaming-video\/#primaryimage\"},\"thumbnailUrl\":\"https:\/\/www.diocesitn.it\/area-annuncio\/wp-content\/uploads\/sites\/39\/2020\/12\/PdV_2020_12_10_img-per-sito-e1606942659286.png\",\"keywords\":[\"Giovani\",\"Passi di vangelo\",\"preghiera\",\"vescovo Lauro\"],\"articleSection\":[\"Giovani\",\"Notizie\"],\"inLanguage\":\"it-IT\",\"copyrightYear\":\"2020\",\"copyrightHolder\":{\"@id\":\"https:\/\/www.diocesitn.it\/#organization\"}},{\"@type\":\"WebPage\",\"@id\":\"https:\/\/www.diocesitn.it\/area-annuncio\/2020\/12\/02\/passi-di-vangelo-2-incontro-col-vescovo-lauro-10-dicembre-2020-ore-20-30-diretta-streaming-video\/\",\"url\":\"https:\/\/www.diocesitn.it\/area-annuncio\/2020\/12\/02\/passi-di-vangelo-2-incontro-col-vescovo-lauro-10-dicembre-2020-ore-20-30-diretta-streaming-video\/\",\"name\":\"Passi di Vangelo - 2\u00b0 incontro col vescovo Lauro - 10 dicembre 2020 ore 20.30 diretta streaming video - Annuncio e Sacramenti - Chiesa di Trento\",\"isPartOf\":{\"@id\":\"https:\/\/www.diocesitn.it\/area-annuncio\/#website\"},\"primaryImageOfPage\":{\"@id\":\"https:\/\/www.diocesitn.it\/area-annuncio\/2020\/12\/02\/passi-di-vangelo-2-incontro-col-vescovo-lauro-10-dicembre-2020-ore-20-30-diretta-streaming-video\/#primaryimage\"},\"image\":{\"@id\":\"https:\/\/www.diocesitn.it\/area-annuncio\/2020\/12\/02\/passi-di-vangelo-2-incontro-col-vescovo-lauro-10-dicembre-2020-ore-20-30-diretta-streaming-video\/#primaryimage\"},\"thumbnailUrl\":\"https:\/\/www.diocesitn.it\/area-annuncio\/wp-content\/uploads\/sites\/39\/2020\/12\/PdV_2020_12_10_img-per-sito-e1606942659286.png\",\"datePublished\":\"2020-12-02T21:00:43+00:00\",\"dateModified\":\"2020-12-22T10:19:47+00:00\",\"breadcrumb\":{\"@id\":\"https:\/\/www.diocesitn.it\/area-annuncio\/2020\/12\/02\/passi-di-vangelo-2-incontro-col-vescovo-lauro-10-dicembre-2020-ore-20-30-diretta-streaming-video\/#breadcrumb\"},\"inLanguage\":\"it-IT\",\"potentialAction\":[{\"@type\":\"ReadAction\",\"target\":[\"https:\/\/www.diocesitn.it\/area-annuncio\/2020\/12\/02\/passi-di-vangelo-2-incontro-col-vescovo-lauro-10-dicembre-2020-ore-20-30-diretta-streaming-video\/\"]}]},{\"@type\":\"ImageObject\",\"inLanguage\":\"it-IT\",\"@id\":\"https:\/\/www.diocesitn.it\/area-annuncio\/2020\/12\/02\/passi-di-vangelo-2-incontro-col-vescovo-lauro-10-dicembre-2020-ore-20-30-diretta-streaming-video\/#primaryimage\",\"url\":\"https:\/\/www.diocesitn.it\/area-annuncio\/wp-content\/uploads\/sites\/39\/2020\/12\/PdV_2020_12_10_img-per-sito-e1606942659286.png\",\"contentUrl\":\"https:\/\/www.diocesitn.it\/area-annuncio\/wp-content\/uploads\/sites\/39\/2020\/12\/PdV_2020_12_10_img-per-sito-e1606942659286.png\",\"width\":1080,\"height\":607},{\"@type\":\"BreadcrumbList\",\"@id\":\"https:\/\/www.diocesitn.it\/area-annuncio\/2020\/12\/02\/passi-di-vangelo-2-incontro-col-vescovo-lauro-10-dicembre-2020-ore-20-30-diretta-streaming-video\/#breadcrumb\",\"itemListElement\":[{\"@type\":\"ListItem\",\"position\":1,\"name\":\"Home\",\"item\":\"https:\/\/www.diocesitn.it\/area-annuncio\/\"},{\"@type\":\"ListItem\",\"position\":2,\"name\":\"Passi di Vangelo &#8211; 2\u00b0 incontro col vescovo Lauro &#8211; 10 dicembre 2020 ore 20.30 diretta streaming video\"}]},{\"@type\":\"WebSite\",\"@id\":\"https:\/\/www.diocesitn.it\/area-annuncio\/#website\",\"url\":\"https:\/\/www.diocesitn.it\/area-annuncio\/\",\"name\":\"Annuncio e Sacramenti\",\"description\":\"Chiesa di Trento\",\"publisher\":{\"@id\":\"https:\/\/www.diocesitn.it\/area-annuncio\/#organization\"},\"potentialAction\":[{\"@type\":\"SearchAction\",\"target\":{\"@type\":\"EntryPoint\",\"urlTemplate\":\"https:\/\/www.diocesitn.it\/area-annuncio\/?s={search_term_string}\"},\"query-input\":\"required name=search_term_string\"}],\"inLanguage\":\"it-IT\"},{\"@type\":[\"Organization\",\"Place\"],\"@id\":\"https:\/\/www.diocesitn.it\/area-annuncio\/#organization\",\"name\":\"Area Annuncio e Sacramenti - Chiesa di Trento\",\"url\":\"https:\/\/www.diocesitn.it\/area-annuncio\/\",\"logo\":{\"@id\":\"https:\/\/www.diocesitn.it\/area-annuncio\/2020\/12\/02\/passi-di-vangelo-2-incontro-col-vescovo-lauro-10-dicembre-2020-ore-20-30-diretta-streaming-video\/#local-main-organization-logo\"},\"image\":{\"@id\":\"https:\/\/www.diocesitn.it\/area-annuncio\/2020\/12\/02\/passi-di-vangelo-2-incontro-col-vescovo-lauro-10-dicembre-2020-ore-20-30-diretta-streaming-video\/#local-main-organization-logo\"},\"sameAs\":[\"https:\/\/www.facebook.com\/pastoralegiovanile.trento\/\",\"https:\/\/www.instagram.com\/pastoralegiovaniletrento\/\",\"https:\/\/www.youtube.com\/channel\/UCGt7hyJaIQIkrQPos4K6L6w\"],\"openingHoursSpecification\":[{\"@type\":\"OpeningHoursSpecification\",\"dayOfWeek\":[\"Monday\",\"Tuesday\",\"Wednesday\",\"Thursday\",\"Friday\",\"Saturday\",\"Sunday\"],\"opens\":\"09:00\",\"closes\":\"17:00\"}]},{\"@type\":\"ImageObject\",\"inLanguage\":\"it-IT\",\"@id\":\"https:\/\/www.diocesitn.it\/area-annuncio\/2020\/12\/02\/passi-di-vangelo-2-incontro-col-vescovo-lauro-10-dicembre-2020-ore-20-30-diretta-streaming-video\/#local-main-organization-logo\",\"url\":\"https:\/\/www.diocesitn.it\/area-annuncio\/wp-content\/uploads\/sites\/39\/2021\/09\/og-logo-annuncio-e-sacramenti.jpg\",\"contentUrl\":\"https:\/\/www.diocesitn.it\/area-annuncio\/wp-content\/uploads\/sites\/39\/2021\/09\/og-logo-annuncio-e-sacramenti.jpg\",\"width\":1200,\"height\":630,\"caption\":\"Area Annuncio e Sacramenti - Chiesa di Trento\"}]}<\/script>\n<!-- \/ Yoast SEO Premium plugin. -->","yoast_head_json":{"title":"Passi di Vangelo - 2\u00b0 incontro col vescovo Lauro - 10 dicembre 2020 ore 20.30 diretta streaming video - Annuncio e Sacramenti - Chiesa di Trento","robots":{"index":"index","follow":"follow","max-snippet":"max-snippet:-1","max-image-preview":"max-image-preview:large","max-video-preview":"max-video-preview:-1"},"canonical":"https:\/\/www.diocesitn.it\/area-annuncio\/2020\/12\/02\/passi-di-vangelo-2-incontro-col-vescovo-lauro-10-dicembre-2020-ore-20-30-diretta-streaming-video\/","og_locale":"it_IT","og_type":"article","og_title":"Passi di Vangelo - 2\u00b0 incontro col vescovo Lauro - 10 dicembre 2020 ore 20.30 diretta streaming video","og_description":"Gioved\u00ec 10 dicembre \u201cCamminare\u201d, il secondo incontro dei Passi di Vangelo col vescovo Lauro, in diretta streaming video a partire dalle 20.30. Ad accoglierci troveremo Giovanni, un giovane insegnante, che condivider\u00e0 le sfide e le","og_url":"https:\/\/www.diocesitn.it\/area-annuncio\/2020\/12\/02\/passi-di-vangelo-2-incontro-col-vescovo-lauro-10-dicembre-2020-ore-20-30-diretta-streaming-video\/","og_site_name":"Annuncio e Sacramenti","article_publisher":"https:\/\/www.facebook.com\/pastoralegiovanile.trento\/","article_published_time":"2020-12-02T21:00:43+00:00","article_modified_time":"2020-12-22T10:19:47+00:00","og_image":[{"width":1080,"height":607,"url":"https:\/\/www.diocesitn.it\/area-annuncio\/wp-content\/uploads\/sites\/39\/2020\/12\/PdV_2020_12_10_img-per-sito-e1606942659286.png","type":"image\/png"}],"author":"ccremonesi","twitter_card":"summary_large_image","twitter_misc":{"Scritto da":"ccremonesi"},"schema":{"@context":"https:\/\/schema.org","@graph":[{"@type":"Article","@id":"https:\/\/www.diocesitn.it\/area-annuncio\/2020\/12\/02\/passi-di-vangelo-2-incontro-col-vescovo-lauro-10-dicembre-2020-ore-20-30-diretta-streaming-video\/#article","isPartOf":{"@id":"https:\/\/www.diocesitn.it\/area-annuncio\/2020\/12\/02\/passi-di-vangelo-2-incontro-col-vescovo-lauro-10-dicembre-2020-ore-20-30-diretta-streaming-video\/"},"author":{"name":"ccremonesi","@id":"https:\/\/www.diocesitn.it\/area-annuncio\/#\/schema\/person\/8963f67519fa0dce29c5ba33955dd0f0"},"headline":"Passi di Vangelo &#8211; 2\u00b0 incontro col vescovo Lauro &#8211; 10 dicembre 2020 ore 20.30 diretta streaming video","datePublished":"2020-12-02T21:00:43+00:00","dateModified":"2020-12-22T10:19:47+00:00","mainEntityOfPage":{"@id":"https:\/\/www.diocesitn.it\/area-annuncio\/2020\/12\/02\/passi-di-vangelo-2-incontro-col-vescovo-lauro-10-dicembre-2020-ore-20-30-diretta-streaming-video\/"},"wordCount":99,"publisher":{"@id":"https:\/\/www.diocesitn.it\/area-annuncio\/#organization"},"image":{"@id":"https:\/\/www.diocesitn.it\/area-annuncio\/2020\/12\/02\/passi-di-vangelo-2-incontro-col-vescovo-lauro-10-dicembre-2020-ore-20-30-diretta-streaming-video\/#primaryimage"},"thumbnailUrl":"https:\/\/www.diocesitn.it\/area-annuncio\/wp-content\/uploads\/sites\/39\/2020\/12\/PdV_2020_12_10_img-per-sito-e1606942659286.png","keywords":["Giovani","Passi di vangelo","preghiera","vescovo Lauro"],"articleSection":["Giovani","Notizie"],"inLanguage":"it-IT","copyrightYear":"2020","copyrightHolder":{"@id":"https:\/\/www.diocesitn.it\/#organization"}},{"@type":"WebPage","@id":"https:\/\/www.diocesitn.it\/area-annuncio\/2020\/12\/02\/passi-di-vangelo-2-incontro-col-vescovo-lauro-10-dicembre-2020-ore-20-30-diretta-streaming-video\/","url":"https:\/\/www.diocesitn.it\/area-annuncio\/2020\/12\/02\/passi-di-vangelo-2-incontro-col-vescovo-lauro-10-dicembre-2020-ore-20-30-diretta-streaming-video\/","name":"Passi di Vangelo - 2\u00b0 incontro col vescovo Lauro - 10 dicembre 2020 ore 20.30 diretta streaming video - Annuncio e Sacramenti - Chiesa di Trento","isPartOf":{"@id":"https:\/\/www.diocesitn.it\/area-annuncio\/#website"},"primaryImageOfPage":{"@id":"https:\/\/www.diocesitn.it\/area-annuncio\/2020\/12\/02\/passi-di-vangelo-2-incontro-col-vescovo-lauro-10-dicembre-2020-ore-20-30-diretta-streaming-video\/#primaryimage"},"image":{"@id":"https:\/\/www.diocesitn.it\/area-annuncio\/2020\/12\/02\/passi-di-vangelo-2-incontro-col-vescovo-lauro-10-dicembre-2020-ore-20-30-diretta-streaming-video\/#primaryimage"},"thumbnailUrl":"https:\/\/www.diocesitn.it\/area-annuncio\/wp-content\/uploads\/sites\/39\/2020\/12\/PdV_2020_12_10_img-per-sito-e1606942659286.png","datePublished":"2020-12-02T21:00:43+00:00","dateModified":"2020-12-22T10:19:47+00:00","breadcrumb":{"@id":"https:\/\/www.diocesitn.it\/area-annuncio\/2020\/12\/02\/passi-di-vangelo-2-incontro-col-vescovo-lauro-10-dicembre-2020-ore-20-30-diretta-streaming-video\/#breadcrumb"},"inLanguage":"it-IT","potentialAction":[{"@type":"ReadAction","target":["https:\/\/www.diocesitn.it\/area-annuncio\/2020\/12\/02\/passi-di-vangelo-2-incontro-col-vescovo-lauro-10-dicembre-2020-ore-20-30-diretta-streaming-video\/"]}]},{"@type":"ImageObject","inLanguage":"it-IT","@id":"https:\/\/www.diocesitn.it\/area-annuncio\/2020\/12\/02\/passi-di-vangelo-2-incontro-col-vescovo-lauro-10-dicembre-2020-ore-20-30-diretta-streaming-video\/#primaryimage","url":"https:\/\/www.diocesitn.it\/area-annuncio\/wp-content\/uploads\/sites\/39\/2020\/12\/PdV_2020_12_10_img-per-sito-e1606942659286.png","contentUrl":"https:\/\/www.diocesitn.it\/area-annuncio\/wp-content\/uploads\/sites\/39\/2020\/12\/PdV_2020_12_10_img-per-sito-e1606942659286.png","width":1080,"height":607},{"@type":"BreadcrumbList","@id":"https:\/\/www.diocesitn.it\/area-annuncio\/2020\/12\/02\/passi-di-vangelo-2-incontro-col-vescovo-lauro-10-dicembre-2020-ore-20-30-diretta-streaming-video\/#breadcrumb","itemListElement":[{"@type":"ListItem","position":1,"name":"Home","item":"https:\/\/www.diocesitn.it\/area-annuncio\/"},{"@type":"ListItem","position":2,"name":"Passi di Vangelo &#8211; 2\u00b0 incontro col vescovo Lauro &#8211; 10 dicembre 2020 ore 20.30 diretta streaming video"}]},{"@type":"WebSite","@id":"https:\/\/www.diocesitn.it\/area-annuncio\/#website","url":"https:\/\/www.diocesitn.it\/area-annuncio\/","name":"Annuncio e Sacramenti","description":"Chiesa di Trento","publisher":{"@id":"https:\/\/www.diocesitn.it\/area-annuncio\/#organization"},"potentialAction":[{"@type":"SearchAction","target":{"@type":"EntryPoint","urlTemplate":"https:\/\/www.diocesitn.it\/area-annuncio\/?s={search_term_string}"},"query-input":"required name=search_term_string"}],"inLanguage":"it-IT"},{"@type":["Organization","Place"],"@id":"https:\/\/www.diocesitn.it\/area-annuncio\/#organization","name":"Area Annuncio e Sacramenti - Chiesa di Trento","url":"https:\/\/www.diocesitn.it\/area-annuncio\/","logo":{"@id":"https:\/\/www.diocesitn.it\/area-annuncio\/2020\/12\/02\/passi-di-vangelo-2-incontro-col-vescovo-lauro-10-dicembre-2020-ore-20-30-diretta-streaming-video\/#local-main-organization-logo"},"image":{"@id":"https:\/\/www.diocesitn.it\/area-annuncio\/2020\/12\/02\/passi-di-vangelo-2-incontro-col-vescovo-lauro-10-dicembre-2020-ore-20-30-diretta-streaming-video\/#local-main-organization-logo"},"sameAs":["https:\/\/www.facebook.com\/pastoralegiovanile.trento\/","https:\/\/www.instagram.com\/pastoralegiovaniletrento\/","https:\/\/www.youtube.com\/channel\/UCGt7hyJaIQIkrQPos4K6L6w"],"openingHoursSpecification":[{"@type":"OpeningHoursSpecification","dayOfWeek":["Monday","Tuesday","Wednesday","Thursday","Friday","Saturday","Sunday"],"opens":"09:00","closes":"17:00"}]},{"@type":"ImageObject","inLanguage":"it-IT","@id":"https:\/\/www.diocesitn.it\/area-annuncio\/2020\/12\/02\/passi-di-vangelo-2-incontro-col-vescovo-lauro-10-dicembre-2020-ore-20-30-diretta-streaming-video\/#local-main-organization-logo","url":"https:\/\/www.diocesitn.it\/area-annuncio\/wp-content\/uploads\/sites\/39\/2021\/09\/og-logo-annuncio-e-sacramenti.jpg","contentUrl":"https:\/\/www.diocesitn.it\/area-annuncio\/wp-content\/uploads\/sites\/39\/2021\/09\/og-logo-annuncio-e-sacramenti.jpg","width":1200,"height":630,"caption":"Area Annuncio e Sacramenti - Chiesa di Trento"}]}},"_links":{"self":[{"href":"https:\/\/www.diocesitn.it\/area-annuncio\/wp-json\/wp\/v2\/posts\/11059","targetHints":{"allow":["GET"]}}],"collection":[{"href":"https:\/\/www.diocesitn.it\/area-annuncio\/wp-json\/wp\/v2\/posts"}],"about":[{"href":"https:\/\/www.diocesitn.it\/area-annuncio\/wp-json\/wp\/v2\/types\/post"}],"author":[{"embeddable":true,"href":"https:\/\/www.diocesitn.it\/area-annuncio\/wp-json\/wp\/v2\/users\/167"}],"replies":[{"embeddable":true,"href":"https:\/\/www.diocesitn.it\/area-annuncio\/wp-json\/wp\/v2\/comments?post=11059"}],"version-history":[{"count":3,"href":"https:\/\/www.diocesitn.it\/area-annuncio\/wp-json\/wp\/v2\/posts\/11059\/revisions"}],"predecessor-version":[{"id":11238,"href":"https:\/\/www.diocesitn.it\/area-annuncio\/wp-json\/wp\/v2\/posts\/11059\/revisions\/11238"}],"wp:featuredmedia":[{"embeddable":true,"href":"https:\/\/www.diocesitn.it\/area-annuncio\/wp-json\/wp\/v2\/media\/11062"}],"wp:attachment":[{"href":"https:\/\/www.diocesitn.it\/area-annuncio\/wp-json\/wp\/v2\/media?parent=11059"}],"wp:term":[{"taxonomy":"category","embeddable":true,"href":"https:\/\/www.diocesitn.it\/area-annuncio\/wp-json\/wp\/v2\/categories?post=11059"},{"taxonomy":"post_tag","embeddable":true,"href":"https:\/\/www.diocesitn.it\/area-annuncio\/wp-json\/wp\/v2\/tags?post=11059"}],"curies":[{"name":"wp","href":"https:\/\/api.w.org\/{rel}","templated":true}]}}